{"id":133563,"date":"2025-07-25T01:02:02","date_gmt":"2025-07-25T06:02:02","guid":{"rendered":"https:\/\/www.quebakan.com\/v15\/?p=133563"},"modified":"2025-07-25T01:02:02","modified_gmt":"2025-07-25T06:02:02","slug":"el-80-de-las-enfermedades-cronicas-se-pueden-prevenir-con-autocuidado-un-pilar-clave-para-la-sostenibilidad-del-sistema-de-salud","status":"publish","type":"post","link":"https:\/\/www.quebakan.com\/v15\/el-80-de-las-enfermedades-cronicas-se-pueden-prevenir-con-autocuidado-un-pilar-clave-para-la-sostenibilidad-del-sistema-de-salud\/","title":{"rendered":"El 80% de las enfermedades cr\u00f3nicas se pueden prevenir con autocuidado: un pilar clave para la sostenibilidad del sistema de salud."},"content":{"rendered":"<p><img fetchpriority=\"high\" decoding=\"async\" class=\"aligncenter size-full wp-image-133564\" src=\"https:\/\/www.quebakan.com\/v15\/wp-content\/uploads\/2025\/07\/Dia-del-Autocuidado.jpg\" alt=\"\" width=\"700\" height=\"467\" \/><\/p>\n<p style=\"text-align: justify;\"><span style=\"color: #000000;\"><strong>Quito, julio 2025.-<\/strong> Julio es el mes del autocuidado y cada 24 de julio se celebra su D\u00eda Mundial, una fecha que cobra especial importancia en un momento en que los sistemas de salud, sobre todo en Am\u00e9rica Latina, est\u00e1n bajo una creciente presi\u00f3n debido al aumento de enfermedades cr\u00f3nicas no transmisibles.<\/span><\/p>\n<p style=\"text-align: justify;\"><span style=\"color: #000000;\">En este contexto, el autocuidado \u2014que la Organizaci\u00f3n Mundial de la Salud (OMS) define como la capacidad de las personas, familias y comunidades para promover la salud, prevenir enfermedades y gestionarlas con o sin ayuda profesional\u2014 se establece como una herramienta fundamental para fortalecer la salud p\u00fablica y asegurar la sostenibilidad del sistema sanitario.<\/span><\/p>\n<p style=\"text-align: justify;\"><span style=\"color: #000000;\">De acuerdo con datos de la Organizaci\u00f3n Panamericana de la Salud (OPS), las enfermedades no transmisibles (ENT) son responsables del 71% de las muertes en todo el mundo. En las Am\u00e9ricas, causan 5,5 millones de muertes cada a\u00f1o, de las cuales 2,2 millones ocurren antes de los 70 a\u00f1os. Enfermedades como las cardiovasculares, el c\u00e1ncer, la diabetes y las enfermedades respiratorias cr\u00f3nicas tienen algo en com\u00fan: son altamente prevenibles a trav\u00e9s de h\u00e1bitos de vida saludables.<\/span><\/p>\n<p style=\"text-align: justify;\"><span style=\"color: #000000;\"><strong>Una soluci\u00f3n preventiva y sostenible <\/strong><\/span><\/p>\n<p style=\"text-align: justify;\"><span style=\"color: #000000;\">El autocuidado, entendido como la toma de decisiones conscientes para mantener la salud f\u00edsica y mental, tiene el potencial de reducir significativamente la carga de enfermedades que se pueden evitar.<\/span><\/p>\n<p style=\"text-align: justify;\"><span style=\"color: #000000;\">Seg\u00fan la Federaci\u00f3n Global de Autocuidado, esta pr\u00e1ctica podr\u00eda generar un ahorro global de hasta 119 mil millones de d\u00f3lares anuales en los sistemas de salud. En Am\u00e9rica Latina, esto podr\u00eda traducirse en una reducci\u00f3n de hasta 7.200 millones de d\u00f3lares al a\u00f1o en costos m\u00e9dicos.<\/span><\/p>\n<p style=\"text-align: justify;\"><span style=\"color: #000000;\">M\u00e1s all\u00e1 del impacto econ\u00f3mico, el autocuidado promueve una ciudadan\u00eda m\u00e1s informada, activa y responsable en la gesti\u00f3n de su bienestar, puesto que, fomenta la prevenci\u00f3n primaria a trav\u00e9s de una alimentaci\u00f3n equilibrada, la actividad f\u00edsica regular, control de peso, manejo del estr\u00e9s y chequeos m\u00e9dicos peri\u00f3dicos. Estas acciones ayudan a reducir la incidencia de enfermedades como la diabetes tipo 2, la hipertensi\u00f3n y los problemas cardiovasculares, que actualmente son las principales causas de muerte en pa\u00edses como Ecuador.<\/span><\/p>\n<p style=\"text-align: justify;\"><span style=\"color: #000000;\"><strong>Ecuador: el reto de cambiar h\u00e1bitos <\/strong><\/span><\/p>\n<p style=\"text-align: justify;\"><span style=\"color: #000000;\">En el pa\u00eds, seg\u00fan datos del Ministerio de Salud P\u00fablica, las enfermedades cardiovasculares son la principal causa de muerte, representando el 24% del total de defunciones. La diabetes afecta al 5,53% de la poblaci\u00f3n, y la mayor\u00eda de los casos son prevenibles. Sin embargo, solo el 35% de los ecuatorianos se ejercita de manera regular, y m\u00e1s del 60% consume dietas altas en az\u00facares y grasas saturadas, lo que aumenta el riesgo de enfermedades metab\u00f3licas y cr\u00f3nicas.<\/span><\/p>\n<p style=\"text-align: justify;\"><span style=\"color: #000000;\">Un dato impactante, proporcionado por la OMS, se\u00f1ala que hasta el 80% de las enfermedades cr\u00f3nicas podr\u00edan evitarse adoptando estilos de vida saludables centrados en el autocuidado. Esta cifra no solo representa un desaf\u00edo, sino tambi\u00e9n una gran oportunidad: empoderar a las personas a trav\u00e9s de la educaci\u00f3n en salud, el uso responsable de medicamentos y diagn\u00f3sticos, y el acceso a herramientas digitales que faciliten una gesti\u00f3n aut\u00f3noma y efectiva de su bienestar.<\/span><\/p>\n<p style=\"text-align: justify;\"><span style=\"color: #000000;\"><strong>Un llamado a la acci\u00f3n desde la salud p\u00fablica <\/strong><\/span><\/p>\n<p style=\"text-align: justify;\"><span style=\"color: #000000;\">Reconocer el autocuidado como un pilar del sistema de salud implica tambi\u00e9n redirigir los esfuerzos hacia la prevenci\u00f3n y la corresponsabilidad. Fomentar esta pr\u00e1ctica ayuda a descongestionar los servicios m\u00e9dicos, liberar recursos para atender casos complejos y generar un impacto positivo en la productividad nacional.<\/span><\/p>\n<p style=\"text-align: justify;\"><span style=\"color: #000000;\">Durante julio, instituciones, profesionales de la salud y organizaciones como la Industria Farmac\u00e9utica de Investigaci\u00f3n e Innovaci\u00f3n (IFI) impulsan el autocuidado como un aliado clave para el futuro de la salud p\u00fablica. Promover el autocuidado es avanzar hacia un sistema m\u00e1s sostenible, eficiente y centrado en las personas.<\/span><\/p>\n","protected":false},"excerpt":{"rendered":"<p>Quito, julio 2025.- Julio es el mes del autocuidado y cada 24 de julio se celebra su D\u00eda Mundial, una fecha que cobra especial importancia en un momento en que los sistemas de salud, sobre todo en Am\u00e9rica Latina, est\u00e1n bajo una creciente presi\u00f3n debido al aumento de enfermedades cr\u00f3nicas no transmisibles. En este contexto, [&hellip;]<\/p>\n","protected":false},"author":4,"featured_media":133564,"comment_status":"closed","ping_status":"closed","sticky":false,"template":"","format":"standard","meta":{"_bbp_topic_count":0,"_bbp_reply_count":0,"_bbp_total_topic_count":0,"_bbp_total_reply_count":0,"_bbp_voice_count":0,"_bbp_anonymous_reply_count":0,"_bbp_topic_count_hidden":0,"_bbp_reply_count_hidden":0,"_bbp_forum_subforum_count":0,"buzzeditor_post_format":"","footnotes":""},"categories":[2],"tags":[],"class_list":["post-133563","post","type-post","status-publish","format-standard","has-post-thumbnail","hentry","category-noticias"],"yoast_head":"<!-- This site is optimized with the Yoast SEO plugin v27.5 - https:\/\/yoast.com\/product\/yoast-seo-wordpress\/ -->\n<title>El 80% de las enfermedades cr\u00f3nicas se pueden prevenir con autocuidado: un pilar clave para la sostenibilidad del sistema de salud. &#8211; QUEBAKAN.COM 2026: Noticias, Eventos, Conciertos y mucho m\u00e1s....<\/title>\n<meta name=\"robots\" content=\"index, follow, max-snippet:-1, max-image-preview:large, max-video-preview:-1\" \/>\n<link rel=\"canonical\" href=\"https:\/\/www.quebakan.com\/v15\/el-80-de-las-enfermedades-cronicas-se-pueden-prevenir-con-autocuidado-un-pilar-clave-para-la-sostenibilidad-del-sistema-de-salud\/\" \/>\n<meta property=\"og:locale\" content=\"es_ES\" \/>\n<meta property=\"og:type\" content=\"article\" \/>\n<meta property=\"og:title\" content=\"El 80% de las enfermedades cr\u00f3nicas se pueden prevenir con autocuidado: un pilar clave para la sostenibilidad del sistema de salud. &#8211; QUEBAKAN.COM 2026: Noticias, Eventos, Conciertos y mucho m\u00e1s....\" \/>\n<meta property=\"og:description\" content=\"Quito, julio 2025.- Julio es el mes del autocuidado y cada 24 de julio se celebra su D\u00eda Mundial, una fecha que cobra especial importancia en un momento en que los sistemas de salud, sobre todo en Am\u00e9rica Latina, est\u00e1n bajo una creciente presi\u00f3n debido al aumento de enfermedades cr\u00f3nicas no transmisibles. En este contexto, [&hellip;]\" \/>\n<meta property=\"og:url\" content=\"https:\/\/www.quebakan.com\/v15\/el-80-de-las-enfermedades-cronicas-se-pueden-prevenir-con-autocuidado-un-pilar-clave-para-la-sostenibilidad-del-sistema-de-salud\/\" \/>\n<meta property=\"og:site_name\" content=\"QUEBAKAN.COM 2026: Noticias, Eventos, Conciertos y mucho m\u00e1s....\" \/>\n<meta property=\"article:publisher\" content=\"http:\/\/www.facebook.com\/quebakan\" \/>\n<meta property=\"article:published_time\" content=\"2025-07-25T06:02:02+00:00\" \/>\n<meta property=\"og:image\" content=\"https:\/\/www.quebakan.com\/v15\/wp-content\/uploads\/2025\/07\/Dia-del-Autocuidado.jpg\" \/>\n\t<meta property=\"og:image:width\" content=\"700\" \/>\n\t<meta property=\"og:image:height\" content=\"467\" \/>\n\t<meta property=\"og:image:type\" content=\"image\/jpeg\" \/>\n<meta name=\"author\" content=\"Erick Villafuerte\" \/>\n<meta name=\"twitter:card\" content=\"summary_large_image\" \/>\n<meta name=\"twitter:creator\" content=\"@quebakanec\" \/>\n<meta name=\"twitter:site\" content=\"@quebakanec\" \/>\n<meta name=\"twitter:label1\" content=\"Escrito por\" \/>\n\t<meta name=\"twitter:data1\" content=\"Erick Villafuerte\" \/>\n\t<meta name=\"twitter:label2\" content=\"Tiempo de lectura\" \/>\n\t<meta name=\"twitter:data2\" content=\"4 minutos\" \/>\n<script type=\"application\/ld+json\" class=\"yoast-schema-graph\">{\"@context\":\"https:\\\/\\\/schema.org\",\"@graph\":[{\"@type\":\"Article\",\"@id\":\"https:\\\/\\\/www.quebakan.com\\\/v15\\\/el-80-de-las-enfermedades-cronicas-se-pueden-prevenir-con-autocuidado-un-pilar-clave-para-la-sostenibilidad-del-sistema-de-salud\\\/#article\",\"isPartOf\":{\"@id\":\"https:\\\/\\\/www.quebakan.com\\\/v15\\\/el-80-de-las-enfermedades-cronicas-se-pueden-prevenir-con-autocuidado-un-pilar-clave-para-la-sostenibilidad-del-sistema-de-salud\\\/\"},\"author\":{\"name\":\"Erick Villafuerte\",\"@id\":\"https:\\\/\\\/www.quebakan.com\\\/v15\\\/#\\\/schema\\\/person\\\/d90fa9f9cfa81eb8ace9811e5b7b9118\"},\"headline\":\"El 80% de las enfermedades cr\u00f3nicas se pueden prevenir con autocuidado: un pilar clave para la sostenibilidad del sistema de salud.\",\"datePublished\":\"2025-07-25T06:02:02+00:00\",\"mainEntityOfPage\":{\"@id\":\"https:\\\/\\\/www.quebakan.com\\\/v15\\\/el-80-de-las-enfermedades-cronicas-se-pueden-prevenir-con-autocuidado-un-pilar-clave-para-la-sostenibilidad-del-sistema-de-salud\\\/\"},\"wordCount\":682,\"publisher\":{\"@id\":\"https:\\\/\\\/www.quebakan.com\\\/v15\\\/#organization\"},\"image\":{\"@id\":\"https:\\\/\\\/www.quebakan.com\\\/v15\\\/el-80-de-las-enfermedades-cronicas-se-pueden-prevenir-con-autocuidado-un-pilar-clave-para-la-sostenibilidad-del-sistema-de-salud\\\/#primaryimage\"},\"thumbnailUrl\":\"https:\\\/\\\/www.quebakan.com\\\/v15\\\/wp-content\\\/uploads\\\/2025\\\/07\\\/Dia-del-Autocuidado.jpg\",\"articleSection\":[\"Noticias\"],\"inLanguage\":\"es\"},{\"@type\":\"WebPage\",\"@id\":\"https:\\\/\\\/www.quebakan.com\\\/v15\\\/el-80-de-las-enfermedades-cronicas-se-pueden-prevenir-con-autocuidado-un-pilar-clave-para-la-sostenibilidad-del-sistema-de-salud\\\/\",\"url\":\"https:\\\/\\\/www.quebakan.com\\\/v15\\\/el-80-de-las-enfermedades-cronicas-se-pueden-prevenir-con-autocuidado-un-pilar-clave-para-la-sostenibilidad-del-sistema-de-salud\\\/\",\"name\":\"El 80% de las enfermedades cr\u00f3nicas se pueden prevenir con autocuidado: un pilar clave para la sostenibilidad del sistema de salud. &#8211; QUEBAKAN.COM 2026: Noticias, Eventos, Conciertos y mucho m\u00e1s....\",\"isPartOf\":{\"@id\":\"https:\\\/\\\/www.quebakan.com\\\/v15\\\/#website\"},\"primaryImageOfPage\":{\"@id\":\"https:\\\/\\\/www.quebakan.com\\\/v15\\\/el-80-de-las-enfermedades-cronicas-se-pueden-prevenir-con-autocuidado-un-pilar-clave-para-la-sostenibilidad-del-sistema-de-salud\\\/#primaryimage\"},\"image\":{\"@id\":\"https:\\\/\\\/www.quebakan.com\\\/v15\\\/el-80-de-las-enfermedades-cronicas-se-pueden-prevenir-con-autocuidado-un-pilar-clave-para-la-sostenibilidad-del-sistema-de-salud\\\/#primaryimage\"},\"thumbnailUrl\":\"https:\\\/\\\/www.quebakan.com\\\/v15\\\/wp-content\\\/uploads\\\/2025\\\/07\\\/Dia-del-Autocuidado.jpg\",\"datePublished\":\"2025-07-25T06:02:02+00:00\",\"breadcrumb\":{\"@id\":\"https:\\\/\\\/www.quebakan.com\\\/v15\\\/el-80-de-las-enfermedades-cronicas-se-pueden-prevenir-con-autocuidado-un-pilar-clave-para-la-sostenibilidad-del-sistema-de-salud\\\/#breadcrumb\"},\"inLanguage\":\"es\",\"potentialAction\":[{\"@type\":\"ReadAction\",\"target\":[\"https:\\\/\\\/www.quebakan.com\\\/v15\\\/el-80-de-las-enfermedades-cronicas-se-pueden-prevenir-con-autocuidado-un-pilar-clave-para-la-sostenibilidad-del-sistema-de-salud\\\/\"]}]},{\"@type\":\"ImageObject\",\"inLanguage\":\"es\",\"@id\":\"https:\\\/\\\/www.quebakan.com\\\/v15\\\/el-80-de-las-enfermedades-cronicas-se-pueden-prevenir-con-autocuidado-un-pilar-clave-para-la-sostenibilidad-del-sistema-de-salud\\\/#primaryimage\",\"url\":\"https:\\\/\\\/www.quebakan.com\\\/v15\\\/wp-content\\\/uploads\\\/2025\\\/07\\\/Dia-del-Autocuidado.jpg\",\"contentUrl\":\"https:\\\/\\\/www.quebakan.com\\\/v15\\\/wp-content\\\/uploads\\\/2025\\\/07\\\/Dia-del-Autocuidado.jpg\",\"width\":700,\"height\":467},{\"@type\":\"BreadcrumbList\",\"@id\":\"https:\\\/\\\/www.quebakan.com\\\/v15\\\/el-80-de-las-enfermedades-cronicas-se-pueden-prevenir-con-autocuidado-un-pilar-clave-para-la-sostenibilidad-del-sistema-de-salud\\\/#breadcrumb\",\"itemListElement\":[{\"@type\":\"ListItem\",\"position\":1,\"name\":\"Portada\",\"item\":\"https:\\\/\\\/www.quebakan.com\\\/v15\\\/\"},{\"@type\":\"ListItem\",\"position\":2,\"name\":\"El 80% de las enfermedades cr\u00f3nicas se pueden prevenir con autocuidado: un pilar clave para la sostenibilidad del sistema de salud.\"}]},{\"@type\":\"WebSite\",\"@id\":\"https:\\\/\\\/www.quebakan.com\\\/v15\\\/#website\",\"url\":\"https:\\\/\\\/www.quebakan.com\\\/v15\\\/\",\"name\":\"QUEBAKAN\",\"description\":\"..\",\"publisher\":{\"@id\":\"https:\\\/\\\/www.quebakan.com\\\/v15\\\/#organization\"},\"potentialAction\":[{\"@type\":\"SearchAction\",\"target\":{\"@type\":\"EntryPoint\",\"urlTemplate\":\"https:\\\/\\\/www.quebakan.com\\\/v15\\\/?s={search_term_string}\"},\"query-input\":{\"@type\":\"PropertyValueSpecification\",\"valueRequired\":true,\"valueName\":\"search_term_string\"}}],\"inLanguage\":\"es\"},{\"@type\":\"Organization\",\"@id\":\"https:\\\/\\\/www.quebakan.com\\\/v15\\\/#organization\",\"name\":\"Quebakan.com\",\"url\":\"https:\\\/\\\/www.quebakan.com\\\/v15\\\/\",\"logo\":{\"@type\":\"ImageObject\",\"inLanguage\":\"es\",\"@id\":\"https:\\\/\\\/www.quebakan.com\\\/v15\\\/#\\\/schema\\\/logo\\\/image\\\/\",\"url\":\"https:\\\/\\\/www.quebakan.com\\\/v15\\\/wp-content\\\/uploads\\\/2023\\\/07\\\/logoquebakanenero2021.jpg\",\"contentUrl\":\"https:\\\/\\\/www.quebakan.com\\\/v15\\\/wp-content\\\/uploads\\\/2023\\\/07\\\/logoquebakanenero2021.jpg\",\"width\":1920,\"height\":1080,\"caption\":\"Quebakan.com\"},\"image\":{\"@id\":\"https:\\\/\\\/www.quebakan.com\\\/v15\\\/#\\\/schema\\\/logo\\\/image\\\/\"},\"sameAs\":[\"http:\\\/\\\/www.facebook.com\\\/quebakan\",\"https:\\\/\\\/x.com\\\/quebakanec\",\"http:\\\/\\\/www.instagram.com\\\/quebakan\",\"http:\\\/\\\/www.youtube.com\\\/quebakan1\"]},{\"@type\":\"Person\",\"@id\":\"https:\\\/\\\/www.quebakan.com\\\/v15\\\/#\\\/schema\\\/person\\\/d90fa9f9cfa81eb8ace9811e5b7b9118\",\"name\":\"Erick Villafuerte\",\"image\":{\"@type\":\"ImageObject\",\"inLanguage\":\"es\",\"@id\":\"https:\\\/\\\/www.quebakan.com\\\/v15\\\/wp-content\\\/uploads\\\/avatars\\\/4\\\/1731297654-bpfull.png\",\"url\":\"https:\\\/\\\/www.quebakan.com\\\/v15\\\/wp-content\\\/uploads\\\/avatars\\\/4\\\/1731297654-bpfull.png\",\"contentUrl\":\"https:\\\/\\\/www.quebakan.com\\\/v15\\\/wp-content\\\/uploads\\\/avatars\\\/4\\\/1731297654-bpfull.png\",\"caption\":\"Erick Villafuerte\"}}]}<\/script>\n<!-- \/ Yoast SEO plugin. -->","yoast_head_json":{"title":"El 80% de las enfermedades cr\u00f3nicas se pueden prevenir con autocuidado: un pilar clave para la sostenibilidad del sistema de salud. &#8211; QUEBAKAN.COM 2026: Noticias, Eventos, Conciertos y mucho m\u00e1s....","robots":{"index":"index","follow":"follow","max-snippet":"max-snippet:-1","max-image-preview":"max-image-preview:large","max-video-preview":"max-video-preview:-1"},"canonical":"https:\/\/www.quebakan.com\/v15\/el-80-de-las-enfermedades-cronicas-se-pueden-prevenir-con-autocuidado-un-pilar-clave-para-la-sostenibilidad-del-sistema-de-salud\/","og_locale":"es_ES","og_type":"article","og_title":"El 80% de las enfermedades cr\u00f3nicas se pueden prevenir con autocuidado: un pilar clave para la sostenibilidad del sistema de salud. &#8211; QUEBAKAN.COM 2026: Noticias, Eventos, Conciertos y mucho m\u00e1s....","og_description":"Quito, julio 2025.- Julio es el mes del autocuidado y cada 24 de julio se celebra su D\u00eda Mundial, una fecha que cobra especial importancia en un momento en que los sistemas de salud, sobre todo en Am\u00e9rica Latina, est\u00e1n bajo una creciente presi\u00f3n debido al aumento de enfermedades cr\u00f3nicas no transmisibles. En este contexto, [&hellip;]","og_url":"https:\/\/www.quebakan.com\/v15\/el-80-de-las-enfermedades-cronicas-se-pueden-prevenir-con-autocuidado-un-pilar-clave-para-la-sostenibilidad-del-sistema-de-salud\/","og_site_name":"QUEBAKAN.COM 2026: Noticias, Eventos, Conciertos y mucho m\u00e1s....","article_publisher":"http:\/\/www.facebook.com\/quebakan","article_published_time":"2025-07-25T06:02:02+00:00","og_image":[{"width":700,"height":467,"url":"https:\/\/www.quebakan.com\/v15\/wp-content\/uploads\/2025\/07\/Dia-del-Autocuidado.jpg","type":"image\/jpeg"}],"author":"Erick Villafuerte","twitter_card":"summary_large_image","twitter_creator":"@quebakanec","twitter_site":"@quebakanec","twitter_misc":{"Escrito por":"Erick Villafuerte","Tiempo de lectura":"4 minutos"},"schema":{"@context":"https:\/\/schema.org","@graph":[{"@type":"Article","@id":"https:\/\/www.quebakan.com\/v15\/el-80-de-las-enfermedades-cronicas-se-pueden-prevenir-con-autocuidado-un-pilar-clave-para-la-sostenibilidad-del-sistema-de-salud\/#article","isPartOf":{"@id":"https:\/\/www.quebakan.com\/v15\/el-80-de-las-enfermedades-cronicas-se-pueden-prevenir-con-autocuidado-un-pilar-clave-para-la-sostenibilidad-del-sistema-de-salud\/"},"author":{"name":"Erick Villafuerte","@id":"https:\/\/www.quebakan.com\/v15\/#\/schema\/person\/d90fa9f9cfa81eb8ace9811e5b7b9118"},"headline":"El 80% de las enfermedades cr\u00f3nicas se pueden prevenir con autocuidado: un pilar clave para la sostenibilidad del sistema de salud.","datePublished":"2025-07-25T06:02:02+00:00","mainEntityOfPage":{"@id":"https:\/\/www.quebakan.com\/v15\/el-80-de-las-enfermedades-cronicas-se-pueden-prevenir-con-autocuidado-un-pilar-clave-para-la-sostenibilidad-del-sistema-de-salud\/"},"wordCount":682,"publisher":{"@id":"https:\/\/www.quebakan.com\/v15\/#organization"},"image":{"@id":"https:\/\/www.quebakan.com\/v15\/el-80-de-las-enfermedades-cronicas-se-pueden-prevenir-con-autocuidado-un-pilar-clave-para-la-sostenibilidad-del-sistema-de-salud\/#primaryimage"},"thumbnailUrl":"https:\/\/www.quebakan.com\/v15\/wp-content\/uploads\/2025\/07\/Dia-del-Autocuidado.jpg","articleSection":["Noticias"],"inLanguage":"es"},{"@type":"WebPage","@id":"https:\/\/www.quebakan.com\/v15\/el-80-de-las-enfermedades-cronicas-se-pueden-prevenir-con-autocuidado-un-pilar-clave-para-la-sostenibilidad-del-sistema-de-salud\/","url":"https:\/\/www.quebakan.com\/v15\/el-80-de-las-enfermedades-cronicas-se-pueden-prevenir-con-autocuidado-un-pilar-clave-para-la-sostenibilidad-del-sistema-de-salud\/","name":"El 80% de las enfermedades cr\u00f3nicas se pueden prevenir con autocuidado: un pilar clave para la sostenibilidad del sistema de salud. &#8211; QUEBAKAN.COM 2026: Noticias, Eventos, Conciertos y mucho m\u00e1s....","isPartOf":{"@id":"https:\/\/www.quebakan.com\/v15\/#website"},"primaryImageOfPage":{"@id":"https:\/\/www.quebakan.com\/v15\/el-80-de-las-enfermedades-cronicas-se-pueden-prevenir-con-autocuidado-un-pilar-clave-para-la-sostenibilidad-del-sistema-de-salud\/#primaryimage"},"image":{"@id":"https:\/\/www.quebakan.com\/v15\/el-80-de-las-enfermedades-cronicas-se-pueden-prevenir-con-autocuidado-un-pilar-clave-para-la-sostenibilidad-del-sistema-de-salud\/#primaryimage"},"thumbnailUrl":"https:\/\/www.quebakan.com\/v15\/wp-content\/uploads\/2025\/07\/Dia-del-Autocuidado.jpg","datePublished":"2025-07-25T06:02:02+00:00","breadcrumb":{"@id":"https:\/\/www.quebakan.com\/v15\/el-80-de-las-enfermedades-cronicas-se-pueden-prevenir-con-autocuidado-un-pilar-clave-para-la-sostenibilidad-del-sistema-de-salud\/#breadcrumb"},"inLanguage":"es","potentialAction":[{"@type":"ReadAction","target":["https:\/\/www.quebakan.com\/v15\/el-80-de-las-enfermedades-cronicas-se-pueden-prevenir-con-autocuidado-un-pilar-clave-para-la-sostenibilidad-del-sistema-de-salud\/"]}]},{"@type":"ImageObject","inLanguage":"es","@id":"https:\/\/www.quebakan.com\/v15\/el-80-de-las-enfermedades-cronicas-se-pueden-prevenir-con-autocuidado-un-pilar-clave-para-la-sostenibilidad-del-sistema-de-salud\/#primaryimage","url":"https:\/\/www.quebakan.com\/v15\/wp-content\/uploads\/2025\/07\/Dia-del-Autocuidado.jpg","contentUrl":"https:\/\/www.quebakan.com\/v15\/wp-content\/uploads\/2025\/07\/Dia-del-Autocuidado.jpg","width":700,"height":467},{"@type":"BreadcrumbList","@id":"https:\/\/www.quebakan.com\/v15\/el-80-de-las-enfermedades-cronicas-se-pueden-prevenir-con-autocuidado-un-pilar-clave-para-la-sostenibilidad-del-sistema-de-salud\/#breadcrumb","itemListElement":[{"@type":"ListItem","position":1,"name":"Portada","item":"https:\/\/www.quebakan.com\/v15\/"},{"@type":"ListItem","position":2,"name":"El 80% de las enfermedades cr\u00f3nicas se pueden prevenir con autocuidado: un pilar clave para la sostenibilidad del sistema de salud."}]},{"@type":"WebSite","@id":"https:\/\/www.quebakan.com\/v15\/#website","url":"https:\/\/www.quebakan.com\/v15\/","name":"QUEBAKAN","description":"..","publisher":{"@id":"https:\/\/www.quebakan.com\/v15\/#organization"},"potentialAction":[{"@type":"SearchAction","target":{"@type":"EntryPoint","urlTemplate":"https:\/\/www.quebakan.com\/v15\/?s={search_term_string}"},"query-input":{"@type":"PropertyValueSpecification","valueRequired":true,"valueName":"search_term_string"}}],"inLanguage":"es"},{"@type":"Organization","@id":"https:\/\/www.quebakan.com\/v15\/#organization","name":"Quebakan.com","url":"https:\/\/www.quebakan.com\/v15\/","logo":{"@type":"ImageObject","inLanguage":"es","@id":"https:\/\/www.quebakan.com\/v15\/#\/schema\/logo\/image\/","url":"https:\/\/www.quebakan.com\/v15\/wp-content\/uploads\/2023\/07\/logoquebakanenero2021.jpg","contentUrl":"https:\/\/www.quebakan.com\/v15\/wp-content\/uploads\/2023\/07\/logoquebakanenero2021.jpg","width":1920,"height":1080,"caption":"Quebakan.com"},"image":{"@id":"https:\/\/www.quebakan.com\/v15\/#\/schema\/logo\/image\/"},"sameAs":["http:\/\/www.facebook.com\/quebakan","https:\/\/x.com\/quebakanec","http:\/\/www.instagram.com\/quebakan","http:\/\/www.youtube.com\/quebakan1"]},{"@type":"Person","@id":"https:\/\/www.quebakan.com\/v15\/#\/schema\/person\/d90fa9f9cfa81eb8ace9811e5b7b9118","name":"Erick Villafuerte","image":{"@type":"ImageObject","inLanguage":"es","@id":"https:\/\/www.quebakan.com\/v15\/wp-content\/uploads\/avatars\/4\/1731297654-bpfull.png","url":"https:\/\/www.quebakan.com\/v15\/wp-content\/uploads\/avatars\/4\/1731297654-bpfull.png","contentUrl":"https:\/\/www.quebakan.com\/v15\/wp-content\/uploads\/avatars\/4\/1731297654-bpfull.png","caption":"Erick Villafuerte"}}]}},"_links":{"self":[{"href":"https:\/\/www.quebakan.com\/v15\/wp-json\/wp\/v2\/posts\/133563","targetHints":{"allow":["GET"]}}],"collection":[{"href":"https:\/\/www.quebakan.com\/v15\/wp-json\/wp\/v2\/posts"}],"about":[{"href":"https:\/\/www.quebakan.com\/v15\/wp-json\/wp\/v2\/types\/post"}],"author":[{"embeddable":true,"href":"https:\/\/www.quebakan.com\/v15\/wp-json\/wp\/v2\/users\/4"}],"replies":[{"embeddable":true,"href":"https:\/\/www.quebakan.com\/v15\/wp-json\/wp\/v2\/comments?post=133563"}],"version-history":[{"count":1,"href":"https:\/\/www.quebakan.com\/v15\/wp-json\/wp\/v2\/posts\/133563\/revisions"}],"predecessor-version":[{"id":133565,"href":"https:\/\/www.quebakan.com\/v15\/wp-json\/wp\/v2\/posts\/133563\/revisions\/133565"}],"wp:featuredmedia":[{"embeddable":true,"href":"https:\/\/www.quebakan.com\/v15\/wp-json\/wp\/v2\/media\/133564"}],"wp:attachment":[{"href":"https:\/\/www.quebakan.com\/v15\/wp-json\/wp\/v2\/media?parent=133563"}],"wp:term":[{"taxonomy":"category","embeddable":true,"href":"https:\/\/www.quebakan.com\/v15\/wp-json\/wp\/v2\/categories?post=133563"},{"taxonomy":"post_tag","embeddable":true,"href":"https:\/\/www.quebakan.com\/v15\/wp-json\/wp\/v2\/tags?post=133563"}],"curies":[{"name":"wp","href":"https:\/\/api.w.org\/{rel}","templated":true}]}}