{"id":133569,"date":"2025-07-25T10:49:30","date_gmt":"2025-07-25T15:49:30","guid":{"rendered":"https:\/\/www.quebakan.com\/v15\/?p=133569"},"modified":"2025-07-25T10:49:30","modified_gmt":"2025-07-25T15:49:30","slug":"nosotras-se-suma-a-la-inauguracion-de-ludotecas-comunitarias-en-azuay","status":"publish","type":"post","link":"https:\/\/www.quebakan.com\/v15\/nosotras-se-suma-a-la-inauguracion-de-ludotecas-comunitarias-en-azuay\/","title":{"rendered":"Nosotras\u00ae se suma a la inauguraci\u00f3n de ludotecas comunitarias en Azuay"},"content":{"rendered":"<p><img fetchpriority=\"high\" decoding=\"async\" class=\"aligncenter size-full wp-image-133570\" src=\"https:\/\/www.quebakan.com\/v15\/wp-content\/uploads\/2025\/07\/Nosotras-Ludotecas-Azuay.jpg\" alt=\"\" width=\"700\" height=\"484\" \/><\/p>\n<ul>\n<li style=\"text-align: justify;\"><span style=\"color: #000000;\">Una alianza p\u00fablico-privada, Nosotras entreg\u00f3 kits educativos en las parroquias rurales de Azuay, con el objetivo que, desde una edad temprana, sin importante d\u00f3nde vivan las ni\u00f1as tengan educaci\u00f3n menstrual.<\/span><\/li>\n<\/ul>\n<p style=\"text-align: justify;\"><span style=\"color: #000000;\"><strong>Cuenca, julio de 2025.- <\/strong>Nosotras\u00ae, marca comprometida con la educaci\u00f3n menstrual, la equidad y el fortalecimiento personal de ni\u00f1as y adolescentes, fue parte de la emotiva inauguraci\u00f3n de las primeras ludotecas comunitarias en las parroquias rurales de Jad\u00e1n (Gualaceo) y G\u00fcel (S\u00edgsig). Esta iniciativa, liderada por la Prefectura del Azuay y la Agencia Turca de Cooperaci\u00f3n y Coordinaci\u00f3n (T\u0130KA), cuenta con el respaldo de la Embajada de Turqu\u00eda en Ecuador.<\/span><\/p>\n<p style=\"text-align: justify;\"><span style=\"color: #000000;\">Las ludotecas han sido pensadas como espacios de aprendizaje y exploraci\u00f3n, donde ni\u00f1as y ni\u00f1os pueden acceder a herramientas tecnol\u00f3gicas como pantallas t\u00e1ctiles, juegos digitales y gafas de realidad virtual. Su objetivo es fomentar la creatividad, la curiosidad y el desarrollo integral de la infancia en zonas tradicionalmente excluidas.<\/span><\/p>\n<p style=\"text-align: justify;\"><span style=\"color: #000000;\">Durante el acto inaugural, la embajadora de Turqu\u00eda, Ba\u015fak Yal\u00e7\u0131n, la directora de TIKA, Merve Kal\u0131nbacak y el Prefecto del Azuay, Juan Crist\u00f3bal Lloret, compartieron con la comunidad local y destacaron la importancia de generar oportunidades para las nuevas generaciones.<\/span><\/p>\n<p style=\"text-align: justify;\"><span style=\"color: #000000;\">Nosotras\u00ae, desde su prop\u00f3sito social encontr\u00f3 en este proyecto una oportunidad para acompa\u00f1ar a ni\u00f1as y ni\u00f1os en sus procesos de crecimiento, brind\u00e1ndoles informaci\u00f3n clara y libre de prejuicios. En este contexto, la marca aport\u00f3 contenido audiovisual educativo sobre pubertad y menstruaci\u00f3n, especialmente desarrollado para estos espacios.<\/span><\/p>\n<p style=\"text-align: justify;\"><span style=\"color: #000000;\">Como parte de su contribuci\u00f3n, tambi\u00e9n entreg\u00f3 300 kits educativos que incluyen toallas higi\u00e9nicas de d\u00eda y noche, protectores diarios, jab\u00f3n \u00edntimo, pa\u00f1itos h\u00famedos y una revista ilustrada que aborda de forma accesible los cambios f\u00edsicos y emocionales de la adolescencia.<\/span><\/p>\n<p style=\"text-align: justify;\"><span style=\"color: #000000;\"><em>\u201cCreemos que la educaci\u00f3n menstrual debe comenzar desde una edad temprana y estar al alcance de todas las ni\u00f1as, sin importar d\u00f3nde vivan. Estas ludotecas nos permiten acercarnos a comunidades rurales con herramientas que fortalecen la confianza y el conocimiento en una etapa clave de la vida\u201d,<\/em> se\u00f1al\u00f3 Soledad Vela, Coordinadora de la marca Nosotras\u00ae en Ecuador.<\/span><\/p>\n<p style=\"text-align: justify;\"><span style=\"color: #000000;\">Nosotras\u00ae contin\u00faa reforzando su compromiso con la educaci\u00f3n menstrual, la equidad y el bienestar de ni\u00f1as y adolescentes en todo el Ecuador.<\/span><\/p>\n<p><img decoding=\"async\" class=\"aligncenter size-full wp-image-133571\" src=\"https:\/\/www.quebakan.com\/v15\/wp-content\/uploads\/2025\/07\/Entrega-de-kits-a-Ludotecas.jpg\" alt=\"\" width=\"700\" height=\"473\" \/><\/p>\n","protected":false},"excerpt":{"rendered":"<p>Una alianza p\u00fablico-privada, Nosotras entreg\u00f3 kits educativos en las parroquias rurales de Azuay, con el objetivo que, desde una edad temprana, sin importante d\u00f3nde vivan las ni\u00f1as tengan educaci\u00f3n menstrual. Cuenca, julio de 2025.- Nosotras\u00ae, marca comprometida con la educaci\u00f3n menstrual, la equidad y el fortalecimiento personal de ni\u00f1as y adolescentes, fue parte de la [&hellip;]<\/p>\n","protected":false},"author":4,"featured_media":133570,"comment_status":"closed","ping_status":"closed","sticky":false,"template":"","format":"standard","meta":{"_bbp_topic_count":0,"_bbp_reply_count":0,"_bbp_total_topic_count":0,"_bbp_total_reply_count":0,"_bbp_voice_count":0,"_bbp_anonymous_reply_count":0,"_bbp_topic_count_hidden":0,"_bbp_reply_count_hidden":0,"_bbp_forum_subforum_count":0,"buzzeditor_post_format":"","footnotes":""},"categories":[2],"tags":[],"class_list":["post-133569","post","type-post","status-publish","format-standard","has-post-thumbnail","hentry","category-noticias"],"yoast_head":"<!-- This site is optimized with the Yoast SEO plugin v27.5 - https:\/\/yoast.com\/product\/yoast-seo-wordpress\/ -->\n<title>Nosotras\u00ae se suma a la inauguraci\u00f3n de ludotecas comunitarias en Azuay &#8211; QUEBAKAN.COM 2026: Noticias, Eventos, Conciertos y mucho m\u00e1s....<\/title>\n<meta name=\"robots\" content=\"index, follow, max-snippet:-1, max-image-preview:large, max-video-preview:-1\" \/>\n<link rel=\"canonical\" href=\"https:\/\/www.quebakan.com\/v15\/nosotras-se-suma-a-la-inauguracion-de-ludotecas-comunitarias-en-azuay\/\" \/>\n<meta property=\"og:locale\" content=\"es_ES\" \/>\n<meta property=\"og:type\" content=\"article\" \/>\n<meta property=\"og:title\" content=\"Nosotras\u00ae se suma a la inauguraci\u00f3n de ludotecas comunitarias en Azuay &#8211; QUEBAKAN.COM 2026: Noticias, Eventos, Conciertos y mucho m\u00e1s....\" \/>\n<meta property=\"og:description\" content=\"Una alianza p\u00fablico-privada, Nosotras entreg\u00f3 kits educativos en las parroquias rurales de Azuay, con el objetivo que, desde una edad temprana, sin importante d\u00f3nde vivan las ni\u00f1as tengan educaci\u00f3n menstrual. Cuenca, julio de 2025.- Nosotras\u00ae, marca comprometida con la educaci\u00f3n menstrual, la equidad y el fortalecimiento personal de ni\u00f1as y adolescentes, fue parte de la [&hellip;]\" \/>\n<meta property=\"og:url\" content=\"https:\/\/www.quebakan.com\/v15\/nosotras-se-suma-a-la-inauguracion-de-ludotecas-comunitarias-en-azuay\/\" \/>\n<meta property=\"og:site_name\" content=\"QUEBAKAN.COM 2026: Noticias, Eventos, Conciertos y mucho m\u00e1s....\" \/>\n<meta property=\"article:publisher\" content=\"http:\/\/www.facebook.com\/quebakan\" \/>\n<meta property=\"article:published_time\" content=\"2025-07-25T15:49:30+00:00\" \/>\n<meta property=\"og:image\" content=\"https:\/\/www.quebakan.com\/v15\/wp-content\/uploads\/2025\/07\/Nosotras-Ludotecas-Azuay.jpg\" \/>\n\t<meta property=\"og:image:width\" content=\"700\" \/>\n\t<meta property=\"og:image:height\" content=\"484\" \/>\n\t<meta property=\"og:image:type\" content=\"image\/jpeg\" \/>\n<meta name=\"author\" content=\"Erick Villafuerte\" \/>\n<meta name=\"twitter:card\" content=\"summary_large_image\" \/>\n<meta name=\"twitter:creator\" content=\"@quebakanec\" \/>\n<meta name=\"twitter:site\" content=\"@quebakanec\" \/>\n<meta name=\"twitter:label1\" content=\"Escrito por\" \/>\n\t<meta name=\"twitter:data1\" content=\"Erick Villafuerte\" \/>\n\t<meta name=\"twitter:label2\" content=\"Tiempo de lectura\" \/>\n\t<meta name=\"twitter:data2\" content=\"3 minutos\" \/>\n<script type=\"application\/ld+json\" class=\"yoast-schema-graph\">{\"@context\":\"https:\\\/\\\/schema.org\",\"@graph\":[{\"@type\":\"Article\",\"@id\":\"https:\\\/\\\/www.quebakan.com\\\/v15\\\/nosotras-se-suma-a-la-inauguracion-de-ludotecas-comunitarias-en-azuay\\\/#article\",\"isPartOf\":{\"@id\":\"https:\\\/\\\/www.quebakan.com\\\/v15\\\/nosotras-se-suma-a-la-inauguracion-de-ludotecas-comunitarias-en-azuay\\\/\"},\"author\":{\"name\":\"Erick Villafuerte\",\"@id\":\"https:\\\/\\\/www.quebakan.com\\\/v15\\\/#\\\/schema\\\/person\\\/d90fa9f9cfa81eb8ace9811e5b7b9118\"},\"headline\":\"Nosotras\u00ae se suma a la inauguraci\u00f3n de ludotecas comunitarias en Azuay\",\"datePublished\":\"2025-07-25T15:49:30+00:00\",\"mainEntityOfPage\":{\"@id\":\"https:\\\/\\\/www.quebakan.com\\\/v15\\\/nosotras-se-suma-a-la-inauguracion-de-ludotecas-comunitarias-en-azuay\\\/\"},\"wordCount\":413,\"publisher\":{\"@id\":\"https:\\\/\\\/www.quebakan.com\\\/v15\\\/#organization\"},\"image\":{\"@id\":\"https:\\\/\\\/www.quebakan.com\\\/v15\\\/nosotras-se-suma-a-la-inauguracion-de-ludotecas-comunitarias-en-azuay\\\/#primaryimage\"},\"thumbnailUrl\":\"https:\\\/\\\/www.quebakan.com\\\/v15\\\/wp-content\\\/uploads\\\/2025\\\/07\\\/Nosotras-Ludotecas-Azuay.jpg\",\"articleSection\":[\"Noticias\"],\"inLanguage\":\"es\"},{\"@type\":\"WebPage\",\"@id\":\"https:\\\/\\\/www.quebakan.com\\\/v15\\\/nosotras-se-suma-a-la-inauguracion-de-ludotecas-comunitarias-en-azuay\\\/\",\"url\":\"https:\\\/\\\/www.quebakan.com\\\/v15\\\/nosotras-se-suma-a-la-inauguracion-de-ludotecas-comunitarias-en-azuay\\\/\",\"name\":\"Nosotras\u00ae se suma a la inauguraci\u00f3n de ludotecas comunitarias en Azuay &#8211; QUEBAKAN.COM 2026: Noticias, Eventos, Conciertos y mucho m\u00e1s....\",\"isPartOf\":{\"@id\":\"https:\\\/\\\/www.quebakan.com\\\/v15\\\/#website\"},\"primaryImageOfPage\":{\"@id\":\"https:\\\/\\\/www.quebakan.com\\\/v15\\\/nosotras-se-suma-a-la-inauguracion-de-ludotecas-comunitarias-en-azuay\\\/#primaryimage\"},\"image\":{\"@id\":\"https:\\\/\\\/www.quebakan.com\\\/v15\\\/nosotras-se-suma-a-la-inauguracion-de-ludotecas-comunitarias-en-azuay\\\/#primaryimage\"},\"thumbnailUrl\":\"https:\\\/\\\/www.quebakan.com\\\/v15\\\/wp-content\\\/uploads\\\/2025\\\/07\\\/Nosotras-Ludotecas-Azuay.jpg\",\"datePublished\":\"2025-07-25T15:49:30+00:00\",\"breadcrumb\":{\"@id\":\"https:\\\/\\\/www.quebakan.com\\\/v15\\\/nosotras-se-suma-a-la-inauguracion-de-ludotecas-comunitarias-en-azuay\\\/#breadcrumb\"},\"inLanguage\":\"es\",\"potentialAction\":[{\"@type\":\"ReadAction\",\"target\":[\"https:\\\/\\\/www.quebakan.com\\\/v15\\\/nosotras-se-suma-a-la-inauguracion-de-ludotecas-comunitarias-en-azuay\\\/\"]}]},{\"@type\":\"ImageObject\",\"inLanguage\":\"es\",\"@id\":\"https:\\\/\\\/www.quebakan.com\\\/v15\\\/nosotras-se-suma-a-la-inauguracion-de-ludotecas-comunitarias-en-azuay\\\/#primaryimage\",\"url\":\"https:\\\/\\\/www.quebakan.com\\\/v15\\\/wp-content\\\/uploads\\\/2025\\\/07\\\/Nosotras-Ludotecas-Azuay.jpg\",\"contentUrl\":\"https:\\\/\\\/www.quebakan.com\\\/v15\\\/wp-content\\\/uploads\\\/2025\\\/07\\\/Nosotras-Ludotecas-Azuay.jpg\",\"width\":700,\"height\":484},{\"@type\":\"BreadcrumbList\",\"@id\":\"https:\\\/\\\/www.quebakan.com\\\/v15\\\/nosotras-se-suma-a-la-inauguracion-de-ludotecas-comunitarias-en-azuay\\\/#breadcrumb\",\"itemListElement\":[{\"@type\":\"ListItem\",\"position\":1,\"name\":\"Portada\",\"item\":\"https:\\\/\\\/www.quebakan.com\\\/v15\\\/\"},{\"@type\":\"ListItem\",\"position\":2,\"name\":\"Nosotras\u00ae se suma a la inauguraci\u00f3n de ludotecas comunitarias en Azuay\"}]},{\"@type\":\"WebSite\",\"@id\":\"https:\\\/\\\/www.quebakan.com\\\/v15\\\/#website\",\"url\":\"https:\\\/\\\/www.quebakan.com\\\/v15\\\/\",\"name\":\"QUEBAKAN\",\"description\":\"..\",\"publisher\":{\"@id\":\"https:\\\/\\\/www.quebakan.com\\\/v15\\\/#organization\"},\"potentialAction\":[{\"@type\":\"SearchAction\",\"target\":{\"@type\":\"EntryPoint\",\"urlTemplate\":\"https:\\\/\\\/www.quebakan.com\\\/v15\\\/?s={search_term_string}\"},\"query-input\":{\"@type\":\"PropertyValueSpecification\",\"valueRequired\":true,\"valueName\":\"search_term_string\"}}],\"inLanguage\":\"es\"},{\"@type\":\"Organization\",\"@id\":\"https:\\\/\\\/www.quebakan.com\\\/v15\\\/#organization\",\"name\":\"Quebakan.com\",\"url\":\"https:\\\/\\\/www.quebakan.com\\\/v15\\\/\",\"logo\":{\"@type\":\"ImageObject\",\"inLanguage\":\"es\",\"@id\":\"https:\\\/\\\/www.quebakan.com\\\/v15\\\/#\\\/schema\\\/logo\\\/image\\\/\",\"url\":\"https:\\\/\\\/www.quebakan.com\\\/v15\\\/wp-content\\\/uploads\\\/2023\\\/07\\\/logoquebakanenero2021.jpg\",\"contentUrl\":\"https:\\\/\\\/www.quebakan.com\\\/v15\\\/wp-content\\\/uploads\\\/2023\\\/07\\\/logoquebakanenero2021.jpg\",\"width\":1920,\"height\":1080,\"caption\":\"Quebakan.com\"},\"image\":{\"@id\":\"https:\\\/\\\/www.quebakan.com\\\/v15\\\/#\\\/schema\\\/logo\\\/image\\\/\"},\"sameAs\":[\"http:\\\/\\\/www.facebook.com\\\/quebakan\",\"https:\\\/\\\/x.com\\\/quebakanec\",\"http:\\\/\\\/www.instagram.com\\\/quebakan\",\"http:\\\/\\\/www.youtube.com\\\/quebakan1\"]},{\"@type\":\"Person\",\"@id\":\"https:\\\/\\\/www.quebakan.com\\\/v15\\\/#\\\/schema\\\/person\\\/d90fa9f9cfa81eb8ace9811e5b7b9118\",\"name\":\"Erick Villafuerte\",\"image\":{\"@type\":\"ImageObject\",\"inLanguage\":\"es\",\"@id\":\"https:\\\/\\\/www.quebakan.com\\\/v15\\\/wp-content\\\/uploads\\\/avatars\\\/4\\\/1731297654-bpfull.png\",\"url\":\"https:\\\/\\\/www.quebakan.com\\\/v15\\\/wp-content\\\/uploads\\\/avatars\\\/4\\\/1731297654-bpfull.png\",\"contentUrl\":\"https:\\\/\\\/www.quebakan.com\\\/v15\\\/wp-content\\\/uploads\\\/avatars\\\/4\\\/1731297654-bpfull.png\",\"caption\":\"Erick Villafuerte\"}}]}<\/script>\n<!-- \/ Yoast SEO plugin. -->","yoast_head_json":{"title":"Nosotras\u00ae se suma a la inauguraci\u00f3n de ludotecas comunitarias en Azuay &#8211; QUEBAKAN.COM 2026: Noticias, Eventos, Conciertos y mucho m\u00e1s....","robots":{"index":"index","follow":"follow","max-snippet":"max-snippet:-1","max-image-preview":"max-image-preview:large","max-video-preview":"max-video-preview:-1"},"canonical":"https:\/\/www.quebakan.com\/v15\/nosotras-se-suma-a-la-inauguracion-de-ludotecas-comunitarias-en-azuay\/","og_locale":"es_ES","og_type":"article","og_title":"Nosotras\u00ae se suma a la inauguraci\u00f3n de ludotecas comunitarias en Azuay &#8211; QUEBAKAN.COM 2026: Noticias, Eventos, Conciertos y mucho m\u00e1s....","og_description":"Una alianza p\u00fablico-privada, Nosotras entreg\u00f3 kits educativos en las parroquias rurales de Azuay, con el objetivo que, desde una edad temprana, sin importante d\u00f3nde vivan las ni\u00f1as tengan educaci\u00f3n menstrual. Cuenca, julio de 2025.- Nosotras\u00ae, marca comprometida con la educaci\u00f3n menstrual, la equidad y el fortalecimiento personal de ni\u00f1as y adolescentes, fue parte de la [&hellip;]","og_url":"https:\/\/www.quebakan.com\/v15\/nosotras-se-suma-a-la-inauguracion-de-ludotecas-comunitarias-en-azuay\/","og_site_name":"QUEBAKAN.COM 2026: Noticias, Eventos, Conciertos y mucho m\u00e1s....","article_publisher":"http:\/\/www.facebook.com\/quebakan","article_published_time":"2025-07-25T15:49:30+00:00","og_image":[{"width":700,"height":484,"url":"https:\/\/www.quebakan.com\/v15\/wp-content\/uploads\/2025\/07\/Nosotras-Ludotecas-Azuay.jpg","type":"image\/jpeg"}],"author":"Erick Villafuerte","twitter_card":"summary_large_image","twitter_creator":"@quebakanec","twitter_site":"@quebakanec","twitter_misc":{"Escrito por":"Erick Villafuerte","Tiempo de lectura":"3 minutos"},"schema":{"@context":"https:\/\/schema.org","@graph":[{"@type":"Article","@id":"https:\/\/www.quebakan.com\/v15\/nosotras-se-suma-a-la-inauguracion-de-ludotecas-comunitarias-en-azuay\/#article","isPartOf":{"@id":"https:\/\/www.quebakan.com\/v15\/nosotras-se-suma-a-la-inauguracion-de-ludotecas-comunitarias-en-azuay\/"},"author":{"name":"Erick Villafuerte","@id":"https:\/\/www.quebakan.com\/v15\/#\/schema\/person\/d90fa9f9cfa81eb8ace9811e5b7b9118"},"headline":"Nosotras\u00ae se suma a la inauguraci\u00f3n de ludotecas comunitarias en Azuay","datePublished":"2025-07-25T15:49:30+00:00","mainEntityOfPage":{"@id":"https:\/\/www.quebakan.com\/v15\/nosotras-se-suma-a-la-inauguracion-de-ludotecas-comunitarias-en-azuay\/"},"wordCount":413,"publisher":{"@id":"https:\/\/www.quebakan.com\/v15\/#organization"},"image":{"@id":"https:\/\/www.quebakan.com\/v15\/nosotras-se-suma-a-la-inauguracion-de-ludotecas-comunitarias-en-azuay\/#primaryimage"},"thumbnailUrl":"https:\/\/www.quebakan.com\/v15\/wp-content\/uploads\/2025\/07\/Nosotras-Ludotecas-Azuay.jpg","articleSection":["Noticias"],"inLanguage":"es"},{"@type":"WebPage","@id":"https:\/\/www.quebakan.com\/v15\/nosotras-se-suma-a-la-inauguracion-de-ludotecas-comunitarias-en-azuay\/","url":"https:\/\/www.quebakan.com\/v15\/nosotras-se-suma-a-la-inauguracion-de-ludotecas-comunitarias-en-azuay\/","name":"Nosotras\u00ae se suma a la inauguraci\u00f3n de ludotecas comunitarias en Azuay &#8211; QUEBAKAN.COM 2026: Noticias, Eventos, Conciertos y mucho m\u00e1s....","isPartOf":{"@id":"https:\/\/www.quebakan.com\/v15\/#website"},"primaryImageOfPage":{"@id":"https:\/\/www.quebakan.com\/v15\/nosotras-se-suma-a-la-inauguracion-de-ludotecas-comunitarias-en-azuay\/#primaryimage"},"image":{"@id":"https:\/\/www.quebakan.com\/v15\/nosotras-se-suma-a-la-inauguracion-de-ludotecas-comunitarias-en-azuay\/#primaryimage"},"thumbnailUrl":"https:\/\/www.quebakan.com\/v15\/wp-content\/uploads\/2025\/07\/Nosotras-Ludotecas-Azuay.jpg","datePublished":"2025-07-25T15:49:30+00:00","breadcrumb":{"@id":"https:\/\/www.quebakan.com\/v15\/nosotras-se-suma-a-la-inauguracion-de-ludotecas-comunitarias-en-azuay\/#breadcrumb"},"inLanguage":"es","potentialAction":[{"@type":"ReadAction","target":["https:\/\/www.quebakan.com\/v15\/nosotras-se-suma-a-la-inauguracion-de-ludotecas-comunitarias-en-azuay\/"]}]},{"@type":"ImageObject","inLanguage":"es","@id":"https:\/\/www.quebakan.com\/v15\/nosotras-se-suma-a-la-inauguracion-de-ludotecas-comunitarias-en-azuay\/#primaryimage","url":"https:\/\/www.quebakan.com\/v15\/wp-content\/uploads\/2025\/07\/Nosotras-Ludotecas-Azuay.jpg","contentUrl":"https:\/\/www.quebakan.com\/v15\/wp-content\/uploads\/2025\/07\/Nosotras-Ludotecas-Azuay.jpg","width":700,"height":484},{"@type":"BreadcrumbList","@id":"https:\/\/www.quebakan.com\/v15\/nosotras-se-suma-a-la-inauguracion-de-ludotecas-comunitarias-en-azuay\/#breadcrumb","itemListElement":[{"@type":"ListItem","position":1,"name":"Portada","item":"https:\/\/www.quebakan.com\/v15\/"},{"@type":"ListItem","position":2,"name":"Nosotras\u00ae se suma a la inauguraci\u00f3n de ludotecas comunitarias en Azuay"}]},{"@type":"WebSite","@id":"https:\/\/www.quebakan.com\/v15\/#website","url":"https:\/\/www.quebakan.com\/v15\/","name":"QUEBAKAN","description":"..","publisher":{"@id":"https:\/\/www.quebakan.com\/v15\/#organization"},"potentialAction":[{"@type":"SearchAction","target":{"@type":"EntryPoint","urlTemplate":"https:\/\/www.quebakan.com\/v15\/?s={search_term_string}"},"query-input":{"@type":"PropertyValueSpecification","valueRequired":true,"valueName":"search_term_string"}}],"inLanguage":"es"},{"@type":"Organization","@id":"https:\/\/www.quebakan.com\/v15\/#organization","name":"Quebakan.com","url":"https:\/\/www.quebakan.com\/v15\/","logo":{"@type":"ImageObject","inLanguage":"es","@id":"https:\/\/www.quebakan.com\/v15\/#\/schema\/logo\/image\/","url":"https:\/\/www.quebakan.com\/v15\/wp-content\/uploads\/2023\/07\/logoquebakanenero2021.jpg","contentUrl":"https:\/\/www.quebakan.com\/v15\/wp-content\/uploads\/2023\/07\/logoquebakanenero2021.jpg","width":1920,"height":1080,"caption":"Quebakan.com"},"image":{"@id":"https:\/\/www.quebakan.com\/v15\/#\/schema\/logo\/image\/"},"sameAs":["http:\/\/www.facebook.com\/quebakan","https:\/\/x.com\/quebakanec","http:\/\/www.instagram.com\/quebakan","http:\/\/www.youtube.com\/quebakan1"]},{"@type":"Person","@id":"https:\/\/www.quebakan.com\/v15\/#\/schema\/person\/d90fa9f9cfa81eb8ace9811e5b7b9118","name":"Erick Villafuerte","image":{"@type":"ImageObject","inLanguage":"es","@id":"https:\/\/www.quebakan.com\/v15\/wp-content\/uploads\/avatars\/4\/1731297654-bpfull.png","url":"https:\/\/www.quebakan.com\/v15\/wp-content\/uploads\/avatars\/4\/1731297654-bpfull.png","contentUrl":"https:\/\/www.quebakan.com\/v15\/wp-content\/uploads\/avatars\/4\/1731297654-bpfull.png","caption":"Erick Villafuerte"}}]}},"_links":{"self":[{"href":"https:\/\/www.quebakan.com\/v15\/wp-json\/wp\/v2\/posts\/133569","targetHints":{"allow":["GET"]}}],"collection":[{"href":"https:\/\/www.quebakan.com\/v15\/wp-json\/wp\/v2\/posts"}],"about":[{"href":"https:\/\/www.quebakan.com\/v15\/wp-json\/wp\/v2\/types\/post"}],"author":[{"embeddable":true,"href":"https:\/\/www.quebakan.com\/v15\/wp-json\/wp\/v2\/users\/4"}],"replies":[{"embeddable":true,"href":"https:\/\/www.quebakan.com\/v15\/wp-json\/wp\/v2\/comments?post=133569"}],"version-history":[{"count":1,"href":"https:\/\/www.quebakan.com\/v15\/wp-json\/wp\/v2\/posts\/133569\/revisions"}],"predecessor-version":[{"id":133572,"href":"https:\/\/www.quebakan.com\/v15\/wp-json\/wp\/v2\/posts\/133569\/revisions\/133572"}],"wp:featuredmedia":[{"embeddable":true,"href":"https:\/\/www.quebakan.com\/v15\/wp-json\/wp\/v2\/media\/133570"}],"wp:attachment":[{"href":"https:\/\/www.quebakan.com\/v15\/wp-json\/wp\/v2\/media?parent=133569"}],"wp:term":[{"taxonomy":"category","embeddable":true,"href":"https:\/\/www.quebakan.com\/v15\/wp-json\/wp\/v2\/categories?post=133569"},{"taxonomy":"post_tag","embeddable":true,"href":"https:\/\/www.quebakan.com\/v15\/wp-json\/wp\/v2\/tags?post=133569"}],"curies":[{"name":"wp","href":"https:\/\/api.w.org\/{rel}","templated":true}]}}