{"id":133580,"date":"2025-07-25T11:17:12","date_gmt":"2025-07-25T16:17:12","guid":{"rendered":"https:\/\/www.quebakan.com\/v15\/?p=133580"},"modified":"2025-07-25T11:17:12","modified_gmt":"2025-07-25T16:17:12","slug":"dgo-estrena-un-nuevo-capitulo-sobre-maradona-el-juicio-que-no-fue-que-reconstruye-sus-dramaticas-ultimas-horas-de-vida-y-el-abandono","status":"publish","type":"post","link":"https:\/\/www.quebakan.com\/v15\/dgo-estrena-un-nuevo-capitulo-sobre-maradona-el-juicio-que-no-fue-que-reconstruye-sus-dramaticas-ultimas-horas-de-vida-y-el-abandono\/","title":{"rendered":"DGO estrena un nuevo cap\u00edtulo sobre \u201cMaradona, el juicio que no fue\u201d, que reconstruye sus dram\u00e1ticas \u00faltimas horas de vida y el \u201cabandono\u201d"},"content":{"rendered":"<p><img fetchpriority=\"high\" decoding=\"async\" class=\"aligncenter size-full wp-image-133581\" src=\"https:\/\/www.quebakan.com\/v15\/wp-content\/uploads\/2025\/07\/MARADONA-EL-JUICIO-QUE-NO-FUE-EP-3.jpg\" alt=\"\" width=\"700\" height=\"394\" \/><\/p>\n<p style=\"text-align: justify;\"><span style=\"color: #000000;\"><em>La plataforma de streaming y TV en vivo transmitir\u00e1 el tercer episodio del informe period\u00edstico de DNEWS. La entrega repasa los puntos de mayor conflicto con los acusados. Se podr\u00e1 ver desde el pr\u00f3ximo jueves por <\/em><a style=\"color: #000000;\" href=\"http:\/\/www.directvgo.com\">DGO<\/a>.<\/span><\/p>\n<p style=\"text-align: justify;\"><span style=\"color: #000000;\"><strong>Buenos Aires, 23 de julio de 2025<\/strong> \u2013 Todos los detalles sobre las dram\u00e1ticas \u00faltimas horas de vida de Diego Armando Maradona salen a la luz en el tercer episodio de la investigaci\u00f3n period\u00edstica de DNEWS sobre la escandalosa ca\u00edda del juicio en el que se buscaban eventuales responsabilidades del astro del f\u00fatbol.<\/span><\/p>\n<p style=\"text-align: justify;\"><span style=\"color: #000000;\">La tercera entrega de <strong>\u201cMaradona, el juicio que no fue\u201d<\/strong> repasa cada uno de los acontecimientos previos a la muerte del tambi\u00e9n ex DT de la Selecci\u00f3n Argentina, con el foco en las presuntas irregularidades para determinar su internaci\u00f3n domiciliaria y la cuestionada atenci\u00f3n m\u00e9dica que recibi\u00f3.<\/span><\/p>\n<p style=\"text-align: justify;\"><span style=\"color: #000000;\">\u201c<strong>Diego falleci\u00f3 con mucho sufrimiento y en el abandono total<\/strong>\u201d, remarc\u00f3 Mario Baudry, abogado de Ver\u00f3nica Ojeda (ex pareja de Maradona), en su testimonio para el nuevo cap\u00edtulo de la investigaci\u00f3n period\u00edstica que se estrenar\u00e1 el pr\u00f3ximo jueves, 24 de julio, en la plataforma de streaming y TV en vivo \u00a0<a style=\"color: #000000;\" href=\"http:\/\/www.directvgo.com\">DGO<\/a>.<\/span><\/p>\n<p style=\"text-align: justify;\"><span style=\"color: #000000;\">La nueva presentaci\u00f3n del especial de DNEWS reconstruye los momentos previos a la muerte de Maradona, con los relatos y las distintas interpretaciones de su hija Dalma y su abogado Fernando Burlando; de su expareja Ver\u00f3nica Ojeda; de Julio Rivas, abogado del m\u00e9dico Leopoldo Luque (imputado), y de Miguel \u00c1ngel Pierri, abogado de Mariano Perroni (imputado), entre otros.<\/span><\/p>\n<p style=\"text-align: justify;\"><span style=\"color: #000000;\">El tercer cap\u00edtulo de \u201cMaradona, el juicio que no fue\u201d saca a la luz las pol\u00e9micas deliberaciones en las que se defini\u00f3 la internaci\u00f3n domiciliaria y los principales puntos de conflicto entre los protagonistas del proceso judicial, que dur\u00f3 tres meses y termin\u00f3 anulado por un inaudito esc\u00e1ndalo que motiv\u00f3 la suspensi\u00f3n de la jueza Julieta Makintach.<\/span><\/p>\n<p><img decoding=\"async\" class=\"aligncenter size-full wp-image-133582\" src=\"https:\/\/www.quebakan.com\/v15\/wp-content\/uploads\/2025\/07\/Mario-Baudry.jpg\" alt=\"\" width=\"700\" height=\"437\" \/><\/p>\n<p>&nbsp;<\/p>\n<p><img decoding=\"async\" class=\"aligncenter size-full wp-image-133583\" src=\"https:\/\/www.quebakan.com\/v15\/wp-content\/uploads\/2025\/07\/Dalma-Maradona.jpg\" alt=\"\" width=\"700\" height=\"437\" \/><\/p>\n<p>&nbsp;<\/p>\n<p><img loading=\"lazy\" decoding=\"async\" class=\"aligncenter size-full wp-image-133584\" src=\"https:\/\/www.quebakan.com\/v15\/wp-content\/uploads\/2025\/07\/Fernando-Burlando.jpg\" alt=\"\" width=\"700\" height=\"437\" \/><\/p>\n","protected":false},"excerpt":{"rendered":"<p>La plataforma de streaming y TV en vivo transmitir\u00e1 el tercer episodio del informe period\u00edstico de DNEWS. La entrega repasa los puntos de mayor conflicto con los acusados. Se podr\u00e1 ver desde el pr\u00f3ximo jueves por DGO. Buenos Aires, 23 de julio de 2025 \u2013 Todos los detalles sobre las dram\u00e1ticas \u00faltimas horas de vida [&hellip;]<\/p>\n","protected":false},"author":4,"featured_media":133581,"comment_status":"closed","ping_status":"closed","sticky":false,"template":"","format":"standard","meta":{"_bbp_topic_count":0,"_bbp_reply_count":0,"_bbp_total_topic_count":0,"_bbp_total_reply_count":0,"_bbp_voice_count":0,"_bbp_anonymous_reply_count":0,"_bbp_topic_count_hidden":0,"_bbp_reply_count_hidden":0,"_bbp_forum_subforum_count":0,"buzzeditor_post_format":"","footnotes":""},"categories":[2],"tags":[],"class_list":["post-133580","post","type-post","status-publish","format-standard","has-post-thumbnail","hentry","category-noticias"],"yoast_head":"<!-- This site is optimized with the Yoast SEO plugin v27.5 - https:\/\/yoast.com\/product\/yoast-seo-wordpress\/ -->\n<title>DGO estrena un nuevo cap\u00edtulo sobre \u201cMaradona, el juicio que no fue\u201d, que reconstruye sus dram\u00e1ticas \u00faltimas horas de vida y el \u201cabandono\u201d &#8211; QUEBAKAN.COM 2026: Noticias, Eventos, Conciertos y mucho m\u00e1s....<\/title>\n<meta name=\"robots\" content=\"index, follow, max-snippet:-1, max-image-preview:large, max-video-preview:-1\" \/>\n<link rel=\"canonical\" href=\"https:\/\/www.quebakan.com\/v15\/dgo-estrena-un-nuevo-capitulo-sobre-maradona-el-juicio-que-no-fue-que-reconstruye-sus-dramaticas-ultimas-horas-de-vida-y-el-abandono\/\" \/>\n<meta property=\"og:locale\" content=\"es_ES\" \/>\n<meta property=\"og:type\" content=\"article\" \/>\n<meta property=\"og:title\" content=\"DGO estrena un nuevo cap\u00edtulo sobre \u201cMaradona, el juicio que no fue\u201d, que reconstruye sus dram\u00e1ticas \u00faltimas horas de vida y el \u201cabandono\u201d &#8211; QUEBAKAN.COM 2026: Noticias, Eventos, Conciertos y mucho m\u00e1s....\" \/>\n<meta property=\"og:description\" content=\"La plataforma de streaming y TV en vivo transmitir\u00e1 el tercer episodio del informe period\u00edstico de DNEWS. La entrega repasa los puntos de mayor conflicto con los acusados. Se podr\u00e1 ver desde el pr\u00f3ximo jueves por DGO. Buenos Aires, 23 de julio de 2025 \u2013 Todos los detalles sobre las dram\u00e1ticas \u00faltimas horas de vida [&hellip;]\" \/>\n<meta property=\"og:url\" content=\"https:\/\/www.quebakan.com\/v15\/dgo-estrena-un-nuevo-capitulo-sobre-maradona-el-juicio-que-no-fue-que-reconstruye-sus-dramaticas-ultimas-horas-de-vida-y-el-abandono\/\" \/>\n<meta property=\"og:site_name\" content=\"QUEBAKAN.COM 2026: Noticias, Eventos, Conciertos y mucho m\u00e1s....\" \/>\n<meta property=\"article:publisher\" content=\"http:\/\/www.facebook.com\/quebakan\" \/>\n<meta property=\"article:published_time\" content=\"2025-07-25T16:17:12+00:00\" \/>\n<meta property=\"og:image\" content=\"https:\/\/www.quebakan.com\/v15\/wp-content\/uploads\/2025\/07\/MARADONA-EL-JUICIO-QUE-NO-FUE-EP-3.jpg\" \/>\n\t<meta property=\"og:image:width\" content=\"700\" \/>\n\t<meta property=\"og:image:height\" content=\"394\" \/>\n\t<meta property=\"og:image:type\" content=\"image\/jpeg\" \/>\n<meta name=\"author\" content=\"Erick Villafuerte\" \/>\n<meta name=\"twitter:card\" content=\"summary_large_image\" \/>\n<meta name=\"twitter:creator\" content=\"@quebakanec\" \/>\n<meta name=\"twitter:site\" content=\"@quebakanec\" \/>\n<meta name=\"twitter:label1\" content=\"Escrito por\" \/>\n\t<meta name=\"twitter:data1\" content=\"Erick Villafuerte\" \/>\n\t<meta name=\"twitter:label2\" content=\"Tiempo de lectura\" \/>\n\t<meta name=\"twitter:data2\" content=\"3 minutos\" \/>\n<script type=\"application\/ld+json\" class=\"yoast-schema-graph\">{\"@context\":\"https:\\\/\\\/schema.org\",\"@graph\":[{\"@type\":\"Article\",\"@id\":\"https:\\\/\\\/www.quebakan.com\\\/v15\\\/dgo-estrena-un-nuevo-capitulo-sobre-maradona-el-juicio-que-no-fue-que-reconstruye-sus-dramaticas-ultimas-horas-de-vida-y-el-abandono\\\/#article\",\"isPartOf\":{\"@id\":\"https:\\\/\\\/www.quebakan.com\\\/v15\\\/dgo-estrena-un-nuevo-capitulo-sobre-maradona-el-juicio-que-no-fue-que-reconstruye-sus-dramaticas-ultimas-horas-de-vida-y-el-abandono\\\/\"},\"author\":{\"name\":\"Erick Villafuerte\",\"@id\":\"https:\\\/\\\/www.quebakan.com\\\/v15\\\/#\\\/schema\\\/person\\\/d90fa9f9cfa81eb8ace9811e5b7b9118\"},\"headline\":\"DGO estrena un nuevo cap\u00edtulo sobre \u201cMaradona, el juicio que no fue\u201d, que reconstruye sus dram\u00e1ticas \u00faltimas horas de vida y el \u201cabandono\u201d\",\"datePublished\":\"2025-07-25T16:17:12+00:00\",\"mainEntityOfPage\":{\"@id\":\"https:\\\/\\\/www.quebakan.com\\\/v15\\\/dgo-estrena-un-nuevo-capitulo-sobre-maradona-el-juicio-que-no-fue-que-reconstruye-sus-dramaticas-ultimas-horas-de-vida-y-el-abandono\\\/\"},\"wordCount\":351,\"publisher\":{\"@id\":\"https:\\\/\\\/www.quebakan.com\\\/v15\\\/#organization\"},\"image\":{\"@id\":\"https:\\\/\\\/www.quebakan.com\\\/v15\\\/dgo-estrena-un-nuevo-capitulo-sobre-maradona-el-juicio-que-no-fue-que-reconstruye-sus-dramaticas-ultimas-horas-de-vida-y-el-abandono\\\/#primaryimage\"},\"thumbnailUrl\":\"https:\\\/\\\/www.quebakan.com\\\/v15\\\/wp-content\\\/uploads\\\/2025\\\/07\\\/MARADONA-EL-JUICIO-QUE-NO-FUE-EP-3.jpg\",\"articleSection\":[\"Noticias\"],\"inLanguage\":\"es\"},{\"@type\":\"WebPage\",\"@id\":\"https:\\\/\\\/www.quebakan.com\\\/v15\\\/dgo-estrena-un-nuevo-capitulo-sobre-maradona-el-juicio-que-no-fue-que-reconstruye-sus-dramaticas-ultimas-horas-de-vida-y-el-abandono\\\/\",\"url\":\"https:\\\/\\\/www.quebakan.com\\\/v15\\\/dgo-estrena-un-nuevo-capitulo-sobre-maradona-el-juicio-que-no-fue-que-reconstruye-sus-dramaticas-ultimas-horas-de-vida-y-el-abandono\\\/\",\"name\":\"DGO estrena un nuevo cap\u00edtulo sobre \u201cMaradona, el juicio que no fue\u201d, que reconstruye sus dram\u00e1ticas \u00faltimas horas de vida y el \u201cabandono\u201d &#8211; QUEBAKAN.COM 2026: Noticias, Eventos, Conciertos y mucho m\u00e1s....\",\"isPartOf\":{\"@id\":\"https:\\\/\\\/www.quebakan.com\\\/v15\\\/#website\"},\"primaryImageOfPage\":{\"@id\":\"https:\\\/\\\/www.quebakan.com\\\/v15\\\/dgo-estrena-un-nuevo-capitulo-sobre-maradona-el-juicio-que-no-fue-que-reconstruye-sus-dramaticas-ultimas-horas-de-vida-y-el-abandono\\\/#primaryimage\"},\"image\":{\"@id\":\"https:\\\/\\\/www.quebakan.com\\\/v15\\\/dgo-estrena-un-nuevo-capitulo-sobre-maradona-el-juicio-que-no-fue-que-reconstruye-sus-dramaticas-ultimas-horas-de-vida-y-el-abandono\\\/#primaryimage\"},\"thumbnailUrl\":\"https:\\\/\\\/www.quebakan.com\\\/v15\\\/wp-content\\\/uploads\\\/2025\\\/07\\\/MARADONA-EL-JUICIO-QUE-NO-FUE-EP-3.jpg\",\"datePublished\":\"2025-07-25T16:17:12+00:00\",\"breadcrumb\":{\"@id\":\"https:\\\/\\\/www.quebakan.com\\\/v15\\\/dgo-estrena-un-nuevo-capitulo-sobre-maradona-el-juicio-que-no-fue-que-reconstruye-sus-dramaticas-ultimas-horas-de-vida-y-el-abandono\\\/#breadcrumb\"},\"inLanguage\":\"es\",\"potentialAction\":[{\"@type\":\"ReadAction\",\"target\":[\"https:\\\/\\\/www.quebakan.com\\\/v15\\\/dgo-estrena-un-nuevo-capitulo-sobre-maradona-el-juicio-que-no-fue-que-reconstruye-sus-dramaticas-ultimas-horas-de-vida-y-el-abandono\\\/\"]}]},{\"@type\":\"ImageObject\",\"inLanguage\":\"es\",\"@id\":\"https:\\\/\\\/www.quebakan.com\\\/v15\\\/dgo-estrena-un-nuevo-capitulo-sobre-maradona-el-juicio-que-no-fue-que-reconstruye-sus-dramaticas-ultimas-horas-de-vida-y-el-abandono\\\/#primaryimage\",\"url\":\"https:\\\/\\\/www.quebakan.com\\\/v15\\\/wp-content\\\/uploads\\\/2025\\\/07\\\/MARADONA-EL-JUICIO-QUE-NO-FUE-EP-3.jpg\",\"contentUrl\":\"https:\\\/\\\/www.quebakan.com\\\/v15\\\/wp-content\\\/uploads\\\/2025\\\/07\\\/MARADONA-EL-JUICIO-QUE-NO-FUE-EP-3.jpg\",\"width\":700,\"height\":394},{\"@type\":\"BreadcrumbList\",\"@id\":\"https:\\\/\\\/www.quebakan.com\\\/v15\\\/dgo-estrena-un-nuevo-capitulo-sobre-maradona-el-juicio-que-no-fue-que-reconstruye-sus-dramaticas-ultimas-horas-de-vida-y-el-abandono\\\/#breadcrumb\",\"itemListElement\":[{\"@type\":\"ListItem\",\"position\":1,\"name\":\"Portada\",\"item\":\"https:\\\/\\\/www.quebakan.com\\\/v15\\\/\"},{\"@type\":\"ListItem\",\"position\":2,\"name\":\"DGO estrena un nuevo cap\u00edtulo sobre \u201cMaradona, el juicio que no fue\u201d, que reconstruye sus dram\u00e1ticas \u00faltimas horas de vida y el \u201cabandono\u201d\"}]},{\"@type\":\"WebSite\",\"@id\":\"https:\\\/\\\/www.quebakan.com\\\/v15\\\/#website\",\"url\":\"https:\\\/\\\/www.quebakan.com\\\/v15\\\/\",\"name\":\"QUEBAKAN\",\"description\":\"..\",\"publisher\":{\"@id\":\"https:\\\/\\\/www.quebakan.com\\\/v15\\\/#organization\"},\"potentialAction\":[{\"@type\":\"SearchAction\",\"target\":{\"@type\":\"EntryPoint\",\"urlTemplate\":\"https:\\\/\\\/www.quebakan.com\\\/v15\\\/?s={search_term_string}\"},\"query-input\":{\"@type\":\"PropertyValueSpecification\",\"valueRequired\":true,\"valueName\":\"search_term_string\"}}],\"inLanguage\":\"es\"},{\"@type\":\"Organization\",\"@id\":\"https:\\\/\\\/www.quebakan.com\\\/v15\\\/#organization\",\"name\":\"Quebakan.com\",\"url\":\"https:\\\/\\\/www.quebakan.com\\\/v15\\\/\",\"logo\":{\"@type\":\"ImageObject\",\"inLanguage\":\"es\",\"@id\":\"https:\\\/\\\/www.quebakan.com\\\/v15\\\/#\\\/schema\\\/logo\\\/image\\\/\",\"url\":\"https:\\\/\\\/www.quebakan.com\\\/v15\\\/wp-content\\\/uploads\\\/2023\\\/07\\\/logoquebakanenero2021.jpg\",\"contentUrl\":\"https:\\\/\\\/www.quebakan.com\\\/v15\\\/wp-content\\\/uploads\\\/2023\\\/07\\\/logoquebakanenero2021.jpg\",\"width\":1920,\"height\":1080,\"caption\":\"Quebakan.com\"},\"image\":{\"@id\":\"https:\\\/\\\/www.quebakan.com\\\/v15\\\/#\\\/schema\\\/logo\\\/image\\\/\"},\"sameAs\":[\"http:\\\/\\\/www.facebook.com\\\/quebakan\",\"https:\\\/\\\/x.com\\\/quebakanec\",\"http:\\\/\\\/www.instagram.com\\\/quebakan\",\"http:\\\/\\\/www.youtube.com\\\/quebakan1\"]},{\"@type\":\"Person\",\"@id\":\"https:\\\/\\\/www.quebakan.com\\\/v15\\\/#\\\/schema\\\/person\\\/d90fa9f9cfa81eb8ace9811e5b7b9118\",\"name\":\"Erick Villafuerte\",\"image\":{\"@type\":\"ImageObject\",\"inLanguage\":\"es\",\"@id\":\"https:\\\/\\\/www.quebakan.com\\\/v15\\\/wp-content\\\/uploads\\\/avatars\\\/4\\\/1731297654-bpfull.png\",\"url\":\"https:\\\/\\\/www.quebakan.com\\\/v15\\\/wp-content\\\/uploads\\\/avatars\\\/4\\\/1731297654-bpfull.png\",\"contentUrl\":\"https:\\\/\\\/www.quebakan.com\\\/v15\\\/wp-content\\\/uploads\\\/avatars\\\/4\\\/1731297654-bpfull.png\",\"caption\":\"Erick Villafuerte\"}}]}<\/script>\n<!-- \/ Yoast SEO plugin. -->","yoast_head_json":{"title":"DGO estrena un nuevo cap\u00edtulo sobre \u201cMaradona, el juicio que no fue\u201d, que reconstruye sus dram\u00e1ticas \u00faltimas horas de vida y el \u201cabandono\u201d &#8211; QUEBAKAN.COM 2026: Noticias, Eventos, Conciertos y mucho m\u00e1s....","robots":{"index":"index","follow":"follow","max-snippet":"max-snippet:-1","max-image-preview":"max-image-preview:large","max-video-preview":"max-video-preview:-1"},"canonical":"https:\/\/www.quebakan.com\/v15\/dgo-estrena-un-nuevo-capitulo-sobre-maradona-el-juicio-que-no-fue-que-reconstruye-sus-dramaticas-ultimas-horas-de-vida-y-el-abandono\/","og_locale":"es_ES","og_type":"article","og_title":"DGO estrena un nuevo cap\u00edtulo sobre \u201cMaradona, el juicio que no fue\u201d, que reconstruye sus dram\u00e1ticas \u00faltimas horas de vida y el \u201cabandono\u201d &#8211; QUEBAKAN.COM 2026: Noticias, Eventos, Conciertos y mucho m\u00e1s....","og_description":"La plataforma de streaming y TV en vivo transmitir\u00e1 el tercer episodio del informe period\u00edstico de DNEWS. La entrega repasa los puntos de mayor conflicto con los acusados. Se podr\u00e1 ver desde el pr\u00f3ximo jueves por DGO. Buenos Aires, 23 de julio de 2025 \u2013 Todos los detalles sobre las dram\u00e1ticas \u00faltimas horas de vida [&hellip;]","og_url":"https:\/\/www.quebakan.com\/v15\/dgo-estrena-un-nuevo-capitulo-sobre-maradona-el-juicio-que-no-fue-que-reconstruye-sus-dramaticas-ultimas-horas-de-vida-y-el-abandono\/","og_site_name":"QUEBAKAN.COM 2026: Noticias, Eventos, Conciertos y mucho m\u00e1s....","article_publisher":"http:\/\/www.facebook.com\/quebakan","article_published_time":"2025-07-25T16:17:12+00:00","og_image":[{"width":700,"height":394,"url":"https:\/\/www.quebakan.com\/v15\/wp-content\/uploads\/2025\/07\/MARADONA-EL-JUICIO-QUE-NO-FUE-EP-3.jpg","type":"image\/jpeg"}],"author":"Erick Villafuerte","twitter_card":"summary_large_image","twitter_creator":"@quebakanec","twitter_site":"@quebakanec","twitter_misc":{"Escrito por":"Erick Villafuerte","Tiempo de lectura":"3 minutos"},"schema":{"@context":"https:\/\/schema.org","@graph":[{"@type":"Article","@id":"https:\/\/www.quebakan.com\/v15\/dgo-estrena-un-nuevo-capitulo-sobre-maradona-el-juicio-que-no-fue-que-reconstruye-sus-dramaticas-ultimas-horas-de-vida-y-el-abandono\/#article","isPartOf":{"@id":"https:\/\/www.quebakan.com\/v15\/dgo-estrena-un-nuevo-capitulo-sobre-maradona-el-juicio-que-no-fue-que-reconstruye-sus-dramaticas-ultimas-horas-de-vida-y-el-abandono\/"},"author":{"name":"Erick Villafuerte","@id":"https:\/\/www.quebakan.com\/v15\/#\/schema\/person\/d90fa9f9cfa81eb8ace9811e5b7b9118"},"headline":"DGO estrena un nuevo cap\u00edtulo sobre \u201cMaradona, el juicio que no fue\u201d, que reconstruye sus dram\u00e1ticas \u00faltimas horas de vida y el \u201cabandono\u201d","datePublished":"2025-07-25T16:17:12+00:00","mainEntityOfPage":{"@id":"https:\/\/www.quebakan.com\/v15\/dgo-estrena-un-nuevo-capitulo-sobre-maradona-el-juicio-que-no-fue-que-reconstruye-sus-dramaticas-ultimas-horas-de-vida-y-el-abandono\/"},"wordCount":351,"publisher":{"@id":"https:\/\/www.quebakan.com\/v15\/#organization"},"image":{"@id":"https:\/\/www.quebakan.com\/v15\/dgo-estrena-un-nuevo-capitulo-sobre-maradona-el-juicio-que-no-fue-que-reconstruye-sus-dramaticas-ultimas-horas-de-vida-y-el-abandono\/#primaryimage"},"thumbnailUrl":"https:\/\/www.quebakan.com\/v15\/wp-content\/uploads\/2025\/07\/MARADONA-EL-JUICIO-QUE-NO-FUE-EP-3.jpg","articleSection":["Noticias"],"inLanguage":"es"},{"@type":"WebPage","@id":"https:\/\/www.quebakan.com\/v15\/dgo-estrena-un-nuevo-capitulo-sobre-maradona-el-juicio-que-no-fue-que-reconstruye-sus-dramaticas-ultimas-horas-de-vida-y-el-abandono\/","url":"https:\/\/www.quebakan.com\/v15\/dgo-estrena-un-nuevo-capitulo-sobre-maradona-el-juicio-que-no-fue-que-reconstruye-sus-dramaticas-ultimas-horas-de-vida-y-el-abandono\/","name":"DGO estrena un nuevo cap\u00edtulo sobre \u201cMaradona, el juicio que no fue\u201d, que reconstruye sus dram\u00e1ticas \u00faltimas horas de vida y el \u201cabandono\u201d &#8211; QUEBAKAN.COM 2026: Noticias, Eventos, Conciertos y mucho m\u00e1s....","isPartOf":{"@id":"https:\/\/www.quebakan.com\/v15\/#website"},"primaryImageOfPage":{"@id":"https:\/\/www.quebakan.com\/v15\/dgo-estrena-un-nuevo-capitulo-sobre-maradona-el-juicio-que-no-fue-que-reconstruye-sus-dramaticas-ultimas-horas-de-vida-y-el-abandono\/#primaryimage"},"image":{"@id":"https:\/\/www.quebakan.com\/v15\/dgo-estrena-un-nuevo-capitulo-sobre-maradona-el-juicio-que-no-fue-que-reconstruye-sus-dramaticas-ultimas-horas-de-vida-y-el-abandono\/#primaryimage"},"thumbnailUrl":"https:\/\/www.quebakan.com\/v15\/wp-content\/uploads\/2025\/07\/MARADONA-EL-JUICIO-QUE-NO-FUE-EP-3.jpg","datePublished":"2025-07-25T16:17:12+00:00","breadcrumb":{"@id":"https:\/\/www.quebakan.com\/v15\/dgo-estrena-un-nuevo-capitulo-sobre-maradona-el-juicio-que-no-fue-que-reconstruye-sus-dramaticas-ultimas-horas-de-vida-y-el-abandono\/#breadcrumb"},"inLanguage":"es","potentialAction":[{"@type":"ReadAction","target":["https:\/\/www.quebakan.com\/v15\/dgo-estrena-un-nuevo-capitulo-sobre-maradona-el-juicio-que-no-fue-que-reconstruye-sus-dramaticas-ultimas-horas-de-vida-y-el-abandono\/"]}]},{"@type":"ImageObject","inLanguage":"es","@id":"https:\/\/www.quebakan.com\/v15\/dgo-estrena-un-nuevo-capitulo-sobre-maradona-el-juicio-que-no-fue-que-reconstruye-sus-dramaticas-ultimas-horas-de-vida-y-el-abandono\/#primaryimage","url":"https:\/\/www.quebakan.com\/v15\/wp-content\/uploads\/2025\/07\/MARADONA-EL-JUICIO-QUE-NO-FUE-EP-3.jpg","contentUrl":"https:\/\/www.quebakan.com\/v15\/wp-content\/uploads\/2025\/07\/MARADONA-EL-JUICIO-QUE-NO-FUE-EP-3.jpg","width":700,"height":394},{"@type":"BreadcrumbList","@id":"https:\/\/www.quebakan.com\/v15\/dgo-estrena-un-nuevo-capitulo-sobre-maradona-el-juicio-que-no-fue-que-reconstruye-sus-dramaticas-ultimas-horas-de-vida-y-el-abandono\/#breadcrumb","itemListElement":[{"@type":"ListItem","position":1,"name":"Portada","item":"https:\/\/www.quebakan.com\/v15\/"},{"@type":"ListItem","position":2,"name":"DGO estrena un nuevo cap\u00edtulo sobre \u201cMaradona, el juicio que no fue\u201d, que reconstruye sus dram\u00e1ticas \u00faltimas horas de vida y el \u201cabandono\u201d"}]},{"@type":"WebSite","@id":"https:\/\/www.quebakan.com\/v15\/#website","url":"https:\/\/www.quebakan.com\/v15\/","name":"QUEBAKAN","description":"..","publisher":{"@id":"https:\/\/www.quebakan.com\/v15\/#organization"},"potentialAction":[{"@type":"SearchAction","target":{"@type":"EntryPoint","urlTemplate":"https:\/\/www.quebakan.com\/v15\/?s={search_term_string}"},"query-input":{"@type":"PropertyValueSpecification","valueRequired":true,"valueName":"search_term_string"}}],"inLanguage":"es"},{"@type":"Organization","@id":"https:\/\/www.quebakan.com\/v15\/#organization","name":"Quebakan.com","url":"https:\/\/www.quebakan.com\/v15\/","logo":{"@type":"ImageObject","inLanguage":"es","@id":"https:\/\/www.quebakan.com\/v15\/#\/schema\/logo\/image\/","url":"https:\/\/www.quebakan.com\/v15\/wp-content\/uploads\/2023\/07\/logoquebakanenero2021.jpg","contentUrl":"https:\/\/www.quebakan.com\/v15\/wp-content\/uploads\/2023\/07\/logoquebakanenero2021.jpg","width":1920,"height":1080,"caption":"Quebakan.com"},"image":{"@id":"https:\/\/www.quebakan.com\/v15\/#\/schema\/logo\/image\/"},"sameAs":["http:\/\/www.facebook.com\/quebakan","https:\/\/x.com\/quebakanec","http:\/\/www.instagram.com\/quebakan","http:\/\/www.youtube.com\/quebakan1"]},{"@type":"Person","@id":"https:\/\/www.quebakan.com\/v15\/#\/schema\/person\/d90fa9f9cfa81eb8ace9811e5b7b9118","name":"Erick Villafuerte","image":{"@type":"ImageObject","inLanguage":"es","@id":"https:\/\/www.quebakan.com\/v15\/wp-content\/uploads\/avatars\/4\/1731297654-bpfull.png","url":"https:\/\/www.quebakan.com\/v15\/wp-content\/uploads\/avatars\/4\/1731297654-bpfull.png","contentUrl":"https:\/\/www.quebakan.com\/v15\/wp-content\/uploads\/avatars\/4\/1731297654-bpfull.png","caption":"Erick Villafuerte"}}]}},"_links":{"self":[{"href":"https:\/\/www.quebakan.com\/v15\/wp-json\/wp\/v2\/posts\/133580","targetHints":{"allow":["GET"]}}],"collection":[{"href":"https:\/\/www.quebakan.com\/v15\/wp-json\/wp\/v2\/posts"}],"about":[{"href":"https:\/\/www.quebakan.com\/v15\/wp-json\/wp\/v2\/types\/post"}],"author":[{"embeddable":true,"href":"https:\/\/www.quebakan.com\/v15\/wp-json\/wp\/v2\/users\/4"}],"replies":[{"embeddable":true,"href":"https:\/\/www.quebakan.com\/v15\/wp-json\/wp\/v2\/comments?post=133580"}],"version-history":[{"count":1,"href":"https:\/\/www.quebakan.com\/v15\/wp-json\/wp\/v2\/posts\/133580\/revisions"}],"predecessor-version":[{"id":133585,"href":"https:\/\/www.quebakan.com\/v15\/wp-json\/wp\/v2\/posts\/133580\/revisions\/133585"}],"wp:featuredmedia":[{"embeddable":true,"href":"https:\/\/www.quebakan.com\/v15\/wp-json\/wp\/v2\/media\/133581"}],"wp:attachment":[{"href":"https:\/\/www.quebakan.com\/v15\/wp-json\/wp\/v2\/media?parent=133580"}],"wp:term":[{"taxonomy":"category","embeddable":true,"href":"https:\/\/www.quebakan.com\/v15\/wp-json\/wp\/v2\/categories?post=133580"},{"taxonomy":"post_tag","embeddable":true,"href":"https:\/\/www.quebakan.com\/v15\/wp-json\/wp\/v2\/tags?post=133580"}],"curies":[{"name":"wp","href":"https:\/\/api.w.org\/{rel}","templated":true}]}}