{"id":133586,"date":"2025-07-25T11:51:30","date_gmt":"2025-07-25T16:51:30","guid":{"rendered":"https:\/\/www.quebakan.com\/v15\/?p=133586"},"modified":"2025-07-25T11:51:30","modified_gmt":"2025-07-25T16:51:30","slug":"omar-courtz-llega-a-ecuador-con-su-gira-primera-musa-world-tour-2025-2","status":"publish","type":"post","link":"https:\/\/www.quebakan.com\/v15\/omar-courtz-llega-a-ecuador-con-su-gira-primera-musa-world-tour-2025-2\/","title":{"rendered":"OMAR COURTZ LLEGA A ECUADOR CON SU GIRA \u201cPRIMERA MUSA WORLD TOUR 2025\u201d"},"content":{"rendered":"<p><img fetchpriority=\"high\" decoding=\"async\" class=\"aligncenter size-full wp-image-133587\" src=\"https:\/\/www.quebakan.com\/v15\/wp-content\/uploads\/2025\/07\/Omar-Courtz-feed.jpg\" alt=\"\" width=\"715\" height=\"715\" srcset=\"https:\/\/www.quebakan.com\/v15\/wp-content\/uploads\/2025\/07\/Omar-Courtz-feed.jpg 715w, https:\/\/www.quebakan.com\/v15\/wp-content\/uploads\/2025\/07\/Omar-Courtz-feed-300x300.jpg 300w, https:\/\/www.quebakan.com\/v15\/wp-content\/uploads\/2025\/07\/Omar-Courtz-feed-75x75.jpg 75w\" sizes=\"(max-width: 715px) 100vw, 715px\" \/><\/p>\n<p style=\"text-align: justify;\"><span style=\"color: #000000;\">Omar Courtz, el artista boricua que ha construido una historia impactante y se ha consolidado como una impresionante estrella emergente que conquista escenarios a nivel mundial, llega en medio de una enorme expectativa por primera vez a Ecuador.<\/span><\/p>\n<p style=\"text-align: justify;\"><span style=\"color: #000000;\">Su admiraci\u00f3n por los \u00edconos de la m\u00fasica urbana lo motiv\u00f3 a desarrollar su carrera art\u00edstica. Hoy, tras un \u00e9xito arrollador finalmente confirma su gira \u201cPrimera Musa World Tour 2025\u201d. Su presentaci\u00f3n se llevar\u00e1 a cabo en la ciudad de Guayaquil, el jueves 9 de octubre de 2025, en el Arena Park Samborond\u00f3n, a las 21h00.<\/span><\/p>\n<p style=\"text-align: justify;\"><span style=\"color: #000000;\">\u201cPrimera Musa World Tour 2025\u201d ha sido ovacionada por miles de personas en distintas ciudades de Estados Unidos y Puerto Rico, donde agot\u00f3 tres fechas consecutivas en el Coliseo Jos\u00e9 Miguel<\/span><br \/>\n<span style=\"color: #000000;\">Agrelot (Choliseo). Ahora, contin\u00faa su recorrido por pa\u00edses como Chile, Espa\u00f1a, Per\u00fa. Colombia y Ecuador, que se suman a esta espectacular gira internacional, algunas de ellas ya con sold out<\/span><br \/>\n<span style=\"color: #000000;\">logrado en pocos d\u00edas.<\/span><\/p>\n<p style=\"text-align: justify;\"><span style=\"color: #000000;\">En septiembre de 2024 Omar present\u00f3 su primer \u00e1lbum titulado Primera Musa, un trabajo que refleja la diversidad de influencias que han marcado su camino art\u00edstico. El disco entrelaza su historia personal, el legado familiar y un homenaje a las mujeres fundamentales en su vida. Su propuesta musical abarca g\u00e9neros como reguet\u00f3n, trap, R&amp;B, Jersey club y house, combinando una vibrante energ\u00eda urbana con una elegancia que lo distingue. El \u00e1lbum incluye colaboraciones con destacadas figuras de la escena como Rauw Alejandro, Anuel AA, Dei V, Luar La L y Bryant Myers, entre otros.<\/span><\/p>\n<p style=\"text-align: justify;\"><span style=\"color: #000000;\">Omar Courtz naci\u00f3 hace 27 a\u00f1os en Carolina, Puerto Rico. Desde muy joven mostr\u00f3 inter\u00e9s tanto por la m\u00fasica como por el deporte. Durante su adolescencia trabaj\u00f3 en una tienda de ropa llamada<\/span><br \/>\n<span style=\"color: #000000;\">Change, ubicada en su ciudad natal y frecuentada por artistas urbanos como Farruko, Anuel AA y Ozuna, quienes se convirtieron en sus primeras referencias musicales. Su pasi\u00f3n por el atletismo lo llev\u00f3 a ser medallista en la Liga Atl\u00e9tica Universitaria, lo que le permiti\u00f3 obtener una beca universitaria. Se gradu\u00f3 como ingeniero mec\u00e1nico en la Universidad Interamericana.<\/span><\/p>\n<p style=\"text-align: justify;\"><span style=\"color: #000000;\">Courtz escribi\u00f3 sus primeras canciones a los 10 a\u00f1os y en el 2017 public\u00f3 su tema \u201cVolvamos Otra Vez\u201d en la plataforma de streaming SoundCloud, que sirvi\u00f3 como trampol\u00edn para numerosos talentos del entonces emergente trap latino.<\/span><\/p>\n<p style=\"text-align: justify;\"><span style=\"color: #000000;\">En 2018 lanz\u00f3 su primer EP, \u201cInvierno\u201d, compuesto y producido \u00edntegramente por \u00e9l. Durante la cuarentena en 2020, gan\u00f3 notoriedad con el sencillo \u201cEn Tu Nota\u201d. Su talento llam\u00f3 la atenci\u00f3n de<\/span><br \/>\n<span style=\"color: #000000;\">Pitbull, quien lo fich\u00f3 bajo su sello discogr\u00e1fico Mr. 305 Records. El esfuerzo de Omar Courtz rindi\u00f3 frutos en 2023 con su participaci\u00f3n en \u201cPasiempre\u201d, el aclamado proyecto de Tainy, donde comparti\u00f3 escenario con \u00edconos del trap como MykeTowers, Arc\u00e1ngel, Jhayco y BadBunny. Este lanzamiento no solo afianz\u00f3 su lugar en los rankings musicales, sino que marc\u00f3 un punto de inflexi\u00f3n en su carrera. Ese mismo a\u00f1o, su colaboraci\u00f3n con Daddy Yankee en el tema \u201cBeachy\u201d reafirm\u00f3 su versatilidad dentro del g\u00e9nero urbano.<\/span><\/p>\n<p style=\"text-align: justify;\"><span style=\"color: #000000;\">Entre sus \u00e9xitos m\u00e1s reconocidos se encuentran \u201cVelD\u00c1\u201d, \u201c\u00bfQu\u00e9 vas a hacer hoy?\u201d, \u201cNubes\u201d, \u201cM\u00e1s que algo\u201d, \u201cKyoto\u201d, \u201cLuces de colores\u201d y \u201cLuke Necesitas\u201d, todos con millones de reproducciones en plataformas digitales.<\/span><\/p>\n<p style=\"text-align: justify;\"><span style=\"color: #000000;\">Con una propuesta aut\u00e9ntica, fresca y vers\u00e1til, Omar Courtz presenta en Guayaquil &#8211; Samborond\u00f3n su Primera Musa World Tour 2025, prometiendo una experiencia inolvidable para todos sus seguidores. <\/span><\/p>\n<p style=\"text-align: justify;\"><span style=\"color: #000000;\"><strong>OMAR COURTZ PRIMERA MUSA WORLD TOUR 2025 GUAYAQUIL<\/strong><\/span><br \/>\n<span style=\"color: #000000;\"><strong>JUEVES 9 DE OCTUBRE &#8211; 21H00<\/strong><\/span><br \/>\n<span style=\"color: #000000;\"><strong>ARENA PARK &#8211; SAMBOROND\u00d3N<\/strong><\/span><br \/>\n<span style=\"color: #000000;\">La preventa exclusiva con tarjetas Produbanco inicia el lunes 28 de julio desde las 10h00 de la ma\u00f1ana y estar\u00e1 disponible hasta el mi\u00e9rcoles 30 de julio con el 10% descuento y diferido a 10 meses sin intereses m\u00e1s un mes de gracia hasta agotar stock. A partir del jueves 31 de julio la preventa estar\u00e1 abierta con todas las formas de pago.<\/span><\/p>\n<p style=\"text-align: justify;\"><span style=\"color: #000000;\">Puntos de venta Guayaquil:<\/span><br \/>\n<span style=\"color: #000000;\">Mall del Sol &#8211; Riocentro entre R\u00edos y Ceibos.<\/span><br \/>\n<span style=\"color: #000000;\">V\u00eda online todas las localidades a trav\u00e9s de: https:\/\/www.ticketshow.com.ec<\/span><br \/>\n<span style=\"color: #000000;\">Localidades y costo:<\/span><br \/>\n<span style=\"color: #000000;\">Estos precios no incluyen IVA, ni costo de servicio.<\/span><br \/>\n<span style=\"color: #000000;\">LOKENECESITAS $ 45<\/span><br \/>\n<span style=\"color: #000000;\">BELLAQUITA BOX $ 70<\/span><br \/>\n<span style=\"color: #000000;\">MUSA BOX $ 90<\/span><br \/>\n<span style=\"color: #000000;\">OUSI BOX $ 110<\/span><br \/>\n<span style=\"color: #000000;\">www.topshows.ec<\/span><br \/>\n<span style=\"color: #000000;\">https:\/\/www.ticketshow.com.ec<\/span><br \/>\n<span style=\"color: #000000;\">www.ousoficial.com<\/span><\/p>\n","protected":false},"excerpt":{"rendered":"<p>Omar Courtz, el artista boricua que ha construido una historia impactante y se ha consolidado como una impresionante estrella emergente que conquista escenarios a nivel mundial, llega en medio de una enorme expectativa por primera vez a Ecuador. Su admiraci\u00f3n por los \u00edconos de la m\u00fasica urbana lo motiv\u00f3 a desarrollar su carrera art\u00edstica. Hoy, [&hellip;]<\/p>\n","protected":false},"author":4,"featured_media":133587,"comment_status":"closed","ping_status":"closed","sticky":false,"template":"","format":"standard","meta":{"_bbp_topic_count":0,"_bbp_reply_count":0,"_bbp_total_topic_count":0,"_bbp_total_reply_count":0,"_bbp_voice_count":0,"_bbp_anonymous_reply_count":0,"_bbp_topic_count_hidden":0,"_bbp_reply_count_hidden":0,"_bbp_forum_subforum_count":0,"buzzeditor_post_format":"","footnotes":""},"categories":[3],"tags":[],"class_list":["post-133586","post","type-post","status-publish","format-standard","has-post-thumbnail","hentry","category-eventos"],"yoast_head":"<!-- This site is optimized with the Yoast SEO plugin v27.5 - https:\/\/yoast.com\/product\/yoast-seo-wordpress\/ -->\n<title>OMAR COURTZ LLEGA A ECUADOR CON SU GIRA \u201cPRIMERA MUSA WORLD TOUR 2025\u201d &#8211; QUEBAKAN.COM 2026: Noticias, Eventos, Conciertos y mucho m\u00e1s....<\/title>\n<meta name=\"robots\" content=\"index, follow, max-snippet:-1, max-image-preview:large, max-video-preview:-1\" \/>\n<link rel=\"canonical\" href=\"https:\/\/www.quebakan.com\/v15\/omar-courtz-llega-a-ecuador-con-su-gira-primera-musa-world-tour-2025-2\/\" \/>\n<meta property=\"og:locale\" content=\"es_ES\" \/>\n<meta property=\"og:type\" content=\"article\" \/>\n<meta property=\"og:title\" content=\"OMAR COURTZ LLEGA A ECUADOR CON SU GIRA \u201cPRIMERA MUSA WORLD TOUR 2025\u201d &#8211; QUEBAKAN.COM 2026: Noticias, Eventos, Conciertos y mucho m\u00e1s....\" \/>\n<meta property=\"og:description\" content=\"Omar Courtz, el artista boricua que ha construido una historia impactante y se ha consolidado como una impresionante estrella emergente que conquista escenarios a nivel mundial, llega en medio de una enorme expectativa por primera vez a Ecuador. Su admiraci\u00f3n por los \u00edconos de la m\u00fasica urbana lo motiv\u00f3 a desarrollar su carrera art\u00edstica. Hoy, [&hellip;]\" \/>\n<meta property=\"og:url\" content=\"https:\/\/www.quebakan.com\/v15\/omar-courtz-llega-a-ecuador-con-su-gira-primera-musa-world-tour-2025-2\/\" \/>\n<meta property=\"og:site_name\" content=\"QUEBAKAN.COM 2026: Noticias, Eventos, Conciertos y mucho m\u00e1s....\" \/>\n<meta property=\"article:publisher\" content=\"http:\/\/www.facebook.com\/quebakan\" \/>\n<meta property=\"article:published_time\" content=\"2025-07-25T16:51:30+00:00\" \/>\n<meta property=\"og:image\" content=\"https:\/\/www.quebakan.com\/v15\/wp-content\/uploads\/2025\/07\/Omar-Courtz-feed.jpg\" \/>\n\t<meta property=\"og:image:width\" content=\"715\" \/>\n\t<meta property=\"og:image:height\" content=\"715\" \/>\n\t<meta property=\"og:image:type\" content=\"image\/jpeg\" \/>\n<meta name=\"author\" content=\"Erick Villafuerte\" \/>\n<meta name=\"twitter:card\" content=\"summary_large_image\" \/>\n<meta name=\"twitter:creator\" content=\"@quebakanec\" \/>\n<meta name=\"twitter:site\" content=\"@quebakanec\" \/>\n<meta name=\"twitter:label1\" content=\"Escrito por\" \/>\n\t<meta name=\"twitter:data1\" content=\"Erick Villafuerte\" \/>\n\t<meta name=\"twitter:label2\" content=\"Tiempo de lectura\" \/>\n\t<meta name=\"twitter:data2\" content=\"4 minutos\" \/>\n<script type=\"application\/ld+json\" class=\"yoast-schema-graph\">{\"@context\":\"https:\\\/\\\/schema.org\",\"@graph\":[{\"@type\":\"Article\",\"@id\":\"https:\\\/\\\/www.quebakan.com\\\/v15\\\/omar-courtz-llega-a-ecuador-con-su-gira-primera-musa-world-tour-2025-2\\\/#article\",\"isPartOf\":{\"@id\":\"https:\\\/\\\/www.quebakan.com\\\/v15\\\/omar-courtz-llega-a-ecuador-con-su-gira-primera-musa-world-tour-2025-2\\\/\"},\"author\":{\"name\":\"Erick Villafuerte\",\"@id\":\"https:\\\/\\\/www.quebakan.com\\\/v15\\\/#\\\/schema\\\/person\\\/d90fa9f9cfa81eb8ace9811e5b7b9118\"},\"headline\":\"OMAR COURTZ LLEGA A ECUADOR CON SU GIRA \u201cPRIMERA MUSA WORLD TOUR 2025\u201d\",\"datePublished\":\"2025-07-25T16:51:30+00:00\",\"mainEntityOfPage\":{\"@id\":\"https:\\\/\\\/www.quebakan.com\\\/v15\\\/omar-courtz-llega-a-ecuador-con-su-gira-primera-musa-world-tour-2025-2\\\/\"},\"wordCount\":727,\"publisher\":{\"@id\":\"https:\\\/\\\/www.quebakan.com\\\/v15\\\/#organization\"},\"image\":{\"@id\":\"https:\\\/\\\/www.quebakan.com\\\/v15\\\/omar-courtz-llega-a-ecuador-con-su-gira-primera-musa-world-tour-2025-2\\\/#primaryimage\"},\"thumbnailUrl\":\"https:\\\/\\\/www.quebakan.com\\\/v15\\\/wp-content\\\/uploads\\\/2025\\\/07\\\/Omar-Courtz-feed.jpg\",\"articleSection\":[\"Eventos\"],\"inLanguage\":\"es\"},{\"@type\":\"WebPage\",\"@id\":\"https:\\\/\\\/www.quebakan.com\\\/v15\\\/omar-courtz-llega-a-ecuador-con-su-gira-primera-musa-world-tour-2025-2\\\/\",\"url\":\"https:\\\/\\\/www.quebakan.com\\\/v15\\\/omar-courtz-llega-a-ecuador-con-su-gira-primera-musa-world-tour-2025-2\\\/\",\"name\":\"OMAR COURTZ LLEGA A ECUADOR CON SU GIRA \u201cPRIMERA MUSA WORLD TOUR 2025\u201d &#8211; QUEBAKAN.COM 2026: Noticias, Eventos, Conciertos y mucho m\u00e1s....\",\"isPartOf\":{\"@id\":\"https:\\\/\\\/www.quebakan.com\\\/v15\\\/#website\"},\"primaryImageOfPage\":{\"@id\":\"https:\\\/\\\/www.quebakan.com\\\/v15\\\/omar-courtz-llega-a-ecuador-con-su-gira-primera-musa-world-tour-2025-2\\\/#primaryimage\"},\"image\":{\"@id\":\"https:\\\/\\\/www.quebakan.com\\\/v15\\\/omar-courtz-llega-a-ecuador-con-su-gira-primera-musa-world-tour-2025-2\\\/#primaryimage\"},\"thumbnailUrl\":\"https:\\\/\\\/www.quebakan.com\\\/v15\\\/wp-content\\\/uploads\\\/2025\\\/07\\\/Omar-Courtz-feed.jpg\",\"datePublished\":\"2025-07-25T16:51:30+00:00\",\"breadcrumb\":{\"@id\":\"https:\\\/\\\/www.quebakan.com\\\/v15\\\/omar-courtz-llega-a-ecuador-con-su-gira-primera-musa-world-tour-2025-2\\\/#breadcrumb\"},\"inLanguage\":\"es\",\"potentialAction\":[{\"@type\":\"ReadAction\",\"target\":[\"https:\\\/\\\/www.quebakan.com\\\/v15\\\/omar-courtz-llega-a-ecuador-con-su-gira-primera-musa-world-tour-2025-2\\\/\"]}]},{\"@type\":\"ImageObject\",\"inLanguage\":\"es\",\"@id\":\"https:\\\/\\\/www.quebakan.com\\\/v15\\\/omar-courtz-llega-a-ecuador-con-su-gira-primera-musa-world-tour-2025-2\\\/#primaryimage\",\"url\":\"https:\\\/\\\/www.quebakan.com\\\/v15\\\/wp-content\\\/uploads\\\/2025\\\/07\\\/Omar-Courtz-feed.jpg\",\"contentUrl\":\"https:\\\/\\\/www.quebakan.com\\\/v15\\\/wp-content\\\/uploads\\\/2025\\\/07\\\/Omar-Courtz-feed.jpg\",\"width\":715,\"height\":715},{\"@type\":\"BreadcrumbList\",\"@id\":\"https:\\\/\\\/www.quebakan.com\\\/v15\\\/omar-courtz-llega-a-ecuador-con-su-gira-primera-musa-world-tour-2025-2\\\/#breadcrumb\",\"itemListElement\":[{\"@type\":\"ListItem\",\"position\":1,\"name\":\"Portada\",\"item\":\"https:\\\/\\\/www.quebakan.com\\\/v15\\\/\"},{\"@type\":\"ListItem\",\"position\":2,\"name\":\"OMAR COURTZ LLEGA A ECUADOR CON SU GIRA \u201cPRIMERA MUSA WORLD TOUR 2025\u201d\"}]},{\"@type\":\"WebSite\",\"@id\":\"https:\\\/\\\/www.quebakan.com\\\/v15\\\/#website\",\"url\":\"https:\\\/\\\/www.quebakan.com\\\/v15\\\/\",\"name\":\"QUEBAKAN\",\"description\":\"..\",\"publisher\":{\"@id\":\"https:\\\/\\\/www.quebakan.com\\\/v15\\\/#organization\"},\"potentialAction\":[{\"@type\":\"SearchAction\",\"target\":{\"@type\":\"EntryPoint\",\"urlTemplate\":\"https:\\\/\\\/www.quebakan.com\\\/v15\\\/?s={search_term_string}\"},\"query-input\":{\"@type\":\"PropertyValueSpecification\",\"valueRequired\":true,\"valueName\":\"search_term_string\"}}],\"inLanguage\":\"es\"},{\"@type\":\"Organization\",\"@id\":\"https:\\\/\\\/www.quebakan.com\\\/v15\\\/#organization\",\"name\":\"Quebakan.com\",\"url\":\"https:\\\/\\\/www.quebakan.com\\\/v15\\\/\",\"logo\":{\"@type\":\"ImageObject\",\"inLanguage\":\"es\",\"@id\":\"https:\\\/\\\/www.quebakan.com\\\/v15\\\/#\\\/schema\\\/logo\\\/image\\\/\",\"url\":\"https:\\\/\\\/www.quebakan.com\\\/v15\\\/wp-content\\\/uploads\\\/2023\\\/07\\\/logoquebakanenero2021.jpg\",\"contentUrl\":\"https:\\\/\\\/www.quebakan.com\\\/v15\\\/wp-content\\\/uploads\\\/2023\\\/07\\\/logoquebakanenero2021.jpg\",\"width\":1920,\"height\":1080,\"caption\":\"Quebakan.com\"},\"image\":{\"@id\":\"https:\\\/\\\/www.quebakan.com\\\/v15\\\/#\\\/schema\\\/logo\\\/image\\\/\"},\"sameAs\":[\"http:\\\/\\\/www.facebook.com\\\/quebakan\",\"https:\\\/\\\/x.com\\\/quebakanec\",\"http:\\\/\\\/www.instagram.com\\\/quebakan\",\"http:\\\/\\\/www.youtube.com\\\/quebakan1\"]},{\"@type\":\"Person\",\"@id\":\"https:\\\/\\\/www.quebakan.com\\\/v15\\\/#\\\/schema\\\/person\\\/d90fa9f9cfa81eb8ace9811e5b7b9118\",\"name\":\"Erick Villafuerte\",\"image\":{\"@type\":\"ImageObject\",\"inLanguage\":\"es\",\"@id\":\"https:\\\/\\\/www.quebakan.com\\\/v15\\\/wp-content\\\/uploads\\\/avatars\\\/4\\\/1731297654-bpfull.png\",\"url\":\"https:\\\/\\\/www.quebakan.com\\\/v15\\\/wp-content\\\/uploads\\\/avatars\\\/4\\\/1731297654-bpfull.png\",\"contentUrl\":\"https:\\\/\\\/www.quebakan.com\\\/v15\\\/wp-content\\\/uploads\\\/avatars\\\/4\\\/1731297654-bpfull.png\",\"caption\":\"Erick Villafuerte\"}}]}<\/script>\n<!-- \/ Yoast SEO plugin. -->","yoast_head_json":{"title":"OMAR COURTZ LLEGA A ECUADOR CON SU GIRA \u201cPRIMERA MUSA WORLD TOUR 2025\u201d &#8211; QUEBAKAN.COM 2026: Noticias, Eventos, Conciertos y mucho m\u00e1s....","robots":{"index":"index","follow":"follow","max-snippet":"max-snippet:-1","max-image-preview":"max-image-preview:large","max-video-preview":"max-video-preview:-1"},"canonical":"https:\/\/www.quebakan.com\/v15\/omar-courtz-llega-a-ecuador-con-su-gira-primera-musa-world-tour-2025-2\/","og_locale":"es_ES","og_type":"article","og_title":"OMAR COURTZ LLEGA A ECUADOR CON SU GIRA \u201cPRIMERA MUSA WORLD TOUR 2025\u201d &#8211; QUEBAKAN.COM 2026: Noticias, Eventos, Conciertos y mucho m\u00e1s....","og_description":"Omar Courtz, el artista boricua que ha construido una historia impactante y se ha consolidado como una impresionante estrella emergente que conquista escenarios a nivel mundial, llega en medio de una enorme expectativa por primera vez a Ecuador. Su admiraci\u00f3n por los \u00edconos de la m\u00fasica urbana lo motiv\u00f3 a desarrollar su carrera art\u00edstica. Hoy, [&hellip;]","og_url":"https:\/\/www.quebakan.com\/v15\/omar-courtz-llega-a-ecuador-con-su-gira-primera-musa-world-tour-2025-2\/","og_site_name":"QUEBAKAN.COM 2026: Noticias, Eventos, Conciertos y mucho m\u00e1s....","article_publisher":"http:\/\/www.facebook.com\/quebakan","article_published_time":"2025-07-25T16:51:30+00:00","og_image":[{"width":715,"height":715,"url":"https:\/\/www.quebakan.com\/v15\/wp-content\/uploads\/2025\/07\/Omar-Courtz-feed.jpg","type":"image\/jpeg"}],"author":"Erick Villafuerte","twitter_card":"summary_large_image","twitter_creator":"@quebakanec","twitter_site":"@quebakanec","twitter_misc":{"Escrito por":"Erick Villafuerte","Tiempo de lectura":"4 minutos"},"schema":{"@context":"https:\/\/schema.org","@graph":[{"@type":"Article","@id":"https:\/\/www.quebakan.com\/v15\/omar-courtz-llega-a-ecuador-con-su-gira-primera-musa-world-tour-2025-2\/#article","isPartOf":{"@id":"https:\/\/www.quebakan.com\/v15\/omar-courtz-llega-a-ecuador-con-su-gira-primera-musa-world-tour-2025-2\/"},"author":{"name":"Erick Villafuerte","@id":"https:\/\/www.quebakan.com\/v15\/#\/schema\/person\/d90fa9f9cfa81eb8ace9811e5b7b9118"},"headline":"OMAR COURTZ LLEGA A ECUADOR CON SU GIRA \u201cPRIMERA MUSA WORLD TOUR 2025\u201d","datePublished":"2025-07-25T16:51:30+00:00","mainEntityOfPage":{"@id":"https:\/\/www.quebakan.com\/v15\/omar-courtz-llega-a-ecuador-con-su-gira-primera-musa-world-tour-2025-2\/"},"wordCount":727,"publisher":{"@id":"https:\/\/www.quebakan.com\/v15\/#organization"},"image":{"@id":"https:\/\/www.quebakan.com\/v15\/omar-courtz-llega-a-ecuador-con-su-gira-primera-musa-world-tour-2025-2\/#primaryimage"},"thumbnailUrl":"https:\/\/www.quebakan.com\/v15\/wp-content\/uploads\/2025\/07\/Omar-Courtz-feed.jpg","articleSection":["Eventos"],"inLanguage":"es"},{"@type":"WebPage","@id":"https:\/\/www.quebakan.com\/v15\/omar-courtz-llega-a-ecuador-con-su-gira-primera-musa-world-tour-2025-2\/","url":"https:\/\/www.quebakan.com\/v15\/omar-courtz-llega-a-ecuador-con-su-gira-primera-musa-world-tour-2025-2\/","name":"OMAR COURTZ LLEGA A ECUADOR CON SU GIRA \u201cPRIMERA MUSA WORLD TOUR 2025\u201d &#8211; QUEBAKAN.COM 2026: Noticias, Eventos, Conciertos y mucho m\u00e1s....","isPartOf":{"@id":"https:\/\/www.quebakan.com\/v15\/#website"},"primaryImageOfPage":{"@id":"https:\/\/www.quebakan.com\/v15\/omar-courtz-llega-a-ecuador-con-su-gira-primera-musa-world-tour-2025-2\/#primaryimage"},"image":{"@id":"https:\/\/www.quebakan.com\/v15\/omar-courtz-llega-a-ecuador-con-su-gira-primera-musa-world-tour-2025-2\/#primaryimage"},"thumbnailUrl":"https:\/\/www.quebakan.com\/v15\/wp-content\/uploads\/2025\/07\/Omar-Courtz-feed.jpg","datePublished":"2025-07-25T16:51:30+00:00","breadcrumb":{"@id":"https:\/\/www.quebakan.com\/v15\/omar-courtz-llega-a-ecuador-con-su-gira-primera-musa-world-tour-2025-2\/#breadcrumb"},"inLanguage":"es","potentialAction":[{"@type":"ReadAction","target":["https:\/\/www.quebakan.com\/v15\/omar-courtz-llega-a-ecuador-con-su-gira-primera-musa-world-tour-2025-2\/"]}]},{"@type":"ImageObject","inLanguage":"es","@id":"https:\/\/www.quebakan.com\/v15\/omar-courtz-llega-a-ecuador-con-su-gira-primera-musa-world-tour-2025-2\/#primaryimage","url":"https:\/\/www.quebakan.com\/v15\/wp-content\/uploads\/2025\/07\/Omar-Courtz-feed.jpg","contentUrl":"https:\/\/www.quebakan.com\/v15\/wp-content\/uploads\/2025\/07\/Omar-Courtz-feed.jpg","width":715,"height":715},{"@type":"BreadcrumbList","@id":"https:\/\/www.quebakan.com\/v15\/omar-courtz-llega-a-ecuador-con-su-gira-primera-musa-world-tour-2025-2\/#breadcrumb","itemListElement":[{"@type":"ListItem","position":1,"name":"Portada","item":"https:\/\/www.quebakan.com\/v15\/"},{"@type":"ListItem","position":2,"name":"OMAR COURTZ LLEGA A ECUADOR CON SU GIRA \u201cPRIMERA MUSA WORLD TOUR 2025\u201d"}]},{"@type":"WebSite","@id":"https:\/\/www.quebakan.com\/v15\/#website","url":"https:\/\/www.quebakan.com\/v15\/","name":"QUEBAKAN","description":"..","publisher":{"@id":"https:\/\/www.quebakan.com\/v15\/#organization"},"potentialAction":[{"@type":"SearchAction","target":{"@type":"EntryPoint","urlTemplate":"https:\/\/www.quebakan.com\/v15\/?s={search_term_string}"},"query-input":{"@type":"PropertyValueSpecification","valueRequired":true,"valueName":"search_term_string"}}],"inLanguage":"es"},{"@type":"Organization","@id":"https:\/\/www.quebakan.com\/v15\/#organization","name":"Quebakan.com","url":"https:\/\/www.quebakan.com\/v15\/","logo":{"@type":"ImageObject","inLanguage":"es","@id":"https:\/\/www.quebakan.com\/v15\/#\/schema\/logo\/image\/","url":"https:\/\/www.quebakan.com\/v15\/wp-content\/uploads\/2023\/07\/logoquebakanenero2021.jpg","contentUrl":"https:\/\/www.quebakan.com\/v15\/wp-content\/uploads\/2023\/07\/logoquebakanenero2021.jpg","width":1920,"height":1080,"caption":"Quebakan.com"},"image":{"@id":"https:\/\/www.quebakan.com\/v15\/#\/schema\/logo\/image\/"},"sameAs":["http:\/\/www.facebook.com\/quebakan","https:\/\/x.com\/quebakanec","http:\/\/www.instagram.com\/quebakan","http:\/\/www.youtube.com\/quebakan1"]},{"@type":"Person","@id":"https:\/\/www.quebakan.com\/v15\/#\/schema\/person\/d90fa9f9cfa81eb8ace9811e5b7b9118","name":"Erick Villafuerte","image":{"@type":"ImageObject","inLanguage":"es","@id":"https:\/\/www.quebakan.com\/v15\/wp-content\/uploads\/avatars\/4\/1731297654-bpfull.png","url":"https:\/\/www.quebakan.com\/v15\/wp-content\/uploads\/avatars\/4\/1731297654-bpfull.png","contentUrl":"https:\/\/www.quebakan.com\/v15\/wp-content\/uploads\/avatars\/4\/1731297654-bpfull.png","caption":"Erick Villafuerte"}}]}},"_links":{"self":[{"href":"https:\/\/www.quebakan.com\/v15\/wp-json\/wp\/v2\/posts\/133586","targetHints":{"allow":["GET"]}}],"collection":[{"href":"https:\/\/www.quebakan.com\/v15\/wp-json\/wp\/v2\/posts"}],"about":[{"href":"https:\/\/www.quebakan.com\/v15\/wp-json\/wp\/v2\/types\/post"}],"author":[{"embeddable":true,"href":"https:\/\/www.quebakan.com\/v15\/wp-json\/wp\/v2\/users\/4"}],"replies":[{"embeddable":true,"href":"https:\/\/www.quebakan.com\/v15\/wp-json\/wp\/v2\/comments?post=133586"}],"version-history":[{"count":1,"href":"https:\/\/www.quebakan.com\/v15\/wp-json\/wp\/v2\/posts\/133586\/revisions"}],"predecessor-version":[{"id":133588,"href":"https:\/\/www.quebakan.com\/v15\/wp-json\/wp\/v2\/posts\/133586\/revisions\/133588"}],"wp:featuredmedia":[{"embeddable":true,"href":"https:\/\/www.quebakan.com\/v15\/wp-json\/wp\/v2\/media\/133587"}],"wp:attachment":[{"href":"https:\/\/www.quebakan.com\/v15\/wp-json\/wp\/v2\/media?parent=133586"}],"wp:term":[{"taxonomy":"category","embeddable":true,"href":"https:\/\/www.quebakan.com\/v15\/wp-json\/wp\/v2\/categories?post=133586"},{"taxonomy":"post_tag","embeddable":true,"href":"https:\/\/www.quebakan.com\/v15\/wp-json\/wp\/v2\/tags?post=133586"}],"curies":[{"name":"wp","href":"https:\/\/api.w.org\/{rel}","templated":true}]}}