{"id":134026,"date":"2025-08-07T02:00:32","date_gmt":"2025-08-07T07:00:32","guid":{"rendered":"https:\/\/www.quebakan.com\/v15\/?p=134026"},"modified":"2025-08-07T02:00:32","modified_gmt":"2025-08-07T07:00:32","slug":"contabilidad-el-lenguaje-que-todo-emprendedor-debe-hablar","status":"publish","type":"post","link":"https:\/\/www.quebakan.com\/v15\/contabilidad-el-lenguaje-que-todo-emprendedor-debe-hablar\/","title":{"rendered":"Contabilidad, el lenguaje que todo emprendedor debe hablar"},"content":{"rendered":"<p><img fetchpriority=\"high\" decoding=\"async\" class=\"aligncenter size-full wp-image-134027\" src=\"https:\/\/www.quebakan.com\/v15\/wp-content\/uploads\/2025\/08\/contabilidad-y-emprendedores.jpg\" alt=\"\" width=\"700\" height=\"467\" \/><\/p>\n<ul>\n<li style=\"text-align: justify;\"><span style=\"color: #000000;\">En Ecuador, donde el esp\u00edritu emprendedor es motor econ\u00f3mico, la educaci\u00f3n contable se consolida como una pieza clave para la sostenibilidad de los negocios.<\/span><\/li>\n<\/ul>\n<p style=\"text-align: justify;\"><span style=\"color: #000000;\"><strong>Ecuador, agosto de 2025.<\/strong> \u2013 En el pa\u00eds de las ideas creativas, las ferias barriales y las microempresas familiares, muchas iniciativas emprendedoras enfrentan un desaf\u00edo com\u00fan: no fracasan por falta de pasi\u00f3n, sino por desconocimiento contable. En un entorno cada vez m\u00e1s competitivo, donde los cambios normativos y tecnol\u00f3gicos avanzan a paso firme, la educaci\u00f3n contable se ha convertido en una necesidad urgente para emprender con visi\u00f3n de futuro.<\/span><\/p>\n<p style=\"text-align: justify;\"><span style=\"color: #000000;\">\u201cSaber vender no es suficiente. Si el emprendedor no entiende sus n\u00fameros, no puede tomar decisiones informadas. La contabilidad no es un lujo, es el sistema nervioso del negocio\u201d, asegura Ricardo Vallejo, auditor contable y director comercial de iConta, sistema contable online.<\/span><\/p>\n<p style=\"text-align: justify;\"><span style=\"color: #000000;\">Vallejo lleva m\u00e1s de 13 a\u00f1os asesorando a empresas de todos los tama\u00f1os, y ha sido testigo de un patr\u00f3n que se repite: los emprendedores que no dominan las bases contables tienden a subestimar costos, incumplir con obligaciones tributarias o perder oportunidades de financiamiento. <em>\u201cLa educaci\u00f3n contable empodera. Le da al emprendedor herramientas para crecer con orden, medir su rentabilidad y proyectar su negocio con realismo\u201d.<\/em><\/span><\/p>\n<p style=\"text-align: justify;\"><span style=\"color: #000000;\">El contexto ecuatoriano es particular. Con m\u00e1s del 70% de las unidades productivas conformadas por microempresas, muchas de ellas informales, el acceso a conocimientos contables se vuelve un factor diferencial. <em>\u201cNo se trata de convertir al emprendedor en contador, sino de formarlo como un gestor capaz de interpretar informes, entender su flujo de caja y estar al d\u00eda con el SRI\u201d<\/em>, a\u00f1ade Vallejo.<\/span><\/p>\n<p style=\"text-align: justify;\"><span style=\"color: #000000;\">En este marco, iConta se posiciona como una plataforma contable 100% online, dise\u00f1ada para facilitar el conocimiento y manejo de las finanzas por parte de emprendedores y peque\u00f1os negocios. El sistema permite llevar la contabilidad de forma automatizada, alineada a las normativas ecuatorianas, con respaldo profesional en tiempo real. Adem\u00e1s, cuenta con tutoriales interactivos y recursos did\u00e1cticos que permiten al usuario comprender f\u00e1cilmente el funcionamiento del sistema y realizar el ingreso de cuentas sin complicaciones. <em>\u201cUn emprendedor que domina su contabilidad tiene m\u00e1s oportunidades de acceder a cr\u00e9ditos, crecer ordenadamente y evitar sanciones\u201d,<\/em> subraya Vallejo.<\/span><\/p>\n<p style=\"text-align: justify;\"><span style=\"color: #000000;\">La educaci\u00f3n contable tambi\u00e9n permite que el emprendimiento se proyecte con mayor sostenibilidad. <em>\u201cMuchos negocios operan bien en apariencia, pero en el fondo est\u00e1n desfinanciados. Tener una visi\u00f3n financiera clara, ajustada al marco legal, permite proyectar escenarios, prepararse para impuestos y mejorar la competitividad\u201d,<\/em> explica Vallejo.<\/span><\/p>\n<p style=\"text-align: justify;\"><span style=\"color: #000000;\">Desde su rol como asesor, insiste en que el cambio cultural empieza con peque\u00f1as acciones. <em>\u201cNo hay que esperar a estar en problemas para buscar ayuda contable. La formaci\u00f3n debe comenzar desde el d\u00eda uno del emprendimiento\u201d.<\/em><\/span><\/p>\n<p style=\"text-align: justify;\"><span style=\"color: #000000;\">En tiempos donde la innovaci\u00f3n parece estar en el producto, recordar que la verdadera innovaci\u00f3n est\u00e1 tambi\u00e9n en c\u00f3mo se gestiona es clave. La contabilidad deja de ser un tema de n\u00fameros fr\u00edos para convertirse en una herramienta estrat\u00e9gica, emocionalmente conectada con la seguridad, el crecimiento y la visi\u00f3n a largo plazo.<\/span><\/p>\n<p style=\"text-align: justify;\"><span style=\"color: #000000;\">En palabras de Ricardo Vallejo: <em>\u201c<strong>Quien conoce sus finanzas, conoce su negocio. <\/strong><\/em><strong><em>Y quien conoce su negocio, tiene futuro<\/em><\/strong><em>\u201d.<\/em><\/span><\/p>\n","protected":false},"excerpt":{"rendered":"<p>En Ecuador, donde el esp\u00edritu emprendedor es motor econ\u00f3mico, la educaci\u00f3n contable se consolida como una pieza clave para la sostenibilidad de los negocios. Ecuador, agosto de 2025. \u2013 En el pa\u00eds de las ideas creativas, las ferias barriales y las microempresas familiares, muchas iniciativas emprendedoras enfrentan un desaf\u00edo com\u00fan: no fracasan por falta de [&hellip;]<\/p>\n","protected":false},"author":4,"featured_media":134027,"comment_status":"closed","ping_status":"closed","sticky":false,"template":"","format":"standard","meta":{"_bbp_topic_count":0,"_bbp_reply_count":0,"_bbp_total_topic_count":0,"_bbp_total_reply_count":0,"_bbp_voice_count":0,"_bbp_anonymous_reply_count":0,"_bbp_topic_count_hidden":0,"_bbp_reply_count_hidden":0,"_bbp_forum_subforum_count":0,"buzzeditor_post_format":"","footnotes":""},"categories":[2],"tags":[],"class_list":["post-134026","post","type-post","status-publish","format-standard","has-post-thumbnail","hentry","category-noticias"],"yoast_head":"<!-- This site is optimized with the Yoast SEO plugin v27.5 - https:\/\/yoast.com\/product\/yoast-seo-wordpress\/ -->\n<title>Contabilidad, el lenguaje que todo emprendedor debe hablar &#8211; QUEBAKAN.COM 2026: Noticias, Eventos, Conciertos y mucho m\u00e1s....<\/title>\n<meta name=\"robots\" content=\"index, follow, max-snippet:-1, max-image-preview:large, max-video-preview:-1\" \/>\n<link rel=\"canonical\" href=\"https:\/\/www.quebakan.com\/v15\/contabilidad-el-lenguaje-que-todo-emprendedor-debe-hablar\/\" \/>\n<meta property=\"og:locale\" content=\"es_ES\" \/>\n<meta property=\"og:type\" content=\"article\" \/>\n<meta property=\"og:title\" content=\"Contabilidad, el lenguaje que todo emprendedor debe hablar &#8211; QUEBAKAN.COM 2026: Noticias, Eventos, Conciertos y mucho m\u00e1s....\" \/>\n<meta property=\"og:description\" content=\"En Ecuador, donde el esp\u00edritu emprendedor es motor econ\u00f3mico, la educaci\u00f3n contable se consolida como una pieza clave para la sostenibilidad de los negocios. Ecuador, agosto de 2025. \u2013 En el pa\u00eds de las ideas creativas, las ferias barriales y las microempresas familiares, muchas iniciativas emprendedoras enfrentan un desaf\u00edo com\u00fan: no fracasan por falta de [&hellip;]\" \/>\n<meta property=\"og:url\" content=\"https:\/\/www.quebakan.com\/v15\/contabilidad-el-lenguaje-que-todo-emprendedor-debe-hablar\/\" \/>\n<meta property=\"og:site_name\" content=\"QUEBAKAN.COM 2026: Noticias, Eventos, Conciertos y mucho m\u00e1s....\" \/>\n<meta property=\"article:publisher\" content=\"http:\/\/www.facebook.com\/quebakan\" \/>\n<meta property=\"article:published_time\" content=\"2025-08-07T07:00:32+00:00\" \/>\n<meta property=\"og:image\" content=\"https:\/\/www.quebakan.com\/v15\/wp-content\/uploads\/2025\/08\/contabilidad-y-emprendedores.jpg\" \/>\n\t<meta property=\"og:image:width\" content=\"700\" \/>\n\t<meta property=\"og:image:height\" content=\"467\" \/>\n\t<meta property=\"og:image:type\" content=\"image\/jpeg\" \/>\n<meta name=\"author\" content=\"Erick Villafuerte\" \/>\n<meta name=\"twitter:card\" content=\"summary_large_image\" \/>\n<meta name=\"twitter:creator\" content=\"@quebakanec\" \/>\n<meta name=\"twitter:site\" content=\"@quebakanec\" \/>\n<meta name=\"twitter:label1\" content=\"Escrito por\" \/>\n\t<meta name=\"twitter:data1\" content=\"Erick Villafuerte\" \/>\n\t<meta name=\"twitter:label2\" content=\"Tiempo de lectura\" \/>\n\t<meta name=\"twitter:data2\" content=\"3 minutos\" \/>\n<script type=\"application\/ld+json\" class=\"yoast-schema-graph\">{\"@context\":\"https:\\\/\\\/schema.org\",\"@graph\":[{\"@type\":\"Article\",\"@id\":\"https:\\\/\\\/www.quebakan.com\\\/v15\\\/contabilidad-el-lenguaje-que-todo-emprendedor-debe-hablar\\\/#article\",\"isPartOf\":{\"@id\":\"https:\\\/\\\/www.quebakan.com\\\/v15\\\/contabilidad-el-lenguaje-que-todo-emprendedor-debe-hablar\\\/\"},\"author\":{\"name\":\"Erick Villafuerte\",\"@id\":\"https:\\\/\\\/www.quebakan.com\\\/v15\\\/#\\\/schema\\\/person\\\/d90fa9f9cfa81eb8ace9811e5b7b9118\"},\"headline\":\"Contabilidad, el lenguaje que todo emprendedor debe hablar\",\"datePublished\":\"2025-08-07T07:00:32+00:00\",\"mainEntityOfPage\":{\"@id\":\"https:\\\/\\\/www.quebakan.com\\\/v15\\\/contabilidad-el-lenguaje-que-todo-emprendedor-debe-hablar\\\/\"},\"wordCount\":558,\"publisher\":{\"@id\":\"https:\\\/\\\/www.quebakan.com\\\/v15\\\/#organization\"},\"image\":{\"@id\":\"https:\\\/\\\/www.quebakan.com\\\/v15\\\/contabilidad-el-lenguaje-que-todo-emprendedor-debe-hablar\\\/#primaryimage\"},\"thumbnailUrl\":\"https:\\\/\\\/www.quebakan.com\\\/v15\\\/wp-content\\\/uploads\\\/2025\\\/08\\\/contabilidad-y-emprendedores.jpg\",\"articleSection\":[\"Noticias\"],\"inLanguage\":\"es\"},{\"@type\":\"WebPage\",\"@id\":\"https:\\\/\\\/www.quebakan.com\\\/v15\\\/contabilidad-el-lenguaje-que-todo-emprendedor-debe-hablar\\\/\",\"url\":\"https:\\\/\\\/www.quebakan.com\\\/v15\\\/contabilidad-el-lenguaje-que-todo-emprendedor-debe-hablar\\\/\",\"name\":\"Contabilidad, el lenguaje que todo emprendedor debe hablar &#8211; QUEBAKAN.COM 2026: Noticias, Eventos, Conciertos y mucho m\u00e1s....\",\"isPartOf\":{\"@id\":\"https:\\\/\\\/www.quebakan.com\\\/v15\\\/#website\"},\"primaryImageOfPage\":{\"@id\":\"https:\\\/\\\/www.quebakan.com\\\/v15\\\/contabilidad-el-lenguaje-que-todo-emprendedor-debe-hablar\\\/#primaryimage\"},\"image\":{\"@id\":\"https:\\\/\\\/www.quebakan.com\\\/v15\\\/contabilidad-el-lenguaje-que-todo-emprendedor-debe-hablar\\\/#primaryimage\"},\"thumbnailUrl\":\"https:\\\/\\\/www.quebakan.com\\\/v15\\\/wp-content\\\/uploads\\\/2025\\\/08\\\/contabilidad-y-emprendedores.jpg\",\"datePublished\":\"2025-08-07T07:00:32+00:00\",\"breadcrumb\":{\"@id\":\"https:\\\/\\\/www.quebakan.com\\\/v15\\\/contabilidad-el-lenguaje-que-todo-emprendedor-debe-hablar\\\/#breadcrumb\"},\"inLanguage\":\"es\",\"potentialAction\":[{\"@type\":\"ReadAction\",\"target\":[\"https:\\\/\\\/www.quebakan.com\\\/v15\\\/contabilidad-el-lenguaje-que-todo-emprendedor-debe-hablar\\\/\"]}]},{\"@type\":\"ImageObject\",\"inLanguage\":\"es\",\"@id\":\"https:\\\/\\\/www.quebakan.com\\\/v15\\\/contabilidad-el-lenguaje-que-todo-emprendedor-debe-hablar\\\/#primaryimage\",\"url\":\"https:\\\/\\\/www.quebakan.com\\\/v15\\\/wp-content\\\/uploads\\\/2025\\\/08\\\/contabilidad-y-emprendedores.jpg\",\"contentUrl\":\"https:\\\/\\\/www.quebakan.com\\\/v15\\\/wp-content\\\/uploads\\\/2025\\\/08\\\/contabilidad-y-emprendedores.jpg\",\"width\":700,\"height\":467},{\"@type\":\"BreadcrumbList\",\"@id\":\"https:\\\/\\\/www.quebakan.com\\\/v15\\\/contabilidad-el-lenguaje-que-todo-emprendedor-debe-hablar\\\/#breadcrumb\",\"itemListElement\":[{\"@type\":\"ListItem\",\"position\":1,\"name\":\"Portada\",\"item\":\"https:\\\/\\\/www.quebakan.com\\\/v15\\\/\"},{\"@type\":\"ListItem\",\"position\":2,\"name\":\"Contabilidad, el lenguaje que todo emprendedor debe hablar\"}]},{\"@type\":\"WebSite\",\"@id\":\"https:\\\/\\\/www.quebakan.com\\\/v15\\\/#website\",\"url\":\"https:\\\/\\\/www.quebakan.com\\\/v15\\\/\",\"name\":\"QUEBAKAN\",\"description\":\"..\",\"publisher\":{\"@id\":\"https:\\\/\\\/www.quebakan.com\\\/v15\\\/#organization\"},\"potentialAction\":[{\"@type\":\"SearchAction\",\"target\":{\"@type\":\"EntryPoint\",\"urlTemplate\":\"https:\\\/\\\/www.quebakan.com\\\/v15\\\/?s={search_term_string}\"},\"query-input\":{\"@type\":\"PropertyValueSpecification\",\"valueRequired\":true,\"valueName\":\"search_term_string\"}}],\"inLanguage\":\"es\"},{\"@type\":\"Organization\",\"@id\":\"https:\\\/\\\/www.quebakan.com\\\/v15\\\/#organization\",\"name\":\"Quebakan.com\",\"url\":\"https:\\\/\\\/www.quebakan.com\\\/v15\\\/\",\"logo\":{\"@type\":\"ImageObject\",\"inLanguage\":\"es\",\"@id\":\"https:\\\/\\\/www.quebakan.com\\\/v15\\\/#\\\/schema\\\/logo\\\/image\\\/\",\"url\":\"https:\\\/\\\/www.quebakan.com\\\/v15\\\/wp-content\\\/uploads\\\/2023\\\/07\\\/logoquebakanenero2021.jpg\",\"contentUrl\":\"https:\\\/\\\/www.quebakan.com\\\/v15\\\/wp-content\\\/uploads\\\/2023\\\/07\\\/logoquebakanenero2021.jpg\",\"width\":1920,\"height\":1080,\"caption\":\"Quebakan.com\"},\"image\":{\"@id\":\"https:\\\/\\\/www.quebakan.com\\\/v15\\\/#\\\/schema\\\/logo\\\/image\\\/\"},\"sameAs\":[\"http:\\\/\\\/www.facebook.com\\\/quebakan\",\"https:\\\/\\\/x.com\\\/quebakanec\",\"http:\\\/\\\/www.instagram.com\\\/quebakan\",\"http:\\\/\\\/www.youtube.com\\\/quebakan1\"]},{\"@type\":\"Person\",\"@id\":\"https:\\\/\\\/www.quebakan.com\\\/v15\\\/#\\\/schema\\\/person\\\/d90fa9f9cfa81eb8ace9811e5b7b9118\",\"name\":\"Erick Villafuerte\",\"image\":{\"@type\":\"ImageObject\",\"inLanguage\":\"es\",\"@id\":\"https:\\\/\\\/www.quebakan.com\\\/v15\\\/wp-content\\\/uploads\\\/avatars\\\/4\\\/1731297654-bpfull.png\",\"url\":\"https:\\\/\\\/www.quebakan.com\\\/v15\\\/wp-content\\\/uploads\\\/avatars\\\/4\\\/1731297654-bpfull.png\",\"contentUrl\":\"https:\\\/\\\/www.quebakan.com\\\/v15\\\/wp-content\\\/uploads\\\/avatars\\\/4\\\/1731297654-bpfull.png\",\"caption\":\"Erick Villafuerte\"}}]}<\/script>\n<!-- \/ Yoast SEO plugin. -->","yoast_head_json":{"title":"Contabilidad, el lenguaje que todo emprendedor debe hablar &#8211; QUEBAKAN.COM 2026: Noticias, Eventos, Conciertos y mucho m\u00e1s....","robots":{"index":"index","follow":"follow","max-snippet":"max-snippet:-1","max-image-preview":"max-image-preview:large","max-video-preview":"max-video-preview:-1"},"canonical":"https:\/\/www.quebakan.com\/v15\/contabilidad-el-lenguaje-que-todo-emprendedor-debe-hablar\/","og_locale":"es_ES","og_type":"article","og_title":"Contabilidad, el lenguaje que todo emprendedor debe hablar &#8211; QUEBAKAN.COM 2026: Noticias, Eventos, Conciertos y mucho m\u00e1s....","og_description":"En Ecuador, donde el esp\u00edritu emprendedor es motor econ\u00f3mico, la educaci\u00f3n contable se consolida como una pieza clave para la sostenibilidad de los negocios. Ecuador, agosto de 2025. \u2013 En el pa\u00eds de las ideas creativas, las ferias barriales y las microempresas familiares, muchas iniciativas emprendedoras enfrentan un desaf\u00edo com\u00fan: no fracasan por falta de [&hellip;]","og_url":"https:\/\/www.quebakan.com\/v15\/contabilidad-el-lenguaje-que-todo-emprendedor-debe-hablar\/","og_site_name":"QUEBAKAN.COM 2026: Noticias, Eventos, Conciertos y mucho m\u00e1s....","article_publisher":"http:\/\/www.facebook.com\/quebakan","article_published_time":"2025-08-07T07:00:32+00:00","og_image":[{"width":700,"height":467,"url":"https:\/\/www.quebakan.com\/v15\/wp-content\/uploads\/2025\/08\/contabilidad-y-emprendedores.jpg","type":"image\/jpeg"}],"author":"Erick Villafuerte","twitter_card":"summary_large_image","twitter_creator":"@quebakanec","twitter_site":"@quebakanec","twitter_misc":{"Escrito por":"Erick Villafuerte","Tiempo de lectura":"3 minutos"},"schema":{"@context":"https:\/\/schema.org","@graph":[{"@type":"Article","@id":"https:\/\/www.quebakan.com\/v15\/contabilidad-el-lenguaje-que-todo-emprendedor-debe-hablar\/#article","isPartOf":{"@id":"https:\/\/www.quebakan.com\/v15\/contabilidad-el-lenguaje-que-todo-emprendedor-debe-hablar\/"},"author":{"name":"Erick Villafuerte","@id":"https:\/\/www.quebakan.com\/v15\/#\/schema\/person\/d90fa9f9cfa81eb8ace9811e5b7b9118"},"headline":"Contabilidad, el lenguaje que todo emprendedor debe hablar","datePublished":"2025-08-07T07:00:32+00:00","mainEntityOfPage":{"@id":"https:\/\/www.quebakan.com\/v15\/contabilidad-el-lenguaje-que-todo-emprendedor-debe-hablar\/"},"wordCount":558,"publisher":{"@id":"https:\/\/www.quebakan.com\/v15\/#organization"},"image":{"@id":"https:\/\/www.quebakan.com\/v15\/contabilidad-el-lenguaje-que-todo-emprendedor-debe-hablar\/#primaryimage"},"thumbnailUrl":"https:\/\/www.quebakan.com\/v15\/wp-content\/uploads\/2025\/08\/contabilidad-y-emprendedores.jpg","articleSection":["Noticias"],"inLanguage":"es"},{"@type":"WebPage","@id":"https:\/\/www.quebakan.com\/v15\/contabilidad-el-lenguaje-que-todo-emprendedor-debe-hablar\/","url":"https:\/\/www.quebakan.com\/v15\/contabilidad-el-lenguaje-que-todo-emprendedor-debe-hablar\/","name":"Contabilidad, el lenguaje que todo emprendedor debe hablar &#8211; QUEBAKAN.COM 2026: Noticias, Eventos, Conciertos y mucho m\u00e1s....","isPartOf":{"@id":"https:\/\/www.quebakan.com\/v15\/#website"},"primaryImageOfPage":{"@id":"https:\/\/www.quebakan.com\/v15\/contabilidad-el-lenguaje-que-todo-emprendedor-debe-hablar\/#primaryimage"},"image":{"@id":"https:\/\/www.quebakan.com\/v15\/contabilidad-el-lenguaje-que-todo-emprendedor-debe-hablar\/#primaryimage"},"thumbnailUrl":"https:\/\/www.quebakan.com\/v15\/wp-content\/uploads\/2025\/08\/contabilidad-y-emprendedores.jpg","datePublished":"2025-08-07T07:00:32+00:00","breadcrumb":{"@id":"https:\/\/www.quebakan.com\/v15\/contabilidad-el-lenguaje-que-todo-emprendedor-debe-hablar\/#breadcrumb"},"inLanguage":"es","potentialAction":[{"@type":"ReadAction","target":["https:\/\/www.quebakan.com\/v15\/contabilidad-el-lenguaje-que-todo-emprendedor-debe-hablar\/"]}]},{"@type":"ImageObject","inLanguage":"es","@id":"https:\/\/www.quebakan.com\/v15\/contabilidad-el-lenguaje-que-todo-emprendedor-debe-hablar\/#primaryimage","url":"https:\/\/www.quebakan.com\/v15\/wp-content\/uploads\/2025\/08\/contabilidad-y-emprendedores.jpg","contentUrl":"https:\/\/www.quebakan.com\/v15\/wp-content\/uploads\/2025\/08\/contabilidad-y-emprendedores.jpg","width":700,"height":467},{"@type":"BreadcrumbList","@id":"https:\/\/www.quebakan.com\/v15\/contabilidad-el-lenguaje-que-todo-emprendedor-debe-hablar\/#breadcrumb","itemListElement":[{"@type":"ListItem","position":1,"name":"Portada","item":"https:\/\/www.quebakan.com\/v15\/"},{"@type":"ListItem","position":2,"name":"Contabilidad, el lenguaje que todo emprendedor debe hablar"}]},{"@type":"WebSite","@id":"https:\/\/www.quebakan.com\/v15\/#website","url":"https:\/\/www.quebakan.com\/v15\/","name":"QUEBAKAN","description":"..","publisher":{"@id":"https:\/\/www.quebakan.com\/v15\/#organization"},"potentialAction":[{"@type":"SearchAction","target":{"@type":"EntryPoint","urlTemplate":"https:\/\/www.quebakan.com\/v15\/?s={search_term_string}"},"query-input":{"@type":"PropertyValueSpecification","valueRequired":true,"valueName":"search_term_string"}}],"inLanguage":"es"},{"@type":"Organization","@id":"https:\/\/www.quebakan.com\/v15\/#organization","name":"Quebakan.com","url":"https:\/\/www.quebakan.com\/v15\/","logo":{"@type":"ImageObject","inLanguage":"es","@id":"https:\/\/www.quebakan.com\/v15\/#\/schema\/logo\/image\/","url":"https:\/\/www.quebakan.com\/v15\/wp-content\/uploads\/2023\/07\/logoquebakanenero2021.jpg","contentUrl":"https:\/\/www.quebakan.com\/v15\/wp-content\/uploads\/2023\/07\/logoquebakanenero2021.jpg","width":1920,"height":1080,"caption":"Quebakan.com"},"image":{"@id":"https:\/\/www.quebakan.com\/v15\/#\/schema\/logo\/image\/"},"sameAs":["http:\/\/www.facebook.com\/quebakan","https:\/\/x.com\/quebakanec","http:\/\/www.instagram.com\/quebakan","http:\/\/www.youtube.com\/quebakan1"]},{"@type":"Person","@id":"https:\/\/www.quebakan.com\/v15\/#\/schema\/person\/d90fa9f9cfa81eb8ace9811e5b7b9118","name":"Erick Villafuerte","image":{"@type":"ImageObject","inLanguage":"es","@id":"https:\/\/www.quebakan.com\/v15\/wp-content\/uploads\/avatars\/4\/1731297654-bpfull.png","url":"https:\/\/www.quebakan.com\/v15\/wp-content\/uploads\/avatars\/4\/1731297654-bpfull.png","contentUrl":"https:\/\/www.quebakan.com\/v15\/wp-content\/uploads\/avatars\/4\/1731297654-bpfull.png","caption":"Erick Villafuerte"}}]}},"_links":{"self":[{"href":"https:\/\/www.quebakan.com\/v15\/wp-json\/wp\/v2\/posts\/134026","targetHints":{"allow":["GET"]}}],"collection":[{"href":"https:\/\/www.quebakan.com\/v15\/wp-json\/wp\/v2\/posts"}],"about":[{"href":"https:\/\/www.quebakan.com\/v15\/wp-json\/wp\/v2\/types\/post"}],"author":[{"embeddable":true,"href":"https:\/\/www.quebakan.com\/v15\/wp-json\/wp\/v2\/users\/4"}],"replies":[{"embeddable":true,"href":"https:\/\/www.quebakan.com\/v15\/wp-json\/wp\/v2\/comments?post=134026"}],"version-history":[{"count":1,"href":"https:\/\/www.quebakan.com\/v15\/wp-json\/wp\/v2\/posts\/134026\/revisions"}],"predecessor-version":[{"id":134028,"href":"https:\/\/www.quebakan.com\/v15\/wp-json\/wp\/v2\/posts\/134026\/revisions\/134028"}],"wp:featuredmedia":[{"embeddable":true,"href":"https:\/\/www.quebakan.com\/v15\/wp-json\/wp\/v2\/media\/134027"}],"wp:attachment":[{"href":"https:\/\/www.quebakan.com\/v15\/wp-json\/wp\/v2\/media?parent=134026"}],"wp:term":[{"taxonomy":"category","embeddable":true,"href":"https:\/\/www.quebakan.com\/v15\/wp-json\/wp\/v2\/categories?post=134026"},{"taxonomy":"post_tag","embeddable":true,"href":"https:\/\/www.quebakan.com\/v15\/wp-json\/wp\/v2\/tags?post=134026"}],"curies":[{"name":"wp","href":"https:\/\/api.w.org\/{rel}","templated":true}]}}