{"id":134032,"date":"2025-08-07T16:30:32","date_gmt":"2025-08-07T21:30:32","guid":{"rendered":"https:\/\/www.quebakan.com\/v15\/?p=134032"},"modified":"2025-08-07T16:30:32","modified_gmt":"2025-08-07T21:30:32","slug":"cuando-el-vertigo-pone-tu-mundo-de-cabeza","status":"publish","type":"post","link":"https:\/\/www.quebakan.com\/v15\/cuando-el-vertigo-pone-tu-mundo-de-cabeza\/","title":{"rendered":"Cuando el v\u00e9rtigo pone tu mundo de cabeza"},"content":{"rendered":"<p><img fetchpriority=\"high\" decoding=\"async\" class=\"aligncenter size-full wp-image-134033\" src=\"https:\/\/www.quebakan.com\/v15\/wp-content\/uploads\/2025\/08\/F1.jpg\" alt=\"\" width=\"700\" height=\"314\" \/><\/p>\n<p style=\"text-align: justify;\"><span style=\"color: #000000;\">El sistema oculto que te mantiene en equilibrio\u2014y lo que sucede cuando falla<\/span><\/p>\n<p style=\"text-align: justify;\"><span style=\"color: #000000;\">\u00bfAlguna vez has sentido que el suelo se mueve debajo de ti, o que la habitaci\u00f3n gira, aunque est\u00e9s completamente quieto? Estas sensaciones desconcertantes pueden ser signos de v\u00e9rtigo, una afecci\u00f3n a menudo incomprendida que puede afectar significativamente el equilibrio y la calidad de vida de una persona. En el centro de todo hay una parte del cuerpo de la que la mayor\u00eda de la gente nunca ha o\u00eddo hablar: el sistema vestibular.<\/span><\/p>\n<p style=\"text-align: justify;\"><span style=\"color: #000000;\">El sistema vestibular es una delicada red ubicada en el o\u00eddo interno que nos ayuda a mantenernos erguidos y orientados en el espacio. Trabaja en estrecha colaboraci\u00f3n con nuestra visi\u00f3n y m\u00fasculos, enviando constantemente se\u00f1ales al cerebro sobre nuestra posici\u00f3n, movimiento y orientaci\u00f3n de la cabeza. Cuando este sistema se ve alterado, ya sea debido a una infecci\u00f3n, inflamaci\u00f3n o cambios f\u00edsicos en el o\u00eddo, esas se\u00f1ales se distorsionan y el cerebro lucha por dar sentido a lo que est\u00e1 sucediendo. Ah\u00ed es cuando ataca el v\u00e9rtigo.<\/span><\/p>\n<p style=\"text-align: justify;\"><span style=\"color: #000000;\">\u00abEl v\u00e9rtigo no es una enfermedad, sino un s\u00edntoma. Y a diferencia del simple mareo, el v\u00e9rtigo crea una poderosa ilusi\u00f3n de movimiento: como si t\u00fa o el mundo que te rodea estuvieran girando o inclin\u00e1ndose. Esta sensaci\u00f3n puede llegar repentinamente, durar de segundos a d\u00edas, y dificulta caminar, conducir o incluso quedarse quieto\u00bb, dijo el Dr. \u00c1lvaro Rojas, director m\u00e9dico de Abbott en Am\u00e9rica Latina.<\/span><\/p>\n<p style=\"text-align: justify;\"><span style=\"color: #000000;\">En todo el mundo, el v\u00e9rtigo afecta aproximadamente a 1 de cada 10 personas<a style=\"color: #000000;\" href=\"#_ftn1\" name=\"_ftnref1\">[1]<\/a>, pero a menudo no se diagnostica o se malinterpreta. Se estima que, en promedio, los pacientes realizan 8 visitas al hospital antes de recibir un diagn\u00f3stico preciso de v\u00e9rtigo<a style=\"color: #000000;\" href=\"#_ftn2\" name=\"_ftnref2\">[2]<\/a>, y el tiempo promedio entre el primer signo de v\u00e9rtigo y el diagn\u00f3stico mediante una maniobra de reposicionamiento es de 19 meses, pero podr\u00eda llegar a ser de hasta 70 meses<a style=\"color: #000000;\" href=\"#_ftn3\" name=\"_ftnref3\">[3]<\/a>.<\/span><\/p>\n<p style=\"text-align: justify;\"><span style=\"color: #000000;\">Las ca\u00eddas y las fracturas tambi\u00e9n afectan el estilo de vida; los s\u00edntomas de v\u00e9rtigo pueden aumentar hasta 12 veces el riesgo de sufrir ca\u00eddas<a style=\"color: #000000;\" href=\"#_ftn4\" name=\"_ftnref4\">[4]<\/a>. Aunque este s\u00edntoma puede ser experimentado por cualquier persona, independientemente de su edad, es m\u00e1s probable que afecte a los adultos mayores, ya que las implicaciones de accidentes como ca\u00eddas pueden generar mayores complicaciones.<\/span><\/p>\n<p style=\"text-align: justify;\"><span style=\"color: #000000;\"><strong>\u00a0<\/strong><\/span><\/p>\n<p style=\"text-align: justify;\"><span style=\"color: #000000;\"><strong>Pero \u00bfqu\u00e9 causa el v\u00e9rtigo?<\/strong><\/span><\/p>\n<p style=\"text-align: justify;\"><span style=\"color: #000000;\">Las causas m\u00e1s comunes incluyen v\u00e9rtigo posicional parox\u00edstico benigno (VPPB), donde peque\u00f1os cristales en el o\u00eddo interno se salen de su lugar; laberintitis o neuronitis vestibular, causada por infecciones virales; y otras afecciones del o\u00eddo interno que afectan el sistema de equilibrio del cuerpo. Estos problemas son m\u00e1s comunes en mujeres, con dos o tres veces m\u00e1s frecuencia que en los hombres, pero pueden ser experimentados por cualquier persona<a style=\"color: #000000;\" href=\"#_ftn5\" name=\"_ftnref5\">[5]<\/a>.<\/span><\/p>\n<p style=\"text-align: justify;\"><span style=\"color: #000000;\">Si bien el v\u00e9rtigo y sus implicaciones pueden ser preocupantes, la buena noticia es que es tratable. Un m\u00e9dico puede realizar pruebas simples para determinar si el s\u00edntoma se origina en el o\u00eddo o en el cerebro, y una vez que se realiza un diagn\u00f3stico, se puede desarrollar un plan de atenci\u00f3n personalizado. Las opciones de tratamiento pueden incluir rehabilitaci\u00f3n vestibular, un tipo de fisioterapia que vuelve a entrenar al cerebro para adaptarse a los cambios de equilibrio, tratamiento farmacol\u00f3gico, as\u00ed como ajustes en el estilo de vida para controlar desencadenantes comunes como el estr\u00e9s, la falta de sue\u00f1o o los movimientos repentinos.<\/span><\/p>\n<p style=\"text-align: justify;\"><span style=\"color: #000000;\">Los factores ambientales tambi\u00e9n pueden influir. Los cambios en la altitud o la presi\u00f3n del aire durante el viaje entre regiones pueden afectar el o\u00eddo interno e intensificar los s\u00edntomas de v\u00e9rtigo. Es por eso que es importante conocer la afecci\u00f3n y las opciones de tratamiento.<\/span><\/p>\n<p style=\"text-align: justify;\"><span style=\"color: #000000;\">\u00abSabemos que el v\u00e9rtigo a menudo se puede confundir con mareos o estr\u00e9s general, pero ayudar a las personas a reconocer los signos y buscar orientaci\u00f3n m\u00e9dica es un primer paso cr\u00edtico. Una vez diagnosticadas, muchas personas pueden controlar sus s\u00edntomas y volver a las cosas que disfrutan\u00bb, dijo el Dr. Rojas. \u00abEn Abbott, crear conciencia sobre el sistema vestibular y afecciones como el v\u00e9rtigo es parte de un compromiso m\u00e1s amplio para apoyar la capacidad de las personas para vivir plenamente. Porque cuando vuelve el equilibrio, tambi\u00e9n lo hace la confianza y la capacidad de seguir adelante\u00bb, agreg\u00f3.<\/span><\/p>\n<p style=\"text-align: justify;\"><span style=\"color: #000000;\"><a style=\"color: #000000;\" href=\"#_ftnref1\" name=\"_ftn1\">[1]<\/a> \u00a0Disfunci\u00f3n vestibular: prevalencia, impacto y necesidad de tratamiento dirigido. J Vestib Res. 2013; 23(3):113-117.<\/span><\/p>\n<p style=\"text-align: justify;\"><span style=\"color: #000000;\"><a style=\"color: #000000;\" href=\"#_ftnref2\" name=\"_ftn2\">[2]<\/a> Wang H, Yu D, Song N, Su K, Yin S. Delayed diagnosis and treatment of benign paroxysmal positional vertigo associated with current practice. <em>Eur Arch Otorhinolaryngol<\/em>. 2014;271(2):261-264. doi:10.1007\/s00405-012-2333-8.<\/span><\/p>\n<p style=\"text-align: justify;\"><span style=\"color: #000000;\"><a style=\"color: #000000;\" href=\"#_ftnref3\" name=\"_ftn3\">[3]<\/a> Arshad M, Abbas S, Qureshi IA. Delay in diagnosis and treatment of benign paroxysmal positional vertigo in current practice. <em>J Ayub Med Coll Abbottabad<\/em>. 2013;25(1-2):93-95.<\/span><\/p>\n<p style=\"text-align: justify;\"><span style=\"color: #000000;\"><a style=\"color: #000000;\" href=\"#_ftnref4\" name=\"_ftn4\">[4]<\/a> Agrawal Y, Ward BK, Minor LB. Vestibular dysfunction: prevalence, impact and need for targeted treatment. <em>J Vestib Res<\/em>. 2013;23(3):113-117. doi:10.3233\/VES-130498.<\/span><\/p>\n<p style=\"text-align: justify;\"><span style=\"color: #000000;\"><a style=\"color: #000000;\" href=\"#_ftnref5\" name=\"_ftn5\">[5]<\/a> Neuhauser HK. The epidemiology of dizziness and vertigo. <em>Handb Clin Neurol<\/em>. 2016;137:67-82. doi:10.1016\/B978-0-444-63437-5.00005-4.<\/span><\/p>\n","protected":false},"excerpt":{"rendered":"<p>El sistema oculto que te mantiene en equilibrio\u2014y lo que sucede cuando falla \u00bfAlguna vez has sentido que el suelo se mueve debajo de ti, o que la habitaci\u00f3n gira, aunque est\u00e9s completamente quieto? Estas sensaciones desconcertantes pueden ser signos de v\u00e9rtigo, una afecci\u00f3n a menudo incomprendida que puede afectar significativamente el equilibrio y la [&hellip;]<\/p>\n","protected":false},"author":4,"featured_media":134033,"comment_status":"closed","ping_status":"closed","sticky":false,"template":"","format":"standard","meta":{"_bbp_topic_count":0,"_bbp_reply_count":0,"_bbp_total_topic_count":0,"_bbp_total_reply_count":0,"_bbp_voice_count":0,"_bbp_anonymous_reply_count":0,"_bbp_topic_count_hidden":0,"_bbp_reply_count_hidden":0,"_bbp_forum_subforum_count":0,"buzzeditor_post_format":"","footnotes":""},"categories":[2],"tags":[],"class_list":["post-134032","post","type-post","status-publish","format-standard","has-post-thumbnail","hentry","category-noticias"],"yoast_head":"<!-- This site is optimized with the Yoast SEO plugin v27.5 - https:\/\/yoast.com\/product\/yoast-seo-wordpress\/ -->\n<title>Cuando el v\u00e9rtigo pone tu mundo de cabeza &#8211; QUEBAKAN.COM 2026: Noticias, Eventos, Conciertos y mucho m\u00e1s....<\/title>\n<meta name=\"robots\" content=\"index, follow, max-snippet:-1, max-image-preview:large, max-video-preview:-1\" \/>\n<link rel=\"canonical\" href=\"https:\/\/www.quebakan.com\/v15\/cuando-el-vertigo-pone-tu-mundo-de-cabeza\/\" \/>\n<meta property=\"og:locale\" content=\"es_ES\" \/>\n<meta property=\"og:type\" content=\"article\" \/>\n<meta property=\"og:title\" content=\"Cuando el v\u00e9rtigo pone tu mundo de cabeza &#8211; QUEBAKAN.COM 2026: Noticias, Eventos, Conciertos y mucho m\u00e1s....\" \/>\n<meta property=\"og:description\" content=\"El sistema oculto que te mantiene en equilibrio\u2014y lo que sucede cuando falla \u00bfAlguna vez has sentido que el suelo se mueve debajo de ti, o que la habitaci\u00f3n gira, aunque est\u00e9s completamente quieto? Estas sensaciones desconcertantes pueden ser signos de v\u00e9rtigo, una afecci\u00f3n a menudo incomprendida que puede afectar significativamente el equilibrio y la [&hellip;]\" \/>\n<meta property=\"og:url\" content=\"https:\/\/www.quebakan.com\/v15\/cuando-el-vertigo-pone-tu-mundo-de-cabeza\/\" \/>\n<meta property=\"og:site_name\" content=\"QUEBAKAN.COM 2026: Noticias, Eventos, Conciertos y mucho m\u00e1s....\" \/>\n<meta property=\"article:publisher\" content=\"http:\/\/www.facebook.com\/quebakan\" \/>\n<meta property=\"article:published_time\" content=\"2025-08-07T21:30:32+00:00\" \/>\n<meta property=\"og:image\" content=\"https:\/\/www.quebakan.com\/v15\/wp-content\/uploads\/2025\/08\/F1.jpg\" \/>\n\t<meta property=\"og:image:width\" content=\"700\" \/>\n\t<meta property=\"og:image:height\" content=\"314\" \/>\n\t<meta property=\"og:image:type\" content=\"image\/jpeg\" \/>\n<meta name=\"author\" content=\"Erick Villafuerte\" \/>\n<meta name=\"twitter:card\" content=\"summary_large_image\" \/>\n<meta name=\"twitter:creator\" content=\"@quebakanec\" \/>\n<meta name=\"twitter:site\" content=\"@quebakanec\" \/>\n<meta name=\"twitter:label1\" content=\"Escrito por\" \/>\n\t<meta name=\"twitter:data1\" content=\"Erick Villafuerte\" \/>\n\t<meta name=\"twitter:label2\" content=\"Tiempo de lectura\" \/>\n\t<meta name=\"twitter:data2\" content=\"5 minutos\" \/>\n<script type=\"application\/ld+json\" class=\"yoast-schema-graph\">{\"@context\":\"https:\\\/\\\/schema.org\",\"@graph\":[{\"@type\":\"Article\",\"@id\":\"https:\\\/\\\/www.quebakan.com\\\/v15\\\/cuando-el-vertigo-pone-tu-mundo-de-cabeza\\\/#article\",\"isPartOf\":{\"@id\":\"https:\\\/\\\/www.quebakan.com\\\/v15\\\/cuando-el-vertigo-pone-tu-mundo-de-cabeza\\\/\"},\"author\":{\"name\":\"Erick Villafuerte\",\"@id\":\"https:\\\/\\\/www.quebakan.com\\\/v15\\\/#\\\/schema\\\/person\\\/d90fa9f9cfa81eb8ace9811e5b7b9118\"},\"headline\":\"Cuando el v\u00e9rtigo pone tu mundo de cabeza\",\"datePublished\":\"2025-08-07T21:30:32+00:00\",\"mainEntityOfPage\":{\"@id\":\"https:\\\/\\\/www.quebakan.com\\\/v15\\\/cuando-el-vertigo-pone-tu-mundo-de-cabeza\\\/\"},\"wordCount\":886,\"publisher\":{\"@id\":\"https:\\\/\\\/www.quebakan.com\\\/v15\\\/#organization\"},\"image\":{\"@id\":\"https:\\\/\\\/www.quebakan.com\\\/v15\\\/cuando-el-vertigo-pone-tu-mundo-de-cabeza\\\/#primaryimage\"},\"thumbnailUrl\":\"https:\\\/\\\/www.quebakan.com\\\/v15\\\/wp-content\\\/uploads\\\/2025\\\/08\\\/F1.jpg\",\"articleSection\":[\"Noticias\"],\"inLanguage\":\"es\"},{\"@type\":\"WebPage\",\"@id\":\"https:\\\/\\\/www.quebakan.com\\\/v15\\\/cuando-el-vertigo-pone-tu-mundo-de-cabeza\\\/\",\"url\":\"https:\\\/\\\/www.quebakan.com\\\/v15\\\/cuando-el-vertigo-pone-tu-mundo-de-cabeza\\\/\",\"name\":\"Cuando el v\u00e9rtigo pone tu mundo de cabeza &#8211; QUEBAKAN.COM 2026: Noticias, Eventos, Conciertos y mucho m\u00e1s....\",\"isPartOf\":{\"@id\":\"https:\\\/\\\/www.quebakan.com\\\/v15\\\/#website\"},\"primaryImageOfPage\":{\"@id\":\"https:\\\/\\\/www.quebakan.com\\\/v15\\\/cuando-el-vertigo-pone-tu-mundo-de-cabeza\\\/#primaryimage\"},\"image\":{\"@id\":\"https:\\\/\\\/www.quebakan.com\\\/v15\\\/cuando-el-vertigo-pone-tu-mundo-de-cabeza\\\/#primaryimage\"},\"thumbnailUrl\":\"https:\\\/\\\/www.quebakan.com\\\/v15\\\/wp-content\\\/uploads\\\/2025\\\/08\\\/F1.jpg\",\"datePublished\":\"2025-08-07T21:30:32+00:00\",\"breadcrumb\":{\"@id\":\"https:\\\/\\\/www.quebakan.com\\\/v15\\\/cuando-el-vertigo-pone-tu-mundo-de-cabeza\\\/#breadcrumb\"},\"inLanguage\":\"es\",\"potentialAction\":[{\"@type\":\"ReadAction\",\"target\":[\"https:\\\/\\\/www.quebakan.com\\\/v15\\\/cuando-el-vertigo-pone-tu-mundo-de-cabeza\\\/\"]}]},{\"@type\":\"ImageObject\",\"inLanguage\":\"es\",\"@id\":\"https:\\\/\\\/www.quebakan.com\\\/v15\\\/cuando-el-vertigo-pone-tu-mundo-de-cabeza\\\/#primaryimage\",\"url\":\"https:\\\/\\\/www.quebakan.com\\\/v15\\\/wp-content\\\/uploads\\\/2025\\\/08\\\/F1.jpg\",\"contentUrl\":\"https:\\\/\\\/www.quebakan.com\\\/v15\\\/wp-content\\\/uploads\\\/2025\\\/08\\\/F1.jpg\",\"width\":700,\"height\":314},{\"@type\":\"BreadcrumbList\",\"@id\":\"https:\\\/\\\/www.quebakan.com\\\/v15\\\/cuando-el-vertigo-pone-tu-mundo-de-cabeza\\\/#breadcrumb\",\"itemListElement\":[{\"@type\":\"ListItem\",\"position\":1,\"name\":\"Portada\",\"item\":\"https:\\\/\\\/www.quebakan.com\\\/v15\\\/\"},{\"@type\":\"ListItem\",\"position\":2,\"name\":\"Cuando el v\u00e9rtigo pone tu mundo de cabeza\"}]},{\"@type\":\"WebSite\",\"@id\":\"https:\\\/\\\/www.quebakan.com\\\/v15\\\/#website\",\"url\":\"https:\\\/\\\/www.quebakan.com\\\/v15\\\/\",\"name\":\"QUEBAKAN\",\"description\":\"..\",\"publisher\":{\"@id\":\"https:\\\/\\\/www.quebakan.com\\\/v15\\\/#organization\"},\"potentialAction\":[{\"@type\":\"SearchAction\",\"target\":{\"@type\":\"EntryPoint\",\"urlTemplate\":\"https:\\\/\\\/www.quebakan.com\\\/v15\\\/?s={search_term_string}\"},\"query-input\":{\"@type\":\"PropertyValueSpecification\",\"valueRequired\":true,\"valueName\":\"search_term_string\"}}],\"inLanguage\":\"es\"},{\"@type\":\"Organization\",\"@id\":\"https:\\\/\\\/www.quebakan.com\\\/v15\\\/#organization\",\"name\":\"Quebakan.com\",\"url\":\"https:\\\/\\\/www.quebakan.com\\\/v15\\\/\",\"logo\":{\"@type\":\"ImageObject\",\"inLanguage\":\"es\",\"@id\":\"https:\\\/\\\/www.quebakan.com\\\/v15\\\/#\\\/schema\\\/logo\\\/image\\\/\",\"url\":\"https:\\\/\\\/www.quebakan.com\\\/v15\\\/wp-content\\\/uploads\\\/2023\\\/07\\\/logoquebakanenero2021.jpg\",\"contentUrl\":\"https:\\\/\\\/www.quebakan.com\\\/v15\\\/wp-content\\\/uploads\\\/2023\\\/07\\\/logoquebakanenero2021.jpg\",\"width\":1920,\"height\":1080,\"caption\":\"Quebakan.com\"},\"image\":{\"@id\":\"https:\\\/\\\/www.quebakan.com\\\/v15\\\/#\\\/schema\\\/logo\\\/image\\\/\"},\"sameAs\":[\"http:\\\/\\\/www.facebook.com\\\/quebakan\",\"https:\\\/\\\/x.com\\\/quebakanec\",\"http:\\\/\\\/www.instagram.com\\\/quebakan\",\"http:\\\/\\\/www.youtube.com\\\/quebakan1\"]},{\"@type\":\"Person\",\"@id\":\"https:\\\/\\\/www.quebakan.com\\\/v15\\\/#\\\/schema\\\/person\\\/d90fa9f9cfa81eb8ace9811e5b7b9118\",\"name\":\"Erick Villafuerte\",\"image\":{\"@type\":\"ImageObject\",\"inLanguage\":\"es\",\"@id\":\"https:\\\/\\\/www.quebakan.com\\\/v15\\\/wp-content\\\/uploads\\\/avatars\\\/4\\\/1731297654-bpfull.png\",\"url\":\"https:\\\/\\\/www.quebakan.com\\\/v15\\\/wp-content\\\/uploads\\\/avatars\\\/4\\\/1731297654-bpfull.png\",\"contentUrl\":\"https:\\\/\\\/www.quebakan.com\\\/v15\\\/wp-content\\\/uploads\\\/avatars\\\/4\\\/1731297654-bpfull.png\",\"caption\":\"Erick Villafuerte\"}}]}<\/script>\n<!-- \/ Yoast SEO plugin. -->","yoast_head_json":{"title":"Cuando el v\u00e9rtigo pone tu mundo de cabeza &#8211; QUEBAKAN.COM 2026: Noticias, Eventos, Conciertos y mucho m\u00e1s....","robots":{"index":"index","follow":"follow","max-snippet":"max-snippet:-1","max-image-preview":"max-image-preview:large","max-video-preview":"max-video-preview:-1"},"canonical":"https:\/\/www.quebakan.com\/v15\/cuando-el-vertigo-pone-tu-mundo-de-cabeza\/","og_locale":"es_ES","og_type":"article","og_title":"Cuando el v\u00e9rtigo pone tu mundo de cabeza &#8211; QUEBAKAN.COM 2026: Noticias, Eventos, Conciertos y mucho m\u00e1s....","og_description":"El sistema oculto que te mantiene en equilibrio\u2014y lo que sucede cuando falla \u00bfAlguna vez has sentido que el suelo se mueve debajo de ti, o que la habitaci\u00f3n gira, aunque est\u00e9s completamente quieto? Estas sensaciones desconcertantes pueden ser signos de v\u00e9rtigo, una afecci\u00f3n a menudo incomprendida que puede afectar significativamente el equilibrio y la [&hellip;]","og_url":"https:\/\/www.quebakan.com\/v15\/cuando-el-vertigo-pone-tu-mundo-de-cabeza\/","og_site_name":"QUEBAKAN.COM 2026: Noticias, Eventos, Conciertos y mucho m\u00e1s....","article_publisher":"http:\/\/www.facebook.com\/quebakan","article_published_time":"2025-08-07T21:30:32+00:00","og_image":[{"width":700,"height":314,"url":"https:\/\/www.quebakan.com\/v15\/wp-content\/uploads\/2025\/08\/F1.jpg","type":"image\/jpeg"}],"author":"Erick Villafuerte","twitter_card":"summary_large_image","twitter_creator":"@quebakanec","twitter_site":"@quebakanec","twitter_misc":{"Escrito por":"Erick Villafuerte","Tiempo de lectura":"5 minutos"},"schema":{"@context":"https:\/\/schema.org","@graph":[{"@type":"Article","@id":"https:\/\/www.quebakan.com\/v15\/cuando-el-vertigo-pone-tu-mundo-de-cabeza\/#article","isPartOf":{"@id":"https:\/\/www.quebakan.com\/v15\/cuando-el-vertigo-pone-tu-mundo-de-cabeza\/"},"author":{"name":"Erick Villafuerte","@id":"https:\/\/www.quebakan.com\/v15\/#\/schema\/person\/d90fa9f9cfa81eb8ace9811e5b7b9118"},"headline":"Cuando el v\u00e9rtigo pone tu mundo de cabeza","datePublished":"2025-08-07T21:30:32+00:00","mainEntityOfPage":{"@id":"https:\/\/www.quebakan.com\/v15\/cuando-el-vertigo-pone-tu-mundo-de-cabeza\/"},"wordCount":886,"publisher":{"@id":"https:\/\/www.quebakan.com\/v15\/#organization"},"image":{"@id":"https:\/\/www.quebakan.com\/v15\/cuando-el-vertigo-pone-tu-mundo-de-cabeza\/#primaryimage"},"thumbnailUrl":"https:\/\/www.quebakan.com\/v15\/wp-content\/uploads\/2025\/08\/F1.jpg","articleSection":["Noticias"],"inLanguage":"es"},{"@type":"WebPage","@id":"https:\/\/www.quebakan.com\/v15\/cuando-el-vertigo-pone-tu-mundo-de-cabeza\/","url":"https:\/\/www.quebakan.com\/v15\/cuando-el-vertigo-pone-tu-mundo-de-cabeza\/","name":"Cuando el v\u00e9rtigo pone tu mundo de cabeza &#8211; QUEBAKAN.COM 2026: Noticias, Eventos, Conciertos y mucho m\u00e1s....","isPartOf":{"@id":"https:\/\/www.quebakan.com\/v15\/#website"},"primaryImageOfPage":{"@id":"https:\/\/www.quebakan.com\/v15\/cuando-el-vertigo-pone-tu-mundo-de-cabeza\/#primaryimage"},"image":{"@id":"https:\/\/www.quebakan.com\/v15\/cuando-el-vertigo-pone-tu-mundo-de-cabeza\/#primaryimage"},"thumbnailUrl":"https:\/\/www.quebakan.com\/v15\/wp-content\/uploads\/2025\/08\/F1.jpg","datePublished":"2025-08-07T21:30:32+00:00","breadcrumb":{"@id":"https:\/\/www.quebakan.com\/v15\/cuando-el-vertigo-pone-tu-mundo-de-cabeza\/#breadcrumb"},"inLanguage":"es","potentialAction":[{"@type":"ReadAction","target":["https:\/\/www.quebakan.com\/v15\/cuando-el-vertigo-pone-tu-mundo-de-cabeza\/"]}]},{"@type":"ImageObject","inLanguage":"es","@id":"https:\/\/www.quebakan.com\/v15\/cuando-el-vertigo-pone-tu-mundo-de-cabeza\/#primaryimage","url":"https:\/\/www.quebakan.com\/v15\/wp-content\/uploads\/2025\/08\/F1.jpg","contentUrl":"https:\/\/www.quebakan.com\/v15\/wp-content\/uploads\/2025\/08\/F1.jpg","width":700,"height":314},{"@type":"BreadcrumbList","@id":"https:\/\/www.quebakan.com\/v15\/cuando-el-vertigo-pone-tu-mundo-de-cabeza\/#breadcrumb","itemListElement":[{"@type":"ListItem","position":1,"name":"Portada","item":"https:\/\/www.quebakan.com\/v15\/"},{"@type":"ListItem","position":2,"name":"Cuando el v\u00e9rtigo pone tu mundo de cabeza"}]},{"@type":"WebSite","@id":"https:\/\/www.quebakan.com\/v15\/#website","url":"https:\/\/www.quebakan.com\/v15\/","name":"QUEBAKAN","description":"..","publisher":{"@id":"https:\/\/www.quebakan.com\/v15\/#organization"},"potentialAction":[{"@type":"SearchAction","target":{"@type":"EntryPoint","urlTemplate":"https:\/\/www.quebakan.com\/v15\/?s={search_term_string}"},"query-input":{"@type":"PropertyValueSpecification","valueRequired":true,"valueName":"search_term_string"}}],"inLanguage":"es"},{"@type":"Organization","@id":"https:\/\/www.quebakan.com\/v15\/#organization","name":"Quebakan.com","url":"https:\/\/www.quebakan.com\/v15\/","logo":{"@type":"ImageObject","inLanguage":"es","@id":"https:\/\/www.quebakan.com\/v15\/#\/schema\/logo\/image\/","url":"https:\/\/www.quebakan.com\/v15\/wp-content\/uploads\/2023\/07\/logoquebakanenero2021.jpg","contentUrl":"https:\/\/www.quebakan.com\/v15\/wp-content\/uploads\/2023\/07\/logoquebakanenero2021.jpg","width":1920,"height":1080,"caption":"Quebakan.com"},"image":{"@id":"https:\/\/www.quebakan.com\/v15\/#\/schema\/logo\/image\/"},"sameAs":["http:\/\/www.facebook.com\/quebakan","https:\/\/x.com\/quebakanec","http:\/\/www.instagram.com\/quebakan","http:\/\/www.youtube.com\/quebakan1"]},{"@type":"Person","@id":"https:\/\/www.quebakan.com\/v15\/#\/schema\/person\/d90fa9f9cfa81eb8ace9811e5b7b9118","name":"Erick Villafuerte","image":{"@type":"ImageObject","inLanguage":"es","@id":"https:\/\/www.quebakan.com\/v15\/wp-content\/uploads\/avatars\/4\/1731297654-bpfull.png","url":"https:\/\/www.quebakan.com\/v15\/wp-content\/uploads\/avatars\/4\/1731297654-bpfull.png","contentUrl":"https:\/\/www.quebakan.com\/v15\/wp-content\/uploads\/avatars\/4\/1731297654-bpfull.png","caption":"Erick Villafuerte"}}]}},"_links":{"self":[{"href":"https:\/\/www.quebakan.com\/v15\/wp-json\/wp\/v2\/posts\/134032","targetHints":{"allow":["GET"]}}],"collection":[{"href":"https:\/\/www.quebakan.com\/v15\/wp-json\/wp\/v2\/posts"}],"about":[{"href":"https:\/\/www.quebakan.com\/v15\/wp-json\/wp\/v2\/types\/post"}],"author":[{"embeddable":true,"href":"https:\/\/www.quebakan.com\/v15\/wp-json\/wp\/v2\/users\/4"}],"replies":[{"embeddable":true,"href":"https:\/\/www.quebakan.com\/v15\/wp-json\/wp\/v2\/comments?post=134032"}],"version-history":[{"count":1,"href":"https:\/\/www.quebakan.com\/v15\/wp-json\/wp\/v2\/posts\/134032\/revisions"}],"predecessor-version":[{"id":134034,"href":"https:\/\/www.quebakan.com\/v15\/wp-json\/wp\/v2\/posts\/134032\/revisions\/134034"}],"wp:featuredmedia":[{"embeddable":true,"href":"https:\/\/www.quebakan.com\/v15\/wp-json\/wp\/v2\/media\/134033"}],"wp:attachment":[{"href":"https:\/\/www.quebakan.com\/v15\/wp-json\/wp\/v2\/media?parent=134032"}],"wp:term":[{"taxonomy":"category","embeddable":true,"href":"https:\/\/www.quebakan.com\/v15\/wp-json\/wp\/v2\/categories?post=134032"},{"taxonomy":"post_tag","embeddable":true,"href":"https:\/\/www.quebakan.com\/v15\/wp-json\/wp\/v2\/tags?post=134032"}],"curies":[{"name":"wp","href":"https:\/\/api.w.org\/{rel}","templated":true}]}}