{"id":134035,"date":"2025-08-07T23:47:08","date_gmt":"2025-08-08T04:47:08","guid":{"rendered":"https:\/\/www.quebakan.com\/v15\/?p=134035"},"modified":"2025-08-07T23:47:08","modified_gmt":"2025-08-08T04:47:08","slug":"scala-shopping-gana-maximo-galardon-latinoamericano-por-su-renovacion-arquitectonica","status":"publish","type":"post","link":"https:\/\/www.quebakan.com\/v15\/scala-shopping-gana-maximo-galardon-latinoamericano-por-su-renovacion-arquitectonica\/","title":{"rendered":"SCALA SHOPPING GANA M\u00c1XIMO GALARD\u00d3N LATINOAMERICANO POR SU RENOVACI\u00d3N ARQUITECT\u00d3NICA"},"content":{"rendered":"<p><img fetchpriority=\"high\" decoding=\"async\" class=\"aligncenter size-full wp-image-134036\" src=\"https:\/\/www.quebakan.com\/v15\/wp-content\/uploads\/2025\/08\/PREMIOS-CLICC-2025_FOTOFINAL-1.jpg\" alt=\"\" width=\"700\" height=\"500\" srcset=\"https:\/\/www.quebakan.com\/v15\/wp-content\/uploads\/2025\/08\/PREMIOS-CLICC-2025_FOTOFINAL-1.jpg 700w, https:\/\/www.quebakan.com\/v15\/wp-content\/uploads\/2025\/08\/PREMIOS-CLICC-2025_FOTOFINAL-1-120x86.jpg 120w, https:\/\/www.quebakan.com\/v15\/wp-content\/uploads\/2025\/08\/PREMIOS-CLICC-2025_FOTOFINAL-1-350x250.jpg 350w\" sizes=\"(max-width: 700px) 100vw, 700px\" \/><\/p>\n<p style=\"text-align: justify;\"><span style=\"color: #000000;\"><strong>Pie de foto (de izq. a der.): <\/strong>Pablo Varea, Arquitecto del proyecto en Scala Shopping; Mery Leiva, Gerente Comercial Scala Shopping; junto a representantes de Premios CLICC\u2122<\/span><\/p>\n<p style=\"text-align: justify;\"><span style=\"color: #000000;\"><strong>Quito, agosto de 2025.-<\/strong> En el marco del Tercer Congreso Latinoamericano de Centros Comerciales, organizado por la C\u00e1mara Latinoamericana de la Industria de Centros Comerciales (CLICC\u2122) en Guatemala, <strong>Scala Shopping fue reconocido con el primer lugar en la categor\u00eda Ampliaci\u00f3n y Remodelaci\u00f3n<\/strong>, consolid\u00e1ndose como un referente regional en innovaci\u00f3n arquitect\u00f3nica y transformaci\u00f3n comercial.<\/span><\/p>\n<p style=\"text-align: justify;\"><span style=\"color: #000000;\">Los Premios CLICC\u2122 tienen como prop\u00f3sito destacar la excelencia de los proyectos m\u00e1s sobresalientes de la industria de centros comerciales en Am\u00e9rica Latina. Este reconocimiento impulsa el crecimiento, la sostenibilidad y la adopci\u00f3n de tecnolog\u00edas de vanguardia en el sector, en categor\u00edas como ESG (ambiental, social y gobernanza), marketing, arquitectura, tecnolog\u00eda e innovaci\u00f3n.<\/span><\/p>\n<p style=\"text-align: justify;\"><span style=\"color: #000000;\">En esta edici\u00f3n, Scala Shopping destac\u00f3 entre varias propuestas internacionales con su proyecto \u201cRenovaci\u00f3n y Ampliaci\u00f3n de Scala Shopping\u201d, y obtuvo el m\u00e1ximo galard\u00f3n en la categor\u00eda Arquitectura. La intervenci\u00f3n en Scala permiti\u00f3 una transformaci\u00f3n integral del espacio, incorporando pasillos amplios, \u00e1reas verdes y un dise\u00f1o que fusiona naturaleza, bienestar y experiencia comercial.<\/span><\/p>\n<p style=\"text-align: justify;\"><span style=\"color: #000000;\">La remodelaci\u00f3n no solo revitaliz\u00f3 los espacios existentes, sino que tambi\u00e9n integr\u00f3 nuevas zonas comerciales y recreativas, elevando la oferta de valor para visitantes y marcas con incremento de visitas del 40% al centro comercial. El nuevo concepto posiciona a Scala como un ecosistema de experiencias donde la arquitectura, la sostenibilidad y la tecnolog\u00eda convergen.<\/span><\/p>\n<p style=\"text-align: justify;\"><span style=\"color: #000000;\"><em>\u201cLa visi\u00f3n de Scala est\u00e1 orientada hacia el futuro: espacios modulares, flexibles y preparados para adaptarse a los cambios tecnol\u00f3gicos, las nuevas din\u00e1micas comerciales y las formas emergentes de habitar los entornos urbanos\u201d, <\/em>se\u00f1al\u00f3 Mery Leiva, Gerente Comercial de Scala Shopping.<\/span><\/p>\n<p style=\"text-align: justify;\"><span style=\"color: #000000;\">Proyectos de gran envergadura de otros pa\u00edses de la regi\u00f3n tambi\u00e9n fueron distinguidos durante la premiaci\u00f3n, reforzando as\u00ed a nivel Latam la importancia de impulsar desarrollos que impacten positivamente en las comunidades y eleven los est\u00e1ndares del sector.<\/span><\/p>\n<p style=\"text-align: justify;\"><span style=\"color: #000000;\">Con este reconocimiento, Scala Shopping se consolida como un proyecto emblem\u00e1tico de Quito, una ciudad que trasciende como destino comercial y cultural en Am\u00e9rica Latina.<\/span><\/p>\n<p style=\"text-align: justify;\"><span style=\"color: #000000;\"><strong><em>Scala es mucho m\u00e1s que un centro comercial: es un lugar para compartir, vivir y disfrutar.<\/em><\/strong><\/span><\/p>\n","protected":false},"excerpt":{"rendered":"<p>Pie de foto (de izq. a der.): Pablo Varea, Arquitecto del proyecto en Scala Shopping; Mery Leiva, Gerente Comercial Scala Shopping; junto a representantes de Premios CLICC\u2122 Quito, agosto de 2025.- En el marco del Tercer Congreso Latinoamericano de Centros Comerciales, organizado por la C\u00e1mara Latinoamericana de la Industria de Centros Comerciales (CLICC\u2122) en Guatemala, [&hellip;]<\/p>\n","protected":false},"author":4,"featured_media":134036,"comment_status":"closed","ping_status":"closed","sticky":false,"template":"","format":"standard","meta":{"_bbp_topic_count":0,"_bbp_reply_count":0,"_bbp_total_topic_count":0,"_bbp_total_reply_count":0,"_bbp_voice_count":0,"_bbp_anonymous_reply_count":0,"_bbp_topic_count_hidden":0,"_bbp_reply_count_hidden":0,"_bbp_forum_subforum_count":0,"buzzeditor_post_format":"","footnotes":""},"categories":[2],"tags":[],"class_list":["post-134035","post","type-post","status-publish","format-standard","has-post-thumbnail","hentry","category-noticias"],"yoast_head":"<!-- This site is optimized with the Yoast SEO plugin v27.5 - https:\/\/yoast.com\/product\/yoast-seo-wordpress\/ -->\n<title>SCALA SHOPPING GANA M\u00c1XIMO GALARD\u00d3N LATINOAMERICANO POR SU RENOVACI\u00d3N ARQUITECT\u00d3NICA &#8211; QUEBAKAN.COM 2026: Noticias, Eventos, Conciertos y mucho m\u00e1s....<\/title>\n<meta name=\"robots\" content=\"index, follow, max-snippet:-1, max-image-preview:large, max-video-preview:-1\" \/>\n<link rel=\"canonical\" href=\"https:\/\/www.quebakan.com\/v15\/scala-shopping-gana-maximo-galardon-latinoamericano-por-su-renovacion-arquitectonica\/\" \/>\n<meta property=\"og:locale\" content=\"es_ES\" \/>\n<meta property=\"og:type\" content=\"article\" \/>\n<meta property=\"og:title\" content=\"SCALA SHOPPING GANA M\u00c1XIMO GALARD\u00d3N LATINOAMERICANO POR SU RENOVACI\u00d3N ARQUITECT\u00d3NICA &#8211; QUEBAKAN.COM 2026: Noticias, Eventos, Conciertos y mucho m\u00e1s....\" \/>\n<meta property=\"og:description\" content=\"Pie de foto (de izq. a der.): Pablo Varea, Arquitecto del proyecto en Scala Shopping; Mery Leiva, Gerente Comercial Scala Shopping; junto a representantes de Premios CLICC\u2122 Quito, agosto de 2025.- En el marco del Tercer Congreso Latinoamericano de Centros Comerciales, organizado por la C\u00e1mara Latinoamericana de la Industria de Centros Comerciales (CLICC\u2122) en Guatemala, [&hellip;]\" \/>\n<meta property=\"og:url\" content=\"https:\/\/www.quebakan.com\/v15\/scala-shopping-gana-maximo-galardon-latinoamericano-por-su-renovacion-arquitectonica\/\" \/>\n<meta property=\"og:site_name\" content=\"QUEBAKAN.COM 2026: Noticias, Eventos, Conciertos y mucho m\u00e1s....\" \/>\n<meta property=\"article:publisher\" content=\"http:\/\/www.facebook.com\/quebakan\" \/>\n<meta property=\"article:published_time\" content=\"2025-08-08T04:47:08+00:00\" \/>\n<meta property=\"og:image\" content=\"https:\/\/www.quebakan.com\/v15\/wp-content\/uploads\/2025\/08\/PREMIOS-CLICC-2025_FOTOFINAL-1.jpg\" \/>\n\t<meta property=\"og:image:width\" content=\"700\" \/>\n\t<meta property=\"og:image:height\" content=\"500\" \/>\n\t<meta property=\"og:image:type\" content=\"image\/jpeg\" \/>\n<meta name=\"author\" content=\"Erick Villafuerte\" \/>\n<meta name=\"twitter:card\" content=\"summary_large_image\" \/>\n<meta name=\"twitter:creator\" content=\"@quebakanec\" \/>\n<meta name=\"twitter:site\" content=\"@quebakanec\" \/>\n<meta name=\"twitter:label1\" content=\"Escrito por\" \/>\n\t<meta name=\"twitter:data1\" content=\"Erick Villafuerte\" \/>\n\t<meta name=\"twitter:label2\" content=\"Tiempo de lectura\" \/>\n\t<meta name=\"twitter:data2\" content=\"3 minutos\" \/>\n<script type=\"application\/ld+json\" class=\"yoast-schema-graph\">{\"@context\":\"https:\\\/\\\/schema.org\",\"@graph\":[{\"@type\":\"Article\",\"@id\":\"https:\\\/\\\/www.quebakan.com\\\/v15\\\/scala-shopping-gana-maximo-galardon-latinoamericano-por-su-renovacion-arquitectonica\\\/#article\",\"isPartOf\":{\"@id\":\"https:\\\/\\\/www.quebakan.com\\\/v15\\\/scala-shopping-gana-maximo-galardon-latinoamericano-por-su-renovacion-arquitectonica\\\/\"},\"author\":{\"name\":\"Erick Villafuerte\",\"@id\":\"https:\\\/\\\/www.quebakan.com\\\/v15\\\/#\\\/schema\\\/person\\\/d90fa9f9cfa81eb8ace9811e5b7b9118\"},\"headline\":\"SCALA SHOPPING GANA M\u00c1XIMO GALARD\u00d3N LATINOAMERICANO POR SU RENOVACI\u00d3N ARQUITECT\u00d3NICA\",\"datePublished\":\"2025-08-08T04:47:08+00:00\",\"mainEntityOfPage\":{\"@id\":\"https:\\\/\\\/www.quebakan.com\\\/v15\\\/scala-shopping-gana-maximo-galardon-latinoamericano-por-su-renovacion-arquitectonica\\\/\"},\"wordCount\":414,\"publisher\":{\"@id\":\"https:\\\/\\\/www.quebakan.com\\\/v15\\\/#organization\"},\"image\":{\"@id\":\"https:\\\/\\\/www.quebakan.com\\\/v15\\\/scala-shopping-gana-maximo-galardon-latinoamericano-por-su-renovacion-arquitectonica\\\/#primaryimage\"},\"thumbnailUrl\":\"https:\\\/\\\/www.quebakan.com\\\/v15\\\/wp-content\\\/uploads\\\/2025\\\/08\\\/PREMIOS-CLICC-2025_FOTOFINAL-1.jpg\",\"articleSection\":[\"Noticias\"],\"inLanguage\":\"es\"},{\"@type\":\"WebPage\",\"@id\":\"https:\\\/\\\/www.quebakan.com\\\/v15\\\/scala-shopping-gana-maximo-galardon-latinoamericano-por-su-renovacion-arquitectonica\\\/\",\"url\":\"https:\\\/\\\/www.quebakan.com\\\/v15\\\/scala-shopping-gana-maximo-galardon-latinoamericano-por-su-renovacion-arquitectonica\\\/\",\"name\":\"SCALA SHOPPING GANA M\u00c1XIMO GALARD\u00d3N LATINOAMERICANO POR SU RENOVACI\u00d3N ARQUITECT\u00d3NICA &#8211; QUEBAKAN.COM 2026: Noticias, Eventos, Conciertos y mucho m\u00e1s....\",\"isPartOf\":{\"@id\":\"https:\\\/\\\/www.quebakan.com\\\/v15\\\/#website\"},\"primaryImageOfPage\":{\"@id\":\"https:\\\/\\\/www.quebakan.com\\\/v15\\\/scala-shopping-gana-maximo-galardon-latinoamericano-por-su-renovacion-arquitectonica\\\/#primaryimage\"},\"image\":{\"@id\":\"https:\\\/\\\/www.quebakan.com\\\/v15\\\/scala-shopping-gana-maximo-galardon-latinoamericano-por-su-renovacion-arquitectonica\\\/#primaryimage\"},\"thumbnailUrl\":\"https:\\\/\\\/www.quebakan.com\\\/v15\\\/wp-content\\\/uploads\\\/2025\\\/08\\\/PREMIOS-CLICC-2025_FOTOFINAL-1.jpg\",\"datePublished\":\"2025-08-08T04:47:08+00:00\",\"breadcrumb\":{\"@id\":\"https:\\\/\\\/www.quebakan.com\\\/v15\\\/scala-shopping-gana-maximo-galardon-latinoamericano-por-su-renovacion-arquitectonica\\\/#breadcrumb\"},\"inLanguage\":\"es\",\"potentialAction\":[{\"@type\":\"ReadAction\",\"target\":[\"https:\\\/\\\/www.quebakan.com\\\/v15\\\/scala-shopping-gana-maximo-galardon-latinoamericano-por-su-renovacion-arquitectonica\\\/\"]}]},{\"@type\":\"ImageObject\",\"inLanguage\":\"es\",\"@id\":\"https:\\\/\\\/www.quebakan.com\\\/v15\\\/scala-shopping-gana-maximo-galardon-latinoamericano-por-su-renovacion-arquitectonica\\\/#primaryimage\",\"url\":\"https:\\\/\\\/www.quebakan.com\\\/v15\\\/wp-content\\\/uploads\\\/2025\\\/08\\\/PREMIOS-CLICC-2025_FOTOFINAL-1.jpg\",\"contentUrl\":\"https:\\\/\\\/www.quebakan.com\\\/v15\\\/wp-content\\\/uploads\\\/2025\\\/08\\\/PREMIOS-CLICC-2025_FOTOFINAL-1.jpg\",\"width\":700,\"height\":500},{\"@type\":\"BreadcrumbList\",\"@id\":\"https:\\\/\\\/www.quebakan.com\\\/v15\\\/scala-shopping-gana-maximo-galardon-latinoamericano-por-su-renovacion-arquitectonica\\\/#breadcrumb\",\"itemListElement\":[{\"@type\":\"ListItem\",\"position\":1,\"name\":\"Portada\",\"item\":\"https:\\\/\\\/www.quebakan.com\\\/v15\\\/\"},{\"@type\":\"ListItem\",\"position\":2,\"name\":\"SCALA SHOPPING GANA M\u00c1XIMO GALARD\u00d3N LATINOAMERICANO POR SU RENOVACI\u00d3N ARQUITECT\u00d3NICA\"}]},{\"@type\":\"WebSite\",\"@id\":\"https:\\\/\\\/www.quebakan.com\\\/v15\\\/#website\",\"url\":\"https:\\\/\\\/www.quebakan.com\\\/v15\\\/\",\"name\":\"QUEBAKAN\",\"description\":\"..\",\"publisher\":{\"@id\":\"https:\\\/\\\/www.quebakan.com\\\/v15\\\/#organization\"},\"potentialAction\":[{\"@type\":\"SearchAction\",\"target\":{\"@type\":\"EntryPoint\",\"urlTemplate\":\"https:\\\/\\\/www.quebakan.com\\\/v15\\\/?s={search_term_string}\"},\"query-input\":{\"@type\":\"PropertyValueSpecification\",\"valueRequired\":true,\"valueName\":\"search_term_string\"}}],\"inLanguage\":\"es\"},{\"@type\":\"Organization\",\"@id\":\"https:\\\/\\\/www.quebakan.com\\\/v15\\\/#organization\",\"name\":\"Quebakan.com\",\"url\":\"https:\\\/\\\/www.quebakan.com\\\/v15\\\/\",\"logo\":{\"@type\":\"ImageObject\",\"inLanguage\":\"es\",\"@id\":\"https:\\\/\\\/www.quebakan.com\\\/v15\\\/#\\\/schema\\\/logo\\\/image\\\/\",\"url\":\"https:\\\/\\\/www.quebakan.com\\\/v15\\\/wp-content\\\/uploads\\\/2023\\\/07\\\/logoquebakanenero2021.jpg\",\"contentUrl\":\"https:\\\/\\\/www.quebakan.com\\\/v15\\\/wp-content\\\/uploads\\\/2023\\\/07\\\/logoquebakanenero2021.jpg\",\"width\":1920,\"height\":1080,\"caption\":\"Quebakan.com\"},\"image\":{\"@id\":\"https:\\\/\\\/www.quebakan.com\\\/v15\\\/#\\\/schema\\\/logo\\\/image\\\/\"},\"sameAs\":[\"http:\\\/\\\/www.facebook.com\\\/quebakan\",\"https:\\\/\\\/x.com\\\/quebakanec\",\"http:\\\/\\\/www.instagram.com\\\/quebakan\",\"http:\\\/\\\/www.youtube.com\\\/quebakan1\"]},{\"@type\":\"Person\",\"@id\":\"https:\\\/\\\/www.quebakan.com\\\/v15\\\/#\\\/schema\\\/person\\\/d90fa9f9cfa81eb8ace9811e5b7b9118\",\"name\":\"Erick Villafuerte\",\"image\":{\"@type\":\"ImageObject\",\"inLanguage\":\"es\",\"@id\":\"https:\\\/\\\/www.quebakan.com\\\/v15\\\/wp-content\\\/uploads\\\/avatars\\\/4\\\/1731297654-bpfull.png\",\"url\":\"https:\\\/\\\/www.quebakan.com\\\/v15\\\/wp-content\\\/uploads\\\/avatars\\\/4\\\/1731297654-bpfull.png\",\"contentUrl\":\"https:\\\/\\\/www.quebakan.com\\\/v15\\\/wp-content\\\/uploads\\\/avatars\\\/4\\\/1731297654-bpfull.png\",\"caption\":\"Erick Villafuerte\"}}]}<\/script>\n<!-- \/ Yoast SEO plugin. -->","yoast_head_json":{"title":"SCALA SHOPPING GANA M\u00c1XIMO GALARD\u00d3N LATINOAMERICANO POR SU RENOVACI\u00d3N ARQUITECT\u00d3NICA &#8211; QUEBAKAN.COM 2026: Noticias, Eventos, Conciertos y mucho m\u00e1s....","robots":{"index":"index","follow":"follow","max-snippet":"max-snippet:-1","max-image-preview":"max-image-preview:large","max-video-preview":"max-video-preview:-1"},"canonical":"https:\/\/www.quebakan.com\/v15\/scala-shopping-gana-maximo-galardon-latinoamericano-por-su-renovacion-arquitectonica\/","og_locale":"es_ES","og_type":"article","og_title":"SCALA SHOPPING GANA M\u00c1XIMO GALARD\u00d3N LATINOAMERICANO POR SU RENOVACI\u00d3N ARQUITECT\u00d3NICA &#8211; QUEBAKAN.COM 2026: Noticias, Eventos, Conciertos y mucho m\u00e1s....","og_description":"Pie de foto (de izq. a der.): Pablo Varea, Arquitecto del proyecto en Scala Shopping; Mery Leiva, Gerente Comercial Scala Shopping; junto a representantes de Premios CLICC\u2122 Quito, agosto de 2025.- En el marco del Tercer Congreso Latinoamericano de Centros Comerciales, organizado por la C\u00e1mara Latinoamericana de la Industria de Centros Comerciales (CLICC\u2122) en Guatemala, [&hellip;]","og_url":"https:\/\/www.quebakan.com\/v15\/scala-shopping-gana-maximo-galardon-latinoamericano-por-su-renovacion-arquitectonica\/","og_site_name":"QUEBAKAN.COM 2026: Noticias, Eventos, Conciertos y mucho m\u00e1s....","article_publisher":"http:\/\/www.facebook.com\/quebakan","article_published_time":"2025-08-08T04:47:08+00:00","og_image":[{"width":700,"height":500,"url":"https:\/\/www.quebakan.com\/v15\/wp-content\/uploads\/2025\/08\/PREMIOS-CLICC-2025_FOTOFINAL-1.jpg","type":"image\/jpeg"}],"author":"Erick Villafuerte","twitter_card":"summary_large_image","twitter_creator":"@quebakanec","twitter_site":"@quebakanec","twitter_misc":{"Escrito por":"Erick Villafuerte","Tiempo de lectura":"3 minutos"},"schema":{"@context":"https:\/\/schema.org","@graph":[{"@type":"Article","@id":"https:\/\/www.quebakan.com\/v15\/scala-shopping-gana-maximo-galardon-latinoamericano-por-su-renovacion-arquitectonica\/#article","isPartOf":{"@id":"https:\/\/www.quebakan.com\/v15\/scala-shopping-gana-maximo-galardon-latinoamericano-por-su-renovacion-arquitectonica\/"},"author":{"name":"Erick Villafuerte","@id":"https:\/\/www.quebakan.com\/v15\/#\/schema\/person\/d90fa9f9cfa81eb8ace9811e5b7b9118"},"headline":"SCALA SHOPPING GANA M\u00c1XIMO GALARD\u00d3N LATINOAMERICANO POR SU RENOVACI\u00d3N ARQUITECT\u00d3NICA","datePublished":"2025-08-08T04:47:08+00:00","mainEntityOfPage":{"@id":"https:\/\/www.quebakan.com\/v15\/scala-shopping-gana-maximo-galardon-latinoamericano-por-su-renovacion-arquitectonica\/"},"wordCount":414,"publisher":{"@id":"https:\/\/www.quebakan.com\/v15\/#organization"},"image":{"@id":"https:\/\/www.quebakan.com\/v15\/scala-shopping-gana-maximo-galardon-latinoamericano-por-su-renovacion-arquitectonica\/#primaryimage"},"thumbnailUrl":"https:\/\/www.quebakan.com\/v15\/wp-content\/uploads\/2025\/08\/PREMIOS-CLICC-2025_FOTOFINAL-1.jpg","articleSection":["Noticias"],"inLanguage":"es"},{"@type":"WebPage","@id":"https:\/\/www.quebakan.com\/v15\/scala-shopping-gana-maximo-galardon-latinoamericano-por-su-renovacion-arquitectonica\/","url":"https:\/\/www.quebakan.com\/v15\/scala-shopping-gana-maximo-galardon-latinoamericano-por-su-renovacion-arquitectonica\/","name":"SCALA SHOPPING GANA M\u00c1XIMO GALARD\u00d3N LATINOAMERICANO POR SU RENOVACI\u00d3N ARQUITECT\u00d3NICA &#8211; QUEBAKAN.COM 2026: Noticias, Eventos, Conciertos y mucho m\u00e1s....","isPartOf":{"@id":"https:\/\/www.quebakan.com\/v15\/#website"},"primaryImageOfPage":{"@id":"https:\/\/www.quebakan.com\/v15\/scala-shopping-gana-maximo-galardon-latinoamericano-por-su-renovacion-arquitectonica\/#primaryimage"},"image":{"@id":"https:\/\/www.quebakan.com\/v15\/scala-shopping-gana-maximo-galardon-latinoamericano-por-su-renovacion-arquitectonica\/#primaryimage"},"thumbnailUrl":"https:\/\/www.quebakan.com\/v15\/wp-content\/uploads\/2025\/08\/PREMIOS-CLICC-2025_FOTOFINAL-1.jpg","datePublished":"2025-08-08T04:47:08+00:00","breadcrumb":{"@id":"https:\/\/www.quebakan.com\/v15\/scala-shopping-gana-maximo-galardon-latinoamericano-por-su-renovacion-arquitectonica\/#breadcrumb"},"inLanguage":"es","potentialAction":[{"@type":"ReadAction","target":["https:\/\/www.quebakan.com\/v15\/scala-shopping-gana-maximo-galardon-latinoamericano-por-su-renovacion-arquitectonica\/"]}]},{"@type":"ImageObject","inLanguage":"es","@id":"https:\/\/www.quebakan.com\/v15\/scala-shopping-gana-maximo-galardon-latinoamericano-por-su-renovacion-arquitectonica\/#primaryimage","url":"https:\/\/www.quebakan.com\/v15\/wp-content\/uploads\/2025\/08\/PREMIOS-CLICC-2025_FOTOFINAL-1.jpg","contentUrl":"https:\/\/www.quebakan.com\/v15\/wp-content\/uploads\/2025\/08\/PREMIOS-CLICC-2025_FOTOFINAL-1.jpg","width":700,"height":500},{"@type":"BreadcrumbList","@id":"https:\/\/www.quebakan.com\/v15\/scala-shopping-gana-maximo-galardon-latinoamericano-por-su-renovacion-arquitectonica\/#breadcrumb","itemListElement":[{"@type":"ListItem","position":1,"name":"Portada","item":"https:\/\/www.quebakan.com\/v15\/"},{"@type":"ListItem","position":2,"name":"SCALA SHOPPING GANA M\u00c1XIMO GALARD\u00d3N LATINOAMERICANO POR SU RENOVACI\u00d3N ARQUITECT\u00d3NICA"}]},{"@type":"WebSite","@id":"https:\/\/www.quebakan.com\/v15\/#website","url":"https:\/\/www.quebakan.com\/v15\/","name":"QUEBAKAN","description":"..","publisher":{"@id":"https:\/\/www.quebakan.com\/v15\/#organization"},"potentialAction":[{"@type":"SearchAction","target":{"@type":"EntryPoint","urlTemplate":"https:\/\/www.quebakan.com\/v15\/?s={search_term_string}"},"query-input":{"@type":"PropertyValueSpecification","valueRequired":true,"valueName":"search_term_string"}}],"inLanguage":"es"},{"@type":"Organization","@id":"https:\/\/www.quebakan.com\/v15\/#organization","name":"Quebakan.com","url":"https:\/\/www.quebakan.com\/v15\/","logo":{"@type":"ImageObject","inLanguage":"es","@id":"https:\/\/www.quebakan.com\/v15\/#\/schema\/logo\/image\/","url":"https:\/\/www.quebakan.com\/v15\/wp-content\/uploads\/2023\/07\/logoquebakanenero2021.jpg","contentUrl":"https:\/\/www.quebakan.com\/v15\/wp-content\/uploads\/2023\/07\/logoquebakanenero2021.jpg","width":1920,"height":1080,"caption":"Quebakan.com"},"image":{"@id":"https:\/\/www.quebakan.com\/v15\/#\/schema\/logo\/image\/"},"sameAs":["http:\/\/www.facebook.com\/quebakan","https:\/\/x.com\/quebakanec","http:\/\/www.instagram.com\/quebakan","http:\/\/www.youtube.com\/quebakan1"]},{"@type":"Person","@id":"https:\/\/www.quebakan.com\/v15\/#\/schema\/person\/d90fa9f9cfa81eb8ace9811e5b7b9118","name":"Erick Villafuerte","image":{"@type":"ImageObject","inLanguage":"es","@id":"https:\/\/www.quebakan.com\/v15\/wp-content\/uploads\/avatars\/4\/1731297654-bpfull.png","url":"https:\/\/www.quebakan.com\/v15\/wp-content\/uploads\/avatars\/4\/1731297654-bpfull.png","contentUrl":"https:\/\/www.quebakan.com\/v15\/wp-content\/uploads\/avatars\/4\/1731297654-bpfull.png","caption":"Erick Villafuerte"}}]}},"_links":{"self":[{"href":"https:\/\/www.quebakan.com\/v15\/wp-json\/wp\/v2\/posts\/134035","targetHints":{"allow":["GET"]}}],"collection":[{"href":"https:\/\/www.quebakan.com\/v15\/wp-json\/wp\/v2\/posts"}],"about":[{"href":"https:\/\/www.quebakan.com\/v15\/wp-json\/wp\/v2\/types\/post"}],"author":[{"embeddable":true,"href":"https:\/\/www.quebakan.com\/v15\/wp-json\/wp\/v2\/users\/4"}],"replies":[{"embeddable":true,"href":"https:\/\/www.quebakan.com\/v15\/wp-json\/wp\/v2\/comments?post=134035"}],"version-history":[{"count":1,"href":"https:\/\/www.quebakan.com\/v15\/wp-json\/wp\/v2\/posts\/134035\/revisions"}],"predecessor-version":[{"id":134037,"href":"https:\/\/www.quebakan.com\/v15\/wp-json\/wp\/v2\/posts\/134035\/revisions\/134037"}],"wp:featuredmedia":[{"embeddable":true,"href":"https:\/\/www.quebakan.com\/v15\/wp-json\/wp\/v2\/media\/134036"}],"wp:attachment":[{"href":"https:\/\/www.quebakan.com\/v15\/wp-json\/wp\/v2\/media?parent=134035"}],"wp:term":[{"taxonomy":"category","embeddable":true,"href":"https:\/\/www.quebakan.com\/v15\/wp-json\/wp\/v2\/categories?post=134035"},{"taxonomy":"post_tag","embeddable":true,"href":"https:\/\/www.quebakan.com\/v15\/wp-json\/wp\/v2\/tags?post=134035"}],"curies":[{"name":"wp","href":"https:\/\/api.w.org\/{rel}","templated":true}]}}