{"id":134038,"date":"2025-08-08T00:27:57","date_gmt":"2025-08-08T05:27:57","guid":{"rendered":"https:\/\/www.quebakan.com\/v15\/?p=134038"},"modified":"2025-08-08T00:27:57","modified_gmt":"2025-08-08T05:27:57","slug":"nirsa-reafirma-su-compromiso-con-la-educacion-en-la-provincia-del-guayas","status":"publish","type":"post","link":"https:\/\/www.quebakan.com\/v15\/nirsa-reafirma-su-compromiso-con-la-educacion-en-la-provincia-del-guayas\/","title":{"rendered":"NIRSA reafirma su compromiso con la educaci\u00f3n en la provincia del Guayas"},"content":{"rendered":"<p><img fetchpriority=\"high\" decoding=\"async\" class=\"aligncenter size-full wp-image-134039\" src=\"https:\/\/www.quebakan.com\/v15\/wp-content\/uploads\/2025\/08\/NIRSA-DONACION-UTILES.jpg\" alt=\"\" width=\"700\" height=\"539\" \/><\/p>\n<p style=\"text-align: justify;\"><span style=\"color: #000000;\"><strong>Guayaquil, agosto <\/strong><strong>2025.- <\/strong>Como empresa socialmente responsable, NIRSA reafirma su compromiso con la educaci\u00f3n como motor de desarrollo, destinando recursos a iniciativas que impulsan la mejora continua desde la infancia y benefician a las comunidades cercanas.<\/span><\/p>\n<p style=\"text-align: justify;\"><span style=\"color: #000000;\">Recientemente, la empresa realiz\u00f3 la donaci\u00f3n de 220 kits escolares a la Fundaci\u00f3n Mar\u00eda Luisa de Moreno, equipados con cuadernos, l\u00e1pices, colores, marcadores y tijeras; para acompa\u00f1ar a ni\u00f1os y ni\u00f1as en su aprendizaje durante el presente a\u00f1o lectivo.<\/span><\/p>\n<p style=\"text-align: justify;\"><span style=\"color: #000000;\">Adem\u00e1s, en colaboraci\u00f3n con la Fundaci\u00f3n Unidos por la Educaci\u00f3n (UxE), NIRSA lleva a cabo proyectos que buscan mejorar la calidad educativa en la provincia del Guayas. Una de las acciones destacadas es la inauguraci\u00f3n de la Ludobiblioteca en la Escuela de Educaci\u00f3n B\u00e1sica Ileana Espinel Cede\u00f1o en Posorja; un espacio dise\u00f1ado para que m\u00e1s de 1,300 estudiantes disfruten del aprendizaje en un entorno lleno de color e imaginaci\u00f3n, convirtiendo la educaci\u00f3n en una aventura.<\/span><\/p>\n<p style=\"text-align: justify;\"><span style=\"color: #000000;\"><em>\u201cEn NIRSA estamos convencidos de que la educaci\u00f3n es la base del progreso y el desarrollo sostenible de las comunidades que nos acogen. Nuestro compromiso va m\u00e1s all\u00e1 de la entrega de recursos; busca inspirar un cambio significativo que beneficie a estudiantes, docentes y sus familias a largo plazo\u201d<\/em>, mencion\u00f3 Melissa Aguirre, Gerente de Asuntos Corporativos de NIRSA.<\/span><\/p>\n<p style=\"text-align: justify;\"><span style=\"color: #000000;\">A trav\u00e9s de la colaboraci\u00f3n con diversos actores p\u00fablicos y privados, NIRSA contin\u00faa impulsando iniciativas que generan un impacto positivo en las comunidades y promueven el desarrollo desde la infancia; contribuyendo al Objetivo de Desarrollo Sostenible #4.<\/span><\/p>\n<p><img decoding=\"async\" class=\"aligncenter size-full wp-image-134040\" src=\"https:\/\/www.quebakan.com\/v15\/wp-content\/uploads\/2025\/08\/NIRSA-Y-UNIDOS-X-EDUCACION-LUDOTECA-4.jpg\" alt=\"\" width=\"700\" height=\"394\" \/><\/p>\n","protected":false},"excerpt":{"rendered":"<p>Guayaquil, agosto 2025.- Como empresa socialmente responsable, NIRSA reafirma su compromiso con la educaci\u00f3n como motor de desarrollo, destinando recursos a iniciativas que impulsan la mejora continua desde la infancia y benefician a las comunidades cercanas. Recientemente, la empresa realiz\u00f3 la donaci\u00f3n de 220 kits escolares a la Fundaci\u00f3n Mar\u00eda Luisa de Moreno, equipados con [&hellip;]<\/p>\n","protected":false},"author":4,"featured_media":134039,"comment_status":"closed","ping_status":"closed","sticky":false,"template":"","format":"standard","meta":{"_bbp_topic_count":0,"_bbp_reply_count":0,"_bbp_total_topic_count":0,"_bbp_total_reply_count":0,"_bbp_voice_count":0,"_bbp_anonymous_reply_count":0,"_bbp_topic_count_hidden":0,"_bbp_reply_count_hidden":0,"_bbp_forum_subforum_count":0,"buzzeditor_post_format":"","footnotes":""},"categories":[2],"tags":[],"class_list":["post-134038","post","type-post","status-publish","format-standard","has-post-thumbnail","hentry","category-noticias"],"yoast_head":"<!-- This site is optimized with the Yoast SEO plugin v27.5 - https:\/\/yoast.com\/product\/yoast-seo-wordpress\/ -->\n<title>NIRSA reafirma su compromiso con la educaci\u00f3n en la provincia del Guayas &#8211; QUEBAKAN.COM 2026: Noticias, Eventos, Conciertos y mucho m\u00e1s....<\/title>\n<meta name=\"robots\" content=\"index, follow, max-snippet:-1, max-image-preview:large, max-video-preview:-1\" \/>\n<link rel=\"canonical\" href=\"https:\/\/www.quebakan.com\/v15\/nirsa-reafirma-su-compromiso-con-la-educacion-en-la-provincia-del-guayas\/\" \/>\n<meta property=\"og:locale\" content=\"es_ES\" \/>\n<meta property=\"og:type\" content=\"article\" \/>\n<meta property=\"og:title\" content=\"NIRSA reafirma su compromiso con la educaci\u00f3n en la provincia del Guayas &#8211; QUEBAKAN.COM 2026: Noticias, Eventos, Conciertos y mucho m\u00e1s....\" \/>\n<meta property=\"og:description\" content=\"Guayaquil, agosto 2025.- Como empresa socialmente responsable, NIRSA reafirma su compromiso con la educaci\u00f3n como motor de desarrollo, destinando recursos a iniciativas que impulsan la mejora continua desde la infancia y benefician a las comunidades cercanas. Recientemente, la empresa realiz\u00f3 la donaci\u00f3n de 220 kits escolares a la Fundaci\u00f3n Mar\u00eda Luisa de Moreno, equipados con [&hellip;]\" \/>\n<meta property=\"og:url\" content=\"https:\/\/www.quebakan.com\/v15\/nirsa-reafirma-su-compromiso-con-la-educacion-en-la-provincia-del-guayas\/\" \/>\n<meta property=\"og:site_name\" content=\"QUEBAKAN.COM 2026: Noticias, Eventos, Conciertos y mucho m\u00e1s....\" \/>\n<meta property=\"article:publisher\" content=\"http:\/\/www.facebook.com\/quebakan\" \/>\n<meta property=\"article:published_time\" content=\"2025-08-08T05:27:57+00:00\" \/>\n<meta property=\"og:image\" content=\"https:\/\/www.quebakan.com\/v15\/wp-content\/uploads\/2025\/08\/NIRSA-DONACION-UTILES.jpg\" \/>\n\t<meta property=\"og:image:width\" content=\"700\" \/>\n\t<meta property=\"og:image:height\" content=\"539\" \/>\n\t<meta property=\"og:image:type\" content=\"image\/jpeg\" \/>\n<meta name=\"author\" content=\"Erick Villafuerte\" \/>\n<meta name=\"twitter:card\" content=\"summary_large_image\" \/>\n<meta name=\"twitter:creator\" content=\"@quebakanec\" \/>\n<meta name=\"twitter:site\" content=\"@quebakanec\" \/>\n<meta name=\"twitter:label1\" content=\"Escrito por\" \/>\n\t<meta name=\"twitter:data1\" content=\"Erick Villafuerte\" \/>\n\t<meta name=\"twitter:label2\" content=\"Tiempo de lectura\" \/>\n\t<meta name=\"twitter:data2\" content=\"2 minutos\" \/>\n<script type=\"application\/ld+json\" class=\"yoast-schema-graph\">{\"@context\":\"https:\\\/\\\/schema.org\",\"@graph\":[{\"@type\":\"Article\",\"@id\":\"https:\\\/\\\/www.quebakan.com\\\/v15\\\/nirsa-reafirma-su-compromiso-con-la-educacion-en-la-provincia-del-guayas\\\/#article\",\"isPartOf\":{\"@id\":\"https:\\\/\\\/www.quebakan.com\\\/v15\\\/nirsa-reafirma-su-compromiso-con-la-educacion-en-la-provincia-del-guayas\\\/\"},\"author\":{\"name\":\"Erick Villafuerte\",\"@id\":\"https:\\\/\\\/www.quebakan.com\\\/v15\\\/#\\\/schema\\\/person\\\/d90fa9f9cfa81eb8ace9811e5b7b9118\"},\"headline\":\"NIRSA reafirma su compromiso con la educaci\u00f3n en la provincia del Guayas\",\"datePublished\":\"2025-08-08T05:27:57+00:00\",\"mainEntityOfPage\":{\"@id\":\"https:\\\/\\\/www.quebakan.com\\\/v15\\\/nirsa-reafirma-su-compromiso-con-la-educacion-en-la-provincia-del-guayas\\\/\"},\"wordCount\":282,\"publisher\":{\"@id\":\"https:\\\/\\\/www.quebakan.com\\\/v15\\\/#organization\"},\"image\":{\"@id\":\"https:\\\/\\\/www.quebakan.com\\\/v15\\\/nirsa-reafirma-su-compromiso-con-la-educacion-en-la-provincia-del-guayas\\\/#primaryimage\"},\"thumbnailUrl\":\"https:\\\/\\\/www.quebakan.com\\\/v15\\\/wp-content\\\/uploads\\\/2025\\\/08\\\/NIRSA-DONACION-UTILES.jpg\",\"articleSection\":[\"Noticias\"],\"inLanguage\":\"es\"},{\"@type\":\"WebPage\",\"@id\":\"https:\\\/\\\/www.quebakan.com\\\/v15\\\/nirsa-reafirma-su-compromiso-con-la-educacion-en-la-provincia-del-guayas\\\/\",\"url\":\"https:\\\/\\\/www.quebakan.com\\\/v15\\\/nirsa-reafirma-su-compromiso-con-la-educacion-en-la-provincia-del-guayas\\\/\",\"name\":\"NIRSA reafirma su compromiso con la educaci\u00f3n en la provincia del Guayas &#8211; QUEBAKAN.COM 2026: Noticias, Eventos, Conciertos y mucho m\u00e1s....\",\"isPartOf\":{\"@id\":\"https:\\\/\\\/www.quebakan.com\\\/v15\\\/#website\"},\"primaryImageOfPage\":{\"@id\":\"https:\\\/\\\/www.quebakan.com\\\/v15\\\/nirsa-reafirma-su-compromiso-con-la-educacion-en-la-provincia-del-guayas\\\/#primaryimage\"},\"image\":{\"@id\":\"https:\\\/\\\/www.quebakan.com\\\/v15\\\/nirsa-reafirma-su-compromiso-con-la-educacion-en-la-provincia-del-guayas\\\/#primaryimage\"},\"thumbnailUrl\":\"https:\\\/\\\/www.quebakan.com\\\/v15\\\/wp-content\\\/uploads\\\/2025\\\/08\\\/NIRSA-DONACION-UTILES.jpg\",\"datePublished\":\"2025-08-08T05:27:57+00:00\",\"breadcrumb\":{\"@id\":\"https:\\\/\\\/www.quebakan.com\\\/v15\\\/nirsa-reafirma-su-compromiso-con-la-educacion-en-la-provincia-del-guayas\\\/#breadcrumb\"},\"inLanguage\":\"es\",\"potentialAction\":[{\"@type\":\"ReadAction\",\"target\":[\"https:\\\/\\\/www.quebakan.com\\\/v15\\\/nirsa-reafirma-su-compromiso-con-la-educacion-en-la-provincia-del-guayas\\\/\"]}]},{\"@type\":\"ImageObject\",\"inLanguage\":\"es\",\"@id\":\"https:\\\/\\\/www.quebakan.com\\\/v15\\\/nirsa-reafirma-su-compromiso-con-la-educacion-en-la-provincia-del-guayas\\\/#primaryimage\",\"url\":\"https:\\\/\\\/www.quebakan.com\\\/v15\\\/wp-content\\\/uploads\\\/2025\\\/08\\\/NIRSA-DONACION-UTILES.jpg\",\"contentUrl\":\"https:\\\/\\\/www.quebakan.com\\\/v15\\\/wp-content\\\/uploads\\\/2025\\\/08\\\/NIRSA-DONACION-UTILES.jpg\",\"width\":700,\"height\":539},{\"@type\":\"BreadcrumbList\",\"@id\":\"https:\\\/\\\/www.quebakan.com\\\/v15\\\/nirsa-reafirma-su-compromiso-con-la-educacion-en-la-provincia-del-guayas\\\/#breadcrumb\",\"itemListElement\":[{\"@type\":\"ListItem\",\"position\":1,\"name\":\"Portada\",\"item\":\"https:\\\/\\\/www.quebakan.com\\\/v15\\\/\"},{\"@type\":\"ListItem\",\"position\":2,\"name\":\"NIRSA reafirma su compromiso con la educaci\u00f3n en la provincia del Guayas\"}]},{\"@type\":\"WebSite\",\"@id\":\"https:\\\/\\\/www.quebakan.com\\\/v15\\\/#website\",\"url\":\"https:\\\/\\\/www.quebakan.com\\\/v15\\\/\",\"name\":\"QUEBAKAN\",\"description\":\"..\",\"publisher\":{\"@id\":\"https:\\\/\\\/www.quebakan.com\\\/v15\\\/#organization\"},\"potentialAction\":[{\"@type\":\"SearchAction\",\"target\":{\"@type\":\"EntryPoint\",\"urlTemplate\":\"https:\\\/\\\/www.quebakan.com\\\/v15\\\/?s={search_term_string}\"},\"query-input\":{\"@type\":\"PropertyValueSpecification\",\"valueRequired\":true,\"valueName\":\"search_term_string\"}}],\"inLanguage\":\"es\"},{\"@type\":\"Organization\",\"@id\":\"https:\\\/\\\/www.quebakan.com\\\/v15\\\/#organization\",\"name\":\"Quebakan.com\",\"url\":\"https:\\\/\\\/www.quebakan.com\\\/v15\\\/\",\"logo\":{\"@type\":\"ImageObject\",\"inLanguage\":\"es\",\"@id\":\"https:\\\/\\\/www.quebakan.com\\\/v15\\\/#\\\/schema\\\/logo\\\/image\\\/\",\"url\":\"https:\\\/\\\/www.quebakan.com\\\/v15\\\/wp-content\\\/uploads\\\/2023\\\/07\\\/logoquebakanenero2021.jpg\",\"contentUrl\":\"https:\\\/\\\/www.quebakan.com\\\/v15\\\/wp-content\\\/uploads\\\/2023\\\/07\\\/logoquebakanenero2021.jpg\",\"width\":1920,\"height\":1080,\"caption\":\"Quebakan.com\"},\"image\":{\"@id\":\"https:\\\/\\\/www.quebakan.com\\\/v15\\\/#\\\/schema\\\/logo\\\/image\\\/\"},\"sameAs\":[\"http:\\\/\\\/www.facebook.com\\\/quebakan\",\"https:\\\/\\\/x.com\\\/quebakanec\",\"http:\\\/\\\/www.instagram.com\\\/quebakan\",\"http:\\\/\\\/www.youtube.com\\\/quebakan1\"]},{\"@type\":\"Person\",\"@id\":\"https:\\\/\\\/www.quebakan.com\\\/v15\\\/#\\\/schema\\\/person\\\/d90fa9f9cfa81eb8ace9811e5b7b9118\",\"name\":\"Erick Villafuerte\",\"image\":{\"@type\":\"ImageObject\",\"inLanguage\":\"es\",\"@id\":\"https:\\\/\\\/www.quebakan.com\\\/v15\\\/wp-content\\\/uploads\\\/avatars\\\/4\\\/1731297654-bpfull.png\",\"url\":\"https:\\\/\\\/www.quebakan.com\\\/v15\\\/wp-content\\\/uploads\\\/avatars\\\/4\\\/1731297654-bpfull.png\",\"contentUrl\":\"https:\\\/\\\/www.quebakan.com\\\/v15\\\/wp-content\\\/uploads\\\/avatars\\\/4\\\/1731297654-bpfull.png\",\"caption\":\"Erick Villafuerte\"}}]}<\/script>\n<!-- \/ Yoast SEO plugin. -->","yoast_head_json":{"title":"NIRSA reafirma su compromiso con la educaci\u00f3n en la provincia del Guayas &#8211; QUEBAKAN.COM 2026: Noticias, Eventos, Conciertos y mucho m\u00e1s....","robots":{"index":"index","follow":"follow","max-snippet":"max-snippet:-1","max-image-preview":"max-image-preview:large","max-video-preview":"max-video-preview:-1"},"canonical":"https:\/\/www.quebakan.com\/v15\/nirsa-reafirma-su-compromiso-con-la-educacion-en-la-provincia-del-guayas\/","og_locale":"es_ES","og_type":"article","og_title":"NIRSA reafirma su compromiso con la educaci\u00f3n en la provincia del Guayas &#8211; QUEBAKAN.COM 2026: Noticias, Eventos, Conciertos y mucho m\u00e1s....","og_description":"Guayaquil, agosto 2025.- Como empresa socialmente responsable, NIRSA reafirma su compromiso con la educaci\u00f3n como motor de desarrollo, destinando recursos a iniciativas que impulsan la mejora continua desde la infancia y benefician a las comunidades cercanas. Recientemente, la empresa realiz\u00f3 la donaci\u00f3n de 220 kits escolares a la Fundaci\u00f3n Mar\u00eda Luisa de Moreno, equipados con [&hellip;]","og_url":"https:\/\/www.quebakan.com\/v15\/nirsa-reafirma-su-compromiso-con-la-educacion-en-la-provincia-del-guayas\/","og_site_name":"QUEBAKAN.COM 2026: Noticias, Eventos, Conciertos y mucho m\u00e1s....","article_publisher":"http:\/\/www.facebook.com\/quebakan","article_published_time":"2025-08-08T05:27:57+00:00","og_image":[{"width":700,"height":539,"url":"https:\/\/www.quebakan.com\/v15\/wp-content\/uploads\/2025\/08\/NIRSA-DONACION-UTILES.jpg","type":"image\/jpeg"}],"author":"Erick Villafuerte","twitter_card":"summary_large_image","twitter_creator":"@quebakanec","twitter_site":"@quebakanec","twitter_misc":{"Escrito por":"Erick Villafuerte","Tiempo de lectura":"2 minutos"},"schema":{"@context":"https:\/\/schema.org","@graph":[{"@type":"Article","@id":"https:\/\/www.quebakan.com\/v15\/nirsa-reafirma-su-compromiso-con-la-educacion-en-la-provincia-del-guayas\/#article","isPartOf":{"@id":"https:\/\/www.quebakan.com\/v15\/nirsa-reafirma-su-compromiso-con-la-educacion-en-la-provincia-del-guayas\/"},"author":{"name":"Erick Villafuerte","@id":"https:\/\/www.quebakan.com\/v15\/#\/schema\/person\/d90fa9f9cfa81eb8ace9811e5b7b9118"},"headline":"NIRSA reafirma su compromiso con la educaci\u00f3n en la provincia del Guayas","datePublished":"2025-08-08T05:27:57+00:00","mainEntityOfPage":{"@id":"https:\/\/www.quebakan.com\/v15\/nirsa-reafirma-su-compromiso-con-la-educacion-en-la-provincia-del-guayas\/"},"wordCount":282,"publisher":{"@id":"https:\/\/www.quebakan.com\/v15\/#organization"},"image":{"@id":"https:\/\/www.quebakan.com\/v15\/nirsa-reafirma-su-compromiso-con-la-educacion-en-la-provincia-del-guayas\/#primaryimage"},"thumbnailUrl":"https:\/\/www.quebakan.com\/v15\/wp-content\/uploads\/2025\/08\/NIRSA-DONACION-UTILES.jpg","articleSection":["Noticias"],"inLanguage":"es"},{"@type":"WebPage","@id":"https:\/\/www.quebakan.com\/v15\/nirsa-reafirma-su-compromiso-con-la-educacion-en-la-provincia-del-guayas\/","url":"https:\/\/www.quebakan.com\/v15\/nirsa-reafirma-su-compromiso-con-la-educacion-en-la-provincia-del-guayas\/","name":"NIRSA reafirma su compromiso con la educaci\u00f3n en la provincia del Guayas &#8211; QUEBAKAN.COM 2026: Noticias, Eventos, Conciertos y mucho m\u00e1s....","isPartOf":{"@id":"https:\/\/www.quebakan.com\/v15\/#website"},"primaryImageOfPage":{"@id":"https:\/\/www.quebakan.com\/v15\/nirsa-reafirma-su-compromiso-con-la-educacion-en-la-provincia-del-guayas\/#primaryimage"},"image":{"@id":"https:\/\/www.quebakan.com\/v15\/nirsa-reafirma-su-compromiso-con-la-educacion-en-la-provincia-del-guayas\/#primaryimage"},"thumbnailUrl":"https:\/\/www.quebakan.com\/v15\/wp-content\/uploads\/2025\/08\/NIRSA-DONACION-UTILES.jpg","datePublished":"2025-08-08T05:27:57+00:00","breadcrumb":{"@id":"https:\/\/www.quebakan.com\/v15\/nirsa-reafirma-su-compromiso-con-la-educacion-en-la-provincia-del-guayas\/#breadcrumb"},"inLanguage":"es","potentialAction":[{"@type":"ReadAction","target":["https:\/\/www.quebakan.com\/v15\/nirsa-reafirma-su-compromiso-con-la-educacion-en-la-provincia-del-guayas\/"]}]},{"@type":"ImageObject","inLanguage":"es","@id":"https:\/\/www.quebakan.com\/v15\/nirsa-reafirma-su-compromiso-con-la-educacion-en-la-provincia-del-guayas\/#primaryimage","url":"https:\/\/www.quebakan.com\/v15\/wp-content\/uploads\/2025\/08\/NIRSA-DONACION-UTILES.jpg","contentUrl":"https:\/\/www.quebakan.com\/v15\/wp-content\/uploads\/2025\/08\/NIRSA-DONACION-UTILES.jpg","width":700,"height":539},{"@type":"BreadcrumbList","@id":"https:\/\/www.quebakan.com\/v15\/nirsa-reafirma-su-compromiso-con-la-educacion-en-la-provincia-del-guayas\/#breadcrumb","itemListElement":[{"@type":"ListItem","position":1,"name":"Portada","item":"https:\/\/www.quebakan.com\/v15\/"},{"@type":"ListItem","position":2,"name":"NIRSA reafirma su compromiso con la educaci\u00f3n en la provincia del Guayas"}]},{"@type":"WebSite","@id":"https:\/\/www.quebakan.com\/v15\/#website","url":"https:\/\/www.quebakan.com\/v15\/","name":"QUEBAKAN","description":"..","publisher":{"@id":"https:\/\/www.quebakan.com\/v15\/#organization"},"potentialAction":[{"@type":"SearchAction","target":{"@type":"EntryPoint","urlTemplate":"https:\/\/www.quebakan.com\/v15\/?s={search_term_string}"},"query-input":{"@type":"PropertyValueSpecification","valueRequired":true,"valueName":"search_term_string"}}],"inLanguage":"es"},{"@type":"Organization","@id":"https:\/\/www.quebakan.com\/v15\/#organization","name":"Quebakan.com","url":"https:\/\/www.quebakan.com\/v15\/","logo":{"@type":"ImageObject","inLanguage":"es","@id":"https:\/\/www.quebakan.com\/v15\/#\/schema\/logo\/image\/","url":"https:\/\/www.quebakan.com\/v15\/wp-content\/uploads\/2023\/07\/logoquebakanenero2021.jpg","contentUrl":"https:\/\/www.quebakan.com\/v15\/wp-content\/uploads\/2023\/07\/logoquebakanenero2021.jpg","width":1920,"height":1080,"caption":"Quebakan.com"},"image":{"@id":"https:\/\/www.quebakan.com\/v15\/#\/schema\/logo\/image\/"},"sameAs":["http:\/\/www.facebook.com\/quebakan","https:\/\/x.com\/quebakanec","http:\/\/www.instagram.com\/quebakan","http:\/\/www.youtube.com\/quebakan1"]},{"@type":"Person","@id":"https:\/\/www.quebakan.com\/v15\/#\/schema\/person\/d90fa9f9cfa81eb8ace9811e5b7b9118","name":"Erick Villafuerte","image":{"@type":"ImageObject","inLanguage":"es","@id":"https:\/\/www.quebakan.com\/v15\/wp-content\/uploads\/avatars\/4\/1731297654-bpfull.png","url":"https:\/\/www.quebakan.com\/v15\/wp-content\/uploads\/avatars\/4\/1731297654-bpfull.png","contentUrl":"https:\/\/www.quebakan.com\/v15\/wp-content\/uploads\/avatars\/4\/1731297654-bpfull.png","caption":"Erick Villafuerte"}}]}},"_links":{"self":[{"href":"https:\/\/www.quebakan.com\/v15\/wp-json\/wp\/v2\/posts\/134038","targetHints":{"allow":["GET"]}}],"collection":[{"href":"https:\/\/www.quebakan.com\/v15\/wp-json\/wp\/v2\/posts"}],"about":[{"href":"https:\/\/www.quebakan.com\/v15\/wp-json\/wp\/v2\/types\/post"}],"author":[{"embeddable":true,"href":"https:\/\/www.quebakan.com\/v15\/wp-json\/wp\/v2\/users\/4"}],"replies":[{"embeddable":true,"href":"https:\/\/www.quebakan.com\/v15\/wp-json\/wp\/v2\/comments?post=134038"}],"version-history":[{"count":1,"href":"https:\/\/www.quebakan.com\/v15\/wp-json\/wp\/v2\/posts\/134038\/revisions"}],"predecessor-version":[{"id":134041,"href":"https:\/\/www.quebakan.com\/v15\/wp-json\/wp\/v2\/posts\/134038\/revisions\/134041"}],"wp:featuredmedia":[{"embeddable":true,"href":"https:\/\/www.quebakan.com\/v15\/wp-json\/wp\/v2\/media\/134039"}],"wp:attachment":[{"href":"https:\/\/www.quebakan.com\/v15\/wp-json\/wp\/v2\/media?parent=134038"}],"wp:term":[{"taxonomy":"category","embeddable":true,"href":"https:\/\/www.quebakan.com\/v15\/wp-json\/wp\/v2\/categories?post=134038"},{"taxonomy":"post_tag","embeddable":true,"href":"https:\/\/www.quebakan.com\/v15\/wp-json\/wp\/v2\/tags?post=134038"}],"curies":[{"name":"wp","href":"https:\/\/api.w.org\/{rel}","templated":true}]}}