{"id":134051,"date":"2025-08-08T01:14:12","date_gmt":"2025-08-08T06:14:12","guid":{"rendered":"https:\/\/www.quebakan.com\/v15\/?p=134051"},"modified":"2025-08-08T01:14:12","modified_gmt":"2025-08-08T06:14:12","slug":"el-desinfluencing-la-tendencia-que-gana-terreno-entre-la-generacion-z","status":"publish","type":"post","link":"https:\/\/www.quebakan.com\/v15\/el-desinfluencing-la-tendencia-que-gana-terreno-entre-la-generacion-z\/","title":{"rendered":"El desinfluencing, la tendencia que gana terreno entre la Generaci\u00f3n Z"},"content":{"rendered":"<p style=\"text-align: justify;\"><img fetchpriority=\"high\" decoding=\"async\" class=\"aligncenter size-full wp-image-134052\" src=\"https:\/\/www.quebakan.com\/v15\/wp-content\/uploads\/2025\/08\/287367_GettyImages-543082622_medium_jpg.jpg\" alt=\"\" width=\"700\" height=\"467\" \/><\/p>\n<ul style=\"text-align: justify;\">\n<li><span style=\"color: #000000;\"><em>El desinfluencing fomenta una pausa frente al consumo autom\u00e1tico que domina las redes sociales. A trav\u00e9s de una mirada m\u00e1s cr\u00edtica y honesta, esta tendencia invita a consumir con m\u00e1s cabeza, alej\u00e1ndose de la l\u00f3gica de lo viral y del \u201ccomprar por inercia\u201d.<\/em><\/span><\/li>\n<li><span style=\"color: #000000;\"><em>Francisco Javier Zamora Saborit, docente de VIU, perteneciente a la red de educaci\u00f3n superior Planeta Formaci\u00f3n y Universidades analiza este movimiento que refleja un cambio de mentalidad entre las nuevas generaciones. <\/em><\/span><\/li>\n<\/ul>\n<p style=\"text-align: justify;\"><span style=\"color: #000000;\"><strong>Ecuador, agosto de 2025 \u2014<\/strong> El ecosistema digital saturado de recomendaciones, productos virales y estilos de vida imposibles en el que vivimos, ha nacido un nuevo fen\u00f3meno como respuesta a este exceso de consumo: <strong>el desinfluencing. <\/strong><\/span><\/p>\n<p style=\"text-align: justify;\"><span style=\"color: #000000;\">A diferencia de los tradicionales influencers, que suelen promover art\u00edculos o vidas aspiracionales e incitar al consumo constante, los desinfluencers se dedican a advertir sobre lo que no vale la pena comprar, cuestionando la l\u00f3gica de lo viral y apostando por un consumo m\u00e1s consciente.<\/span><\/p>\n<p style=\"text-align: justify;\"><span style=\"color: #000000;\">Este movimiento no surge por casualidad. Seg\u00fan explica Francisco Javier Zamora Saborit, director del M\u00e1ster Universitario en Marketing Digital y Anal\u00edtico de VIU, perteneciente a la red de educaci\u00f3n superior Planeta Formaci\u00f3n y Universidades, \u201cV<em>ivimos en una \u00e9poca de saturaci\u00f3n: demasiados productos, demasiados anuncios y una necesidad constante de consumir contenido nuevo cada d\u00eda\u201d.<\/em><\/span><\/p>\n<p style=\"text-align: justify;\"><span style=\"color: #000000;\">Y es que, entre algoritmos que nos muestran lo que \u201cdeber\u00edamos\u201d querer y una industria del marketing que no descansa, el consumo se ha vuelto casi autom\u00e1tico. Comprar lo \u00faltimo ya no es un deseo, sino una presi\u00f3n constante que sufren principalmente los m\u00e1s j\u00f3venes.<\/span><\/p>\n<p style=\"text-align: justify;\"><span style=\"color: #000000;\">Es ah\u00ed cuando el desinfluencing propone una pausa. No se trata de dejar de consumir por completo, sino de hacerlo con m\u00e1s cabeza, con mayor sentido cr\u00edtico. Esta tendencia est\u00e1 especialmente presente en la Generaci\u00f3n Z, que ha crecido en un ecosistema digital hiperconectado y detecta mejor cu\u00e1ndo un contenido es forzado o comercial.<\/span><\/p>\n<p style=\"text-align: justify;\"><span style=\"color: #000000;\">Lejos de seguir ciegamente lo que es tendencia, muchos j\u00f3venes han comenzado a cuestionar las compras impulsivas, a optar por productos de segunda mano o incluso a no comprar nada si no lo consideran necesario. En palabras de Zamora: <em>\u201cEs como si alguien dijera en voz alta lo que muchos ya pensaban en silencio. Y eso genera alivio, pertenencia y confianza\u201d.<\/em><\/span><\/p>\n<p style=\"text-align: justify;\"><span style=\"color: #000000;\"><strong>\u00bfEs el desinfluencing una moda m\u00e1s? <\/strong><\/span><\/p>\n<p style=\"text-align: justify;\"><span style=\"color: #000000;\">Aunque el desinfluencing nace como una reacci\u00f3n cr\u00edtica, no est\u00e1 libre de contradicciones. Algunas marcas ya han empezado a apropiarse de su lenguaje con campa\u00f1as que claramente dicen: \u201cNo necesitas mil productos, solo este\u201d. Este mensaje suena mejor, pero el trasfondo sigue siendo el mismo: vender. Seg\u00fan nos comenta Francisco Javier, \u201c<em>hay un cierto riesgo de que este movimiento se convierta en una nueva est\u00e9tica consumista\u201d<\/em>.<\/span><\/p>\n<p style=\"text-align: justify;\"><span style=\"color: #000000;\">Basta con adentrarse en las redes sociales unos minutos para ver publicaciones que simulan autenticidad con m\u00fasica viral, iluminaci\u00f3n cuidada y un discurso aparentemente cr\u00edtico que sigue atrapado en la l\u00f3gica del like. Para Zamora, <em>\u201cel reto est\u00e1 en no confundir sinceridad con estrategia y en seguir pregunt\u00e1ndonos para qu\u00e9 y desde d\u00f3nde se comparte ese contenido\u201d<\/em>. Porque una cr\u00edtica vac\u00eda tambi\u00e9n puede perder fuerza r\u00e1pidamente.<\/span><\/p>\n<p style=\"text-align: justify;\"><span style=\"color: #000000;\">Pese al riesgo de mercantilizaci\u00f3n, lo cierto es que muchas marcas est\u00e1n empezando a influenciarse por este fen\u00f3meno. Algunas han optado por campa\u00f1as m\u00e1s transparentes, dejando atr\u00e1s promesas imposibles y centr\u00e1ndose en lo que realmente funciona. Tambi\u00e9n se han abierto a colaboraciones con creadores que sinceramente comentan si algo les funciona aunque sea solo a ellos por determinadas razones. Esta honestidad, lejos de perjudicar, fortalece la relaci\u00f3n con un p\u00fablico que ya no se deja impresionar con tanta facilidad.<\/span><\/p>\n<p style=\"text-align: justify;\"><span style=\"color: #000000;\">El desinfluencing <strong>no es simplemente una moda anticonsumista o una pose digital.<\/strong> Es una invitaci\u00f3n a reflexionar sobre c\u00f3mo, por qu\u00e9 y para qu\u00e9 consumimos. No es casual que esta corriente se est\u00e9 extendiendo especialmente entre los j\u00f3venes hiperexpuestos al contenido aspiracional, pero tambi\u00e9n est\u00e1 empezando a generar cierto impacto en generaciones m\u00e1s mayores, que quiz\u00e1 no entienden del todo el lenguaje visual de TikTok u otras redes, pero s\u00ed comparten el cansancio ante la saturaci\u00f3n publicitaria.<\/span><\/p>\n<p style=\"text-align: justify;\"><span style=\"color: #000000;\">Este fen\u00f3meno no busca perjudicar el consumo, sino devolverle perspectiva. Y aunque el contenido cr\u00edtico a\u00fan no domina las redes, su crecimiento demuestra que hay un p\u00fablico cada vez m\u00e1s dispuesto a cuestionar, a elegir desde el criterio propio, y no desde la presi\u00f3n del algoritmo.<\/span><\/p>\n","protected":false},"excerpt":{"rendered":"<p>El desinfluencing fomenta una pausa frente al consumo autom\u00e1tico que domina las redes sociales. A trav\u00e9s de una mirada m\u00e1s cr\u00edtica y honesta, esta tendencia invita a consumir con m\u00e1s cabeza, alej\u00e1ndose de la l\u00f3gica de lo viral y del \u201ccomprar por inercia\u201d. Francisco Javier Zamora Saborit, docente de VIU, perteneciente a la red de [&hellip;]<\/p>\n","protected":false},"author":4,"featured_media":134052,"comment_status":"closed","ping_status":"closed","sticky":false,"template":"","format":"standard","meta":{"_bbp_topic_count":0,"_bbp_reply_count":0,"_bbp_total_topic_count":0,"_bbp_total_reply_count":0,"_bbp_voice_count":0,"_bbp_anonymous_reply_count":0,"_bbp_topic_count_hidden":0,"_bbp_reply_count_hidden":0,"_bbp_forum_subforum_count":0,"buzzeditor_post_format":"","footnotes":""},"categories":[2],"tags":[],"class_list":["post-134051","post","type-post","status-publish","format-standard","has-post-thumbnail","hentry","category-noticias"],"yoast_head":"<!-- This site is optimized with the Yoast SEO plugin v27.5 - https:\/\/yoast.com\/product\/yoast-seo-wordpress\/ -->\n<title>El desinfluencing, la tendencia que gana terreno entre la Generaci\u00f3n Z &#8211; QUEBAKAN.COM 2026: Noticias, Eventos, Conciertos y mucho m\u00e1s....<\/title>\n<meta name=\"robots\" content=\"index, follow, max-snippet:-1, max-image-preview:large, max-video-preview:-1\" \/>\n<link rel=\"canonical\" href=\"https:\/\/www.quebakan.com\/v15\/el-desinfluencing-la-tendencia-que-gana-terreno-entre-la-generacion-z\/\" \/>\n<meta property=\"og:locale\" content=\"es_ES\" \/>\n<meta property=\"og:type\" content=\"article\" \/>\n<meta property=\"og:title\" content=\"El desinfluencing, la tendencia que gana terreno entre la Generaci\u00f3n Z &#8211; QUEBAKAN.COM 2026: Noticias, Eventos, Conciertos y mucho m\u00e1s....\" \/>\n<meta property=\"og:description\" content=\"El desinfluencing fomenta una pausa frente al consumo autom\u00e1tico que domina las redes sociales. A trav\u00e9s de una mirada m\u00e1s cr\u00edtica y honesta, esta tendencia invita a consumir con m\u00e1s cabeza, alej\u00e1ndose de la l\u00f3gica de lo viral y del \u201ccomprar por inercia\u201d. Francisco Javier Zamora Saborit, docente de VIU, perteneciente a la red de [&hellip;]\" \/>\n<meta property=\"og:url\" content=\"https:\/\/www.quebakan.com\/v15\/el-desinfluencing-la-tendencia-que-gana-terreno-entre-la-generacion-z\/\" \/>\n<meta property=\"og:site_name\" content=\"QUEBAKAN.COM 2026: Noticias, Eventos, Conciertos y mucho m\u00e1s....\" \/>\n<meta property=\"article:publisher\" content=\"http:\/\/www.facebook.com\/quebakan\" \/>\n<meta property=\"article:published_time\" content=\"2025-08-08T06:14:12+00:00\" \/>\n<meta property=\"og:image\" content=\"https:\/\/www.quebakan.com\/v15\/wp-content\/uploads\/2025\/08\/287367_GettyImages-543082622_medium_jpg.jpg\" \/>\n\t<meta property=\"og:image:width\" content=\"700\" \/>\n\t<meta property=\"og:image:height\" content=\"467\" \/>\n\t<meta property=\"og:image:type\" content=\"image\/jpeg\" \/>\n<meta name=\"author\" content=\"Erick Villafuerte\" \/>\n<meta name=\"twitter:card\" content=\"summary_large_image\" \/>\n<meta name=\"twitter:creator\" content=\"@quebakanec\" \/>\n<meta name=\"twitter:site\" content=\"@quebakanec\" \/>\n<meta name=\"twitter:label1\" content=\"Escrito por\" \/>\n\t<meta name=\"twitter:data1\" content=\"Erick Villafuerte\" \/>\n\t<meta name=\"twitter:label2\" content=\"Tiempo de lectura\" \/>\n\t<meta name=\"twitter:data2\" content=\"4 minutos\" \/>\n<script type=\"application\/ld+json\" class=\"yoast-schema-graph\">{\"@context\":\"https:\\\/\\\/schema.org\",\"@graph\":[{\"@type\":\"Article\",\"@id\":\"https:\\\/\\\/www.quebakan.com\\\/v15\\\/el-desinfluencing-la-tendencia-que-gana-terreno-entre-la-generacion-z\\\/#article\",\"isPartOf\":{\"@id\":\"https:\\\/\\\/www.quebakan.com\\\/v15\\\/el-desinfluencing-la-tendencia-que-gana-terreno-entre-la-generacion-z\\\/\"},\"author\":{\"name\":\"Erick Villafuerte\",\"@id\":\"https:\\\/\\\/www.quebakan.com\\\/v15\\\/#\\\/schema\\\/person\\\/d90fa9f9cfa81eb8ace9811e5b7b9118\"},\"headline\":\"El desinfluencing, la tendencia que gana terreno entre la Generaci\u00f3n Z\",\"datePublished\":\"2025-08-08T06:14:12+00:00\",\"mainEntityOfPage\":{\"@id\":\"https:\\\/\\\/www.quebakan.com\\\/v15\\\/el-desinfluencing-la-tendencia-que-gana-terreno-entre-la-generacion-z\\\/\"},\"wordCount\":787,\"publisher\":{\"@id\":\"https:\\\/\\\/www.quebakan.com\\\/v15\\\/#organization\"},\"image\":{\"@id\":\"https:\\\/\\\/www.quebakan.com\\\/v15\\\/el-desinfluencing-la-tendencia-que-gana-terreno-entre-la-generacion-z\\\/#primaryimage\"},\"thumbnailUrl\":\"https:\\\/\\\/www.quebakan.com\\\/v15\\\/wp-content\\\/uploads\\\/2025\\\/08\\\/287367_GettyImages-543082622_medium_jpg.jpg\",\"articleSection\":[\"Noticias\"],\"inLanguage\":\"es\"},{\"@type\":\"WebPage\",\"@id\":\"https:\\\/\\\/www.quebakan.com\\\/v15\\\/el-desinfluencing-la-tendencia-que-gana-terreno-entre-la-generacion-z\\\/\",\"url\":\"https:\\\/\\\/www.quebakan.com\\\/v15\\\/el-desinfluencing-la-tendencia-que-gana-terreno-entre-la-generacion-z\\\/\",\"name\":\"El desinfluencing, la tendencia que gana terreno entre la Generaci\u00f3n Z &#8211; QUEBAKAN.COM 2026: Noticias, Eventos, Conciertos y mucho m\u00e1s....\",\"isPartOf\":{\"@id\":\"https:\\\/\\\/www.quebakan.com\\\/v15\\\/#website\"},\"primaryImageOfPage\":{\"@id\":\"https:\\\/\\\/www.quebakan.com\\\/v15\\\/el-desinfluencing-la-tendencia-que-gana-terreno-entre-la-generacion-z\\\/#primaryimage\"},\"image\":{\"@id\":\"https:\\\/\\\/www.quebakan.com\\\/v15\\\/el-desinfluencing-la-tendencia-que-gana-terreno-entre-la-generacion-z\\\/#primaryimage\"},\"thumbnailUrl\":\"https:\\\/\\\/www.quebakan.com\\\/v15\\\/wp-content\\\/uploads\\\/2025\\\/08\\\/287367_GettyImages-543082622_medium_jpg.jpg\",\"datePublished\":\"2025-08-08T06:14:12+00:00\",\"breadcrumb\":{\"@id\":\"https:\\\/\\\/www.quebakan.com\\\/v15\\\/el-desinfluencing-la-tendencia-que-gana-terreno-entre-la-generacion-z\\\/#breadcrumb\"},\"inLanguage\":\"es\",\"potentialAction\":[{\"@type\":\"ReadAction\",\"target\":[\"https:\\\/\\\/www.quebakan.com\\\/v15\\\/el-desinfluencing-la-tendencia-que-gana-terreno-entre-la-generacion-z\\\/\"]}]},{\"@type\":\"ImageObject\",\"inLanguage\":\"es\",\"@id\":\"https:\\\/\\\/www.quebakan.com\\\/v15\\\/el-desinfluencing-la-tendencia-que-gana-terreno-entre-la-generacion-z\\\/#primaryimage\",\"url\":\"https:\\\/\\\/www.quebakan.com\\\/v15\\\/wp-content\\\/uploads\\\/2025\\\/08\\\/287367_GettyImages-543082622_medium_jpg.jpg\",\"contentUrl\":\"https:\\\/\\\/www.quebakan.com\\\/v15\\\/wp-content\\\/uploads\\\/2025\\\/08\\\/287367_GettyImages-543082622_medium_jpg.jpg\",\"width\":700,\"height\":467},{\"@type\":\"BreadcrumbList\",\"@id\":\"https:\\\/\\\/www.quebakan.com\\\/v15\\\/el-desinfluencing-la-tendencia-que-gana-terreno-entre-la-generacion-z\\\/#breadcrumb\",\"itemListElement\":[{\"@type\":\"ListItem\",\"position\":1,\"name\":\"Portada\",\"item\":\"https:\\\/\\\/www.quebakan.com\\\/v15\\\/\"},{\"@type\":\"ListItem\",\"position\":2,\"name\":\"El desinfluencing, la tendencia que gana terreno entre la Generaci\u00f3n Z\"}]},{\"@type\":\"WebSite\",\"@id\":\"https:\\\/\\\/www.quebakan.com\\\/v15\\\/#website\",\"url\":\"https:\\\/\\\/www.quebakan.com\\\/v15\\\/\",\"name\":\"QUEBAKAN\",\"description\":\"..\",\"publisher\":{\"@id\":\"https:\\\/\\\/www.quebakan.com\\\/v15\\\/#organization\"},\"potentialAction\":[{\"@type\":\"SearchAction\",\"target\":{\"@type\":\"EntryPoint\",\"urlTemplate\":\"https:\\\/\\\/www.quebakan.com\\\/v15\\\/?s={search_term_string}\"},\"query-input\":{\"@type\":\"PropertyValueSpecification\",\"valueRequired\":true,\"valueName\":\"search_term_string\"}}],\"inLanguage\":\"es\"},{\"@type\":\"Organization\",\"@id\":\"https:\\\/\\\/www.quebakan.com\\\/v15\\\/#organization\",\"name\":\"Quebakan.com\",\"url\":\"https:\\\/\\\/www.quebakan.com\\\/v15\\\/\",\"logo\":{\"@type\":\"ImageObject\",\"inLanguage\":\"es\",\"@id\":\"https:\\\/\\\/www.quebakan.com\\\/v15\\\/#\\\/schema\\\/logo\\\/image\\\/\",\"url\":\"https:\\\/\\\/www.quebakan.com\\\/v15\\\/wp-content\\\/uploads\\\/2023\\\/07\\\/logoquebakanenero2021.jpg\",\"contentUrl\":\"https:\\\/\\\/www.quebakan.com\\\/v15\\\/wp-content\\\/uploads\\\/2023\\\/07\\\/logoquebakanenero2021.jpg\",\"width\":1920,\"height\":1080,\"caption\":\"Quebakan.com\"},\"image\":{\"@id\":\"https:\\\/\\\/www.quebakan.com\\\/v15\\\/#\\\/schema\\\/logo\\\/image\\\/\"},\"sameAs\":[\"http:\\\/\\\/www.facebook.com\\\/quebakan\",\"https:\\\/\\\/x.com\\\/quebakanec\",\"http:\\\/\\\/www.instagram.com\\\/quebakan\",\"http:\\\/\\\/www.youtube.com\\\/quebakan1\"]},{\"@type\":\"Person\",\"@id\":\"https:\\\/\\\/www.quebakan.com\\\/v15\\\/#\\\/schema\\\/person\\\/d90fa9f9cfa81eb8ace9811e5b7b9118\",\"name\":\"Erick Villafuerte\",\"image\":{\"@type\":\"ImageObject\",\"inLanguage\":\"es\",\"@id\":\"https:\\\/\\\/www.quebakan.com\\\/v15\\\/wp-content\\\/uploads\\\/avatars\\\/4\\\/1731297654-bpfull.png\",\"url\":\"https:\\\/\\\/www.quebakan.com\\\/v15\\\/wp-content\\\/uploads\\\/avatars\\\/4\\\/1731297654-bpfull.png\",\"contentUrl\":\"https:\\\/\\\/www.quebakan.com\\\/v15\\\/wp-content\\\/uploads\\\/avatars\\\/4\\\/1731297654-bpfull.png\",\"caption\":\"Erick Villafuerte\"}}]}<\/script>\n<!-- \/ Yoast SEO plugin. -->","yoast_head_json":{"title":"El desinfluencing, la tendencia que gana terreno entre la Generaci\u00f3n Z &#8211; QUEBAKAN.COM 2026: Noticias, Eventos, Conciertos y mucho m\u00e1s....","robots":{"index":"index","follow":"follow","max-snippet":"max-snippet:-1","max-image-preview":"max-image-preview:large","max-video-preview":"max-video-preview:-1"},"canonical":"https:\/\/www.quebakan.com\/v15\/el-desinfluencing-la-tendencia-que-gana-terreno-entre-la-generacion-z\/","og_locale":"es_ES","og_type":"article","og_title":"El desinfluencing, la tendencia que gana terreno entre la Generaci\u00f3n Z &#8211; QUEBAKAN.COM 2026: Noticias, Eventos, Conciertos y mucho m\u00e1s....","og_description":"El desinfluencing fomenta una pausa frente al consumo autom\u00e1tico que domina las redes sociales. A trav\u00e9s de una mirada m\u00e1s cr\u00edtica y honesta, esta tendencia invita a consumir con m\u00e1s cabeza, alej\u00e1ndose de la l\u00f3gica de lo viral y del \u201ccomprar por inercia\u201d. Francisco Javier Zamora Saborit, docente de VIU, perteneciente a la red de [&hellip;]","og_url":"https:\/\/www.quebakan.com\/v15\/el-desinfluencing-la-tendencia-que-gana-terreno-entre-la-generacion-z\/","og_site_name":"QUEBAKAN.COM 2026: Noticias, Eventos, Conciertos y mucho m\u00e1s....","article_publisher":"http:\/\/www.facebook.com\/quebakan","article_published_time":"2025-08-08T06:14:12+00:00","og_image":[{"width":700,"height":467,"url":"https:\/\/www.quebakan.com\/v15\/wp-content\/uploads\/2025\/08\/287367_GettyImages-543082622_medium_jpg.jpg","type":"image\/jpeg"}],"author":"Erick Villafuerte","twitter_card":"summary_large_image","twitter_creator":"@quebakanec","twitter_site":"@quebakanec","twitter_misc":{"Escrito por":"Erick Villafuerte","Tiempo de lectura":"4 minutos"},"schema":{"@context":"https:\/\/schema.org","@graph":[{"@type":"Article","@id":"https:\/\/www.quebakan.com\/v15\/el-desinfluencing-la-tendencia-que-gana-terreno-entre-la-generacion-z\/#article","isPartOf":{"@id":"https:\/\/www.quebakan.com\/v15\/el-desinfluencing-la-tendencia-que-gana-terreno-entre-la-generacion-z\/"},"author":{"name":"Erick Villafuerte","@id":"https:\/\/www.quebakan.com\/v15\/#\/schema\/person\/d90fa9f9cfa81eb8ace9811e5b7b9118"},"headline":"El desinfluencing, la tendencia que gana terreno entre la Generaci\u00f3n Z","datePublished":"2025-08-08T06:14:12+00:00","mainEntityOfPage":{"@id":"https:\/\/www.quebakan.com\/v15\/el-desinfluencing-la-tendencia-que-gana-terreno-entre-la-generacion-z\/"},"wordCount":787,"publisher":{"@id":"https:\/\/www.quebakan.com\/v15\/#organization"},"image":{"@id":"https:\/\/www.quebakan.com\/v15\/el-desinfluencing-la-tendencia-que-gana-terreno-entre-la-generacion-z\/#primaryimage"},"thumbnailUrl":"https:\/\/www.quebakan.com\/v15\/wp-content\/uploads\/2025\/08\/287367_GettyImages-543082622_medium_jpg.jpg","articleSection":["Noticias"],"inLanguage":"es"},{"@type":"WebPage","@id":"https:\/\/www.quebakan.com\/v15\/el-desinfluencing-la-tendencia-que-gana-terreno-entre-la-generacion-z\/","url":"https:\/\/www.quebakan.com\/v15\/el-desinfluencing-la-tendencia-que-gana-terreno-entre-la-generacion-z\/","name":"El desinfluencing, la tendencia que gana terreno entre la Generaci\u00f3n Z &#8211; QUEBAKAN.COM 2026: Noticias, Eventos, Conciertos y mucho m\u00e1s....","isPartOf":{"@id":"https:\/\/www.quebakan.com\/v15\/#website"},"primaryImageOfPage":{"@id":"https:\/\/www.quebakan.com\/v15\/el-desinfluencing-la-tendencia-que-gana-terreno-entre-la-generacion-z\/#primaryimage"},"image":{"@id":"https:\/\/www.quebakan.com\/v15\/el-desinfluencing-la-tendencia-que-gana-terreno-entre-la-generacion-z\/#primaryimage"},"thumbnailUrl":"https:\/\/www.quebakan.com\/v15\/wp-content\/uploads\/2025\/08\/287367_GettyImages-543082622_medium_jpg.jpg","datePublished":"2025-08-08T06:14:12+00:00","breadcrumb":{"@id":"https:\/\/www.quebakan.com\/v15\/el-desinfluencing-la-tendencia-que-gana-terreno-entre-la-generacion-z\/#breadcrumb"},"inLanguage":"es","potentialAction":[{"@type":"ReadAction","target":["https:\/\/www.quebakan.com\/v15\/el-desinfluencing-la-tendencia-que-gana-terreno-entre-la-generacion-z\/"]}]},{"@type":"ImageObject","inLanguage":"es","@id":"https:\/\/www.quebakan.com\/v15\/el-desinfluencing-la-tendencia-que-gana-terreno-entre-la-generacion-z\/#primaryimage","url":"https:\/\/www.quebakan.com\/v15\/wp-content\/uploads\/2025\/08\/287367_GettyImages-543082622_medium_jpg.jpg","contentUrl":"https:\/\/www.quebakan.com\/v15\/wp-content\/uploads\/2025\/08\/287367_GettyImages-543082622_medium_jpg.jpg","width":700,"height":467},{"@type":"BreadcrumbList","@id":"https:\/\/www.quebakan.com\/v15\/el-desinfluencing-la-tendencia-que-gana-terreno-entre-la-generacion-z\/#breadcrumb","itemListElement":[{"@type":"ListItem","position":1,"name":"Portada","item":"https:\/\/www.quebakan.com\/v15\/"},{"@type":"ListItem","position":2,"name":"El desinfluencing, la tendencia que gana terreno entre la Generaci\u00f3n Z"}]},{"@type":"WebSite","@id":"https:\/\/www.quebakan.com\/v15\/#website","url":"https:\/\/www.quebakan.com\/v15\/","name":"QUEBAKAN","description":"..","publisher":{"@id":"https:\/\/www.quebakan.com\/v15\/#organization"},"potentialAction":[{"@type":"SearchAction","target":{"@type":"EntryPoint","urlTemplate":"https:\/\/www.quebakan.com\/v15\/?s={search_term_string}"},"query-input":{"@type":"PropertyValueSpecification","valueRequired":true,"valueName":"search_term_string"}}],"inLanguage":"es"},{"@type":"Organization","@id":"https:\/\/www.quebakan.com\/v15\/#organization","name":"Quebakan.com","url":"https:\/\/www.quebakan.com\/v15\/","logo":{"@type":"ImageObject","inLanguage":"es","@id":"https:\/\/www.quebakan.com\/v15\/#\/schema\/logo\/image\/","url":"https:\/\/www.quebakan.com\/v15\/wp-content\/uploads\/2023\/07\/logoquebakanenero2021.jpg","contentUrl":"https:\/\/www.quebakan.com\/v15\/wp-content\/uploads\/2023\/07\/logoquebakanenero2021.jpg","width":1920,"height":1080,"caption":"Quebakan.com"},"image":{"@id":"https:\/\/www.quebakan.com\/v15\/#\/schema\/logo\/image\/"},"sameAs":["http:\/\/www.facebook.com\/quebakan","https:\/\/x.com\/quebakanec","http:\/\/www.instagram.com\/quebakan","http:\/\/www.youtube.com\/quebakan1"]},{"@type":"Person","@id":"https:\/\/www.quebakan.com\/v15\/#\/schema\/person\/d90fa9f9cfa81eb8ace9811e5b7b9118","name":"Erick Villafuerte","image":{"@type":"ImageObject","inLanguage":"es","@id":"https:\/\/www.quebakan.com\/v15\/wp-content\/uploads\/avatars\/4\/1731297654-bpfull.png","url":"https:\/\/www.quebakan.com\/v15\/wp-content\/uploads\/avatars\/4\/1731297654-bpfull.png","contentUrl":"https:\/\/www.quebakan.com\/v15\/wp-content\/uploads\/avatars\/4\/1731297654-bpfull.png","caption":"Erick Villafuerte"}}]}},"_links":{"self":[{"href":"https:\/\/www.quebakan.com\/v15\/wp-json\/wp\/v2\/posts\/134051","targetHints":{"allow":["GET"]}}],"collection":[{"href":"https:\/\/www.quebakan.com\/v15\/wp-json\/wp\/v2\/posts"}],"about":[{"href":"https:\/\/www.quebakan.com\/v15\/wp-json\/wp\/v2\/types\/post"}],"author":[{"embeddable":true,"href":"https:\/\/www.quebakan.com\/v15\/wp-json\/wp\/v2\/users\/4"}],"replies":[{"embeddable":true,"href":"https:\/\/www.quebakan.com\/v15\/wp-json\/wp\/v2\/comments?post=134051"}],"version-history":[{"count":1,"href":"https:\/\/www.quebakan.com\/v15\/wp-json\/wp\/v2\/posts\/134051\/revisions"}],"predecessor-version":[{"id":134053,"href":"https:\/\/www.quebakan.com\/v15\/wp-json\/wp\/v2\/posts\/134051\/revisions\/134053"}],"wp:featuredmedia":[{"embeddable":true,"href":"https:\/\/www.quebakan.com\/v15\/wp-json\/wp\/v2\/media\/134052"}],"wp:attachment":[{"href":"https:\/\/www.quebakan.com\/v15\/wp-json\/wp\/v2\/media?parent=134051"}],"wp:term":[{"taxonomy":"category","embeddable":true,"href":"https:\/\/www.quebakan.com\/v15\/wp-json\/wp\/v2\/categories?post=134051"},{"taxonomy":"post_tag","embeddable":true,"href":"https:\/\/www.quebakan.com\/v15\/wp-json\/wp\/v2\/tags?post=134051"}],"curies":[{"name":"wp","href":"https:\/\/api.w.org\/{rel}","templated":true}]}}