{"id":134063,"date":"2025-08-08T01:30:58","date_gmt":"2025-08-08T06:30:58","guid":{"rendered":"https:\/\/www.quebakan.com\/v15\/?p=134063"},"modified":"2025-08-08T01:30:58","modified_gmt":"2025-08-08T06:30:58","slug":"chardon-paris-fortalece-la-industria-cosmetica-capilar-con-nueva-inversion-en-su-linea-de-alisados","status":"publish","type":"post","link":"https:\/\/www.quebakan.com\/v15\/chardon-paris-fortalece-la-industria-cosmetica-capilar-con-nueva-inversion-en-su-linea-de-alisados\/","title":{"rendered":"Chardon Paris fortalece la industria cosm\u00e9tica capilar con nueva inversi\u00f3n en su l\u00ednea de alisados"},"content":{"rendered":"<p><img fetchpriority=\"high\" decoding=\"async\" class=\"aligncenter size-full wp-image-134064\" src=\"https:\/\/www.quebakan.com\/v15\/wp-content\/uploads\/2025\/08\/FOTO-CORPORATIVA-CHARDON.jpg\" alt=\"\" width=\"603\" height=\"715\" \/><\/p>\n<p style=\"text-align: justify;\"><span style=\"color: #000000;\"><strong>De izquierda a derecha:<\/strong> Gustavo Flores, Jefe de Comercial; Abelardo Gallardo, Gerente de Divisi\u00f3n Profesional; Alejandra P\u00e9rez Orellana, Jefa de Marketing y Trade Marketing; Cristopher Maldonado, L\u00edder de Educaci\u00f3n.<\/span><\/p>\n<ul style=\"text-align: justify;\">\n<li><span style=\"color: #000000;\">Esta nueva inversi\u00f3n responde al crecimiento sostenido del<strong> sector de cuidado y manejo capilar en Ecuador<\/strong>, que en los \u00faltimos dos a\u00f1os registra un <strong>incremento estimado del 6% anual, en donde la categor\u00eda profesional creci\u00f3 al 8%<\/strong>.<\/span><\/li>\n<li><span style=\"color: #000000;\">Se estima que el mercado de alisado profesional en Ecuador mueve alrededor de USD 5.8 millones.<\/span><\/li>\n<li><span style=\"color: #000000;\">La nueva apuesta de la empresa se enfoca en su marca Ambroisie de Chardon Expert, la cual tiene una participaci\u00f3n del 30% en volumen y de 25% en facturaci\u00f3n dentro de la categor\u00eda de alisados.<\/span><\/li>\n<li><span style=\"color: #000000;\">Ambroisie satisface el segmento creciente de clientas que desean un cabello liso y saludable, sin comprometer el color, a trav\u00e9s de sus dos tecnolog\u00edas, una enfocada a cabellos naturales y otra a tinturados.<\/span><\/li>\n<\/ul>\n<p style=\"text-align: justify;\"><span style=\"color: #000000;\"><strong>Guayaquil, 07 agosto de 2025.<\/strong> \u2013 En un momento de evoluci\u00f3n y crecimiento del mercado de cuidado capilar profesional en Ecuador, que registra un incremento estimado del 8% anual en los \u00faltimos dos a\u00f1os, <strong>Chardon Paris innova su l\u00ednea profesional Chardon Expert, con la renovaci\u00f3n de su marca especializada de alisado Ambroisie.<\/strong> Con esta innovaci\u00f3n, la marca apuesta a un segmento que se estima mueve alrededor de <strong>USD 5,8 millones en ventas al a\u00f1o<\/strong> y que representa una oportunidad clave para los m\u00e1s de 14.000 salones de belleza formales que existen en el pa\u00eds, as\u00ed como para cientos de estilistas independientes.<\/span><\/p>\n<p style=\"text-align: justify;\"><span style=\"color: #000000;\">Para este relanzamiento, la marca ha invertido en investigaci\u00f3n de innovaci\u00f3n, incluyendo f\u00f3rmula, tecnolog\u00eda y mejora en desempe\u00f1o y calidad de todo el portafolio profesional en general. De esta manera, la marca reafirma su consolidaci\u00f3n en el segmento profesional, en donde es l\u00edder con una participaci\u00f3n del 30% en volumen y 25% en facturaci\u00f3n.<\/span><\/p>\n<p style=\"text-align: justify;\"><span style=\"color: #000000;\">A su vez responde de manera efectiva al crecimiento de la industria de la belleza y cuidado capilar en el pa\u00eds, que ha mostrado una <strong>recuperaci\u00f3n sostenida<\/strong>, con un crecimiento estimado del <strong>6% anual<\/strong> en los \u00faltimos dos a\u00f1os. De igual manera responde a las nuevas generaciones de consumidores que no buscan encajar, sino expresar su individualidad con libertad.<\/span><\/p>\n<p style=\"text-align: justify;\"><span style=\"color: #000000;\">Ambroisie es un producto de uso profesional especializado para alisar cabellos, tanto naturales como tinturados. Ha sido reformulado con el respaldo de dos tecnolog\u00edas avanzadas:<\/span><\/p>\n<ul style=\"text-align: justify;\">\n<li><span style=\"color: #000000;\"><strong>KIS (Keratin Intelligent System)<\/strong>: para cabellos naturales, que permite actuar selectivamente sobre las zonas que m\u00e1s necesitan reparaci\u00f3n y nutrici\u00f3n, sin sobrecargar la hebra capilar.<\/span><\/li>\n<li><span style=\"color: #000000;\"><strong>KCD (Keratin Colour Defense)<\/strong>: especialmente dise\u00f1ada para cabellos te\u00f1idos o decolorados, evitando el barrido de color durante el proceso de alisado, una necesidad latente del mercado profesional donde m\u00e1s del 40% de los alisados corresponden a este tipo de fibras.<\/span><\/li>\n<\/ul>\n<p style=\"text-align: justify;\"><span style=\"color: #000000;\">Ambas versiones est\u00e1n desarrolladas con ingredientes naturales como <strong>cacao, arginina y aceite de oliva<\/strong>, que garantizan suavidad, brillo y movimiento natural, protegiendo tanto la fibra capilar como el cuero cabelludo.<\/span><\/p>\n<p style=\"text-align: justify;\"><span style=\"color: #000000;\">Este relanzamiento implic\u00f3 una renovaci\u00f3n integral de imagen, packaging y portafolio. Cabe destacar que la empresa cuenta con una planta industrial ubicada en Quito, con una capacidad de producci\u00f3n de m\u00e1s de <strong>1.800 toneladas anuales<\/strong>, garantizando el abastecimiento local y regional con sus diferentes l\u00edneas de productos.<\/span><\/p>\n<p style=\"text-align: justify;\"><span style=\"color: #000000;\">\u201c<strong>Ambroisie no es solo un tratamiento de alisado, es una herramienta de transformaci\u00f3n profesional.<\/strong> Nuestra misi\u00f3n es ofrecer tecnolog\u00eda capilar inteligente que no comprometa la salud del cabello ni el color, brindando soluciones concretas a las necesidades reales del sal\u00f3n moderno\u201d, afirm\u00f3 Alejandra P\u00e9rez, Jefe de Marketing y Trade Marketing de Chardon Expert.<\/span><\/p>\n<p style=\"text-align: justify;\"><span style=\"color: #000000;\">Adem\u00e1s, Chardon Expert, cuenta con su l\u00ednea Technique Plus, que lidera el segmento de coloraci\u00f3n profesional, siendo la marca que m\u00e1s tubos coloca en el pa\u00eds, con un estimado del 17% en unidades y 10% en valor. La coloraci\u00f3n representa el principal motor de rentabilidad para los salones, y una categor\u00eda clave para la fidelizaci\u00f3n de clientes.<\/span><\/p>\n<p style=\"text-align: justify;\"><span style=\"color: #000000;\">Con esta iniciativa, Chardon Paris con m\u00e1s de 50 a\u00f1os de historia, refuerza su compromiso con la innovaci\u00f3n en el sector capilar y con el desarrollo de soluciones adaptadas a la realidad del mercado ecuatoriano, que en los \u00faltimos a\u00f1os ha mostrado un crecimiento sostenido, especialmente en la categor\u00eda profesional.<\/span><\/p>\n","protected":false},"excerpt":{"rendered":"<p>De izquierda a derecha: Gustavo Flores, Jefe de Comercial; Abelardo Gallardo, Gerente de Divisi\u00f3n Profesional; Alejandra P\u00e9rez Orellana, Jefa de Marketing y Trade Marketing; Cristopher Maldonado, L\u00edder de Educaci\u00f3n. Esta nueva inversi\u00f3n responde al crecimiento sostenido del sector de cuidado y manejo capilar en Ecuador, que en los \u00faltimos dos a\u00f1os registra un incremento estimado [&hellip;]<\/p>\n","protected":false},"author":4,"featured_media":134064,"comment_status":"closed","ping_status":"closed","sticky":false,"template":"","format":"standard","meta":{"_bbp_topic_count":0,"_bbp_reply_count":0,"_bbp_total_topic_count":0,"_bbp_total_reply_count":0,"_bbp_voice_count":0,"_bbp_anonymous_reply_count":0,"_bbp_topic_count_hidden":0,"_bbp_reply_count_hidden":0,"_bbp_forum_subforum_count":0,"buzzeditor_post_format":"","footnotes":""},"categories":[2],"tags":[],"class_list":["post-134063","post","type-post","status-publish","format-standard","has-post-thumbnail","hentry","category-noticias"],"yoast_head":"<!-- This site is optimized with the Yoast SEO plugin v27.5 - https:\/\/yoast.com\/product\/yoast-seo-wordpress\/ -->\n<title>Chardon Paris fortalece la industria cosm\u00e9tica capilar con nueva inversi\u00f3n en su l\u00ednea de alisados &#8211; QUEBAKAN.COM 2026: Noticias, Eventos, Conciertos y mucho m\u00e1s....<\/title>\n<meta name=\"robots\" content=\"index, follow, max-snippet:-1, max-image-preview:large, max-video-preview:-1\" \/>\n<link rel=\"canonical\" href=\"https:\/\/www.quebakan.com\/v15\/chardon-paris-fortalece-la-industria-cosmetica-capilar-con-nueva-inversion-en-su-linea-de-alisados\/\" \/>\n<meta property=\"og:locale\" content=\"es_ES\" \/>\n<meta property=\"og:type\" content=\"article\" \/>\n<meta property=\"og:title\" content=\"Chardon Paris fortalece la industria cosm\u00e9tica capilar con nueva inversi\u00f3n en su l\u00ednea de alisados &#8211; QUEBAKAN.COM 2026: Noticias, Eventos, Conciertos y mucho m\u00e1s....\" \/>\n<meta property=\"og:description\" content=\"De izquierda a derecha: Gustavo Flores, Jefe de Comercial; Abelardo Gallardo, Gerente de Divisi\u00f3n Profesional; Alejandra P\u00e9rez Orellana, Jefa de Marketing y Trade Marketing; Cristopher Maldonado, L\u00edder de Educaci\u00f3n. Esta nueva inversi\u00f3n responde al crecimiento sostenido del sector de cuidado y manejo capilar en Ecuador, que en los \u00faltimos dos a\u00f1os registra un incremento estimado [&hellip;]\" \/>\n<meta property=\"og:url\" content=\"https:\/\/www.quebakan.com\/v15\/chardon-paris-fortalece-la-industria-cosmetica-capilar-con-nueva-inversion-en-su-linea-de-alisados\/\" \/>\n<meta property=\"og:site_name\" content=\"QUEBAKAN.COM 2026: Noticias, Eventos, Conciertos y mucho m\u00e1s....\" \/>\n<meta property=\"article:publisher\" content=\"http:\/\/www.facebook.com\/quebakan\" \/>\n<meta property=\"article:published_time\" content=\"2025-08-08T06:30:58+00:00\" \/>\n<meta property=\"og:image\" content=\"https:\/\/www.quebakan.com\/v15\/wp-content\/uploads\/2025\/08\/FOTO-CORPORATIVA-CHARDON.jpg\" \/>\n\t<meta property=\"og:image:width\" content=\"603\" \/>\n\t<meta property=\"og:image:height\" content=\"715\" \/>\n\t<meta property=\"og:image:type\" content=\"image\/jpeg\" \/>\n<meta name=\"author\" content=\"Erick Villafuerte\" \/>\n<meta name=\"twitter:card\" content=\"summary_large_image\" \/>\n<meta name=\"twitter:creator\" content=\"@quebakanec\" \/>\n<meta name=\"twitter:site\" content=\"@quebakanec\" \/>\n<meta name=\"twitter:label1\" content=\"Escrito por\" \/>\n\t<meta name=\"twitter:data1\" content=\"Erick Villafuerte\" \/>\n\t<meta name=\"twitter:label2\" content=\"Tiempo de lectura\" \/>\n\t<meta name=\"twitter:data2\" content=\"4 minutos\" \/>\n<script type=\"application\/ld+json\" class=\"yoast-schema-graph\">{\"@context\":\"https:\\\/\\\/schema.org\",\"@graph\":[{\"@type\":\"Article\",\"@id\":\"https:\\\/\\\/www.quebakan.com\\\/v15\\\/chardon-paris-fortalece-la-industria-cosmetica-capilar-con-nueva-inversion-en-su-linea-de-alisados\\\/#article\",\"isPartOf\":{\"@id\":\"https:\\\/\\\/www.quebakan.com\\\/v15\\\/chardon-paris-fortalece-la-industria-cosmetica-capilar-con-nueva-inversion-en-su-linea-de-alisados\\\/\"},\"author\":{\"name\":\"Erick Villafuerte\",\"@id\":\"https:\\\/\\\/www.quebakan.com\\\/v15\\\/#\\\/schema\\\/person\\\/d90fa9f9cfa81eb8ace9811e5b7b9118\"},\"headline\":\"Chardon Paris fortalece la industria cosm\u00e9tica capilar con nueva inversi\u00f3n en su l\u00ednea de alisados\",\"datePublished\":\"2025-08-08T06:30:58+00:00\",\"mainEntityOfPage\":{\"@id\":\"https:\\\/\\\/www.quebakan.com\\\/v15\\\/chardon-paris-fortalece-la-industria-cosmetica-capilar-con-nueva-inversion-en-su-linea-de-alisados\\\/\"},\"wordCount\":752,\"publisher\":{\"@id\":\"https:\\\/\\\/www.quebakan.com\\\/v15\\\/#organization\"},\"image\":{\"@id\":\"https:\\\/\\\/www.quebakan.com\\\/v15\\\/chardon-paris-fortalece-la-industria-cosmetica-capilar-con-nueva-inversion-en-su-linea-de-alisados\\\/#primaryimage\"},\"thumbnailUrl\":\"https:\\\/\\\/www.quebakan.com\\\/v15\\\/wp-content\\\/uploads\\\/2025\\\/08\\\/FOTO-CORPORATIVA-CHARDON.jpg\",\"articleSection\":[\"Noticias\"],\"inLanguage\":\"es\"},{\"@type\":\"WebPage\",\"@id\":\"https:\\\/\\\/www.quebakan.com\\\/v15\\\/chardon-paris-fortalece-la-industria-cosmetica-capilar-con-nueva-inversion-en-su-linea-de-alisados\\\/\",\"url\":\"https:\\\/\\\/www.quebakan.com\\\/v15\\\/chardon-paris-fortalece-la-industria-cosmetica-capilar-con-nueva-inversion-en-su-linea-de-alisados\\\/\",\"name\":\"Chardon Paris fortalece la industria cosm\u00e9tica capilar con nueva inversi\u00f3n en su l\u00ednea de alisados &#8211; QUEBAKAN.COM 2026: Noticias, Eventos, Conciertos y mucho m\u00e1s....\",\"isPartOf\":{\"@id\":\"https:\\\/\\\/www.quebakan.com\\\/v15\\\/#website\"},\"primaryImageOfPage\":{\"@id\":\"https:\\\/\\\/www.quebakan.com\\\/v15\\\/chardon-paris-fortalece-la-industria-cosmetica-capilar-con-nueva-inversion-en-su-linea-de-alisados\\\/#primaryimage\"},\"image\":{\"@id\":\"https:\\\/\\\/www.quebakan.com\\\/v15\\\/chardon-paris-fortalece-la-industria-cosmetica-capilar-con-nueva-inversion-en-su-linea-de-alisados\\\/#primaryimage\"},\"thumbnailUrl\":\"https:\\\/\\\/www.quebakan.com\\\/v15\\\/wp-content\\\/uploads\\\/2025\\\/08\\\/FOTO-CORPORATIVA-CHARDON.jpg\",\"datePublished\":\"2025-08-08T06:30:58+00:00\",\"breadcrumb\":{\"@id\":\"https:\\\/\\\/www.quebakan.com\\\/v15\\\/chardon-paris-fortalece-la-industria-cosmetica-capilar-con-nueva-inversion-en-su-linea-de-alisados\\\/#breadcrumb\"},\"inLanguage\":\"es\",\"potentialAction\":[{\"@type\":\"ReadAction\",\"target\":[\"https:\\\/\\\/www.quebakan.com\\\/v15\\\/chardon-paris-fortalece-la-industria-cosmetica-capilar-con-nueva-inversion-en-su-linea-de-alisados\\\/\"]}]},{\"@type\":\"ImageObject\",\"inLanguage\":\"es\",\"@id\":\"https:\\\/\\\/www.quebakan.com\\\/v15\\\/chardon-paris-fortalece-la-industria-cosmetica-capilar-con-nueva-inversion-en-su-linea-de-alisados\\\/#primaryimage\",\"url\":\"https:\\\/\\\/www.quebakan.com\\\/v15\\\/wp-content\\\/uploads\\\/2025\\\/08\\\/FOTO-CORPORATIVA-CHARDON.jpg\",\"contentUrl\":\"https:\\\/\\\/www.quebakan.com\\\/v15\\\/wp-content\\\/uploads\\\/2025\\\/08\\\/FOTO-CORPORATIVA-CHARDON.jpg\",\"width\":603,\"height\":715},{\"@type\":\"BreadcrumbList\",\"@id\":\"https:\\\/\\\/www.quebakan.com\\\/v15\\\/chardon-paris-fortalece-la-industria-cosmetica-capilar-con-nueva-inversion-en-su-linea-de-alisados\\\/#breadcrumb\",\"itemListElement\":[{\"@type\":\"ListItem\",\"position\":1,\"name\":\"Portada\",\"item\":\"https:\\\/\\\/www.quebakan.com\\\/v15\\\/\"},{\"@type\":\"ListItem\",\"position\":2,\"name\":\"Chardon Paris fortalece la industria cosm\u00e9tica capilar con nueva inversi\u00f3n en su l\u00ednea de alisados\"}]},{\"@type\":\"WebSite\",\"@id\":\"https:\\\/\\\/www.quebakan.com\\\/v15\\\/#website\",\"url\":\"https:\\\/\\\/www.quebakan.com\\\/v15\\\/\",\"name\":\"QUEBAKAN\",\"description\":\"..\",\"publisher\":{\"@id\":\"https:\\\/\\\/www.quebakan.com\\\/v15\\\/#organization\"},\"potentialAction\":[{\"@type\":\"SearchAction\",\"target\":{\"@type\":\"EntryPoint\",\"urlTemplate\":\"https:\\\/\\\/www.quebakan.com\\\/v15\\\/?s={search_term_string}\"},\"query-input\":{\"@type\":\"PropertyValueSpecification\",\"valueRequired\":true,\"valueName\":\"search_term_string\"}}],\"inLanguage\":\"es\"},{\"@type\":\"Organization\",\"@id\":\"https:\\\/\\\/www.quebakan.com\\\/v15\\\/#organization\",\"name\":\"Quebakan.com\",\"url\":\"https:\\\/\\\/www.quebakan.com\\\/v15\\\/\",\"logo\":{\"@type\":\"ImageObject\",\"inLanguage\":\"es\",\"@id\":\"https:\\\/\\\/www.quebakan.com\\\/v15\\\/#\\\/schema\\\/logo\\\/image\\\/\",\"url\":\"https:\\\/\\\/www.quebakan.com\\\/v15\\\/wp-content\\\/uploads\\\/2023\\\/07\\\/logoquebakanenero2021.jpg\",\"contentUrl\":\"https:\\\/\\\/www.quebakan.com\\\/v15\\\/wp-content\\\/uploads\\\/2023\\\/07\\\/logoquebakanenero2021.jpg\",\"width\":1920,\"height\":1080,\"caption\":\"Quebakan.com\"},\"image\":{\"@id\":\"https:\\\/\\\/www.quebakan.com\\\/v15\\\/#\\\/schema\\\/logo\\\/image\\\/\"},\"sameAs\":[\"http:\\\/\\\/www.facebook.com\\\/quebakan\",\"https:\\\/\\\/x.com\\\/quebakanec\",\"http:\\\/\\\/www.instagram.com\\\/quebakan\",\"http:\\\/\\\/www.youtube.com\\\/quebakan1\"]},{\"@type\":\"Person\",\"@id\":\"https:\\\/\\\/www.quebakan.com\\\/v15\\\/#\\\/schema\\\/person\\\/d90fa9f9cfa81eb8ace9811e5b7b9118\",\"name\":\"Erick Villafuerte\",\"image\":{\"@type\":\"ImageObject\",\"inLanguage\":\"es\",\"@id\":\"https:\\\/\\\/www.quebakan.com\\\/v15\\\/wp-content\\\/uploads\\\/avatars\\\/4\\\/1731297654-bpfull.png\",\"url\":\"https:\\\/\\\/www.quebakan.com\\\/v15\\\/wp-content\\\/uploads\\\/avatars\\\/4\\\/1731297654-bpfull.png\",\"contentUrl\":\"https:\\\/\\\/www.quebakan.com\\\/v15\\\/wp-content\\\/uploads\\\/avatars\\\/4\\\/1731297654-bpfull.png\",\"caption\":\"Erick Villafuerte\"}}]}<\/script>\n<!-- \/ Yoast SEO plugin. -->","yoast_head_json":{"title":"Chardon Paris fortalece la industria cosm\u00e9tica capilar con nueva inversi\u00f3n en su l\u00ednea de alisados &#8211; QUEBAKAN.COM 2026: Noticias, Eventos, Conciertos y mucho m\u00e1s....","robots":{"index":"index","follow":"follow","max-snippet":"max-snippet:-1","max-image-preview":"max-image-preview:large","max-video-preview":"max-video-preview:-1"},"canonical":"https:\/\/www.quebakan.com\/v15\/chardon-paris-fortalece-la-industria-cosmetica-capilar-con-nueva-inversion-en-su-linea-de-alisados\/","og_locale":"es_ES","og_type":"article","og_title":"Chardon Paris fortalece la industria cosm\u00e9tica capilar con nueva inversi\u00f3n en su l\u00ednea de alisados &#8211; QUEBAKAN.COM 2026: Noticias, Eventos, Conciertos y mucho m\u00e1s....","og_description":"De izquierda a derecha: Gustavo Flores, Jefe de Comercial; Abelardo Gallardo, Gerente de Divisi\u00f3n Profesional; Alejandra P\u00e9rez Orellana, Jefa de Marketing y Trade Marketing; Cristopher Maldonado, L\u00edder de Educaci\u00f3n. Esta nueva inversi\u00f3n responde al crecimiento sostenido del sector de cuidado y manejo capilar en Ecuador, que en los \u00faltimos dos a\u00f1os registra un incremento estimado [&hellip;]","og_url":"https:\/\/www.quebakan.com\/v15\/chardon-paris-fortalece-la-industria-cosmetica-capilar-con-nueva-inversion-en-su-linea-de-alisados\/","og_site_name":"QUEBAKAN.COM 2026: Noticias, Eventos, Conciertos y mucho m\u00e1s....","article_publisher":"http:\/\/www.facebook.com\/quebakan","article_published_time":"2025-08-08T06:30:58+00:00","og_image":[{"width":603,"height":715,"url":"https:\/\/www.quebakan.com\/v15\/wp-content\/uploads\/2025\/08\/FOTO-CORPORATIVA-CHARDON.jpg","type":"image\/jpeg"}],"author":"Erick Villafuerte","twitter_card":"summary_large_image","twitter_creator":"@quebakanec","twitter_site":"@quebakanec","twitter_misc":{"Escrito por":"Erick Villafuerte","Tiempo de lectura":"4 minutos"},"schema":{"@context":"https:\/\/schema.org","@graph":[{"@type":"Article","@id":"https:\/\/www.quebakan.com\/v15\/chardon-paris-fortalece-la-industria-cosmetica-capilar-con-nueva-inversion-en-su-linea-de-alisados\/#article","isPartOf":{"@id":"https:\/\/www.quebakan.com\/v15\/chardon-paris-fortalece-la-industria-cosmetica-capilar-con-nueva-inversion-en-su-linea-de-alisados\/"},"author":{"name":"Erick Villafuerte","@id":"https:\/\/www.quebakan.com\/v15\/#\/schema\/person\/d90fa9f9cfa81eb8ace9811e5b7b9118"},"headline":"Chardon Paris fortalece la industria cosm\u00e9tica capilar con nueva inversi\u00f3n en su l\u00ednea de alisados","datePublished":"2025-08-08T06:30:58+00:00","mainEntityOfPage":{"@id":"https:\/\/www.quebakan.com\/v15\/chardon-paris-fortalece-la-industria-cosmetica-capilar-con-nueva-inversion-en-su-linea-de-alisados\/"},"wordCount":752,"publisher":{"@id":"https:\/\/www.quebakan.com\/v15\/#organization"},"image":{"@id":"https:\/\/www.quebakan.com\/v15\/chardon-paris-fortalece-la-industria-cosmetica-capilar-con-nueva-inversion-en-su-linea-de-alisados\/#primaryimage"},"thumbnailUrl":"https:\/\/www.quebakan.com\/v15\/wp-content\/uploads\/2025\/08\/FOTO-CORPORATIVA-CHARDON.jpg","articleSection":["Noticias"],"inLanguage":"es"},{"@type":"WebPage","@id":"https:\/\/www.quebakan.com\/v15\/chardon-paris-fortalece-la-industria-cosmetica-capilar-con-nueva-inversion-en-su-linea-de-alisados\/","url":"https:\/\/www.quebakan.com\/v15\/chardon-paris-fortalece-la-industria-cosmetica-capilar-con-nueva-inversion-en-su-linea-de-alisados\/","name":"Chardon Paris fortalece la industria cosm\u00e9tica capilar con nueva inversi\u00f3n en su l\u00ednea de alisados &#8211; QUEBAKAN.COM 2026: Noticias, Eventos, Conciertos y mucho m\u00e1s....","isPartOf":{"@id":"https:\/\/www.quebakan.com\/v15\/#website"},"primaryImageOfPage":{"@id":"https:\/\/www.quebakan.com\/v15\/chardon-paris-fortalece-la-industria-cosmetica-capilar-con-nueva-inversion-en-su-linea-de-alisados\/#primaryimage"},"image":{"@id":"https:\/\/www.quebakan.com\/v15\/chardon-paris-fortalece-la-industria-cosmetica-capilar-con-nueva-inversion-en-su-linea-de-alisados\/#primaryimage"},"thumbnailUrl":"https:\/\/www.quebakan.com\/v15\/wp-content\/uploads\/2025\/08\/FOTO-CORPORATIVA-CHARDON.jpg","datePublished":"2025-08-08T06:30:58+00:00","breadcrumb":{"@id":"https:\/\/www.quebakan.com\/v15\/chardon-paris-fortalece-la-industria-cosmetica-capilar-con-nueva-inversion-en-su-linea-de-alisados\/#breadcrumb"},"inLanguage":"es","potentialAction":[{"@type":"ReadAction","target":["https:\/\/www.quebakan.com\/v15\/chardon-paris-fortalece-la-industria-cosmetica-capilar-con-nueva-inversion-en-su-linea-de-alisados\/"]}]},{"@type":"ImageObject","inLanguage":"es","@id":"https:\/\/www.quebakan.com\/v15\/chardon-paris-fortalece-la-industria-cosmetica-capilar-con-nueva-inversion-en-su-linea-de-alisados\/#primaryimage","url":"https:\/\/www.quebakan.com\/v15\/wp-content\/uploads\/2025\/08\/FOTO-CORPORATIVA-CHARDON.jpg","contentUrl":"https:\/\/www.quebakan.com\/v15\/wp-content\/uploads\/2025\/08\/FOTO-CORPORATIVA-CHARDON.jpg","width":603,"height":715},{"@type":"BreadcrumbList","@id":"https:\/\/www.quebakan.com\/v15\/chardon-paris-fortalece-la-industria-cosmetica-capilar-con-nueva-inversion-en-su-linea-de-alisados\/#breadcrumb","itemListElement":[{"@type":"ListItem","position":1,"name":"Portada","item":"https:\/\/www.quebakan.com\/v15\/"},{"@type":"ListItem","position":2,"name":"Chardon Paris fortalece la industria cosm\u00e9tica capilar con nueva inversi\u00f3n en su l\u00ednea de alisados"}]},{"@type":"WebSite","@id":"https:\/\/www.quebakan.com\/v15\/#website","url":"https:\/\/www.quebakan.com\/v15\/","name":"QUEBAKAN","description":"..","publisher":{"@id":"https:\/\/www.quebakan.com\/v15\/#organization"},"potentialAction":[{"@type":"SearchAction","target":{"@type":"EntryPoint","urlTemplate":"https:\/\/www.quebakan.com\/v15\/?s={search_term_string}"},"query-input":{"@type":"PropertyValueSpecification","valueRequired":true,"valueName":"search_term_string"}}],"inLanguage":"es"},{"@type":"Organization","@id":"https:\/\/www.quebakan.com\/v15\/#organization","name":"Quebakan.com","url":"https:\/\/www.quebakan.com\/v15\/","logo":{"@type":"ImageObject","inLanguage":"es","@id":"https:\/\/www.quebakan.com\/v15\/#\/schema\/logo\/image\/","url":"https:\/\/www.quebakan.com\/v15\/wp-content\/uploads\/2023\/07\/logoquebakanenero2021.jpg","contentUrl":"https:\/\/www.quebakan.com\/v15\/wp-content\/uploads\/2023\/07\/logoquebakanenero2021.jpg","width":1920,"height":1080,"caption":"Quebakan.com"},"image":{"@id":"https:\/\/www.quebakan.com\/v15\/#\/schema\/logo\/image\/"},"sameAs":["http:\/\/www.facebook.com\/quebakan","https:\/\/x.com\/quebakanec","http:\/\/www.instagram.com\/quebakan","http:\/\/www.youtube.com\/quebakan1"]},{"@type":"Person","@id":"https:\/\/www.quebakan.com\/v15\/#\/schema\/person\/d90fa9f9cfa81eb8ace9811e5b7b9118","name":"Erick Villafuerte","image":{"@type":"ImageObject","inLanguage":"es","@id":"https:\/\/www.quebakan.com\/v15\/wp-content\/uploads\/avatars\/4\/1731297654-bpfull.png","url":"https:\/\/www.quebakan.com\/v15\/wp-content\/uploads\/avatars\/4\/1731297654-bpfull.png","contentUrl":"https:\/\/www.quebakan.com\/v15\/wp-content\/uploads\/avatars\/4\/1731297654-bpfull.png","caption":"Erick Villafuerte"}}]}},"_links":{"self":[{"href":"https:\/\/www.quebakan.com\/v15\/wp-json\/wp\/v2\/posts\/134063","targetHints":{"allow":["GET"]}}],"collection":[{"href":"https:\/\/www.quebakan.com\/v15\/wp-json\/wp\/v2\/posts"}],"about":[{"href":"https:\/\/www.quebakan.com\/v15\/wp-json\/wp\/v2\/types\/post"}],"author":[{"embeddable":true,"href":"https:\/\/www.quebakan.com\/v15\/wp-json\/wp\/v2\/users\/4"}],"replies":[{"embeddable":true,"href":"https:\/\/www.quebakan.com\/v15\/wp-json\/wp\/v2\/comments?post=134063"}],"version-history":[{"count":1,"href":"https:\/\/www.quebakan.com\/v15\/wp-json\/wp\/v2\/posts\/134063\/revisions"}],"predecessor-version":[{"id":134065,"href":"https:\/\/www.quebakan.com\/v15\/wp-json\/wp\/v2\/posts\/134063\/revisions\/134065"}],"wp:featuredmedia":[{"embeddable":true,"href":"https:\/\/www.quebakan.com\/v15\/wp-json\/wp\/v2\/media\/134064"}],"wp:attachment":[{"href":"https:\/\/www.quebakan.com\/v15\/wp-json\/wp\/v2\/media?parent=134063"}],"wp:term":[{"taxonomy":"category","embeddable":true,"href":"https:\/\/www.quebakan.com\/v15\/wp-json\/wp\/v2\/categories?post=134063"},{"taxonomy":"post_tag","embeddable":true,"href":"https:\/\/www.quebakan.com\/v15\/wp-json\/wp\/v2\/tags?post=134063"}],"curies":[{"name":"wp","href":"https:\/\/api.w.org\/{rel}","templated":true}]}}