{"id":134066,"date":"2025-08-08T01:37:02","date_gmt":"2025-08-08T06:37:02","guid":{"rendered":"https:\/\/www.quebakan.com\/v15\/?p=134066"},"modified":"2025-08-08T01:37:02","modified_gmt":"2025-08-08T06:37:02","slug":"artefacta-hogar-consolida-su-presencia-en-ecuador-con-una-red-nacional-de-tiendas","status":"publish","type":"post","link":"https:\/\/www.quebakan.com\/v15\/artefacta-hogar-consolida-su-presencia-en-ecuador-con-una-red-nacional-de-tiendas\/","title":{"rendered":"Artefacta Hogar consolida su presencia en Ecuador con una red nacional de tiendas"},"content":{"rendered":"<p><img fetchpriority=\"high\" decoding=\"async\" class=\"aligncenter size-full wp-image-134067\" src=\"https:\/\/www.quebakan.com\/v15\/wp-content\/uploads\/2025\/08\/250806_Foto_ArtegactaHogar.jpg\" alt=\"\" width=\"695\" height=\"700\" srcset=\"https:\/\/www.quebakan.com\/v15\/wp-content\/uploads\/2025\/08\/250806_Foto_ArtegactaHogar.jpg 695w, https:\/\/www.quebakan.com\/v15\/wp-content\/uploads\/2025\/08\/250806_Foto_ArtegactaHogar-75x75.jpg 75w\" sizes=\"(max-width: 695px) 100vw, 695px\" \/><\/p>\n<p style=\"text-align: center;\"><span style=\"color: #000000;\"><strong><em>Pie de foto: <\/em><\/strong><em>\u00a0Roberto Bigalli, Country Manager de Unicomer Ecuador.<\/em><\/span><\/p>\n<ul style=\"text-align: justify;\">\n<li><span style=\"color: #000000;\"><em>Artefacta Hogar cuenta con siete puntos de venta distribuidos en las ciudades de Machala, Quito, Ibarra, Esmeraldas, Libertad, Manta y Guayaquil<\/em><\/span><\/li>\n<li><span style=\"color: #000000;\"><em>El 80% del portafolio de Artefacta Hogar corresponde a producci\u00f3n ecuatoriana.<\/em><\/span><\/li>\n<\/ul>\n<p style=\"text-align: justify;\"><span style=\"color: #000000;\"><strong>Ecuador, agosto del 2025.-<\/strong> Con siete locales operativos en ciudades clave del pa\u00eds, Artefacta Hogar consolida su propuesta como unidad de negocio estrat\u00e9gica de Grupo Unicomer. Su expansi\u00f3n no solo responde a la demanda del mercado, sino que se traduce en empleo, inversi\u00f3n y apoyo a la producci\u00f3n nacional.<\/span><\/p>\n<p style=\"text-align: justify;\"><span style=\"color: #000000;\">Desde la apertura de su primera tienda especializada en Machala, Artefacta Hogar ha registrado un crecimiento sostenido, posicion\u00e1ndose como una de las propuestas m\u00e1s relevantes dentro del portafolio de Grupo Unicomer. Esta iniciativa naci\u00f3 con el prop\u00f3sito de complementar la oferta de la reconocida marca Artefacta, integrando soluciones completas para el hogar que incluyen mobiliario, decoraci\u00f3n, textiles y art\u00edculos funcionales.<\/span><\/p>\n<p style=\"text-align: justify;\"><span style=\"color: #000000;\">Actualmente, Artefacta Hogar cuenta con <strong>siete puntos de venta distribuidos en las ciudades de Machala, Quito, Ibarra, Esmeraldas, Libertad, Manta y Guayaquil<\/strong>, lo que representa un 10% del total de la operaci\u00f3n comercial en plazas de empleo de Unicomer en Ecuador. \u201c<em>Este crecimiento no es improvisado, es parte de una visi\u00f3n estrat\u00e9gica que busca consolidar a Artefacta como una marca integral, cercana y confiable para cada espacio del hogar\u201d<\/em>, explica <em>Roberto Bigalli, Country Manager de Unicomer Ecuador.<\/em><\/span><\/p>\n<p style=\"text-align: justify;\"><span style=\"color: #000000;\">El proyecto cuenta con <strong>una inversi\u00f3n directa respaldada por capital extranjero<\/strong> que no solo fortalece la econom\u00eda local, sino que tambi\u00e9n se traduce en nuevas fuentes de empleo y alianzas con proveedores nacionales. En efecto, <strong>el 80% del portafolio de Artefacta Hogar corresponde a producci\u00f3n ecuatoriana<\/strong>, especialmente en categor\u00edas como muebles y colchones, trabajando con fabricantes l\u00edderes como Carpenter y Chaide, y ofreciendo marcas exclusivas como Commodity y Quattro.<\/span><\/p>\n<p style=\"text-align: justify;\"><span style=\"color: #000000;\"><em>\u201cEn cada tienda no solo vendemos productos, acompa\u00f1amos a nuestros clientes en cada etapa de su vida para transformar su casa en un verdadero hogar. Nuestra apuesta es a largo plazo, respaldada por Grupo Unicomer, y busca seguir fortaleciendo la industria local con soluciones accesibles, dise\u00f1o, calidad y un servicio excepcional<\/em>\u201d, se\u00f1ala Bigalli.<\/span><\/p>\n<p style=\"text-align: justify;\"><span style=\"color: #000000;\"><strong>Innovaci\u00f3n, omnicanalidad y experiencia de compra<\/strong><\/span><\/p>\n<p style=\"text-align: justify;\"><span style=\"color: #000000;\">La experiencia de compra ha sido cuidadosamente dise\u00f1ada para atender las nuevas demandas del consumidor moderno. Las tiendas incorporan <strong>exhibiciones sensoriales<\/strong>, asesor\u00eda personalizada, herramientas digitales para visualizar productos y alternativas de cr\u00e9dito inmediato. Adem\u00e1s, <strong>el modelo omnicanal permite comprar en tiendas f\u00edsicas, por la web (www.artefacta.com)o v\u00eda WhatsApp<\/strong>, con entregas \u00e1giles de 48 a 72 horas en ciudades principales. Con el canal digital como una de sus principales vitrinas comerciales, el ecommerce de Artefacta ya se posiciona dentro del <strong>top 3 de ventas<\/strong>, lo que refuerza el enfoque h\u00edbrido de atenci\u00f3n al cliente. La postventa especializada y las garant\u00edas claras aseguran una experiencia de compra confiable y completa.<\/span><\/p>\n<p style=\"text-align: justify;\"><span style=\"color: #000000;\">Artefacta Hogar representa mucho m\u00e1s que una expansi\u00f3n de portafolio: es una apuesta por el futuro del comercio ecuatoriano, con foco en la calidad, la cercan\u00eda y el desarrollo sostenible. Con la fuerza regional de Grupo Unicomer, esta unidad de negocio se proyecta para representar un 10% de los ingresos nacionales del grupo, con expectativa de crecimiento acelerado en los pr\u00f3ximos a\u00f1os.<\/span><\/p>\n<p><img decoding=\"async\" class=\"aligncenter size-full wp-image-134068\" src=\"https:\/\/www.quebakan.com\/v15\/wp-content\/uploads\/2025\/08\/250806_Foto_Tienda.jpg\" alt=\"\" width=\"700\" height=\"429\" \/><\/p>\n","protected":false},"excerpt":{"rendered":"<p>Pie de foto: \u00a0Roberto Bigalli, Country Manager de Unicomer Ecuador. Artefacta Hogar cuenta con siete puntos de venta distribuidos en las ciudades de Machala, Quito, Ibarra, Esmeraldas, Libertad, Manta y Guayaquil El 80% del portafolio de Artefacta Hogar corresponde a producci\u00f3n ecuatoriana. Ecuador, agosto del 2025.- Con siete locales operativos en ciudades clave del pa\u00eds, [&hellip;]<\/p>\n","protected":false},"author":4,"featured_media":134067,"comment_status":"closed","ping_status":"closed","sticky":false,"template":"","format":"standard","meta":{"_bbp_topic_count":0,"_bbp_reply_count":0,"_bbp_total_topic_count":0,"_bbp_total_reply_count":0,"_bbp_voice_count":0,"_bbp_anonymous_reply_count":0,"_bbp_topic_count_hidden":0,"_bbp_reply_count_hidden":0,"_bbp_forum_subforum_count":0,"buzzeditor_post_format":"","footnotes":""},"categories":[2],"tags":[],"class_list":["post-134066","post","type-post","status-publish","format-standard","has-post-thumbnail","hentry","category-noticias"],"yoast_head":"<!-- This site is optimized with the Yoast SEO plugin v27.5 - https:\/\/yoast.com\/product\/yoast-seo-wordpress\/ -->\n<title>Artefacta Hogar consolida su presencia en Ecuador con una red nacional de tiendas &#8211; QUEBAKAN.COM 2026: Noticias, Eventos, Conciertos y mucho m\u00e1s....<\/title>\n<meta name=\"robots\" content=\"index, follow, max-snippet:-1, max-image-preview:large, max-video-preview:-1\" \/>\n<link rel=\"canonical\" href=\"https:\/\/www.quebakan.com\/v15\/artefacta-hogar-consolida-su-presencia-en-ecuador-con-una-red-nacional-de-tiendas\/\" \/>\n<meta property=\"og:locale\" content=\"es_ES\" \/>\n<meta property=\"og:type\" content=\"article\" \/>\n<meta property=\"og:title\" content=\"Artefacta Hogar consolida su presencia en Ecuador con una red nacional de tiendas &#8211; QUEBAKAN.COM 2026: Noticias, Eventos, Conciertos y mucho m\u00e1s....\" \/>\n<meta property=\"og:description\" content=\"Pie de foto: \u00a0Roberto Bigalli, Country Manager de Unicomer Ecuador. Artefacta Hogar cuenta con siete puntos de venta distribuidos en las ciudades de Machala, Quito, Ibarra, Esmeraldas, Libertad, Manta y Guayaquil El 80% del portafolio de Artefacta Hogar corresponde a producci\u00f3n ecuatoriana. Ecuador, agosto del 2025.- Con siete locales operativos en ciudades clave del pa\u00eds, [&hellip;]\" \/>\n<meta property=\"og:url\" content=\"https:\/\/www.quebakan.com\/v15\/artefacta-hogar-consolida-su-presencia-en-ecuador-con-una-red-nacional-de-tiendas\/\" \/>\n<meta property=\"og:site_name\" content=\"QUEBAKAN.COM 2026: Noticias, Eventos, Conciertos y mucho m\u00e1s....\" \/>\n<meta property=\"article:publisher\" content=\"http:\/\/www.facebook.com\/quebakan\" \/>\n<meta property=\"article:published_time\" content=\"2025-08-08T06:37:02+00:00\" \/>\n<meta property=\"og:image\" content=\"https:\/\/www.quebakan.com\/v15\/wp-content\/uploads\/2025\/08\/250806_Foto_ArtegactaHogar.jpg\" \/>\n\t<meta property=\"og:image:width\" content=\"695\" \/>\n\t<meta property=\"og:image:height\" content=\"700\" \/>\n\t<meta property=\"og:image:type\" content=\"image\/jpeg\" \/>\n<meta name=\"author\" content=\"Erick Villafuerte\" \/>\n<meta name=\"twitter:card\" content=\"summary_large_image\" \/>\n<meta name=\"twitter:creator\" content=\"@quebakanec\" \/>\n<meta name=\"twitter:site\" content=\"@quebakanec\" \/>\n<meta name=\"twitter:label1\" content=\"Escrito por\" \/>\n\t<meta name=\"twitter:data1\" content=\"Erick Villafuerte\" \/>\n\t<meta name=\"twitter:label2\" content=\"Tiempo de lectura\" \/>\n\t<meta name=\"twitter:data2\" content=\"4 minutos\" \/>\n<script type=\"application\/ld+json\" class=\"yoast-schema-graph\">{\"@context\":\"https:\\\/\\\/schema.org\",\"@graph\":[{\"@type\":\"Article\",\"@id\":\"https:\\\/\\\/www.quebakan.com\\\/v15\\\/artefacta-hogar-consolida-su-presencia-en-ecuador-con-una-red-nacional-de-tiendas\\\/#article\",\"isPartOf\":{\"@id\":\"https:\\\/\\\/www.quebakan.com\\\/v15\\\/artefacta-hogar-consolida-su-presencia-en-ecuador-con-una-red-nacional-de-tiendas\\\/\"},\"author\":{\"name\":\"Erick Villafuerte\",\"@id\":\"https:\\\/\\\/www.quebakan.com\\\/v15\\\/#\\\/schema\\\/person\\\/d90fa9f9cfa81eb8ace9811e5b7b9118\"},\"headline\":\"Artefacta Hogar consolida su presencia en Ecuador con una red nacional de tiendas\",\"datePublished\":\"2025-08-08T06:37:02+00:00\",\"mainEntityOfPage\":{\"@id\":\"https:\\\/\\\/www.quebakan.com\\\/v15\\\/artefacta-hogar-consolida-su-presencia-en-ecuador-con-una-red-nacional-de-tiendas\\\/\"},\"wordCount\":573,\"publisher\":{\"@id\":\"https:\\\/\\\/www.quebakan.com\\\/v15\\\/#organization\"},\"image\":{\"@id\":\"https:\\\/\\\/www.quebakan.com\\\/v15\\\/artefacta-hogar-consolida-su-presencia-en-ecuador-con-una-red-nacional-de-tiendas\\\/#primaryimage\"},\"thumbnailUrl\":\"https:\\\/\\\/www.quebakan.com\\\/v15\\\/wp-content\\\/uploads\\\/2025\\\/08\\\/250806_Foto_ArtegactaHogar.jpg\",\"articleSection\":[\"Noticias\"],\"inLanguage\":\"es\"},{\"@type\":\"WebPage\",\"@id\":\"https:\\\/\\\/www.quebakan.com\\\/v15\\\/artefacta-hogar-consolida-su-presencia-en-ecuador-con-una-red-nacional-de-tiendas\\\/\",\"url\":\"https:\\\/\\\/www.quebakan.com\\\/v15\\\/artefacta-hogar-consolida-su-presencia-en-ecuador-con-una-red-nacional-de-tiendas\\\/\",\"name\":\"Artefacta Hogar consolida su presencia en Ecuador con una red nacional de tiendas &#8211; QUEBAKAN.COM 2026: Noticias, Eventos, Conciertos y mucho m\u00e1s....\",\"isPartOf\":{\"@id\":\"https:\\\/\\\/www.quebakan.com\\\/v15\\\/#website\"},\"primaryImageOfPage\":{\"@id\":\"https:\\\/\\\/www.quebakan.com\\\/v15\\\/artefacta-hogar-consolida-su-presencia-en-ecuador-con-una-red-nacional-de-tiendas\\\/#primaryimage\"},\"image\":{\"@id\":\"https:\\\/\\\/www.quebakan.com\\\/v15\\\/artefacta-hogar-consolida-su-presencia-en-ecuador-con-una-red-nacional-de-tiendas\\\/#primaryimage\"},\"thumbnailUrl\":\"https:\\\/\\\/www.quebakan.com\\\/v15\\\/wp-content\\\/uploads\\\/2025\\\/08\\\/250806_Foto_ArtegactaHogar.jpg\",\"datePublished\":\"2025-08-08T06:37:02+00:00\",\"breadcrumb\":{\"@id\":\"https:\\\/\\\/www.quebakan.com\\\/v15\\\/artefacta-hogar-consolida-su-presencia-en-ecuador-con-una-red-nacional-de-tiendas\\\/#breadcrumb\"},\"inLanguage\":\"es\",\"potentialAction\":[{\"@type\":\"ReadAction\",\"target\":[\"https:\\\/\\\/www.quebakan.com\\\/v15\\\/artefacta-hogar-consolida-su-presencia-en-ecuador-con-una-red-nacional-de-tiendas\\\/\"]}]},{\"@type\":\"ImageObject\",\"inLanguage\":\"es\",\"@id\":\"https:\\\/\\\/www.quebakan.com\\\/v15\\\/artefacta-hogar-consolida-su-presencia-en-ecuador-con-una-red-nacional-de-tiendas\\\/#primaryimage\",\"url\":\"https:\\\/\\\/www.quebakan.com\\\/v15\\\/wp-content\\\/uploads\\\/2025\\\/08\\\/250806_Foto_ArtegactaHogar.jpg\",\"contentUrl\":\"https:\\\/\\\/www.quebakan.com\\\/v15\\\/wp-content\\\/uploads\\\/2025\\\/08\\\/250806_Foto_ArtegactaHogar.jpg\",\"width\":695,\"height\":700},{\"@type\":\"BreadcrumbList\",\"@id\":\"https:\\\/\\\/www.quebakan.com\\\/v15\\\/artefacta-hogar-consolida-su-presencia-en-ecuador-con-una-red-nacional-de-tiendas\\\/#breadcrumb\",\"itemListElement\":[{\"@type\":\"ListItem\",\"position\":1,\"name\":\"Portada\",\"item\":\"https:\\\/\\\/www.quebakan.com\\\/v15\\\/\"},{\"@type\":\"ListItem\",\"position\":2,\"name\":\"Artefacta Hogar consolida su presencia en Ecuador con una red nacional de tiendas\"}]},{\"@type\":\"WebSite\",\"@id\":\"https:\\\/\\\/www.quebakan.com\\\/v15\\\/#website\",\"url\":\"https:\\\/\\\/www.quebakan.com\\\/v15\\\/\",\"name\":\"QUEBAKAN\",\"description\":\"..\",\"publisher\":{\"@id\":\"https:\\\/\\\/www.quebakan.com\\\/v15\\\/#organization\"},\"potentialAction\":[{\"@type\":\"SearchAction\",\"target\":{\"@type\":\"EntryPoint\",\"urlTemplate\":\"https:\\\/\\\/www.quebakan.com\\\/v15\\\/?s={search_term_string}\"},\"query-input\":{\"@type\":\"PropertyValueSpecification\",\"valueRequired\":true,\"valueName\":\"search_term_string\"}}],\"inLanguage\":\"es\"},{\"@type\":\"Organization\",\"@id\":\"https:\\\/\\\/www.quebakan.com\\\/v15\\\/#organization\",\"name\":\"Quebakan.com\",\"url\":\"https:\\\/\\\/www.quebakan.com\\\/v15\\\/\",\"logo\":{\"@type\":\"ImageObject\",\"inLanguage\":\"es\",\"@id\":\"https:\\\/\\\/www.quebakan.com\\\/v15\\\/#\\\/schema\\\/logo\\\/image\\\/\",\"url\":\"https:\\\/\\\/www.quebakan.com\\\/v15\\\/wp-content\\\/uploads\\\/2023\\\/07\\\/logoquebakanenero2021.jpg\",\"contentUrl\":\"https:\\\/\\\/www.quebakan.com\\\/v15\\\/wp-content\\\/uploads\\\/2023\\\/07\\\/logoquebakanenero2021.jpg\",\"width\":1920,\"height\":1080,\"caption\":\"Quebakan.com\"},\"image\":{\"@id\":\"https:\\\/\\\/www.quebakan.com\\\/v15\\\/#\\\/schema\\\/logo\\\/image\\\/\"},\"sameAs\":[\"http:\\\/\\\/www.facebook.com\\\/quebakan\",\"https:\\\/\\\/x.com\\\/quebakanec\",\"http:\\\/\\\/www.instagram.com\\\/quebakan\",\"http:\\\/\\\/www.youtube.com\\\/quebakan1\"]},{\"@type\":\"Person\",\"@id\":\"https:\\\/\\\/www.quebakan.com\\\/v15\\\/#\\\/schema\\\/person\\\/d90fa9f9cfa81eb8ace9811e5b7b9118\",\"name\":\"Erick Villafuerte\",\"image\":{\"@type\":\"ImageObject\",\"inLanguage\":\"es\",\"@id\":\"https:\\\/\\\/www.quebakan.com\\\/v15\\\/wp-content\\\/uploads\\\/avatars\\\/4\\\/1731297654-bpfull.png\",\"url\":\"https:\\\/\\\/www.quebakan.com\\\/v15\\\/wp-content\\\/uploads\\\/avatars\\\/4\\\/1731297654-bpfull.png\",\"contentUrl\":\"https:\\\/\\\/www.quebakan.com\\\/v15\\\/wp-content\\\/uploads\\\/avatars\\\/4\\\/1731297654-bpfull.png\",\"caption\":\"Erick Villafuerte\"}}]}<\/script>\n<!-- \/ Yoast SEO plugin. -->","yoast_head_json":{"title":"Artefacta Hogar consolida su presencia en Ecuador con una red nacional de tiendas &#8211; QUEBAKAN.COM 2026: Noticias, Eventos, Conciertos y mucho m\u00e1s....","robots":{"index":"index","follow":"follow","max-snippet":"max-snippet:-1","max-image-preview":"max-image-preview:large","max-video-preview":"max-video-preview:-1"},"canonical":"https:\/\/www.quebakan.com\/v15\/artefacta-hogar-consolida-su-presencia-en-ecuador-con-una-red-nacional-de-tiendas\/","og_locale":"es_ES","og_type":"article","og_title":"Artefacta Hogar consolida su presencia en Ecuador con una red nacional de tiendas &#8211; QUEBAKAN.COM 2026: Noticias, Eventos, Conciertos y mucho m\u00e1s....","og_description":"Pie de foto: \u00a0Roberto Bigalli, Country Manager de Unicomer Ecuador. Artefacta Hogar cuenta con siete puntos de venta distribuidos en las ciudades de Machala, Quito, Ibarra, Esmeraldas, Libertad, Manta y Guayaquil El 80% del portafolio de Artefacta Hogar corresponde a producci\u00f3n ecuatoriana. Ecuador, agosto del 2025.- Con siete locales operativos en ciudades clave del pa\u00eds, [&hellip;]","og_url":"https:\/\/www.quebakan.com\/v15\/artefacta-hogar-consolida-su-presencia-en-ecuador-con-una-red-nacional-de-tiendas\/","og_site_name":"QUEBAKAN.COM 2026: Noticias, Eventos, Conciertos y mucho m\u00e1s....","article_publisher":"http:\/\/www.facebook.com\/quebakan","article_published_time":"2025-08-08T06:37:02+00:00","og_image":[{"width":695,"height":700,"url":"https:\/\/www.quebakan.com\/v15\/wp-content\/uploads\/2025\/08\/250806_Foto_ArtegactaHogar.jpg","type":"image\/jpeg"}],"author":"Erick Villafuerte","twitter_card":"summary_large_image","twitter_creator":"@quebakanec","twitter_site":"@quebakanec","twitter_misc":{"Escrito por":"Erick Villafuerte","Tiempo de lectura":"4 minutos"},"schema":{"@context":"https:\/\/schema.org","@graph":[{"@type":"Article","@id":"https:\/\/www.quebakan.com\/v15\/artefacta-hogar-consolida-su-presencia-en-ecuador-con-una-red-nacional-de-tiendas\/#article","isPartOf":{"@id":"https:\/\/www.quebakan.com\/v15\/artefacta-hogar-consolida-su-presencia-en-ecuador-con-una-red-nacional-de-tiendas\/"},"author":{"name":"Erick Villafuerte","@id":"https:\/\/www.quebakan.com\/v15\/#\/schema\/person\/d90fa9f9cfa81eb8ace9811e5b7b9118"},"headline":"Artefacta Hogar consolida su presencia en Ecuador con una red nacional de tiendas","datePublished":"2025-08-08T06:37:02+00:00","mainEntityOfPage":{"@id":"https:\/\/www.quebakan.com\/v15\/artefacta-hogar-consolida-su-presencia-en-ecuador-con-una-red-nacional-de-tiendas\/"},"wordCount":573,"publisher":{"@id":"https:\/\/www.quebakan.com\/v15\/#organization"},"image":{"@id":"https:\/\/www.quebakan.com\/v15\/artefacta-hogar-consolida-su-presencia-en-ecuador-con-una-red-nacional-de-tiendas\/#primaryimage"},"thumbnailUrl":"https:\/\/www.quebakan.com\/v15\/wp-content\/uploads\/2025\/08\/250806_Foto_ArtegactaHogar.jpg","articleSection":["Noticias"],"inLanguage":"es"},{"@type":"WebPage","@id":"https:\/\/www.quebakan.com\/v15\/artefacta-hogar-consolida-su-presencia-en-ecuador-con-una-red-nacional-de-tiendas\/","url":"https:\/\/www.quebakan.com\/v15\/artefacta-hogar-consolida-su-presencia-en-ecuador-con-una-red-nacional-de-tiendas\/","name":"Artefacta Hogar consolida su presencia en Ecuador con una red nacional de tiendas &#8211; QUEBAKAN.COM 2026: Noticias, Eventos, Conciertos y mucho m\u00e1s....","isPartOf":{"@id":"https:\/\/www.quebakan.com\/v15\/#website"},"primaryImageOfPage":{"@id":"https:\/\/www.quebakan.com\/v15\/artefacta-hogar-consolida-su-presencia-en-ecuador-con-una-red-nacional-de-tiendas\/#primaryimage"},"image":{"@id":"https:\/\/www.quebakan.com\/v15\/artefacta-hogar-consolida-su-presencia-en-ecuador-con-una-red-nacional-de-tiendas\/#primaryimage"},"thumbnailUrl":"https:\/\/www.quebakan.com\/v15\/wp-content\/uploads\/2025\/08\/250806_Foto_ArtegactaHogar.jpg","datePublished":"2025-08-08T06:37:02+00:00","breadcrumb":{"@id":"https:\/\/www.quebakan.com\/v15\/artefacta-hogar-consolida-su-presencia-en-ecuador-con-una-red-nacional-de-tiendas\/#breadcrumb"},"inLanguage":"es","potentialAction":[{"@type":"ReadAction","target":["https:\/\/www.quebakan.com\/v15\/artefacta-hogar-consolida-su-presencia-en-ecuador-con-una-red-nacional-de-tiendas\/"]}]},{"@type":"ImageObject","inLanguage":"es","@id":"https:\/\/www.quebakan.com\/v15\/artefacta-hogar-consolida-su-presencia-en-ecuador-con-una-red-nacional-de-tiendas\/#primaryimage","url":"https:\/\/www.quebakan.com\/v15\/wp-content\/uploads\/2025\/08\/250806_Foto_ArtegactaHogar.jpg","contentUrl":"https:\/\/www.quebakan.com\/v15\/wp-content\/uploads\/2025\/08\/250806_Foto_ArtegactaHogar.jpg","width":695,"height":700},{"@type":"BreadcrumbList","@id":"https:\/\/www.quebakan.com\/v15\/artefacta-hogar-consolida-su-presencia-en-ecuador-con-una-red-nacional-de-tiendas\/#breadcrumb","itemListElement":[{"@type":"ListItem","position":1,"name":"Portada","item":"https:\/\/www.quebakan.com\/v15\/"},{"@type":"ListItem","position":2,"name":"Artefacta Hogar consolida su presencia en Ecuador con una red nacional de tiendas"}]},{"@type":"WebSite","@id":"https:\/\/www.quebakan.com\/v15\/#website","url":"https:\/\/www.quebakan.com\/v15\/","name":"QUEBAKAN","description":"..","publisher":{"@id":"https:\/\/www.quebakan.com\/v15\/#organization"},"potentialAction":[{"@type":"SearchAction","target":{"@type":"EntryPoint","urlTemplate":"https:\/\/www.quebakan.com\/v15\/?s={search_term_string}"},"query-input":{"@type":"PropertyValueSpecification","valueRequired":true,"valueName":"search_term_string"}}],"inLanguage":"es"},{"@type":"Organization","@id":"https:\/\/www.quebakan.com\/v15\/#organization","name":"Quebakan.com","url":"https:\/\/www.quebakan.com\/v15\/","logo":{"@type":"ImageObject","inLanguage":"es","@id":"https:\/\/www.quebakan.com\/v15\/#\/schema\/logo\/image\/","url":"https:\/\/www.quebakan.com\/v15\/wp-content\/uploads\/2023\/07\/logoquebakanenero2021.jpg","contentUrl":"https:\/\/www.quebakan.com\/v15\/wp-content\/uploads\/2023\/07\/logoquebakanenero2021.jpg","width":1920,"height":1080,"caption":"Quebakan.com"},"image":{"@id":"https:\/\/www.quebakan.com\/v15\/#\/schema\/logo\/image\/"},"sameAs":["http:\/\/www.facebook.com\/quebakan","https:\/\/x.com\/quebakanec","http:\/\/www.instagram.com\/quebakan","http:\/\/www.youtube.com\/quebakan1"]},{"@type":"Person","@id":"https:\/\/www.quebakan.com\/v15\/#\/schema\/person\/d90fa9f9cfa81eb8ace9811e5b7b9118","name":"Erick Villafuerte","image":{"@type":"ImageObject","inLanguage":"es","@id":"https:\/\/www.quebakan.com\/v15\/wp-content\/uploads\/avatars\/4\/1731297654-bpfull.png","url":"https:\/\/www.quebakan.com\/v15\/wp-content\/uploads\/avatars\/4\/1731297654-bpfull.png","contentUrl":"https:\/\/www.quebakan.com\/v15\/wp-content\/uploads\/avatars\/4\/1731297654-bpfull.png","caption":"Erick Villafuerte"}}]}},"_links":{"self":[{"href":"https:\/\/www.quebakan.com\/v15\/wp-json\/wp\/v2\/posts\/134066","targetHints":{"allow":["GET"]}}],"collection":[{"href":"https:\/\/www.quebakan.com\/v15\/wp-json\/wp\/v2\/posts"}],"about":[{"href":"https:\/\/www.quebakan.com\/v15\/wp-json\/wp\/v2\/types\/post"}],"author":[{"embeddable":true,"href":"https:\/\/www.quebakan.com\/v15\/wp-json\/wp\/v2\/users\/4"}],"replies":[{"embeddable":true,"href":"https:\/\/www.quebakan.com\/v15\/wp-json\/wp\/v2\/comments?post=134066"}],"version-history":[{"count":1,"href":"https:\/\/www.quebakan.com\/v15\/wp-json\/wp\/v2\/posts\/134066\/revisions"}],"predecessor-version":[{"id":134069,"href":"https:\/\/www.quebakan.com\/v15\/wp-json\/wp\/v2\/posts\/134066\/revisions\/134069"}],"wp:featuredmedia":[{"embeddable":true,"href":"https:\/\/www.quebakan.com\/v15\/wp-json\/wp\/v2\/media\/134067"}],"wp:attachment":[{"href":"https:\/\/www.quebakan.com\/v15\/wp-json\/wp\/v2\/media?parent=134066"}],"wp:term":[{"taxonomy":"category","embeddable":true,"href":"https:\/\/www.quebakan.com\/v15\/wp-json\/wp\/v2\/categories?post=134066"},{"taxonomy":"post_tag","embeddable":true,"href":"https:\/\/www.quebakan.com\/v15\/wp-json\/wp\/v2\/tags?post=134066"}],"curies":[{"name":"wp","href":"https:\/\/api.w.org\/{rel}","templated":true}]}}