{"id":134070,"date":"2025-08-08T01:41:47","date_gmt":"2025-08-08T06:41:47","guid":{"rendered":"https:\/\/www.quebakan.com\/v15\/?p=134070"},"modified":"2025-08-08T01:41:47","modified_gmt":"2025-08-08T06:41:47","slug":"omni-hospital-fortalece-su-presencia-en-via-a-la-costa-con-la-expansion-de-servicios-en-su-centro-medico","status":"publish","type":"post","link":"https:\/\/www.quebakan.com\/v15\/omni-hospital-fortalece-su-presencia-en-via-a-la-costa-con-la-expansion-de-servicios-en-su-centro-medico\/","title":{"rendered":"Omni Hospital fortalece su presencia en V\u00eda a la Costa con la expansi\u00f3n de servicios en su Centro M\u00e9dico"},"content":{"rendered":"<p><img fetchpriority=\"high\" decoding=\"async\" class=\"aligncenter size-full wp-image-134071\" src=\"https:\/\/www.quebakan.com\/v15\/wp-content\/uploads\/2025\/08\/p3.jpg\" alt=\"\" width=\"700\" height=\"466\" \/><\/p>\n<ul>\n<li style=\"text-align: justify;\"><span style=\"color: #000000;\">El Centro M\u00e9dico del Omni Hospital, en el C.C. Blue coast, present\u00f3 la expansi\u00f3n de servicios con un enfoque de prevenci\u00f3n, cercan\u00eda y atenci\u00f3n de calidad<\/span><\/li>\n<\/ul>\n<p style=\"text-align: justify;\"><span style=\"color: #000000;\">Omni Hospital inaugur\u00f3 la expansi\u00f3n de los servicios en su Centro M\u00e9dico, del C.C. Blue Coast, en v\u00eda a la Costa,\u00a0 con el objetivo de fortalecer su compromiso con la atenci\u00f3n m\u00e9dica y acercar los servicios de salud a m\u00e1s personas. Ubicado estrat\u00e9gicamente para brindar atenci\u00f3n accesible, oportuna y con respaldo profesional.<\/span><\/p>\n<p style=\"text-align: justify;\"><span style=\"color: #000000;\">El Centro M\u00e9dico cuenta con una propuesta moderna, integral y alineada al prop\u00f3sito institucional de cuidar a las personas desde sus necesidades cotidianas hasta sus tratamientos especializados. Con servicios como medicina general, pediatr\u00eda, ginecolog\u00eda, medicina interna, laboratorio cl\u00ednico, \u00e1rea de im\u00e1genes (ecograf\u00edas, electrocardiogramas, radiograf\u00edas port\u00e1tiles) y procedimientos de enfermer\u00eda (curaciones, sueros, inyectologia y suturas), este nuevo centro busca ser un aliado cercano en la salud diaria de la comunidad.<\/span><\/p>\n<p style=\"text-align: justify;\"><span style=\"color: #000000;\">\u201cNuestra visi\u00f3n es acercar la salud a la ciudadan\u00eda, tanto geogr\u00e1fica como econ\u00f3micamente. Queremos que la gente tenga un centro m\u00e9dico al alcance, donde pueda prevenir, detectar y tratar enfermedades a tiempo\u201d, se\u00f1al\u00f3 Mauricio Navia, Gerente General del Omni Hospital.<\/span><\/p>\n<p style=\"text-align: justify;\"><span style=\"color: #000000;\">Adem\u00e1s de su propuesta asistencial, esta expansi\u00f3n de servicios\u00a0 promueve una cultura de prevenci\u00f3n mediante campa\u00f1as de educaci\u00f3n, promoci\u00f3n de servicios en salas de espera y el impulso de controles m\u00e9dicos peri\u00f3dicos. Adem\u00e1s, cuenta con espacios para procedimientos menores y atenciones de tipo ambulatorio, convirti\u00e9ndose en un punto clave para descongestionar los servicios de urgencia y derivar a tiempo los casos que requieran atenci\u00f3n hospitalaria.<\/span><\/p>\n<p style=\"text-align: justify;\"><span style=\"color: #000000;\">Este Centro M\u00e9dico suma 6 en la red de atenci\u00f3n de Omni Hospital y se proyecta como una soluci\u00f3n confiable y de alta calidad para sectores donde el acceso a atenci\u00f3n m\u00e9dica integral ha sido limitado. Su implementaci\u00f3n permite que m\u00e1s familias puedan atenderse cerca de casa, con la tranquilidad de contar con el respaldo profesional y tecnol\u00f3gico de su matriz.<\/span><\/p>\n<p style=\"text-align: justify;\"><span style=\"color: #000000;\">Omni Hospital reafirma el compromiso institucional con la medicina preventiva, la expansi\u00f3n planificada y el bienestar de los ecuatorianos, bajo un modelo sostenible y humano que pone a las personas en el centro.<\/span><\/p>\n<p><img decoding=\"async\" class=\"aligncenter size-full wp-image-134072\" src=\"https:\/\/www.quebakan.com\/v15\/wp-content\/uploads\/2025\/08\/p1.jpg\" alt=\"\" width=\"700\" height=\"466\" \/><\/p>\n","protected":false},"excerpt":{"rendered":"<p>El Centro M\u00e9dico del Omni Hospital, en el C.C. Blue coast, present\u00f3 la expansi\u00f3n de servicios con un enfoque de prevenci\u00f3n, cercan\u00eda y atenci\u00f3n de calidad Omni Hospital inaugur\u00f3 la expansi\u00f3n de los servicios en su Centro M\u00e9dico, del C.C. Blue Coast, en v\u00eda a la Costa,\u00a0 con el objetivo de fortalecer su compromiso con [&hellip;]<\/p>\n","protected":false},"author":4,"featured_media":134071,"comment_status":"closed","ping_status":"closed","sticky":false,"template":"","format":"standard","meta":{"_bbp_topic_count":0,"_bbp_reply_count":0,"_bbp_total_topic_count":0,"_bbp_total_reply_count":0,"_bbp_voice_count":0,"_bbp_anonymous_reply_count":0,"_bbp_topic_count_hidden":0,"_bbp_reply_count_hidden":0,"_bbp_forum_subforum_count":0,"buzzeditor_post_format":"","footnotes":""},"categories":[2],"tags":[],"class_list":["post-134070","post","type-post","status-publish","format-standard","has-post-thumbnail","hentry","category-noticias"],"yoast_head":"<!-- This site is optimized with the Yoast SEO plugin v27.5 - https:\/\/yoast.com\/product\/yoast-seo-wordpress\/ -->\n<title>Omni Hospital fortalece su presencia en V\u00eda a la Costa con la expansi\u00f3n de servicios en su Centro M\u00e9dico &#8211; QUEBAKAN.COM 2026: Noticias, Eventos, Conciertos y mucho m\u00e1s....<\/title>\n<meta name=\"robots\" content=\"index, follow, max-snippet:-1, max-image-preview:large, max-video-preview:-1\" \/>\n<link rel=\"canonical\" href=\"https:\/\/www.quebakan.com\/v15\/omni-hospital-fortalece-su-presencia-en-via-a-la-costa-con-la-expansion-de-servicios-en-su-centro-medico\/\" \/>\n<meta property=\"og:locale\" content=\"es_ES\" \/>\n<meta property=\"og:type\" content=\"article\" \/>\n<meta property=\"og:title\" content=\"Omni Hospital fortalece su presencia en V\u00eda a la Costa con la expansi\u00f3n de servicios en su Centro M\u00e9dico &#8211; QUEBAKAN.COM 2026: Noticias, Eventos, Conciertos y mucho m\u00e1s....\" \/>\n<meta property=\"og:description\" content=\"El Centro M\u00e9dico del Omni Hospital, en el C.C. Blue coast, present\u00f3 la expansi\u00f3n de servicios con un enfoque de prevenci\u00f3n, cercan\u00eda y atenci\u00f3n de calidad Omni Hospital inaugur\u00f3 la expansi\u00f3n de los servicios en su Centro M\u00e9dico, del C.C. Blue Coast, en v\u00eda a la Costa,\u00a0 con el objetivo de fortalecer su compromiso con [&hellip;]\" \/>\n<meta property=\"og:url\" content=\"https:\/\/www.quebakan.com\/v15\/omni-hospital-fortalece-su-presencia-en-via-a-la-costa-con-la-expansion-de-servicios-en-su-centro-medico\/\" \/>\n<meta property=\"og:site_name\" content=\"QUEBAKAN.COM 2026: Noticias, Eventos, Conciertos y mucho m\u00e1s....\" \/>\n<meta property=\"article:publisher\" content=\"http:\/\/www.facebook.com\/quebakan\" \/>\n<meta property=\"article:published_time\" content=\"2025-08-08T06:41:47+00:00\" \/>\n<meta property=\"og:image\" content=\"https:\/\/www.quebakan.com\/v15\/wp-content\/uploads\/2025\/08\/p3.jpg\" \/>\n\t<meta property=\"og:image:width\" content=\"700\" \/>\n\t<meta property=\"og:image:height\" content=\"466\" \/>\n\t<meta property=\"og:image:type\" content=\"image\/jpeg\" \/>\n<meta name=\"author\" content=\"Erick Villafuerte\" \/>\n<meta name=\"twitter:card\" content=\"summary_large_image\" \/>\n<meta name=\"twitter:creator\" content=\"@quebakanec\" \/>\n<meta name=\"twitter:site\" content=\"@quebakanec\" \/>\n<meta name=\"twitter:label1\" content=\"Escrito por\" \/>\n\t<meta name=\"twitter:data1\" content=\"Erick Villafuerte\" \/>\n\t<meta name=\"twitter:label2\" content=\"Tiempo de lectura\" \/>\n\t<meta name=\"twitter:data2\" content=\"3 minutos\" \/>\n<script type=\"application\/ld+json\" class=\"yoast-schema-graph\">{\"@context\":\"https:\\\/\\\/schema.org\",\"@graph\":[{\"@type\":\"Article\",\"@id\":\"https:\\\/\\\/www.quebakan.com\\\/v15\\\/omni-hospital-fortalece-su-presencia-en-via-a-la-costa-con-la-expansion-de-servicios-en-su-centro-medico\\\/#article\",\"isPartOf\":{\"@id\":\"https:\\\/\\\/www.quebakan.com\\\/v15\\\/omni-hospital-fortalece-su-presencia-en-via-a-la-costa-con-la-expansion-de-servicios-en-su-centro-medico\\\/\"},\"author\":{\"name\":\"Erick Villafuerte\",\"@id\":\"https:\\\/\\\/www.quebakan.com\\\/v15\\\/#\\\/schema\\\/person\\\/d90fa9f9cfa81eb8ace9811e5b7b9118\"},\"headline\":\"Omni Hospital fortalece su presencia en V\u00eda a la Costa con la expansi\u00f3n de servicios en su Centro M\u00e9dico\",\"datePublished\":\"2025-08-08T06:41:47+00:00\",\"mainEntityOfPage\":{\"@id\":\"https:\\\/\\\/www.quebakan.com\\\/v15\\\/omni-hospital-fortalece-su-presencia-en-via-a-la-costa-con-la-expansion-de-servicios-en-su-centro-medico\\\/\"},\"wordCount\":418,\"publisher\":{\"@id\":\"https:\\\/\\\/www.quebakan.com\\\/v15\\\/#organization\"},\"image\":{\"@id\":\"https:\\\/\\\/www.quebakan.com\\\/v15\\\/omni-hospital-fortalece-su-presencia-en-via-a-la-costa-con-la-expansion-de-servicios-en-su-centro-medico\\\/#primaryimage\"},\"thumbnailUrl\":\"https:\\\/\\\/www.quebakan.com\\\/v15\\\/wp-content\\\/uploads\\\/2025\\\/08\\\/p3.jpg\",\"articleSection\":[\"Noticias\"],\"inLanguage\":\"es\"},{\"@type\":\"WebPage\",\"@id\":\"https:\\\/\\\/www.quebakan.com\\\/v15\\\/omni-hospital-fortalece-su-presencia-en-via-a-la-costa-con-la-expansion-de-servicios-en-su-centro-medico\\\/\",\"url\":\"https:\\\/\\\/www.quebakan.com\\\/v15\\\/omni-hospital-fortalece-su-presencia-en-via-a-la-costa-con-la-expansion-de-servicios-en-su-centro-medico\\\/\",\"name\":\"Omni Hospital fortalece su presencia en V\u00eda a la Costa con la expansi\u00f3n de servicios en su Centro M\u00e9dico &#8211; QUEBAKAN.COM 2026: Noticias, Eventos, Conciertos y mucho m\u00e1s....\",\"isPartOf\":{\"@id\":\"https:\\\/\\\/www.quebakan.com\\\/v15\\\/#website\"},\"primaryImageOfPage\":{\"@id\":\"https:\\\/\\\/www.quebakan.com\\\/v15\\\/omni-hospital-fortalece-su-presencia-en-via-a-la-costa-con-la-expansion-de-servicios-en-su-centro-medico\\\/#primaryimage\"},\"image\":{\"@id\":\"https:\\\/\\\/www.quebakan.com\\\/v15\\\/omni-hospital-fortalece-su-presencia-en-via-a-la-costa-con-la-expansion-de-servicios-en-su-centro-medico\\\/#primaryimage\"},\"thumbnailUrl\":\"https:\\\/\\\/www.quebakan.com\\\/v15\\\/wp-content\\\/uploads\\\/2025\\\/08\\\/p3.jpg\",\"datePublished\":\"2025-08-08T06:41:47+00:00\",\"breadcrumb\":{\"@id\":\"https:\\\/\\\/www.quebakan.com\\\/v15\\\/omni-hospital-fortalece-su-presencia-en-via-a-la-costa-con-la-expansion-de-servicios-en-su-centro-medico\\\/#breadcrumb\"},\"inLanguage\":\"es\",\"potentialAction\":[{\"@type\":\"ReadAction\",\"target\":[\"https:\\\/\\\/www.quebakan.com\\\/v15\\\/omni-hospital-fortalece-su-presencia-en-via-a-la-costa-con-la-expansion-de-servicios-en-su-centro-medico\\\/\"]}]},{\"@type\":\"ImageObject\",\"inLanguage\":\"es\",\"@id\":\"https:\\\/\\\/www.quebakan.com\\\/v15\\\/omni-hospital-fortalece-su-presencia-en-via-a-la-costa-con-la-expansion-de-servicios-en-su-centro-medico\\\/#primaryimage\",\"url\":\"https:\\\/\\\/www.quebakan.com\\\/v15\\\/wp-content\\\/uploads\\\/2025\\\/08\\\/p3.jpg\",\"contentUrl\":\"https:\\\/\\\/www.quebakan.com\\\/v15\\\/wp-content\\\/uploads\\\/2025\\\/08\\\/p3.jpg\",\"width\":700,\"height\":466},{\"@type\":\"BreadcrumbList\",\"@id\":\"https:\\\/\\\/www.quebakan.com\\\/v15\\\/omni-hospital-fortalece-su-presencia-en-via-a-la-costa-con-la-expansion-de-servicios-en-su-centro-medico\\\/#breadcrumb\",\"itemListElement\":[{\"@type\":\"ListItem\",\"position\":1,\"name\":\"Portada\",\"item\":\"https:\\\/\\\/www.quebakan.com\\\/v15\\\/\"},{\"@type\":\"ListItem\",\"position\":2,\"name\":\"Omni Hospital fortalece su presencia en V\u00eda a la Costa con la expansi\u00f3n de servicios en su Centro M\u00e9dico\"}]},{\"@type\":\"WebSite\",\"@id\":\"https:\\\/\\\/www.quebakan.com\\\/v15\\\/#website\",\"url\":\"https:\\\/\\\/www.quebakan.com\\\/v15\\\/\",\"name\":\"QUEBAKAN\",\"description\":\"..\",\"publisher\":{\"@id\":\"https:\\\/\\\/www.quebakan.com\\\/v15\\\/#organization\"},\"potentialAction\":[{\"@type\":\"SearchAction\",\"target\":{\"@type\":\"EntryPoint\",\"urlTemplate\":\"https:\\\/\\\/www.quebakan.com\\\/v15\\\/?s={search_term_string}\"},\"query-input\":{\"@type\":\"PropertyValueSpecification\",\"valueRequired\":true,\"valueName\":\"search_term_string\"}}],\"inLanguage\":\"es\"},{\"@type\":\"Organization\",\"@id\":\"https:\\\/\\\/www.quebakan.com\\\/v15\\\/#organization\",\"name\":\"Quebakan.com\",\"url\":\"https:\\\/\\\/www.quebakan.com\\\/v15\\\/\",\"logo\":{\"@type\":\"ImageObject\",\"inLanguage\":\"es\",\"@id\":\"https:\\\/\\\/www.quebakan.com\\\/v15\\\/#\\\/schema\\\/logo\\\/image\\\/\",\"url\":\"https:\\\/\\\/www.quebakan.com\\\/v15\\\/wp-content\\\/uploads\\\/2023\\\/07\\\/logoquebakanenero2021.jpg\",\"contentUrl\":\"https:\\\/\\\/www.quebakan.com\\\/v15\\\/wp-content\\\/uploads\\\/2023\\\/07\\\/logoquebakanenero2021.jpg\",\"width\":1920,\"height\":1080,\"caption\":\"Quebakan.com\"},\"image\":{\"@id\":\"https:\\\/\\\/www.quebakan.com\\\/v15\\\/#\\\/schema\\\/logo\\\/image\\\/\"},\"sameAs\":[\"http:\\\/\\\/www.facebook.com\\\/quebakan\",\"https:\\\/\\\/x.com\\\/quebakanec\",\"http:\\\/\\\/www.instagram.com\\\/quebakan\",\"http:\\\/\\\/www.youtube.com\\\/quebakan1\"]},{\"@type\":\"Person\",\"@id\":\"https:\\\/\\\/www.quebakan.com\\\/v15\\\/#\\\/schema\\\/person\\\/d90fa9f9cfa81eb8ace9811e5b7b9118\",\"name\":\"Erick Villafuerte\",\"image\":{\"@type\":\"ImageObject\",\"inLanguage\":\"es\",\"@id\":\"https:\\\/\\\/www.quebakan.com\\\/v15\\\/wp-content\\\/uploads\\\/avatars\\\/4\\\/1731297654-bpfull.png\",\"url\":\"https:\\\/\\\/www.quebakan.com\\\/v15\\\/wp-content\\\/uploads\\\/avatars\\\/4\\\/1731297654-bpfull.png\",\"contentUrl\":\"https:\\\/\\\/www.quebakan.com\\\/v15\\\/wp-content\\\/uploads\\\/avatars\\\/4\\\/1731297654-bpfull.png\",\"caption\":\"Erick Villafuerte\"}}]}<\/script>\n<!-- \/ Yoast SEO plugin. -->","yoast_head_json":{"title":"Omni Hospital fortalece su presencia en V\u00eda a la Costa con la expansi\u00f3n de servicios en su Centro M\u00e9dico &#8211; QUEBAKAN.COM 2026: Noticias, Eventos, Conciertos y mucho m\u00e1s....","robots":{"index":"index","follow":"follow","max-snippet":"max-snippet:-1","max-image-preview":"max-image-preview:large","max-video-preview":"max-video-preview:-1"},"canonical":"https:\/\/www.quebakan.com\/v15\/omni-hospital-fortalece-su-presencia-en-via-a-la-costa-con-la-expansion-de-servicios-en-su-centro-medico\/","og_locale":"es_ES","og_type":"article","og_title":"Omni Hospital fortalece su presencia en V\u00eda a la Costa con la expansi\u00f3n de servicios en su Centro M\u00e9dico &#8211; QUEBAKAN.COM 2026: Noticias, Eventos, Conciertos y mucho m\u00e1s....","og_description":"El Centro M\u00e9dico del Omni Hospital, en el C.C. Blue coast, present\u00f3 la expansi\u00f3n de servicios con un enfoque de prevenci\u00f3n, cercan\u00eda y atenci\u00f3n de calidad Omni Hospital inaugur\u00f3 la expansi\u00f3n de los servicios en su Centro M\u00e9dico, del C.C. Blue Coast, en v\u00eda a la Costa,\u00a0 con el objetivo de fortalecer su compromiso con [&hellip;]","og_url":"https:\/\/www.quebakan.com\/v15\/omni-hospital-fortalece-su-presencia-en-via-a-la-costa-con-la-expansion-de-servicios-en-su-centro-medico\/","og_site_name":"QUEBAKAN.COM 2026: Noticias, Eventos, Conciertos y mucho m\u00e1s....","article_publisher":"http:\/\/www.facebook.com\/quebakan","article_published_time":"2025-08-08T06:41:47+00:00","og_image":[{"width":700,"height":466,"url":"https:\/\/www.quebakan.com\/v15\/wp-content\/uploads\/2025\/08\/p3.jpg","type":"image\/jpeg"}],"author":"Erick Villafuerte","twitter_card":"summary_large_image","twitter_creator":"@quebakanec","twitter_site":"@quebakanec","twitter_misc":{"Escrito por":"Erick Villafuerte","Tiempo de lectura":"3 minutos"},"schema":{"@context":"https:\/\/schema.org","@graph":[{"@type":"Article","@id":"https:\/\/www.quebakan.com\/v15\/omni-hospital-fortalece-su-presencia-en-via-a-la-costa-con-la-expansion-de-servicios-en-su-centro-medico\/#article","isPartOf":{"@id":"https:\/\/www.quebakan.com\/v15\/omni-hospital-fortalece-su-presencia-en-via-a-la-costa-con-la-expansion-de-servicios-en-su-centro-medico\/"},"author":{"name":"Erick Villafuerte","@id":"https:\/\/www.quebakan.com\/v15\/#\/schema\/person\/d90fa9f9cfa81eb8ace9811e5b7b9118"},"headline":"Omni Hospital fortalece su presencia en V\u00eda a la Costa con la expansi\u00f3n de servicios en su Centro M\u00e9dico","datePublished":"2025-08-08T06:41:47+00:00","mainEntityOfPage":{"@id":"https:\/\/www.quebakan.com\/v15\/omni-hospital-fortalece-su-presencia-en-via-a-la-costa-con-la-expansion-de-servicios-en-su-centro-medico\/"},"wordCount":418,"publisher":{"@id":"https:\/\/www.quebakan.com\/v15\/#organization"},"image":{"@id":"https:\/\/www.quebakan.com\/v15\/omni-hospital-fortalece-su-presencia-en-via-a-la-costa-con-la-expansion-de-servicios-en-su-centro-medico\/#primaryimage"},"thumbnailUrl":"https:\/\/www.quebakan.com\/v15\/wp-content\/uploads\/2025\/08\/p3.jpg","articleSection":["Noticias"],"inLanguage":"es"},{"@type":"WebPage","@id":"https:\/\/www.quebakan.com\/v15\/omni-hospital-fortalece-su-presencia-en-via-a-la-costa-con-la-expansion-de-servicios-en-su-centro-medico\/","url":"https:\/\/www.quebakan.com\/v15\/omni-hospital-fortalece-su-presencia-en-via-a-la-costa-con-la-expansion-de-servicios-en-su-centro-medico\/","name":"Omni Hospital fortalece su presencia en V\u00eda a la Costa con la expansi\u00f3n de servicios en su Centro M\u00e9dico &#8211; QUEBAKAN.COM 2026: Noticias, Eventos, Conciertos y mucho m\u00e1s....","isPartOf":{"@id":"https:\/\/www.quebakan.com\/v15\/#website"},"primaryImageOfPage":{"@id":"https:\/\/www.quebakan.com\/v15\/omni-hospital-fortalece-su-presencia-en-via-a-la-costa-con-la-expansion-de-servicios-en-su-centro-medico\/#primaryimage"},"image":{"@id":"https:\/\/www.quebakan.com\/v15\/omni-hospital-fortalece-su-presencia-en-via-a-la-costa-con-la-expansion-de-servicios-en-su-centro-medico\/#primaryimage"},"thumbnailUrl":"https:\/\/www.quebakan.com\/v15\/wp-content\/uploads\/2025\/08\/p3.jpg","datePublished":"2025-08-08T06:41:47+00:00","breadcrumb":{"@id":"https:\/\/www.quebakan.com\/v15\/omni-hospital-fortalece-su-presencia-en-via-a-la-costa-con-la-expansion-de-servicios-en-su-centro-medico\/#breadcrumb"},"inLanguage":"es","potentialAction":[{"@type":"ReadAction","target":["https:\/\/www.quebakan.com\/v15\/omni-hospital-fortalece-su-presencia-en-via-a-la-costa-con-la-expansion-de-servicios-en-su-centro-medico\/"]}]},{"@type":"ImageObject","inLanguage":"es","@id":"https:\/\/www.quebakan.com\/v15\/omni-hospital-fortalece-su-presencia-en-via-a-la-costa-con-la-expansion-de-servicios-en-su-centro-medico\/#primaryimage","url":"https:\/\/www.quebakan.com\/v15\/wp-content\/uploads\/2025\/08\/p3.jpg","contentUrl":"https:\/\/www.quebakan.com\/v15\/wp-content\/uploads\/2025\/08\/p3.jpg","width":700,"height":466},{"@type":"BreadcrumbList","@id":"https:\/\/www.quebakan.com\/v15\/omni-hospital-fortalece-su-presencia-en-via-a-la-costa-con-la-expansion-de-servicios-en-su-centro-medico\/#breadcrumb","itemListElement":[{"@type":"ListItem","position":1,"name":"Portada","item":"https:\/\/www.quebakan.com\/v15\/"},{"@type":"ListItem","position":2,"name":"Omni Hospital fortalece su presencia en V\u00eda a la Costa con la expansi\u00f3n de servicios en su Centro M\u00e9dico"}]},{"@type":"WebSite","@id":"https:\/\/www.quebakan.com\/v15\/#website","url":"https:\/\/www.quebakan.com\/v15\/","name":"QUEBAKAN","description":"..","publisher":{"@id":"https:\/\/www.quebakan.com\/v15\/#organization"},"potentialAction":[{"@type":"SearchAction","target":{"@type":"EntryPoint","urlTemplate":"https:\/\/www.quebakan.com\/v15\/?s={search_term_string}"},"query-input":{"@type":"PropertyValueSpecification","valueRequired":true,"valueName":"search_term_string"}}],"inLanguage":"es"},{"@type":"Organization","@id":"https:\/\/www.quebakan.com\/v15\/#organization","name":"Quebakan.com","url":"https:\/\/www.quebakan.com\/v15\/","logo":{"@type":"ImageObject","inLanguage":"es","@id":"https:\/\/www.quebakan.com\/v15\/#\/schema\/logo\/image\/","url":"https:\/\/www.quebakan.com\/v15\/wp-content\/uploads\/2023\/07\/logoquebakanenero2021.jpg","contentUrl":"https:\/\/www.quebakan.com\/v15\/wp-content\/uploads\/2023\/07\/logoquebakanenero2021.jpg","width":1920,"height":1080,"caption":"Quebakan.com"},"image":{"@id":"https:\/\/www.quebakan.com\/v15\/#\/schema\/logo\/image\/"},"sameAs":["http:\/\/www.facebook.com\/quebakan","https:\/\/x.com\/quebakanec","http:\/\/www.instagram.com\/quebakan","http:\/\/www.youtube.com\/quebakan1"]},{"@type":"Person","@id":"https:\/\/www.quebakan.com\/v15\/#\/schema\/person\/d90fa9f9cfa81eb8ace9811e5b7b9118","name":"Erick Villafuerte","image":{"@type":"ImageObject","inLanguage":"es","@id":"https:\/\/www.quebakan.com\/v15\/wp-content\/uploads\/avatars\/4\/1731297654-bpfull.png","url":"https:\/\/www.quebakan.com\/v15\/wp-content\/uploads\/avatars\/4\/1731297654-bpfull.png","contentUrl":"https:\/\/www.quebakan.com\/v15\/wp-content\/uploads\/avatars\/4\/1731297654-bpfull.png","caption":"Erick Villafuerte"}}]}},"_links":{"self":[{"href":"https:\/\/www.quebakan.com\/v15\/wp-json\/wp\/v2\/posts\/134070","targetHints":{"allow":["GET"]}}],"collection":[{"href":"https:\/\/www.quebakan.com\/v15\/wp-json\/wp\/v2\/posts"}],"about":[{"href":"https:\/\/www.quebakan.com\/v15\/wp-json\/wp\/v2\/types\/post"}],"author":[{"embeddable":true,"href":"https:\/\/www.quebakan.com\/v15\/wp-json\/wp\/v2\/users\/4"}],"replies":[{"embeddable":true,"href":"https:\/\/www.quebakan.com\/v15\/wp-json\/wp\/v2\/comments?post=134070"}],"version-history":[{"count":1,"href":"https:\/\/www.quebakan.com\/v15\/wp-json\/wp\/v2\/posts\/134070\/revisions"}],"predecessor-version":[{"id":134073,"href":"https:\/\/www.quebakan.com\/v15\/wp-json\/wp\/v2\/posts\/134070\/revisions\/134073"}],"wp:featuredmedia":[{"embeddable":true,"href":"https:\/\/www.quebakan.com\/v15\/wp-json\/wp\/v2\/media\/134071"}],"wp:attachment":[{"href":"https:\/\/www.quebakan.com\/v15\/wp-json\/wp\/v2\/media?parent=134070"}],"wp:term":[{"taxonomy":"category","embeddable":true,"href":"https:\/\/www.quebakan.com\/v15\/wp-json\/wp\/v2\/categories?post=134070"},{"taxonomy":"post_tag","embeddable":true,"href":"https:\/\/www.quebakan.com\/v15\/wp-json\/wp\/v2\/tags?post=134070"}],"curies":[{"name":"wp","href":"https:\/\/api.w.org\/{rel}","templated":true}]}}