{"id":134074,"date":"2025-08-08T01:49:21","date_gmt":"2025-08-08T06:49:21","guid":{"rendered":"https:\/\/www.quebakan.com\/v15\/?p=134074"},"modified":"2025-08-08T01:49:21","modified_gmt":"2025-08-08T06:49:21","slug":"consorcio-urvaseo-trabaja-con-normalidad-en-el-feriado-del-10-de-agosto-3","status":"publish","type":"post","link":"https:\/\/www.quebakan.com\/v15\/consorcio-urvaseo-trabaja-con-normalidad-en-el-feriado-del-10-de-agosto-3\/","title":{"rendered":"Consorcio Urvaseo trabaja con normalidad en el feriado del 10 de agosto"},"content":{"rendered":"<p><img fetchpriority=\"high\" decoding=\"async\" class=\"aligncenter size-full wp-image-134075\" src=\"https:\/\/www.quebakan.com\/v15\/wp-content\/uploads\/2025\/08\/Recoleccion-Urvaseo.jpg\" alt=\"\" width=\"700\" height=\"393\" \/><\/p>\n<p style=\"text-align: justify;\"><span style=\"color: #000000;\">Informamos a la comunidad que el feriado del 10 de agosto que se traslada al lunes 11, d\u00eda en el que se conmemora el Primer Grito de Independencia, el servicio de recolecci\u00f3n permanecer\u00e1 activo.<\/span><\/p>\n<p style=\"text-align: justify;\"><span style=\"color: #000000;\">Stefany Camacho Vocera de Urvaseo recuerda a la comunidad que trabajaremos ininterrumpidamente por lo que se le solicita a la ciudadan\u00eda sacar sus desechos en el horario y frecuencia asignado en su sector.<\/span><\/p>\n<p style=\"text-align: justify;\"><span style=\"color: #000000;\">La comunidad, el Municipio y Urvaseo comprometidos para que Guayaquil siga siendo la perla del Pacifico.<\/span><\/p>\n<p style=\"text-align: justify;\"><span style=\"color: #000000;\">Juntos por Guayaquil ciudad de todos<\/span><\/p>\n","protected":false},"excerpt":{"rendered":"<p>Informamos a la comunidad que el feriado del 10 de agosto que se traslada al lunes 11, d\u00eda en el que se conmemora el Primer Grito de Independencia, el servicio de recolecci\u00f3n permanecer\u00e1 activo. Stefany Camacho Vocera de Urvaseo recuerda a la comunidad que trabajaremos ininterrumpidamente por lo que se le solicita a la ciudadan\u00eda [&hellip;]<\/p>\n","protected":false},"author":4,"featured_media":134075,"comment_status":"closed","ping_status":"closed","sticky":false,"template":"","format":"standard","meta":{"_bbp_topic_count":0,"_bbp_reply_count":0,"_bbp_total_topic_count":0,"_bbp_total_reply_count":0,"_bbp_voice_count":0,"_bbp_anonymous_reply_count":0,"_bbp_topic_count_hidden":0,"_bbp_reply_count_hidden":0,"_bbp_forum_subforum_count":0,"buzzeditor_post_format":"","footnotes":""},"categories":[2],"tags":[],"class_list":["post-134074","post","type-post","status-publish","format-standard","has-post-thumbnail","hentry","category-noticias"],"yoast_head":"<!-- This site is optimized with the Yoast SEO plugin v27.5 - https:\/\/yoast.com\/product\/yoast-seo-wordpress\/ -->\n<title>Consorcio Urvaseo trabaja con normalidad en el feriado del 10 de agosto &#8211; QUEBAKAN.COM 2026: Noticias, Eventos, Conciertos y mucho m\u00e1s....<\/title>\n<meta name=\"robots\" content=\"index, follow, max-snippet:-1, max-image-preview:large, max-video-preview:-1\" \/>\n<link rel=\"canonical\" href=\"https:\/\/www.quebakan.com\/v15\/consorcio-urvaseo-trabaja-con-normalidad-en-el-feriado-del-10-de-agosto-3\/\" \/>\n<meta property=\"og:locale\" content=\"es_ES\" \/>\n<meta property=\"og:type\" content=\"article\" \/>\n<meta property=\"og:title\" content=\"Consorcio Urvaseo trabaja con normalidad en el feriado del 10 de agosto &#8211; QUEBAKAN.COM 2026: Noticias, Eventos, Conciertos y mucho m\u00e1s....\" \/>\n<meta property=\"og:description\" content=\"Informamos a la comunidad que el feriado del 10 de agosto que se traslada al lunes 11, d\u00eda en el que se conmemora el Primer Grito de Independencia, el servicio de recolecci\u00f3n permanecer\u00e1 activo. Stefany Camacho Vocera de Urvaseo recuerda a la comunidad que trabajaremos ininterrumpidamente por lo que se le solicita a la ciudadan\u00eda [&hellip;]\" \/>\n<meta property=\"og:url\" content=\"https:\/\/www.quebakan.com\/v15\/consorcio-urvaseo-trabaja-con-normalidad-en-el-feriado-del-10-de-agosto-3\/\" \/>\n<meta property=\"og:site_name\" content=\"QUEBAKAN.COM 2026: Noticias, Eventos, Conciertos y mucho m\u00e1s....\" \/>\n<meta property=\"article:publisher\" content=\"http:\/\/www.facebook.com\/quebakan\" \/>\n<meta property=\"article:published_time\" content=\"2025-08-08T06:49:21+00:00\" \/>\n<meta property=\"og:image\" content=\"https:\/\/www.quebakan.com\/v15\/wp-content\/uploads\/2025\/08\/Recoleccion-Urvaseo.jpg\" \/>\n\t<meta property=\"og:image:width\" content=\"700\" \/>\n\t<meta property=\"og:image:height\" content=\"393\" \/>\n\t<meta property=\"og:image:type\" content=\"image\/jpeg\" \/>\n<meta name=\"author\" content=\"Erick Villafuerte\" \/>\n<meta name=\"twitter:card\" content=\"summary_large_image\" \/>\n<meta name=\"twitter:creator\" content=\"@quebakanec\" \/>\n<meta name=\"twitter:site\" content=\"@quebakanec\" \/>\n<meta name=\"twitter:label1\" content=\"Escrito por\" \/>\n\t<meta name=\"twitter:data1\" content=\"Erick Villafuerte\" \/>\n\t<meta name=\"twitter:label2\" content=\"Tiempo de lectura\" \/>\n\t<meta name=\"twitter:data2\" content=\"1 minuto\" \/>\n<script type=\"application\/ld+json\" class=\"yoast-schema-graph\">{\"@context\":\"https:\\\/\\\/schema.org\",\"@graph\":[{\"@type\":\"Article\",\"@id\":\"https:\\\/\\\/www.quebakan.com\\\/v15\\\/consorcio-urvaseo-trabaja-con-normalidad-en-el-feriado-del-10-de-agosto-3\\\/#article\",\"isPartOf\":{\"@id\":\"https:\\\/\\\/www.quebakan.com\\\/v15\\\/consorcio-urvaseo-trabaja-con-normalidad-en-el-feriado-del-10-de-agosto-3\\\/\"},\"author\":{\"name\":\"Erick Villafuerte\",\"@id\":\"https:\\\/\\\/www.quebakan.com\\\/v15\\\/#\\\/schema\\\/person\\\/d90fa9f9cfa81eb8ace9811e5b7b9118\"},\"headline\":\"Consorcio Urvaseo trabaja con normalidad en el feriado del 10 de agosto\",\"datePublished\":\"2025-08-08T06:49:21+00:00\",\"mainEntityOfPage\":{\"@id\":\"https:\\\/\\\/www.quebakan.com\\\/v15\\\/consorcio-urvaseo-trabaja-con-normalidad-en-el-feriado-del-10-de-agosto-3\\\/\"},\"wordCount\":101,\"publisher\":{\"@id\":\"https:\\\/\\\/www.quebakan.com\\\/v15\\\/#organization\"},\"image\":{\"@id\":\"https:\\\/\\\/www.quebakan.com\\\/v15\\\/consorcio-urvaseo-trabaja-con-normalidad-en-el-feriado-del-10-de-agosto-3\\\/#primaryimage\"},\"thumbnailUrl\":\"https:\\\/\\\/www.quebakan.com\\\/v15\\\/wp-content\\\/uploads\\\/2025\\\/08\\\/Recoleccion-Urvaseo.jpg\",\"articleSection\":[\"Noticias\"],\"inLanguage\":\"es\"},{\"@type\":\"WebPage\",\"@id\":\"https:\\\/\\\/www.quebakan.com\\\/v15\\\/consorcio-urvaseo-trabaja-con-normalidad-en-el-feriado-del-10-de-agosto-3\\\/\",\"url\":\"https:\\\/\\\/www.quebakan.com\\\/v15\\\/consorcio-urvaseo-trabaja-con-normalidad-en-el-feriado-del-10-de-agosto-3\\\/\",\"name\":\"Consorcio Urvaseo trabaja con normalidad en el feriado del 10 de agosto &#8211; QUEBAKAN.COM 2026: Noticias, Eventos, Conciertos y mucho m\u00e1s....\",\"isPartOf\":{\"@id\":\"https:\\\/\\\/www.quebakan.com\\\/v15\\\/#website\"},\"primaryImageOfPage\":{\"@id\":\"https:\\\/\\\/www.quebakan.com\\\/v15\\\/consorcio-urvaseo-trabaja-con-normalidad-en-el-feriado-del-10-de-agosto-3\\\/#primaryimage\"},\"image\":{\"@id\":\"https:\\\/\\\/www.quebakan.com\\\/v15\\\/consorcio-urvaseo-trabaja-con-normalidad-en-el-feriado-del-10-de-agosto-3\\\/#primaryimage\"},\"thumbnailUrl\":\"https:\\\/\\\/www.quebakan.com\\\/v15\\\/wp-content\\\/uploads\\\/2025\\\/08\\\/Recoleccion-Urvaseo.jpg\",\"datePublished\":\"2025-08-08T06:49:21+00:00\",\"breadcrumb\":{\"@id\":\"https:\\\/\\\/www.quebakan.com\\\/v15\\\/consorcio-urvaseo-trabaja-con-normalidad-en-el-feriado-del-10-de-agosto-3\\\/#breadcrumb\"},\"inLanguage\":\"es\",\"potentialAction\":[{\"@type\":\"ReadAction\",\"target\":[\"https:\\\/\\\/www.quebakan.com\\\/v15\\\/consorcio-urvaseo-trabaja-con-normalidad-en-el-feriado-del-10-de-agosto-3\\\/\"]}]},{\"@type\":\"ImageObject\",\"inLanguage\":\"es\",\"@id\":\"https:\\\/\\\/www.quebakan.com\\\/v15\\\/consorcio-urvaseo-trabaja-con-normalidad-en-el-feriado-del-10-de-agosto-3\\\/#primaryimage\",\"url\":\"https:\\\/\\\/www.quebakan.com\\\/v15\\\/wp-content\\\/uploads\\\/2025\\\/08\\\/Recoleccion-Urvaseo.jpg\",\"contentUrl\":\"https:\\\/\\\/www.quebakan.com\\\/v15\\\/wp-content\\\/uploads\\\/2025\\\/08\\\/Recoleccion-Urvaseo.jpg\",\"width\":700,\"height\":393},{\"@type\":\"BreadcrumbList\",\"@id\":\"https:\\\/\\\/www.quebakan.com\\\/v15\\\/consorcio-urvaseo-trabaja-con-normalidad-en-el-feriado-del-10-de-agosto-3\\\/#breadcrumb\",\"itemListElement\":[{\"@type\":\"ListItem\",\"position\":1,\"name\":\"Portada\",\"item\":\"https:\\\/\\\/www.quebakan.com\\\/v15\\\/\"},{\"@type\":\"ListItem\",\"position\":2,\"name\":\"Consorcio Urvaseo trabaja con normalidad en el feriado del 10 de agosto\"}]},{\"@type\":\"WebSite\",\"@id\":\"https:\\\/\\\/www.quebakan.com\\\/v15\\\/#website\",\"url\":\"https:\\\/\\\/www.quebakan.com\\\/v15\\\/\",\"name\":\"QUEBAKAN\",\"description\":\"..\",\"publisher\":{\"@id\":\"https:\\\/\\\/www.quebakan.com\\\/v15\\\/#organization\"},\"potentialAction\":[{\"@type\":\"SearchAction\",\"target\":{\"@type\":\"EntryPoint\",\"urlTemplate\":\"https:\\\/\\\/www.quebakan.com\\\/v15\\\/?s={search_term_string}\"},\"query-input\":{\"@type\":\"PropertyValueSpecification\",\"valueRequired\":true,\"valueName\":\"search_term_string\"}}],\"inLanguage\":\"es\"},{\"@type\":\"Organization\",\"@id\":\"https:\\\/\\\/www.quebakan.com\\\/v15\\\/#organization\",\"name\":\"Quebakan.com\",\"url\":\"https:\\\/\\\/www.quebakan.com\\\/v15\\\/\",\"logo\":{\"@type\":\"ImageObject\",\"inLanguage\":\"es\",\"@id\":\"https:\\\/\\\/www.quebakan.com\\\/v15\\\/#\\\/schema\\\/logo\\\/image\\\/\",\"url\":\"https:\\\/\\\/www.quebakan.com\\\/v15\\\/wp-content\\\/uploads\\\/2023\\\/07\\\/logoquebakanenero2021.jpg\",\"contentUrl\":\"https:\\\/\\\/www.quebakan.com\\\/v15\\\/wp-content\\\/uploads\\\/2023\\\/07\\\/logoquebakanenero2021.jpg\",\"width\":1920,\"height\":1080,\"caption\":\"Quebakan.com\"},\"image\":{\"@id\":\"https:\\\/\\\/www.quebakan.com\\\/v15\\\/#\\\/schema\\\/logo\\\/image\\\/\"},\"sameAs\":[\"http:\\\/\\\/www.facebook.com\\\/quebakan\",\"https:\\\/\\\/x.com\\\/quebakanec\",\"http:\\\/\\\/www.instagram.com\\\/quebakan\",\"http:\\\/\\\/www.youtube.com\\\/quebakan1\"]},{\"@type\":\"Person\",\"@id\":\"https:\\\/\\\/www.quebakan.com\\\/v15\\\/#\\\/schema\\\/person\\\/d90fa9f9cfa81eb8ace9811e5b7b9118\",\"name\":\"Erick Villafuerte\",\"image\":{\"@type\":\"ImageObject\",\"inLanguage\":\"es\",\"@id\":\"https:\\\/\\\/www.quebakan.com\\\/v15\\\/wp-content\\\/uploads\\\/avatars\\\/4\\\/1731297654-bpfull.png\",\"url\":\"https:\\\/\\\/www.quebakan.com\\\/v15\\\/wp-content\\\/uploads\\\/avatars\\\/4\\\/1731297654-bpfull.png\",\"contentUrl\":\"https:\\\/\\\/www.quebakan.com\\\/v15\\\/wp-content\\\/uploads\\\/avatars\\\/4\\\/1731297654-bpfull.png\",\"caption\":\"Erick Villafuerte\"}}]}<\/script>\n<!-- \/ Yoast SEO plugin. -->","yoast_head_json":{"title":"Consorcio Urvaseo trabaja con normalidad en el feriado del 10 de agosto &#8211; QUEBAKAN.COM 2026: Noticias, Eventos, Conciertos y mucho m\u00e1s....","robots":{"index":"index","follow":"follow","max-snippet":"max-snippet:-1","max-image-preview":"max-image-preview:large","max-video-preview":"max-video-preview:-1"},"canonical":"https:\/\/www.quebakan.com\/v15\/consorcio-urvaseo-trabaja-con-normalidad-en-el-feriado-del-10-de-agosto-3\/","og_locale":"es_ES","og_type":"article","og_title":"Consorcio Urvaseo trabaja con normalidad en el feriado del 10 de agosto &#8211; QUEBAKAN.COM 2026: Noticias, Eventos, Conciertos y mucho m\u00e1s....","og_description":"Informamos a la comunidad que el feriado del 10 de agosto que se traslada al lunes 11, d\u00eda en el que se conmemora el Primer Grito de Independencia, el servicio de recolecci\u00f3n permanecer\u00e1 activo. Stefany Camacho Vocera de Urvaseo recuerda a la comunidad que trabajaremos ininterrumpidamente por lo que se le solicita a la ciudadan\u00eda [&hellip;]","og_url":"https:\/\/www.quebakan.com\/v15\/consorcio-urvaseo-trabaja-con-normalidad-en-el-feriado-del-10-de-agosto-3\/","og_site_name":"QUEBAKAN.COM 2026: Noticias, Eventos, Conciertos y mucho m\u00e1s....","article_publisher":"http:\/\/www.facebook.com\/quebakan","article_published_time":"2025-08-08T06:49:21+00:00","og_image":[{"width":700,"height":393,"url":"https:\/\/www.quebakan.com\/v15\/wp-content\/uploads\/2025\/08\/Recoleccion-Urvaseo.jpg","type":"image\/jpeg"}],"author":"Erick Villafuerte","twitter_card":"summary_large_image","twitter_creator":"@quebakanec","twitter_site":"@quebakanec","twitter_misc":{"Escrito por":"Erick Villafuerte","Tiempo de lectura":"1 minuto"},"schema":{"@context":"https:\/\/schema.org","@graph":[{"@type":"Article","@id":"https:\/\/www.quebakan.com\/v15\/consorcio-urvaseo-trabaja-con-normalidad-en-el-feriado-del-10-de-agosto-3\/#article","isPartOf":{"@id":"https:\/\/www.quebakan.com\/v15\/consorcio-urvaseo-trabaja-con-normalidad-en-el-feriado-del-10-de-agosto-3\/"},"author":{"name":"Erick Villafuerte","@id":"https:\/\/www.quebakan.com\/v15\/#\/schema\/person\/d90fa9f9cfa81eb8ace9811e5b7b9118"},"headline":"Consorcio Urvaseo trabaja con normalidad en el feriado del 10 de agosto","datePublished":"2025-08-08T06:49:21+00:00","mainEntityOfPage":{"@id":"https:\/\/www.quebakan.com\/v15\/consorcio-urvaseo-trabaja-con-normalidad-en-el-feriado-del-10-de-agosto-3\/"},"wordCount":101,"publisher":{"@id":"https:\/\/www.quebakan.com\/v15\/#organization"},"image":{"@id":"https:\/\/www.quebakan.com\/v15\/consorcio-urvaseo-trabaja-con-normalidad-en-el-feriado-del-10-de-agosto-3\/#primaryimage"},"thumbnailUrl":"https:\/\/www.quebakan.com\/v15\/wp-content\/uploads\/2025\/08\/Recoleccion-Urvaseo.jpg","articleSection":["Noticias"],"inLanguage":"es"},{"@type":"WebPage","@id":"https:\/\/www.quebakan.com\/v15\/consorcio-urvaseo-trabaja-con-normalidad-en-el-feriado-del-10-de-agosto-3\/","url":"https:\/\/www.quebakan.com\/v15\/consorcio-urvaseo-trabaja-con-normalidad-en-el-feriado-del-10-de-agosto-3\/","name":"Consorcio Urvaseo trabaja con normalidad en el feriado del 10 de agosto &#8211; QUEBAKAN.COM 2026: Noticias, Eventos, Conciertos y mucho m\u00e1s....","isPartOf":{"@id":"https:\/\/www.quebakan.com\/v15\/#website"},"primaryImageOfPage":{"@id":"https:\/\/www.quebakan.com\/v15\/consorcio-urvaseo-trabaja-con-normalidad-en-el-feriado-del-10-de-agosto-3\/#primaryimage"},"image":{"@id":"https:\/\/www.quebakan.com\/v15\/consorcio-urvaseo-trabaja-con-normalidad-en-el-feriado-del-10-de-agosto-3\/#primaryimage"},"thumbnailUrl":"https:\/\/www.quebakan.com\/v15\/wp-content\/uploads\/2025\/08\/Recoleccion-Urvaseo.jpg","datePublished":"2025-08-08T06:49:21+00:00","breadcrumb":{"@id":"https:\/\/www.quebakan.com\/v15\/consorcio-urvaseo-trabaja-con-normalidad-en-el-feriado-del-10-de-agosto-3\/#breadcrumb"},"inLanguage":"es","potentialAction":[{"@type":"ReadAction","target":["https:\/\/www.quebakan.com\/v15\/consorcio-urvaseo-trabaja-con-normalidad-en-el-feriado-del-10-de-agosto-3\/"]}]},{"@type":"ImageObject","inLanguage":"es","@id":"https:\/\/www.quebakan.com\/v15\/consorcio-urvaseo-trabaja-con-normalidad-en-el-feriado-del-10-de-agosto-3\/#primaryimage","url":"https:\/\/www.quebakan.com\/v15\/wp-content\/uploads\/2025\/08\/Recoleccion-Urvaseo.jpg","contentUrl":"https:\/\/www.quebakan.com\/v15\/wp-content\/uploads\/2025\/08\/Recoleccion-Urvaseo.jpg","width":700,"height":393},{"@type":"BreadcrumbList","@id":"https:\/\/www.quebakan.com\/v15\/consorcio-urvaseo-trabaja-con-normalidad-en-el-feriado-del-10-de-agosto-3\/#breadcrumb","itemListElement":[{"@type":"ListItem","position":1,"name":"Portada","item":"https:\/\/www.quebakan.com\/v15\/"},{"@type":"ListItem","position":2,"name":"Consorcio Urvaseo trabaja con normalidad en el feriado del 10 de agosto"}]},{"@type":"WebSite","@id":"https:\/\/www.quebakan.com\/v15\/#website","url":"https:\/\/www.quebakan.com\/v15\/","name":"QUEBAKAN","description":"..","publisher":{"@id":"https:\/\/www.quebakan.com\/v15\/#organization"},"potentialAction":[{"@type":"SearchAction","target":{"@type":"EntryPoint","urlTemplate":"https:\/\/www.quebakan.com\/v15\/?s={search_term_string}"},"query-input":{"@type":"PropertyValueSpecification","valueRequired":true,"valueName":"search_term_string"}}],"inLanguage":"es"},{"@type":"Organization","@id":"https:\/\/www.quebakan.com\/v15\/#organization","name":"Quebakan.com","url":"https:\/\/www.quebakan.com\/v15\/","logo":{"@type":"ImageObject","inLanguage":"es","@id":"https:\/\/www.quebakan.com\/v15\/#\/schema\/logo\/image\/","url":"https:\/\/www.quebakan.com\/v15\/wp-content\/uploads\/2023\/07\/logoquebakanenero2021.jpg","contentUrl":"https:\/\/www.quebakan.com\/v15\/wp-content\/uploads\/2023\/07\/logoquebakanenero2021.jpg","width":1920,"height":1080,"caption":"Quebakan.com"},"image":{"@id":"https:\/\/www.quebakan.com\/v15\/#\/schema\/logo\/image\/"},"sameAs":["http:\/\/www.facebook.com\/quebakan","https:\/\/x.com\/quebakanec","http:\/\/www.instagram.com\/quebakan","http:\/\/www.youtube.com\/quebakan1"]},{"@type":"Person","@id":"https:\/\/www.quebakan.com\/v15\/#\/schema\/person\/d90fa9f9cfa81eb8ace9811e5b7b9118","name":"Erick Villafuerte","image":{"@type":"ImageObject","inLanguage":"es","@id":"https:\/\/www.quebakan.com\/v15\/wp-content\/uploads\/avatars\/4\/1731297654-bpfull.png","url":"https:\/\/www.quebakan.com\/v15\/wp-content\/uploads\/avatars\/4\/1731297654-bpfull.png","contentUrl":"https:\/\/www.quebakan.com\/v15\/wp-content\/uploads\/avatars\/4\/1731297654-bpfull.png","caption":"Erick Villafuerte"}}]}},"_links":{"self":[{"href":"https:\/\/www.quebakan.com\/v15\/wp-json\/wp\/v2\/posts\/134074","targetHints":{"allow":["GET"]}}],"collection":[{"href":"https:\/\/www.quebakan.com\/v15\/wp-json\/wp\/v2\/posts"}],"about":[{"href":"https:\/\/www.quebakan.com\/v15\/wp-json\/wp\/v2\/types\/post"}],"author":[{"embeddable":true,"href":"https:\/\/www.quebakan.com\/v15\/wp-json\/wp\/v2\/users\/4"}],"replies":[{"embeddable":true,"href":"https:\/\/www.quebakan.com\/v15\/wp-json\/wp\/v2\/comments?post=134074"}],"version-history":[{"count":1,"href":"https:\/\/www.quebakan.com\/v15\/wp-json\/wp\/v2\/posts\/134074\/revisions"}],"predecessor-version":[{"id":134076,"href":"https:\/\/www.quebakan.com\/v15\/wp-json\/wp\/v2\/posts\/134074\/revisions\/134076"}],"wp:featuredmedia":[{"embeddable":true,"href":"https:\/\/www.quebakan.com\/v15\/wp-json\/wp\/v2\/media\/134075"}],"wp:attachment":[{"href":"https:\/\/www.quebakan.com\/v15\/wp-json\/wp\/v2\/media?parent=134074"}],"wp:term":[{"taxonomy":"category","embeddable":true,"href":"https:\/\/www.quebakan.com\/v15\/wp-json\/wp\/v2\/categories?post=134074"},{"taxonomy":"post_tag","embeddable":true,"href":"https:\/\/www.quebakan.com\/v15\/wp-json\/wp\/v2\/tags?post=134074"}],"curies":[{"name":"wp","href":"https:\/\/api.w.org\/{rel}","templated":true}]}}