{"id":134083,"date":"2025-08-08T15:55:16","date_gmt":"2025-08-08T20:55:16","guid":{"rendered":"https:\/\/www.quebakan.com\/v15\/?p=134083"},"modified":"2025-08-08T15:55:16","modified_gmt":"2025-08-08T20:55:16","slug":"mall-del-sur-realiza-importante-donacion-a-la-fundacion-kairos-como-parte-de-su-compromiso-social-y-ambiental","status":"publish","type":"post","link":"https:\/\/www.quebakan.com\/v15\/mall-del-sur-realiza-importante-donacion-a-la-fundacion-kairos-como-parte-de-su-compromiso-social-y-ambiental\/","title":{"rendered":"MALL DEL SUR REALIZA IMPORTANTE DONACI\u00d3N A LA FUNDACI\u00d3N KAIROS COMO PARTE DE SU COMPROMISO SOCIAL Y AMBIENTAL"},"content":{"rendered":"<p style=\"text-align: justify;\"><span style=\"color: #000000;\">En el marco del proceso de remodelaci\u00f3n integral de su infraestructura, Mall del Sur ha tenido como iniciativa trabajar en la recuperaci\u00f3n de la cer\u00e1mica que se est\u00e1 desmontando y realizar donaciones a Fundaciones e instituciones que necesiten de este tipo de materiales, por lo cual llevo a cabo la primera entrega de esta donaci\u00f3n a la Fundaci\u00f3n Kair\u00f3s, que ser\u00e1n reutilizados en diversos espacios de esta organizaci\u00f3n.<\/span><\/p>\n<p style=\"text-align: justify;\"><span style=\"color: #000000;\">Esta acci\u00f3n solidaria surge del compromiso del centro comercial con principios claves como son la responsabilidad social y la sostenibilidad, ya que se considera que cada baldosa es m\u00e1s que un material, es parte de un futuro mejor. Mall del Sur lleva adelante el cambio total de pisos, revestimientos de paredes y columnas, mejora en accesos, entre otras renovaciones en sus instalaciones y en lugar de desechar los materiales en buen estado, se opt\u00f3 por darles una segunda oportunidad de uso, beneficiando directamente a quienes m\u00e1s lo necesitan.<\/span><\/p>\n<p style=\"text-align: justify;\"><span style=\"color: #000000;\">\u201cLa donaci\u00f3n de estas cer\u00e1micas a Fundaci\u00f3n Kair\u00f3s no solo representa un aporte a sus instalaciones f\u00edsicas, sino tambi\u00e9n una forma concreta de contribuir con el medioambiente al reducir el volumen de desechos generados por la remodelaci\u00f3n\u201d, se\u00f1al\u00f3 Leticia Garc\u00eda, Gerente de Marketing de Mall del Sur.<\/span><\/p>\n<p style=\"text-align: justify;\"><span style=\"color: #000000;\">Fundaci\u00f3n Kairos es una organizaci\u00f3n ecuatoriana sin fines de lucro que opera principalmente en la Isla Trinitaria de Guayaquil, brindando atenci\u00f3n especializada e integraci\u00f3n social a ni\u00f1os, ni\u00f1as y adolescentes en situaci\u00f3n de riesgo, maltrato o desamparo. A trav\u00e9s de programas de educaci\u00f3n, acompa\u00f1amiento y capacitaci\u00f3n laboral, la fundaci\u00f3n busca generar un entorno de esperanza y desarrollo integral.<\/span><\/p>\n<p style=\"text-align: justify;\"><span style=\"color: #000000;\">Con iniciativas como esta, Mall del Sur ratifica su compromiso con la comunidad y con el desarrollo sostenible, promoviendo acciones que generan impacto positivo y duradero.<\/span><\/p>\n<p><img fetchpriority=\"high\" decoding=\"async\" class=\"aligncenter size-full wp-image-134084\" src=\"https:\/\/www.quebakan.com\/v15\/wp-content\/uploads\/2025\/08\/Foto-1.jpg\" alt=\"\" width=\"700\" height=\"393\" \/><\/p>\n<p style=\"text-align: center;\"><strong><span style=\"color: #000000;\">Constan en la gr\u00e1fica:<\/span><\/strong><span style=\"color: #000000;\"><strong>\u00a0<\/strong>Johanna Arteaga (directora Fundaci\u00f3n Kairos) y Leticia Garc\u00eda (gerente de Marketing Mall del Sur).<\/span><\/p>\n<p><img decoding=\"async\" class=\"aligncenter size-full wp-image-134085\" src=\"https:\/\/www.quebakan.com\/v15\/wp-content\/uploads\/2025\/08\/Foto-4.jpg\" alt=\"\" width=\"700\" height=\"393\" \/><\/p>\n<p>&nbsp;<\/p>\n<p><img decoding=\"async\" class=\"aligncenter size-full wp-image-134086\" src=\"https:\/\/www.quebakan.com\/v15\/wp-content\/uploads\/2025\/08\/Foto-3.jpg\" alt=\"\" width=\"700\" height=\"393\" \/><\/p>\n","protected":false},"excerpt":{"rendered":"<p>En el marco del proceso de remodelaci\u00f3n integral de su infraestructura, Mall del Sur ha tenido como iniciativa trabajar en la recuperaci\u00f3n de la cer\u00e1mica que se est\u00e1 desmontando y realizar donaciones a Fundaciones e instituciones que necesiten de este tipo de materiales, por lo cual llevo a cabo la primera entrega de esta donaci\u00f3n [&hellip;]<\/p>\n","protected":false},"author":4,"featured_media":134084,"comment_status":"closed","ping_status":"closed","sticky":false,"template":"","format":"standard","meta":{"_bbp_topic_count":0,"_bbp_reply_count":0,"_bbp_total_topic_count":0,"_bbp_total_reply_count":0,"_bbp_voice_count":0,"_bbp_anonymous_reply_count":0,"_bbp_topic_count_hidden":0,"_bbp_reply_count_hidden":0,"_bbp_forum_subforum_count":0,"buzzeditor_post_format":"","footnotes":""},"categories":[2],"tags":[],"class_list":["post-134083","post","type-post","status-publish","format-standard","has-post-thumbnail","hentry","category-noticias"],"yoast_head":"<!-- This site is optimized with the Yoast SEO plugin v27.5 - https:\/\/yoast.com\/product\/yoast-seo-wordpress\/ -->\n<title>MALL DEL SUR REALIZA IMPORTANTE DONACI\u00d3N A LA FUNDACI\u00d3N KAIROS COMO PARTE DE SU COMPROMISO SOCIAL Y AMBIENTAL &#8211; QUEBAKAN.COM 2026: Noticias, Eventos, Conciertos y mucho m\u00e1s....<\/title>\n<meta name=\"robots\" content=\"index, follow, max-snippet:-1, max-image-preview:large, max-video-preview:-1\" \/>\n<link rel=\"canonical\" href=\"https:\/\/www.quebakan.com\/v15\/mall-del-sur-realiza-importante-donacion-a-la-fundacion-kairos-como-parte-de-su-compromiso-social-y-ambiental\/\" \/>\n<meta property=\"og:locale\" content=\"es_ES\" \/>\n<meta property=\"og:type\" content=\"article\" \/>\n<meta property=\"og:title\" content=\"MALL DEL SUR REALIZA IMPORTANTE DONACI\u00d3N A LA FUNDACI\u00d3N KAIROS COMO PARTE DE SU COMPROMISO SOCIAL Y AMBIENTAL &#8211; QUEBAKAN.COM 2026: Noticias, Eventos, Conciertos y mucho m\u00e1s....\" \/>\n<meta property=\"og:description\" content=\"En el marco del proceso de remodelaci\u00f3n integral de su infraestructura, Mall del Sur ha tenido como iniciativa trabajar en la recuperaci\u00f3n de la cer\u00e1mica que se est\u00e1 desmontando y realizar donaciones a Fundaciones e instituciones que necesiten de este tipo de materiales, por lo cual llevo a cabo la primera entrega de esta donaci\u00f3n [&hellip;]\" \/>\n<meta property=\"og:url\" content=\"https:\/\/www.quebakan.com\/v15\/mall-del-sur-realiza-importante-donacion-a-la-fundacion-kairos-como-parte-de-su-compromiso-social-y-ambiental\/\" \/>\n<meta property=\"og:site_name\" content=\"QUEBAKAN.COM 2026: Noticias, Eventos, Conciertos y mucho m\u00e1s....\" \/>\n<meta property=\"article:publisher\" content=\"http:\/\/www.facebook.com\/quebakan\" \/>\n<meta property=\"article:published_time\" content=\"2025-08-08T20:55:16+00:00\" \/>\n<meta property=\"og:image\" content=\"https:\/\/www.quebakan.com\/v15\/wp-content\/uploads\/2025\/08\/Foto-1.jpg\" \/>\n\t<meta property=\"og:image:width\" content=\"700\" \/>\n\t<meta property=\"og:image:height\" content=\"393\" \/>\n\t<meta property=\"og:image:type\" content=\"image\/jpeg\" \/>\n<meta name=\"author\" content=\"Erick Villafuerte\" \/>\n<meta name=\"twitter:card\" content=\"summary_large_image\" \/>\n<meta name=\"twitter:creator\" content=\"@quebakanec\" \/>\n<meta name=\"twitter:site\" content=\"@quebakanec\" \/>\n<meta name=\"twitter:label1\" content=\"Escrito por\" \/>\n\t<meta name=\"twitter:data1\" content=\"Erick Villafuerte\" \/>\n\t<meta name=\"twitter:label2\" content=\"Tiempo de lectura\" \/>\n\t<meta name=\"twitter:data2\" content=\"3 minutos\" \/>\n<script type=\"application\/ld+json\" class=\"yoast-schema-graph\">{\"@context\":\"https:\\\/\\\/schema.org\",\"@graph\":[{\"@type\":\"Article\",\"@id\":\"https:\\\/\\\/www.quebakan.com\\\/v15\\\/mall-del-sur-realiza-importante-donacion-a-la-fundacion-kairos-como-parte-de-su-compromiso-social-y-ambiental\\\/#article\",\"isPartOf\":{\"@id\":\"https:\\\/\\\/www.quebakan.com\\\/v15\\\/mall-del-sur-realiza-importante-donacion-a-la-fundacion-kairos-como-parte-de-su-compromiso-social-y-ambiental\\\/\"},\"author\":{\"name\":\"Erick Villafuerte\",\"@id\":\"https:\\\/\\\/www.quebakan.com\\\/v15\\\/#\\\/schema\\\/person\\\/d90fa9f9cfa81eb8ace9811e5b7b9118\"},\"headline\":\"MALL DEL SUR REALIZA IMPORTANTE DONACI\u00d3N A LA FUNDACI\u00d3N KAIROS COMO PARTE DE SU COMPROMISO SOCIAL Y AMBIENTAL\",\"datePublished\":\"2025-08-08T20:55:16+00:00\",\"mainEntityOfPage\":{\"@id\":\"https:\\\/\\\/www.quebakan.com\\\/v15\\\/mall-del-sur-realiza-importante-donacion-a-la-fundacion-kairos-como-parte-de-su-compromiso-social-y-ambiental\\\/\"},\"wordCount\":361,\"publisher\":{\"@id\":\"https:\\\/\\\/www.quebakan.com\\\/v15\\\/#organization\"},\"image\":{\"@id\":\"https:\\\/\\\/www.quebakan.com\\\/v15\\\/mall-del-sur-realiza-importante-donacion-a-la-fundacion-kairos-como-parte-de-su-compromiso-social-y-ambiental\\\/#primaryimage\"},\"thumbnailUrl\":\"https:\\\/\\\/www.quebakan.com\\\/v15\\\/wp-content\\\/uploads\\\/2025\\\/08\\\/Foto-1.jpg\",\"articleSection\":[\"Noticias\"],\"inLanguage\":\"es\"},{\"@type\":\"WebPage\",\"@id\":\"https:\\\/\\\/www.quebakan.com\\\/v15\\\/mall-del-sur-realiza-importante-donacion-a-la-fundacion-kairos-como-parte-de-su-compromiso-social-y-ambiental\\\/\",\"url\":\"https:\\\/\\\/www.quebakan.com\\\/v15\\\/mall-del-sur-realiza-importante-donacion-a-la-fundacion-kairos-como-parte-de-su-compromiso-social-y-ambiental\\\/\",\"name\":\"MALL DEL SUR REALIZA IMPORTANTE DONACI\u00d3N A LA FUNDACI\u00d3N KAIROS COMO PARTE DE SU COMPROMISO SOCIAL Y AMBIENTAL &#8211; QUEBAKAN.COM 2026: Noticias, Eventos, Conciertos y mucho m\u00e1s....\",\"isPartOf\":{\"@id\":\"https:\\\/\\\/www.quebakan.com\\\/v15\\\/#website\"},\"primaryImageOfPage\":{\"@id\":\"https:\\\/\\\/www.quebakan.com\\\/v15\\\/mall-del-sur-realiza-importante-donacion-a-la-fundacion-kairos-como-parte-de-su-compromiso-social-y-ambiental\\\/#primaryimage\"},\"image\":{\"@id\":\"https:\\\/\\\/www.quebakan.com\\\/v15\\\/mall-del-sur-realiza-importante-donacion-a-la-fundacion-kairos-como-parte-de-su-compromiso-social-y-ambiental\\\/#primaryimage\"},\"thumbnailUrl\":\"https:\\\/\\\/www.quebakan.com\\\/v15\\\/wp-content\\\/uploads\\\/2025\\\/08\\\/Foto-1.jpg\",\"datePublished\":\"2025-08-08T20:55:16+00:00\",\"breadcrumb\":{\"@id\":\"https:\\\/\\\/www.quebakan.com\\\/v15\\\/mall-del-sur-realiza-importante-donacion-a-la-fundacion-kairos-como-parte-de-su-compromiso-social-y-ambiental\\\/#breadcrumb\"},\"inLanguage\":\"es\",\"potentialAction\":[{\"@type\":\"ReadAction\",\"target\":[\"https:\\\/\\\/www.quebakan.com\\\/v15\\\/mall-del-sur-realiza-importante-donacion-a-la-fundacion-kairos-como-parte-de-su-compromiso-social-y-ambiental\\\/\"]}]},{\"@type\":\"ImageObject\",\"inLanguage\":\"es\",\"@id\":\"https:\\\/\\\/www.quebakan.com\\\/v15\\\/mall-del-sur-realiza-importante-donacion-a-la-fundacion-kairos-como-parte-de-su-compromiso-social-y-ambiental\\\/#primaryimage\",\"url\":\"https:\\\/\\\/www.quebakan.com\\\/v15\\\/wp-content\\\/uploads\\\/2025\\\/08\\\/Foto-1.jpg\",\"contentUrl\":\"https:\\\/\\\/www.quebakan.com\\\/v15\\\/wp-content\\\/uploads\\\/2025\\\/08\\\/Foto-1.jpg\",\"width\":700,\"height\":393},{\"@type\":\"BreadcrumbList\",\"@id\":\"https:\\\/\\\/www.quebakan.com\\\/v15\\\/mall-del-sur-realiza-importante-donacion-a-la-fundacion-kairos-como-parte-de-su-compromiso-social-y-ambiental\\\/#breadcrumb\",\"itemListElement\":[{\"@type\":\"ListItem\",\"position\":1,\"name\":\"Portada\",\"item\":\"https:\\\/\\\/www.quebakan.com\\\/v15\\\/\"},{\"@type\":\"ListItem\",\"position\":2,\"name\":\"MALL DEL SUR REALIZA IMPORTANTE DONACI\u00d3N A LA FUNDACI\u00d3N KAIROS COMO PARTE DE SU COMPROMISO SOCIAL Y AMBIENTAL\"}]},{\"@type\":\"WebSite\",\"@id\":\"https:\\\/\\\/www.quebakan.com\\\/v15\\\/#website\",\"url\":\"https:\\\/\\\/www.quebakan.com\\\/v15\\\/\",\"name\":\"QUEBAKAN\",\"description\":\"..\",\"publisher\":{\"@id\":\"https:\\\/\\\/www.quebakan.com\\\/v15\\\/#organization\"},\"potentialAction\":[{\"@type\":\"SearchAction\",\"target\":{\"@type\":\"EntryPoint\",\"urlTemplate\":\"https:\\\/\\\/www.quebakan.com\\\/v15\\\/?s={search_term_string}\"},\"query-input\":{\"@type\":\"PropertyValueSpecification\",\"valueRequired\":true,\"valueName\":\"search_term_string\"}}],\"inLanguage\":\"es\"},{\"@type\":\"Organization\",\"@id\":\"https:\\\/\\\/www.quebakan.com\\\/v15\\\/#organization\",\"name\":\"Quebakan.com\",\"url\":\"https:\\\/\\\/www.quebakan.com\\\/v15\\\/\",\"logo\":{\"@type\":\"ImageObject\",\"inLanguage\":\"es\",\"@id\":\"https:\\\/\\\/www.quebakan.com\\\/v15\\\/#\\\/schema\\\/logo\\\/image\\\/\",\"url\":\"https:\\\/\\\/www.quebakan.com\\\/v15\\\/wp-content\\\/uploads\\\/2023\\\/07\\\/logoquebakanenero2021.jpg\",\"contentUrl\":\"https:\\\/\\\/www.quebakan.com\\\/v15\\\/wp-content\\\/uploads\\\/2023\\\/07\\\/logoquebakanenero2021.jpg\",\"width\":1920,\"height\":1080,\"caption\":\"Quebakan.com\"},\"image\":{\"@id\":\"https:\\\/\\\/www.quebakan.com\\\/v15\\\/#\\\/schema\\\/logo\\\/image\\\/\"},\"sameAs\":[\"http:\\\/\\\/www.facebook.com\\\/quebakan\",\"https:\\\/\\\/x.com\\\/quebakanec\",\"http:\\\/\\\/www.instagram.com\\\/quebakan\",\"http:\\\/\\\/www.youtube.com\\\/quebakan1\"]},{\"@type\":\"Person\",\"@id\":\"https:\\\/\\\/www.quebakan.com\\\/v15\\\/#\\\/schema\\\/person\\\/d90fa9f9cfa81eb8ace9811e5b7b9118\",\"name\":\"Erick Villafuerte\",\"image\":{\"@type\":\"ImageObject\",\"inLanguage\":\"es\",\"@id\":\"https:\\\/\\\/www.quebakan.com\\\/v15\\\/wp-content\\\/uploads\\\/avatars\\\/4\\\/1731297654-bpfull.png\",\"url\":\"https:\\\/\\\/www.quebakan.com\\\/v15\\\/wp-content\\\/uploads\\\/avatars\\\/4\\\/1731297654-bpfull.png\",\"contentUrl\":\"https:\\\/\\\/www.quebakan.com\\\/v15\\\/wp-content\\\/uploads\\\/avatars\\\/4\\\/1731297654-bpfull.png\",\"caption\":\"Erick Villafuerte\"}}]}<\/script>\n<!-- \/ Yoast SEO plugin. -->","yoast_head_json":{"title":"MALL DEL SUR REALIZA IMPORTANTE DONACI\u00d3N A LA FUNDACI\u00d3N KAIROS COMO PARTE DE SU COMPROMISO SOCIAL Y AMBIENTAL &#8211; QUEBAKAN.COM 2026: Noticias, Eventos, Conciertos y mucho m\u00e1s....","robots":{"index":"index","follow":"follow","max-snippet":"max-snippet:-1","max-image-preview":"max-image-preview:large","max-video-preview":"max-video-preview:-1"},"canonical":"https:\/\/www.quebakan.com\/v15\/mall-del-sur-realiza-importante-donacion-a-la-fundacion-kairos-como-parte-de-su-compromiso-social-y-ambiental\/","og_locale":"es_ES","og_type":"article","og_title":"MALL DEL SUR REALIZA IMPORTANTE DONACI\u00d3N A LA FUNDACI\u00d3N KAIROS COMO PARTE DE SU COMPROMISO SOCIAL Y AMBIENTAL &#8211; QUEBAKAN.COM 2026: Noticias, Eventos, Conciertos y mucho m\u00e1s....","og_description":"En el marco del proceso de remodelaci\u00f3n integral de su infraestructura, Mall del Sur ha tenido como iniciativa trabajar en la recuperaci\u00f3n de la cer\u00e1mica que se est\u00e1 desmontando y realizar donaciones a Fundaciones e instituciones que necesiten de este tipo de materiales, por lo cual llevo a cabo la primera entrega de esta donaci\u00f3n [&hellip;]","og_url":"https:\/\/www.quebakan.com\/v15\/mall-del-sur-realiza-importante-donacion-a-la-fundacion-kairos-como-parte-de-su-compromiso-social-y-ambiental\/","og_site_name":"QUEBAKAN.COM 2026: Noticias, Eventos, Conciertos y mucho m\u00e1s....","article_publisher":"http:\/\/www.facebook.com\/quebakan","article_published_time":"2025-08-08T20:55:16+00:00","og_image":[{"width":700,"height":393,"url":"https:\/\/www.quebakan.com\/v15\/wp-content\/uploads\/2025\/08\/Foto-1.jpg","type":"image\/jpeg"}],"author":"Erick Villafuerte","twitter_card":"summary_large_image","twitter_creator":"@quebakanec","twitter_site":"@quebakanec","twitter_misc":{"Escrito por":"Erick Villafuerte","Tiempo de lectura":"3 minutos"},"schema":{"@context":"https:\/\/schema.org","@graph":[{"@type":"Article","@id":"https:\/\/www.quebakan.com\/v15\/mall-del-sur-realiza-importante-donacion-a-la-fundacion-kairos-como-parte-de-su-compromiso-social-y-ambiental\/#article","isPartOf":{"@id":"https:\/\/www.quebakan.com\/v15\/mall-del-sur-realiza-importante-donacion-a-la-fundacion-kairos-como-parte-de-su-compromiso-social-y-ambiental\/"},"author":{"name":"Erick Villafuerte","@id":"https:\/\/www.quebakan.com\/v15\/#\/schema\/person\/d90fa9f9cfa81eb8ace9811e5b7b9118"},"headline":"MALL DEL SUR REALIZA IMPORTANTE DONACI\u00d3N A LA FUNDACI\u00d3N KAIROS COMO PARTE DE SU COMPROMISO SOCIAL Y AMBIENTAL","datePublished":"2025-08-08T20:55:16+00:00","mainEntityOfPage":{"@id":"https:\/\/www.quebakan.com\/v15\/mall-del-sur-realiza-importante-donacion-a-la-fundacion-kairos-como-parte-de-su-compromiso-social-y-ambiental\/"},"wordCount":361,"publisher":{"@id":"https:\/\/www.quebakan.com\/v15\/#organization"},"image":{"@id":"https:\/\/www.quebakan.com\/v15\/mall-del-sur-realiza-importante-donacion-a-la-fundacion-kairos-como-parte-de-su-compromiso-social-y-ambiental\/#primaryimage"},"thumbnailUrl":"https:\/\/www.quebakan.com\/v15\/wp-content\/uploads\/2025\/08\/Foto-1.jpg","articleSection":["Noticias"],"inLanguage":"es"},{"@type":"WebPage","@id":"https:\/\/www.quebakan.com\/v15\/mall-del-sur-realiza-importante-donacion-a-la-fundacion-kairos-como-parte-de-su-compromiso-social-y-ambiental\/","url":"https:\/\/www.quebakan.com\/v15\/mall-del-sur-realiza-importante-donacion-a-la-fundacion-kairos-como-parte-de-su-compromiso-social-y-ambiental\/","name":"MALL DEL SUR REALIZA IMPORTANTE DONACI\u00d3N A LA FUNDACI\u00d3N KAIROS COMO PARTE DE SU COMPROMISO SOCIAL Y AMBIENTAL &#8211; QUEBAKAN.COM 2026: Noticias, Eventos, Conciertos y mucho m\u00e1s....","isPartOf":{"@id":"https:\/\/www.quebakan.com\/v15\/#website"},"primaryImageOfPage":{"@id":"https:\/\/www.quebakan.com\/v15\/mall-del-sur-realiza-importante-donacion-a-la-fundacion-kairos-como-parte-de-su-compromiso-social-y-ambiental\/#primaryimage"},"image":{"@id":"https:\/\/www.quebakan.com\/v15\/mall-del-sur-realiza-importante-donacion-a-la-fundacion-kairos-como-parte-de-su-compromiso-social-y-ambiental\/#primaryimage"},"thumbnailUrl":"https:\/\/www.quebakan.com\/v15\/wp-content\/uploads\/2025\/08\/Foto-1.jpg","datePublished":"2025-08-08T20:55:16+00:00","breadcrumb":{"@id":"https:\/\/www.quebakan.com\/v15\/mall-del-sur-realiza-importante-donacion-a-la-fundacion-kairos-como-parte-de-su-compromiso-social-y-ambiental\/#breadcrumb"},"inLanguage":"es","potentialAction":[{"@type":"ReadAction","target":["https:\/\/www.quebakan.com\/v15\/mall-del-sur-realiza-importante-donacion-a-la-fundacion-kairos-como-parte-de-su-compromiso-social-y-ambiental\/"]}]},{"@type":"ImageObject","inLanguage":"es","@id":"https:\/\/www.quebakan.com\/v15\/mall-del-sur-realiza-importante-donacion-a-la-fundacion-kairos-como-parte-de-su-compromiso-social-y-ambiental\/#primaryimage","url":"https:\/\/www.quebakan.com\/v15\/wp-content\/uploads\/2025\/08\/Foto-1.jpg","contentUrl":"https:\/\/www.quebakan.com\/v15\/wp-content\/uploads\/2025\/08\/Foto-1.jpg","width":700,"height":393},{"@type":"BreadcrumbList","@id":"https:\/\/www.quebakan.com\/v15\/mall-del-sur-realiza-importante-donacion-a-la-fundacion-kairos-como-parte-de-su-compromiso-social-y-ambiental\/#breadcrumb","itemListElement":[{"@type":"ListItem","position":1,"name":"Portada","item":"https:\/\/www.quebakan.com\/v15\/"},{"@type":"ListItem","position":2,"name":"MALL DEL SUR REALIZA IMPORTANTE DONACI\u00d3N A LA FUNDACI\u00d3N KAIROS COMO PARTE DE SU COMPROMISO SOCIAL Y AMBIENTAL"}]},{"@type":"WebSite","@id":"https:\/\/www.quebakan.com\/v15\/#website","url":"https:\/\/www.quebakan.com\/v15\/","name":"QUEBAKAN","description":"..","publisher":{"@id":"https:\/\/www.quebakan.com\/v15\/#organization"},"potentialAction":[{"@type":"SearchAction","target":{"@type":"EntryPoint","urlTemplate":"https:\/\/www.quebakan.com\/v15\/?s={search_term_string}"},"query-input":{"@type":"PropertyValueSpecification","valueRequired":true,"valueName":"search_term_string"}}],"inLanguage":"es"},{"@type":"Organization","@id":"https:\/\/www.quebakan.com\/v15\/#organization","name":"Quebakan.com","url":"https:\/\/www.quebakan.com\/v15\/","logo":{"@type":"ImageObject","inLanguage":"es","@id":"https:\/\/www.quebakan.com\/v15\/#\/schema\/logo\/image\/","url":"https:\/\/www.quebakan.com\/v15\/wp-content\/uploads\/2023\/07\/logoquebakanenero2021.jpg","contentUrl":"https:\/\/www.quebakan.com\/v15\/wp-content\/uploads\/2023\/07\/logoquebakanenero2021.jpg","width":1920,"height":1080,"caption":"Quebakan.com"},"image":{"@id":"https:\/\/www.quebakan.com\/v15\/#\/schema\/logo\/image\/"},"sameAs":["http:\/\/www.facebook.com\/quebakan","https:\/\/x.com\/quebakanec","http:\/\/www.instagram.com\/quebakan","http:\/\/www.youtube.com\/quebakan1"]},{"@type":"Person","@id":"https:\/\/www.quebakan.com\/v15\/#\/schema\/person\/d90fa9f9cfa81eb8ace9811e5b7b9118","name":"Erick Villafuerte","image":{"@type":"ImageObject","inLanguage":"es","@id":"https:\/\/www.quebakan.com\/v15\/wp-content\/uploads\/avatars\/4\/1731297654-bpfull.png","url":"https:\/\/www.quebakan.com\/v15\/wp-content\/uploads\/avatars\/4\/1731297654-bpfull.png","contentUrl":"https:\/\/www.quebakan.com\/v15\/wp-content\/uploads\/avatars\/4\/1731297654-bpfull.png","caption":"Erick Villafuerte"}}]}},"_links":{"self":[{"href":"https:\/\/www.quebakan.com\/v15\/wp-json\/wp\/v2\/posts\/134083","targetHints":{"allow":["GET"]}}],"collection":[{"href":"https:\/\/www.quebakan.com\/v15\/wp-json\/wp\/v2\/posts"}],"about":[{"href":"https:\/\/www.quebakan.com\/v15\/wp-json\/wp\/v2\/types\/post"}],"author":[{"embeddable":true,"href":"https:\/\/www.quebakan.com\/v15\/wp-json\/wp\/v2\/users\/4"}],"replies":[{"embeddable":true,"href":"https:\/\/www.quebakan.com\/v15\/wp-json\/wp\/v2\/comments?post=134083"}],"version-history":[{"count":1,"href":"https:\/\/www.quebakan.com\/v15\/wp-json\/wp\/v2\/posts\/134083\/revisions"}],"predecessor-version":[{"id":134087,"href":"https:\/\/www.quebakan.com\/v15\/wp-json\/wp\/v2\/posts\/134083\/revisions\/134087"}],"wp:featuredmedia":[{"embeddable":true,"href":"https:\/\/www.quebakan.com\/v15\/wp-json\/wp\/v2\/media\/134084"}],"wp:attachment":[{"href":"https:\/\/www.quebakan.com\/v15\/wp-json\/wp\/v2\/media?parent=134083"}],"wp:term":[{"taxonomy":"category","embeddable":true,"href":"https:\/\/www.quebakan.com\/v15\/wp-json\/wp\/v2\/categories?post=134083"},{"taxonomy":"post_tag","embeddable":true,"href":"https:\/\/www.quebakan.com\/v15\/wp-json\/wp\/v2\/tags?post=134083"}],"curies":[{"name":"wp","href":"https:\/\/api.w.org\/{rel}","templated":true}]}}