{"id":134091,"date":"2025-08-08T16:03:39","date_gmt":"2025-08-08T21:03:39","guid":{"rendered":"https:\/\/www.quebakan.com\/v15\/?p=134091"},"modified":"2025-08-08T16:03:39","modified_gmt":"2025-08-08T21:03:39","slug":"la-otra-cara-de-la-pantalla-como-el-entorno-digital-potencia-la-ansiedad-en-la-educacion","status":"publish","type":"post","link":"https:\/\/www.quebakan.com\/v15\/la-otra-cara-de-la-pantalla-como-el-entorno-digital-potencia-la-ansiedad-en-la-educacion\/","title":{"rendered":"La otra cara de la pantalla \u00bfC\u00f3mo el entorno digital potencia la ansiedad en la educaci\u00f3n?"},"content":{"rendered":"<p><img fetchpriority=\"high\" decoding=\"async\" class=\"aligncenter size-full wp-image-134092\" src=\"https:\/\/www.quebakan.com\/v15\/wp-content\/uploads\/2025\/08\/Anciedad.jpg\" alt=\"\" width=\"700\" height=\"545\" \/><\/p>\n<ul>\n<li style=\"text-align: justify;\"><span style=\"color: #000000;\"><em>Entre el 60\u202f% y el 70\u202f% de los estudiantes presenta s\u00edntomas de ansiedad, fatiga o insomnio derivados del uso intensivo de pantallas.<\/em><\/span><\/li>\n<li style=\"text-align: justify;\"><span style=\"color: #000000;\"><em>La falta de redise\u00f1o pedag\u00f3gico en entornos virtuales est\u00e1 generando una crisis silenciosa en el bienestar emocional y cognitivo de miles de estudiantes.<\/em><\/span><\/li>\n<\/ul>\n<p style=\"text-align: justify;\"><span style=\"color: #000000;\"><strong>Ecuador, Agosto de 2025 \u2014<\/strong> Lo que comenz\u00f3 como una soluci\u00f3n necesaria para garantizar el acceso a la educaci\u00f3n, hoy muestra consecuencias preocupantes. El aprendizaje virtual ha dejado una huella emocional profunda, una generaci\u00f3n de estudiantes sobreexpuesta, desconectada y agotada. As\u00ed lo advierte el estudio <strong>\u201cCuando la pantalla genera estr\u00e9s: Combatiendo la Ansiedad en la Educaci\u00f3n Online\u201d<\/strong>,de <strong>Selene Casta\u00f1eda y Omar Guirette<\/strong>, expertos de <strong>BIU University Miami <\/strong>(Broward International University), que analiza el impacto psicol\u00f3gico y acad\u00e9mico del uso excesivo de pantallas en entornos educativos.<\/span><\/p>\n<p style=\"text-align: justify;\"><span style=\"color: #000000;\">M\u00e1s del <strong>60\u202f% de los estudiantes<\/strong> reporta s\u00edntomas como ansiedad, fatiga visual, trastornos del sue\u00f1o y sensaci\u00f3n de sobrecarga. \u201cLo digital no es neutral. Moldea nuestras emociones, relaciones y formas de aprender\u201d, aseguran los autores.<\/span><\/p>\n<h3 style=\"text-align: justify;\"><span style=\"color: #000000;\"><strong>Aislamiento emocional y fatiga cognitiva: la otra cara de la educaci\u00f3n online<\/strong><\/span><\/h3>\n<p style=\"text-align: justify;\"><span style=\"color: #000000;\">Uno de los cambios m\u00e1s dr\u00e1sticos ha sido la ruptura del v\u00ednculo humano en las aulas. Las interacciones entre estudiantes y docentes se han vuelto m\u00e1s mec\u00e1nicas, y la p\u00e9rdida de contacto espont\u00e1neo ha debilitado el sentido de comunidad universitaria. En este entorno, la motivaci\u00f3n disminuye, el aprendizaje se fragmenta y la soledad se vuelve habitual.<\/span><\/p>\n<p style=\"text-align: justify;\"><span style=\"color: #000000;\">Estudios recientes lo confirman. Seg\u00fan Gao et al. (2023), el uso excesivo de redes sociales est\u00e1 directamente relacionado con el aumento en la sensaci\u00f3n de soledad, quienes pasan m\u00e1s de 4 horas diarias en redes presentan m\u00e1s del doble de puntajes de soledad que quienes consumen menos de 1 hora.<\/span><\/p>\n<p style=\"text-align: justify;\"><span style=\"color: #000000;\">A esto se suma la presi\u00f3n constante de estar disponibles. Las notificaciones, tareas simult\u00e1neas y videollamadas ininterrumpidas dificultan la concentraci\u00f3n, reducen la retenci\u00f3n de informaci\u00f3n y agotan mentalmente a los estudiantes. Seg\u00fan estimaciones internas de BIU, el rendimiento acad\u00e9mico promedio se redujo entre <strong>10\u202f% y 20\u202f%<\/strong> durante los periodos de virtualidad, especialmente en quienes tienen menor autonom\u00eda.<\/span><\/p>\n<h3 style=\"text-align: justify;\"><span style=\"color: #000000;\"><strong>M\u00e1s conectados, menos comprometidos<\/strong><\/span><\/h3>\n<p style=\"text-align: justify;\"><span style=\"color: #000000;\">La educaci\u00f3n digital ha difuminado los l\u00edmites entre el hogar y el aula. Sin embargo, la falta de contacto no verbal, el escaso feedback en tiempo real y la p\u00e9rdida del acompa\u00f1amiento pedag\u00f3gico han afectado especialmente a quienes requieren mayor gu\u00eda docente. Un estudio de Ong y Quek (2023) evidencia que, en clases presenciales, el nivel de conexi\u00f3n docente-estudiante es de <strong>8,5 sobre 10<\/strong>, mientras que en entornos virtuales baja a <strong>5,2<\/strong>. La retroalimentaci\u00f3n tambi\u00e9n cae de <strong>9,0 a 4,8 puntos<\/strong>.<\/span><\/p>\n<p style=\"text-align: justify;\"><span style=\"color: #000000;\">Este fen\u00f3meno no es exclusivo de la educaci\u00f3n. La saturaci\u00f3n digital impacta tambi\u00e9n a adolescentes latinoamericanos, m\u00e1s del <strong>50\u202f% presenta niveles altos de adicci\u00f3n a redes sociales<\/strong>, con efectos adversos en su salud mental, seg\u00fan Colonio en un estudio durante 2023.<\/span><\/p>\n<h3 style=\"text-align: justify;\"><span style=\"color: #000000;\"><strong>Cifras que preocupan<\/strong><\/span><\/h3>\n<ul style=\"text-align: justify;\">\n<li><span style=\"color: #000000;\"><strong>70\u202f% de los estudiantes<\/strong> presenta al menos un s\u00edntoma relacionado con el uso intensivo de pantallas: ansiedad, insomnio, fatiga mental o cefaleas.<\/span><\/li>\n<li><span style=\"color: #000000;\">A pesar de que algunos j\u00f3venes han desarrollado habilidades digitales destacables, la mayor\u00eda a\u00fan enfrenta un entorno emocionalmente insostenible.<\/span><\/li>\n<\/ul>\n<h3 style=\"text-align: justify;\"><span style=\"color: #000000;\"><strong>La trampa silenciosa de la procrastinaci\u00f3n digital<\/strong><\/span><\/h3>\n<p style=\"text-align: justify;\"><span style=\"color: #000000;\">Estar conectado no equivale a estar enfocado. La constante exposici\u00f3n a est\u00edmulos digitales como notificaciones y redes sociales ha generado lo que los expertos denominan <strong>\u201cprocrastinaci\u00f3n tecnol\u00f3gica\u201d<\/strong> Una postergaci\u00f3n cr\u00f3nica de tareas que produce ansiedad, culpa y una ca\u00edda en el desempe\u00f1o acad\u00e9mico. El problema no se limita a los estudiantes, tambi\u00e9n afecta a trabajadores remotos atrapados en rutinas saturadas de reuniones y pantallas. \u201cLa tecnolog\u00eda que promet\u00eda agilidad se ha convertido en una barrera emocional y social\u201d, advierten los autores.<\/span><\/p>\n<p style=\"text-align: justify;\"><span style=\"color: #000000;\"><strong>Una hoja de ruta para humanizar la educaci\u00f3n digital<\/strong><\/span><\/p>\n<p style=\"text-align: justify;\"><span style=\"color: #000000;\">El estudio de BIU concluye que el problema no es la tecnolog\u00eda en s\u00ed, sino la forma en que ha sido integrada sin redise\u00f1ar los tiempos, los v\u00ednculos ni los espacios de descanso. Para revertir estos efectos, proponen:<\/span><\/p>\n<ul>\n<li style=\"text-align: justify;\"><span style=\"color: #000000;\">Implementar <strong>pausas activas y espacios sin pantallas<\/strong> durante la jornada acad\u00e9mica.<\/span><\/li>\n<li style=\"text-align: justify;\"><span style=\"color: #000000;\">Reforzar el <strong>acompa\u00f1amiento emocional y la retroalimentaci\u00f3n personalizada<\/strong>.<\/span><\/li>\n<li style=\"text-align: justify;\"><span style=\"color: #000000;\">Fomentar la <strong>autogesti\u00f3n del tiempo y la concentraci\u00f3n consciente<\/strong> en los estudiantes.<\/span><\/li>\n<li style=\"text-align: justify;\"><span style=\"color: #000000;\">Redefinir el concepto de \u00e9xito educativo, priorizando la confianza sobre el control.<\/span><\/li>\n<\/ul>\n","protected":false},"excerpt":{"rendered":"<p>Entre el 60\u202f% y el 70\u202f% de los estudiantes presenta s\u00edntomas de ansiedad, fatiga o insomnio derivados del uso intensivo de pantallas. La falta de redise\u00f1o pedag\u00f3gico en entornos virtuales est\u00e1 generando una crisis silenciosa en el bienestar emocional y cognitivo de miles de estudiantes. Ecuador, Agosto de 2025 \u2014 Lo que comenz\u00f3 como una [&hellip;]<\/p>\n","protected":false},"author":4,"featured_media":134092,"comment_status":"closed","ping_status":"closed","sticky":false,"template":"","format":"standard","meta":{"_bbp_topic_count":0,"_bbp_reply_count":0,"_bbp_total_topic_count":0,"_bbp_total_reply_count":0,"_bbp_voice_count":0,"_bbp_anonymous_reply_count":0,"_bbp_topic_count_hidden":0,"_bbp_reply_count_hidden":0,"_bbp_forum_subforum_count":0,"buzzeditor_post_format":"","footnotes":""},"categories":[2],"tags":[],"class_list":["post-134091","post","type-post","status-publish","format-standard","has-post-thumbnail","hentry","category-noticias"],"yoast_head":"<!-- This site is optimized with the Yoast SEO plugin v27.5 - https:\/\/yoast.com\/product\/yoast-seo-wordpress\/ -->\n<title>La otra cara de la pantalla \u00bfC\u00f3mo el entorno digital potencia la ansiedad en la educaci\u00f3n? &#8211; QUEBAKAN.COM 2026: Noticias, Eventos, Conciertos y mucho m\u00e1s....<\/title>\n<meta name=\"robots\" content=\"index, follow, max-snippet:-1, max-image-preview:large, max-video-preview:-1\" \/>\n<link rel=\"canonical\" href=\"https:\/\/www.quebakan.com\/v15\/la-otra-cara-de-la-pantalla-como-el-entorno-digital-potencia-la-ansiedad-en-la-educacion\/\" \/>\n<meta property=\"og:locale\" content=\"es_ES\" \/>\n<meta property=\"og:type\" content=\"article\" \/>\n<meta property=\"og:title\" content=\"La otra cara de la pantalla \u00bfC\u00f3mo el entorno digital potencia la ansiedad en la educaci\u00f3n? &#8211; QUEBAKAN.COM 2026: Noticias, Eventos, Conciertos y mucho m\u00e1s....\" \/>\n<meta property=\"og:description\" content=\"Entre el 60\u202f% y el 70\u202f% de los estudiantes presenta s\u00edntomas de ansiedad, fatiga o insomnio derivados del uso intensivo de pantallas. La falta de redise\u00f1o pedag\u00f3gico en entornos virtuales est\u00e1 generando una crisis silenciosa en el bienestar emocional y cognitivo de miles de estudiantes. Ecuador, Agosto de 2025 \u2014 Lo que comenz\u00f3 como una [&hellip;]\" \/>\n<meta property=\"og:url\" content=\"https:\/\/www.quebakan.com\/v15\/la-otra-cara-de-la-pantalla-como-el-entorno-digital-potencia-la-ansiedad-en-la-educacion\/\" \/>\n<meta property=\"og:site_name\" content=\"QUEBAKAN.COM 2026: Noticias, Eventos, Conciertos y mucho m\u00e1s....\" \/>\n<meta property=\"article:publisher\" content=\"http:\/\/www.facebook.com\/quebakan\" \/>\n<meta property=\"article:published_time\" content=\"2025-08-08T21:03:39+00:00\" \/>\n<meta property=\"og:image\" content=\"https:\/\/www.quebakan.com\/v15\/wp-content\/uploads\/2025\/08\/Anciedad.jpg\" \/>\n\t<meta property=\"og:image:width\" content=\"700\" \/>\n\t<meta property=\"og:image:height\" content=\"545\" \/>\n\t<meta property=\"og:image:type\" content=\"image\/jpeg\" \/>\n<meta name=\"author\" content=\"Erick Villafuerte\" \/>\n<meta name=\"twitter:card\" content=\"summary_large_image\" \/>\n<meta name=\"twitter:creator\" content=\"@quebakanec\" \/>\n<meta name=\"twitter:site\" content=\"@quebakanec\" \/>\n<meta name=\"twitter:label1\" content=\"Escrito por\" \/>\n\t<meta name=\"twitter:data1\" content=\"Erick Villafuerte\" \/>\n\t<meta name=\"twitter:label2\" content=\"Tiempo de lectura\" \/>\n\t<meta name=\"twitter:data2\" content=\"4 minutos\" \/>\n<script type=\"application\/ld+json\" class=\"yoast-schema-graph\">{\"@context\":\"https:\\\/\\\/schema.org\",\"@graph\":[{\"@type\":\"Article\",\"@id\":\"https:\\\/\\\/www.quebakan.com\\\/v15\\\/la-otra-cara-de-la-pantalla-como-el-entorno-digital-potencia-la-ansiedad-en-la-educacion\\\/#article\",\"isPartOf\":{\"@id\":\"https:\\\/\\\/www.quebakan.com\\\/v15\\\/la-otra-cara-de-la-pantalla-como-el-entorno-digital-potencia-la-ansiedad-en-la-educacion\\\/\"},\"author\":{\"name\":\"Erick Villafuerte\",\"@id\":\"https:\\\/\\\/www.quebakan.com\\\/v15\\\/#\\\/schema\\\/person\\\/d90fa9f9cfa81eb8ace9811e5b7b9118\"},\"headline\":\"La otra cara de la pantalla \u00bfC\u00f3mo el entorno digital potencia la ansiedad en la educaci\u00f3n?\",\"datePublished\":\"2025-08-08T21:03:39+00:00\",\"mainEntityOfPage\":{\"@id\":\"https:\\\/\\\/www.quebakan.com\\\/v15\\\/la-otra-cara-de-la-pantalla-como-el-entorno-digital-potencia-la-ansiedad-en-la-educacion\\\/\"},\"wordCount\":767,\"publisher\":{\"@id\":\"https:\\\/\\\/www.quebakan.com\\\/v15\\\/#organization\"},\"image\":{\"@id\":\"https:\\\/\\\/www.quebakan.com\\\/v15\\\/la-otra-cara-de-la-pantalla-como-el-entorno-digital-potencia-la-ansiedad-en-la-educacion\\\/#primaryimage\"},\"thumbnailUrl\":\"https:\\\/\\\/www.quebakan.com\\\/v15\\\/wp-content\\\/uploads\\\/2025\\\/08\\\/Anciedad.jpg\",\"articleSection\":[\"Noticias\"],\"inLanguage\":\"es\"},{\"@type\":\"WebPage\",\"@id\":\"https:\\\/\\\/www.quebakan.com\\\/v15\\\/la-otra-cara-de-la-pantalla-como-el-entorno-digital-potencia-la-ansiedad-en-la-educacion\\\/\",\"url\":\"https:\\\/\\\/www.quebakan.com\\\/v15\\\/la-otra-cara-de-la-pantalla-como-el-entorno-digital-potencia-la-ansiedad-en-la-educacion\\\/\",\"name\":\"La otra cara de la pantalla \u00bfC\u00f3mo el entorno digital potencia la ansiedad en la educaci\u00f3n? &#8211; QUEBAKAN.COM 2026: Noticias, Eventos, Conciertos y mucho m\u00e1s....\",\"isPartOf\":{\"@id\":\"https:\\\/\\\/www.quebakan.com\\\/v15\\\/#website\"},\"primaryImageOfPage\":{\"@id\":\"https:\\\/\\\/www.quebakan.com\\\/v15\\\/la-otra-cara-de-la-pantalla-como-el-entorno-digital-potencia-la-ansiedad-en-la-educacion\\\/#primaryimage\"},\"image\":{\"@id\":\"https:\\\/\\\/www.quebakan.com\\\/v15\\\/la-otra-cara-de-la-pantalla-como-el-entorno-digital-potencia-la-ansiedad-en-la-educacion\\\/#primaryimage\"},\"thumbnailUrl\":\"https:\\\/\\\/www.quebakan.com\\\/v15\\\/wp-content\\\/uploads\\\/2025\\\/08\\\/Anciedad.jpg\",\"datePublished\":\"2025-08-08T21:03:39+00:00\",\"breadcrumb\":{\"@id\":\"https:\\\/\\\/www.quebakan.com\\\/v15\\\/la-otra-cara-de-la-pantalla-como-el-entorno-digital-potencia-la-ansiedad-en-la-educacion\\\/#breadcrumb\"},\"inLanguage\":\"es\",\"potentialAction\":[{\"@type\":\"ReadAction\",\"target\":[\"https:\\\/\\\/www.quebakan.com\\\/v15\\\/la-otra-cara-de-la-pantalla-como-el-entorno-digital-potencia-la-ansiedad-en-la-educacion\\\/\"]}]},{\"@type\":\"ImageObject\",\"inLanguage\":\"es\",\"@id\":\"https:\\\/\\\/www.quebakan.com\\\/v15\\\/la-otra-cara-de-la-pantalla-como-el-entorno-digital-potencia-la-ansiedad-en-la-educacion\\\/#primaryimage\",\"url\":\"https:\\\/\\\/www.quebakan.com\\\/v15\\\/wp-content\\\/uploads\\\/2025\\\/08\\\/Anciedad.jpg\",\"contentUrl\":\"https:\\\/\\\/www.quebakan.com\\\/v15\\\/wp-content\\\/uploads\\\/2025\\\/08\\\/Anciedad.jpg\",\"width\":700,\"height\":545},{\"@type\":\"BreadcrumbList\",\"@id\":\"https:\\\/\\\/www.quebakan.com\\\/v15\\\/la-otra-cara-de-la-pantalla-como-el-entorno-digital-potencia-la-ansiedad-en-la-educacion\\\/#breadcrumb\",\"itemListElement\":[{\"@type\":\"ListItem\",\"position\":1,\"name\":\"Portada\",\"item\":\"https:\\\/\\\/www.quebakan.com\\\/v15\\\/\"},{\"@type\":\"ListItem\",\"position\":2,\"name\":\"La otra cara de la pantalla \u00bfC\u00f3mo el entorno digital potencia la ansiedad en la educaci\u00f3n?\"}]},{\"@type\":\"WebSite\",\"@id\":\"https:\\\/\\\/www.quebakan.com\\\/v15\\\/#website\",\"url\":\"https:\\\/\\\/www.quebakan.com\\\/v15\\\/\",\"name\":\"QUEBAKAN\",\"description\":\"..\",\"publisher\":{\"@id\":\"https:\\\/\\\/www.quebakan.com\\\/v15\\\/#organization\"},\"potentialAction\":[{\"@type\":\"SearchAction\",\"target\":{\"@type\":\"EntryPoint\",\"urlTemplate\":\"https:\\\/\\\/www.quebakan.com\\\/v15\\\/?s={search_term_string}\"},\"query-input\":{\"@type\":\"PropertyValueSpecification\",\"valueRequired\":true,\"valueName\":\"search_term_string\"}}],\"inLanguage\":\"es\"},{\"@type\":\"Organization\",\"@id\":\"https:\\\/\\\/www.quebakan.com\\\/v15\\\/#organization\",\"name\":\"Quebakan.com\",\"url\":\"https:\\\/\\\/www.quebakan.com\\\/v15\\\/\",\"logo\":{\"@type\":\"ImageObject\",\"inLanguage\":\"es\",\"@id\":\"https:\\\/\\\/www.quebakan.com\\\/v15\\\/#\\\/schema\\\/logo\\\/image\\\/\",\"url\":\"https:\\\/\\\/www.quebakan.com\\\/v15\\\/wp-content\\\/uploads\\\/2023\\\/07\\\/logoquebakanenero2021.jpg\",\"contentUrl\":\"https:\\\/\\\/www.quebakan.com\\\/v15\\\/wp-content\\\/uploads\\\/2023\\\/07\\\/logoquebakanenero2021.jpg\",\"width\":1920,\"height\":1080,\"caption\":\"Quebakan.com\"},\"image\":{\"@id\":\"https:\\\/\\\/www.quebakan.com\\\/v15\\\/#\\\/schema\\\/logo\\\/image\\\/\"},\"sameAs\":[\"http:\\\/\\\/www.facebook.com\\\/quebakan\",\"https:\\\/\\\/x.com\\\/quebakanec\",\"http:\\\/\\\/www.instagram.com\\\/quebakan\",\"http:\\\/\\\/www.youtube.com\\\/quebakan1\"]},{\"@type\":\"Person\",\"@id\":\"https:\\\/\\\/www.quebakan.com\\\/v15\\\/#\\\/schema\\\/person\\\/d90fa9f9cfa81eb8ace9811e5b7b9118\",\"name\":\"Erick Villafuerte\",\"image\":{\"@type\":\"ImageObject\",\"inLanguage\":\"es\",\"@id\":\"https:\\\/\\\/www.quebakan.com\\\/v15\\\/wp-content\\\/uploads\\\/avatars\\\/4\\\/1731297654-bpfull.png\",\"url\":\"https:\\\/\\\/www.quebakan.com\\\/v15\\\/wp-content\\\/uploads\\\/avatars\\\/4\\\/1731297654-bpfull.png\",\"contentUrl\":\"https:\\\/\\\/www.quebakan.com\\\/v15\\\/wp-content\\\/uploads\\\/avatars\\\/4\\\/1731297654-bpfull.png\",\"caption\":\"Erick Villafuerte\"}}]}<\/script>\n<!-- \/ Yoast SEO plugin. -->","yoast_head_json":{"title":"La otra cara de la pantalla \u00bfC\u00f3mo el entorno digital potencia la ansiedad en la educaci\u00f3n? &#8211; QUEBAKAN.COM 2026: Noticias, Eventos, Conciertos y mucho m\u00e1s....","robots":{"index":"index","follow":"follow","max-snippet":"max-snippet:-1","max-image-preview":"max-image-preview:large","max-video-preview":"max-video-preview:-1"},"canonical":"https:\/\/www.quebakan.com\/v15\/la-otra-cara-de-la-pantalla-como-el-entorno-digital-potencia-la-ansiedad-en-la-educacion\/","og_locale":"es_ES","og_type":"article","og_title":"La otra cara de la pantalla \u00bfC\u00f3mo el entorno digital potencia la ansiedad en la educaci\u00f3n? &#8211; QUEBAKAN.COM 2026: Noticias, Eventos, Conciertos y mucho m\u00e1s....","og_description":"Entre el 60\u202f% y el 70\u202f% de los estudiantes presenta s\u00edntomas de ansiedad, fatiga o insomnio derivados del uso intensivo de pantallas. La falta de redise\u00f1o pedag\u00f3gico en entornos virtuales est\u00e1 generando una crisis silenciosa en el bienestar emocional y cognitivo de miles de estudiantes. Ecuador, Agosto de 2025 \u2014 Lo que comenz\u00f3 como una [&hellip;]","og_url":"https:\/\/www.quebakan.com\/v15\/la-otra-cara-de-la-pantalla-como-el-entorno-digital-potencia-la-ansiedad-en-la-educacion\/","og_site_name":"QUEBAKAN.COM 2026: Noticias, Eventos, Conciertos y mucho m\u00e1s....","article_publisher":"http:\/\/www.facebook.com\/quebakan","article_published_time":"2025-08-08T21:03:39+00:00","og_image":[{"width":700,"height":545,"url":"https:\/\/www.quebakan.com\/v15\/wp-content\/uploads\/2025\/08\/Anciedad.jpg","type":"image\/jpeg"}],"author":"Erick Villafuerte","twitter_card":"summary_large_image","twitter_creator":"@quebakanec","twitter_site":"@quebakanec","twitter_misc":{"Escrito por":"Erick Villafuerte","Tiempo de lectura":"4 minutos"},"schema":{"@context":"https:\/\/schema.org","@graph":[{"@type":"Article","@id":"https:\/\/www.quebakan.com\/v15\/la-otra-cara-de-la-pantalla-como-el-entorno-digital-potencia-la-ansiedad-en-la-educacion\/#article","isPartOf":{"@id":"https:\/\/www.quebakan.com\/v15\/la-otra-cara-de-la-pantalla-como-el-entorno-digital-potencia-la-ansiedad-en-la-educacion\/"},"author":{"name":"Erick Villafuerte","@id":"https:\/\/www.quebakan.com\/v15\/#\/schema\/person\/d90fa9f9cfa81eb8ace9811e5b7b9118"},"headline":"La otra cara de la pantalla \u00bfC\u00f3mo el entorno digital potencia la ansiedad en la educaci\u00f3n?","datePublished":"2025-08-08T21:03:39+00:00","mainEntityOfPage":{"@id":"https:\/\/www.quebakan.com\/v15\/la-otra-cara-de-la-pantalla-como-el-entorno-digital-potencia-la-ansiedad-en-la-educacion\/"},"wordCount":767,"publisher":{"@id":"https:\/\/www.quebakan.com\/v15\/#organization"},"image":{"@id":"https:\/\/www.quebakan.com\/v15\/la-otra-cara-de-la-pantalla-como-el-entorno-digital-potencia-la-ansiedad-en-la-educacion\/#primaryimage"},"thumbnailUrl":"https:\/\/www.quebakan.com\/v15\/wp-content\/uploads\/2025\/08\/Anciedad.jpg","articleSection":["Noticias"],"inLanguage":"es"},{"@type":"WebPage","@id":"https:\/\/www.quebakan.com\/v15\/la-otra-cara-de-la-pantalla-como-el-entorno-digital-potencia-la-ansiedad-en-la-educacion\/","url":"https:\/\/www.quebakan.com\/v15\/la-otra-cara-de-la-pantalla-como-el-entorno-digital-potencia-la-ansiedad-en-la-educacion\/","name":"La otra cara de la pantalla \u00bfC\u00f3mo el entorno digital potencia la ansiedad en la educaci\u00f3n? &#8211; QUEBAKAN.COM 2026: Noticias, Eventos, Conciertos y mucho m\u00e1s....","isPartOf":{"@id":"https:\/\/www.quebakan.com\/v15\/#website"},"primaryImageOfPage":{"@id":"https:\/\/www.quebakan.com\/v15\/la-otra-cara-de-la-pantalla-como-el-entorno-digital-potencia-la-ansiedad-en-la-educacion\/#primaryimage"},"image":{"@id":"https:\/\/www.quebakan.com\/v15\/la-otra-cara-de-la-pantalla-como-el-entorno-digital-potencia-la-ansiedad-en-la-educacion\/#primaryimage"},"thumbnailUrl":"https:\/\/www.quebakan.com\/v15\/wp-content\/uploads\/2025\/08\/Anciedad.jpg","datePublished":"2025-08-08T21:03:39+00:00","breadcrumb":{"@id":"https:\/\/www.quebakan.com\/v15\/la-otra-cara-de-la-pantalla-como-el-entorno-digital-potencia-la-ansiedad-en-la-educacion\/#breadcrumb"},"inLanguage":"es","potentialAction":[{"@type":"ReadAction","target":["https:\/\/www.quebakan.com\/v15\/la-otra-cara-de-la-pantalla-como-el-entorno-digital-potencia-la-ansiedad-en-la-educacion\/"]}]},{"@type":"ImageObject","inLanguage":"es","@id":"https:\/\/www.quebakan.com\/v15\/la-otra-cara-de-la-pantalla-como-el-entorno-digital-potencia-la-ansiedad-en-la-educacion\/#primaryimage","url":"https:\/\/www.quebakan.com\/v15\/wp-content\/uploads\/2025\/08\/Anciedad.jpg","contentUrl":"https:\/\/www.quebakan.com\/v15\/wp-content\/uploads\/2025\/08\/Anciedad.jpg","width":700,"height":545},{"@type":"BreadcrumbList","@id":"https:\/\/www.quebakan.com\/v15\/la-otra-cara-de-la-pantalla-como-el-entorno-digital-potencia-la-ansiedad-en-la-educacion\/#breadcrumb","itemListElement":[{"@type":"ListItem","position":1,"name":"Portada","item":"https:\/\/www.quebakan.com\/v15\/"},{"@type":"ListItem","position":2,"name":"La otra cara de la pantalla \u00bfC\u00f3mo el entorno digital potencia la ansiedad en la educaci\u00f3n?"}]},{"@type":"WebSite","@id":"https:\/\/www.quebakan.com\/v15\/#website","url":"https:\/\/www.quebakan.com\/v15\/","name":"QUEBAKAN","description":"..","publisher":{"@id":"https:\/\/www.quebakan.com\/v15\/#organization"},"potentialAction":[{"@type":"SearchAction","target":{"@type":"EntryPoint","urlTemplate":"https:\/\/www.quebakan.com\/v15\/?s={search_term_string}"},"query-input":{"@type":"PropertyValueSpecification","valueRequired":true,"valueName":"search_term_string"}}],"inLanguage":"es"},{"@type":"Organization","@id":"https:\/\/www.quebakan.com\/v15\/#organization","name":"Quebakan.com","url":"https:\/\/www.quebakan.com\/v15\/","logo":{"@type":"ImageObject","inLanguage":"es","@id":"https:\/\/www.quebakan.com\/v15\/#\/schema\/logo\/image\/","url":"https:\/\/www.quebakan.com\/v15\/wp-content\/uploads\/2023\/07\/logoquebakanenero2021.jpg","contentUrl":"https:\/\/www.quebakan.com\/v15\/wp-content\/uploads\/2023\/07\/logoquebakanenero2021.jpg","width":1920,"height":1080,"caption":"Quebakan.com"},"image":{"@id":"https:\/\/www.quebakan.com\/v15\/#\/schema\/logo\/image\/"},"sameAs":["http:\/\/www.facebook.com\/quebakan","https:\/\/x.com\/quebakanec","http:\/\/www.instagram.com\/quebakan","http:\/\/www.youtube.com\/quebakan1"]},{"@type":"Person","@id":"https:\/\/www.quebakan.com\/v15\/#\/schema\/person\/d90fa9f9cfa81eb8ace9811e5b7b9118","name":"Erick Villafuerte","image":{"@type":"ImageObject","inLanguage":"es","@id":"https:\/\/www.quebakan.com\/v15\/wp-content\/uploads\/avatars\/4\/1731297654-bpfull.png","url":"https:\/\/www.quebakan.com\/v15\/wp-content\/uploads\/avatars\/4\/1731297654-bpfull.png","contentUrl":"https:\/\/www.quebakan.com\/v15\/wp-content\/uploads\/avatars\/4\/1731297654-bpfull.png","caption":"Erick Villafuerte"}}]}},"_links":{"self":[{"href":"https:\/\/www.quebakan.com\/v15\/wp-json\/wp\/v2\/posts\/134091","targetHints":{"allow":["GET"]}}],"collection":[{"href":"https:\/\/www.quebakan.com\/v15\/wp-json\/wp\/v2\/posts"}],"about":[{"href":"https:\/\/www.quebakan.com\/v15\/wp-json\/wp\/v2\/types\/post"}],"author":[{"embeddable":true,"href":"https:\/\/www.quebakan.com\/v15\/wp-json\/wp\/v2\/users\/4"}],"replies":[{"embeddable":true,"href":"https:\/\/www.quebakan.com\/v15\/wp-json\/wp\/v2\/comments?post=134091"}],"version-history":[{"count":1,"href":"https:\/\/www.quebakan.com\/v15\/wp-json\/wp\/v2\/posts\/134091\/revisions"}],"predecessor-version":[{"id":134093,"href":"https:\/\/www.quebakan.com\/v15\/wp-json\/wp\/v2\/posts\/134091\/revisions\/134093"}],"wp:featuredmedia":[{"embeddable":true,"href":"https:\/\/www.quebakan.com\/v15\/wp-json\/wp\/v2\/media\/134092"}],"wp:attachment":[{"href":"https:\/\/www.quebakan.com\/v15\/wp-json\/wp\/v2\/media?parent=134091"}],"wp:term":[{"taxonomy":"category","embeddable":true,"href":"https:\/\/www.quebakan.com\/v15\/wp-json\/wp\/v2\/categories?post=134091"},{"taxonomy":"post_tag","embeddable":true,"href":"https:\/\/www.quebakan.com\/v15\/wp-json\/wp\/v2\/tags?post=134091"}],"curies":[{"name":"wp","href":"https:\/\/api.w.org\/{rel}","templated":true}]}}