{"id":134094,"date":"2025-08-08T16:07:03","date_gmt":"2025-08-08T21:07:03","guid":{"rendered":"https:\/\/www.quebakan.com\/v15\/?p=134094"},"modified":"2025-08-08T16:07:03","modified_gmt":"2025-08-08T21:07:03","slug":"moderna-alimentos-y-su-marca-ya-lanzan-la-campana-el-litro-invisible-en-alianza-con-los-bancos-de-alimentos-de-quito-y-guayaquil-para-combatir-la-desnutricion-infantil-en-ecuador","status":"publish","type":"post","link":"https:\/\/www.quebakan.com\/v15\/moderna-alimentos-y-su-marca-ya-lanzan-la-campana-el-litro-invisible-en-alianza-con-los-bancos-de-alimentos-de-quito-y-guayaquil-para-combatir-la-desnutricion-infantil-en-ecuador\/","title":{"rendered":"Moderna Alimentos y su marca YA lanzan la campa\u00f1a  \u201cEl Litro Invisible\u201d en alianza con los Bancos de Alimentos de Quito y Guayaquil para combatir la desnutrici\u00f3n infantil en Ecuador"},"content":{"rendered":"<p><img fetchpriority=\"high\" decoding=\"async\" class=\"aligncenter size-full wp-image-134095\" src=\"https:\/\/www.quebakan.com\/v15\/wp-content\/uploads\/2025\/08\/Foto1_CampanaLitroInvisible_ModernaAlimentos.jpg\" alt=\"\" width=\"700\" height=\"467\" \/><\/p>\n<p style=\"text-align: justify;\"><span style=\"color: #000000;\"><strong>Pie de foto<\/strong> (izquierda a derecha): Jos\u00e9 Luis Guevara, Director Ejecutivo de Banco de Alimentos Quito; Ver\u00f3nica Reyes, Directora de Desarrollo Humano y Asuntos Corporativos de Moderna Alimentos; Valeria Y\u00e1nez, Coordinadora de Comunicaci\u00f3n Banco de Alimentos Diakon\u00eda; y, Juan Francisco P\u00e1ez, Director de Negocios B2C de Moderna Alimentos.<\/span><\/p>\n<ul style=\"text-align: justify;\">\n<li><span style=\"color: #000000;\">M\u00e1s de 30.000 litros de nutrici\u00f3n solidaria. Moderna Alimentos y su marca YA se unen a los Bancos de Alimentos de Quito y Guayaquil para combatir la desnutrici\u00f3n infantil con una acci\u00f3n concreta, directa y medible.<\/span><\/li>\n<li><span style=\"color: #000000;\">Con \u201cEl Litro Invisible\u201d, por cada Deliavena YA que adquieres, se dona autom\u00e1ticamente un litro a ni\u00f1os en situaci\u00f3n de vulnerabilidad en Ecuador.<\/span><\/li>\n<\/ul>\n<p style=\"text-align: justify;\"><span style=\"color: #000000;\"><strong>Quito, agosto de 2025.-<\/strong> Como parte de su compromiso con el bienestar y la nutrici\u00f3n de los ecuatorianos, Moderna Alimentos, a trav\u00e9s de su marca Deliavena YA, presenta \u201cEl Litro Invisible\u201d, una campa\u00f1a social que transforma cada compra en una acci\u00f3n solidaria.<\/span><\/p>\n<p style=\"text-align: justify;\"><span style=\"color: #000000;\">En alianza con el Banco de Alimentos Quito y el Banco de Alimentos Diakon\u00eda en Guayaquil, la campa\u00f1a estar\u00e1 activa desde el 1 de agosto hasta el 31 de octubre de 2025, y busca entregar m\u00e1s de 30.000 litros de colada Deliavena YA a m\u00e1s de 20.000 ni\u00f1os en situaci\u00f3n de vulnerabilidad en todo el pa\u00eds.<\/span><\/p>\n<p style=\"text-align: justify;\"><span style=\"color: #000000;\">Cada vez que una persona adquiera un empaque de Deliavena YA de 200\u202fg (sabores: fresa, vainilla, mora o chocolate), Moderna Alimentos donar\u00e1 autom\u00e1ticamente un litro del producto a los Bancos de Alimentos aliados, convirtiendo un acto cotidiano en una ayuda concreta que nutre el presente y futuro de miles de ni\u00f1os.<\/span><\/p>\n<p style=\"text-align: justify;\"><span style=\"color: #000000;\"><em>\u201cDesde nuestra estrategia de sostenibilidad Moderna Alimentos Sostenible (m.a.s), trabajamos por un Ecuador con mayor equidad alimentaria. El Litro Invisible es una manera innovadora de invitar al consumidor a ser parte del cambio, con una acci\u00f3n simple, pero de gran impacto\u201d<\/em>, se\u00f1al\u00f3 Juan Francisco P\u00e1ez, Director de Negocios B2C de Moderna Alimentos.<\/span><\/p>\n<p style=\"text-align: justify;\"><span style=\"color: #000000;\">Durante el lanzamiento, se cont\u00f3 con la presencia de los directores de las instituciones aliadas:<\/span><\/p>\n<p style=\"text-align: justify;\"><span style=\"color: #000000;\"><em>\u201cEn el Banco de Alimentos Quito trabajamos d\u00eda a d\u00eda para proporcionar alimentos de manera digna, evitando el desperdicio y acercando los alimentos a quienes m\u00e1s lo necesitan. Con \u201cEl Litro Invisible\u201d, damos un paso m\u00e1s en nuestra visi\u00f3n de convertirnos en referentes nacionales en la lucha contra el hambre y la desnutrici\u00f3n\u201d<\/em>, afirm\u00f3 Jos\u00e9 Luis Guevara, Director Ejecutivo Banco de Alimentos Quito<\/span><\/p>\n<p style=\"text-align: justify;\"><span style=\"color: #000000;\"><em>\u201cEn estos 15 a\u00f1os de labor, en el Banco de Alimentos Diakon\u00eda hemos trabajado permanentemente por garantizar el acceso a los alimentos para miles de personas en situaci\u00f3n de vulnerabilidad, con un enfoque prioritario en la nutrici\u00f3n infantil. Aliarnos con Moderna Alimentos y sumarnos a la valiosa campa\u00f1a \u201cEl Litro Invisible\u201d nos permite seguir fortaleciendo nuestros programas de alimentaci\u00f3n en territorio, que son clave para combatir la desnutrici\u00f3n y construir un futuro m\u00e1s saludable y con mejores oportunidades para nuestros ni\u00f1os<\/em>\u201d, explic\u00f3 Federico Recalde, Director Ejecutivo de Diakon\u00eda.<\/span><\/p>\n<p style=\"text-align: justify;\"><span style=\"color: #000000;\">Los consumidores podr\u00e1n seguir el avance de los litros donados a trav\u00e9s de plataformas digitales de la campa\u00f1a, generando un v\u00ednculo cercano, transparente y medible con el impacto que entre todos estamos construyendo.<\/span><\/p>\n","protected":false},"excerpt":{"rendered":"<p>Pie de foto (izquierda a derecha): Jos\u00e9 Luis Guevara, Director Ejecutivo de Banco de Alimentos Quito; Ver\u00f3nica Reyes, Directora de Desarrollo Humano y Asuntos Corporativos de Moderna Alimentos; Valeria Y\u00e1nez, Coordinadora de Comunicaci\u00f3n Banco de Alimentos Diakon\u00eda; y, Juan Francisco P\u00e1ez, Director de Negocios B2C de Moderna Alimentos. M\u00e1s de 30.000 litros de nutrici\u00f3n solidaria. [&hellip;]<\/p>\n","protected":false},"author":4,"featured_media":134095,"comment_status":"closed","ping_status":"closed","sticky":false,"template":"","format":"standard","meta":{"_bbp_topic_count":0,"_bbp_reply_count":0,"_bbp_total_topic_count":0,"_bbp_total_reply_count":0,"_bbp_voice_count":0,"_bbp_anonymous_reply_count":0,"_bbp_topic_count_hidden":0,"_bbp_reply_count_hidden":0,"_bbp_forum_subforum_count":0,"buzzeditor_post_format":"","footnotes":""},"categories":[2],"tags":[],"class_list":["post-134094","post","type-post","status-publish","format-standard","has-post-thumbnail","hentry","category-noticias"],"yoast_head":"<!-- This site is optimized with the Yoast SEO plugin v27.5 - https:\/\/yoast.com\/product\/yoast-seo-wordpress\/ -->\n<title>Moderna Alimentos y su marca YA lanzan la campa\u00f1a \u201cEl Litro Invisible\u201d en alianza con los Bancos de Alimentos de Quito y Guayaquil para combatir la desnutrici\u00f3n infantil en Ecuador &#8211; QUEBAKAN.COM 2026: Noticias, Eventos, Conciertos y mucho m\u00e1s....<\/title>\n<meta name=\"robots\" content=\"index, follow, max-snippet:-1, max-image-preview:large, max-video-preview:-1\" \/>\n<link rel=\"canonical\" href=\"https:\/\/www.quebakan.com\/v15\/moderna-alimentos-y-su-marca-ya-lanzan-la-campana-el-litro-invisible-en-alianza-con-los-bancos-de-alimentos-de-quito-y-guayaquil-para-combatir-la-desnutricion-infantil-en-ecuador\/\" \/>\n<meta property=\"og:locale\" content=\"es_ES\" \/>\n<meta property=\"og:type\" content=\"article\" \/>\n<meta property=\"og:title\" content=\"Moderna Alimentos y su marca YA lanzan la campa\u00f1a \u201cEl Litro Invisible\u201d en alianza con los Bancos de Alimentos de Quito y Guayaquil para combatir la desnutrici\u00f3n infantil en Ecuador &#8211; QUEBAKAN.COM 2026: Noticias, Eventos, Conciertos y mucho m\u00e1s....\" \/>\n<meta property=\"og:description\" content=\"Pie de foto (izquierda a derecha): Jos\u00e9 Luis Guevara, Director Ejecutivo de Banco de Alimentos Quito; Ver\u00f3nica Reyes, Directora de Desarrollo Humano y Asuntos Corporativos de Moderna Alimentos; Valeria Y\u00e1nez, Coordinadora de Comunicaci\u00f3n Banco de Alimentos Diakon\u00eda; y, Juan Francisco P\u00e1ez, Director de Negocios B2C de Moderna Alimentos. M\u00e1s de 30.000 litros de nutrici\u00f3n solidaria. [&hellip;]\" \/>\n<meta property=\"og:url\" content=\"https:\/\/www.quebakan.com\/v15\/moderna-alimentos-y-su-marca-ya-lanzan-la-campana-el-litro-invisible-en-alianza-con-los-bancos-de-alimentos-de-quito-y-guayaquil-para-combatir-la-desnutricion-infantil-en-ecuador\/\" \/>\n<meta property=\"og:site_name\" content=\"QUEBAKAN.COM 2026: Noticias, Eventos, Conciertos y mucho m\u00e1s....\" \/>\n<meta property=\"article:publisher\" content=\"http:\/\/www.facebook.com\/quebakan\" \/>\n<meta property=\"article:published_time\" content=\"2025-08-08T21:07:03+00:00\" \/>\n<meta property=\"og:image\" content=\"https:\/\/www.quebakan.com\/v15\/wp-content\/uploads\/2025\/08\/Foto1_CampanaLitroInvisible_ModernaAlimentos.jpg\" \/>\n\t<meta property=\"og:image:width\" content=\"700\" \/>\n\t<meta property=\"og:image:height\" content=\"467\" \/>\n\t<meta property=\"og:image:type\" content=\"image\/jpeg\" \/>\n<meta name=\"author\" content=\"Erick Villafuerte\" \/>\n<meta name=\"twitter:card\" content=\"summary_large_image\" \/>\n<meta name=\"twitter:creator\" content=\"@quebakanec\" \/>\n<meta name=\"twitter:site\" content=\"@quebakanec\" \/>\n<meta name=\"twitter:label1\" content=\"Escrito por\" \/>\n\t<meta name=\"twitter:data1\" content=\"Erick Villafuerte\" \/>\n\t<meta name=\"twitter:label2\" content=\"Tiempo de lectura\" \/>\n\t<meta name=\"twitter:data2\" content=\"3 minutos\" \/>\n<script type=\"application\/ld+json\" class=\"yoast-schema-graph\">{\"@context\":\"https:\\\/\\\/schema.org\",\"@graph\":[{\"@type\":\"Article\",\"@id\":\"https:\\\/\\\/www.quebakan.com\\\/v15\\\/moderna-alimentos-y-su-marca-ya-lanzan-la-campana-el-litro-invisible-en-alianza-con-los-bancos-de-alimentos-de-quito-y-guayaquil-para-combatir-la-desnutricion-infantil-en-ecuador\\\/#article\",\"isPartOf\":{\"@id\":\"https:\\\/\\\/www.quebakan.com\\\/v15\\\/moderna-alimentos-y-su-marca-ya-lanzan-la-campana-el-litro-invisible-en-alianza-con-los-bancos-de-alimentos-de-quito-y-guayaquil-para-combatir-la-desnutricion-infantil-en-ecuador\\\/\"},\"author\":{\"name\":\"Erick Villafuerte\",\"@id\":\"https:\\\/\\\/www.quebakan.com\\\/v15\\\/#\\\/schema\\\/person\\\/d90fa9f9cfa81eb8ace9811e5b7b9118\"},\"headline\":\"Moderna Alimentos y su marca YA lanzan la campa\u00f1a \u201cEl Litro Invisible\u201d en alianza con los Bancos de Alimentos de Quito y Guayaquil para combatir la desnutrici\u00f3n infantil en Ecuador\",\"datePublished\":\"2025-08-08T21:07:03+00:00\",\"mainEntityOfPage\":{\"@id\":\"https:\\\/\\\/www.quebakan.com\\\/v15\\\/moderna-alimentos-y-su-marca-ya-lanzan-la-campana-el-litro-invisible-en-alianza-con-los-bancos-de-alimentos-de-quito-y-guayaquil-para-combatir-la-desnutricion-infantil-en-ecuador\\\/\"},\"wordCount\":584,\"publisher\":{\"@id\":\"https:\\\/\\\/www.quebakan.com\\\/v15\\\/#organization\"},\"image\":{\"@id\":\"https:\\\/\\\/www.quebakan.com\\\/v15\\\/moderna-alimentos-y-su-marca-ya-lanzan-la-campana-el-litro-invisible-en-alianza-con-los-bancos-de-alimentos-de-quito-y-guayaquil-para-combatir-la-desnutricion-infantil-en-ecuador\\\/#primaryimage\"},\"thumbnailUrl\":\"https:\\\/\\\/www.quebakan.com\\\/v15\\\/wp-content\\\/uploads\\\/2025\\\/08\\\/Foto1_CampanaLitroInvisible_ModernaAlimentos.jpg\",\"articleSection\":[\"Noticias\"],\"inLanguage\":\"es\"},{\"@type\":\"WebPage\",\"@id\":\"https:\\\/\\\/www.quebakan.com\\\/v15\\\/moderna-alimentos-y-su-marca-ya-lanzan-la-campana-el-litro-invisible-en-alianza-con-los-bancos-de-alimentos-de-quito-y-guayaquil-para-combatir-la-desnutricion-infantil-en-ecuador\\\/\",\"url\":\"https:\\\/\\\/www.quebakan.com\\\/v15\\\/moderna-alimentos-y-su-marca-ya-lanzan-la-campana-el-litro-invisible-en-alianza-con-los-bancos-de-alimentos-de-quito-y-guayaquil-para-combatir-la-desnutricion-infantil-en-ecuador\\\/\",\"name\":\"Moderna Alimentos y su marca YA lanzan la campa\u00f1a \u201cEl Litro Invisible\u201d en alianza con los Bancos de Alimentos de Quito y Guayaquil para combatir la desnutrici\u00f3n infantil en Ecuador &#8211; QUEBAKAN.COM 2026: Noticias, Eventos, Conciertos y mucho m\u00e1s....\",\"isPartOf\":{\"@id\":\"https:\\\/\\\/www.quebakan.com\\\/v15\\\/#website\"},\"primaryImageOfPage\":{\"@id\":\"https:\\\/\\\/www.quebakan.com\\\/v15\\\/moderna-alimentos-y-su-marca-ya-lanzan-la-campana-el-litro-invisible-en-alianza-con-los-bancos-de-alimentos-de-quito-y-guayaquil-para-combatir-la-desnutricion-infantil-en-ecuador\\\/#primaryimage\"},\"image\":{\"@id\":\"https:\\\/\\\/www.quebakan.com\\\/v15\\\/moderna-alimentos-y-su-marca-ya-lanzan-la-campana-el-litro-invisible-en-alianza-con-los-bancos-de-alimentos-de-quito-y-guayaquil-para-combatir-la-desnutricion-infantil-en-ecuador\\\/#primaryimage\"},\"thumbnailUrl\":\"https:\\\/\\\/www.quebakan.com\\\/v15\\\/wp-content\\\/uploads\\\/2025\\\/08\\\/Foto1_CampanaLitroInvisible_ModernaAlimentos.jpg\",\"datePublished\":\"2025-08-08T21:07:03+00:00\",\"breadcrumb\":{\"@id\":\"https:\\\/\\\/www.quebakan.com\\\/v15\\\/moderna-alimentos-y-su-marca-ya-lanzan-la-campana-el-litro-invisible-en-alianza-con-los-bancos-de-alimentos-de-quito-y-guayaquil-para-combatir-la-desnutricion-infantil-en-ecuador\\\/#breadcrumb\"},\"inLanguage\":\"es\",\"potentialAction\":[{\"@type\":\"ReadAction\",\"target\":[\"https:\\\/\\\/www.quebakan.com\\\/v15\\\/moderna-alimentos-y-su-marca-ya-lanzan-la-campana-el-litro-invisible-en-alianza-con-los-bancos-de-alimentos-de-quito-y-guayaquil-para-combatir-la-desnutricion-infantil-en-ecuador\\\/\"]}]},{\"@type\":\"ImageObject\",\"inLanguage\":\"es\",\"@id\":\"https:\\\/\\\/www.quebakan.com\\\/v15\\\/moderna-alimentos-y-su-marca-ya-lanzan-la-campana-el-litro-invisible-en-alianza-con-los-bancos-de-alimentos-de-quito-y-guayaquil-para-combatir-la-desnutricion-infantil-en-ecuador\\\/#primaryimage\",\"url\":\"https:\\\/\\\/www.quebakan.com\\\/v15\\\/wp-content\\\/uploads\\\/2025\\\/08\\\/Foto1_CampanaLitroInvisible_ModernaAlimentos.jpg\",\"contentUrl\":\"https:\\\/\\\/www.quebakan.com\\\/v15\\\/wp-content\\\/uploads\\\/2025\\\/08\\\/Foto1_CampanaLitroInvisible_ModernaAlimentos.jpg\",\"width\":700,\"height\":467},{\"@type\":\"BreadcrumbList\",\"@id\":\"https:\\\/\\\/www.quebakan.com\\\/v15\\\/moderna-alimentos-y-su-marca-ya-lanzan-la-campana-el-litro-invisible-en-alianza-con-los-bancos-de-alimentos-de-quito-y-guayaquil-para-combatir-la-desnutricion-infantil-en-ecuador\\\/#breadcrumb\",\"itemListElement\":[{\"@type\":\"ListItem\",\"position\":1,\"name\":\"Portada\",\"item\":\"https:\\\/\\\/www.quebakan.com\\\/v15\\\/\"},{\"@type\":\"ListItem\",\"position\":2,\"name\":\"Moderna Alimentos y su marca YA lanzan la campa\u00f1a \u201cEl Litro Invisible\u201d en alianza con los Bancos de Alimentos de Quito y Guayaquil para combatir la desnutrici\u00f3n infantil en Ecuador\"}]},{\"@type\":\"WebSite\",\"@id\":\"https:\\\/\\\/www.quebakan.com\\\/v15\\\/#website\",\"url\":\"https:\\\/\\\/www.quebakan.com\\\/v15\\\/\",\"name\":\"QUEBAKAN\",\"description\":\"..\",\"publisher\":{\"@id\":\"https:\\\/\\\/www.quebakan.com\\\/v15\\\/#organization\"},\"potentialAction\":[{\"@type\":\"SearchAction\",\"target\":{\"@type\":\"EntryPoint\",\"urlTemplate\":\"https:\\\/\\\/www.quebakan.com\\\/v15\\\/?s={search_term_string}\"},\"query-input\":{\"@type\":\"PropertyValueSpecification\",\"valueRequired\":true,\"valueName\":\"search_term_string\"}}],\"inLanguage\":\"es\"},{\"@type\":\"Organization\",\"@id\":\"https:\\\/\\\/www.quebakan.com\\\/v15\\\/#organization\",\"name\":\"Quebakan.com\",\"url\":\"https:\\\/\\\/www.quebakan.com\\\/v15\\\/\",\"logo\":{\"@type\":\"ImageObject\",\"inLanguage\":\"es\",\"@id\":\"https:\\\/\\\/www.quebakan.com\\\/v15\\\/#\\\/schema\\\/logo\\\/image\\\/\",\"url\":\"https:\\\/\\\/www.quebakan.com\\\/v15\\\/wp-content\\\/uploads\\\/2023\\\/07\\\/logoquebakanenero2021.jpg\",\"contentUrl\":\"https:\\\/\\\/www.quebakan.com\\\/v15\\\/wp-content\\\/uploads\\\/2023\\\/07\\\/logoquebakanenero2021.jpg\",\"width\":1920,\"height\":1080,\"caption\":\"Quebakan.com\"},\"image\":{\"@id\":\"https:\\\/\\\/www.quebakan.com\\\/v15\\\/#\\\/schema\\\/logo\\\/image\\\/\"},\"sameAs\":[\"http:\\\/\\\/www.facebook.com\\\/quebakan\",\"https:\\\/\\\/x.com\\\/quebakanec\",\"http:\\\/\\\/www.instagram.com\\\/quebakan\",\"http:\\\/\\\/www.youtube.com\\\/quebakan1\"]},{\"@type\":\"Person\",\"@id\":\"https:\\\/\\\/www.quebakan.com\\\/v15\\\/#\\\/schema\\\/person\\\/d90fa9f9cfa81eb8ace9811e5b7b9118\",\"name\":\"Erick Villafuerte\",\"image\":{\"@type\":\"ImageObject\",\"inLanguage\":\"es\",\"@id\":\"https:\\\/\\\/www.quebakan.com\\\/v15\\\/wp-content\\\/uploads\\\/avatars\\\/4\\\/1731297654-bpfull.png\",\"url\":\"https:\\\/\\\/www.quebakan.com\\\/v15\\\/wp-content\\\/uploads\\\/avatars\\\/4\\\/1731297654-bpfull.png\",\"contentUrl\":\"https:\\\/\\\/www.quebakan.com\\\/v15\\\/wp-content\\\/uploads\\\/avatars\\\/4\\\/1731297654-bpfull.png\",\"caption\":\"Erick Villafuerte\"}}]}<\/script>\n<!-- \/ Yoast SEO plugin. -->","yoast_head_json":{"title":"Moderna Alimentos y su marca YA lanzan la campa\u00f1a \u201cEl Litro Invisible\u201d en alianza con los Bancos de Alimentos de Quito y Guayaquil para combatir la desnutrici\u00f3n infantil en Ecuador &#8211; QUEBAKAN.COM 2026: Noticias, Eventos, Conciertos y mucho m\u00e1s....","robots":{"index":"index","follow":"follow","max-snippet":"max-snippet:-1","max-image-preview":"max-image-preview:large","max-video-preview":"max-video-preview:-1"},"canonical":"https:\/\/www.quebakan.com\/v15\/moderna-alimentos-y-su-marca-ya-lanzan-la-campana-el-litro-invisible-en-alianza-con-los-bancos-de-alimentos-de-quito-y-guayaquil-para-combatir-la-desnutricion-infantil-en-ecuador\/","og_locale":"es_ES","og_type":"article","og_title":"Moderna Alimentos y su marca YA lanzan la campa\u00f1a \u201cEl Litro Invisible\u201d en alianza con los Bancos de Alimentos de Quito y Guayaquil para combatir la desnutrici\u00f3n infantil en Ecuador &#8211; QUEBAKAN.COM 2026: Noticias, Eventos, Conciertos y mucho m\u00e1s....","og_description":"Pie de foto (izquierda a derecha): Jos\u00e9 Luis Guevara, Director Ejecutivo de Banco de Alimentos Quito; Ver\u00f3nica Reyes, Directora de Desarrollo Humano y Asuntos Corporativos de Moderna Alimentos; Valeria Y\u00e1nez, Coordinadora de Comunicaci\u00f3n Banco de Alimentos Diakon\u00eda; y, Juan Francisco P\u00e1ez, Director de Negocios B2C de Moderna Alimentos. M\u00e1s de 30.000 litros de nutrici\u00f3n solidaria. [&hellip;]","og_url":"https:\/\/www.quebakan.com\/v15\/moderna-alimentos-y-su-marca-ya-lanzan-la-campana-el-litro-invisible-en-alianza-con-los-bancos-de-alimentos-de-quito-y-guayaquil-para-combatir-la-desnutricion-infantil-en-ecuador\/","og_site_name":"QUEBAKAN.COM 2026: Noticias, Eventos, Conciertos y mucho m\u00e1s....","article_publisher":"http:\/\/www.facebook.com\/quebakan","article_published_time":"2025-08-08T21:07:03+00:00","og_image":[{"width":700,"height":467,"url":"https:\/\/www.quebakan.com\/v15\/wp-content\/uploads\/2025\/08\/Foto1_CampanaLitroInvisible_ModernaAlimentos.jpg","type":"image\/jpeg"}],"author":"Erick Villafuerte","twitter_card":"summary_large_image","twitter_creator":"@quebakanec","twitter_site":"@quebakanec","twitter_misc":{"Escrito por":"Erick Villafuerte","Tiempo de lectura":"3 minutos"},"schema":{"@context":"https:\/\/schema.org","@graph":[{"@type":"Article","@id":"https:\/\/www.quebakan.com\/v15\/moderna-alimentos-y-su-marca-ya-lanzan-la-campana-el-litro-invisible-en-alianza-con-los-bancos-de-alimentos-de-quito-y-guayaquil-para-combatir-la-desnutricion-infantil-en-ecuador\/#article","isPartOf":{"@id":"https:\/\/www.quebakan.com\/v15\/moderna-alimentos-y-su-marca-ya-lanzan-la-campana-el-litro-invisible-en-alianza-con-los-bancos-de-alimentos-de-quito-y-guayaquil-para-combatir-la-desnutricion-infantil-en-ecuador\/"},"author":{"name":"Erick Villafuerte","@id":"https:\/\/www.quebakan.com\/v15\/#\/schema\/person\/d90fa9f9cfa81eb8ace9811e5b7b9118"},"headline":"Moderna Alimentos y su marca YA lanzan la campa\u00f1a \u201cEl Litro Invisible\u201d en alianza con los Bancos de Alimentos de Quito y Guayaquil para combatir la desnutrici\u00f3n infantil en Ecuador","datePublished":"2025-08-08T21:07:03+00:00","mainEntityOfPage":{"@id":"https:\/\/www.quebakan.com\/v15\/moderna-alimentos-y-su-marca-ya-lanzan-la-campana-el-litro-invisible-en-alianza-con-los-bancos-de-alimentos-de-quito-y-guayaquil-para-combatir-la-desnutricion-infantil-en-ecuador\/"},"wordCount":584,"publisher":{"@id":"https:\/\/www.quebakan.com\/v15\/#organization"},"image":{"@id":"https:\/\/www.quebakan.com\/v15\/moderna-alimentos-y-su-marca-ya-lanzan-la-campana-el-litro-invisible-en-alianza-con-los-bancos-de-alimentos-de-quito-y-guayaquil-para-combatir-la-desnutricion-infantil-en-ecuador\/#primaryimage"},"thumbnailUrl":"https:\/\/www.quebakan.com\/v15\/wp-content\/uploads\/2025\/08\/Foto1_CampanaLitroInvisible_ModernaAlimentos.jpg","articleSection":["Noticias"],"inLanguage":"es"},{"@type":"WebPage","@id":"https:\/\/www.quebakan.com\/v15\/moderna-alimentos-y-su-marca-ya-lanzan-la-campana-el-litro-invisible-en-alianza-con-los-bancos-de-alimentos-de-quito-y-guayaquil-para-combatir-la-desnutricion-infantil-en-ecuador\/","url":"https:\/\/www.quebakan.com\/v15\/moderna-alimentos-y-su-marca-ya-lanzan-la-campana-el-litro-invisible-en-alianza-con-los-bancos-de-alimentos-de-quito-y-guayaquil-para-combatir-la-desnutricion-infantil-en-ecuador\/","name":"Moderna Alimentos y su marca YA lanzan la campa\u00f1a \u201cEl Litro Invisible\u201d en alianza con los Bancos de Alimentos de Quito y Guayaquil para combatir la desnutrici\u00f3n infantil en Ecuador &#8211; QUEBAKAN.COM 2026: Noticias, Eventos, Conciertos y mucho m\u00e1s....","isPartOf":{"@id":"https:\/\/www.quebakan.com\/v15\/#website"},"primaryImageOfPage":{"@id":"https:\/\/www.quebakan.com\/v15\/moderna-alimentos-y-su-marca-ya-lanzan-la-campana-el-litro-invisible-en-alianza-con-los-bancos-de-alimentos-de-quito-y-guayaquil-para-combatir-la-desnutricion-infantil-en-ecuador\/#primaryimage"},"image":{"@id":"https:\/\/www.quebakan.com\/v15\/moderna-alimentos-y-su-marca-ya-lanzan-la-campana-el-litro-invisible-en-alianza-con-los-bancos-de-alimentos-de-quito-y-guayaquil-para-combatir-la-desnutricion-infantil-en-ecuador\/#primaryimage"},"thumbnailUrl":"https:\/\/www.quebakan.com\/v15\/wp-content\/uploads\/2025\/08\/Foto1_CampanaLitroInvisible_ModernaAlimentos.jpg","datePublished":"2025-08-08T21:07:03+00:00","breadcrumb":{"@id":"https:\/\/www.quebakan.com\/v15\/moderna-alimentos-y-su-marca-ya-lanzan-la-campana-el-litro-invisible-en-alianza-con-los-bancos-de-alimentos-de-quito-y-guayaquil-para-combatir-la-desnutricion-infantil-en-ecuador\/#breadcrumb"},"inLanguage":"es","potentialAction":[{"@type":"ReadAction","target":["https:\/\/www.quebakan.com\/v15\/moderna-alimentos-y-su-marca-ya-lanzan-la-campana-el-litro-invisible-en-alianza-con-los-bancos-de-alimentos-de-quito-y-guayaquil-para-combatir-la-desnutricion-infantil-en-ecuador\/"]}]},{"@type":"ImageObject","inLanguage":"es","@id":"https:\/\/www.quebakan.com\/v15\/moderna-alimentos-y-su-marca-ya-lanzan-la-campana-el-litro-invisible-en-alianza-con-los-bancos-de-alimentos-de-quito-y-guayaquil-para-combatir-la-desnutricion-infantil-en-ecuador\/#primaryimage","url":"https:\/\/www.quebakan.com\/v15\/wp-content\/uploads\/2025\/08\/Foto1_CampanaLitroInvisible_ModernaAlimentos.jpg","contentUrl":"https:\/\/www.quebakan.com\/v15\/wp-content\/uploads\/2025\/08\/Foto1_CampanaLitroInvisible_ModernaAlimentos.jpg","width":700,"height":467},{"@type":"BreadcrumbList","@id":"https:\/\/www.quebakan.com\/v15\/moderna-alimentos-y-su-marca-ya-lanzan-la-campana-el-litro-invisible-en-alianza-con-los-bancos-de-alimentos-de-quito-y-guayaquil-para-combatir-la-desnutricion-infantil-en-ecuador\/#breadcrumb","itemListElement":[{"@type":"ListItem","position":1,"name":"Portada","item":"https:\/\/www.quebakan.com\/v15\/"},{"@type":"ListItem","position":2,"name":"Moderna Alimentos y su marca YA lanzan la campa\u00f1a \u201cEl Litro Invisible\u201d en alianza con los Bancos de Alimentos de Quito y Guayaquil para combatir la desnutrici\u00f3n infantil en Ecuador"}]},{"@type":"WebSite","@id":"https:\/\/www.quebakan.com\/v15\/#website","url":"https:\/\/www.quebakan.com\/v15\/","name":"QUEBAKAN","description":"..","publisher":{"@id":"https:\/\/www.quebakan.com\/v15\/#organization"},"potentialAction":[{"@type":"SearchAction","target":{"@type":"EntryPoint","urlTemplate":"https:\/\/www.quebakan.com\/v15\/?s={search_term_string}"},"query-input":{"@type":"PropertyValueSpecification","valueRequired":true,"valueName":"search_term_string"}}],"inLanguage":"es"},{"@type":"Organization","@id":"https:\/\/www.quebakan.com\/v15\/#organization","name":"Quebakan.com","url":"https:\/\/www.quebakan.com\/v15\/","logo":{"@type":"ImageObject","inLanguage":"es","@id":"https:\/\/www.quebakan.com\/v15\/#\/schema\/logo\/image\/","url":"https:\/\/www.quebakan.com\/v15\/wp-content\/uploads\/2023\/07\/logoquebakanenero2021.jpg","contentUrl":"https:\/\/www.quebakan.com\/v15\/wp-content\/uploads\/2023\/07\/logoquebakanenero2021.jpg","width":1920,"height":1080,"caption":"Quebakan.com"},"image":{"@id":"https:\/\/www.quebakan.com\/v15\/#\/schema\/logo\/image\/"},"sameAs":["http:\/\/www.facebook.com\/quebakan","https:\/\/x.com\/quebakanec","http:\/\/www.instagram.com\/quebakan","http:\/\/www.youtube.com\/quebakan1"]},{"@type":"Person","@id":"https:\/\/www.quebakan.com\/v15\/#\/schema\/person\/d90fa9f9cfa81eb8ace9811e5b7b9118","name":"Erick Villafuerte","image":{"@type":"ImageObject","inLanguage":"es","@id":"https:\/\/www.quebakan.com\/v15\/wp-content\/uploads\/avatars\/4\/1731297654-bpfull.png","url":"https:\/\/www.quebakan.com\/v15\/wp-content\/uploads\/avatars\/4\/1731297654-bpfull.png","contentUrl":"https:\/\/www.quebakan.com\/v15\/wp-content\/uploads\/avatars\/4\/1731297654-bpfull.png","caption":"Erick Villafuerte"}}]}},"_links":{"self":[{"href":"https:\/\/www.quebakan.com\/v15\/wp-json\/wp\/v2\/posts\/134094","targetHints":{"allow":["GET"]}}],"collection":[{"href":"https:\/\/www.quebakan.com\/v15\/wp-json\/wp\/v2\/posts"}],"about":[{"href":"https:\/\/www.quebakan.com\/v15\/wp-json\/wp\/v2\/types\/post"}],"author":[{"embeddable":true,"href":"https:\/\/www.quebakan.com\/v15\/wp-json\/wp\/v2\/users\/4"}],"replies":[{"embeddable":true,"href":"https:\/\/www.quebakan.com\/v15\/wp-json\/wp\/v2\/comments?post=134094"}],"version-history":[{"count":1,"href":"https:\/\/www.quebakan.com\/v15\/wp-json\/wp\/v2\/posts\/134094\/revisions"}],"predecessor-version":[{"id":134096,"href":"https:\/\/www.quebakan.com\/v15\/wp-json\/wp\/v2\/posts\/134094\/revisions\/134096"}],"wp:featuredmedia":[{"embeddable":true,"href":"https:\/\/www.quebakan.com\/v15\/wp-json\/wp\/v2\/media\/134095"}],"wp:attachment":[{"href":"https:\/\/www.quebakan.com\/v15\/wp-json\/wp\/v2\/media?parent=134094"}],"wp:term":[{"taxonomy":"category","embeddable":true,"href":"https:\/\/www.quebakan.com\/v15\/wp-json\/wp\/v2\/categories?post=134094"},{"taxonomy":"post_tag","embeddable":true,"href":"https:\/\/www.quebakan.com\/v15\/wp-json\/wp\/v2\/tags?post=134094"}],"curies":[{"name":"wp","href":"https:\/\/api.w.org\/{rel}","templated":true}]}}