{"id":134108,"date":"2025-08-09T01:23:48","date_gmt":"2025-08-09T06:23:48","guid":{"rendered":"https:\/\/www.quebakan.com\/v15\/?p=134108"},"modified":"2025-08-09T01:23:48","modified_gmt":"2025-08-09T06:23:48","slug":"roche-ecuador-y-la-embajada-suiza-promovieron-el-i-foro-nacional-sobre-salud-visual-y-ceguera-evitable","status":"publish","type":"post","link":"https:\/\/www.quebakan.com\/v15\/roche-ecuador-y-la-embajada-suiza-promovieron-el-i-foro-nacional-sobre-salud-visual-y-ceguera-evitable\/","title":{"rendered":"Roche Ecuador y la Embajada Suiza promovieron el I Foro Nacional sobre \u201cSalud visual y ceguera evitable\u201d"},"content":{"rendered":"<ul style=\"text-align: justify;\">\n<li><span style=\"color: #000000;\"><em>Aproximadamente 60 mil personas viven con discapacidad visual severa en Ecuador y seg\u00fan la Organizaci\u00f3n Mundial de la Salud, m\u00e1s del 80 % de los casos son prevenibles. <\/em><\/span><\/li>\n<li><span style=\"color: #000000;\"><em>El encuentro resalt\u00f3 la urgencia de la creaci\u00f3n de una agenda p\u00fablica sobre Salud Visual en Ecuador ante la presencia de representantes de la empresa privada, profesionales de la salud, sociedad civil, asociaciones de pacientes, academia y entidades gubernamentales.<\/em><\/span><\/li>\n<\/ul>\n<p><img fetchpriority=\"high\" decoding=\"async\" class=\"aligncenter size-full wp-image-134109\" src=\"https:\/\/www.quebakan.com\/v15\/wp-content\/uploads\/2025\/08\/FOTO-5-SALUD-VISUAL-1.jpg\" alt=\"\" width=\"700\" height=\"467\" \/><\/p>\n<p style=\"text-align: justify;\"><span style=\"color: #000000;\"><em>En la foto, de izquierda a derecha: Rolf Hoenger, Area Head &#8211; Roche LATAM; Line Leon-Pernet, Encargada de Negocios a.i. de la Embajada de Suiza en Ecuador; Oana Matei, Gerente General de Roche Farma Ecuador; Mgtr. Ruth Lucio, Economista e Investigadora; Ana Fernanda S\u00e1nche Directora Ejecutiva &#8211; Fundaci\u00f3n Casa de la Diabetes; Dr. Patricio Flor, M\u00e9dico Retin\u00f3logo; Dr. Esteban Ortiz,M\u00e9dico Salubrista y Acad\u00e9mico; Mgtr. Jos\u00e9 Luis Jouvin, Decano Facultad de Ciencias de la Salud &#8211; Universidad Cat\u00f3lica Santiago de Guayaquil<\/em><\/span><\/p>\n<p style=\"text-align: justify;\"><span style=\"color: #000000;\"><strong>Quito, agosto del 2025<\/strong>.- Roche Ecuador, en alianza con la Embajada Suiza en Ecuador, llev\u00f3 a cabo el <strong>I Foro Nacional sobre salud visual y ceguera evitable: Ecuador mira al futuro.<\/strong> Con el objetivo de profundizar en los desaf\u00edos que enfrenta el pa\u00eds en el \u00e1rea oftalmol\u00f3gica e impulsar acciones para la prevenci\u00f3n de enfermedades visuales, el encuentro convoc\u00f3 a profesionales de la salud, instituciones p\u00fablicas y privadas, as\u00ed como comunidad acad\u00e9mica.<\/span><\/p>\n<p style=\"text-align: justify;\"><span style=\"color: #000000;\">Durante el foro, se destac\u00f3 que invertir en salud visual no solo es una decisi\u00f3n acertada a largo plazo, sino una estrategia clave para generar ahorros significativos. Un ejemplo contundente: el costo econ\u00f3mico de la ceguera por diabetes supera los 163 millones de d\u00f3lares, una carga evitable si se act\u00faa con urgencia y compromiso.<\/span><\/p>\n<p style=\"text-align: justify;\"><span style=\"color: #000000;\">En el encuentro adem\u00e1s se resalt\u00f3 que, en Ecuador, 60 mil personas viven con discapacidad visual severa y seg\u00fan la Organizaci\u00f3n Mundial de la Salud, m\u00e1s del 80 % de los casos son prevenibles. En este contexto, Oana Mar\u00eda Matei, Gerente General de Roche Pharma Ecuador, se\u00f1al\u00f3 que son n\u00fameros que no se pueden ignorar. \u201cNecesitamos tomar acci\u00f3n y conciencia con responsabilidad. Este foro naci\u00f3 como un punto de partida para priorizar la salud visual, y estamos convencidos que esto es un trabajo colaborativo, intersectorial y multidisciplinario, donde necesitamos de los profesionales de la salud, academia, organizaciones de pacientes, autoridades y medios de comunicaci\u00f3n, porque solo as\u00ed podremos avanzar en la creaci\u00f3n de una agenda p\u00fablica de salud visual en el pa\u00eds\u201d.<\/span><\/p>\n<p><img decoding=\"async\" class=\"aligncenter size-full wp-image-134110\" src=\"https:\/\/www.quebakan.com\/v15\/wp-content\/uploads\/2025\/08\/FOTO-4-SALUD-VISUAL.jpg\" alt=\"\" width=\"700\" height=\"467\" \/><\/p>\n<p style=\"text-align: justify;\"><span style=\"color: #000000;\"><em>En la foto, de izquierda a derecha:\u00a0 Rolf Hoenger, Area Head &#8211; Roche LATAM; Oana Matei, Gerente General de Roche Farma Ecuador; Sebasti\u00e1n Palacios, Policy &amp; Advocacy Director, Roche Pharma Ecuador.<\/em><\/span><\/p>\n<p style=\"text-align: justify;\"><span style=\"color: #000000;\">En el espacio adem\u00e1s se destac\u00f3 la importancia de la industria farmac\u00e9utica en cuanto a su aporte a nivel de datos, evidencia e innovaci\u00f3n, factores que en el caso de Roche constituyen fortalezas importantes que est\u00e1n a disposici\u00f3n de la comunidad, sobre todo de quienes m\u00e1s lo necesitan. En este sentido, Oana enfatiz\u00f3 que la innovar va m\u00e1s all\u00e1 de la incorporaci\u00f3n de nuevas tecnolog\u00edas, sino tambi\u00e9n invertir en prevenci\u00f3n, diagn\u00f3stico temprano y acceso a soluciones eficientes.<\/span><\/p>\n<p style=\"text-align: justify;\"><span style=\"color: #000000;\">En este contexto, tambi\u00e9n se resalt\u00f3 la importancia de trabajar en grupos vulnerables como los pacientes con diabetes, ya que, seg\u00fan el estudio STEPS 2018 del Ministerio de Salud P\u00fablica del Ecuador (MSP) y el an\u00e1lisis de Lucio, Ter\u00e1n y Luque (2023), uno de los factores m\u00e1s cr\u00edticos asociados a la p\u00e9rdida visual es la diabetes mellitus tipo 2, que afecta al 7,1% de la poblaci\u00f3n ecuatoriana. Entre ellos, el 34,6% desarrolla retinopat\u00eda diab\u00e9tica, una condici\u00f3n que puede llevar a la ceguera. Hoy, m\u00e1s de 4.500 ecuatorianos han perdido la visi\u00f3n de forma irreversible. En Ecuador, m\u00e1s de 180 mil personas con diabetes, tienen retinopat\u00eda diab\u00e9tica. Adem\u00e1s, se indic\u00f3 que 20 personas al d\u00eda son diagnosticadas con alg\u00fan tipo de ceguera prevenible.<\/span><\/p>\n<p style=\"text-align: justify;\"><span style=\"color: #000000;\">En esta l\u00ednea, seg\u00fan el an\u00e1lisis de Lucio, Ter\u00e1n y Luque (2023), en el pa\u00eds, tratar la ceguera causada por retinopat\u00eda diab\u00e9tica y edema macular diab\u00e9tico le cuesta al Estado cerca de USD 259,7 millones al a\u00f1o. Sin embargo, si se implementaran medidas de prevenci\u00f3n, la inversi\u00f3n ser\u00eda de USD 108,5 millones, lo que permitir\u00eda un ahorro anual de aproximadamente USD 151,2 millones. A nivel individual, prevenir cuesta unos USD 1.809 al a\u00f1o, mientras que atender a una persona con ceguera puede llegar a los USD 57.570 anuales.<\/span><\/p>\n<p style=\"text-align: justify;\"><span style=\"color: #000000;\">El foro concluy\u00f3 con un llamado a la acci\u00f3n para establecer mesas t\u00e9cnicas multisectoriales, por ejemplo, para fomentar y fortalecer programas de educaci\u00f3n sobre salud visual y diabetes desde la infancia. Adem\u00e1s, de invertir en tecnolog\u00edas de diagn\u00f3stico y terapias innovadoras, e impulsar pol\u00edticas p\u00fablicas sostenibles que garanticen acceso equitativo a la atenci\u00f3n visual.<\/span><\/p>\n","protected":false},"excerpt":{"rendered":"<p>Aproximadamente 60 mil personas viven con discapacidad visual severa en Ecuador y seg\u00fan la Organizaci\u00f3n Mundial de la Salud, m\u00e1s del 80 % de los casos son prevenibles. El encuentro resalt\u00f3 la urgencia de la creaci\u00f3n de una agenda p\u00fablica sobre Salud Visual en Ecuador ante la presencia de representantes de la empresa privada, profesionales [&hellip;]<\/p>\n","protected":false},"author":4,"featured_media":134109,"comment_status":"closed","ping_status":"closed","sticky":false,"template":"","format":"standard","meta":{"_bbp_topic_count":0,"_bbp_reply_count":0,"_bbp_total_topic_count":0,"_bbp_total_reply_count":0,"_bbp_voice_count":0,"_bbp_anonymous_reply_count":0,"_bbp_topic_count_hidden":0,"_bbp_reply_count_hidden":0,"_bbp_forum_subforum_count":0,"buzzeditor_post_format":"","footnotes":""},"categories":[2],"tags":[],"class_list":["post-134108","post","type-post","status-publish","format-standard","has-post-thumbnail","hentry","category-noticias"],"yoast_head":"<!-- This site is optimized with the Yoast SEO plugin v27.5 - https:\/\/yoast.com\/product\/yoast-seo-wordpress\/ -->\n<title>Roche Ecuador y la Embajada Suiza promovieron el I Foro Nacional sobre \u201cSalud visual y ceguera evitable\u201d &#8211; QUEBAKAN.COM 2026: Noticias, Eventos, Conciertos y mucho m\u00e1s....<\/title>\n<meta name=\"robots\" content=\"index, follow, max-snippet:-1, max-image-preview:large, max-video-preview:-1\" \/>\n<link rel=\"canonical\" href=\"https:\/\/www.quebakan.com\/v15\/roche-ecuador-y-la-embajada-suiza-promovieron-el-i-foro-nacional-sobre-salud-visual-y-ceguera-evitable\/\" \/>\n<meta property=\"og:locale\" content=\"es_ES\" \/>\n<meta property=\"og:type\" content=\"article\" \/>\n<meta property=\"og:title\" content=\"Roche Ecuador y la Embajada Suiza promovieron el I Foro Nacional sobre \u201cSalud visual y ceguera evitable\u201d &#8211; QUEBAKAN.COM 2026: Noticias, Eventos, Conciertos y mucho m\u00e1s....\" \/>\n<meta property=\"og:description\" content=\"Aproximadamente 60 mil personas viven con discapacidad visual severa en Ecuador y seg\u00fan la Organizaci\u00f3n Mundial de la Salud, m\u00e1s del 80 % de los casos son prevenibles. El encuentro resalt\u00f3 la urgencia de la creaci\u00f3n de una agenda p\u00fablica sobre Salud Visual en Ecuador ante la presencia de representantes de la empresa privada, profesionales [&hellip;]\" \/>\n<meta property=\"og:url\" content=\"https:\/\/www.quebakan.com\/v15\/roche-ecuador-y-la-embajada-suiza-promovieron-el-i-foro-nacional-sobre-salud-visual-y-ceguera-evitable\/\" \/>\n<meta property=\"og:site_name\" content=\"QUEBAKAN.COM 2026: Noticias, Eventos, Conciertos y mucho m\u00e1s....\" \/>\n<meta property=\"article:publisher\" content=\"http:\/\/www.facebook.com\/quebakan\" \/>\n<meta property=\"article:published_time\" content=\"2025-08-09T06:23:48+00:00\" \/>\n<meta property=\"og:image\" content=\"https:\/\/www.quebakan.com\/v15\/wp-content\/uploads\/2025\/08\/FOTO-5-SALUD-VISUAL-1.jpg\" \/>\n\t<meta property=\"og:image:width\" content=\"700\" \/>\n\t<meta property=\"og:image:height\" content=\"467\" \/>\n\t<meta property=\"og:image:type\" content=\"image\/jpeg\" \/>\n<meta name=\"author\" content=\"Erick Villafuerte\" \/>\n<meta name=\"twitter:card\" content=\"summary_large_image\" \/>\n<meta name=\"twitter:creator\" content=\"@quebakanec\" \/>\n<meta name=\"twitter:site\" content=\"@quebakanec\" \/>\n<meta name=\"twitter:label1\" content=\"Escrito por\" \/>\n\t<meta name=\"twitter:data1\" content=\"Erick Villafuerte\" \/>\n\t<meta name=\"twitter:label2\" content=\"Tiempo de lectura\" \/>\n\t<meta name=\"twitter:data2\" content=\"5 minutos\" \/>\n<script type=\"application\/ld+json\" class=\"yoast-schema-graph\">{\"@context\":\"https:\\\/\\\/schema.org\",\"@graph\":[{\"@type\":\"Article\",\"@id\":\"https:\\\/\\\/www.quebakan.com\\\/v15\\\/roche-ecuador-y-la-embajada-suiza-promovieron-el-i-foro-nacional-sobre-salud-visual-y-ceguera-evitable\\\/#article\",\"isPartOf\":{\"@id\":\"https:\\\/\\\/www.quebakan.com\\\/v15\\\/roche-ecuador-y-la-embajada-suiza-promovieron-el-i-foro-nacional-sobre-salud-visual-y-ceguera-evitable\\\/\"},\"author\":{\"name\":\"Erick Villafuerte\",\"@id\":\"https:\\\/\\\/www.quebakan.com\\\/v15\\\/#\\\/schema\\\/person\\\/d90fa9f9cfa81eb8ace9811e5b7b9118\"},\"headline\":\"Roche Ecuador y la Embajada Suiza promovieron el I Foro Nacional sobre \u201cSalud visual y ceguera evitable\u201d\",\"datePublished\":\"2025-08-09T06:23:48+00:00\",\"mainEntityOfPage\":{\"@id\":\"https:\\\/\\\/www.quebakan.com\\\/v15\\\/roche-ecuador-y-la-embajada-suiza-promovieron-el-i-foro-nacional-sobre-salud-visual-y-ceguera-evitable\\\/\"},\"wordCount\":855,\"publisher\":{\"@id\":\"https:\\\/\\\/www.quebakan.com\\\/v15\\\/#organization\"},\"image\":{\"@id\":\"https:\\\/\\\/www.quebakan.com\\\/v15\\\/roche-ecuador-y-la-embajada-suiza-promovieron-el-i-foro-nacional-sobre-salud-visual-y-ceguera-evitable\\\/#primaryimage\"},\"thumbnailUrl\":\"https:\\\/\\\/www.quebakan.com\\\/v15\\\/wp-content\\\/uploads\\\/2025\\\/08\\\/FOTO-5-SALUD-VISUAL-1.jpg\",\"articleSection\":[\"Noticias\"],\"inLanguage\":\"es\"},{\"@type\":\"WebPage\",\"@id\":\"https:\\\/\\\/www.quebakan.com\\\/v15\\\/roche-ecuador-y-la-embajada-suiza-promovieron-el-i-foro-nacional-sobre-salud-visual-y-ceguera-evitable\\\/\",\"url\":\"https:\\\/\\\/www.quebakan.com\\\/v15\\\/roche-ecuador-y-la-embajada-suiza-promovieron-el-i-foro-nacional-sobre-salud-visual-y-ceguera-evitable\\\/\",\"name\":\"Roche Ecuador y la Embajada Suiza promovieron el I Foro Nacional sobre \u201cSalud visual y ceguera evitable\u201d &#8211; QUEBAKAN.COM 2026: Noticias, Eventos, Conciertos y mucho m\u00e1s....\",\"isPartOf\":{\"@id\":\"https:\\\/\\\/www.quebakan.com\\\/v15\\\/#website\"},\"primaryImageOfPage\":{\"@id\":\"https:\\\/\\\/www.quebakan.com\\\/v15\\\/roche-ecuador-y-la-embajada-suiza-promovieron-el-i-foro-nacional-sobre-salud-visual-y-ceguera-evitable\\\/#primaryimage\"},\"image\":{\"@id\":\"https:\\\/\\\/www.quebakan.com\\\/v15\\\/roche-ecuador-y-la-embajada-suiza-promovieron-el-i-foro-nacional-sobre-salud-visual-y-ceguera-evitable\\\/#primaryimage\"},\"thumbnailUrl\":\"https:\\\/\\\/www.quebakan.com\\\/v15\\\/wp-content\\\/uploads\\\/2025\\\/08\\\/FOTO-5-SALUD-VISUAL-1.jpg\",\"datePublished\":\"2025-08-09T06:23:48+00:00\",\"breadcrumb\":{\"@id\":\"https:\\\/\\\/www.quebakan.com\\\/v15\\\/roche-ecuador-y-la-embajada-suiza-promovieron-el-i-foro-nacional-sobre-salud-visual-y-ceguera-evitable\\\/#breadcrumb\"},\"inLanguage\":\"es\",\"potentialAction\":[{\"@type\":\"ReadAction\",\"target\":[\"https:\\\/\\\/www.quebakan.com\\\/v15\\\/roche-ecuador-y-la-embajada-suiza-promovieron-el-i-foro-nacional-sobre-salud-visual-y-ceguera-evitable\\\/\"]}]},{\"@type\":\"ImageObject\",\"inLanguage\":\"es\",\"@id\":\"https:\\\/\\\/www.quebakan.com\\\/v15\\\/roche-ecuador-y-la-embajada-suiza-promovieron-el-i-foro-nacional-sobre-salud-visual-y-ceguera-evitable\\\/#primaryimage\",\"url\":\"https:\\\/\\\/www.quebakan.com\\\/v15\\\/wp-content\\\/uploads\\\/2025\\\/08\\\/FOTO-5-SALUD-VISUAL-1.jpg\",\"contentUrl\":\"https:\\\/\\\/www.quebakan.com\\\/v15\\\/wp-content\\\/uploads\\\/2025\\\/08\\\/FOTO-5-SALUD-VISUAL-1.jpg\",\"width\":700,\"height\":467},{\"@type\":\"BreadcrumbList\",\"@id\":\"https:\\\/\\\/www.quebakan.com\\\/v15\\\/roche-ecuador-y-la-embajada-suiza-promovieron-el-i-foro-nacional-sobre-salud-visual-y-ceguera-evitable\\\/#breadcrumb\",\"itemListElement\":[{\"@type\":\"ListItem\",\"position\":1,\"name\":\"Portada\",\"item\":\"https:\\\/\\\/www.quebakan.com\\\/v15\\\/\"},{\"@type\":\"ListItem\",\"position\":2,\"name\":\"Roche Ecuador y la Embajada Suiza promovieron el I Foro Nacional sobre \u201cSalud visual y ceguera evitable\u201d\"}]},{\"@type\":\"WebSite\",\"@id\":\"https:\\\/\\\/www.quebakan.com\\\/v15\\\/#website\",\"url\":\"https:\\\/\\\/www.quebakan.com\\\/v15\\\/\",\"name\":\"QUEBAKAN\",\"description\":\"..\",\"publisher\":{\"@id\":\"https:\\\/\\\/www.quebakan.com\\\/v15\\\/#organization\"},\"potentialAction\":[{\"@type\":\"SearchAction\",\"target\":{\"@type\":\"EntryPoint\",\"urlTemplate\":\"https:\\\/\\\/www.quebakan.com\\\/v15\\\/?s={search_term_string}\"},\"query-input\":{\"@type\":\"PropertyValueSpecification\",\"valueRequired\":true,\"valueName\":\"search_term_string\"}}],\"inLanguage\":\"es\"},{\"@type\":\"Organization\",\"@id\":\"https:\\\/\\\/www.quebakan.com\\\/v15\\\/#organization\",\"name\":\"Quebakan.com\",\"url\":\"https:\\\/\\\/www.quebakan.com\\\/v15\\\/\",\"logo\":{\"@type\":\"ImageObject\",\"inLanguage\":\"es\",\"@id\":\"https:\\\/\\\/www.quebakan.com\\\/v15\\\/#\\\/schema\\\/logo\\\/image\\\/\",\"url\":\"https:\\\/\\\/www.quebakan.com\\\/v15\\\/wp-content\\\/uploads\\\/2023\\\/07\\\/logoquebakanenero2021.jpg\",\"contentUrl\":\"https:\\\/\\\/www.quebakan.com\\\/v15\\\/wp-content\\\/uploads\\\/2023\\\/07\\\/logoquebakanenero2021.jpg\",\"width\":1920,\"height\":1080,\"caption\":\"Quebakan.com\"},\"image\":{\"@id\":\"https:\\\/\\\/www.quebakan.com\\\/v15\\\/#\\\/schema\\\/logo\\\/image\\\/\"},\"sameAs\":[\"http:\\\/\\\/www.facebook.com\\\/quebakan\",\"https:\\\/\\\/x.com\\\/quebakanec\",\"http:\\\/\\\/www.instagram.com\\\/quebakan\",\"http:\\\/\\\/www.youtube.com\\\/quebakan1\"]},{\"@type\":\"Person\",\"@id\":\"https:\\\/\\\/www.quebakan.com\\\/v15\\\/#\\\/schema\\\/person\\\/d90fa9f9cfa81eb8ace9811e5b7b9118\",\"name\":\"Erick Villafuerte\",\"image\":{\"@type\":\"ImageObject\",\"inLanguage\":\"es\",\"@id\":\"https:\\\/\\\/www.quebakan.com\\\/v15\\\/wp-content\\\/uploads\\\/avatars\\\/4\\\/1731297654-bpfull.png\",\"url\":\"https:\\\/\\\/www.quebakan.com\\\/v15\\\/wp-content\\\/uploads\\\/avatars\\\/4\\\/1731297654-bpfull.png\",\"contentUrl\":\"https:\\\/\\\/www.quebakan.com\\\/v15\\\/wp-content\\\/uploads\\\/avatars\\\/4\\\/1731297654-bpfull.png\",\"caption\":\"Erick Villafuerte\"}}]}<\/script>\n<!-- \/ Yoast SEO plugin. -->","yoast_head_json":{"title":"Roche Ecuador y la Embajada Suiza promovieron el I Foro Nacional sobre \u201cSalud visual y ceguera evitable\u201d &#8211; QUEBAKAN.COM 2026: Noticias, Eventos, Conciertos y mucho m\u00e1s....","robots":{"index":"index","follow":"follow","max-snippet":"max-snippet:-1","max-image-preview":"max-image-preview:large","max-video-preview":"max-video-preview:-1"},"canonical":"https:\/\/www.quebakan.com\/v15\/roche-ecuador-y-la-embajada-suiza-promovieron-el-i-foro-nacional-sobre-salud-visual-y-ceguera-evitable\/","og_locale":"es_ES","og_type":"article","og_title":"Roche Ecuador y la Embajada Suiza promovieron el I Foro Nacional sobre \u201cSalud visual y ceguera evitable\u201d &#8211; QUEBAKAN.COM 2026: Noticias, Eventos, Conciertos y mucho m\u00e1s....","og_description":"Aproximadamente 60 mil personas viven con discapacidad visual severa en Ecuador y seg\u00fan la Organizaci\u00f3n Mundial de la Salud, m\u00e1s del 80 % de los casos son prevenibles. El encuentro resalt\u00f3 la urgencia de la creaci\u00f3n de una agenda p\u00fablica sobre Salud Visual en Ecuador ante la presencia de representantes de la empresa privada, profesionales [&hellip;]","og_url":"https:\/\/www.quebakan.com\/v15\/roche-ecuador-y-la-embajada-suiza-promovieron-el-i-foro-nacional-sobre-salud-visual-y-ceguera-evitable\/","og_site_name":"QUEBAKAN.COM 2026: Noticias, Eventos, Conciertos y mucho m\u00e1s....","article_publisher":"http:\/\/www.facebook.com\/quebakan","article_published_time":"2025-08-09T06:23:48+00:00","og_image":[{"width":700,"height":467,"url":"https:\/\/www.quebakan.com\/v15\/wp-content\/uploads\/2025\/08\/FOTO-5-SALUD-VISUAL-1.jpg","type":"image\/jpeg"}],"author":"Erick Villafuerte","twitter_card":"summary_large_image","twitter_creator":"@quebakanec","twitter_site":"@quebakanec","twitter_misc":{"Escrito por":"Erick Villafuerte","Tiempo de lectura":"5 minutos"},"schema":{"@context":"https:\/\/schema.org","@graph":[{"@type":"Article","@id":"https:\/\/www.quebakan.com\/v15\/roche-ecuador-y-la-embajada-suiza-promovieron-el-i-foro-nacional-sobre-salud-visual-y-ceguera-evitable\/#article","isPartOf":{"@id":"https:\/\/www.quebakan.com\/v15\/roche-ecuador-y-la-embajada-suiza-promovieron-el-i-foro-nacional-sobre-salud-visual-y-ceguera-evitable\/"},"author":{"name":"Erick Villafuerte","@id":"https:\/\/www.quebakan.com\/v15\/#\/schema\/person\/d90fa9f9cfa81eb8ace9811e5b7b9118"},"headline":"Roche Ecuador y la Embajada Suiza promovieron el I Foro Nacional sobre \u201cSalud visual y ceguera evitable\u201d","datePublished":"2025-08-09T06:23:48+00:00","mainEntityOfPage":{"@id":"https:\/\/www.quebakan.com\/v15\/roche-ecuador-y-la-embajada-suiza-promovieron-el-i-foro-nacional-sobre-salud-visual-y-ceguera-evitable\/"},"wordCount":855,"publisher":{"@id":"https:\/\/www.quebakan.com\/v15\/#organization"},"image":{"@id":"https:\/\/www.quebakan.com\/v15\/roche-ecuador-y-la-embajada-suiza-promovieron-el-i-foro-nacional-sobre-salud-visual-y-ceguera-evitable\/#primaryimage"},"thumbnailUrl":"https:\/\/www.quebakan.com\/v15\/wp-content\/uploads\/2025\/08\/FOTO-5-SALUD-VISUAL-1.jpg","articleSection":["Noticias"],"inLanguage":"es"},{"@type":"WebPage","@id":"https:\/\/www.quebakan.com\/v15\/roche-ecuador-y-la-embajada-suiza-promovieron-el-i-foro-nacional-sobre-salud-visual-y-ceguera-evitable\/","url":"https:\/\/www.quebakan.com\/v15\/roche-ecuador-y-la-embajada-suiza-promovieron-el-i-foro-nacional-sobre-salud-visual-y-ceguera-evitable\/","name":"Roche Ecuador y la Embajada Suiza promovieron el I Foro Nacional sobre \u201cSalud visual y ceguera evitable\u201d &#8211; QUEBAKAN.COM 2026: Noticias, Eventos, Conciertos y mucho m\u00e1s....","isPartOf":{"@id":"https:\/\/www.quebakan.com\/v15\/#website"},"primaryImageOfPage":{"@id":"https:\/\/www.quebakan.com\/v15\/roche-ecuador-y-la-embajada-suiza-promovieron-el-i-foro-nacional-sobre-salud-visual-y-ceguera-evitable\/#primaryimage"},"image":{"@id":"https:\/\/www.quebakan.com\/v15\/roche-ecuador-y-la-embajada-suiza-promovieron-el-i-foro-nacional-sobre-salud-visual-y-ceguera-evitable\/#primaryimage"},"thumbnailUrl":"https:\/\/www.quebakan.com\/v15\/wp-content\/uploads\/2025\/08\/FOTO-5-SALUD-VISUAL-1.jpg","datePublished":"2025-08-09T06:23:48+00:00","breadcrumb":{"@id":"https:\/\/www.quebakan.com\/v15\/roche-ecuador-y-la-embajada-suiza-promovieron-el-i-foro-nacional-sobre-salud-visual-y-ceguera-evitable\/#breadcrumb"},"inLanguage":"es","potentialAction":[{"@type":"ReadAction","target":["https:\/\/www.quebakan.com\/v15\/roche-ecuador-y-la-embajada-suiza-promovieron-el-i-foro-nacional-sobre-salud-visual-y-ceguera-evitable\/"]}]},{"@type":"ImageObject","inLanguage":"es","@id":"https:\/\/www.quebakan.com\/v15\/roche-ecuador-y-la-embajada-suiza-promovieron-el-i-foro-nacional-sobre-salud-visual-y-ceguera-evitable\/#primaryimage","url":"https:\/\/www.quebakan.com\/v15\/wp-content\/uploads\/2025\/08\/FOTO-5-SALUD-VISUAL-1.jpg","contentUrl":"https:\/\/www.quebakan.com\/v15\/wp-content\/uploads\/2025\/08\/FOTO-5-SALUD-VISUAL-1.jpg","width":700,"height":467},{"@type":"BreadcrumbList","@id":"https:\/\/www.quebakan.com\/v15\/roche-ecuador-y-la-embajada-suiza-promovieron-el-i-foro-nacional-sobre-salud-visual-y-ceguera-evitable\/#breadcrumb","itemListElement":[{"@type":"ListItem","position":1,"name":"Portada","item":"https:\/\/www.quebakan.com\/v15\/"},{"@type":"ListItem","position":2,"name":"Roche Ecuador y la Embajada Suiza promovieron el I Foro Nacional sobre \u201cSalud visual y ceguera evitable\u201d"}]},{"@type":"WebSite","@id":"https:\/\/www.quebakan.com\/v15\/#website","url":"https:\/\/www.quebakan.com\/v15\/","name":"QUEBAKAN","description":"..","publisher":{"@id":"https:\/\/www.quebakan.com\/v15\/#organization"},"potentialAction":[{"@type":"SearchAction","target":{"@type":"EntryPoint","urlTemplate":"https:\/\/www.quebakan.com\/v15\/?s={search_term_string}"},"query-input":{"@type":"PropertyValueSpecification","valueRequired":true,"valueName":"search_term_string"}}],"inLanguage":"es"},{"@type":"Organization","@id":"https:\/\/www.quebakan.com\/v15\/#organization","name":"Quebakan.com","url":"https:\/\/www.quebakan.com\/v15\/","logo":{"@type":"ImageObject","inLanguage":"es","@id":"https:\/\/www.quebakan.com\/v15\/#\/schema\/logo\/image\/","url":"https:\/\/www.quebakan.com\/v15\/wp-content\/uploads\/2023\/07\/logoquebakanenero2021.jpg","contentUrl":"https:\/\/www.quebakan.com\/v15\/wp-content\/uploads\/2023\/07\/logoquebakanenero2021.jpg","width":1920,"height":1080,"caption":"Quebakan.com"},"image":{"@id":"https:\/\/www.quebakan.com\/v15\/#\/schema\/logo\/image\/"},"sameAs":["http:\/\/www.facebook.com\/quebakan","https:\/\/x.com\/quebakanec","http:\/\/www.instagram.com\/quebakan","http:\/\/www.youtube.com\/quebakan1"]},{"@type":"Person","@id":"https:\/\/www.quebakan.com\/v15\/#\/schema\/person\/d90fa9f9cfa81eb8ace9811e5b7b9118","name":"Erick Villafuerte","image":{"@type":"ImageObject","inLanguage":"es","@id":"https:\/\/www.quebakan.com\/v15\/wp-content\/uploads\/avatars\/4\/1731297654-bpfull.png","url":"https:\/\/www.quebakan.com\/v15\/wp-content\/uploads\/avatars\/4\/1731297654-bpfull.png","contentUrl":"https:\/\/www.quebakan.com\/v15\/wp-content\/uploads\/avatars\/4\/1731297654-bpfull.png","caption":"Erick Villafuerte"}}]}},"_links":{"self":[{"href":"https:\/\/www.quebakan.com\/v15\/wp-json\/wp\/v2\/posts\/134108","targetHints":{"allow":["GET"]}}],"collection":[{"href":"https:\/\/www.quebakan.com\/v15\/wp-json\/wp\/v2\/posts"}],"about":[{"href":"https:\/\/www.quebakan.com\/v15\/wp-json\/wp\/v2\/types\/post"}],"author":[{"embeddable":true,"href":"https:\/\/www.quebakan.com\/v15\/wp-json\/wp\/v2\/users\/4"}],"replies":[{"embeddable":true,"href":"https:\/\/www.quebakan.com\/v15\/wp-json\/wp\/v2\/comments?post=134108"}],"version-history":[{"count":1,"href":"https:\/\/www.quebakan.com\/v15\/wp-json\/wp\/v2\/posts\/134108\/revisions"}],"predecessor-version":[{"id":134111,"href":"https:\/\/www.quebakan.com\/v15\/wp-json\/wp\/v2\/posts\/134108\/revisions\/134111"}],"wp:featuredmedia":[{"embeddable":true,"href":"https:\/\/www.quebakan.com\/v15\/wp-json\/wp\/v2\/media\/134109"}],"wp:attachment":[{"href":"https:\/\/www.quebakan.com\/v15\/wp-json\/wp\/v2\/media?parent=134108"}],"wp:term":[{"taxonomy":"category","embeddable":true,"href":"https:\/\/www.quebakan.com\/v15\/wp-json\/wp\/v2\/categories?post=134108"},{"taxonomy":"post_tag","embeddable":true,"href":"https:\/\/www.quebakan.com\/v15\/wp-json\/wp\/v2\/tags?post=134108"}],"curies":[{"name":"wp","href":"https:\/\/api.w.org\/{rel}","templated":true}]}}