{"id":134118,"date":"2025-08-09T14:48:15","date_gmt":"2025-08-09T19:48:15","guid":{"rendered":"https:\/\/www.quebakan.com\/v15\/?p=134118"},"modified":"2025-08-09T14:48:15","modified_gmt":"2025-08-09T19:48:15","slug":"infinix-se-prepara-para-lanzar-el-smartphone-mas-revolucionario-de-la-decada-hot-60-pro-un-diseno-ultra-delgado-que-rompera-records-mundiales","status":"publish","type":"post","link":"https:\/\/www.quebakan.com\/v15\/infinix-se-prepara-para-lanzar-el-smartphone-mas-revolucionario-de-la-decada-hot-60-pro-un-diseno-ultra-delgado-que-rompera-records-mundiales\/","title":{"rendered":"Infinix se prepara para lanzar el smartphone m\u00e1s revolucionario de la d\u00e9cada HOT 60 Pro+: Un dise\u00f1o ultra delgado que romper\u00e1 r\u00e9cords mundiales"},"content":{"rendered":"<p><img fetchpriority=\"high\" decoding=\"async\" class=\"aligncenter size-full wp-image-134119\" src=\"https:\/\/www.quebakan.com\/v15\/wp-content\/uploads\/2025\/08\/i1.jpg\" alt=\"\" width=\"700\" height=\"394\" \/><\/p>\n<p style=\"text-align: justify;\"><span style=\"color: #000000;\"><strong>Quito, 08 de agosto de 2025.- Infinix<\/strong> est\u00e1 a punto de hacer historia en la industria m\u00f3vil con el pr\u00f3ximo lanzamiento de su serie HOT 60, encabezada por el revolucionario <strong>HOT 60 Pro+ <\/strong>\u2014 un dispositivo que redefinir\u00e1 por completo los est\u00e1ndares de dise\u00f1o ultra delgado en smartphones.<\/span><\/p>\n<p style=\"text-align: justify;\"><strong><span style=\"color: #000000;\"><u>Un r\u00e9cord mundial en camino<\/u><\/span><\/strong><\/p>\n<p style=\"text-align: justify;\"><span style=\"color: #000000;\">Fuentes cercanas a la compa\u00f1\u00eda confirman que el HOT 60 Pro+ establecer\u00e1 un nuevo r\u00e9cord como el <strong>smartphone m\u00e1s delgado del mundo con pantalla curva 3D<\/strong>, con especificaciones que superar\u00e1n todas las expectativas del mercado actual.<\/span><\/p>\n<p style=\"text-align: justify;\"><span style=\"color: #000000;\">\u201cEstamos por presenciar un momento hist\u00f3rico en la evoluci\u00f3n de los smartphones\u201d, revel\u00f3 un vocero de Infinix. \u201cEl HOT 60 Pro+ no solo ser\u00e1 incre\u00edblemente delgado \u2014 mantendr\u00e1 todas las caracter\u00edsticas premium que los usuarios exigen.\u201d<\/span><\/p>\n<p style=\"text-align: justify;\"><strong><span style=\"color: #000000;\"><u>Innovaci\u00f3n sin precedentes<\/u><\/span><\/strong><\/p>\n<p style=\"text-align: justify;\"><span style=\"color: #000000;\">El dispositivo incorporar\u00e1 tecnolog\u00edas completamente nuevas, incluyendo:<\/span><\/p>\n<ul style=\"text-align: justify;\">\n<li><span style=\"color: #000000;\"><strong>Ingenier\u00eda patentada ultra delgada<\/strong>, que rompe l\u00edmites estructurales tradicionales para lograr un dise\u00f1o de <strong>95 mm <\/strong>con pantalla curva 3D para una experiencia elegante y ergon\u00f3mica.<\/span><\/li>\n<li><span style=\"color: #000000;\"><strong>Procesador MediaTek Helio G200<\/strong>, con rendimiento optimizado para velocidad y multitarea, respaldado por la certificaci\u00f3n T\u00dcV Fluency de 5 a\u00f1os para fluidez<\/span><\/li>\n<li><span style=\"color: #000000;\"><strong>Pantalla AMOLED 5K <\/strong>con tasa de refresco de <strong>144Hz<\/strong>, protegida por <strong>Corning\u00ae Gorilla\u00ae Glass 7i<\/strong>, que ofrece resistencia y brillo visual excepcionales.<\/span><\/li>\n<li><span style=\"color: #000000;\"><strong>Bater\u00eda de 5160mAh <\/strong>con carga r\u00e1pida de <strong>45W<\/strong>: dise\u00f1o ultradelgado sin sacrificar potencia. Densidad energ\u00e9tica l\u00edder en la industria.<\/span><\/li>\n<li><span style=\"color: #000000;\"><strong>Sistema de enfriamiento revolucionario <\/strong>con materiales t\u00e9rmicos avanzados, manteniendo alto rendimiento incluso con uso intensivo.<\/span><\/li>\n<li><span style=\"color: #000000;\"><strong>Sensor SONY de 50MP con procesamiento AI RAW<\/strong>, para fotograf\u00edas n\u00edtidas y realistas en cualquier condici\u00f3n.<\/span><\/li>\n<\/ul>\n<p style=\"text-align: justify;\"><span style=\"color: #000000;\">El HOT 60 Pro+ no es solo delgado \u2014 es <strong>audaz, resistente y listo para lo que venga<\/strong>. Un nuevo referente en dise\u00f1o m\u00f3vil donde la elegancia se une con el poder.<\/span><\/p>\n<p style=\"text-align: justify;\"><strong><span style=\"color: #000000;\"><u>Un dise\u00f1o que cautiva<\/u><\/span><\/strong><\/p>\n<p style=\"text-align: justify;\"><span style=\"color: #000000;\">La serie HOT 60 llegar\u00e1 en m\u00e1s de <strong>10 colores din\u00e1micos <\/strong>inspirados en la naturaleza, incluyendo el llamativo \u201c<strong>Coral Tides<\/strong>\u201d con degradado rojo-azul. Una edici\u00f3n especial ofrecer\u00e1 texturas perfumadas para una experiencia multisensorial \u00fanica.<\/span><\/p>\n<p style=\"text-align: justify;\"><strong><span style=\"color: #000000;\"><u>Tecnolog\u00eda de vanguardia<\/u><\/span><\/strong><\/p>\n<p style=\"text-align: justify;\"><span style=\"color: #000000;\">El HOT 60 Pro+ estrenar\u00e1 el nuevo chip MediaTek Helio G200, con optimizaciones exclusivas de Infinix para rendimiento veloz y fluidez duradera. Tambi\u00e9n contar\u00e1 con <strong>Folax<\/strong>, el asistente de inteligencia artificial multiplataforma de Infinix, accesible mediante una tecla dedicada.<\/span><\/p>\n<p><img decoding=\"async\" class=\"aligncenter size-full wp-image-134120\" src=\"https:\/\/www.quebakan.com\/v15\/wp-content\/uploads\/2025\/08\/i2.jpg\" alt=\"\" width=\"700\" height=\"525\" \/><\/p>\n","protected":false},"excerpt":{"rendered":"<p>Quito, 08 de agosto de 2025.- Infinix est\u00e1 a punto de hacer historia en la industria m\u00f3vil con el pr\u00f3ximo lanzamiento de su serie HOT 60, encabezada por el revolucionario HOT 60 Pro+ \u2014 un dispositivo que redefinir\u00e1 por completo los est\u00e1ndares de dise\u00f1o ultra delgado en smartphones. Un r\u00e9cord mundial en camino Fuentes cercanas [&hellip;]<\/p>\n","protected":false},"author":4,"featured_media":134119,"comment_status":"closed","ping_status":"closed","sticky":false,"template":"","format":"standard","meta":{"_bbp_topic_count":0,"_bbp_reply_count":0,"_bbp_total_topic_count":0,"_bbp_total_reply_count":0,"_bbp_voice_count":0,"_bbp_anonymous_reply_count":0,"_bbp_topic_count_hidden":0,"_bbp_reply_count_hidden":0,"_bbp_forum_subforum_count":0,"buzzeditor_post_format":"","footnotes":""},"categories":[2],"tags":[],"class_list":["post-134118","post","type-post","status-publish","format-standard","has-post-thumbnail","hentry","category-noticias"],"yoast_head":"<!-- This site is optimized with the Yoast SEO plugin v27.5 - https:\/\/yoast.com\/product\/yoast-seo-wordpress\/ -->\n<title>Infinix se prepara para lanzar el smartphone m\u00e1s revolucionario de la d\u00e9cada HOT 60 Pro+: Un dise\u00f1o ultra delgado que romper\u00e1 r\u00e9cords mundiales &#8211; QUEBAKAN.COM 2026: Noticias, Eventos, Conciertos y mucho m\u00e1s....<\/title>\n<meta name=\"robots\" content=\"index, follow, max-snippet:-1, max-image-preview:large, max-video-preview:-1\" \/>\n<link rel=\"canonical\" href=\"https:\/\/www.quebakan.com\/v15\/infinix-se-prepara-para-lanzar-el-smartphone-mas-revolucionario-de-la-decada-hot-60-pro-un-diseno-ultra-delgado-que-rompera-records-mundiales\/\" \/>\n<meta property=\"og:locale\" content=\"es_ES\" \/>\n<meta property=\"og:type\" content=\"article\" \/>\n<meta property=\"og:title\" content=\"Infinix se prepara para lanzar el smartphone m\u00e1s revolucionario de la d\u00e9cada HOT 60 Pro+: Un dise\u00f1o ultra delgado que romper\u00e1 r\u00e9cords mundiales &#8211; QUEBAKAN.COM 2026: Noticias, Eventos, Conciertos y mucho m\u00e1s....\" \/>\n<meta property=\"og:description\" content=\"Quito, 08 de agosto de 2025.- Infinix est\u00e1 a punto de hacer historia en la industria m\u00f3vil con el pr\u00f3ximo lanzamiento de su serie HOT 60, encabezada por el revolucionario HOT 60 Pro+ \u2014 un dispositivo que redefinir\u00e1 por completo los est\u00e1ndares de dise\u00f1o ultra delgado en smartphones. Un r\u00e9cord mundial en camino Fuentes cercanas [&hellip;]\" \/>\n<meta property=\"og:url\" content=\"https:\/\/www.quebakan.com\/v15\/infinix-se-prepara-para-lanzar-el-smartphone-mas-revolucionario-de-la-decada-hot-60-pro-un-diseno-ultra-delgado-que-rompera-records-mundiales\/\" \/>\n<meta property=\"og:site_name\" content=\"QUEBAKAN.COM 2026: Noticias, Eventos, Conciertos y mucho m\u00e1s....\" \/>\n<meta property=\"article:publisher\" content=\"http:\/\/www.facebook.com\/quebakan\" \/>\n<meta property=\"article:published_time\" content=\"2025-08-09T19:48:15+00:00\" \/>\n<meta property=\"og:image\" content=\"https:\/\/www.quebakan.com\/v15\/wp-content\/uploads\/2025\/08\/i1.jpg\" \/>\n\t<meta property=\"og:image:width\" content=\"700\" \/>\n\t<meta property=\"og:image:height\" content=\"394\" \/>\n\t<meta property=\"og:image:type\" content=\"image\/jpeg\" \/>\n<meta name=\"author\" content=\"Erick Villafuerte\" \/>\n<meta name=\"twitter:card\" content=\"summary_large_image\" \/>\n<meta name=\"twitter:creator\" content=\"@quebakanec\" \/>\n<meta name=\"twitter:site\" content=\"@quebakanec\" \/>\n<meta name=\"twitter:label1\" content=\"Escrito por\" \/>\n\t<meta name=\"twitter:data1\" content=\"Erick Villafuerte\" \/>\n\t<meta name=\"twitter:label2\" content=\"Tiempo de lectura\" \/>\n\t<meta name=\"twitter:data2\" content=\"3 minutos\" \/>\n<script type=\"application\/ld+json\" class=\"yoast-schema-graph\">{\"@context\":\"https:\\\/\\\/schema.org\",\"@graph\":[{\"@type\":\"Article\",\"@id\":\"https:\\\/\\\/www.quebakan.com\\\/v15\\\/infinix-se-prepara-para-lanzar-el-smartphone-mas-revolucionario-de-la-decada-hot-60-pro-un-diseno-ultra-delgado-que-rompera-records-mundiales\\\/#article\",\"isPartOf\":{\"@id\":\"https:\\\/\\\/www.quebakan.com\\\/v15\\\/infinix-se-prepara-para-lanzar-el-smartphone-mas-revolucionario-de-la-decada-hot-60-pro-un-diseno-ultra-delgado-que-rompera-records-mundiales\\\/\"},\"author\":{\"name\":\"Erick Villafuerte\",\"@id\":\"https:\\\/\\\/www.quebakan.com\\\/v15\\\/#\\\/schema\\\/person\\\/d90fa9f9cfa81eb8ace9811e5b7b9118\"},\"headline\":\"Infinix se prepara para lanzar el smartphone m\u00e1s revolucionario de la d\u00e9cada HOT 60 Pro+: Un dise\u00f1o ultra delgado que romper\u00e1 r\u00e9cords mundiales\",\"datePublished\":\"2025-08-09T19:48:15+00:00\",\"mainEntityOfPage\":{\"@id\":\"https:\\\/\\\/www.quebakan.com\\\/v15\\\/infinix-se-prepara-para-lanzar-el-smartphone-mas-revolucionario-de-la-decada-hot-60-pro-un-diseno-ultra-delgado-que-rompera-records-mundiales\\\/\"},\"wordCount\":418,\"publisher\":{\"@id\":\"https:\\\/\\\/www.quebakan.com\\\/v15\\\/#organization\"},\"image\":{\"@id\":\"https:\\\/\\\/www.quebakan.com\\\/v15\\\/infinix-se-prepara-para-lanzar-el-smartphone-mas-revolucionario-de-la-decada-hot-60-pro-un-diseno-ultra-delgado-que-rompera-records-mundiales\\\/#primaryimage\"},\"thumbnailUrl\":\"https:\\\/\\\/www.quebakan.com\\\/v15\\\/wp-content\\\/uploads\\\/2025\\\/08\\\/i1.jpg\",\"articleSection\":[\"Noticias\"],\"inLanguage\":\"es\"},{\"@type\":\"WebPage\",\"@id\":\"https:\\\/\\\/www.quebakan.com\\\/v15\\\/infinix-se-prepara-para-lanzar-el-smartphone-mas-revolucionario-de-la-decada-hot-60-pro-un-diseno-ultra-delgado-que-rompera-records-mundiales\\\/\",\"url\":\"https:\\\/\\\/www.quebakan.com\\\/v15\\\/infinix-se-prepara-para-lanzar-el-smartphone-mas-revolucionario-de-la-decada-hot-60-pro-un-diseno-ultra-delgado-que-rompera-records-mundiales\\\/\",\"name\":\"Infinix se prepara para lanzar el smartphone m\u00e1s revolucionario de la d\u00e9cada HOT 60 Pro+: Un dise\u00f1o ultra delgado que romper\u00e1 r\u00e9cords mundiales &#8211; QUEBAKAN.COM 2026: Noticias, Eventos, Conciertos y mucho m\u00e1s....\",\"isPartOf\":{\"@id\":\"https:\\\/\\\/www.quebakan.com\\\/v15\\\/#website\"},\"primaryImageOfPage\":{\"@id\":\"https:\\\/\\\/www.quebakan.com\\\/v15\\\/infinix-se-prepara-para-lanzar-el-smartphone-mas-revolucionario-de-la-decada-hot-60-pro-un-diseno-ultra-delgado-que-rompera-records-mundiales\\\/#primaryimage\"},\"image\":{\"@id\":\"https:\\\/\\\/www.quebakan.com\\\/v15\\\/infinix-se-prepara-para-lanzar-el-smartphone-mas-revolucionario-de-la-decada-hot-60-pro-un-diseno-ultra-delgado-que-rompera-records-mundiales\\\/#primaryimage\"},\"thumbnailUrl\":\"https:\\\/\\\/www.quebakan.com\\\/v15\\\/wp-content\\\/uploads\\\/2025\\\/08\\\/i1.jpg\",\"datePublished\":\"2025-08-09T19:48:15+00:00\",\"breadcrumb\":{\"@id\":\"https:\\\/\\\/www.quebakan.com\\\/v15\\\/infinix-se-prepara-para-lanzar-el-smartphone-mas-revolucionario-de-la-decada-hot-60-pro-un-diseno-ultra-delgado-que-rompera-records-mundiales\\\/#breadcrumb\"},\"inLanguage\":\"es\",\"potentialAction\":[{\"@type\":\"ReadAction\",\"target\":[\"https:\\\/\\\/www.quebakan.com\\\/v15\\\/infinix-se-prepara-para-lanzar-el-smartphone-mas-revolucionario-de-la-decada-hot-60-pro-un-diseno-ultra-delgado-que-rompera-records-mundiales\\\/\"]}]},{\"@type\":\"ImageObject\",\"inLanguage\":\"es\",\"@id\":\"https:\\\/\\\/www.quebakan.com\\\/v15\\\/infinix-se-prepara-para-lanzar-el-smartphone-mas-revolucionario-de-la-decada-hot-60-pro-un-diseno-ultra-delgado-que-rompera-records-mundiales\\\/#primaryimage\",\"url\":\"https:\\\/\\\/www.quebakan.com\\\/v15\\\/wp-content\\\/uploads\\\/2025\\\/08\\\/i1.jpg\",\"contentUrl\":\"https:\\\/\\\/www.quebakan.com\\\/v15\\\/wp-content\\\/uploads\\\/2025\\\/08\\\/i1.jpg\",\"width\":700,\"height\":394},{\"@type\":\"BreadcrumbList\",\"@id\":\"https:\\\/\\\/www.quebakan.com\\\/v15\\\/infinix-se-prepara-para-lanzar-el-smartphone-mas-revolucionario-de-la-decada-hot-60-pro-un-diseno-ultra-delgado-que-rompera-records-mundiales\\\/#breadcrumb\",\"itemListElement\":[{\"@type\":\"ListItem\",\"position\":1,\"name\":\"Portada\",\"item\":\"https:\\\/\\\/www.quebakan.com\\\/v15\\\/\"},{\"@type\":\"ListItem\",\"position\":2,\"name\":\"Infinix se prepara para lanzar el smartphone m\u00e1s revolucionario de la d\u00e9cada HOT 60 Pro+: Un dise\u00f1o ultra delgado que romper\u00e1 r\u00e9cords mundiales\"}]},{\"@type\":\"WebSite\",\"@id\":\"https:\\\/\\\/www.quebakan.com\\\/v15\\\/#website\",\"url\":\"https:\\\/\\\/www.quebakan.com\\\/v15\\\/\",\"name\":\"QUEBAKAN\",\"description\":\"..\",\"publisher\":{\"@id\":\"https:\\\/\\\/www.quebakan.com\\\/v15\\\/#organization\"},\"potentialAction\":[{\"@type\":\"SearchAction\",\"target\":{\"@type\":\"EntryPoint\",\"urlTemplate\":\"https:\\\/\\\/www.quebakan.com\\\/v15\\\/?s={search_term_string}\"},\"query-input\":{\"@type\":\"PropertyValueSpecification\",\"valueRequired\":true,\"valueName\":\"search_term_string\"}}],\"inLanguage\":\"es\"},{\"@type\":\"Organization\",\"@id\":\"https:\\\/\\\/www.quebakan.com\\\/v15\\\/#organization\",\"name\":\"Quebakan.com\",\"url\":\"https:\\\/\\\/www.quebakan.com\\\/v15\\\/\",\"logo\":{\"@type\":\"ImageObject\",\"inLanguage\":\"es\",\"@id\":\"https:\\\/\\\/www.quebakan.com\\\/v15\\\/#\\\/schema\\\/logo\\\/image\\\/\",\"url\":\"https:\\\/\\\/www.quebakan.com\\\/v15\\\/wp-content\\\/uploads\\\/2023\\\/07\\\/logoquebakanenero2021.jpg\",\"contentUrl\":\"https:\\\/\\\/www.quebakan.com\\\/v15\\\/wp-content\\\/uploads\\\/2023\\\/07\\\/logoquebakanenero2021.jpg\",\"width\":1920,\"height\":1080,\"caption\":\"Quebakan.com\"},\"image\":{\"@id\":\"https:\\\/\\\/www.quebakan.com\\\/v15\\\/#\\\/schema\\\/logo\\\/image\\\/\"},\"sameAs\":[\"http:\\\/\\\/www.facebook.com\\\/quebakan\",\"https:\\\/\\\/x.com\\\/quebakanec\",\"http:\\\/\\\/www.instagram.com\\\/quebakan\",\"http:\\\/\\\/www.youtube.com\\\/quebakan1\"]},{\"@type\":\"Person\",\"@id\":\"https:\\\/\\\/www.quebakan.com\\\/v15\\\/#\\\/schema\\\/person\\\/d90fa9f9cfa81eb8ace9811e5b7b9118\",\"name\":\"Erick Villafuerte\",\"image\":{\"@type\":\"ImageObject\",\"inLanguage\":\"es\",\"@id\":\"https:\\\/\\\/www.quebakan.com\\\/v15\\\/wp-content\\\/uploads\\\/avatars\\\/4\\\/1731297654-bpfull.png\",\"url\":\"https:\\\/\\\/www.quebakan.com\\\/v15\\\/wp-content\\\/uploads\\\/avatars\\\/4\\\/1731297654-bpfull.png\",\"contentUrl\":\"https:\\\/\\\/www.quebakan.com\\\/v15\\\/wp-content\\\/uploads\\\/avatars\\\/4\\\/1731297654-bpfull.png\",\"caption\":\"Erick Villafuerte\"}}]}<\/script>\n<!-- \/ Yoast SEO plugin. -->","yoast_head_json":{"title":"Infinix se prepara para lanzar el smartphone m\u00e1s revolucionario de la d\u00e9cada HOT 60 Pro+: Un dise\u00f1o ultra delgado que romper\u00e1 r\u00e9cords mundiales &#8211; QUEBAKAN.COM 2026: Noticias, Eventos, Conciertos y mucho m\u00e1s....","robots":{"index":"index","follow":"follow","max-snippet":"max-snippet:-1","max-image-preview":"max-image-preview:large","max-video-preview":"max-video-preview:-1"},"canonical":"https:\/\/www.quebakan.com\/v15\/infinix-se-prepara-para-lanzar-el-smartphone-mas-revolucionario-de-la-decada-hot-60-pro-un-diseno-ultra-delgado-que-rompera-records-mundiales\/","og_locale":"es_ES","og_type":"article","og_title":"Infinix se prepara para lanzar el smartphone m\u00e1s revolucionario de la d\u00e9cada HOT 60 Pro+: Un dise\u00f1o ultra delgado que romper\u00e1 r\u00e9cords mundiales &#8211; QUEBAKAN.COM 2026: Noticias, Eventos, Conciertos y mucho m\u00e1s....","og_description":"Quito, 08 de agosto de 2025.- Infinix est\u00e1 a punto de hacer historia en la industria m\u00f3vil con el pr\u00f3ximo lanzamiento de su serie HOT 60, encabezada por el revolucionario HOT 60 Pro+ \u2014 un dispositivo que redefinir\u00e1 por completo los est\u00e1ndares de dise\u00f1o ultra delgado en smartphones. Un r\u00e9cord mundial en camino Fuentes cercanas [&hellip;]","og_url":"https:\/\/www.quebakan.com\/v15\/infinix-se-prepara-para-lanzar-el-smartphone-mas-revolucionario-de-la-decada-hot-60-pro-un-diseno-ultra-delgado-que-rompera-records-mundiales\/","og_site_name":"QUEBAKAN.COM 2026: Noticias, Eventos, Conciertos y mucho m\u00e1s....","article_publisher":"http:\/\/www.facebook.com\/quebakan","article_published_time":"2025-08-09T19:48:15+00:00","og_image":[{"width":700,"height":394,"url":"https:\/\/www.quebakan.com\/v15\/wp-content\/uploads\/2025\/08\/i1.jpg","type":"image\/jpeg"}],"author":"Erick Villafuerte","twitter_card":"summary_large_image","twitter_creator":"@quebakanec","twitter_site":"@quebakanec","twitter_misc":{"Escrito por":"Erick Villafuerte","Tiempo de lectura":"3 minutos"},"schema":{"@context":"https:\/\/schema.org","@graph":[{"@type":"Article","@id":"https:\/\/www.quebakan.com\/v15\/infinix-se-prepara-para-lanzar-el-smartphone-mas-revolucionario-de-la-decada-hot-60-pro-un-diseno-ultra-delgado-que-rompera-records-mundiales\/#article","isPartOf":{"@id":"https:\/\/www.quebakan.com\/v15\/infinix-se-prepara-para-lanzar-el-smartphone-mas-revolucionario-de-la-decada-hot-60-pro-un-diseno-ultra-delgado-que-rompera-records-mundiales\/"},"author":{"name":"Erick Villafuerte","@id":"https:\/\/www.quebakan.com\/v15\/#\/schema\/person\/d90fa9f9cfa81eb8ace9811e5b7b9118"},"headline":"Infinix se prepara para lanzar el smartphone m\u00e1s revolucionario de la d\u00e9cada HOT 60 Pro+: Un dise\u00f1o ultra delgado que romper\u00e1 r\u00e9cords mundiales","datePublished":"2025-08-09T19:48:15+00:00","mainEntityOfPage":{"@id":"https:\/\/www.quebakan.com\/v15\/infinix-se-prepara-para-lanzar-el-smartphone-mas-revolucionario-de-la-decada-hot-60-pro-un-diseno-ultra-delgado-que-rompera-records-mundiales\/"},"wordCount":418,"publisher":{"@id":"https:\/\/www.quebakan.com\/v15\/#organization"},"image":{"@id":"https:\/\/www.quebakan.com\/v15\/infinix-se-prepara-para-lanzar-el-smartphone-mas-revolucionario-de-la-decada-hot-60-pro-un-diseno-ultra-delgado-que-rompera-records-mundiales\/#primaryimage"},"thumbnailUrl":"https:\/\/www.quebakan.com\/v15\/wp-content\/uploads\/2025\/08\/i1.jpg","articleSection":["Noticias"],"inLanguage":"es"},{"@type":"WebPage","@id":"https:\/\/www.quebakan.com\/v15\/infinix-se-prepara-para-lanzar-el-smartphone-mas-revolucionario-de-la-decada-hot-60-pro-un-diseno-ultra-delgado-que-rompera-records-mundiales\/","url":"https:\/\/www.quebakan.com\/v15\/infinix-se-prepara-para-lanzar-el-smartphone-mas-revolucionario-de-la-decada-hot-60-pro-un-diseno-ultra-delgado-que-rompera-records-mundiales\/","name":"Infinix se prepara para lanzar el smartphone m\u00e1s revolucionario de la d\u00e9cada HOT 60 Pro+: Un dise\u00f1o ultra delgado que romper\u00e1 r\u00e9cords mundiales &#8211; QUEBAKAN.COM 2026: Noticias, Eventos, Conciertos y mucho m\u00e1s....","isPartOf":{"@id":"https:\/\/www.quebakan.com\/v15\/#website"},"primaryImageOfPage":{"@id":"https:\/\/www.quebakan.com\/v15\/infinix-se-prepara-para-lanzar-el-smartphone-mas-revolucionario-de-la-decada-hot-60-pro-un-diseno-ultra-delgado-que-rompera-records-mundiales\/#primaryimage"},"image":{"@id":"https:\/\/www.quebakan.com\/v15\/infinix-se-prepara-para-lanzar-el-smartphone-mas-revolucionario-de-la-decada-hot-60-pro-un-diseno-ultra-delgado-que-rompera-records-mundiales\/#primaryimage"},"thumbnailUrl":"https:\/\/www.quebakan.com\/v15\/wp-content\/uploads\/2025\/08\/i1.jpg","datePublished":"2025-08-09T19:48:15+00:00","breadcrumb":{"@id":"https:\/\/www.quebakan.com\/v15\/infinix-se-prepara-para-lanzar-el-smartphone-mas-revolucionario-de-la-decada-hot-60-pro-un-diseno-ultra-delgado-que-rompera-records-mundiales\/#breadcrumb"},"inLanguage":"es","potentialAction":[{"@type":"ReadAction","target":["https:\/\/www.quebakan.com\/v15\/infinix-se-prepara-para-lanzar-el-smartphone-mas-revolucionario-de-la-decada-hot-60-pro-un-diseno-ultra-delgado-que-rompera-records-mundiales\/"]}]},{"@type":"ImageObject","inLanguage":"es","@id":"https:\/\/www.quebakan.com\/v15\/infinix-se-prepara-para-lanzar-el-smartphone-mas-revolucionario-de-la-decada-hot-60-pro-un-diseno-ultra-delgado-que-rompera-records-mundiales\/#primaryimage","url":"https:\/\/www.quebakan.com\/v15\/wp-content\/uploads\/2025\/08\/i1.jpg","contentUrl":"https:\/\/www.quebakan.com\/v15\/wp-content\/uploads\/2025\/08\/i1.jpg","width":700,"height":394},{"@type":"BreadcrumbList","@id":"https:\/\/www.quebakan.com\/v15\/infinix-se-prepara-para-lanzar-el-smartphone-mas-revolucionario-de-la-decada-hot-60-pro-un-diseno-ultra-delgado-que-rompera-records-mundiales\/#breadcrumb","itemListElement":[{"@type":"ListItem","position":1,"name":"Portada","item":"https:\/\/www.quebakan.com\/v15\/"},{"@type":"ListItem","position":2,"name":"Infinix se prepara para lanzar el smartphone m\u00e1s revolucionario de la d\u00e9cada HOT 60 Pro+: Un dise\u00f1o ultra delgado que romper\u00e1 r\u00e9cords mundiales"}]},{"@type":"WebSite","@id":"https:\/\/www.quebakan.com\/v15\/#website","url":"https:\/\/www.quebakan.com\/v15\/","name":"QUEBAKAN","description":"..","publisher":{"@id":"https:\/\/www.quebakan.com\/v15\/#organization"},"potentialAction":[{"@type":"SearchAction","target":{"@type":"EntryPoint","urlTemplate":"https:\/\/www.quebakan.com\/v15\/?s={search_term_string}"},"query-input":{"@type":"PropertyValueSpecification","valueRequired":true,"valueName":"search_term_string"}}],"inLanguage":"es"},{"@type":"Organization","@id":"https:\/\/www.quebakan.com\/v15\/#organization","name":"Quebakan.com","url":"https:\/\/www.quebakan.com\/v15\/","logo":{"@type":"ImageObject","inLanguage":"es","@id":"https:\/\/www.quebakan.com\/v15\/#\/schema\/logo\/image\/","url":"https:\/\/www.quebakan.com\/v15\/wp-content\/uploads\/2023\/07\/logoquebakanenero2021.jpg","contentUrl":"https:\/\/www.quebakan.com\/v15\/wp-content\/uploads\/2023\/07\/logoquebakanenero2021.jpg","width":1920,"height":1080,"caption":"Quebakan.com"},"image":{"@id":"https:\/\/www.quebakan.com\/v15\/#\/schema\/logo\/image\/"},"sameAs":["http:\/\/www.facebook.com\/quebakan","https:\/\/x.com\/quebakanec","http:\/\/www.instagram.com\/quebakan","http:\/\/www.youtube.com\/quebakan1"]},{"@type":"Person","@id":"https:\/\/www.quebakan.com\/v15\/#\/schema\/person\/d90fa9f9cfa81eb8ace9811e5b7b9118","name":"Erick Villafuerte","image":{"@type":"ImageObject","inLanguage":"es","@id":"https:\/\/www.quebakan.com\/v15\/wp-content\/uploads\/avatars\/4\/1731297654-bpfull.png","url":"https:\/\/www.quebakan.com\/v15\/wp-content\/uploads\/avatars\/4\/1731297654-bpfull.png","contentUrl":"https:\/\/www.quebakan.com\/v15\/wp-content\/uploads\/avatars\/4\/1731297654-bpfull.png","caption":"Erick Villafuerte"}}]}},"_links":{"self":[{"href":"https:\/\/www.quebakan.com\/v15\/wp-json\/wp\/v2\/posts\/134118","targetHints":{"allow":["GET"]}}],"collection":[{"href":"https:\/\/www.quebakan.com\/v15\/wp-json\/wp\/v2\/posts"}],"about":[{"href":"https:\/\/www.quebakan.com\/v15\/wp-json\/wp\/v2\/types\/post"}],"author":[{"embeddable":true,"href":"https:\/\/www.quebakan.com\/v15\/wp-json\/wp\/v2\/users\/4"}],"replies":[{"embeddable":true,"href":"https:\/\/www.quebakan.com\/v15\/wp-json\/wp\/v2\/comments?post=134118"}],"version-history":[{"count":1,"href":"https:\/\/www.quebakan.com\/v15\/wp-json\/wp\/v2\/posts\/134118\/revisions"}],"predecessor-version":[{"id":134121,"href":"https:\/\/www.quebakan.com\/v15\/wp-json\/wp\/v2\/posts\/134118\/revisions\/134121"}],"wp:featuredmedia":[{"embeddable":true,"href":"https:\/\/www.quebakan.com\/v15\/wp-json\/wp\/v2\/media\/134119"}],"wp:attachment":[{"href":"https:\/\/www.quebakan.com\/v15\/wp-json\/wp\/v2\/media?parent=134118"}],"wp:term":[{"taxonomy":"category","embeddable":true,"href":"https:\/\/www.quebakan.com\/v15\/wp-json\/wp\/v2\/categories?post=134118"},{"taxonomy":"post_tag","embeddable":true,"href":"https:\/\/www.quebakan.com\/v15\/wp-json\/wp\/v2\/tags?post=134118"}],"curies":[{"name":"wp","href":"https:\/\/api.w.org\/{rel}","templated":true}]}}