{"id":134124,"date":"2025-08-11T12:21:26","date_gmt":"2025-08-11T17:21:26","guid":{"rendered":"https:\/\/www.quebakan.com\/v15\/?p=134124"},"modified":"2025-08-11T12:21:26","modified_gmt":"2025-08-11T17:21:26","slug":"el-nuevo-sabor-de-portoviejo-monte-y-solira-despiertan-los-sentidos-en-oro-verde","status":"publish","type":"post","link":"https:\/\/www.quebakan.com\/v15\/el-nuevo-sabor-de-portoviejo-monte-y-solira-despiertan-los-sentidos-en-oro-verde\/","title":{"rendered":"EL NUEVO SABOR DE PORTOVIEJO: MONT\u00c9 Y SOLIRA DESPIERTAN LOS SENTIDOS EN ORO VERDE"},"content":{"rendered":"<p><img fetchpriority=\"high\" decoding=\"async\" class=\"aligncenter size-full wp-image-134125\" src=\"https:\/\/www.quebakan.com\/v15\/wp-content\/uploads\/2025\/08\/rooftop-portoviejo-2-1.jpg\" alt=\"\" width=\"700\" height=\"467\" \/><\/p>\n<p style=\"text-align: justify;\"><span style=\"color: #000000;\"><strong><em>Portoviejo, agosto de 2025<\/em><\/strong> \u2013 El reci\u00e9n inaugurado Hotel Oro Verde Portoviejo no solo marca un hito en la hoteler\u00eda de la capital manabita como su primer cinco estrellas, sino que tambi\u00e9n enciende los reflectores sobre su propuesta gastron\u00f3mica de alto nivel con dos restaurantes que celebran la tradici\u00f3n, la fusi\u00f3n y la innovaci\u00f3n culinaria: Mont\u00e9 y Solira Rooftop.<\/span><\/p>\n<p style=\"text-align: justify;\"><span style=\"color: #000000;\">Ambos espacios est\u00e1n abiertos tanto a hu\u00e9spedes como al p\u00fablico general, siendo una invitaci\u00f3n a redescubrir la cocina manabita y a explorar sabores internacionales en un entorno de excelencia. Los hu\u00e9spedes del hotel disfrutan de entrada libre al Rooftop \u00a0Solira, sin pago de cover.<\/span><\/p>\n<p style=\"text-align: justify;\"><span style=\"color: #000000;\"><strong><em>Mont\u00e9: la cocina manabita elevada<\/em><\/strong><\/span><\/p>\n<p style=\"text-align: justify;\"><span style=\"color: #000000;\">Inspirado en la riqueza de los sabores tradicionales de la provincia, <em>Mont\u00e9<\/em> ofrece una cocina manabita con t\u00e9cnica y est\u00e9tica contempor\u00e1nea. Bajo la gu\u00eda del chef Dixon Briones, oriundo de la regi\u00f3n y con amplia experiencia en el sector gastron\u00f3mico, <em>Mont\u00e9<\/em> rinde homenaje al territorio con platos como el seco de pollo, oleaje nikkei, churrasco manaba y el pulpo montubio.<\/span><\/p>\n<p style=\"text-align: justify;\"><span style=\"color: #000000;\">El men\u00fa destaca insumos locales como sal prieta, suero blanco, mantequilla blanca y gallina criolla, adquiridos directamente a proveedores artesanales del mercado local, seleccionados por sus buenas pr\u00e1cticas de manufactura.<\/span><\/p>\n<p style=\"text-align: justify;\"><span style=\"color: #000000;\">Tambi\u00e9n se ofrecen opciones vegetarianas y para personas con restricciones alimenticias, como los <em>\u00f1oquis cuatro quesos<\/em>, la <em>trilog\u00eda de la provincia<\/em>, <em>postres caseros<\/em> y ensaladas como la <em>De la huerta<\/em>, ideales como plato principal o acompa\u00f1ante.<\/span><\/p>\n<p style=\"text-align: justify;\"><span style=\"color: #000000;\">Mont\u00e9 funciona todos los d\u00edas desde las 06h00 hasta las 10h00 para desayunos, y de 12h00 a 23h00 para almuerzos y cenas. El espacio, decorado con tonos tierra, vegetaci\u00f3n viva y ambientes amplios, invita a una experiencia c\u00e1lida, arm\u00f3nica y aut\u00e9ntica.<\/span><\/p>\n<p style=\"text-align: justify;\"><span style=\"color: #000000;\"><strong><em>Solira Rooftop: un viaje de sabores con acento multicultural<\/em><\/strong><\/span><\/p>\n<p style=\"text-align: justify;\"><span style=\"color: #000000;\">Para quienes buscan una experiencia m\u00e1s fresca y nocturna, Solira rooftop se presenta como una propuesta multicultural que fusiona influencias japonesas, americanas e italianas. Al frente est\u00e1 el chef Christian Guaranda, sous chef del hotel y docente con experiencia en Gal\u00e1pagos y restaurantes de alto nivel.<\/span><\/p>\n<p style=\"text-align: justify;\"><span style=\"color: #000000;\">La carta incluye desde <em>sushi ebi furai roll<\/em> y <em>pizzas margarita napolitana<\/em> hasta cortes premium como el <em>New York steak<\/em>, acompa\u00f1ados por una atractiva carta de cocteles de autor y variedad de vinos.<\/span><\/p>\n<p style=\"text-align: justify;\"><span style=\"color: #000000;\">Solira abre sus puertas de 17h00 a 23h00, y se distingue por su dise\u00f1o contempor\u00e1neo, con un estilo que evoca un ecosistema urbano gracias a sus plantas naturales y detalles arquitect\u00f3nicos frescos y modernos.<\/span><\/p>\n<p style=\"text-align: justify;\"><span style=\"color: #000000;\">Si bien por el momento no se han lanzado cenas maridaje o noches tem\u00e1ticas, el equipo ya proyecta implementar experiencias gastron\u00f3micas especiales en los pr\u00f3ximos meses.<\/span><\/p>\n<p style=\"text-align: justify;\"><span style=\"color: #000000;\">\u201cCocinamos con alma, pasi\u00f3n y consistencia. Deseamos que los comensales tengan una experiencia inigualable, tanto gastron\u00f3mica como en servicio\u201d, asegura el equipo culinario de Oro Verde Portoviejo.<\/span><\/p>\n<p style=\"text-align: justify;\"><span style=\"color: #000000;\">Esta visi\u00f3n se refleja en cada detalle, desde los sabores hasta el equipo humano, compuesto por talento manabita 100% que combina t\u00e9cnicas cl\u00e1sicas con enfoques de vanguardia. La propuesta busca que cada hu\u00e9sped o visitante se sienta acogido como en casa, mientras degusta lo mejor de la regi\u00f3n.<\/span><\/p>\n<p style=\"text-align: justify;\"><span style=\"color: #000000;\"><strong>Gourmet Deli: sabor, variedad y nuevas experiencias desde el 31 de julio<\/strong><\/span><\/p>\n<p style=\"text-align: justify;\"><span style=\"color: #000000;\">Como parte de su experiencia integral, el hotel sumar\u00e1 una nueva propuesta con la apertura de <em>Gourmet Deli<\/em> este 31 de julio. Con un ambiente moderno y acogedor, esta cafeter\u00eda ofrecer\u00e1 una cuidada selecci\u00f3n de desayunos, s\u00e1nduches, panes artesanales, postres, ensaladas y bebidas calientes, ideales para disfrutar en el lugar o para llevar. Destaca por su frescura, calidad y atenci\u00f3n a los detalles en cada preparaci\u00f3n.<\/span><\/p>\n<p style=\"text-align: justify;\"><span style=\"color: #000000;\">Durante la inauguraci\u00f3n, los asistentes podr\u00e1n disfrutar de bocaditos t\u00edpicos manabitas y dulces en una presentaci\u00f3n especial. Esta propuesta busca atraer a hu\u00e9spedes y residentes, ampliando la oferta del hotel y fortaleciendo su posicionamiento como referente culinario de la ciudad.<\/span><\/p>\n<p style=\"text-align: justify;\"><span style=\"color: #000000;\"><strong>Oro Verde Portoviejo, tu nuevo gran destino.<\/strong><\/span><\/p>\n<p><img decoding=\"async\" class=\"aligncenter size-full wp-image-134126\" src=\"https:\/\/www.quebakan.com\/v15\/wp-content\/uploads\/2025\/08\/rooftop-portoviejo-1-1.jpg\" alt=\"\" width=\"700\" height=\"467\" \/><\/p>\n<p>&nbsp;<\/p>\n<p><img decoding=\"async\" class=\"aligncenter size-full wp-image-134127\" src=\"https:\/\/www.quebakan.com\/v15\/wp-content\/uploads\/2025\/08\/restaurante-portoviejo-1-2.jpg\" alt=\"\" width=\"700\" height=\"365\" \/><\/p>\n","protected":false},"excerpt":{"rendered":"<p>Portoviejo, agosto de 2025 \u2013 El reci\u00e9n inaugurado Hotel Oro Verde Portoviejo no solo marca un hito en la hoteler\u00eda de la capital manabita como su primer cinco estrellas, sino que tambi\u00e9n enciende los reflectores sobre su propuesta gastron\u00f3mica de alto nivel con dos restaurantes que celebran la tradici\u00f3n, la fusi\u00f3n y la innovaci\u00f3n culinaria: [&hellip;]<\/p>\n","protected":false},"author":4,"featured_media":134126,"comment_status":"closed","ping_status":"closed","sticky":false,"template":"","format":"standard","meta":{"_bbp_topic_count":0,"_bbp_reply_count":0,"_bbp_total_topic_count":0,"_bbp_total_reply_count":0,"_bbp_voice_count":0,"_bbp_anonymous_reply_count":0,"_bbp_topic_count_hidden":0,"_bbp_reply_count_hidden":0,"_bbp_forum_subforum_count":0,"buzzeditor_post_format":"","footnotes":""},"categories":[2],"tags":[],"class_list":["post-134124","post","type-post","status-publish","format-standard","has-post-thumbnail","hentry","category-noticias"],"yoast_head":"<!-- This site is optimized with the Yoast SEO plugin v27.5 - https:\/\/yoast.com\/product\/yoast-seo-wordpress\/ -->\n<title>EL NUEVO SABOR DE PORTOVIEJO: MONT\u00c9 Y SOLIRA DESPIERTAN LOS SENTIDOS EN ORO VERDE &#8211; QUEBAKAN.COM 2026: Noticias, Eventos, Conciertos y mucho m\u00e1s....<\/title>\n<meta name=\"robots\" content=\"index, follow, max-snippet:-1, max-image-preview:large, max-video-preview:-1\" \/>\n<link rel=\"canonical\" href=\"https:\/\/www.quebakan.com\/v15\/el-nuevo-sabor-de-portoviejo-monte-y-solira-despiertan-los-sentidos-en-oro-verde\/\" \/>\n<meta property=\"og:locale\" content=\"es_ES\" \/>\n<meta property=\"og:type\" content=\"article\" \/>\n<meta property=\"og:title\" content=\"EL NUEVO SABOR DE PORTOVIEJO: MONT\u00c9 Y SOLIRA DESPIERTAN LOS SENTIDOS EN ORO VERDE &#8211; QUEBAKAN.COM 2026: Noticias, Eventos, Conciertos y mucho m\u00e1s....\" \/>\n<meta property=\"og:description\" content=\"Portoviejo, agosto de 2025 \u2013 El reci\u00e9n inaugurado Hotel Oro Verde Portoviejo no solo marca un hito en la hoteler\u00eda de la capital manabita como su primer cinco estrellas, sino que tambi\u00e9n enciende los reflectores sobre su propuesta gastron\u00f3mica de alto nivel con dos restaurantes que celebran la tradici\u00f3n, la fusi\u00f3n y la innovaci\u00f3n culinaria: [&hellip;]\" \/>\n<meta property=\"og:url\" content=\"https:\/\/www.quebakan.com\/v15\/el-nuevo-sabor-de-portoviejo-monte-y-solira-despiertan-los-sentidos-en-oro-verde\/\" \/>\n<meta property=\"og:site_name\" content=\"QUEBAKAN.COM 2026: Noticias, Eventos, Conciertos y mucho m\u00e1s....\" \/>\n<meta property=\"article:publisher\" content=\"http:\/\/www.facebook.com\/quebakan\" \/>\n<meta property=\"article:published_time\" content=\"2025-08-11T17:21:26+00:00\" \/>\n<meta property=\"og:image\" content=\"https:\/\/www.quebakan.com\/v15\/wp-content\/uploads\/2025\/08\/rooftop-portoviejo-1-1.jpg\" \/>\n\t<meta property=\"og:image:width\" content=\"700\" \/>\n\t<meta property=\"og:image:height\" content=\"467\" \/>\n\t<meta property=\"og:image:type\" content=\"image\/jpeg\" \/>\n<meta name=\"author\" content=\"Erick Villafuerte\" \/>\n<meta name=\"twitter:card\" content=\"summary_large_image\" \/>\n<meta name=\"twitter:creator\" content=\"@quebakanec\" \/>\n<meta name=\"twitter:site\" content=\"@quebakanec\" \/>\n<meta name=\"twitter:label1\" content=\"Escrito por\" \/>\n\t<meta name=\"twitter:data1\" content=\"Erick Villafuerte\" \/>\n\t<meta name=\"twitter:label2\" content=\"Tiempo de lectura\" \/>\n\t<meta name=\"twitter:data2\" content=\"4 minutos\" \/>\n<script type=\"application\/ld+json\" class=\"yoast-schema-graph\">{\"@context\":\"https:\\\/\\\/schema.org\",\"@graph\":[{\"@type\":\"Article\",\"@id\":\"https:\\\/\\\/www.quebakan.com\\\/v15\\\/el-nuevo-sabor-de-portoviejo-monte-y-solira-despiertan-los-sentidos-en-oro-verde\\\/#article\",\"isPartOf\":{\"@id\":\"https:\\\/\\\/www.quebakan.com\\\/v15\\\/el-nuevo-sabor-de-portoviejo-monte-y-solira-despiertan-los-sentidos-en-oro-verde\\\/\"},\"author\":{\"name\":\"Erick Villafuerte\",\"@id\":\"https:\\\/\\\/www.quebakan.com\\\/v15\\\/#\\\/schema\\\/person\\\/d90fa9f9cfa81eb8ace9811e5b7b9118\"},\"headline\":\"EL NUEVO SABOR DE PORTOVIEJO: MONT\u00c9 Y SOLIRA DESPIERTAN LOS SENTIDOS EN ORO VERDE\",\"datePublished\":\"2025-08-11T17:21:26+00:00\",\"mainEntityOfPage\":{\"@id\":\"https:\\\/\\\/www.quebakan.com\\\/v15\\\/el-nuevo-sabor-de-portoviejo-monte-y-solira-despiertan-los-sentidos-en-oro-verde\\\/\"},\"wordCount\":686,\"publisher\":{\"@id\":\"https:\\\/\\\/www.quebakan.com\\\/v15\\\/#organization\"},\"image\":{\"@id\":\"https:\\\/\\\/www.quebakan.com\\\/v15\\\/el-nuevo-sabor-de-portoviejo-monte-y-solira-despiertan-los-sentidos-en-oro-verde\\\/#primaryimage\"},\"thumbnailUrl\":\"https:\\\/\\\/www.quebakan.com\\\/v15\\\/wp-content\\\/uploads\\\/2025\\\/08\\\/rooftop-portoviejo-1-1.jpg\",\"articleSection\":[\"Noticias\"],\"inLanguage\":\"es\"},{\"@type\":\"WebPage\",\"@id\":\"https:\\\/\\\/www.quebakan.com\\\/v15\\\/el-nuevo-sabor-de-portoviejo-monte-y-solira-despiertan-los-sentidos-en-oro-verde\\\/\",\"url\":\"https:\\\/\\\/www.quebakan.com\\\/v15\\\/el-nuevo-sabor-de-portoviejo-monte-y-solira-despiertan-los-sentidos-en-oro-verde\\\/\",\"name\":\"EL NUEVO SABOR DE PORTOVIEJO: MONT\u00c9 Y SOLIRA DESPIERTAN LOS SENTIDOS EN ORO VERDE &#8211; QUEBAKAN.COM 2026: Noticias, Eventos, Conciertos y mucho m\u00e1s....\",\"isPartOf\":{\"@id\":\"https:\\\/\\\/www.quebakan.com\\\/v15\\\/#website\"},\"primaryImageOfPage\":{\"@id\":\"https:\\\/\\\/www.quebakan.com\\\/v15\\\/el-nuevo-sabor-de-portoviejo-monte-y-solira-despiertan-los-sentidos-en-oro-verde\\\/#primaryimage\"},\"image\":{\"@id\":\"https:\\\/\\\/www.quebakan.com\\\/v15\\\/el-nuevo-sabor-de-portoviejo-monte-y-solira-despiertan-los-sentidos-en-oro-verde\\\/#primaryimage\"},\"thumbnailUrl\":\"https:\\\/\\\/www.quebakan.com\\\/v15\\\/wp-content\\\/uploads\\\/2025\\\/08\\\/rooftop-portoviejo-1-1.jpg\",\"datePublished\":\"2025-08-11T17:21:26+00:00\",\"breadcrumb\":{\"@id\":\"https:\\\/\\\/www.quebakan.com\\\/v15\\\/el-nuevo-sabor-de-portoviejo-monte-y-solira-despiertan-los-sentidos-en-oro-verde\\\/#breadcrumb\"},\"inLanguage\":\"es\",\"potentialAction\":[{\"@type\":\"ReadAction\",\"target\":[\"https:\\\/\\\/www.quebakan.com\\\/v15\\\/el-nuevo-sabor-de-portoviejo-monte-y-solira-despiertan-los-sentidos-en-oro-verde\\\/\"]}]},{\"@type\":\"ImageObject\",\"inLanguage\":\"es\",\"@id\":\"https:\\\/\\\/www.quebakan.com\\\/v15\\\/el-nuevo-sabor-de-portoviejo-monte-y-solira-despiertan-los-sentidos-en-oro-verde\\\/#primaryimage\",\"url\":\"https:\\\/\\\/www.quebakan.com\\\/v15\\\/wp-content\\\/uploads\\\/2025\\\/08\\\/rooftop-portoviejo-1-1.jpg\",\"contentUrl\":\"https:\\\/\\\/www.quebakan.com\\\/v15\\\/wp-content\\\/uploads\\\/2025\\\/08\\\/rooftop-portoviejo-1-1.jpg\",\"width\":700,\"height\":467},{\"@type\":\"BreadcrumbList\",\"@id\":\"https:\\\/\\\/www.quebakan.com\\\/v15\\\/el-nuevo-sabor-de-portoviejo-monte-y-solira-despiertan-los-sentidos-en-oro-verde\\\/#breadcrumb\",\"itemListElement\":[{\"@type\":\"ListItem\",\"position\":1,\"name\":\"Portada\",\"item\":\"https:\\\/\\\/www.quebakan.com\\\/v15\\\/\"},{\"@type\":\"ListItem\",\"position\":2,\"name\":\"EL NUEVO SABOR DE PORTOVIEJO: MONT\u00c9 Y SOLIRA DESPIERTAN LOS SENTIDOS EN ORO VERDE\"}]},{\"@type\":\"WebSite\",\"@id\":\"https:\\\/\\\/www.quebakan.com\\\/v15\\\/#website\",\"url\":\"https:\\\/\\\/www.quebakan.com\\\/v15\\\/\",\"name\":\"QUEBAKAN\",\"description\":\"..\",\"publisher\":{\"@id\":\"https:\\\/\\\/www.quebakan.com\\\/v15\\\/#organization\"},\"potentialAction\":[{\"@type\":\"SearchAction\",\"target\":{\"@type\":\"EntryPoint\",\"urlTemplate\":\"https:\\\/\\\/www.quebakan.com\\\/v15\\\/?s={search_term_string}\"},\"query-input\":{\"@type\":\"PropertyValueSpecification\",\"valueRequired\":true,\"valueName\":\"search_term_string\"}}],\"inLanguage\":\"es\"},{\"@type\":\"Organization\",\"@id\":\"https:\\\/\\\/www.quebakan.com\\\/v15\\\/#organization\",\"name\":\"Quebakan.com\",\"url\":\"https:\\\/\\\/www.quebakan.com\\\/v15\\\/\",\"logo\":{\"@type\":\"ImageObject\",\"inLanguage\":\"es\",\"@id\":\"https:\\\/\\\/www.quebakan.com\\\/v15\\\/#\\\/schema\\\/logo\\\/image\\\/\",\"url\":\"https:\\\/\\\/www.quebakan.com\\\/v15\\\/wp-content\\\/uploads\\\/2023\\\/07\\\/logoquebakanenero2021.jpg\",\"contentUrl\":\"https:\\\/\\\/www.quebakan.com\\\/v15\\\/wp-content\\\/uploads\\\/2023\\\/07\\\/logoquebakanenero2021.jpg\",\"width\":1920,\"height\":1080,\"caption\":\"Quebakan.com\"},\"image\":{\"@id\":\"https:\\\/\\\/www.quebakan.com\\\/v15\\\/#\\\/schema\\\/logo\\\/image\\\/\"},\"sameAs\":[\"http:\\\/\\\/www.facebook.com\\\/quebakan\",\"https:\\\/\\\/x.com\\\/quebakanec\",\"http:\\\/\\\/www.instagram.com\\\/quebakan\",\"http:\\\/\\\/www.youtube.com\\\/quebakan1\"]},{\"@type\":\"Person\",\"@id\":\"https:\\\/\\\/www.quebakan.com\\\/v15\\\/#\\\/schema\\\/person\\\/d90fa9f9cfa81eb8ace9811e5b7b9118\",\"name\":\"Erick Villafuerte\",\"image\":{\"@type\":\"ImageObject\",\"inLanguage\":\"es\",\"@id\":\"https:\\\/\\\/www.quebakan.com\\\/v15\\\/wp-content\\\/uploads\\\/avatars\\\/4\\\/1731297654-bpfull.png\",\"url\":\"https:\\\/\\\/www.quebakan.com\\\/v15\\\/wp-content\\\/uploads\\\/avatars\\\/4\\\/1731297654-bpfull.png\",\"contentUrl\":\"https:\\\/\\\/www.quebakan.com\\\/v15\\\/wp-content\\\/uploads\\\/avatars\\\/4\\\/1731297654-bpfull.png\",\"caption\":\"Erick Villafuerte\"}}]}<\/script>\n<!-- \/ Yoast SEO plugin. -->","yoast_head_json":{"title":"EL NUEVO SABOR DE PORTOVIEJO: MONT\u00c9 Y SOLIRA DESPIERTAN LOS SENTIDOS EN ORO VERDE &#8211; QUEBAKAN.COM 2026: Noticias, Eventos, Conciertos y mucho m\u00e1s....","robots":{"index":"index","follow":"follow","max-snippet":"max-snippet:-1","max-image-preview":"max-image-preview:large","max-video-preview":"max-video-preview:-1"},"canonical":"https:\/\/www.quebakan.com\/v15\/el-nuevo-sabor-de-portoviejo-monte-y-solira-despiertan-los-sentidos-en-oro-verde\/","og_locale":"es_ES","og_type":"article","og_title":"EL NUEVO SABOR DE PORTOVIEJO: MONT\u00c9 Y SOLIRA DESPIERTAN LOS SENTIDOS EN ORO VERDE &#8211; QUEBAKAN.COM 2026: Noticias, Eventos, Conciertos y mucho m\u00e1s....","og_description":"Portoviejo, agosto de 2025 \u2013 El reci\u00e9n inaugurado Hotel Oro Verde Portoviejo no solo marca un hito en la hoteler\u00eda de la capital manabita como su primer cinco estrellas, sino que tambi\u00e9n enciende los reflectores sobre su propuesta gastron\u00f3mica de alto nivel con dos restaurantes que celebran la tradici\u00f3n, la fusi\u00f3n y la innovaci\u00f3n culinaria: [&hellip;]","og_url":"https:\/\/www.quebakan.com\/v15\/el-nuevo-sabor-de-portoviejo-monte-y-solira-despiertan-los-sentidos-en-oro-verde\/","og_site_name":"QUEBAKAN.COM 2026: Noticias, Eventos, Conciertos y mucho m\u00e1s....","article_publisher":"http:\/\/www.facebook.com\/quebakan","article_published_time":"2025-08-11T17:21:26+00:00","og_image":[{"width":700,"height":467,"url":"https:\/\/www.quebakan.com\/v15\/wp-content\/uploads\/2025\/08\/rooftop-portoviejo-1-1.jpg","type":"image\/jpeg"}],"author":"Erick Villafuerte","twitter_card":"summary_large_image","twitter_creator":"@quebakanec","twitter_site":"@quebakanec","twitter_misc":{"Escrito por":"Erick Villafuerte","Tiempo de lectura":"4 minutos"},"schema":{"@context":"https:\/\/schema.org","@graph":[{"@type":"Article","@id":"https:\/\/www.quebakan.com\/v15\/el-nuevo-sabor-de-portoviejo-monte-y-solira-despiertan-los-sentidos-en-oro-verde\/#article","isPartOf":{"@id":"https:\/\/www.quebakan.com\/v15\/el-nuevo-sabor-de-portoviejo-monte-y-solira-despiertan-los-sentidos-en-oro-verde\/"},"author":{"name":"Erick Villafuerte","@id":"https:\/\/www.quebakan.com\/v15\/#\/schema\/person\/d90fa9f9cfa81eb8ace9811e5b7b9118"},"headline":"EL NUEVO SABOR DE PORTOVIEJO: MONT\u00c9 Y SOLIRA DESPIERTAN LOS SENTIDOS EN ORO VERDE","datePublished":"2025-08-11T17:21:26+00:00","mainEntityOfPage":{"@id":"https:\/\/www.quebakan.com\/v15\/el-nuevo-sabor-de-portoviejo-monte-y-solira-despiertan-los-sentidos-en-oro-verde\/"},"wordCount":686,"publisher":{"@id":"https:\/\/www.quebakan.com\/v15\/#organization"},"image":{"@id":"https:\/\/www.quebakan.com\/v15\/el-nuevo-sabor-de-portoviejo-monte-y-solira-despiertan-los-sentidos-en-oro-verde\/#primaryimage"},"thumbnailUrl":"https:\/\/www.quebakan.com\/v15\/wp-content\/uploads\/2025\/08\/rooftop-portoviejo-1-1.jpg","articleSection":["Noticias"],"inLanguage":"es"},{"@type":"WebPage","@id":"https:\/\/www.quebakan.com\/v15\/el-nuevo-sabor-de-portoviejo-monte-y-solira-despiertan-los-sentidos-en-oro-verde\/","url":"https:\/\/www.quebakan.com\/v15\/el-nuevo-sabor-de-portoviejo-monte-y-solira-despiertan-los-sentidos-en-oro-verde\/","name":"EL NUEVO SABOR DE PORTOVIEJO: MONT\u00c9 Y SOLIRA DESPIERTAN LOS SENTIDOS EN ORO VERDE &#8211; QUEBAKAN.COM 2026: Noticias, Eventos, Conciertos y mucho m\u00e1s....","isPartOf":{"@id":"https:\/\/www.quebakan.com\/v15\/#website"},"primaryImageOfPage":{"@id":"https:\/\/www.quebakan.com\/v15\/el-nuevo-sabor-de-portoviejo-monte-y-solira-despiertan-los-sentidos-en-oro-verde\/#primaryimage"},"image":{"@id":"https:\/\/www.quebakan.com\/v15\/el-nuevo-sabor-de-portoviejo-monte-y-solira-despiertan-los-sentidos-en-oro-verde\/#primaryimage"},"thumbnailUrl":"https:\/\/www.quebakan.com\/v15\/wp-content\/uploads\/2025\/08\/rooftop-portoviejo-1-1.jpg","datePublished":"2025-08-11T17:21:26+00:00","breadcrumb":{"@id":"https:\/\/www.quebakan.com\/v15\/el-nuevo-sabor-de-portoviejo-monte-y-solira-despiertan-los-sentidos-en-oro-verde\/#breadcrumb"},"inLanguage":"es","potentialAction":[{"@type":"ReadAction","target":["https:\/\/www.quebakan.com\/v15\/el-nuevo-sabor-de-portoviejo-monte-y-solira-despiertan-los-sentidos-en-oro-verde\/"]}]},{"@type":"ImageObject","inLanguage":"es","@id":"https:\/\/www.quebakan.com\/v15\/el-nuevo-sabor-de-portoviejo-monte-y-solira-despiertan-los-sentidos-en-oro-verde\/#primaryimage","url":"https:\/\/www.quebakan.com\/v15\/wp-content\/uploads\/2025\/08\/rooftop-portoviejo-1-1.jpg","contentUrl":"https:\/\/www.quebakan.com\/v15\/wp-content\/uploads\/2025\/08\/rooftop-portoviejo-1-1.jpg","width":700,"height":467},{"@type":"BreadcrumbList","@id":"https:\/\/www.quebakan.com\/v15\/el-nuevo-sabor-de-portoviejo-monte-y-solira-despiertan-los-sentidos-en-oro-verde\/#breadcrumb","itemListElement":[{"@type":"ListItem","position":1,"name":"Portada","item":"https:\/\/www.quebakan.com\/v15\/"},{"@type":"ListItem","position":2,"name":"EL NUEVO SABOR DE PORTOVIEJO: MONT\u00c9 Y SOLIRA DESPIERTAN LOS SENTIDOS EN ORO VERDE"}]},{"@type":"WebSite","@id":"https:\/\/www.quebakan.com\/v15\/#website","url":"https:\/\/www.quebakan.com\/v15\/","name":"QUEBAKAN","description":"..","publisher":{"@id":"https:\/\/www.quebakan.com\/v15\/#organization"},"potentialAction":[{"@type":"SearchAction","target":{"@type":"EntryPoint","urlTemplate":"https:\/\/www.quebakan.com\/v15\/?s={search_term_string}"},"query-input":{"@type":"PropertyValueSpecification","valueRequired":true,"valueName":"search_term_string"}}],"inLanguage":"es"},{"@type":"Organization","@id":"https:\/\/www.quebakan.com\/v15\/#organization","name":"Quebakan.com","url":"https:\/\/www.quebakan.com\/v15\/","logo":{"@type":"ImageObject","inLanguage":"es","@id":"https:\/\/www.quebakan.com\/v15\/#\/schema\/logo\/image\/","url":"https:\/\/www.quebakan.com\/v15\/wp-content\/uploads\/2023\/07\/logoquebakanenero2021.jpg","contentUrl":"https:\/\/www.quebakan.com\/v15\/wp-content\/uploads\/2023\/07\/logoquebakanenero2021.jpg","width":1920,"height":1080,"caption":"Quebakan.com"},"image":{"@id":"https:\/\/www.quebakan.com\/v15\/#\/schema\/logo\/image\/"},"sameAs":["http:\/\/www.facebook.com\/quebakan","https:\/\/x.com\/quebakanec","http:\/\/www.instagram.com\/quebakan","http:\/\/www.youtube.com\/quebakan1"]},{"@type":"Person","@id":"https:\/\/www.quebakan.com\/v15\/#\/schema\/person\/d90fa9f9cfa81eb8ace9811e5b7b9118","name":"Erick Villafuerte","image":{"@type":"ImageObject","inLanguage":"es","@id":"https:\/\/www.quebakan.com\/v15\/wp-content\/uploads\/avatars\/4\/1731297654-bpfull.png","url":"https:\/\/www.quebakan.com\/v15\/wp-content\/uploads\/avatars\/4\/1731297654-bpfull.png","contentUrl":"https:\/\/www.quebakan.com\/v15\/wp-content\/uploads\/avatars\/4\/1731297654-bpfull.png","caption":"Erick Villafuerte"}}]}},"_links":{"self":[{"href":"https:\/\/www.quebakan.com\/v15\/wp-json\/wp\/v2\/posts\/134124","targetHints":{"allow":["GET"]}}],"collection":[{"href":"https:\/\/www.quebakan.com\/v15\/wp-json\/wp\/v2\/posts"}],"about":[{"href":"https:\/\/www.quebakan.com\/v15\/wp-json\/wp\/v2\/types\/post"}],"author":[{"embeddable":true,"href":"https:\/\/www.quebakan.com\/v15\/wp-json\/wp\/v2\/users\/4"}],"replies":[{"embeddable":true,"href":"https:\/\/www.quebakan.com\/v15\/wp-json\/wp\/v2\/comments?post=134124"}],"version-history":[{"count":1,"href":"https:\/\/www.quebakan.com\/v15\/wp-json\/wp\/v2\/posts\/134124\/revisions"}],"predecessor-version":[{"id":134128,"href":"https:\/\/www.quebakan.com\/v15\/wp-json\/wp\/v2\/posts\/134124\/revisions\/134128"}],"wp:featuredmedia":[{"embeddable":true,"href":"https:\/\/www.quebakan.com\/v15\/wp-json\/wp\/v2\/media\/134126"}],"wp:attachment":[{"href":"https:\/\/www.quebakan.com\/v15\/wp-json\/wp\/v2\/media?parent=134124"}],"wp:term":[{"taxonomy":"category","embeddable":true,"href":"https:\/\/www.quebakan.com\/v15\/wp-json\/wp\/v2\/categories?post=134124"},{"taxonomy":"post_tag","embeddable":true,"href":"https:\/\/www.quebakan.com\/v15\/wp-json\/wp\/v2\/tags?post=134124"}],"curies":[{"name":"wp","href":"https:\/\/api.w.org\/{rel}","templated":true}]}}