{"id":134133,"date":"2025-08-11T12:59:09","date_gmt":"2025-08-11T17:59:09","guid":{"rendered":"https:\/\/www.quebakan.com\/v15\/?p=134133"},"modified":"2025-08-11T12:59:09","modified_gmt":"2025-08-11T17:59:09","slug":"terpel-ecuador-impulsa-acciones-ambientales-en-quito-y-guayaquil-como-parte-de-su-programa-guardianes-del-planeta","status":"publish","type":"post","link":"https:\/\/www.quebakan.com\/v15\/terpel-ecuador-impulsa-acciones-ambientales-en-quito-y-guayaquil-como-parte-de-su-programa-guardianes-del-planeta\/","title":{"rendered":"Terpel Ecuador impulsa acciones ambientales en Quito y Guayaquil como parte de su programa Guardianes del Planeta"},"content":{"rendered":"<p><img fetchpriority=\"high\" decoding=\"async\" class=\"aligncenter size-full wp-image-134134\" src=\"https:\/\/www.quebakan.com\/v15\/wp-content\/uploads\/2025\/08\/250805_Foto1BP_GuardianesDelBosque_Terpel.jpg\" alt=\"\" width=\"700\" height=\"461\" \/><\/p>\n<p style=\"text-align: justify;\"><span style=\"color: #000000;\"><strong><em>Pie de foto: Colaboradores de Terpel Ecuador y sus familias durante la reforestaci\u00f3n en Nay\u00f3n, como parte de la iniciativa Guardianes del Bosque.<\/em><\/strong><\/span><\/p>\n<ul style=\"text-align: justify;\">\n<li><span style=\"color: #000000;\"><em>Terpel Ecuador sembr\u00f3 m\u00e1s de 200 \u00e1rboles en la zona de Nay\u00f3n, Quito, como parte de su iniciativa Guardianes del Bosque.<\/em><\/span><\/li>\n<li><span style=\"color: #000000;\"><em>En Guayaquil, la empresa realiz\u00f3 talleres educativos sobre sostenibilidad y reutilizaci\u00f3n del agua en alianza con la ESPOL.<\/em><\/span><\/li>\n<\/ul>\n<p style=\"text-align: justify;\"><span style=\"color: #000000;\"><strong>Quito, agosto de 2025<\/strong>.- Como parte de su compromiso con la sostenibilidad y el cuidado del medioambiente, <strong>Terpel Ecuador desarroll\u00f3 nuevas acciones de voluntariado como parte de su programa Guardianes del Planeta, destacando en esta ocasi\u00f3n el cap\u00edtulo Guardianes del Bosque<\/strong>. Las actividades se llevaron a cabo en las ciudades de Quito y Guayaquil, involucrando tanto a colaboradores de la empresa como a sus familias y comunidades locales.<\/span><\/p>\n<p style=\"text-align: justify;\"><span style=\"color: #000000;\">En Quito, la jornada de reforestaci\u00f3n se realiz\u00f3 en la zona de Nay\u00f3n, una de las m\u00e1s afectadas por los incendios forestales del a\u00f1o anterior. Con el apoyo t\u00e9cnico de la Secretar\u00eda de Ambiente del Municipio de Quito, m\u00e1s de 40 voluntarios sembraron alrededor de 200 \u00e1rboles, entre especies frutales como lim\u00f3n y mandarina, y otras end\u00e9micas del sector, seleccionadas por su capacidad de adaptaci\u00f3n y su aporte ecol\u00f3gico.<\/span><\/p>\n<p style=\"text-align: justify;\"><span style=\"color: #000000;\"><em>\u201cLa ciudad de Quito perdi\u00f3 muchos bosques durante los incendios del verano pasado. Por eso decidimos sumarnos a la recuperaci\u00f3n de estas \u00e1reas afectadas, trabajando de la mano con expertos que nos indicaron las mejores especies y el momento ideal para plantar\u201d<\/em>, explic\u00f3 Priscila Villalba, Jefe Senior de Gesti\u00f3n Humana y Asuntos Corporativos de Terpel Ecuador. Agreg\u00f3, adem\u00e1s que <em>\u201cGuardianes del Bosque forma parte de nuestro compromiso por reducir nuestra huella de carbono y actuar con responsabilidad en los territorios donde operamos, como verdaderos Aliados Pa\u00eds\u201d.<\/em><\/span><\/p>\n<p style=\"text-align: justify;\"><span style=\"color: #000000;\">Para asegurar la supervivencia de los \u00e1rboles sembrados, Terpel firm\u00f3 un acuerdo con la Secretar\u00eda de Ambiente y el GAD parroquial, quienes, junto con representantes comunitarios, ser\u00e1n los encargados del mantenimiento y riego de los \u00e1rboles. Adem\u00e1s, la comunidad de Nay\u00f3n particip\u00f3 activamente en la jornada, valorando el aporte de la empresa privada a la recuperaci\u00f3n ambiental de su territorio.<\/span><\/p>\n<p style=\"text-align: justify;\"><span style=\"color: #000000;\">En Guayaquil, por otro lado, Terpel Ecuador organiz\u00f3 una actividad educativa en alianza con \u00a1Aj\u00e1! Parque de la Ciencia, de la ESPOL. All\u00ed, ni\u00f1os y ni\u00f1as participaron en talleres pr\u00e1cticos sobre el cuidado del medioambiente, en los que construyeron filtros naturales de agua como ejercicio de reutilizaci\u00f3n y preservaci\u00f3n del recurso.<\/span><\/p>\n<p style=\"text-align: justify;\"><span style=\"color: #000000;\">Estas acciones reflejan el compromiso integral de Terpel Ecuador con la sostenibilidad y el desarrollo social, al promover una cultura ambiental desde edades tempranas, fortalecer el v\u00ednculo con las comunidades y colaborar activamente con aliados p\u00fablicos, acad\u00e9micos y comunitarios. A trav\u00e9s del programa Guardianes del Planeta, la compa\u00f1\u00eda ratifica su rol como Aliado Pa\u00eds, sumando esfuerzos para regenerar \u00e1reas afectadas, educar sobre sostenibilidad y construir juntos un futuro m\u00e1s verde.<\/span><\/p>\n<p><img decoding=\"async\" class=\"aligncenter size-full wp-image-134135\" src=\"https:\/\/www.quebakan.com\/v15\/wp-content\/uploads\/2025\/08\/FRA04446.jpg\" alt=\"\" width=\"700\" height=\"501\" srcset=\"https:\/\/www.quebakan.com\/v15\/wp-content\/uploads\/2025\/08\/FRA04446.jpg 700w, https:\/\/www.quebakan.com\/v15\/wp-content\/uploads\/2025\/08\/FRA04446-120x86.jpg 120w, https:\/\/www.quebakan.com\/v15\/wp-content\/uploads\/2025\/08\/FRA04446-350x250.jpg 350w\" sizes=\"(max-width: 700px) 100vw, 700px\" \/><\/p>\n<p>&nbsp;<\/p>\n<p><img decoding=\"async\" class=\"aligncenter size-full wp-image-134136\" src=\"https:\/\/www.quebakan.com\/v15\/wp-content\/uploads\/2025\/08\/250805_Foto3BP_GuardianesDelBosque_Terpel.jpg\" alt=\"\" width=\"700\" height=\"467\" \/><\/p>\n","protected":false},"excerpt":{"rendered":"<p>Pie de foto: Colaboradores de Terpel Ecuador y sus familias durante la reforestaci\u00f3n en Nay\u00f3n, como parte de la iniciativa Guardianes del Bosque. Terpel Ecuador sembr\u00f3 m\u00e1s de 200 \u00e1rboles en la zona de Nay\u00f3n, Quito, como parte de su iniciativa Guardianes del Bosque. En Guayaquil, la empresa realiz\u00f3 talleres educativos sobre sostenibilidad y reutilizaci\u00f3n [&hellip;]<\/p>\n","protected":false},"author":4,"featured_media":134134,"comment_status":"closed","ping_status":"closed","sticky":false,"template":"","format":"standard","meta":{"_bbp_topic_count":0,"_bbp_reply_count":0,"_bbp_total_topic_count":0,"_bbp_total_reply_count":0,"_bbp_voice_count":0,"_bbp_anonymous_reply_count":0,"_bbp_topic_count_hidden":0,"_bbp_reply_count_hidden":0,"_bbp_forum_subforum_count":0,"buzzeditor_post_format":"","footnotes":""},"categories":[2],"tags":[],"class_list":["post-134133","post","type-post","status-publish","format-standard","has-post-thumbnail","hentry","category-noticias"],"yoast_head":"<!-- This site is optimized with the Yoast SEO plugin v27.5 - https:\/\/yoast.com\/product\/yoast-seo-wordpress\/ -->\n<title>Terpel Ecuador impulsa acciones ambientales en Quito y Guayaquil como parte de su programa Guardianes del Planeta &#8211; QUEBAKAN.COM 2026: Noticias, Eventos, Conciertos y mucho m\u00e1s....<\/title>\n<meta name=\"robots\" content=\"index, follow, max-snippet:-1, max-image-preview:large, max-video-preview:-1\" \/>\n<link rel=\"canonical\" href=\"https:\/\/www.quebakan.com\/v15\/terpel-ecuador-impulsa-acciones-ambientales-en-quito-y-guayaquil-como-parte-de-su-programa-guardianes-del-planeta\/\" \/>\n<meta property=\"og:locale\" content=\"es_ES\" \/>\n<meta property=\"og:type\" content=\"article\" \/>\n<meta property=\"og:title\" content=\"Terpel Ecuador impulsa acciones ambientales en Quito y Guayaquil como parte de su programa Guardianes del Planeta &#8211; QUEBAKAN.COM 2026: Noticias, Eventos, Conciertos y mucho m\u00e1s....\" \/>\n<meta property=\"og:description\" content=\"Pie de foto: Colaboradores de Terpel Ecuador y sus familias durante la reforestaci\u00f3n en Nay\u00f3n, como parte de la iniciativa Guardianes del Bosque. Terpel Ecuador sembr\u00f3 m\u00e1s de 200 \u00e1rboles en la zona de Nay\u00f3n, Quito, como parte de su iniciativa Guardianes del Bosque. En Guayaquil, la empresa realiz\u00f3 talleres educativos sobre sostenibilidad y reutilizaci\u00f3n [&hellip;]\" \/>\n<meta property=\"og:url\" content=\"https:\/\/www.quebakan.com\/v15\/terpel-ecuador-impulsa-acciones-ambientales-en-quito-y-guayaquil-como-parte-de-su-programa-guardianes-del-planeta\/\" \/>\n<meta property=\"og:site_name\" content=\"QUEBAKAN.COM 2026: Noticias, Eventos, Conciertos y mucho m\u00e1s....\" \/>\n<meta property=\"article:publisher\" content=\"http:\/\/www.facebook.com\/quebakan\" \/>\n<meta property=\"article:published_time\" content=\"2025-08-11T17:59:09+00:00\" \/>\n<meta property=\"og:image\" content=\"https:\/\/www.quebakan.com\/v15\/wp-content\/uploads\/2025\/08\/250805_Foto1BP_GuardianesDelBosque_Terpel.jpg\" \/>\n\t<meta property=\"og:image:width\" content=\"700\" \/>\n\t<meta property=\"og:image:height\" content=\"461\" \/>\n\t<meta property=\"og:image:type\" content=\"image\/jpeg\" \/>\n<meta name=\"author\" content=\"Erick Villafuerte\" \/>\n<meta name=\"twitter:card\" content=\"summary_large_image\" \/>\n<meta name=\"twitter:creator\" content=\"@quebakanec\" \/>\n<meta name=\"twitter:site\" content=\"@quebakanec\" \/>\n<meta name=\"twitter:label1\" content=\"Escrito por\" \/>\n\t<meta name=\"twitter:data1\" content=\"Erick Villafuerte\" \/>\n\t<meta name=\"twitter:label2\" content=\"Tiempo de lectura\" \/>\n\t<meta name=\"twitter:data2\" content=\"3 minutos\" \/>\n<script type=\"application\/ld+json\" class=\"yoast-schema-graph\">{\"@context\":\"https:\\\/\\\/schema.org\",\"@graph\":[{\"@type\":\"Article\",\"@id\":\"https:\\\/\\\/www.quebakan.com\\\/v15\\\/terpel-ecuador-impulsa-acciones-ambientales-en-quito-y-guayaquil-como-parte-de-su-programa-guardianes-del-planeta\\\/#article\",\"isPartOf\":{\"@id\":\"https:\\\/\\\/www.quebakan.com\\\/v15\\\/terpel-ecuador-impulsa-acciones-ambientales-en-quito-y-guayaquil-como-parte-de-su-programa-guardianes-del-planeta\\\/\"},\"author\":{\"name\":\"Erick Villafuerte\",\"@id\":\"https:\\\/\\\/www.quebakan.com\\\/v15\\\/#\\\/schema\\\/person\\\/d90fa9f9cfa81eb8ace9811e5b7b9118\"},\"headline\":\"Terpel Ecuador impulsa acciones ambientales en Quito y Guayaquil como parte de su programa Guardianes del Planeta\",\"datePublished\":\"2025-08-11T17:59:09+00:00\",\"mainEntityOfPage\":{\"@id\":\"https:\\\/\\\/www.quebakan.com\\\/v15\\\/terpel-ecuador-impulsa-acciones-ambientales-en-quito-y-guayaquil-como-parte-de-su-programa-guardianes-del-planeta\\\/\"},\"wordCount\":520,\"publisher\":{\"@id\":\"https:\\\/\\\/www.quebakan.com\\\/v15\\\/#organization\"},\"image\":{\"@id\":\"https:\\\/\\\/www.quebakan.com\\\/v15\\\/terpel-ecuador-impulsa-acciones-ambientales-en-quito-y-guayaquil-como-parte-de-su-programa-guardianes-del-planeta\\\/#primaryimage\"},\"thumbnailUrl\":\"https:\\\/\\\/www.quebakan.com\\\/v15\\\/wp-content\\\/uploads\\\/2025\\\/08\\\/250805_Foto1BP_GuardianesDelBosque_Terpel.jpg\",\"articleSection\":[\"Noticias\"],\"inLanguage\":\"es\"},{\"@type\":\"WebPage\",\"@id\":\"https:\\\/\\\/www.quebakan.com\\\/v15\\\/terpel-ecuador-impulsa-acciones-ambientales-en-quito-y-guayaquil-como-parte-de-su-programa-guardianes-del-planeta\\\/\",\"url\":\"https:\\\/\\\/www.quebakan.com\\\/v15\\\/terpel-ecuador-impulsa-acciones-ambientales-en-quito-y-guayaquil-como-parte-de-su-programa-guardianes-del-planeta\\\/\",\"name\":\"Terpel Ecuador impulsa acciones ambientales en Quito y Guayaquil como parte de su programa Guardianes del Planeta &#8211; QUEBAKAN.COM 2026: Noticias, Eventos, Conciertos y mucho m\u00e1s....\",\"isPartOf\":{\"@id\":\"https:\\\/\\\/www.quebakan.com\\\/v15\\\/#website\"},\"primaryImageOfPage\":{\"@id\":\"https:\\\/\\\/www.quebakan.com\\\/v15\\\/terpel-ecuador-impulsa-acciones-ambientales-en-quito-y-guayaquil-como-parte-de-su-programa-guardianes-del-planeta\\\/#primaryimage\"},\"image\":{\"@id\":\"https:\\\/\\\/www.quebakan.com\\\/v15\\\/terpel-ecuador-impulsa-acciones-ambientales-en-quito-y-guayaquil-como-parte-de-su-programa-guardianes-del-planeta\\\/#primaryimage\"},\"thumbnailUrl\":\"https:\\\/\\\/www.quebakan.com\\\/v15\\\/wp-content\\\/uploads\\\/2025\\\/08\\\/250805_Foto1BP_GuardianesDelBosque_Terpel.jpg\",\"datePublished\":\"2025-08-11T17:59:09+00:00\",\"breadcrumb\":{\"@id\":\"https:\\\/\\\/www.quebakan.com\\\/v15\\\/terpel-ecuador-impulsa-acciones-ambientales-en-quito-y-guayaquil-como-parte-de-su-programa-guardianes-del-planeta\\\/#breadcrumb\"},\"inLanguage\":\"es\",\"potentialAction\":[{\"@type\":\"ReadAction\",\"target\":[\"https:\\\/\\\/www.quebakan.com\\\/v15\\\/terpel-ecuador-impulsa-acciones-ambientales-en-quito-y-guayaquil-como-parte-de-su-programa-guardianes-del-planeta\\\/\"]}]},{\"@type\":\"ImageObject\",\"inLanguage\":\"es\",\"@id\":\"https:\\\/\\\/www.quebakan.com\\\/v15\\\/terpel-ecuador-impulsa-acciones-ambientales-en-quito-y-guayaquil-como-parte-de-su-programa-guardianes-del-planeta\\\/#primaryimage\",\"url\":\"https:\\\/\\\/www.quebakan.com\\\/v15\\\/wp-content\\\/uploads\\\/2025\\\/08\\\/250805_Foto1BP_GuardianesDelBosque_Terpel.jpg\",\"contentUrl\":\"https:\\\/\\\/www.quebakan.com\\\/v15\\\/wp-content\\\/uploads\\\/2025\\\/08\\\/250805_Foto1BP_GuardianesDelBosque_Terpel.jpg\",\"width\":700,\"height\":461},{\"@type\":\"BreadcrumbList\",\"@id\":\"https:\\\/\\\/www.quebakan.com\\\/v15\\\/terpel-ecuador-impulsa-acciones-ambientales-en-quito-y-guayaquil-como-parte-de-su-programa-guardianes-del-planeta\\\/#breadcrumb\",\"itemListElement\":[{\"@type\":\"ListItem\",\"position\":1,\"name\":\"Portada\",\"item\":\"https:\\\/\\\/www.quebakan.com\\\/v15\\\/\"},{\"@type\":\"ListItem\",\"position\":2,\"name\":\"Terpel Ecuador impulsa acciones ambientales en Quito y Guayaquil como parte de su programa Guardianes del Planeta\"}]},{\"@type\":\"WebSite\",\"@id\":\"https:\\\/\\\/www.quebakan.com\\\/v15\\\/#website\",\"url\":\"https:\\\/\\\/www.quebakan.com\\\/v15\\\/\",\"name\":\"QUEBAKAN\",\"description\":\"..\",\"publisher\":{\"@id\":\"https:\\\/\\\/www.quebakan.com\\\/v15\\\/#organization\"},\"potentialAction\":[{\"@type\":\"SearchAction\",\"target\":{\"@type\":\"EntryPoint\",\"urlTemplate\":\"https:\\\/\\\/www.quebakan.com\\\/v15\\\/?s={search_term_string}\"},\"query-input\":{\"@type\":\"PropertyValueSpecification\",\"valueRequired\":true,\"valueName\":\"search_term_string\"}}],\"inLanguage\":\"es\"},{\"@type\":\"Organization\",\"@id\":\"https:\\\/\\\/www.quebakan.com\\\/v15\\\/#organization\",\"name\":\"Quebakan.com\",\"url\":\"https:\\\/\\\/www.quebakan.com\\\/v15\\\/\",\"logo\":{\"@type\":\"ImageObject\",\"inLanguage\":\"es\",\"@id\":\"https:\\\/\\\/www.quebakan.com\\\/v15\\\/#\\\/schema\\\/logo\\\/image\\\/\",\"url\":\"https:\\\/\\\/www.quebakan.com\\\/v15\\\/wp-content\\\/uploads\\\/2023\\\/07\\\/logoquebakanenero2021.jpg\",\"contentUrl\":\"https:\\\/\\\/www.quebakan.com\\\/v15\\\/wp-content\\\/uploads\\\/2023\\\/07\\\/logoquebakanenero2021.jpg\",\"width\":1920,\"height\":1080,\"caption\":\"Quebakan.com\"},\"image\":{\"@id\":\"https:\\\/\\\/www.quebakan.com\\\/v15\\\/#\\\/schema\\\/logo\\\/image\\\/\"},\"sameAs\":[\"http:\\\/\\\/www.facebook.com\\\/quebakan\",\"https:\\\/\\\/x.com\\\/quebakanec\",\"http:\\\/\\\/www.instagram.com\\\/quebakan\",\"http:\\\/\\\/www.youtube.com\\\/quebakan1\"]},{\"@type\":\"Person\",\"@id\":\"https:\\\/\\\/www.quebakan.com\\\/v15\\\/#\\\/schema\\\/person\\\/d90fa9f9cfa81eb8ace9811e5b7b9118\",\"name\":\"Erick Villafuerte\",\"image\":{\"@type\":\"ImageObject\",\"inLanguage\":\"es\",\"@id\":\"https:\\\/\\\/www.quebakan.com\\\/v15\\\/wp-content\\\/uploads\\\/avatars\\\/4\\\/1731297654-bpfull.png\",\"url\":\"https:\\\/\\\/www.quebakan.com\\\/v15\\\/wp-content\\\/uploads\\\/avatars\\\/4\\\/1731297654-bpfull.png\",\"contentUrl\":\"https:\\\/\\\/www.quebakan.com\\\/v15\\\/wp-content\\\/uploads\\\/avatars\\\/4\\\/1731297654-bpfull.png\",\"caption\":\"Erick Villafuerte\"}}]}<\/script>\n<!-- \/ Yoast SEO plugin. -->","yoast_head_json":{"title":"Terpel Ecuador impulsa acciones ambientales en Quito y Guayaquil como parte de su programa Guardianes del Planeta &#8211; QUEBAKAN.COM 2026: Noticias, Eventos, Conciertos y mucho m\u00e1s....","robots":{"index":"index","follow":"follow","max-snippet":"max-snippet:-1","max-image-preview":"max-image-preview:large","max-video-preview":"max-video-preview:-1"},"canonical":"https:\/\/www.quebakan.com\/v15\/terpel-ecuador-impulsa-acciones-ambientales-en-quito-y-guayaquil-como-parte-de-su-programa-guardianes-del-planeta\/","og_locale":"es_ES","og_type":"article","og_title":"Terpel Ecuador impulsa acciones ambientales en Quito y Guayaquil como parte de su programa Guardianes del Planeta &#8211; QUEBAKAN.COM 2026: Noticias, Eventos, Conciertos y mucho m\u00e1s....","og_description":"Pie de foto: Colaboradores de Terpel Ecuador y sus familias durante la reforestaci\u00f3n en Nay\u00f3n, como parte de la iniciativa Guardianes del Bosque. Terpel Ecuador sembr\u00f3 m\u00e1s de 200 \u00e1rboles en la zona de Nay\u00f3n, Quito, como parte de su iniciativa Guardianes del Bosque. En Guayaquil, la empresa realiz\u00f3 talleres educativos sobre sostenibilidad y reutilizaci\u00f3n [&hellip;]","og_url":"https:\/\/www.quebakan.com\/v15\/terpel-ecuador-impulsa-acciones-ambientales-en-quito-y-guayaquil-como-parte-de-su-programa-guardianes-del-planeta\/","og_site_name":"QUEBAKAN.COM 2026: Noticias, Eventos, Conciertos y mucho m\u00e1s....","article_publisher":"http:\/\/www.facebook.com\/quebakan","article_published_time":"2025-08-11T17:59:09+00:00","og_image":[{"width":700,"height":461,"url":"https:\/\/www.quebakan.com\/v15\/wp-content\/uploads\/2025\/08\/250805_Foto1BP_GuardianesDelBosque_Terpel.jpg","type":"image\/jpeg"}],"author":"Erick Villafuerte","twitter_card":"summary_large_image","twitter_creator":"@quebakanec","twitter_site":"@quebakanec","twitter_misc":{"Escrito por":"Erick Villafuerte","Tiempo de lectura":"3 minutos"},"schema":{"@context":"https:\/\/schema.org","@graph":[{"@type":"Article","@id":"https:\/\/www.quebakan.com\/v15\/terpel-ecuador-impulsa-acciones-ambientales-en-quito-y-guayaquil-como-parte-de-su-programa-guardianes-del-planeta\/#article","isPartOf":{"@id":"https:\/\/www.quebakan.com\/v15\/terpel-ecuador-impulsa-acciones-ambientales-en-quito-y-guayaquil-como-parte-de-su-programa-guardianes-del-planeta\/"},"author":{"name":"Erick Villafuerte","@id":"https:\/\/www.quebakan.com\/v15\/#\/schema\/person\/d90fa9f9cfa81eb8ace9811e5b7b9118"},"headline":"Terpel Ecuador impulsa acciones ambientales en Quito y Guayaquil como parte de su programa Guardianes del Planeta","datePublished":"2025-08-11T17:59:09+00:00","mainEntityOfPage":{"@id":"https:\/\/www.quebakan.com\/v15\/terpel-ecuador-impulsa-acciones-ambientales-en-quito-y-guayaquil-como-parte-de-su-programa-guardianes-del-planeta\/"},"wordCount":520,"publisher":{"@id":"https:\/\/www.quebakan.com\/v15\/#organization"},"image":{"@id":"https:\/\/www.quebakan.com\/v15\/terpel-ecuador-impulsa-acciones-ambientales-en-quito-y-guayaquil-como-parte-de-su-programa-guardianes-del-planeta\/#primaryimage"},"thumbnailUrl":"https:\/\/www.quebakan.com\/v15\/wp-content\/uploads\/2025\/08\/250805_Foto1BP_GuardianesDelBosque_Terpel.jpg","articleSection":["Noticias"],"inLanguage":"es"},{"@type":"WebPage","@id":"https:\/\/www.quebakan.com\/v15\/terpel-ecuador-impulsa-acciones-ambientales-en-quito-y-guayaquil-como-parte-de-su-programa-guardianes-del-planeta\/","url":"https:\/\/www.quebakan.com\/v15\/terpel-ecuador-impulsa-acciones-ambientales-en-quito-y-guayaquil-como-parte-de-su-programa-guardianes-del-planeta\/","name":"Terpel Ecuador impulsa acciones ambientales en Quito y Guayaquil como parte de su programa Guardianes del Planeta &#8211; QUEBAKAN.COM 2026: Noticias, Eventos, Conciertos y mucho m\u00e1s....","isPartOf":{"@id":"https:\/\/www.quebakan.com\/v15\/#website"},"primaryImageOfPage":{"@id":"https:\/\/www.quebakan.com\/v15\/terpel-ecuador-impulsa-acciones-ambientales-en-quito-y-guayaquil-como-parte-de-su-programa-guardianes-del-planeta\/#primaryimage"},"image":{"@id":"https:\/\/www.quebakan.com\/v15\/terpel-ecuador-impulsa-acciones-ambientales-en-quito-y-guayaquil-como-parte-de-su-programa-guardianes-del-planeta\/#primaryimage"},"thumbnailUrl":"https:\/\/www.quebakan.com\/v15\/wp-content\/uploads\/2025\/08\/250805_Foto1BP_GuardianesDelBosque_Terpel.jpg","datePublished":"2025-08-11T17:59:09+00:00","breadcrumb":{"@id":"https:\/\/www.quebakan.com\/v15\/terpel-ecuador-impulsa-acciones-ambientales-en-quito-y-guayaquil-como-parte-de-su-programa-guardianes-del-planeta\/#breadcrumb"},"inLanguage":"es","potentialAction":[{"@type":"ReadAction","target":["https:\/\/www.quebakan.com\/v15\/terpel-ecuador-impulsa-acciones-ambientales-en-quito-y-guayaquil-como-parte-de-su-programa-guardianes-del-planeta\/"]}]},{"@type":"ImageObject","inLanguage":"es","@id":"https:\/\/www.quebakan.com\/v15\/terpel-ecuador-impulsa-acciones-ambientales-en-quito-y-guayaquil-como-parte-de-su-programa-guardianes-del-planeta\/#primaryimage","url":"https:\/\/www.quebakan.com\/v15\/wp-content\/uploads\/2025\/08\/250805_Foto1BP_GuardianesDelBosque_Terpel.jpg","contentUrl":"https:\/\/www.quebakan.com\/v15\/wp-content\/uploads\/2025\/08\/250805_Foto1BP_GuardianesDelBosque_Terpel.jpg","width":700,"height":461},{"@type":"BreadcrumbList","@id":"https:\/\/www.quebakan.com\/v15\/terpel-ecuador-impulsa-acciones-ambientales-en-quito-y-guayaquil-como-parte-de-su-programa-guardianes-del-planeta\/#breadcrumb","itemListElement":[{"@type":"ListItem","position":1,"name":"Portada","item":"https:\/\/www.quebakan.com\/v15\/"},{"@type":"ListItem","position":2,"name":"Terpel Ecuador impulsa acciones ambientales en Quito y Guayaquil como parte de su programa Guardianes del Planeta"}]},{"@type":"WebSite","@id":"https:\/\/www.quebakan.com\/v15\/#website","url":"https:\/\/www.quebakan.com\/v15\/","name":"QUEBAKAN","description":"..","publisher":{"@id":"https:\/\/www.quebakan.com\/v15\/#organization"},"potentialAction":[{"@type":"SearchAction","target":{"@type":"EntryPoint","urlTemplate":"https:\/\/www.quebakan.com\/v15\/?s={search_term_string}"},"query-input":{"@type":"PropertyValueSpecification","valueRequired":true,"valueName":"search_term_string"}}],"inLanguage":"es"},{"@type":"Organization","@id":"https:\/\/www.quebakan.com\/v15\/#organization","name":"Quebakan.com","url":"https:\/\/www.quebakan.com\/v15\/","logo":{"@type":"ImageObject","inLanguage":"es","@id":"https:\/\/www.quebakan.com\/v15\/#\/schema\/logo\/image\/","url":"https:\/\/www.quebakan.com\/v15\/wp-content\/uploads\/2023\/07\/logoquebakanenero2021.jpg","contentUrl":"https:\/\/www.quebakan.com\/v15\/wp-content\/uploads\/2023\/07\/logoquebakanenero2021.jpg","width":1920,"height":1080,"caption":"Quebakan.com"},"image":{"@id":"https:\/\/www.quebakan.com\/v15\/#\/schema\/logo\/image\/"},"sameAs":["http:\/\/www.facebook.com\/quebakan","https:\/\/x.com\/quebakanec","http:\/\/www.instagram.com\/quebakan","http:\/\/www.youtube.com\/quebakan1"]},{"@type":"Person","@id":"https:\/\/www.quebakan.com\/v15\/#\/schema\/person\/d90fa9f9cfa81eb8ace9811e5b7b9118","name":"Erick Villafuerte","image":{"@type":"ImageObject","inLanguage":"es","@id":"https:\/\/www.quebakan.com\/v15\/wp-content\/uploads\/avatars\/4\/1731297654-bpfull.png","url":"https:\/\/www.quebakan.com\/v15\/wp-content\/uploads\/avatars\/4\/1731297654-bpfull.png","contentUrl":"https:\/\/www.quebakan.com\/v15\/wp-content\/uploads\/avatars\/4\/1731297654-bpfull.png","caption":"Erick Villafuerte"}}]}},"_links":{"self":[{"href":"https:\/\/www.quebakan.com\/v15\/wp-json\/wp\/v2\/posts\/134133","targetHints":{"allow":["GET"]}}],"collection":[{"href":"https:\/\/www.quebakan.com\/v15\/wp-json\/wp\/v2\/posts"}],"about":[{"href":"https:\/\/www.quebakan.com\/v15\/wp-json\/wp\/v2\/types\/post"}],"author":[{"embeddable":true,"href":"https:\/\/www.quebakan.com\/v15\/wp-json\/wp\/v2\/users\/4"}],"replies":[{"embeddable":true,"href":"https:\/\/www.quebakan.com\/v15\/wp-json\/wp\/v2\/comments?post=134133"}],"version-history":[{"count":1,"href":"https:\/\/www.quebakan.com\/v15\/wp-json\/wp\/v2\/posts\/134133\/revisions"}],"predecessor-version":[{"id":134137,"href":"https:\/\/www.quebakan.com\/v15\/wp-json\/wp\/v2\/posts\/134133\/revisions\/134137"}],"wp:featuredmedia":[{"embeddable":true,"href":"https:\/\/www.quebakan.com\/v15\/wp-json\/wp\/v2\/media\/134134"}],"wp:attachment":[{"href":"https:\/\/www.quebakan.com\/v15\/wp-json\/wp\/v2\/media?parent=134133"}],"wp:term":[{"taxonomy":"category","embeddable":true,"href":"https:\/\/www.quebakan.com\/v15\/wp-json\/wp\/v2\/categories?post=134133"},{"taxonomy":"post_tag","embeddable":true,"href":"https:\/\/www.quebakan.com\/v15\/wp-json\/wp\/v2\/tags?post=134133"}],"curies":[{"name":"wp","href":"https:\/\/api.w.org\/{rel}","templated":true}]}}