{"id":134153,"date":"2025-08-11T18:30:50","date_gmt":"2025-08-11T23:30:50","guid":{"rendered":"https:\/\/www.quebakan.com\/v15\/?p=134153"},"modified":"2025-08-11T18:30:50","modified_gmt":"2025-08-11T23:30:50","slug":"veris-invierte-15-millones-en-centros-medicos-y-genera-mas-de-1-800-nuevos-empleos-en-ecuador","status":"publish","type":"post","link":"https:\/\/www.quebakan.com\/v15\/veris-invierte-15-millones-en-centros-medicos-y-genera-mas-de-1-800-nuevos-empleos-en-ecuador\/","title":{"rendered":"Veris invierte $15 millones en centros m\u00e9dicos y genera m\u00e1s de 1.800 nuevos empleos en Ecuador"},"content":{"rendered":"<p><img fetchpriority=\"high\" decoding=\"async\" class=\"aligncenter size-full wp-image-134154\" src=\"https:\/\/www.quebakan.com\/v15\/wp-content\/uploads\/2025\/08\/VERIS-kennedy.jpg\" alt=\"\" width=\"700\" height=\"467\" \/><\/p>\n<p style=\"text-align: justify;\"><span style=\"color: #000000;\"><em>La compa\u00f1\u00eda abrir\u00e1 21 nuevos centros m\u00e9dicos en Guayaquil y Quito entre 2025 y 2029, fortaleciendo su compromiso de transformar el acceso a la salud en el pa\u00eds.<\/em><\/span><\/p>\n<p style=\"text-align: justify;\"><span style=\"color: #000000;\"><strong>Julio 2025.<\/strong> Veris S.A., empresa l\u00edder en salud ambulatoria en Ecuador, anuncia un ambicioso plan de expansi\u00f3n nacional con prop\u00f3sito: la apertura de <strong>21 nuevos centros m\u00e9dicos<\/strong> \u201418 bajo la marca Para M\u00ed y 3 Centrales M\u00e9dicas Veris\u2014 que ser\u00e1n implementados de forma progresiva entre 2025 y 2029 en Quito y Guayaquil.<\/span><\/p>\n<p style=\"text-align: justify;\"><span style=\"color: #000000;\">Este proyecto representa una <strong>inversi\u00f3n total de USD 15 millones<\/strong>, destinada al dise\u00f1o, construcci\u00f3n, equipamiento e implementaci\u00f3n operativa de estos nuevos espacios de atenci\u00f3n. Adem\u00e1s, contempla la creaci\u00f3n de m\u00e1s de <strong>1.800 plazas de trabajo directas<\/strong>, incluyendo personal m\u00e9dico, administrativo, t\u00e9cnico y de soporte, lo que generar\u00e1 un impacto positivo estimado en m\u00e1s de 5.000 personas.<\/span><\/p>\n<p style=\"text-align: justify;\"><span style=\"color: #000000;\"><em>\u201c<\/em><em>Estamos convencidos de que esta inversi\u00f3n marca un hito en nuestro camino por ofrecer una atenci\u00f3n m\u00e1s accesible, humana y eficiente para todos nuestros pacientes y<\/em><em> responde directamente a nuestro prop\u00f3sito: hacer que las personas vivan m\u00e1s y vivan mejor. Queremos acercar servicios de salud confiables y oportunos a los lugares donde m\u00e1s se necesitan con est\u00e1ndares modernos y enfoques comunitarios\u201d,<\/em> se\u00f1al\u00f3 Jorge Wills, presidente ejecutivo de Veris.<\/span><\/p>\n<p style=\"text-align: justify;\"><span style=\"color: #000000;\">Los nuevos centros estar\u00e1n estrat\u00e9gicamente ubicados en zonas de alta densidad poblacional, priorizando \u00e1reas con limitado acceso a servicios m\u00e9dicos ambulatorios. La expansi\u00f3n combinar\u00e1 dos modelos complementarios: Centrales M\u00e9dicas Veris, enfocadas en atenci\u00f3n especializada y diagn\u00f3stico, y centros Para M\u00ed, una propuesta innovadora de atenci\u00f3n ambulatoria r\u00e1pida, humana y cercana al barrio.<\/span><\/p>\n<p style=\"text-align: justify;\"><span style=\"color: #000000;\">Con una vocaci\u00f3n social marcada, los centros Para M\u00ed est\u00e1n dise\u00f1ados para atender a personas que tradicionalmente han quedado excluidas del sistema asegurador privado. Su modelo elimina tr\u00e1mites y barreras de entrada, priorizando una experiencia de atenci\u00f3n digna, eficiente y de calidad.<\/span><\/p>\n<p style=\"text-align: justify;\"><span style=\"color: #000000;\">Los nuevos centros integrar\u00e1n tecnolog\u00edas de punta: historia cl\u00ednica digital unificada, registro sin papeles, m\u00f3dulos de telemedicina asistida y equipos de diagn\u00f3stico con resultados en tiempo real. Todo esto en instalaciones dise\u00f1adas bajo est\u00e1ndares de accesibilidad y eficiencia, para asegurar una atenci\u00f3n continua, r\u00e1pida y segura.<\/span><\/p>\n<p style=\"text-align: justify;\"><span style=\"color: #000000;\">Las primeras aperturas se concentrar\u00e1n en Quito y Guayaquil, ciudades que concentran las mayores brechas de acceso ambulatorio y un alto n\u00famero de pacientes sin cobertura privada. Esta primera fase permitir\u00e1 consolidar un modelo replicable en futuras fases de expansi\u00f3n hacia otras regiones del pa\u00eds. Con este paso, Veris reafirma su compromiso con Ecuador, apostando por un sistema de salud m\u00e1s inclusivo, moderno y humano.<\/span><\/p>\n<p><img decoding=\"async\" class=\"aligncenter size-full wp-image-134155\" src=\"https:\/\/www.quebakan.com\/v15\/wp-content\/uploads\/2025\/08\/Veris.jpg\" alt=\"\" width=\"700\" height=\"458\" \/><\/p>\n<p>&nbsp;<\/p>\n<p><img decoding=\"async\" class=\"aligncenter size-full wp-image-134156\" src=\"https:\/\/www.quebakan.com\/v15\/wp-content\/uploads\/2025\/08\/A7406565.jpg\" alt=\"\" width=\"700\" height=\"467\" \/><\/p>\n<p>&nbsp;<\/p>\n<p><img loading=\"lazy\" decoding=\"async\" class=\"aligncenter size-full wp-image-134157\" src=\"https:\/\/www.quebakan.com\/v15\/wp-content\/uploads\/2025\/08\/A7406529.jpg\" alt=\"\" width=\"700\" height=\"467\" \/><\/p>\n<p>&nbsp;<\/p>\n<p><img loading=\"lazy\" decoding=\"async\" class=\"aligncenter size-full wp-image-134158\" src=\"https:\/\/www.quebakan.com\/v15\/wp-content\/uploads\/2025\/08\/A7406513.jpg\" alt=\"\" width=\"700\" height=\"467\" \/><\/p>\n","protected":false},"excerpt":{"rendered":"<p>La compa\u00f1\u00eda abrir\u00e1 21 nuevos centros m\u00e9dicos en Guayaquil y Quito entre 2025 y 2029, fortaleciendo su compromiso de transformar el acceso a la salud en el pa\u00eds. Julio 2025. Veris S.A., empresa l\u00edder en salud ambulatoria en Ecuador, anuncia un ambicioso plan de expansi\u00f3n nacional con prop\u00f3sito: la apertura de 21 nuevos centros m\u00e9dicos [&hellip;]<\/p>\n","protected":false},"author":4,"featured_media":134154,"comment_status":"closed","ping_status":"closed","sticky":false,"template":"","format":"standard","meta":{"_bbp_topic_count":0,"_bbp_reply_count":0,"_bbp_total_topic_count":0,"_bbp_total_reply_count":0,"_bbp_voice_count":0,"_bbp_anonymous_reply_count":0,"_bbp_topic_count_hidden":0,"_bbp_reply_count_hidden":0,"_bbp_forum_subforum_count":0,"buzzeditor_post_format":"","footnotes":""},"categories":[2],"tags":[],"class_list":["post-134153","post","type-post","status-publish","format-standard","has-post-thumbnail","hentry","category-noticias"],"yoast_head":"<!-- This site is optimized with the Yoast SEO plugin v27.5 - https:\/\/yoast.com\/product\/yoast-seo-wordpress\/ -->\n<title>Veris invierte $15 millones en centros m\u00e9dicos y genera m\u00e1s de 1.800 nuevos empleos en Ecuador &#8211; QUEBAKAN.COM 2026: Noticias, Eventos, Conciertos y mucho m\u00e1s....<\/title>\n<meta name=\"robots\" content=\"index, follow, max-snippet:-1, max-image-preview:large, max-video-preview:-1\" \/>\n<link rel=\"canonical\" href=\"https:\/\/www.quebakan.com\/v15\/veris-invierte-15-millones-en-centros-medicos-y-genera-mas-de-1-800-nuevos-empleos-en-ecuador\/\" \/>\n<meta property=\"og:locale\" content=\"es_ES\" \/>\n<meta property=\"og:type\" content=\"article\" \/>\n<meta property=\"og:title\" content=\"Veris invierte $15 millones en centros m\u00e9dicos y genera m\u00e1s de 1.800 nuevos empleos en Ecuador &#8211; QUEBAKAN.COM 2026: Noticias, Eventos, Conciertos y mucho m\u00e1s....\" \/>\n<meta property=\"og:description\" content=\"La compa\u00f1\u00eda abrir\u00e1 21 nuevos centros m\u00e9dicos en Guayaquil y Quito entre 2025 y 2029, fortaleciendo su compromiso de transformar el acceso a la salud en el pa\u00eds. Julio 2025. Veris S.A., empresa l\u00edder en salud ambulatoria en Ecuador, anuncia un ambicioso plan de expansi\u00f3n nacional con prop\u00f3sito: la apertura de 21 nuevos centros m\u00e9dicos [&hellip;]\" \/>\n<meta property=\"og:url\" content=\"https:\/\/www.quebakan.com\/v15\/veris-invierte-15-millones-en-centros-medicos-y-genera-mas-de-1-800-nuevos-empleos-en-ecuador\/\" \/>\n<meta property=\"og:site_name\" content=\"QUEBAKAN.COM 2026: Noticias, Eventos, Conciertos y mucho m\u00e1s....\" \/>\n<meta property=\"article:publisher\" content=\"http:\/\/www.facebook.com\/quebakan\" \/>\n<meta property=\"article:published_time\" content=\"2025-08-11T23:30:50+00:00\" \/>\n<meta property=\"og:image\" content=\"https:\/\/www.quebakan.com\/v15\/wp-content\/uploads\/2025\/08\/VERIS-kennedy.jpg\" \/>\n\t<meta property=\"og:image:width\" content=\"700\" \/>\n\t<meta property=\"og:image:height\" content=\"467\" \/>\n\t<meta property=\"og:image:type\" content=\"image\/jpeg\" \/>\n<meta name=\"author\" content=\"Erick Villafuerte\" \/>\n<meta name=\"twitter:card\" content=\"summary_large_image\" \/>\n<meta name=\"twitter:creator\" content=\"@quebakanec\" \/>\n<meta name=\"twitter:site\" content=\"@quebakanec\" \/>\n<meta name=\"twitter:label1\" content=\"Escrito por\" \/>\n\t<meta name=\"twitter:data1\" content=\"Erick Villafuerte\" \/>\n\t<meta name=\"twitter:label2\" content=\"Tiempo de lectura\" \/>\n\t<meta name=\"twitter:data2\" content=\"4 minutos\" \/>\n<script type=\"application\/ld+json\" class=\"yoast-schema-graph\">{\"@context\":\"https:\\\/\\\/schema.org\",\"@graph\":[{\"@type\":\"Article\",\"@id\":\"https:\\\/\\\/www.quebakan.com\\\/v15\\\/veris-invierte-15-millones-en-centros-medicos-y-genera-mas-de-1-800-nuevos-empleos-en-ecuador\\\/#article\",\"isPartOf\":{\"@id\":\"https:\\\/\\\/www.quebakan.com\\\/v15\\\/veris-invierte-15-millones-en-centros-medicos-y-genera-mas-de-1-800-nuevos-empleos-en-ecuador\\\/\"},\"author\":{\"name\":\"Erick Villafuerte\",\"@id\":\"https:\\\/\\\/www.quebakan.com\\\/v15\\\/#\\\/schema\\\/person\\\/d90fa9f9cfa81eb8ace9811e5b7b9118\"},\"headline\":\"Veris invierte $15 millones en centros m\u00e9dicos y genera m\u00e1s de 1.800 nuevos empleos en Ecuador\",\"datePublished\":\"2025-08-11T23:30:50+00:00\",\"mainEntityOfPage\":{\"@id\":\"https:\\\/\\\/www.quebakan.com\\\/v15\\\/veris-invierte-15-millones-en-centros-medicos-y-genera-mas-de-1-800-nuevos-empleos-en-ecuador\\\/\"},\"wordCount\":473,\"publisher\":{\"@id\":\"https:\\\/\\\/www.quebakan.com\\\/v15\\\/#organization\"},\"image\":{\"@id\":\"https:\\\/\\\/www.quebakan.com\\\/v15\\\/veris-invierte-15-millones-en-centros-medicos-y-genera-mas-de-1-800-nuevos-empleos-en-ecuador\\\/#primaryimage\"},\"thumbnailUrl\":\"https:\\\/\\\/www.quebakan.com\\\/v15\\\/wp-content\\\/uploads\\\/2025\\\/08\\\/VERIS-kennedy.jpg\",\"articleSection\":[\"Noticias\"],\"inLanguage\":\"es\"},{\"@type\":\"WebPage\",\"@id\":\"https:\\\/\\\/www.quebakan.com\\\/v15\\\/veris-invierte-15-millones-en-centros-medicos-y-genera-mas-de-1-800-nuevos-empleos-en-ecuador\\\/\",\"url\":\"https:\\\/\\\/www.quebakan.com\\\/v15\\\/veris-invierte-15-millones-en-centros-medicos-y-genera-mas-de-1-800-nuevos-empleos-en-ecuador\\\/\",\"name\":\"Veris invierte $15 millones en centros m\u00e9dicos y genera m\u00e1s de 1.800 nuevos empleos en Ecuador &#8211; QUEBAKAN.COM 2026: Noticias, Eventos, Conciertos y mucho m\u00e1s....\",\"isPartOf\":{\"@id\":\"https:\\\/\\\/www.quebakan.com\\\/v15\\\/#website\"},\"primaryImageOfPage\":{\"@id\":\"https:\\\/\\\/www.quebakan.com\\\/v15\\\/veris-invierte-15-millones-en-centros-medicos-y-genera-mas-de-1-800-nuevos-empleos-en-ecuador\\\/#primaryimage\"},\"image\":{\"@id\":\"https:\\\/\\\/www.quebakan.com\\\/v15\\\/veris-invierte-15-millones-en-centros-medicos-y-genera-mas-de-1-800-nuevos-empleos-en-ecuador\\\/#primaryimage\"},\"thumbnailUrl\":\"https:\\\/\\\/www.quebakan.com\\\/v15\\\/wp-content\\\/uploads\\\/2025\\\/08\\\/VERIS-kennedy.jpg\",\"datePublished\":\"2025-08-11T23:30:50+00:00\",\"breadcrumb\":{\"@id\":\"https:\\\/\\\/www.quebakan.com\\\/v15\\\/veris-invierte-15-millones-en-centros-medicos-y-genera-mas-de-1-800-nuevos-empleos-en-ecuador\\\/#breadcrumb\"},\"inLanguage\":\"es\",\"potentialAction\":[{\"@type\":\"ReadAction\",\"target\":[\"https:\\\/\\\/www.quebakan.com\\\/v15\\\/veris-invierte-15-millones-en-centros-medicos-y-genera-mas-de-1-800-nuevos-empleos-en-ecuador\\\/\"]}]},{\"@type\":\"ImageObject\",\"inLanguage\":\"es\",\"@id\":\"https:\\\/\\\/www.quebakan.com\\\/v15\\\/veris-invierte-15-millones-en-centros-medicos-y-genera-mas-de-1-800-nuevos-empleos-en-ecuador\\\/#primaryimage\",\"url\":\"https:\\\/\\\/www.quebakan.com\\\/v15\\\/wp-content\\\/uploads\\\/2025\\\/08\\\/VERIS-kennedy.jpg\",\"contentUrl\":\"https:\\\/\\\/www.quebakan.com\\\/v15\\\/wp-content\\\/uploads\\\/2025\\\/08\\\/VERIS-kennedy.jpg\",\"width\":700,\"height\":467},{\"@type\":\"BreadcrumbList\",\"@id\":\"https:\\\/\\\/www.quebakan.com\\\/v15\\\/veris-invierte-15-millones-en-centros-medicos-y-genera-mas-de-1-800-nuevos-empleos-en-ecuador\\\/#breadcrumb\",\"itemListElement\":[{\"@type\":\"ListItem\",\"position\":1,\"name\":\"Portada\",\"item\":\"https:\\\/\\\/www.quebakan.com\\\/v15\\\/\"},{\"@type\":\"ListItem\",\"position\":2,\"name\":\"Veris invierte $15 millones en centros m\u00e9dicos y genera m\u00e1s de 1.800 nuevos empleos en Ecuador\"}]},{\"@type\":\"WebSite\",\"@id\":\"https:\\\/\\\/www.quebakan.com\\\/v15\\\/#website\",\"url\":\"https:\\\/\\\/www.quebakan.com\\\/v15\\\/\",\"name\":\"QUEBAKAN\",\"description\":\"..\",\"publisher\":{\"@id\":\"https:\\\/\\\/www.quebakan.com\\\/v15\\\/#organization\"},\"potentialAction\":[{\"@type\":\"SearchAction\",\"target\":{\"@type\":\"EntryPoint\",\"urlTemplate\":\"https:\\\/\\\/www.quebakan.com\\\/v15\\\/?s={search_term_string}\"},\"query-input\":{\"@type\":\"PropertyValueSpecification\",\"valueRequired\":true,\"valueName\":\"search_term_string\"}}],\"inLanguage\":\"es\"},{\"@type\":\"Organization\",\"@id\":\"https:\\\/\\\/www.quebakan.com\\\/v15\\\/#organization\",\"name\":\"Quebakan.com\",\"url\":\"https:\\\/\\\/www.quebakan.com\\\/v15\\\/\",\"logo\":{\"@type\":\"ImageObject\",\"inLanguage\":\"es\",\"@id\":\"https:\\\/\\\/www.quebakan.com\\\/v15\\\/#\\\/schema\\\/logo\\\/image\\\/\",\"url\":\"https:\\\/\\\/www.quebakan.com\\\/v15\\\/wp-content\\\/uploads\\\/2023\\\/07\\\/logoquebakanenero2021.jpg\",\"contentUrl\":\"https:\\\/\\\/www.quebakan.com\\\/v15\\\/wp-content\\\/uploads\\\/2023\\\/07\\\/logoquebakanenero2021.jpg\",\"width\":1920,\"height\":1080,\"caption\":\"Quebakan.com\"},\"image\":{\"@id\":\"https:\\\/\\\/www.quebakan.com\\\/v15\\\/#\\\/schema\\\/logo\\\/image\\\/\"},\"sameAs\":[\"http:\\\/\\\/www.facebook.com\\\/quebakan\",\"https:\\\/\\\/x.com\\\/quebakanec\",\"http:\\\/\\\/www.instagram.com\\\/quebakan\",\"http:\\\/\\\/www.youtube.com\\\/quebakan1\"]},{\"@type\":\"Person\",\"@id\":\"https:\\\/\\\/www.quebakan.com\\\/v15\\\/#\\\/schema\\\/person\\\/d90fa9f9cfa81eb8ace9811e5b7b9118\",\"name\":\"Erick Villafuerte\",\"image\":{\"@type\":\"ImageObject\",\"inLanguage\":\"es\",\"@id\":\"https:\\\/\\\/www.quebakan.com\\\/v15\\\/wp-content\\\/uploads\\\/avatars\\\/4\\\/1731297654-bpfull.png\",\"url\":\"https:\\\/\\\/www.quebakan.com\\\/v15\\\/wp-content\\\/uploads\\\/avatars\\\/4\\\/1731297654-bpfull.png\",\"contentUrl\":\"https:\\\/\\\/www.quebakan.com\\\/v15\\\/wp-content\\\/uploads\\\/avatars\\\/4\\\/1731297654-bpfull.png\",\"caption\":\"Erick Villafuerte\"}}]}<\/script>\n<!-- \/ Yoast SEO plugin. -->","yoast_head_json":{"title":"Veris invierte $15 millones en centros m\u00e9dicos y genera m\u00e1s de 1.800 nuevos empleos en Ecuador &#8211; QUEBAKAN.COM 2026: Noticias, Eventos, Conciertos y mucho m\u00e1s....","robots":{"index":"index","follow":"follow","max-snippet":"max-snippet:-1","max-image-preview":"max-image-preview:large","max-video-preview":"max-video-preview:-1"},"canonical":"https:\/\/www.quebakan.com\/v15\/veris-invierte-15-millones-en-centros-medicos-y-genera-mas-de-1-800-nuevos-empleos-en-ecuador\/","og_locale":"es_ES","og_type":"article","og_title":"Veris invierte $15 millones en centros m\u00e9dicos y genera m\u00e1s de 1.800 nuevos empleos en Ecuador &#8211; QUEBAKAN.COM 2026: Noticias, Eventos, Conciertos y mucho m\u00e1s....","og_description":"La compa\u00f1\u00eda abrir\u00e1 21 nuevos centros m\u00e9dicos en Guayaquil y Quito entre 2025 y 2029, fortaleciendo su compromiso de transformar el acceso a la salud en el pa\u00eds. Julio 2025. Veris S.A., empresa l\u00edder en salud ambulatoria en Ecuador, anuncia un ambicioso plan de expansi\u00f3n nacional con prop\u00f3sito: la apertura de 21 nuevos centros m\u00e9dicos [&hellip;]","og_url":"https:\/\/www.quebakan.com\/v15\/veris-invierte-15-millones-en-centros-medicos-y-genera-mas-de-1-800-nuevos-empleos-en-ecuador\/","og_site_name":"QUEBAKAN.COM 2026: Noticias, Eventos, Conciertos y mucho m\u00e1s....","article_publisher":"http:\/\/www.facebook.com\/quebakan","article_published_time":"2025-08-11T23:30:50+00:00","og_image":[{"width":700,"height":467,"url":"https:\/\/www.quebakan.com\/v15\/wp-content\/uploads\/2025\/08\/VERIS-kennedy.jpg","type":"image\/jpeg"}],"author":"Erick Villafuerte","twitter_card":"summary_large_image","twitter_creator":"@quebakanec","twitter_site":"@quebakanec","twitter_misc":{"Escrito por":"Erick Villafuerte","Tiempo de lectura":"4 minutos"},"schema":{"@context":"https:\/\/schema.org","@graph":[{"@type":"Article","@id":"https:\/\/www.quebakan.com\/v15\/veris-invierte-15-millones-en-centros-medicos-y-genera-mas-de-1-800-nuevos-empleos-en-ecuador\/#article","isPartOf":{"@id":"https:\/\/www.quebakan.com\/v15\/veris-invierte-15-millones-en-centros-medicos-y-genera-mas-de-1-800-nuevos-empleos-en-ecuador\/"},"author":{"name":"Erick Villafuerte","@id":"https:\/\/www.quebakan.com\/v15\/#\/schema\/person\/d90fa9f9cfa81eb8ace9811e5b7b9118"},"headline":"Veris invierte $15 millones en centros m\u00e9dicos y genera m\u00e1s de 1.800 nuevos empleos en Ecuador","datePublished":"2025-08-11T23:30:50+00:00","mainEntityOfPage":{"@id":"https:\/\/www.quebakan.com\/v15\/veris-invierte-15-millones-en-centros-medicos-y-genera-mas-de-1-800-nuevos-empleos-en-ecuador\/"},"wordCount":473,"publisher":{"@id":"https:\/\/www.quebakan.com\/v15\/#organization"},"image":{"@id":"https:\/\/www.quebakan.com\/v15\/veris-invierte-15-millones-en-centros-medicos-y-genera-mas-de-1-800-nuevos-empleos-en-ecuador\/#primaryimage"},"thumbnailUrl":"https:\/\/www.quebakan.com\/v15\/wp-content\/uploads\/2025\/08\/VERIS-kennedy.jpg","articleSection":["Noticias"],"inLanguage":"es"},{"@type":"WebPage","@id":"https:\/\/www.quebakan.com\/v15\/veris-invierte-15-millones-en-centros-medicos-y-genera-mas-de-1-800-nuevos-empleos-en-ecuador\/","url":"https:\/\/www.quebakan.com\/v15\/veris-invierte-15-millones-en-centros-medicos-y-genera-mas-de-1-800-nuevos-empleos-en-ecuador\/","name":"Veris invierte $15 millones en centros m\u00e9dicos y genera m\u00e1s de 1.800 nuevos empleos en Ecuador &#8211; QUEBAKAN.COM 2026: Noticias, Eventos, Conciertos y mucho m\u00e1s....","isPartOf":{"@id":"https:\/\/www.quebakan.com\/v15\/#website"},"primaryImageOfPage":{"@id":"https:\/\/www.quebakan.com\/v15\/veris-invierte-15-millones-en-centros-medicos-y-genera-mas-de-1-800-nuevos-empleos-en-ecuador\/#primaryimage"},"image":{"@id":"https:\/\/www.quebakan.com\/v15\/veris-invierte-15-millones-en-centros-medicos-y-genera-mas-de-1-800-nuevos-empleos-en-ecuador\/#primaryimage"},"thumbnailUrl":"https:\/\/www.quebakan.com\/v15\/wp-content\/uploads\/2025\/08\/VERIS-kennedy.jpg","datePublished":"2025-08-11T23:30:50+00:00","breadcrumb":{"@id":"https:\/\/www.quebakan.com\/v15\/veris-invierte-15-millones-en-centros-medicos-y-genera-mas-de-1-800-nuevos-empleos-en-ecuador\/#breadcrumb"},"inLanguage":"es","potentialAction":[{"@type":"ReadAction","target":["https:\/\/www.quebakan.com\/v15\/veris-invierte-15-millones-en-centros-medicos-y-genera-mas-de-1-800-nuevos-empleos-en-ecuador\/"]}]},{"@type":"ImageObject","inLanguage":"es","@id":"https:\/\/www.quebakan.com\/v15\/veris-invierte-15-millones-en-centros-medicos-y-genera-mas-de-1-800-nuevos-empleos-en-ecuador\/#primaryimage","url":"https:\/\/www.quebakan.com\/v15\/wp-content\/uploads\/2025\/08\/VERIS-kennedy.jpg","contentUrl":"https:\/\/www.quebakan.com\/v15\/wp-content\/uploads\/2025\/08\/VERIS-kennedy.jpg","width":700,"height":467},{"@type":"BreadcrumbList","@id":"https:\/\/www.quebakan.com\/v15\/veris-invierte-15-millones-en-centros-medicos-y-genera-mas-de-1-800-nuevos-empleos-en-ecuador\/#breadcrumb","itemListElement":[{"@type":"ListItem","position":1,"name":"Portada","item":"https:\/\/www.quebakan.com\/v15\/"},{"@type":"ListItem","position":2,"name":"Veris invierte $15 millones en centros m\u00e9dicos y genera m\u00e1s de 1.800 nuevos empleos en Ecuador"}]},{"@type":"WebSite","@id":"https:\/\/www.quebakan.com\/v15\/#website","url":"https:\/\/www.quebakan.com\/v15\/","name":"QUEBAKAN","description":"..","publisher":{"@id":"https:\/\/www.quebakan.com\/v15\/#organization"},"potentialAction":[{"@type":"SearchAction","target":{"@type":"EntryPoint","urlTemplate":"https:\/\/www.quebakan.com\/v15\/?s={search_term_string}"},"query-input":{"@type":"PropertyValueSpecification","valueRequired":true,"valueName":"search_term_string"}}],"inLanguage":"es"},{"@type":"Organization","@id":"https:\/\/www.quebakan.com\/v15\/#organization","name":"Quebakan.com","url":"https:\/\/www.quebakan.com\/v15\/","logo":{"@type":"ImageObject","inLanguage":"es","@id":"https:\/\/www.quebakan.com\/v15\/#\/schema\/logo\/image\/","url":"https:\/\/www.quebakan.com\/v15\/wp-content\/uploads\/2023\/07\/logoquebakanenero2021.jpg","contentUrl":"https:\/\/www.quebakan.com\/v15\/wp-content\/uploads\/2023\/07\/logoquebakanenero2021.jpg","width":1920,"height":1080,"caption":"Quebakan.com"},"image":{"@id":"https:\/\/www.quebakan.com\/v15\/#\/schema\/logo\/image\/"},"sameAs":["http:\/\/www.facebook.com\/quebakan","https:\/\/x.com\/quebakanec","http:\/\/www.instagram.com\/quebakan","http:\/\/www.youtube.com\/quebakan1"]},{"@type":"Person","@id":"https:\/\/www.quebakan.com\/v15\/#\/schema\/person\/d90fa9f9cfa81eb8ace9811e5b7b9118","name":"Erick Villafuerte","image":{"@type":"ImageObject","inLanguage":"es","@id":"https:\/\/www.quebakan.com\/v15\/wp-content\/uploads\/avatars\/4\/1731297654-bpfull.png","url":"https:\/\/www.quebakan.com\/v15\/wp-content\/uploads\/avatars\/4\/1731297654-bpfull.png","contentUrl":"https:\/\/www.quebakan.com\/v15\/wp-content\/uploads\/avatars\/4\/1731297654-bpfull.png","caption":"Erick Villafuerte"}}]}},"_links":{"self":[{"href":"https:\/\/www.quebakan.com\/v15\/wp-json\/wp\/v2\/posts\/134153","targetHints":{"allow":["GET"]}}],"collection":[{"href":"https:\/\/www.quebakan.com\/v15\/wp-json\/wp\/v2\/posts"}],"about":[{"href":"https:\/\/www.quebakan.com\/v15\/wp-json\/wp\/v2\/types\/post"}],"author":[{"embeddable":true,"href":"https:\/\/www.quebakan.com\/v15\/wp-json\/wp\/v2\/users\/4"}],"replies":[{"embeddable":true,"href":"https:\/\/www.quebakan.com\/v15\/wp-json\/wp\/v2\/comments?post=134153"}],"version-history":[{"count":1,"href":"https:\/\/www.quebakan.com\/v15\/wp-json\/wp\/v2\/posts\/134153\/revisions"}],"predecessor-version":[{"id":134159,"href":"https:\/\/www.quebakan.com\/v15\/wp-json\/wp\/v2\/posts\/134153\/revisions\/134159"}],"wp:featuredmedia":[{"embeddable":true,"href":"https:\/\/www.quebakan.com\/v15\/wp-json\/wp\/v2\/media\/134154"}],"wp:attachment":[{"href":"https:\/\/www.quebakan.com\/v15\/wp-json\/wp\/v2\/media?parent=134153"}],"wp:term":[{"taxonomy":"category","embeddable":true,"href":"https:\/\/www.quebakan.com\/v15\/wp-json\/wp\/v2\/categories?post=134153"},{"taxonomy":"post_tag","embeddable":true,"href":"https:\/\/www.quebakan.com\/v15\/wp-json\/wp\/v2\/tags?post=134153"}],"curies":[{"name":"wp","href":"https:\/\/api.w.org\/{rel}","templated":true}]}}