{"id":134160,"date":"2025-08-11T18:35:45","date_gmt":"2025-08-11T23:35:45","guid":{"rendered":"https:\/\/www.quebakan.com\/v15\/?p=134160"},"modified":"2025-08-11T18:35:45","modified_gmt":"2025-08-11T23:35:45","slug":"eca-fest-3-llega-recargado-de-sabor-pasion-y-cultura","status":"publish","type":"post","link":"https:\/\/www.quebakan.com\/v15\/eca-fest-3-llega-recargado-de-sabor-pasion-y-cultura\/","title":{"rendered":"ECA FEST 3 LLEGA RECARGADO DE SABOR, PASI\u00d3N Y CULTURA"},"content":{"rendered":"<p><img fetchpriority=\"high\" decoding=\"async\" class=\"aligncenter size-full wp-image-134161\" src=\"https:\/\/www.quebakan.com\/v15\/wp-content\/uploads\/2025\/08\/eca3.jpg\" alt=\"\" width=\"572\" height=\"715\" \/><\/p>\n<p style=\"text-align: justify;\"><span style=\"color: #000000;\">El festival gastron\u00f3mico m\u00e1s esperado del a\u00f1o regresa para sorprender todos los sentidos.<\/span><\/p>\n<p style=\"text-align: justify;\"><span style=\"color: #000000;\">La Escuela Culinaria de las Am\u00e9ricas (ECA) se enciende nuevamente con la tercera edici\u00f3n de ECA FEST, un <\/span><span style=\"color: #000000;\">encuentro \u00fanico que celebra lo mejor de la cocina ecuatoriana, la creatividad de sus nuevos talentos y la fuerza <\/span><span style=\"color: #000000;\">de la industria gastron\u00f3mica nacional.<\/span><\/p>\n<p style=\"text-align: justify;\"><span style=\"color: #000000;\">Este 2025, ECA FEST 3 se consolida como mucho m\u00e1s que un evento: es un espect\u00e1culo culinario lleno de <\/span><span style=\"color: #000000;\">experiencias, aromas, networking, formaci\u00f3n, marcas aliadas, influencers y emociones que conectan desde la <\/span><span style=\"color: #000000;\">cocina con el coraz\u00f3n del p\u00fablico.<\/span><\/p>\n<p style=\"text-align: justify;\"><strong><span style=\"color: #000000;\">Evento central:<\/span><\/strong><br \/>\n<span style=\"color: #000000;\">S\u00e1bado 16 de agosto | 10h00<\/span><br \/>\n<span style=\"color: #000000;\">Sal\u00f3n Turquesa Magna \u2013 Mall del Sol<\/span><br \/>\n<span style=\"color: #000000;\">Entrada gratuita<\/span><\/p>\n<p style=\"text-align: justify;\"><strong><span style=\"color: #000000;\">\u00bfQU\u00c9 TE ESPERA EN ECA FEST 3?<\/span><\/strong><br \/>\n<span style=\"color: #000000;\">\u2022 Cocinas en vivo donde los estudiantes y chefs invitados mostrar\u00e1n su talento en tiempo real.<\/span><br \/>\n<span style=\"color: #000000;\">\u2022 Degustaciones para todos los asistentes, con sabores que representan lo mejor del Ecuador.<\/span><br \/>\n<span style=\"color: #000000;\">\u2022 Zona de networking, ideal para marcas, restaurantes, organizadores de eventos y emprendedores.<\/span><br \/>\n<span style=\"color: #000000;\">\u2022 Activaciones con influencers gastron\u00f3micos y de lifestyle.<\/span><br \/>\n<span style=\"color: #000000;\">\u2022 Feria de productos con marcas del sector Horeca y propuestas innovadoras.<\/span><br \/>\n<span style=\"color: #000000;\">\u2022 Reconocimientos a los estudiantes m\u00e1s destacados.<\/span><\/p>\n<p style=\"text-align: justify;\"><strong><span style=\"color: #000000;\">UNA MISI\u00d3N CON SABOR<\/span><\/strong><br \/>\n<span style=\"color: #000000;\">ECA FEST nace con el objetivo de transformar el aprendizaje culinario en una experiencia real, conectando a <\/span><span style=\"color: #000000;\">estudiantes con marcas, medios, empresarios y amantes de la cocina. Aqu\u00ed, la formaci\u00f3n se vuelve acci\u00f3n, y el <\/span><span style=\"color: #000000;\">talento joven se proyecta al mundo. <\/span><span style=\"color: #000000;\">Es el espacio ideal para crear v\u00ednculos comerciales, abrir oportunidades laborales, impulsar emprendimientos y <\/span><span style=\"color: #000000;\">vivir la gastronom\u00eda como motor de cambio.<\/span><\/p>\n<p style=\"text-align: justify;\"><strong><span style=\"color: #000000;\">AGENDA PREVIA<\/span><\/strong><br \/>\n<span style=\"color: #000000;\">Mi\u00e9rcoles 13 de agosto \u2013 10h00<\/span><br \/>\n<span style=\"color: #000000;\">Rueda de prensa oficial en ECA<\/span><br \/>\n<span style=\"color: #000000;\">Jueves 14 de agosto \u2013 10h00<\/span><br \/>\n<span style=\"color: #000000;\">Coffee Party con influencers y aliados del mundo gastron\u00f3mico<\/span><br \/>\n<span style=\"color: #000000;\">S\u00e1bado 16 de agosto \u2013 10h00<\/span><br \/>\n<span style=\"color: #000000;\">ECA FEST 3 \u2013 Corte de cinta y apertura oficial<\/span><br \/>\n<span style=\"color: #000000;\">Sal\u00f3n Turquesa Magna \u2013 Mall del Sol<\/span><\/p>\n<p style=\"text-align: justify;\"><strong><span style=\"color: #000000;\">\u00a1VIVE ECA FEST COMO NUNCA ANTES!<\/span><\/strong><br \/>\n<span style=\"color: #000000;\">No te pierdas esta fiesta gastron\u00f3mica pensada para todos: estudiantes, chefs, marcas, <\/span><span style=\"color: #000000;\">foodies, medios y familias. <\/span><span style=\"color: #000000;\">El futuro de la gastronom\u00eda ecuatoriana se cocina aqu\u00ed. Y t\u00fa est\u00e1s invitado.<\/span><\/p>\n","protected":false},"excerpt":{"rendered":"<p>El festival gastron\u00f3mico m\u00e1s esperado del a\u00f1o regresa para sorprender todos los sentidos. La Escuela Culinaria de las Am\u00e9ricas (ECA) se enciende nuevamente con la tercera edici\u00f3n de ECA FEST, un encuentro \u00fanico que celebra lo mejor de la cocina ecuatoriana, la creatividad de sus nuevos talentos y la fuerza de la industria gastron\u00f3mica nacional. [&hellip;]<\/p>\n","protected":false},"author":4,"featured_media":134161,"comment_status":"closed","ping_status":"closed","sticky":false,"template":"","format":"standard","meta":{"_bbp_topic_count":0,"_bbp_reply_count":0,"_bbp_total_topic_count":0,"_bbp_total_reply_count":0,"_bbp_voice_count":0,"_bbp_anonymous_reply_count":0,"_bbp_topic_count_hidden":0,"_bbp_reply_count_hidden":0,"_bbp_forum_subforum_count":0,"buzzeditor_post_format":"","footnotes":""},"categories":[2],"tags":[],"class_list":["post-134160","post","type-post","status-publish","format-standard","has-post-thumbnail","hentry","category-noticias"],"yoast_head":"<!-- This site is optimized with the Yoast SEO plugin v27.5 - https:\/\/yoast.com\/product\/yoast-seo-wordpress\/ -->\n<title>ECA FEST 3 LLEGA RECARGADO DE SABOR, PASI\u00d3N Y CULTURA &#8211; QUEBAKAN.COM 2026: Noticias, Eventos, Conciertos y mucho m\u00e1s....<\/title>\n<meta name=\"robots\" content=\"index, follow, max-snippet:-1, max-image-preview:large, max-video-preview:-1\" \/>\n<link rel=\"canonical\" href=\"https:\/\/www.quebakan.com\/v15\/eca-fest-3-llega-recargado-de-sabor-pasion-y-cultura\/\" \/>\n<meta property=\"og:locale\" content=\"es_ES\" \/>\n<meta property=\"og:type\" content=\"article\" \/>\n<meta property=\"og:title\" content=\"ECA FEST 3 LLEGA RECARGADO DE SABOR, PASI\u00d3N Y CULTURA &#8211; QUEBAKAN.COM 2026: Noticias, Eventos, Conciertos y mucho m\u00e1s....\" \/>\n<meta property=\"og:description\" content=\"El festival gastron\u00f3mico m\u00e1s esperado del a\u00f1o regresa para sorprender todos los sentidos. La Escuela Culinaria de las Am\u00e9ricas (ECA) se enciende nuevamente con la tercera edici\u00f3n de ECA FEST, un encuentro \u00fanico que celebra lo mejor de la cocina ecuatoriana, la creatividad de sus nuevos talentos y la fuerza de la industria gastron\u00f3mica nacional. [&hellip;]\" \/>\n<meta property=\"og:url\" content=\"https:\/\/www.quebakan.com\/v15\/eca-fest-3-llega-recargado-de-sabor-pasion-y-cultura\/\" \/>\n<meta property=\"og:site_name\" content=\"QUEBAKAN.COM 2026: Noticias, Eventos, Conciertos y mucho m\u00e1s....\" \/>\n<meta property=\"article:publisher\" content=\"http:\/\/www.facebook.com\/quebakan\" \/>\n<meta property=\"article:published_time\" content=\"2025-08-11T23:35:45+00:00\" \/>\n<meta property=\"og:image\" content=\"https:\/\/www.quebakan.com\/v15\/wp-content\/uploads\/2025\/08\/eca3.jpg\" \/>\n\t<meta property=\"og:image:width\" content=\"572\" \/>\n\t<meta property=\"og:image:height\" content=\"715\" \/>\n\t<meta property=\"og:image:type\" content=\"image\/jpeg\" \/>\n<meta name=\"author\" content=\"Erick Villafuerte\" \/>\n<meta name=\"twitter:card\" content=\"summary_large_image\" \/>\n<meta name=\"twitter:creator\" content=\"@quebakanec\" \/>\n<meta name=\"twitter:site\" content=\"@quebakanec\" \/>\n<meta name=\"twitter:label1\" content=\"Escrito por\" \/>\n\t<meta name=\"twitter:data1\" content=\"Erick Villafuerte\" \/>\n\t<meta name=\"twitter:label2\" content=\"Tiempo de lectura\" \/>\n\t<meta name=\"twitter:data2\" content=\"2 minutos\" \/>\n<script type=\"application\/ld+json\" class=\"yoast-schema-graph\">{\"@context\":\"https:\\\/\\\/schema.org\",\"@graph\":[{\"@type\":\"Article\",\"@id\":\"https:\\\/\\\/www.quebakan.com\\\/v15\\\/eca-fest-3-llega-recargado-de-sabor-pasion-y-cultura\\\/#article\",\"isPartOf\":{\"@id\":\"https:\\\/\\\/www.quebakan.com\\\/v15\\\/eca-fest-3-llega-recargado-de-sabor-pasion-y-cultura\\\/\"},\"author\":{\"name\":\"Erick Villafuerte\",\"@id\":\"https:\\\/\\\/www.quebakan.com\\\/v15\\\/#\\\/schema\\\/person\\\/d90fa9f9cfa81eb8ace9811e5b7b9118\"},\"headline\":\"ECA FEST 3 LLEGA RECARGADO DE SABOR, PASI\u00d3N Y CULTURA\",\"datePublished\":\"2025-08-11T23:35:45+00:00\",\"mainEntityOfPage\":{\"@id\":\"https:\\\/\\\/www.quebakan.com\\\/v15\\\/eca-fest-3-llega-recargado-de-sabor-pasion-y-cultura\\\/\"},\"wordCount\":357,\"publisher\":{\"@id\":\"https:\\\/\\\/www.quebakan.com\\\/v15\\\/#organization\"},\"image\":{\"@id\":\"https:\\\/\\\/www.quebakan.com\\\/v15\\\/eca-fest-3-llega-recargado-de-sabor-pasion-y-cultura\\\/#primaryimage\"},\"thumbnailUrl\":\"https:\\\/\\\/www.quebakan.com\\\/v15\\\/wp-content\\\/uploads\\\/2025\\\/08\\\/eca3.jpg\",\"articleSection\":[\"Noticias\"],\"inLanguage\":\"es\"},{\"@type\":\"WebPage\",\"@id\":\"https:\\\/\\\/www.quebakan.com\\\/v15\\\/eca-fest-3-llega-recargado-de-sabor-pasion-y-cultura\\\/\",\"url\":\"https:\\\/\\\/www.quebakan.com\\\/v15\\\/eca-fest-3-llega-recargado-de-sabor-pasion-y-cultura\\\/\",\"name\":\"ECA FEST 3 LLEGA RECARGADO DE SABOR, PASI\u00d3N Y CULTURA &#8211; QUEBAKAN.COM 2026: Noticias, Eventos, Conciertos y mucho m\u00e1s....\",\"isPartOf\":{\"@id\":\"https:\\\/\\\/www.quebakan.com\\\/v15\\\/#website\"},\"primaryImageOfPage\":{\"@id\":\"https:\\\/\\\/www.quebakan.com\\\/v15\\\/eca-fest-3-llega-recargado-de-sabor-pasion-y-cultura\\\/#primaryimage\"},\"image\":{\"@id\":\"https:\\\/\\\/www.quebakan.com\\\/v15\\\/eca-fest-3-llega-recargado-de-sabor-pasion-y-cultura\\\/#primaryimage\"},\"thumbnailUrl\":\"https:\\\/\\\/www.quebakan.com\\\/v15\\\/wp-content\\\/uploads\\\/2025\\\/08\\\/eca3.jpg\",\"datePublished\":\"2025-08-11T23:35:45+00:00\",\"breadcrumb\":{\"@id\":\"https:\\\/\\\/www.quebakan.com\\\/v15\\\/eca-fest-3-llega-recargado-de-sabor-pasion-y-cultura\\\/#breadcrumb\"},\"inLanguage\":\"es\",\"potentialAction\":[{\"@type\":\"ReadAction\",\"target\":[\"https:\\\/\\\/www.quebakan.com\\\/v15\\\/eca-fest-3-llega-recargado-de-sabor-pasion-y-cultura\\\/\"]}]},{\"@type\":\"ImageObject\",\"inLanguage\":\"es\",\"@id\":\"https:\\\/\\\/www.quebakan.com\\\/v15\\\/eca-fest-3-llega-recargado-de-sabor-pasion-y-cultura\\\/#primaryimage\",\"url\":\"https:\\\/\\\/www.quebakan.com\\\/v15\\\/wp-content\\\/uploads\\\/2025\\\/08\\\/eca3.jpg\",\"contentUrl\":\"https:\\\/\\\/www.quebakan.com\\\/v15\\\/wp-content\\\/uploads\\\/2025\\\/08\\\/eca3.jpg\",\"width\":572,\"height\":715},{\"@type\":\"BreadcrumbList\",\"@id\":\"https:\\\/\\\/www.quebakan.com\\\/v15\\\/eca-fest-3-llega-recargado-de-sabor-pasion-y-cultura\\\/#breadcrumb\",\"itemListElement\":[{\"@type\":\"ListItem\",\"position\":1,\"name\":\"Portada\",\"item\":\"https:\\\/\\\/www.quebakan.com\\\/v15\\\/\"},{\"@type\":\"ListItem\",\"position\":2,\"name\":\"ECA FEST 3 LLEGA RECARGADO DE SABOR, PASI\u00d3N Y CULTURA\"}]},{\"@type\":\"WebSite\",\"@id\":\"https:\\\/\\\/www.quebakan.com\\\/v15\\\/#website\",\"url\":\"https:\\\/\\\/www.quebakan.com\\\/v15\\\/\",\"name\":\"QUEBAKAN\",\"description\":\"..\",\"publisher\":{\"@id\":\"https:\\\/\\\/www.quebakan.com\\\/v15\\\/#organization\"},\"potentialAction\":[{\"@type\":\"SearchAction\",\"target\":{\"@type\":\"EntryPoint\",\"urlTemplate\":\"https:\\\/\\\/www.quebakan.com\\\/v15\\\/?s={search_term_string}\"},\"query-input\":{\"@type\":\"PropertyValueSpecification\",\"valueRequired\":true,\"valueName\":\"search_term_string\"}}],\"inLanguage\":\"es\"},{\"@type\":\"Organization\",\"@id\":\"https:\\\/\\\/www.quebakan.com\\\/v15\\\/#organization\",\"name\":\"Quebakan.com\",\"url\":\"https:\\\/\\\/www.quebakan.com\\\/v15\\\/\",\"logo\":{\"@type\":\"ImageObject\",\"inLanguage\":\"es\",\"@id\":\"https:\\\/\\\/www.quebakan.com\\\/v15\\\/#\\\/schema\\\/logo\\\/image\\\/\",\"url\":\"https:\\\/\\\/www.quebakan.com\\\/v15\\\/wp-content\\\/uploads\\\/2023\\\/07\\\/logoquebakanenero2021.jpg\",\"contentUrl\":\"https:\\\/\\\/www.quebakan.com\\\/v15\\\/wp-content\\\/uploads\\\/2023\\\/07\\\/logoquebakanenero2021.jpg\",\"width\":1920,\"height\":1080,\"caption\":\"Quebakan.com\"},\"image\":{\"@id\":\"https:\\\/\\\/www.quebakan.com\\\/v15\\\/#\\\/schema\\\/logo\\\/image\\\/\"},\"sameAs\":[\"http:\\\/\\\/www.facebook.com\\\/quebakan\",\"https:\\\/\\\/x.com\\\/quebakanec\",\"http:\\\/\\\/www.instagram.com\\\/quebakan\",\"http:\\\/\\\/www.youtube.com\\\/quebakan1\"]},{\"@type\":\"Person\",\"@id\":\"https:\\\/\\\/www.quebakan.com\\\/v15\\\/#\\\/schema\\\/person\\\/d90fa9f9cfa81eb8ace9811e5b7b9118\",\"name\":\"Erick Villafuerte\",\"image\":{\"@type\":\"ImageObject\",\"inLanguage\":\"es\",\"@id\":\"https:\\\/\\\/www.quebakan.com\\\/v15\\\/wp-content\\\/uploads\\\/avatars\\\/4\\\/1731297654-bpfull.png\",\"url\":\"https:\\\/\\\/www.quebakan.com\\\/v15\\\/wp-content\\\/uploads\\\/avatars\\\/4\\\/1731297654-bpfull.png\",\"contentUrl\":\"https:\\\/\\\/www.quebakan.com\\\/v15\\\/wp-content\\\/uploads\\\/avatars\\\/4\\\/1731297654-bpfull.png\",\"caption\":\"Erick Villafuerte\"}}]}<\/script>\n<!-- \/ Yoast SEO plugin. -->","yoast_head_json":{"title":"ECA FEST 3 LLEGA RECARGADO DE SABOR, PASI\u00d3N Y CULTURA &#8211; QUEBAKAN.COM 2026: Noticias, Eventos, Conciertos y mucho m\u00e1s....","robots":{"index":"index","follow":"follow","max-snippet":"max-snippet:-1","max-image-preview":"max-image-preview:large","max-video-preview":"max-video-preview:-1"},"canonical":"https:\/\/www.quebakan.com\/v15\/eca-fest-3-llega-recargado-de-sabor-pasion-y-cultura\/","og_locale":"es_ES","og_type":"article","og_title":"ECA FEST 3 LLEGA RECARGADO DE SABOR, PASI\u00d3N Y CULTURA &#8211; QUEBAKAN.COM 2026: Noticias, Eventos, Conciertos y mucho m\u00e1s....","og_description":"El festival gastron\u00f3mico m\u00e1s esperado del a\u00f1o regresa para sorprender todos los sentidos. La Escuela Culinaria de las Am\u00e9ricas (ECA) se enciende nuevamente con la tercera edici\u00f3n de ECA FEST, un encuentro \u00fanico que celebra lo mejor de la cocina ecuatoriana, la creatividad de sus nuevos talentos y la fuerza de la industria gastron\u00f3mica nacional. [&hellip;]","og_url":"https:\/\/www.quebakan.com\/v15\/eca-fest-3-llega-recargado-de-sabor-pasion-y-cultura\/","og_site_name":"QUEBAKAN.COM 2026: Noticias, Eventos, Conciertos y mucho m\u00e1s....","article_publisher":"http:\/\/www.facebook.com\/quebakan","article_published_time":"2025-08-11T23:35:45+00:00","og_image":[{"width":572,"height":715,"url":"https:\/\/www.quebakan.com\/v15\/wp-content\/uploads\/2025\/08\/eca3.jpg","type":"image\/jpeg"}],"author":"Erick Villafuerte","twitter_card":"summary_large_image","twitter_creator":"@quebakanec","twitter_site":"@quebakanec","twitter_misc":{"Escrito por":"Erick Villafuerte","Tiempo de lectura":"2 minutos"},"schema":{"@context":"https:\/\/schema.org","@graph":[{"@type":"Article","@id":"https:\/\/www.quebakan.com\/v15\/eca-fest-3-llega-recargado-de-sabor-pasion-y-cultura\/#article","isPartOf":{"@id":"https:\/\/www.quebakan.com\/v15\/eca-fest-3-llega-recargado-de-sabor-pasion-y-cultura\/"},"author":{"name":"Erick Villafuerte","@id":"https:\/\/www.quebakan.com\/v15\/#\/schema\/person\/d90fa9f9cfa81eb8ace9811e5b7b9118"},"headline":"ECA FEST 3 LLEGA RECARGADO DE SABOR, PASI\u00d3N Y CULTURA","datePublished":"2025-08-11T23:35:45+00:00","mainEntityOfPage":{"@id":"https:\/\/www.quebakan.com\/v15\/eca-fest-3-llega-recargado-de-sabor-pasion-y-cultura\/"},"wordCount":357,"publisher":{"@id":"https:\/\/www.quebakan.com\/v15\/#organization"},"image":{"@id":"https:\/\/www.quebakan.com\/v15\/eca-fest-3-llega-recargado-de-sabor-pasion-y-cultura\/#primaryimage"},"thumbnailUrl":"https:\/\/www.quebakan.com\/v15\/wp-content\/uploads\/2025\/08\/eca3.jpg","articleSection":["Noticias"],"inLanguage":"es"},{"@type":"WebPage","@id":"https:\/\/www.quebakan.com\/v15\/eca-fest-3-llega-recargado-de-sabor-pasion-y-cultura\/","url":"https:\/\/www.quebakan.com\/v15\/eca-fest-3-llega-recargado-de-sabor-pasion-y-cultura\/","name":"ECA FEST 3 LLEGA RECARGADO DE SABOR, PASI\u00d3N Y CULTURA &#8211; QUEBAKAN.COM 2026: Noticias, Eventos, Conciertos y mucho m\u00e1s....","isPartOf":{"@id":"https:\/\/www.quebakan.com\/v15\/#website"},"primaryImageOfPage":{"@id":"https:\/\/www.quebakan.com\/v15\/eca-fest-3-llega-recargado-de-sabor-pasion-y-cultura\/#primaryimage"},"image":{"@id":"https:\/\/www.quebakan.com\/v15\/eca-fest-3-llega-recargado-de-sabor-pasion-y-cultura\/#primaryimage"},"thumbnailUrl":"https:\/\/www.quebakan.com\/v15\/wp-content\/uploads\/2025\/08\/eca3.jpg","datePublished":"2025-08-11T23:35:45+00:00","breadcrumb":{"@id":"https:\/\/www.quebakan.com\/v15\/eca-fest-3-llega-recargado-de-sabor-pasion-y-cultura\/#breadcrumb"},"inLanguage":"es","potentialAction":[{"@type":"ReadAction","target":["https:\/\/www.quebakan.com\/v15\/eca-fest-3-llega-recargado-de-sabor-pasion-y-cultura\/"]}]},{"@type":"ImageObject","inLanguage":"es","@id":"https:\/\/www.quebakan.com\/v15\/eca-fest-3-llega-recargado-de-sabor-pasion-y-cultura\/#primaryimage","url":"https:\/\/www.quebakan.com\/v15\/wp-content\/uploads\/2025\/08\/eca3.jpg","contentUrl":"https:\/\/www.quebakan.com\/v15\/wp-content\/uploads\/2025\/08\/eca3.jpg","width":572,"height":715},{"@type":"BreadcrumbList","@id":"https:\/\/www.quebakan.com\/v15\/eca-fest-3-llega-recargado-de-sabor-pasion-y-cultura\/#breadcrumb","itemListElement":[{"@type":"ListItem","position":1,"name":"Portada","item":"https:\/\/www.quebakan.com\/v15\/"},{"@type":"ListItem","position":2,"name":"ECA FEST 3 LLEGA RECARGADO DE SABOR, PASI\u00d3N Y CULTURA"}]},{"@type":"WebSite","@id":"https:\/\/www.quebakan.com\/v15\/#website","url":"https:\/\/www.quebakan.com\/v15\/","name":"QUEBAKAN","description":"..","publisher":{"@id":"https:\/\/www.quebakan.com\/v15\/#organization"},"potentialAction":[{"@type":"SearchAction","target":{"@type":"EntryPoint","urlTemplate":"https:\/\/www.quebakan.com\/v15\/?s={search_term_string}"},"query-input":{"@type":"PropertyValueSpecification","valueRequired":true,"valueName":"search_term_string"}}],"inLanguage":"es"},{"@type":"Organization","@id":"https:\/\/www.quebakan.com\/v15\/#organization","name":"Quebakan.com","url":"https:\/\/www.quebakan.com\/v15\/","logo":{"@type":"ImageObject","inLanguage":"es","@id":"https:\/\/www.quebakan.com\/v15\/#\/schema\/logo\/image\/","url":"https:\/\/www.quebakan.com\/v15\/wp-content\/uploads\/2023\/07\/logoquebakanenero2021.jpg","contentUrl":"https:\/\/www.quebakan.com\/v15\/wp-content\/uploads\/2023\/07\/logoquebakanenero2021.jpg","width":1920,"height":1080,"caption":"Quebakan.com"},"image":{"@id":"https:\/\/www.quebakan.com\/v15\/#\/schema\/logo\/image\/"},"sameAs":["http:\/\/www.facebook.com\/quebakan","https:\/\/x.com\/quebakanec","http:\/\/www.instagram.com\/quebakan","http:\/\/www.youtube.com\/quebakan1"]},{"@type":"Person","@id":"https:\/\/www.quebakan.com\/v15\/#\/schema\/person\/d90fa9f9cfa81eb8ace9811e5b7b9118","name":"Erick Villafuerte","image":{"@type":"ImageObject","inLanguage":"es","@id":"https:\/\/www.quebakan.com\/v15\/wp-content\/uploads\/avatars\/4\/1731297654-bpfull.png","url":"https:\/\/www.quebakan.com\/v15\/wp-content\/uploads\/avatars\/4\/1731297654-bpfull.png","contentUrl":"https:\/\/www.quebakan.com\/v15\/wp-content\/uploads\/avatars\/4\/1731297654-bpfull.png","caption":"Erick Villafuerte"}}]}},"_links":{"self":[{"href":"https:\/\/www.quebakan.com\/v15\/wp-json\/wp\/v2\/posts\/134160","targetHints":{"allow":["GET"]}}],"collection":[{"href":"https:\/\/www.quebakan.com\/v15\/wp-json\/wp\/v2\/posts"}],"about":[{"href":"https:\/\/www.quebakan.com\/v15\/wp-json\/wp\/v2\/types\/post"}],"author":[{"embeddable":true,"href":"https:\/\/www.quebakan.com\/v15\/wp-json\/wp\/v2\/users\/4"}],"replies":[{"embeddable":true,"href":"https:\/\/www.quebakan.com\/v15\/wp-json\/wp\/v2\/comments?post=134160"}],"version-history":[{"count":1,"href":"https:\/\/www.quebakan.com\/v15\/wp-json\/wp\/v2\/posts\/134160\/revisions"}],"predecessor-version":[{"id":134162,"href":"https:\/\/www.quebakan.com\/v15\/wp-json\/wp\/v2\/posts\/134160\/revisions\/134162"}],"wp:featuredmedia":[{"embeddable":true,"href":"https:\/\/www.quebakan.com\/v15\/wp-json\/wp\/v2\/media\/134161"}],"wp:attachment":[{"href":"https:\/\/www.quebakan.com\/v15\/wp-json\/wp\/v2\/media?parent=134160"}],"wp:term":[{"taxonomy":"category","embeddable":true,"href":"https:\/\/www.quebakan.com\/v15\/wp-json\/wp\/v2\/categories?post=134160"},{"taxonomy":"post_tag","embeddable":true,"href":"https:\/\/www.quebakan.com\/v15\/wp-json\/wp\/v2\/tags?post=134160"}],"curies":[{"name":"wp","href":"https:\/\/api.w.org\/{rel}","templated":true}]}}