{"id":134163,"date":"2025-08-11T19:10:36","date_gmt":"2025-08-12T00:10:36","guid":{"rendered":"https:\/\/www.quebakan.com\/v15\/?p=134163"},"modified":"2025-08-11T19:10:36","modified_gmt":"2025-08-12T00:10:36","slug":"koleos-full-hybrid-e-tech-el-suv-renovado-para-quienes-buscan-estilo-en-la-nueva-era-renault","status":"publish","type":"post","link":"https:\/\/www.quebakan.com\/v15\/koleos-full-hybrid-e-tech-el-suv-renovado-para-quienes-buscan-estilo-en-la-nueva-era-renault\/","title":{"rendered":"KOLEOS FULL HYBRID E-TECH, EL SUV RENOVADO PARA QUIENES BUSCAN ESTILO EN LA NUEVA ERA RENAULT"},"content":{"rendered":"<p><img fetchpriority=\"high\" decoding=\"async\" class=\"aligncenter size-full wp-image-134164\" src=\"https:\/\/www.quebakan.com\/v15\/wp-content\/uploads\/2025\/08\/image006.jpg\" alt=\"\" width=\"396\" height=\"308\" \/><\/p>\n<p style=\"font-weight: 400; text-align: justify;\"><span style=\"color: #000000;\"><strong>Quito, 08 de agosto de 2025.- \u00a0\u00a0\u00a0<\/strong>La Era E-Tech de Renault alcanza un nuevo hito en Ecuador con el lanzamiento del Koleos Full Hybrid E-Tech Esprit Alpine, un modelo dise\u00f1ado para conductores sofisticados que priorizan la exclusividad, el alto desempe\u00f1o, la seguridad avanzada y la tecnolog\u00eda integral.<\/span><\/p>\n<p style=\"font-weight: 400; text-align: justify;\"><span style=\"color: #000000;\">En el coraz\u00f3n de este SUV se encuentra una innovadora motorizaci\u00f3n que combina un motor 1.5 Turbo GDI con un motor el\u00e9ctrico. Gracias al sistema Full Hybrid, no requiere ser enchufado, optimizando el consumo mediante modos de regeneraci\u00f3n de bater\u00eda. Ofrece una potencia total de 241 Hp a 5,500 rpm, con un torque de 320 Nm.<\/span><\/p>\n<p style=\"font-weight: 400; text-align: justify;\"><span style=\"color: #000000;\">La transmisi\u00f3n autom\u00e1tica DHT transmite la potencia de manera eficiente a las ruedas delanteras y dispone de cinco modos de conducci\u00f3n: Eco, Comfort, Sport, IA y Nieve, lo que garantiza una conducci\u00f3n din\u00e1mica y adaptable a cualquier situaci\u00f3n.<\/span><\/p>\n<p style=\"font-weight: 400; text-align: justify;\"><span style=\"color: #000000;\">Su dise\u00f1o exterior, inspirado en la escuder\u00eda ALPINE, est\u00e1 dirigido a quienes aprecian un estilo deportivo y cuidan la est\u00e9tica sin renunciar a la funcionalidad. Entre las caracter\u00edsticas destacadas se encuentran su est\u00e9tica deportiva, parrilla frontal, aros de rin 20\u2019 diamantados, gradaciones de color azul Alpine, techo panor\u00e1mico de cristal y faros delanteros y DRL full LED.<\/span><\/p>\n<p style=\"font-weight: 400; text-align: justify;\"><span style=\"color: #000000;\">Su interior est\u00e1 dise\u00f1ado para usuarios que buscan un nivel de amplitud superior, el Koleos es idel, debido a que destaca por esta caracteristica en su segmento Su equipamiento incluye un sistema OpenR Panorama con tres pantallas de 12.3 pulgadas, Apple CarPlay y Android Auto inal\u00e1mbricos y un sistema de sonido BOSE con 10 altavoces y cancelaci\u00f3n de ruido. La cabina ofrece una experiencia \u00fanica con tapicer\u00eda ALPINE, climatizador autom\u00e1tico y la capacidad de personalizar los modos de conducci\u00f3n y el ambiente a trav\u00e9s de la iluminaci\u00f3n LED interna.<\/span><\/p>\n<p><img decoding=\"async\" class=\"aligncenter size-full wp-image-134165\" src=\"https:\/\/www.quebakan.com\/v15\/wp-content\/uploads\/2025\/08\/image009.png\" alt=\"\" width=\"728\" height=\"193\" \/><\/p>\n<p style=\"font-weight: 400; text-align: justify;\"><span style=\"color: #000000;\">La seguridad es un pilar fundamental, respaldada por el programa Human First Program. El veh\u00edculo est\u00e1 equipado con un total de 29 sistemas avanzados de asistencia a la conducci\u00f3n (ADAS) y 7 airbags. Entre las caracter\u00edsticas de seguridad m\u00e1s destacadas se encuentran el frenado aut\u00f3nomo de emergencia con detecci\u00f3n de peatones y ciclistas, la alerta de colisi\u00f3n frontal y trasera, el control de crucero adaptativo con Stop &amp; Go y la detecci\u00f3n de punto ciego con asistencia para el cambio de carril. Adem\u00e1s, cuenta con estacionamiento , salida aut\u00f3noma y una c\u00e1mara 540\u00b0 con visi\u00f3n 3D para una mayor tranquilidad al maniobrar.<\/span><\/p>\n<p style=\"font-weight: 400; text-align: justify;\"><span style=\"color: #000000;\">El Koleos Full Hybrid E-Tech est\u00e1 disponible en las 22 agencias Renault a nivel nacional en Ecuador, con el respaldo de Automotores y Anexos S.A. y una garant\u00eda de 5 a\u00f1os o 150,000 km.<\/span><\/p>\n","protected":false},"excerpt":{"rendered":"<p>Quito, 08 de agosto de 2025.- \u00a0\u00a0\u00a0La Era E-Tech de Renault alcanza un nuevo hito en Ecuador con el lanzamiento del Koleos Full Hybrid E-Tech Esprit Alpine, un modelo dise\u00f1ado para conductores sofisticados que priorizan la exclusividad, el alto desempe\u00f1o, la seguridad avanzada y la tecnolog\u00eda integral. En el coraz\u00f3n de este SUV se encuentra [&hellip;]<\/p>\n","protected":false},"author":4,"featured_media":134164,"comment_status":"closed","ping_status":"closed","sticky":false,"template":"","format":"standard","meta":{"_bbp_topic_count":0,"_bbp_reply_count":0,"_bbp_total_topic_count":0,"_bbp_total_reply_count":0,"_bbp_voice_count":0,"_bbp_anonymous_reply_count":0,"_bbp_topic_count_hidden":0,"_bbp_reply_count_hidden":0,"_bbp_forum_subforum_count":0,"buzzeditor_post_format":"","footnotes":""},"categories":[2],"tags":[],"class_list":["post-134163","post","type-post","status-publish","format-standard","has-post-thumbnail","hentry","category-noticias"],"yoast_head":"<!-- This site is optimized with the Yoast SEO plugin v27.5 - https:\/\/yoast.com\/product\/yoast-seo-wordpress\/ -->\n<title>KOLEOS FULL HYBRID E-TECH, EL SUV RENOVADO PARA QUIENES BUSCAN ESTILO EN LA NUEVA ERA RENAULT &#8211; QUEBAKAN.COM 2026: Noticias, Eventos, Conciertos y mucho m\u00e1s....<\/title>\n<meta name=\"robots\" content=\"index, follow, max-snippet:-1, max-image-preview:large, max-video-preview:-1\" \/>\n<link rel=\"canonical\" href=\"https:\/\/www.quebakan.com\/v15\/koleos-full-hybrid-e-tech-el-suv-renovado-para-quienes-buscan-estilo-en-la-nueva-era-renault\/\" \/>\n<meta property=\"og:locale\" content=\"es_ES\" \/>\n<meta property=\"og:type\" content=\"article\" \/>\n<meta property=\"og:title\" content=\"KOLEOS FULL HYBRID E-TECH, EL SUV RENOVADO PARA QUIENES BUSCAN ESTILO EN LA NUEVA ERA RENAULT &#8211; QUEBAKAN.COM 2026: Noticias, Eventos, Conciertos y mucho m\u00e1s....\" \/>\n<meta property=\"og:description\" content=\"Quito, 08 de agosto de 2025.- \u00a0\u00a0\u00a0La Era E-Tech de Renault alcanza un nuevo hito en Ecuador con el lanzamiento del Koleos Full Hybrid E-Tech Esprit Alpine, un modelo dise\u00f1ado para conductores sofisticados que priorizan la exclusividad, el alto desempe\u00f1o, la seguridad avanzada y la tecnolog\u00eda integral. En el coraz\u00f3n de este SUV se encuentra [&hellip;]\" \/>\n<meta property=\"og:url\" content=\"https:\/\/www.quebakan.com\/v15\/koleos-full-hybrid-e-tech-el-suv-renovado-para-quienes-buscan-estilo-en-la-nueva-era-renault\/\" \/>\n<meta property=\"og:site_name\" content=\"QUEBAKAN.COM 2026: Noticias, Eventos, Conciertos y mucho m\u00e1s....\" \/>\n<meta property=\"article:publisher\" content=\"http:\/\/www.facebook.com\/quebakan\" \/>\n<meta property=\"article:published_time\" content=\"2025-08-12T00:10:36+00:00\" \/>\n<meta property=\"og:image\" content=\"https:\/\/www.quebakan.com\/v15\/wp-content\/uploads\/2025\/08\/image006.jpg\" \/>\n\t<meta property=\"og:image:width\" content=\"396\" \/>\n\t<meta property=\"og:image:height\" content=\"308\" \/>\n\t<meta property=\"og:image:type\" content=\"image\/jpeg\" \/>\n<meta name=\"author\" content=\"Erick Villafuerte\" \/>\n<meta name=\"twitter:card\" content=\"summary_large_image\" \/>\n<meta name=\"twitter:creator\" content=\"@quebakanec\" \/>\n<meta name=\"twitter:site\" content=\"@quebakanec\" \/>\n<meta name=\"twitter:label1\" content=\"Escrito por\" \/>\n\t<meta name=\"twitter:data1\" content=\"Erick Villafuerte\" \/>\n\t<meta name=\"twitter:label2\" content=\"Tiempo de lectura\" \/>\n\t<meta name=\"twitter:data2\" content=\"3 minutos\" \/>\n<script type=\"application\/ld+json\" class=\"yoast-schema-graph\">{\"@context\":\"https:\\\/\\\/schema.org\",\"@graph\":[{\"@type\":\"Article\",\"@id\":\"https:\\\/\\\/www.quebakan.com\\\/v15\\\/koleos-full-hybrid-e-tech-el-suv-renovado-para-quienes-buscan-estilo-en-la-nueva-era-renault\\\/#article\",\"isPartOf\":{\"@id\":\"https:\\\/\\\/www.quebakan.com\\\/v15\\\/koleos-full-hybrid-e-tech-el-suv-renovado-para-quienes-buscan-estilo-en-la-nueva-era-renault\\\/\"},\"author\":{\"name\":\"Erick Villafuerte\",\"@id\":\"https:\\\/\\\/www.quebakan.com\\\/v15\\\/#\\\/schema\\\/person\\\/d90fa9f9cfa81eb8ace9811e5b7b9118\"},\"headline\":\"KOLEOS FULL HYBRID E-TECH, EL SUV RENOVADO PARA QUIENES BUSCAN ESTILO EN LA NUEVA ERA RENAULT\",\"datePublished\":\"2025-08-12T00:10:36+00:00\",\"mainEntityOfPage\":{\"@id\":\"https:\\\/\\\/www.quebakan.com\\\/v15\\\/koleos-full-hybrid-e-tech-el-suv-renovado-para-quienes-buscan-estilo-en-la-nueva-era-renault\\\/\"},\"wordCount\":467,\"publisher\":{\"@id\":\"https:\\\/\\\/www.quebakan.com\\\/v15\\\/#organization\"},\"image\":{\"@id\":\"https:\\\/\\\/www.quebakan.com\\\/v15\\\/koleos-full-hybrid-e-tech-el-suv-renovado-para-quienes-buscan-estilo-en-la-nueva-era-renault\\\/#primaryimage\"},\"thumbnailUrl\":\"https:\\\/\\\/www.quebakan.com\\\/v15\\\/wp-content\\\/uploads\\\/2025\\\/08\\\/image006.jpg\",\"articleSection\":[\"Noticias\"],\"inLanguage\":\"es\"},{\"@type\":\"WebPage\",\"@id\":\"https:\\\/\\\/www.quebakan.com\\\/v15\\\/koleos-full-hybrid-e-tech-el-suv-renovado-para-quienes-buscan-estilo-en-la-nueva-era-renault\\\/\",\"url\":\"https:\\\/\\\/www.quebakan.com\\\/v15\\\/koleos-full-hybrid-e-tech-el-suv-renovado-para-quienes-buscan-estilo-en-la-nueva-era-renault\\\/\",\"name\":\"KOLEOS FULL HYBRID E-TECH, EL SUV RENOVADO PARA QUIENES BUSCAN ESTILO EN LA NUEVA ERA RENAULT &#8211; QUEBAKAN.COM 2026: Noticias, Eventos, Conciertos y mucho m\u00e1s....\",\"isPartOf\":{\"@id\":\"https:\\\/\\\/www.quebakan.com\\\/v15\\\/#website\"},\"primaryImageOfPage\":{\"@id\":\"https:\\\/\\\/www.quebakan.com\\\/v15\\\/koleos-full-hybrid-e-tech-el-suv-renovado-para-quienes-buscan-estilo-en-la-nueva-era-renault\\\/#primaryimage\"},\"image\":{\"@id\":\"https:\\\/\\\/www.quebakan.com\\\/v15\\\/koleos-full-hybrid-e-tech-el-suv-renovado-para-quienes-buscan-estilo-en-la-nueva-era-renault\\\/#primaryimage\"},\"thumbnailUrl\":\"https:\\\/\\\/www.quebakan.com\\\/v15\\\/wp-content\\\/uploads\\\/2025\\\/08\\\/image006.jpg\",\"datePublished\":\"2025-08-12T00:10:36+00:00\",\"breadcrumb\":{\"@id\":\"https:\\\/\\\/www.quebakan.com\\\/v15\\\/koleos-full-hybrid-e-tech-el-suv-renovado-para-quienes-buscan-estilo-en-la-nueva-era-renault\\\/#breadcrumb\"},\"inLanguage\":\"es\",\"potentialAction\":[{\"@type\":\"ReadAction\",\"target\":[\"https:\\\/\\\/www.quebakan.com\\\/v15\\\/koleos-full-hybrid-e-tech-el-suv-renovado-para-quienes-buscan-estilo-en-la-nueva-era-renault\\\/\"]}]},{\"@type\":\"ImageObject\",\"inLanguage\":\"es\",\"@id\":\"https:\\\/\\\/www.quebakan.com\\\/v15\\\/koleos-full-hybrid-e-tech-el-suv-renovado-para-quienes-buscan-estilo-en-la-nueva-era-renault\\\/#primaryimage\",\"url\":\"https:\\\/\\\/www.quebakan.com\\\/v15\\\/wp-content\\\/uploads\\\/2025\\\/08\\\/image006.jpg\",\"contentUrl\":\"https:\\\/\\\/www.quebakan.com\\\/v15\\\/wp-content\\\/uploads\\\/2025\\\/08\\\/image006.jpg\",\"width\":396,\"height\":308},{\"@type\":\"BreadcrumbList\",\"@id\":\"https:\\\/\\\/www.quebakan.com\\\/v15\\\/koleos-full-hybrid-e-tech-el-suv-renovado-para-quienes-buscan-estilo-en-la-nueva-era-renault\\\/#breadcrumb\",\"itemListElement\":[{\"@type\":\"ListItem\",\"position\":1,\"name\":\"Portada\",\"item\":\"https:\\\/\\\/www.quebakan.com\\\/v15\\\/\"},{\"@type\":\"ListItem\",\"position\":2,\"name\":\"KOLEOS FULL HYBRID E-TECH, EL SUV RENOVADO PARA QUIENES BUSCAN ESTILO EN LA NUEVA ERA RENAULT\"}]},{\"@type\":\"WebSite\",\"@id\":\"https:\\\/\\\/www.quebakan.com\\\/v15\\\/#website\",\"url\":\"https:\\\/\\\/www.quebakan.com\\\/v15\\\/\",\"name\":\"QUEBAKAN\",\"description\":\"..\",\"publisher\":{\"@id\":\"https:\\\/\\\/www.quebakan.com\\\/v15\\\/#organization\"},\"potentialAction\":[{\"@type\":\"SearchAction\",\"target\":{\"@type\":\"EntryPoint\",\"urlTemplate\":\"https:\\\/\\\/www.quebakan.com\\\/v15\\\/?s={search_term_string}\"},\"query-input\":{\"@type\":\"PropertyValueSpecification\",\"valueRequired\":true,\"valueName\":\"search_term_string\"}}],\"inLanguage\":\"es\"},{\"@type\":\"Organization\",\"@id\":\"https:\\\/\\\/www.quebakan.com\\\/v15\\\/#organization\",\"name\":\"Quebakan.com\",\"url\":\"https:\\\/\\\/www.quebakan.com\\\/v15\\\/\",\"logo\":{\"@type\":\"ImageObject\",\"inLanguage\":\"es\",\"@id\":\"https:\\\/\\\/www.quebakan.com\\\/v15\\\/#\\\/schema\\\/logo\\\/image\\\/\",\"url\":\"https:\\\/\\\/www.quebakan.com\\\/v15\\\/wp-content\\\/uploads\\\/2023\\\/07\\\/logoquebakanenero2021.jpg\",\"contentUrl\":\"https:\\\/\\\/www.quebakan.com\\\/v15\\\/wp-content\\\/uploads\\\/2023\\\/07\\\/logoquebakanenero2021.jpg\",\"width\":1920,\"height\":1080,\"caption\":\"Quebakan.com\"},\"image\":{\"@id\":\"https:\\\/\\\/www.quebakan.com\\\/v15\\\/#\\\/schema\\\/logo\\\/image\\\/\"},\"sameAs\":[\"http:\\\/\\\/www.facebook.com\\\/quebakan\",\"https:\\\/\\\/x.com\\\/quebakanec\",\"http:\\\/\\\/www.instagram.com\\\/quebakan\",\"http:\\\/\\\/www.youtube.com\\\/quebakan1\"]},{\"@type\":\"Person\",\"@id\":\"https:\\\/\\\/www.quebakan.com\\\/v15\\\/#\\\/schema\\\/person\\\/d90fa9f9cfa81eb8ace9811e5b7b9118\",\"name\":\"Erick Villafuerte\",\"image\":{\"@type\":\"ImageObject\",\"inLanguage\":\"es\",\"@id\":\"https:\\\/\\\/www.quebakan.com\\\/v15\\\/wp-content\\\/uploads\\\/avatars\\\/4\\\/1731297654-bpfull.png\",\"url\":\"https:\\\/\\\/www.quebakan.com\\\/v15\\\/wp-content\\\/uploads\\\/avatars\\\/4\\\/1731297654-bpfull.png\",\"contentUrl\":\"https:\\\/\\\/www.quebakan.com\\\/v15\\\/wp-content\\\/uploads\\\/avatars\\\/4\\\/1731297654-bpfull.png\",\"caption\":\"Erick Villafuerte\"}}]}<\/script>\n<!-- \/ Yoast SEO plugin. -->","yoast_head_json":{"title":"KOLEOS FULL HYBRID E-TECH, EL SUV RENOVADO PARA QUIENES BUSCAN ESTILO EN LA NUEVA ERA RENAULT &#8211; QUEBAKAN.COM 2026: Noticias, Eventos, Conciertos y mucho m\u00e1s....","robots":{"index":"index","follow":"follow","max-snippet":"max-snippet:-1","max-image-preview":"max-image-preview:large","max-video-preview":"max-video-preview:-1"},"canonical":"https:\/\/www.quebakan.com\/v15\/koleos-full-hybrid-e-tech-el-suv-renovado-para-quienes-buscan-estilo-en-la-nueva-era-renault\/","og_locale":"es_ES","og_type":"article","og_title":"KOLEOS FULL HYBRID E-TECH, EL SUV RENOVADO PARA QUIENES BUSCAN ESTILO EN LA NUEVA ERA RENAULT &#8211; QUEBAKAN.COM 2026: Noticias, Eventos, Conciertos y mucho m\u00e1s....","og_description":"Quito, 08 de agosto de 2025.- \u00a0\u00a0\u00a0La Era E-Tech de Renault alcanza un nuevo hito en Ecuador con el lanzamiento del Koleos Full Hybrid E-Tech Esprit Alpine, un modelo dise\u00f1ado para conductores sofisticados que priorizan la exclusividad, el alto desempe\u00f1o, la seguridad avanzada y la tecnolog\u00eda integral. En el coraz\u00f3n de este SUV se encuentra [&hellip;]","og_url":"https:\/\/www.quebakan.com\/v15\/koleos-full-hybrid-e-tech-el-suv-renovado-para-quienes-buscan-estilo-en-la-nueva-era-renault\/","og_site_name":"QUEBAKAN.COM 2026: Noticias, Eventos, Conciertos y mucho m\u00e1s....","article_publisher":"http:\/\/www.facebook.com\/quebakan","article_published_time":"2025-08-12T00:10:36+00:00","og_image":[{"width":396,"height":308,"url":"https:\/\/www.quebakan.com\/v15\/wp-content\/uploads\/2025\/08\/image006.jpg","type":"image\/jpeg"}],"author":"Erick Villafuerte","twitter_card":"summary_large_image","twitter_creator":"@quebakanec","twitter_site":"@quebakanec","twitter_misc":{"Escrito por":"Erick Villafuerte","Tiempo de lectura":"3 minutos"},"schema":{"@context":"https:\/\/schema.org","@graph":[{"@type":"Article","@id":"https:\/\/www.quebakan.com\/v15\/koleos-full-hybrid-e-tech-el-suv-renovado-para-quienes-buscan-estilo-en-la-nueva-era-renault\/#article","isPartOf":{"@id":"https:\/\/www.quebakan.com\/v15\/koleos-full-hybrid-e-tech-el-suv-renovado-para-quienes-buscan-estilo-en-la-nueva-era-renault\/"},"author":{"name":"Erick Villafuerte","@id":"https:\/\/www.quebakan.com\/v15\/#\/schema\/person\/d90fa9f9cfa81eb8ace9811e5b7b9118"},"headline":"KOLEOS FULL HYBRID E-TECH, EL SUV RENOVADO PARA QUIENES BUSCAN ESTILO EN LA NUEVA ERA RENAULT","datePublished":"2025-08-12T00:10:36+00:00","mainEntityOfPage":{"@id":"https:\/\/www.quebakan.com\/v15\/koleos-full-hybrid-e-tech-el-suv-renovado-para-quienes-buscan-estilo-en-la-nueva-era-renault\/"},"wordCount":467,"publisher":{"@id":"https:\/\/www.quebakan.com\/v15\/#organization"},"image":{"@id":"https:\/\/www.quebakan.com\/v15\/koleos-full-hybrid-e-tech-el-suv-renovado-para-quienes-buscan-estilo-en-la-nueva-era-renault\/#primaryimage"},"thumbnailUrl":"https:\/\/www.quebakan.com\/v15\/wp-content\/uploads\/2025\/08\/image006.jpg","articleSection":["Noticias"],"inLanguage":"es"},{"@type":"WebPage","@id":"https:\/\/www.quebakan.com\/v15\/koleos-full-hybrid-e-tech-el-suv-renovado-para-quienes-buscan-estilo-en-la-nueva-era-renault\/","url":"https:\/\/www.quebakan.com\/v15\/koleos-full-hybrid-e-tech-el-suv-renovado-para-quienes-buscan-estilo-en-la-nueva-era-renault\/","name":"KOLEOS FULL HYBRID E-TECH, EL SUV RENOVADO PARA QUIENES BUSCAN ESTILO EN LA NUEVA ERA RENAULT &#8211; QUEBAKAN.COM 2026: Noticias, Eventos, Conciertos y mucho m\u00e1s....","isPartOf":{"@id":"https:\/\/www.quebakan.com\/v15\/#website"},"primaryImageOfPage":{"@id":"https:\/\/www.quebakan.com\/v15\/koleos-full-hybrid-e-tech-el-suv-renovado-para-quienes-buscan-estilo-en-la-nueva-era-renault\/#primaryimage"},"image":{"@id":"https:\/\/www.quebakan.com\/v15\/koleos-full-hybrid-e-tech-el-suv-renovado-para-quienes-buscan-estilo-en-la-nueva-era-renault\/#primaryimage"},"thumbnailUrl":"https:\/\/www.quebakan.com\/v15\/wp-content\/uploads\/2025\/08\/image006.jpg","datePublished":"2025-08-12T00:10:36+00:00","breadcrumb":{"@id":"https:\/\/www.quebakan.com\/v15\/koleos-full-hybrid-e-tech-el-suv-renovado-para-quienes-buscan-estilo-en-la-nueva-era-renault\/#breadcrumb"},"inLanguage":"es","potentialAction":[{"@type":"ReadAction","target":["https:\/\/www.quebakan.com\/v15\/koleos-full-hybrid-e-tech-el-suv-renovado-para-quienes-buscan-estilo-en-la-nueva-era-renault\/"]}]},{"@type":"ImageObject","inLanguage":"es","@id":"https:\/\/www.quebakan.com\/v15\/koleos-full-hybrid-e-tech-el-suv-renovado-para-quienes-buscan-estilo-en-la-nueva-era-renault\/#primaryimage","url":"https:\/\/www.quebakan.com\/v15\/wp-content\/uploads\/2025\/08\/image006.jpg","contentUrl":"https:\/\/www.quebakan.com\/v15\/wp-content\/uploads\/2025\/08\/image006.jpg","width":396,"height":308},{"@type":"BreadcrumbList","@id":"https:\/\/www.quebakan.com\/v15\/koleos-full-hybrid-e-tech-el-suv-renovado-para-quienes-buscan-estilo-en-la-nueva-era-renault\/#breadcrumb","itemListElement":[{"@type":"ListItem","position":1,"name":"Portada","item":"https:\/\/www.quebakan.com\/v15\/"},{"@type":"ListItem","position":2,"name":"KOLEOS FULL HYBRID E-TECH, EL SUV RENOVADO PARA QUIENES BUSCAN ESTILO EN LA NUEVA ERA RENAULT"}]},{"@type":"WebSite","@id":"https:\/\/www.quebakan.com\/v15\/#website","url":"https:\/\/www.quebakan.com\/v15\/","name":"QUEBAKAN","description":"..","publisher":{"@id":"https:\/\/www.quebakan.com\/v15\/#organization"},"potentialAction":[{"@type":"SearchAction","target":{"@type":"EntryPoint","urlTemplate":"https:\/\/www.quebakan.com\/v15\/?s={search_term_string}"},"query-input":{"@type":"PropertyValueSpecification","valueRequired":true,"valueName":"search_term_string"}}],"inLanguage":"es"},{"@type":"Organization","@id":"https:\/\/www.quebakan.com\/v15\/#organization","name":"Quebakan.com","url":"https:\/\/www.quebakan.com\/v15\/","logo":{"@type":"ImageObject","inLanguage":"es","@id":"https:\/\/www.quebakan.com\/v15\/#\/schema\/logo\/image\/","url":"https:\/\/www.quebakan.com\/v15\/wp-content\/uploads\/2023\/07\/logoquebakanenero2021.jpg","contentUrl":"https:\/\/www.quebakan.com\/v15\/wp-content\/uploads\/2023\/07\/logoquebakanenero2021.jpg","width":1920,"height":1080,"caption":"Quebakan.com"},"image":{"@id":"https:\/\/www.quebakan.com\/v15\/#\/schema\/logo\/image\/"},"sameAs":["http:\/\/www.facebook.com\/quebakan","https:\/\/x.com\/quebakanec","http:\/\/www.instagram.com\/quebakan","http:\/\/www.youtube.com\/quebakan1"]},{"@type":"Person","@id":"https:\/\/www.quebakan.com\/v15\/#\/schema\/person\/d90fa9f9cfa81eb8ace9811e5b7b9118","name":"Erick Villafuerte","image":{"@type":"ImageObject","inLanguage":"es","@id":"https:\/\/www.quebakan.com\/v15\/wp-content\/uploads\/avatars\/4\/1731297654-bpfull.png","url":"https:\/\/www.quebakan.com\/v15\/wp-content\/uploads\/avatars\/4\/1731297654-bpfull.png","contentUrl":"https:\/\/www.quebakan.com\/v15\/wp-content\/uploads\/avatars\/4\/1731297654-bpfull.png","caption":"Erick Villafuerte"}}]}},"_links":{"self":[{"href":"https:\/\/www.quebakan.com\/v15\/wp-json\/wp\/v2\/posts\/134163","targetHints":{"allow":["GET"]}}],"collection":[{"href":"https:\/\/www.quebakan.com\/v15\/wp-json\/wp\/v2\/posts"}],"about":[{"href":"https:\/\/www.quebakan.com\/v15\/wp-json\/wp\/v2\/types\/post"}],"author":[{"embeddable":true,"href":"https:\/\/www.quebakan.com\/v15\/wp-json\/wp\/v2\/users\/4"}],"replies":[{"embeddable":true,"href":"https:\/\/www.quebakan.com\/v15\/wp-json\/wp\/v2\/comments?post=134163"}],"version-history":[{"count":1,"href":"https:\/\/www.quebakan.com\/v15\/wp-json\/wp\/v2\/posts\/134163\/revisions"}],"predecessor-version":[{"id":134166,"href":"https:\/\/www.quebakan.com\/v15\/wp-json\/wp\/v2\/posts\/134163\/revisions\/134166"}],"wp:featuredmedia":[{"embeddable":true,"href":"https:\/\/www.quebakan.com\/v15\/wp-json\/wp\/v2\/media\/134164"}],"wp:attachment":[{"href":"https:\/\/www.quebakan.com\/v15\/wp-json\/wp\/v2\/media?parent=134163"}],"wp:term":[{"taxonomy":"category","embeddable":true,"href":"https:\/\/www.quebakan.com\/v15\/wp-json\/wp\/v2\/categories?post=134163"},{"taxonomy":"post_tag","embeddable":true,"href":"https:\/\/www.quebakan.com\/v15\/wp-json\/wp\/v2\/tags?post=134163"}],"curies":[{"name":"wp","href":"https:\/\/api.w.org\/{rel}","templated":true}]}}