{"id":134176,"date":"2025-08-12T15:55:16","date_gmt":"2025-08-12T20:55:16","guid":{"rendered":"https:\/\/www.quebakan.com\/v15\/?p=134176"},"modified":"2025-08-12T15:55:16","modified_gmt":"2025-08-12T20:55:16","slug":"ihg-hotels-resorts-reune-a-aliados-estrategicos-en-guayaquil-para-presentar-portafolio-de-hoteles-en-ecuador","status":"publish","type":"post","link":"https:\/\/www.quebakan.com\/v15\/ihg-hotels-resorts-reune-a-aliados-estrategicos-en-guayaquil-para-presentar-portafolio-de-hoteles-en-ecuador\/","title":{"rendered":"IHG Hotels &#038; Resorts re\u00fane a aliados estrat\u00e9gicos en Guayaquil para presentar portafolio de hoteles en Ecuador"},"content":{"rendered":"<p><img fetchpriority=\"high\" decoding=\"async\" class=\"aligncenter size-full wp-image-134177\" src=\"https:\/\/www.quebakan.com\/v15\/wp-content\/uploads\/2025\/08\/Prensa-1.jpg\" alt=\"\" width=\"700\" height=\"480\" \/><\/p>\n<ul>\n<li style=\"text-align: justify;\"><span style=\"color: #000000;\"><em>IHG present\u00f3 una oferta estrat\u00e9gica para el mercado ecuatoriano: conectividad inmediata desde Holiday Inn Guayaquil Airport, eficiencia y comodidad en Holiday Inn Quito Airport, dinamismo urbano en Holiday Inn Express Quito y una experiencia boutique de inmersi\u00f3n local en Hotel Indigo Gal\u00e1pagos San Crist\u00f3bal.<\/em><\/span><\/li>\n<\/ul>\n<p style=\"text-align: justify;\"><span style=\"color: #000000;\"><em>Guayaquil, agosto 2025.-<\/em> Con el objetivo de fortalecer su presencia en el pa\u00eds y estrechar lazos con sus principales aliados comerciales, <strong>IHG Hotels &amp; Resorts<\/strong> llev\u00f3 a cabo una presentaci\u00f3n de sus cuatro propiedades en Ecuador en las instalaciones del Hotel Holiday Inn Guayaquil Airport.<\/span><\/p>\n<p style=\"text-align: justify;\"><span style=\"color: #000000;\">El evento reuni\u00f3 a agentes de viajes y socios estrat\u00e9gicos fieles a la marca, quienes conocieron de primera mano las bondades, servicios e infraestructura de cada hotel, reafirmando el compromiso de IHG con la hospitalidad de alto nivel en los principales destinos del pa\u00eds.<\/span><\/p>\n<p style=\"text-align: justify;\"><span style=\"color: #000000;\">Durante la jornada se destacaron:<\/span><\/p>\n<ul style=\"text-align: justify;\">\n<li><span style=\"color: #000000;\"><strong>Holiday Inn Guayaquil Airport<\/strong>: reconocido por su ubicaci\u00f3n inmejorable junto al aeropuerto, ideal para pasajeros en tr\u00e1nsito y viajeros corporativos.<\/span><\/li>\n<li><span style=\"color: #000000;\"><strong>Holiday Inn Quito Airport<\/strong>: la opci\u00f3n m\u00e1s reciente de la marca en la capital, que combina eficiencia, comodidad y cercan\u00eda al aeropuerto Mariscal Sucre.<\/span><\/li>\n<li><span style=\"color: #000000;\"><strong>Holiday Inn Express Quito<\/strong>: dise\u00f1ado para el viajero urbano, con un enfoque pr\u00e1ctico y moderno en el centro financiero de la ciudad.<\/span><\/li>\n<li><span style=\"color: #000000;\"><strong>Hotel Indigo Gal\u00e1pagos San Crist\u00f3bal<\/strong>: la joya m\u00e1s reciente del portafolio, un hotel boutique lifestyle frente al malec\u00f3n de San Crist\u00f3bal, que ofrece una experiencia inmersiva en las islas encantadas.<\/span><\/li>\n<\/ul>\n<p style=\"text-align: justify;\"><span style=\"color: #000000;\">Los asistentes disfrutaron del encuentro en un ambiente c\u00e1lido y distendido, adem\u00e1s de participar en una din\u00e1mica de premios que incluy\u00f3 estad\u00edas gratuitas en los hoteles IHG del pa\u00eds y puntos del programa de fidelidad IHG One Rewards, como muestra de agradecimiento por su continua preferencia y colaboraci\u00f3n.<\/span><\/p>\n<p style=\"text-align: justify;\"><span style=\"color: #000000;\">El evento concluy\u00f3 con un espacio de networking, generando entusiasmo por futuras colaboraciones y experiencias dentro de la familia IHG.<\/span><\/p>\n","protected":false},"excerpt":{"rendered":"<p>IHG present\u00f3 una oferta estrat\u00e9gica para el mercado ecuatoriano: conectividad inmediata desde Holiday Inn Guayaquil Airport, eficiencia y comodidad en Holiday Inn Quito Airport, dinamismo urbano en Holiday Inn Express Quito y una experiencia boutique de inmersi\u00f3n local en Hotel Indigo Gal\u00e1pagos San Crist\u00f3bal. Guayaquil, agosto 2025.- Con el objetivo de fortalecer su presencia en [&hellip;]<\/p>\n","protected":false},"author":4,"featured_media":134177,"comment_status":"closed","ping_status":"closed","sticky":false,"template":"","format":"standard","meta":{"_bbp_topic_count":0,"_bbp_reply_count":0,"_bbp_total_topic_count":0,"_bbp_total_reply_count":0,"_bbp_voice_count":0,"_bbp_anonymous_reply_count":0,"_bbp_topic_count_hidden":0,"_bbp_reply_count_hidden":0,"_bbp_forum_subforum_count":0,"buzzeditor_post_format":"","footnotes":""},"categories":[2],"tags":[],"class_list":["post-134176","post","type-post","status-publish","format-standard","has-post-thumbnail","hentry","category-noticias"],"yoast_head":"<!-- This site is optimized with the Yoast SEO plugin v27.5 - https:\/\/yoast.com\/product\/yoast-seo-wordpress\/ -->\n<title>IHG Hotels &amp; Resorts re\u00fane a aliados estrat\u00e9gicos en Guayaquil para presentar portafolio de hoteles en Ecuador &#8211; QUEBAKAN.COM 2026: Noticias, Eventos, Conciertos y mucho m\u00e1s....<\/title>\n<meta name=\"robots\" content=\"index, follow, max-snippet:-1, max-image-preview:large, max-video-preview:-1\" \/>\n<link rel=\"canonical\" href=\"https:\/\/www.quebakan.com\/v15\/ihg-hotels-resorts-reune-a-aliados-estrategicos-en-guayaquil-para-presentar-portafolio-de-hoteles-en-ecuador\/\" \/>\n<meta property=\"og:locale\" content=\"es_ES\" \/>\n<meta property=\"og:type\" content=\"article\" \/>\n<meta property=\"og:title\" content=\"IHG Hotels &amp; Resorts re\u00fane a aliados estrat\u00e9gicos en Guayaquil para presentar portafolio de hoteles en Ecuador &#8211; QUEBAKAN.COM 2026: Noticias, Eventos, Conciertos y mucho m\u00e1s....\" \/>\n<meta property=\"og:description\" content=\"IHG present\u00f3 una oferta estrat\u00e9gica para el mercado ecuatoriano: conectividad inmediata desde Holiday Inn Guayaquil Airport, eficiencia y comodidad en Holiday Inn Quito Airport, dinamismo urbano en Holiday Inn Express Quito y una experiencia boutique de inmersi\u00f3n local en Hotel Indigo Gal\u00e1pagos San Crist\u00f3bal. Guayaquil, agosto 2025.- Con el objetivo de fortalecer su presencia en [&hellip;]\" \/>\n<meta property=\"og:url\" content=\"https:\/\/www.quebakan.com\/v15\/ihg-hotels-resorts-reune-a-aliados-estrategicos-en-guayaquil-para-presentar-portafolio-de-hoteles-en-ecuador\/\" \/>\n<meta property=\"og:site_name\" content=\"QUEBAKAN.COM 2026: Noticias, Eventos, Conciertos y mucho m\u00e1s....\" \/>\n<meta property=\"article:publisher\" content=\"http:\/\/www.facebook.com\/quebakan\" \/>\n<meta property=\"article:published_time\" content=\"2025-08-12T20:55:16+00:00\" \/>\n<meta property=\"og:image\" content=\"https:\/\/www.quebakan.com\/v15\/wp-content\/uploads\/2025\/08\/Prensa-1.jpg\" \/>\n\t<meta property=\"og:image:width\" content=\"700\" \/>\n\t<meta property=\"og:image:height\" content=\"480\" \/>\n\t<meta property=\"og:image:type\" content=\"image\/jpeg\" \/>\n<meta name=\"author\" content=\"Erick Villafuerte\" \/>\n<meta name=\"twitter:card\" content=\"summary_large_image\" \/>\n<meta name=\"twitter:creator\" content=\"@quebakanec\" \/>\n<meta name=\"twitter:site\" content=\"@quebakanec\" \/>\n<meta name=\"twitter:label1\" content=\"Escrito por\" \/>\n\t<meta name=\"twitter:data1\" content=\"Erick Villafuerte\" \/>\n\t<meta name=\"twitter:label2\" content=\"Tiempo de lectura\" \/>\n\t<meta name=\"twitter:data2\" content=\"2 minutos\" \/>\n<script type=\"application\/ld+json\" class=\"yoast-schema-graph\">{\"@context\":\"https:\\\/\\\/schema.org\",\"@graph\":[{\"@type\":\"Article\",\"@id\":\"https:\\\/\\\/www.quebakan.com\\\/v15\\\/ihg-hotels-resorts-reune-a-aliados-estrategicos-en-guayaquil-para-presentar-portafolio-de-hoteles-en-ecuador\\\/#article\",\"isPartOf\":{\"@id\":\"https:\\\/\\\/www.quebakan.com\\\/v15\\\/ihg-hotels-resorts-reune-a-aliados-estrategicos-en-guayaquil-para-presentar-portafolio-de-hoteles-en-ecuador\\\/\"},\"author\":{\"name\":\"Erick Villafuerte\",\"@id\":\"https:\\\/\\\/www.quebakan.com\\\/v15\\\/#\\\/schema\\\/person\\\/d90fa9f9cfa81eb8ace9811e5b7b9118\"},\"headline\":\"IHG Hotels &#038; Resorts re\u00fane a aliados estrat\u00e9gicos en Guayaquil para presentar portafolio de hoteles en Ecuador\",\"datePublished\":\"2025-08-12T20:55:16+00:00\",\"mainEntityOfPage\":{\"@id\":\"https:\\\/\\\/www.quebakan.com\\\/v15\\\/ihg-hotels-resorts-reune-a-aliados-estrategicos-en-guayaquil-para-presentar-portafolio-de-hoteles-en-ecuador\\\/\"},\"wordCount\":346,\"publisher\":{\"@id\":\"https:\\\/\\\/www.quebakan.com\\\/v15\\\/#organization\"},\"image\":{\"@id\":\"https:\\\/\\\/www.quebakan.com\\\/v15\\\/ihg-hotels-resorts-reune-a-aliados-estrategicos-en-guayaquil-para-presentar-portafolio-de-hoteles-en-ecuador\\\/#primaryimage\"},\"thumbnailUrl\":\"https:\\\/\\\/www.quebakan.com\\\/v15\\\/wp-content\\\/uploads\\\/2025\\\/08\\\/Prensa-1.jpg\",\"articleSection\":[\"Noticias\"],\"inLanguage\":\"es\"},{\"@type\":\"WebPage\",\"@id\":\"https:\\\/\\\/www.quebakan.com\\\/v15\\\/ihg-hotels-resorts-reune-a-aliados-estrategicos-en-guayaquil-para-presentar-portafolio-de-hoteles-en-ecuador\\\/\",\"url\":\"https:\\\/\\\/www.quebakan.com\\\/v15\\\/ihg-hotels-resorts-reune-a-aliados-estrategicos-en-guayaquil-para-presentar-portafolio-de-hoteles-en-ecuador\\\/\",\"name\":\"IHG Hotels & Resorts re\u00fane a aliados estrat\u00e9gicos en Guayaquil para presentar portafolio de hoteles en Ecuador &#8211; QUEBAKAN.COM 2026: Noticias, Eventos, Conciertos y mucho m\u00e1s....\",\"isPartOf\":{\"@id\":\"https:\\\/\\\/www.quebakan.com\\\/v15\\\/#website\"},\"primaryImageOfPage\":{\"@id\":\"https:\\\/\\\/www.quebakan.com\\\/v15\\\/ihg-hotels-resorts-reune-a-aliados-estrategicos-en-guayaquil-para-presentar-portafolio-de-hoteles-en-ecuador\\\/#primaryimage\"},\"image\":{\"@id\":\"https:\\\/\\\/www.quebakan.com\\\/v15\\\/ihg-hotels-resorts-reune-a-aliados-estrategicos-en-guayaquil-para-presentar-portafolio-de-hoteles-en-ecuador\\\/#primaryimage\"},\"thumbnailUrl\":\"https:\\\/\\\/www.quebakan.com\\\/v15\\\/wp-content\\\/uploads\\\/2025\\\/08\\\/Prensa-1.jpg\",\"datePublished\":\"2025-08-12T20:55:16+00:00\",\"breadcrumb\":{\"@id\":\"https:\\\/\\\/www.quebakan.com\\\/v15\\\/ihg-hotels-resorts-reune-a-aliados-estrategicos-en-guayaquil-para-presentar-portafolio-de-hoteles-en-ecuador\\\/#breadcrumb\"},\"inLanguage\":\"es\",\"potentialAction\":[{\"@type\":\"ReadAction\",\"target\":[\"https:\\\/\\\/www.quebakan.com\\\/v15\\\/ihg-hotels-resorts-reune-a-aliados-estrategicos-en-guayaquil-para-presentar-portafolio-de-hoteles-en-ecuador\\\/\"]}]},{\"@type\":\"ImageObject\",\"inLanguage\":\"es\",\"@id\":\"https:\\\/\\\/www.quebakan.com\\\/v15\\\/ihg-hotels-resorts-reune-a-aliados-estrategicos-en-guayaquil-para-presentar-portafolio-de-hoteles-en-ecuador\\\/#primaryimage\",\"url\":\"https:\\\/\\\/www.quebakan.com\\\/v15\\\/wp-content\\\/uploads\\\/2025\\\/08\\\/Prensa-1.jpg\",\"contentUrl\":\"https:\\\/\\\/www.quebakan.com\\\/v15\\\/wp-content\\\/uploads\\\/2025\\\/08\\\/Prensa-1.jpg\",\"width\":700,\"height\":480},{\"@type\":\"BreadcrumbList\",\"@id\":\"https:\\\/\\\/www.quebakan.com\\\/v15\\\/ihg-hotels-resorts-reune-a-aliados-estrategicos-en-guayaquil-para-presentar-portafolio-de-hoteles-en-ecuador\\\/#breadcrumb\",\"itemListElement\":[{\"@type\":\"ListItem\",\"position\":1,\"name\":\"Portada\",\"item\":\"https:\\\/\\\/www.quebakan.com\\\/v15\\\/\"},{\"@type\":\"ListItem\",\"position\":2,\"name\":\"IHG Hotels &#038; Resorts re\u00fane a aliados estrat\u00e9gicos en Guayaquil para presentar portafolio de hoteles en Ecuador\"}]},{\"@type\":\"WebSite\",\"@id\":\"https:\\\/\\\/www.quebakan.com\\\/v15\\\/#website\",\"url\":\"https:\\\/\\\/www.quebakan.com\\\/v15\\\/\",\"name\":\"QUEBAKAN\",\"description\":\"..\",\"publisher\":{\"@id\":\"https:\\\/\\\/www.quebakan.com\\\/v15\\\/#organization\"},\"potentialAction\":[{\"@type\":\"SearchAction\",\"target\":{\"@type\":\"EntryPoint\",\"urlTemplate\":\"https:\\\/\\\/www.quebakan.com\\\/v15\\\/?s={search_term_string}\"},\"query-input\":{\"@type\":\"PropertyValueSpecification\",\"valueRequired\":true,\"valueName\":\"search_term_string\"}}],\"inLanguage\":\"es\"},{\"@type\":\"Organization\",\"@id\":\"https:\\\/\\\/www.quebakan.com\\\/v15\\\/#organization\",\"name\":\"Quebakan.com\",\"url\":\"https:\\\/\\\/www.quebakan.com\\\/v15\\\/\",\"logo\":{\"@type\":\"ImageObject\",\"inLanguage\":\"es\",\"@id\":\"https:\\\/\\\/www.quebakan.com\\\/v15\\\/#\\\/schema\\\/logo\\\/image\\\/\",\"url\":\"https:\\\/\\\/www.quebakan.com\\\/v15\\\/wp-content\\\/uploads\\\/2023\\\/07\\\/logoquebakanenero2021.jpg\",\"contentUrl\":\"https:\\\/\\\/www.quebakan.com\\\/v15\\\/wp-content\\\/uploads\\\/2023\\\/07\\\/logoquebakanenero2021.jpg\",\"width\":1920,\"height\":1080,\"caption\":\"Quebakan.com\"},\"image\":{\"@id\":\"https:\\\/\\\/www.quebakan.com\\\/v15\\\/#\\\/schema\\\/logo\\\/image\\\/\"},\"sameAs\":[\"http:\\\/\\\/www.facebook.com\\\/quebakan\",\"https:\\\/\\\/x.com\\\/quebakanec\",\"http:\\\/\\\/www.instagram.com\\\/quebakan\",\"http:\\\/\\\/www.youtube.com\\\/quebakan1\"]},{\"@type\":\"Person\",\"@id\":\"https:\\\/\\\/www.quebakan.com\\\/v15\\\/#\\\/schema\\\/person\\\/d90fa9f9cfa81eb8ace9811e5b7b9118\",\"name\":\"Erick Villafuerte\",\"image\":{\"@type\":\"ImageObject\",\"inLanguage\":\"es\",\"@id\":\"https:\\\/\\\/www.quebakan.com\\\/v15\\\/wp-content\\\/uploads\\\/avatars\\\/4\\\/1731297654-bpfull.png\",\"url\":\"https:\\\/\\\/www.quebakan.com\\\/v15\\\/wp-content\\\/uploads\\\/avatars\\\/4\\\/1731297654-bpfull.png\",\"contentUrl\":\"https:\\\/\\\/www.quebakan.com\\\/v15\\\/wp-content\\\/uploads\\\/avatars\\\/4\\\/1731297654-bpfull.png\",\"caption\":\"Erick Villafuerte\"}}]}<\/script>\n<!-- \/ Yoast SEO plugin. -->","yoast_head_json":{"title":"IHG Hotels & Resorts re\u00fane a aliados estrat\u00e9gicos en Guayaquil para presentar portafolio de hoteles en Ecuador &#8211; QUEBAKAN.COM 2026: Noticias, Eventos, Conciertos y mucho m\u00e1s....","robots":{"index":"index","follow":"follow","max-snippet":"max-snippet:-1","max-image-preview":"max-image-preview:large","max-video-preview":"max-video-preview:-1"},"canonical":"https:\/\/www.quebakan.com\/v15\/ihg-hotels-resorts-reune-a-aliados-estrategicos-en-guayaquil-para-presentar-portafolio-de-hoteles-en-ecuador\/","og_locale":"es_ES","og_type":"article","og_title":"IHG Hotels & Resorts re\u00fane a aliados estrat\u00e9gicos en Guayaquil para presentar portafolio de hoteles en Ecuador &#8211; QUEBAKAN.COM 2026: Noticias, Eventos, Conciertos y mucho m\u00e1s....","og_description":"IHG present\u00f3 una oferta estrat\u00e9gica para el mercado ecuatoriano: conectividad inmediata desde Holiday Inn Guayaquil Airport, eficiencia y comodidad en Holiday Inn Quito Airport, dinamismo urbano en Holiday Inn Express Quito y una experiencia boutique de inmersi\u00f3n local en Hotel Indigo Gal\u00e1pagos San Crist\u00f3bal. Guayaquil, agosto 2025.- Con el objetivo de fortalecer su presencia en [&hellip;]","og_url":"https:\/\/www.quebakan.com\/v15\/ihg-hotels-resorts-reune-a-aliados-estrategicos-en-guayaquil-para-presentar-portafolio-de-hoteles-en-ecuador\/","og_site_name":"QUEBAKAN.COM 2026: Noticias, Eventos, Conciertos y mucho m\u00e1s....","article_publisher":"http:\/\/www.facebook.com\/quebakan","article_published_time":"2025-08-12T20:55:16+00:00","og_image":[{"width":700,"height":480,"url":"https:\/\/www.quebakan.com\/v15\/wp-content\/uploads\/2025\/08\/Prensa-1.jpg","type":"image\/jpeg"}],"author":"Erick Villafuerte","twitter_card":"summary_large_image","twitter_creator":"@quebakanec","twitter_site":"@quebakanec","twitter_misc":{"Escrito por":"Erick Villafuerte","Tiempo de lectura":"2 minutos"},"schema":{"@context":"https:\/\/schema.org","@graph":[{"@type":"Article","@id":"https:\/\/www.quebakan.com\/v15\/ihg-hotels-resorts-reune-a-aliados-estrategicos-en-guayaquil-para-presentar-portafolio-de-hoteles-en-ecuador\/#article","isPartOf":{"@id":"https:\/\/www.quebakan.com\/v15\/ihg-hotels-resorts-reune-a-aliados-estrategicos-en-guayaquil-para-presentar-portafolio-de-hoteles-en-ecuador\/"},"author":{"name":"Erick Villafuerte","@id":"https:\/\/www.quebakan.com\/v15\/#\/schema\/person\/d90fa9f9cfa81eb8ace9811e5b7b9118"},"headline":"IHG Hotels &#038; Resorts re\u00fane a aliados estrat\u00e9gicos en Guayaquil para presentar portafolio de hoteles en Ecuador","datePublished":"2025-08-12T20:55:16+00:00","mainEntityOfPage":{"@id":"https:\/\/www.quebakan.com\/v15\/ihg-hotels-resorts-reune-a-aliados-estrategicos-en-guayaquil-para-presentar-portafolio-de-hoteles-en-ecuador\/"},"wordCount":346,"publisher":{"@id":"https:\/\/www.quebakan.com\/v15\/#organization"},"image":{"@id":"https:\/\/www.quebakan.com\/v15\/ihg-hotels-resorts-reune-a-aliados-estrategicos-en-guayaquil-para-presentar-portafolio-de-hoteles-en-ecuador\/#primaryimage"},"thumbnailUrl":"https:\/\/www.quebakan.com\/v15\/wp-content\/uploads\/2025\/08\/Prensa-1.jpg","articleSection":["Noticias"],"inLanguage":"es"},{"@type":"WebPage","@id":"https:\/\/www.quebakan.com\/v15\/ihg-hotels-resorts-reune-a-aliados-estrategicos-en-guayaquil-para-presentar-portafolio-de-hoteles-en-ecuador\/","url":"https:\/\/www.quebakan.com\/v15\/ihg-hotels-resorts-reune-a-aliados-estrategicos-en-guayaquil-para-presentar-portafolio-de-hoteles-en-ecuador\/","name":"IHG Hotels & Resorts re\u00fane a aliados estrat\u00e9gicos en Guayaquil para presentar portafolio de hoteles en Ecuador &#8211; QUEBAKAN.COM 2026: Noticias, Eventos, Conciertos y mucho m\u00e1s....","isPartOf":{"@id":"https:\/\/www.quebakan.com\/v15\/#website"},"primaryImageOfPage":{"@id":"https:\/\/www.quebakan.com\/v15\/ihg-hotels-resorts-reune-a-aliados-estrategicos-en-guayaquil-para-presentar-portafolio-de-hoteles-en-ecuador\/#primaryimage"},"image":{"@id":"https:\/\/www.quebakan.com\/v15\/ihg-hotels-resorts-reune-a-aliados-estrategicos-en-guayaquil-para-presentar-portafolio-de-hoteles-en-ecuador\/#primaryimage"},"thumbnailUrl":"https:\/\/www.quebakan.com\/v15\/wp-content\/uploads\/2025\/08\/Prensa-1.jpg","datePublished":"2025-08-12T20:55:16+00:00","breadcrumb":{"@id":"https:\/\/www.quebakan.com\/v15\/ihg-hotels-resorts-reune-a-aliados-estrategicos-en-guayaquil-para-presentar-portafolio-de-hoteles-en-ecuador\/#breadcrumb"},"inLanguage":"es","potentialAction":[{"@type":"ReadAction","target":["https:\/\/www.quebakan.com\/v15\/ihg-hotels-resorts-reune-a-aliados-estrategicos-en-guayaquil-para-presentar-portafolio-de-hoteles-en-ecuador\/"]}]},{"@type":"ImageObject","inLanguage":"es","@id":"https:\/\/www.quebakan.com\/v15\/ihg-hotels-resorts-reune-a-aliados-estrategicos-en-guayaquil-para-presentar-portafolio-de-hoteles-en-ecuador\/#primaryimage","url":"https:\/\/www.quebakan.com\/v15\/wp-content\/uploads\/2025\/08\/Prensa-1.jpg","contentUrl":"https:\/\/www.quebakan.com\/v15\/wp-content\/uploads\/2025\/08\/Prensa-1.jpg","width":700,"height":480},{"@type":"BreadcrumbList","@id":"https:\/\/www.quebakan.com\/v15\/ihg-hotels-resorts-reune-a-aliados-estrategicos-en-guayaquil-para-presentar-portafolio-de-hoteles-en-ecuador\/#breadcrumb","itemListElement":[{"@type":"ListItem","position":1,"name":"Portada","item":"https:\/\/www.quebakan.com\/v15\/"},{"@type":"ListItem","position":2,"name":"IHG Hotels &#038; Resorts re\u00fane a aliados estrat\u00e9gicos en Guayaquil para presentar portafolio de hoteles en Ecuador"}]},{"@type":"WebSite","@id":"https:\/\/www.quebakan.com\/v15\/#website","url":"https:\/\/www.quebakan.com\/v15\/","name":"QUEBAKAN","description":"..","publisher":{"@id":"https:\/\/www.quebakan.com\/v15\/#organization"},"potentialAction":[{"@type":"SearchAction","target":{"@type":"EntryPoint","urlTemplate":"https:\/\/www.quebakan.com\/v15\/?s={search_term_string}"},"query-input":{"@type":"PropertyValueSpecification","valueRequired":true,"valueName":"search_term_string"}}],"inLanguage":"es"},{"@type":"Organization","@id":"https:\/\/www.quebakan.com\/v15\/#organization","name":"Quebakan.com","url":"https:\/\/www.quebakan.com\/v15\/","logo":{"@type":"ImageObject","inLanguage":"es","@id":"https:\/\/www.quebakan.com\/v15\/#\/schema\/logo\/image\/","url":"https:\/\/www.quebakan.com\/v15\/wp-content\/uploads\/2023\/07\/logoquebakanenero2021.jpg","contentUrl":"https:\/\/www.quebakan.com\/v15\/wp-content\/uploads\/2023\/07\/logoquebakanenero2021.jpg","width":1920,"height":1080,"caption":"Quebakan.com"},"image":{"@id":"https:\/\/www.quebakan.com\/v15\/#\/schema\/logo\/image\/"},"sameAs":["http:\/\/www.facebook.com\/quebakan","https:\/\/x.com\/quebakanec","http:\/\/www.instagram.com\/quebakan","http:\/\/www.youtube.com\/quebakan1"]},{"@type":"Person","@id":"https:\/\/www.quebakan.com\/v15\/#\/schema\/person\/d90fa9f9cfa81eb8ace9811e5b7b9118","name":"Erick Villafuerte","image":{"@type":"ImageObject","inLanguage":"es","@id":"https:\/\/www.quebakan.com\/v15\/wp-content\/uploads\/avatars\/4\/1731297654-bpfull.png","url":"https:\/\/www.quebakan.com\/v15\/wp-content\/uploads\/avatars\/4\/1731297654-bpfull.png","contentUrl":"https:\/\/www.quebakan.com\/v15\/wp-content\/uploads\/avatars\/4\/1731297654-bpfull.png","caption":"Erick Villafuerte"}}]}},"_links":{"self":[{"href":"https:\/\/www.quebakan.com\/v15\/wp-json\/wp\/v2\/posts\/134176","targetHints":{"allow":["GET"]}}],"collection":[{"href":"https:\/\/www.quebakan.com\/v15\/wp-json\/wp\/v2\/posts"}],"about":[{"href":"https:\/\/www.quebakan.com\/v15\/wp-json\/wp\/v2\/types\/post"}],"author":[{"embeddable":true,"href":"https:\/\/www.quebakan.com\/v15\/wp-json\/wp\/v2\/users\/4"}],"replies":[{"embeddable":true,"href":"https:\/\/www.quebakan.com\/v15\/wp-json\/wp\/v2\/comments?post=134176"}],"version-history":[{"count":1,"href":"https:\/\/www.quebakan.com\/v15\/wp-json\/wp\/v2\/posts\/134176\/revisions"}],"predecessor-version":[{"id":134178,"href":"https:\/\/www.quebakan.com\/v15\/wp-json\/wp\/v2\/posts\/134176\/revisions\/134178"}],"wp:featuredmedia":[{"embeddable":true,"href":"https:\/\/www.quebakan.com\/v15\/wp-json\/wp\/v2\/media\/134177"}],"wp:attachment":[{"href":"https:\/\/www.quebakan.com\/v15\/wp-json\/wp\/v2\/media?parent=134176"}],"wp:term":[{"taxonomy":"category","embeddable":true,"href":"https:\/\/www.quebakan.com\/v15\/wp-json\/wp\/v2\/categories?post=134176"},{"taxonomy":"post_tag","embeddable":true,"href":"https:\/\/www.quebakan.com\/v15\/wp-json\/wp\/v2\/tags?post=134176"}],"curies":[{"name":"wp","href":"https:\/\/api.w.org\/{rel}","templated":true}]}}