{"id":134189,"date":"2025-08-12T18:08:37","date_gmt":"2025-08-12T23:08:37","guid":{"rendered":"https:\/\/www.quebakan.com\/v15\/?p=134189"},"modified":"2025-08-12T18:08:37","modified_gmt":"2025-08-12T23:08:37","slug":"hyundai-motor-company-y-gm-anuncian-los-primeros-cinco-vehiculos-desarrollados-en-conjunto","status":"publish","type":"post","link":"https:\/\/www.quebakan.com\/v15\/hyundai-motor-company-y-gm-anuncian-los-primeros-cinco-vehiculos-desarrollados-en-conjunto\/","title":{"rendered":"Hyundai Motor Company y GM anuncian los primeros cinco veh\u00edculos desarrollados  en conjunto"},"content":{"rendered":"<p><img fetchpriority=\"high\" decoding=\"async\" class=\"aligncenter size-full wp-image-134190\" src=\"https:\/\/www.quebakan.com\/v15\/wp-content\/uploads\/2025\/08\/FOTO-ALIANZA-HYUNDAI-GM.jpg\" alt=\"\" width=\"700\" height=\"383\" \/><\/p>\n<p style=\"text-align: justify;\"><span style=\"color: #000000;\"><em>Los modelos tienen su lanzamiento previsto a partir de 2028 e incluyen una nueva generaci\u00f3n de van comercial el\u00e9ctrica, que ser\u00e1 lanzada en Am\u00e9rica del Norte.<\/em><\/span><\/p>\n<p style=\"text-align: justify;\"><span style=\"color: #000000;\"><strong>Quito, agosto de 2025<\/strong> \u2013 Hyundai Motor Company y GM anunciaron los planes para los primeros cinco veh\u00edculos desarrollados en conjunto, marcando un hito importante en la colaboraci\u00f3n estrat\u00e9gica previamente anunciada entre ambas compa\u00f1\u00edas.<\/span><\/p>\n<p style=\"text-align: justify;\"><span style=\"color: #000000;\">Las empresas trabajar\u00e1n juntas en el desarrollo de cuatro veh\u00edculos destinados a los mercados de Centroam\u00e9rica y Sudam\u00e9rica, incluyendo una SUV, un autom\u00f3vil compacto y dos pickups: una compacta y otra de tama\u00f1o mediano. Estos veh\u00edculos contar\u00e1n con una arquitectura flexible, lo que permitir\u00e1 que funcionen con motor de combusti\u00f3n interna o con sistema h\u00edbrido. Adem\u00e1s, GM y Hyundai desarrollar\u00e1n conjuntamente una van comercial el\u00e9ctrica para el mercado de Am\u00e9rica del Norte.<\/span><\/p>\n<p style=\"text-align: justify;\"><span style=\"color: #000000;\">Se estima que, una vez que la producci\u00f3n est\u00e9 completamente escalada, las ventas de estos veh\u00edculos superen las 800 mil unidades por a\u00f1o.<\/span><\/p>\n<p style=\"text-align: justify;\"><span style=\"color: #000000;\">GM liderar\u00e1 el desarrollo de la plataforma para la pickup mediana, mientras que Hyundai se encargar\u00e1 de los veh\u00edculos compactos y de la van el\u00e9ctrica. Aunque compartir\u00e1n plataformas comunes, el dise\u00f1o interior y exterior ser\u00e1 exclusivo para cada marca, reflejando su identidad propia.<\/span><\/p>\n<p style=\"text-align: justify;\"><span style=\"color: #000000;\">El trabajo de dise\u00f1o y de ingenier\u00eda comenzar\u00e1 de inmediato para los veh\u00edculos destinados a Centroam\u00e9rica y Sudam\u00e9rica, con un lanzamiento previsto para el a\u00f1o 2028. La van comercial el\u00e9ctrica tambi\u00e9n ser\u00e1 fabricada en Estados Unidos en ese mismo a\u00f1o.<\/span><\/p>\n<p style=\"text-align: justify;\"><span style=\"color: #000000;\">Shilpan Amin, vicepresidente senior de GM y l\u00edder global de compras y cadena de suministro, destac\u00f3 que los veh\u00edculos anunciados hoy est\u00e1n enfocados en los segmentos m\u00e1s importantes de los mercados de Centroam\u00e9rica y Sudam\u00e9rica, adem\u00e1s del segmento comercial en Am\u00e9rica del Norte.<\/span><\/p>\n<p style=\"text-align: justify;\"><span style=\"color: #000000;\">\u201cGracias a esta alianza, GM y Hyundai ofrecer\u00e1n m\u00e1s opciones a los clientes, con mayor rapidez y a menor costo\u201d, afirm\u00f3 Amin. \u201cEstos primeros veh\u00edculos desarrollados en conjunto demuestran claramente c\u00f3mo vamos a aprovechar nuestras fortalezas complementarias y la escala combinada de ambas compa\u00f1\u00edas.\u201d<\/span><\/p>\n<p style=\"text-align: justify;\"><span style=\"color: #000000;\">\u201cLa colaboraci\u00f3n estrat\u00e9gica con GM nos permitir\u00e1 seguir ofreciendo valor y opciones a nuestros clientes en distintos segmentos y mercados\u201d, afirm\u00f3 Jos\u00e9 Mu\u00f1oz, presidente y CEO de Hyundai Motor Company. \u201cNuestra escala combinada en Am\u00e9rica del Norte y Am\u00e9rica del Sur nos permitir\u00e1 responder de manera m\u00e1s eficiente a las demandas de los clientes, con veh\u00edculos de dise\u00f1o atractivo, alta calidad, enfoque en seguridad y tecnolog\u00eda relevante.\u201d<\/span><\/p>\n<p style=\"text-align: justify;\"><span style=\"color: #000000;\">Las compa\u00f1\u00edas tambi\u00e9n planean iniciativas conjuntas de compras en el continente, que abarcar\u00e1n materiales, transporte y log\u00edstica. Otras \u00e1reas con potencial de colaboraci\u00f3n incluyen materias primas, componentes y sistemas complejos.<\/span><\/p>\n<p style=\"text-align: justify;\"><span style=\"color: #000000;\">Hyundai y GM tambi\u00e9n acordaron explorar asociaciones para el uso de acero con bajas emisiones de carbono, reforzando el compromiso de ambas empresas con pr\u00e1cticas de manufactura sostenibles.<\/span><\/p>\n<p style=\"text-align: justify;\"><span style=\"color: #000000;\">Tras la firma del acuerdo de cooperaci\u00f3n en septiembre de 2024, las empresas contin\u00faan evaluando nuevas oportunidades para el desarrollo conjunto de veh\u00edculos destinados a mercados globales, adem\u00e1s de posibles colaboraciones en sistemas de propulsi\u00f3n \u2014 incluyendo motores de combusti\u00f3n, h\u00edbridos, el\u00e9ctricos a bater\u00eda y celdas de combustible de hidr\u00f3geno.<\/span><\/p>\n","protected":false},"excerpt":{"rendered":"<p>Los modelos tienen su lanzamiento previsto a partir de 2028 e incluyen una nueva generaci\u00f3n de van comercial el\u00e9ctrica, que ser\u00e1 lanzada en Am\u00e9rica del Norte. Quito, agosto de 2025 \u2013 Hyundai Motor Company y GM anunciaron los planes para los primeros cinco veh\u00edculos desarrollados en conjunto, marcando un hito importante en la colaboraci\u00f3n estrat\u00e9gica [&hellip;]<\/p>\n","protected":false},"author":4,"featured_media":134190,"comment_status":"closed","ping_status":"closed","sticky":false,"template":"","format":"standard","meta":{"_bbp_topic_count":0,"_bbp_reply_count":0,"_bbp_total_topic_count":0,"_bbp_total_reply_count":0,"_bbp_voice_count":0,"_bbp_anonymous_reply_count":0,"_bbp_topic_count_hidden":0,"_bbp_reply_count_hidden":0,"_bbp_forum_subforum_count":0,"buzzeditor_post_format":"","footnotes":""},"categories":[2],"tags":[],"class_list":["post-134189","post","type-post","status-publish","format-standard","has-post-thumbnail","hentry","category-noticias"],"yoast_head":"<!-- This site is optimized with the Yoast SEO plugin v27.5 - https:\/\/yoast.com\/product\/yoast-seo-wordpress\/ -->\n<title>Hyundai Motor Company y GM anuncian los primeros cinco veh\u00edculos desarrollados en conjunto &#8211; QUEBAKAN.COM 2026: Noticias, Eventos, Conciertos y mucho m\u00e1s....<\/title>\n<meta name=\"robots\" content=\"index, follow, max-snippet:-1, max-image-preview:large, max-video-preview:-1\" \/>\n<link rel=\"canonical\" href=\"https:\/\/www.quebakan.com\/v15\/hyundai-motor-company-y-gm-anuncian-los-primeros-cinco-vehiculos-desarrollados-en-conjunto\/\" \/>\n<meta property=\"og:locale\" content=\"es_ES\" \/>\n<meta property=\"og:type\" content=\"article\" \/>\n<meta property=\"og:title\" content=\"Hyundai Motor Company y GM anuncian los primeros cinco veh\u00edculos desarrollados en conjunto &#8211; QUEBAKAN.COM 2026: Noticias, Eventos, Conciertos y mucho m\u00e1s....\" \/>\n<meta property=\"og:description\" content=\"Los modelos tienen su lanzamiento previsto a partir de 2028 e incluyen una nueva generaci\u00f3n de van comercial el\u00e9ctrica, que ser\u00e1 lanzada en Am\u00e9rica del Norte. Quito, agosto de 2025 \u2013 Hyundai Motor Company y GM anunciaron los planes para los primeros cinco veh\u00edculos desarrollados en conjunto, marcando un hito importante en la colaboraci\u00f3n estrat\u00e9gica [&hellip;]\" \/>\n<meta property=\"og:url\" content=\"https:\/\/www.quebakan.com\/v15\/hyundai-motor-company-y-gm-anuncian-los-primeros-cinco-vehiculos-desarrollados-en-conjunto\/\" \/>\n<meta property=\"og:site_name\" content=\"QUEBAKAN.COM 2026: Noticias, Eventos, Conciertos y mucho m\u00e1s....\" \/>\n<meta property=\"article:publisher\" content=\"http:\/\/www.facebook.com\/quebakan\" \/>\n<meta property=\"article:published_time\" content=\"2025-08-12T23:08:37+00:00\" \/>\n<meta property=\"og:image\" content=\"https:\/\/www.quebakan.com\/v15\/wp-content\/uploads\/2025\/08\/FOTO-ALIANZA-HYUNDAI-GM.jpg\" \/>\n\t<meta property=\"og:image:width\" content=\"700\" \/>\n\t<meta property=\"og:image:height\" content=\"383\" \/>\n\t<meta property=\"og:image:type\" content=\"image\/jpeg\" \/>\n<meta name=\"author\" content=\"Erick Villafuerte\" \/>\n<meta name=\"twitter:card\" content=\"summary_large_image\" \/>\n<meta name=\"twitter:creator\" content=\"@quebakanec\" \/>\n<meta name=\"twitter:site\" content=\"@quebakanec\" \/>\n<meta name=\"twitter:label1\" content=\"Escrito por\" \/>\n\t<meta name=\"twitter:data1\" content=\"Erick Villafuerte\" \/>\n\t<meta name=\"twitter:label2\" content=\"Tiempo de lectura\" \/>\n\t<meta name=\"twitter:data2\" content=\"3 minutos\" \/>\n<script type=\"application\/ld+json\" class=\"yoast-schema-graph\">{\"@context\":\"https:\\\/\\\/schema.org\",\"@graph\":[{\"@type\":\"Article\",\"@id\":\"https:\\\/\\\/www.quebakan.com\\\/v15\\\/hyundai-motor-company-y-gm-anuncian-los-primeros-cinco-vehiculos-desarrollados-en-conjunto\\\/#article\",\"isPartOf\":{\"@id\":\"https:\\\/\\\/www.quebakan.com\\\/v15\\\/hyundai-motor-company-y-gm-anuncian-los-primeros-cinco-vehiculos-desarrollados-en-conjunto\\\/\"},\"author\":{\"name\":\"Erick Villafuerte\",\"@id\":\"https:\\\/\\\/www.quebakan.com\\\/v15\\\/#\\\/schema\\\/person\\\/d90fa9f9cfa81eb8ace9811e5b7b9118\"},\"headline\":\"Hyundai Motor Company y GM anuncian los primeros cinco veh\u00edculos desarrollados en conjunto\",\"datePublished\":\"2025-08-12T23:08:37+00:00\",\"mainEntityOfPage\":{\"@id\":\"https:\\\/\\\/www.quebakan.com\\\/v15\\\/hyundai-motor-company-y-gm-anuncian-los-primeros-cinco-vehiculos-desarrollados-en-conjunto\\\/\"},\"wordCount\":583,\"publisher\":{\"@id\":\"https:\\\/\\\/www.quebakan.com\\\/v15\\\/#organization\"},\"image\":{\"@id\":\"https:\\\/\\\/www.quebakan.com\\\/v15\\\/hyundai-motor-company-y-gm-anuncian-los-primeros-cinco-vehiculos-desarrollados-en-conjunto\\\/#primaryimage\"},\"thumbnailUrl\":\"https:\\\/\\\/www.quebakan.com\\\/v15\\\/wp-content\\\/uploads\\\/2025\\\/08\\\/FOTO-ALIANZA-HYUNDAI-GM.jpg\",\"articleSection\":[\"Noticias\"],\"inLanguage\":\"es\"},{\"@type\":\"WebPage\",\"@id\":\"https:\\\/\\\/www.quebakan.com\\\/v15\\\/hyundai-motor-company-y-gm-anuncian-los-primeros-cinco-vehiculos-desarrollados-en-conjunto\\\/\",\"url\":\"https:\\\/\\\/www.quebakan.com\\\/v15\\\/hyundai-motor-company-y-gm-anuncian-los-primeros-cinco-vehiculos-desarrollados-en-conjunto\\\/\",\"name\":\"Hyundai Motor Company y GM anuncian los primeros cinco veh\u00edculos desarrollados en conjunto &#8211; QUEBAKAN.COM 2026: Noticias, Eventos, Conciertos y mucho m\u00e1s....\",\"isPartOf\":{\"@id\":\"https:\\\/\\\/www.quebakan.com\\\/v15\\\/#website\"},\"primaryImageOfPage\":{\"@id\":\"https:\\\/\\\/www.quebakan.com\\\/v15\\\/hyundai-motor-company-y-gm-anuncian-los-primeros-cinco-vehiculos-desarrollados-en-conjunto\\\/#primaryimage\"},\"image\":{\"@id\":\"https:\\\/\\\/www.quebakan.com\\\/v15\\\/hyundai-motor-company-y-gm-anuncian-los-primeros-cinco-vehiculos-desarrollados-en-conjunto\\\/#primaryimage\"},\"thumbnailUrl\":\"https:\\\/\\\/www.quebakan.com\\\/v15\\\/wp-content\\\/uploads\\\/2025\\\/08\\\/FOTO-ALIANZA-HYUNDAI-GM.jpg\",\"datePublished\":\"2025-08-12T23:08:37+00:00\",\"breadcrumb\":{\"@id\":\"https:\\\/\\\/www.quebakan.com\\\/v15\\\/hyundai-motor-company-y-gm-anuncian-los-primeros-cinco-vehiculos-desarrollados-en-conjunto\\\/#breadcrumb\"},\"inLanguage\":\"es\",\"potentialAction\":[{\"@type\":\"ReadAction\",\"target\":[\"https:\\\/\\\/www.quebakan.com\\\/v15\\\/hyundai-motor-company-y-gm-anuncian-los-primeros-cinco-vehiculos-desarrollados-en-conjunto\\\/\"]}]},{\"@type\":\"ImageObject\",\"inLanguage\":\"es\",\"@id\":\"https:\\\/\\\/www.quebakan.com\\\/v15\\\/hyundai-motor-company-y-gm-anuncian-los-primeros-cinco-vehiculos-desarrollados-en-conjunto\\\/#primaryimage\",\"url\":\"https:\\\/\\\/www.quebakan.com\\\/v15\\\/wp-content\\\/uploads\\\/2025\\\/08\\\/FOTO-ALIANZA-HYUNDAI-GM.jpg\",\"contentUrl\":\"https:\\\/\\\/www.quebakan.com\\\/v15\\\/wp-content\\\/uploads\\\/2025\\\/08\\\/FOTO-ALIANZA-HYUNDAI-GM.jpg\",\"width\":700,\"height\":383},{\"@type\":\"BreadcrumbList\",\"@id\":\"https:\\\/\\\/www.quebakan.com\\\/v15\\\/hyundai-motor-company-y-gm-anuncian-los-primeros-cinco-vehiculos-desarrollados-en-conjunto\\\/#breadcrumb\",\"itemListElement\":[{\"@type\":\"ListItem\",\"position\":1,\"name\":\"Portada\",\"item\":\"https:\\\/\\\/www.quebakan.com\\\/v15\\\/\"},{\"@type\":\"ListItem\",\"position\":2,\"name\":\"Hyundai Motor Company y GM anuncian los primeros cinco veh\u00edculos desarrollados en conjunto\"}]},{\"@type\":\"WebSite\",\"@id\":\"https:\\\/\\\/www.quebakan.com\\\/v15\\\/#website\",\"url\":\"https:\\\/\\\/www.quebakan.com\\\/v15\\\/\",\"name\":\"QUEBAKAN\",\"description\":\"..\",\"publisher\":{\"@id\":\"https:\\\/\\\/www.quebakan.com\\\/v15\\\/#organization\"},\"potentialAction\":[{\"@type\":\"SearchAction\",\"target\":{\"@type\":\"EntryPoint\",\"urlTemplate\":\"https:\\\/\\\/www.quebakan.com\\\/v15\\\/?s={search_term_string}\"},\"query-input\":{\"@type\":\"PropertyValueSpecification\",\"valueRequired\":true,\"valueName\":\"search_term_string\"}}],\"inLanguage\":\"es\"},{\"@type\":\"Organization\",\"@id\":\"https:\\\/\\\/www.quebakan.com\\\/v15\\\/#organization\",\"name\":\"Quebakan.com\",\"url\":\"https:\\\/\\\/www.quebakan.com\\\/v15\\\/\",\"logo\":{\"@type\":\"ImageObject\",\"inLanguage\":\"es\",\"@id\":\"https:\\\/\\\/www.quebakan.com\\\/v15\\\/#\\\/schema\\\/logo\\\/image\\\/\",\"url\":\"https:\\\/\\\/www.quebakan.com\\\/v15\\\/wp-content\\\/uploads\\\/2023\\\/07\\\/logoquebakanenero2021.jpg\",\"contentUrl\":\"https:\\\/\\\/www.quebakan.com\\\/v15\\\/wp-content\\\/uploads\\\/2023\\\/07\\\/logoquebakanenero2021.jpg\",\"width\":1920,\"height\":1080,\"caption\":\"Quebakan.com\"},\"image\":{\"@id\":\"https:\\\/\\\/www.quebakan.com\\\/v15\\\/#\\\/schema\\\/logo\\\/image\\\/\"},\"sameAs\":[\"http:\\\/\\\/www.facebook.com\\\/quebakan\",\"https:\\\/\\\/x.com\\\/quebakanec\",\"http:\\\/\\\/www.instagram.com\\\/quebakan\",\"http:\\\/\\\/www.youtube.com\\\/quebakan1\"]},{\"@type\":\"Person\",\"@id\":\"https:\\\/\\\/www.quebakan.com\\\/v15\\\/#\\\/schema\\\/person\\\/d90fa9f9cfa81eb8ace9811e5b7b9118\",\"name\":\"Erick Villafuerte\",\"image\":{\"@type\":\"ImageObject\",\"inLanguage\":\"es\",\"@id\":\"https:\\\/\\\/www.quebakan.com\\\/v15\\\/wp-content\\\/uploads\\\/avatars\\\/4\\\/1731297654-bpfull.png\",\"url\":\"https:\\\/\\\/www.quebakan.com\\\/v15\\\/wp-content\\\/uploads\\\/avatars\\\/4\\\/1731297654-bpfull.png\",\"contentUrl\":\"https:\\\/\\\/www.quebakan.com\\\/v15\\\/wp-content\\\/uploads\\\/avatars\\\/4\\\/1731297654-bpfull.png\",\"caption\":\"Erick Villafuerte\"}}]}<\/script>\n<!-- \/ Yoast SEO plugin. -->","yoast_head_json":{"title":"Hyundai Motor Company y GM anuncian los primeros cinco veh\u00edculos desarrollados en conjunto &#8211; QUEBAKAN.COM 2026: Noticias, Eventos, Conciertos y mucho m\u00e1s....","robots":{"index":"index","follow":"follow","max-snippet":"max-snippet:-1","max-image-preview":"max-image-preview:large","max-video-preview":"max-video-preview:-1"},"canonical":"https:\/\/www.quebakan.com\/v15\/hyundai-motor-company-y-gm-anuncian-los-primeros-cinco-vehiculos-desarrollados-en-conjunto\/","og_locale":"es_ES","og_type":"article","og_title":"Hyundai Motor Company y GM anuncian los primeros cinco veh\u00edculos desarrollados en conjunto &#8211; QUEBAKAN.COM 2026: Noticias, Eventos, Conciertos y mucho m\u00e1s....","og_description":"Los modelos tienen su lanzamiento previsto a partir de 2028 e incluyen una nueva generaci\u00f3n de van comercial el\u00e9ctrica, que ser\u00e1 lanzada en Am\u00e9rica del Norte. Quito, agosto de 2025 \u2013 Hyundai Motor Company y GM anunciaron los planes para los primeros cinco veh\u00edculos desarrollados en conjunto, marcando un hito importante en la colaboraci\u00f3n estrat\u00e9gica [&hellip;]","og_url":"https:\/\/www.quebakan.com\/v15\/hyundai-motor-company-y-gm-anuncian-los-primeros-cinco-vehiculos-desarrollados-en-conjunto\/","og_site_name":"QUEBAKAN.COM 2026: Noticias, Eventos, Conciertos y mucho m\u00e1s....","article_publisher":"http:\/\/www.facebook.com\/quebakan","article_published_time":"2025-08-12T23:08:37+00:00","og_image":[{"width":700,"height":383,"url":"https:\/\/www.quebakan.com\/v15\/wp-content\/uploads\/2025\/08\/FOTO-ALIANZA-HYUNDAI-GM.jpg","type":"image\/jpeg"}],"author":"Erick Villafuerte","twitter_card":"summary_large_image","twitter_creator":"@quebakanec","twitter_site":"@quebakanec","twitter_misc":{"Escrito por":"Erick Villafuerte","Tiempo de lectura":"3 minutos"},"schema":{"@context":"https:\/\/schema.org","@graph":[{"@type":"Article","@id":"https:\/\/www.quebakan.com\/v15\/hyundai-motor-company-y-gm-anuncian-los-primeros-cinco-vehiculos-desarrollados-en-conjunto\/#article","isPartOf":{"@id":"https:\/\/www.quebakan.com\/v15\/hyundai-motor-company-y-gm-anuncian-los-primeros-cinco-vehiculos-desarrollados-en-conjunto\/"},"author":{"name":"Erick Villafuerte","@id":"https:\/\/www.quebakan.com\/v15\/#\/schema\/person\/d90fa9f9cfa81eb8ace9811e5b7b9118"},"headline":"Hyundai Motor Company y GM anuncian los primeros cinco veh\u00edculos desarrollados en conjunto","datePublished":"2025-08-12T23:08:37+00:00","mainEntityOfPage":{"@id":"https:\/\/www.quebakan.com\/v15\/hyundai-motor-company-y-gm-anuncian-los-primeros-cinco-vehiculos-desarrollados-en-conjunto\/"},"wordCount":583,"publisher":{"@id":"https:\/\/www.quebakan.com\/v15\/#organization"},"image":{"@id":"https:\/\/www.quebakan.com\/v15\/hyundai-motor-company-y-gm-anuncian-los-primeros-cinco-vehiculos-desarrollados-en-conjunto\/#primaryimage"},"thumbnailUrl":"https:\/\/www.quebakan.com\/v15\/wp-content\/uploads\/2025\/08\/FOTO-ALIANZA-HYUNDAI-GM.jpg","articleSection":["Noticias"],"inLanguage":"es"},{"@type":"WebPage","@id":"https:\/\/www.quebakan.com\/v15\/hyundai-motor-company-y-gm-anuncian-los-primeros-cinco-vehiculos-desarrollados-en-conjunto\/","url":"https:\/\/www.quebakan.com\/v15\/hyundai-motor-company-y-gm-anuncian-los-primeros-cinco-vehiculos-desarrollados-en-conjunto\/","name":"Hyundai Motor Company y GM anuncian los primeros cinco veh\u00edculos desarrollados en conjunto &#8211; QUEBAKAN.COM 2026: Noticias, Eventos, Conciertos y mucho m\u00e1s....","isPartOf":{"@id":"https:\/\/www.quebakan.com\/v15\/#website"},"primaryImageOfPage":{"@id":"https:\/\/www.quebakan.com\/v15\/hyundai-motor-company-y-gm-anuncian-los-primeros-cinco-vehiculos-desarrollados-en-conjunto\/#primaryimage"},"image":{"@id":"https:\/\/www.quebakan.com\/v15\/hyundai-motor-company-y-gm-anuncian-los-primeros-cinco-vehiculos-desarrollados-en-conjunto\/#primaryimage"},"thumbnailUrl":"https:\/\/www.quebakan.com\/v15\/wp-content\/uploads\/2025\/08\/FOTO-ALIANZA-HYUNDAI-GM.jpg","datePublished":"2025-08-12T23:08:37+00:00","breadcrumb":{"@id":"https:\/\/www.quebakan.com\/v15\/hyundai-motor-company-y-gm-anuncian-los-primeros-cinco-vehiculos-desarrollados-en-conjunto\/#breadcrumb"},"inLanguage":"es","potentialAction":[{"@type":"ReadAction","target":["https:\/\/www.quebakan.com\/v15\/hyundai-motor-company-y-gm-anuncian-los-primeros-cinco-vehiculos-desarrollados-en-conjunto\/"]}]},{"@type":"ImageObject","inLanguage":"es","@id":"https:\/\/www.quebakan.com\/v15\/hyundai-motor-company-y-gm-anuncian-los-primeros-cinco-vehiculos-desarrollados-en-conjunto\/#primaryimage","url":"https:\/\/www.quebakan.com\/v15\/wp-content\/uploads\/2025\/08\/FOTO-ALIANZA-HYUNDAI-GM.jpg","contentUrl":"https:\/\/www.quebakan.com\/v15\/wp-content\/uploads\/2025\/08\/FOTO-ALIANZA-HYUNDAI-GM.jpg","width":700,"height":383},{"@type":"BreadcrumbList","@id":"https:\/\/www.quebakan.com\/v15\/hyundai-motor-company-y-gm-anuncian-los-primeros-cinco-vehiculos-desarrollados-en-conjunto\/#breadcrumb","itemListElement":[{"@type":"ListItem","position":1,"name":"Portada","item":"https:\/\/www.quebakan.com\/v15\/"},{"@type":"ListItem","position":2,"name":"Hyundai Motor Company y GM anuncian los primeros cinco veh\u00edculos desarrollados en conjunto"}]},{"@type":"WebSite","@id":"https:\/\/www.quebakan.com\/v15\/#website","url":"https:\/\/www.quebakan.com\/v15\/","name":"QUEBAKAN","description":"..","publisher":{"@id":"https:\/\/www.quebakan.com\/v15\/#organization"},"potentialAction":[{"@type":"SearchAction","target":{"@type":"EntryPoint","urlTemplate":"https:\/\/www.quebakan.com\/v15\/?s={search_term_string}"},"query-input":{"@type":"PropertyValueSpecification","valueRequired":true,"valueName":"search_term_string"}}],"inLanguage":"es"},{"@type":"Organization","@id":"https:\/\/www.quebakan.com\/v15\/#organization","name":"Quebakan.com","url":"https:\/\/www.quebakan.com\/v15\/","logo":{"@type":"ImageObject","inLanguage":"es","@id":"https:\/\/www.quebakan.com\/v15\/#\/schema\/logo\/image\/","url":"https:\/\/www.quebakan.com\/v15\/wp-content\/uploads\/2023\/07\/logoquebakanenero2021.jpg","contentUrl":"https:\/\/www.quebakan.com\/v15\/wp-content\/uploads\/2023\/07\/logoquebakanenero2021.jpg","width":1920,"height":1080,"caption":"Quebakan.com"},"image":{"@id":"https:\/\/www.quebakan.com\/v15\/#\/schema\/logo\/image\/"},"sameAs":["http:\/\/www.facebook.com\/quebakan","https:\/\/x.com\/quebakanec","http:\/\/www.instagram.com\/quebakan","http:\/\/www.youtube.com\/quebakan1"]},{"@type":"Person","@id":"https:\/\/www.quebakan.com\/v15\/#\/schema\/person\/d90fa9f9cfa81eb8ace9811e5b7b9118","name":"Erick Villafuerte","image":{"@type":"ImageObject","inLanguage":"es","@id":"https:\/\/www.quebakan.com\/v15\/wp-content\/uploads\/avatars\/4\/1731297654-bpfull.png","url":"https:\/\/www.quebakan.com\/v15\/wp-content\/uploads\/avatars\/4\/1731297654-bpfull.png","contentUrl":"https:\/\/www.quebakan.com\/v15\/wp-content\/uploads\/avatars\/4\/1731297654-bpfull.png","caption":"Erick Villafuerte"}}]}},"_links":{"self":[{"href":"https:\/\/www.quebakan.com\/v15\/wp-json\/wp\/v2\/posts\/134189","targetHints":{"allow":["GET"]}}],"collection":[{"href":"https:\/\/www.quebakan.com\/v15\/wp-json\/wp\/v2\/posts"}],"about":[{"href":"https:\/\/www.quebakan.com\/v15\/wp-json\/wp\/v2\/types\/post"}],"author":[{"embeddable":true,"href":"https:\/\/www.quebakan.com\/v15\/wp-json\/wp\/v2\/users\/4"}],"replies":[{"embeddable":true,"href":"https:\/\/www.quebakan.com\/v15\/wp-json\/wp\/v2\/comments?post=134189"}],"version-history":[{"count":1,"href":"https:\/\/www.quebakan.com\/v15\/wp-json\/wp\/v2\/posts\/134189\/revisions"}],"predecessor-version":[{"id":134191,"href":"https:\/\/www.quebakan.com\/v15\/wp-json\/wp\/v2\/posts\/134189\/revisions\/134191"}],"wp:featuredmedia":[{"embeddable":true,"href":"https:\/\/www.quebakan.com\/v15\/wp-json\/wp\/v2\/media\/134190"}],"wp:attachment":[{"href":"https:\/\/www.quebakan.com\/v15\/wp-json\/wp\/v2\/media?parent=134189"}],"wp:term":[{"taxonomy":"category","embeddable":true,"href":"https:\/\/www.quebakan.com\/v15\/wp-json\/wp\/v2\/categories?post=134189"},{"taxonomy":"post_tag","embeddable":true,"href":"https:\/\/www.quebakan.com\/v15\/wp-json\/wp\/v2\/tags?post=134189"}],"curies":[{"name":"wp","href":"https:\/\/api.w.org\/{rel}","templated":true}]}}