{"id":134193,"date":"2025-08-12T22:00:24","date_gmt":"2025-08-13T03:00:24","guid":{"rendered":"https:\/\/www.quebakan.com\/v15\/?p=134193"},"modified":"2025-08-12T22:00:24","modified_gmt":"2025-08-13T03:00:24","slug":"nuevo-liderazgo-hugo-alvarez-nombrado-presidente-ejecutivo-de-bmi-ecuador","status":"publish","type":"post","link":"https:\/\/www.quebakan.com\/v15\/nuevo-liderazgo-hugo-alvarez-nombrado-presidente-ejecutivo-de-bmi-ecuador\/","title":{"rendered":"Nuevo liderazgo: Hugo \u00c1lvarez nombrado presidente ejecutivo de BMI Ecuador"},"content":{"rendered":"<p><img fetchpriority=\"high\" decoding=\"async\" class=\"aligncenter size-full wp-image-134194\" src=\"https:\/\/www.quebakan.com\/v15\/wp-content\/uploads\/2025\/08\/PRESIDENTE-DE-BMI-ECUADOR-2025.jpg\" alt=\"\" width=\"700\" height=\"452\" \/><\/p>\n<p style=\"text-align: justify;\"><span style=\"color: #000000;\">BMI del Ecuador Compa\u00f1\u00eda de Seguros de Vida S.A. y BMI Igualas M\u00e9dicas del Ecuador S.A., anunciaron el nombramiento de Hugo \u00c1lvarez como su nuevo presidente ejecutivo, quien asumir\u00e1 el liderazgo de la operaci\u00f3n local con el compromiso de fortalecer su crecimiento, innovaci\u00f3n y posicionamiento en el mercado ecuatoriano.<\/span><\/p>\n<p style=\"text-align: justify;\"><span style=\"color: #000000;\">Su perfil combina un enfoque t\u00e9cnico y financiero con habilidades de liderazgo colaborativo y visi\u00f3n de negocio. Adem\u00e1s, cuenta con m\u00e1s de 20 a\u00f1os de experiencia en la industria aseguradora en Centroam\u00e9rica y Am\u00e9rica Latina.<\/span><\/p>\n<p style=\"text-align: justify;\"><span style=\"color: #000000;\">Asimismo, ha ocupado posiciones de alta direcci\u00f3n en compa\u00f1\u00edas como PALIG, MetLife y RSA, liderando equipos y, desarrollando productos estrat\u00e9gicos con resultados comerciales sostenibles.<\/span><\/p>\n<p style=\"text-align: justify;\"><span style=\"color: #000000;\">Durante su presentaci\u00f3n oficial, expres\u00f3: <strong><em>\u201cEs un reto gigantesco, la verdad. Es un reto que asumo con mucha alegr\u00eda. El momento en que llego a la compa\u00f1\u00eda merece continuidad, que debe mantenerse en el tiempo, ese \u00edmpetu y llevarlo a nuevos horizontes\u201d.<\/em><\/strong><\/span><\/p>\n<p style=\"text-align: justify;\"><span style=\"color: #000000;\">Este nombramiento se da en un momento de consolidaci\u00f3n para BMI Ecuador, luego de haber sido reconocida como una de las aseguradoras mejor calificadas del pa\u00eds por Pacific Credit Rating, y posicionada como l\u00edder en experiencia al cliente seg\u00fan el Praxis Experience Index 2025.<\/span><\/p>\n<p style=\"text-align: justify;\"><span style=\"color: #000000;\">Desde su llegada, Hugo \u00c1lvarez ha se\u00f1alado como prioridad mantener los est\u00e1ndares de calidad de la compa\u00f1\u00eda, fortalecer el servicio al cliente en beneficio de sus asegurados, expandir las alianzas estrat\u00e9gicas y abrir nuevas oportunidades en segmentos corporativos y productos innovadores.<\/span><\/p>\n","protected":false},"excerpt":{"rendered":"<p>BMI del Ecuador Compa\u00f1\u00eda de Seguros de Vida S.A. y BMI Igualas M\u00e9dicas del Ecuador S.A., anunciaron el nombramiento de Hugo \u00c1lvarez como su nuevo presidente ejecutivo, quien asumir\u00e1 el liderazgo de la operaci\u00f3n local con el compromiso de fortalecer su crecimiento, innovaci\u00f3n y posicionamiento en el mercado ecuatoriano. Su perfil combina un enfoque t\u00e9cnico [&hellip;]<\/p>\n","protected":false},"author":4,"featured_media":134194,"comment_status":"closed","ping_status":"closed","sticky":false,"template":"","format":"standard","meta":{"_bbp_topic_count":0,"_bbp_reply_count":0,"_bbp_total_topic_count":0,"_bbp_total_reply_count":0,"_bbp_voice_count":0,"_bbp_anonymous_reply_count":0,"_bbp_topic_count_hidden":0,"_bbp_reply_count_hidden":0,"_bbp_forum_subforum_count":0,"buzzeditor_post_format":"","footnotes":""},"categories":[2],"tags":[],"class_list":["post-134193","post","type-post","status-publish","format-standard","has-post-thumbnail","hentry","category-noticias"],"yoast_head":"<!-- This site is optimized with the Yoast SEO plugin v27.5 - https:\/\/yoast.com\/product\/yoast-seo-wordpress\/ -->\n<title>Nuevo liderazgo: Hugo \u00c1lvarez nombrado presidente ejecutivo de BMI Ecuador &#8211; QUEBAKAN.COM 2026: Noticias, Eventos, Conciertos y mucho m\u00e1s....<\/title>\n<meta name=\"robots\" content=\"index, follow, max-snippet:-1, max-image-preview:large, max-video-preview:-1\" \/>\n<link rel=\"canonical\" href=\"https:\/\/www.quebakan.com\/v15\/nuevo-liderazgo-hugo-alvarez-nombrado-presidente-ejecutivo-de-bmi-ecuador\/\" \/>\n<meta property=\"og:locale\" content=\"es_ES\" \/>\n<meta property=\"og:type\" content=\"article\" \/>\n<meta property=\"og:title\" content=\"Nuevo liderazgo: Hugo \u00c1lvarez nombrado presidente ejecutivo de BMI Ecuador &#8211; QUEBAKAN.COM 2026: Noticias, Eventos, Conciertos y mucho m\u00e1s....\" \/>\n<meta property=\"og:description\" content=\"BMI del Ecuador Compa\u00f1\u00eda de Seguros de Vida S.A. y BMI Igualas M\u00e9dicas del Ecuador S.A., anunciaron el nombramiento de Hugo \u00c1lvarez como su nuevo presidente ejecutivo, quien asumir\u00e1 el liderazgo de la operaci\u00f3n local con el compromiso de fortalecer su crecimiento, innovaci\u00f3n y posicionamiento en el mercado ecuatoriano. Su perfil combina un enfoque t\u00e9cnico [&hellip;]\" \/>\n<meta property=\"og:url\" content=\"https:\/\/www.quebakan.com\/v15\/nuevo-liderazgo-hugo-alvarez-nombrado-presidente-ejecutivo-de-bmi-ecuador\/\" \/>\n<meta property=\"og:site_name\" content=\"QUEBAKAN.COM 2026: Noticias, Eventos, Conciertos y mucho m\u00e1s....\" \/>\n<meta property=\"article:publisher\" content=\"http:\/\/www.facebook.com\/quebakan\" \/>\n<meta property=\"article:published_time\" content=\"2025-08-13T03:00:24+00:00\" \/>\n<meta property=\"og:image\" content=\"https:\/\/www.quebakan.com\/v15\/wp-content\/uploads\/2025\/08\/PRESIDENTE-DE-BMI-ECUADOR-2025.jpg\" \/>\n\t<meta property=\"og:image:width\" content=\"700\" \/>\n\t<meta property=\"og:image:height\" content=\"452\" \/>\n\t<meta property=\"og:image:type\" content=\"image\/jpeg\" \/>\n<meta name=\"author\" content=\"Erick Villafuerte\" \/>\n<meta name=\"twitter:card\" content=\"summary_large_image\" \/>\n<meta name=\"twitter:creator\" content=\"@quebakanec\" \/>\n<meta name=\"twitter:site\" content=\"@quebakanec\" \/>\n<meta name=\"twitter:label1\" content=\"Escrito por\" \/>\n\t<meta name=\"twitter:data1\" content=\"Erick Villafuerte\" \/>\n\t<meta name=\"twitter:label2\" content=\"Tiempo de lectura\" \/>\n\t<meta name=\"twitter:data2\" content=\"2 minutos\" \/>\n<script type=\"application\/ld+json\" class=\"yoast-schema-graph\">{\"@context\":\"https:\\\/\\\/schema.org\",\"@graph\":[{\"@type\":\"Article\",\"@id\":\"https:\\\/\\\/www.quebakan.com\\\/v15\\\/nuevo-liderazgo-hugo-alvarez-nombrado-presidente-ejecutivo-de-bmi-ecuador\\\/#article\",\"isPartOf\":{\"@id\":\"https:\\\/\\\/www.quebakan.com\\\/v15\\\/nuevo-liderazgo-hugo-alvarez-nombrado-presidente-ejecutivo-de-bmi-ecuador\\\/\"},\"author\":{\"name\":\"Erick Villafuerte\",\"@id\":\"https:\\\/\\\/www.quebakan.com\\\/v15\\\/#\\\/schema\\\/person\\\/d90fa9f9cfa81eb8ace9811e5b7b9118\"},\"headline\":\"Nuevo liderazgo: Hugo \u00c1lvarez nombrado presidente ejecutivo de BMI Ecuador\",\"datePublished\":\"2025-08-13T03:00:24+00:00\",\"mainEntityOfPage\":{\"@id\":\"https:\\\/\\\/www.quebakan.com\\\/v15\\\/nuevo-liderazgo-hugo-alvarez-nombrado-presidente-ejecutivo-de-bmi-ecuador\\\/\"},\"wordCount\":270,\"publisher\":{\"@id\":\"https:\\\/\\\/www.quebakan.com\\\/v15\\\/#organization\"},\"image\":{\"@id\":\"https:\\\/\\\/www.quebakan.com\\\/v15\\\/nuevo-liderazgo-hugo-alvarez-nombrado-presidente-ejecutivo-de-bmi-ecuador\\\/#primaryimage\"},\"thumbnailUrl\":\"https:\\\/\\\/www.quebakan.com\\\/v15\\\/wp-content\\\/uploads\\\/2025\\\/08\\\/PRESIDENTE-DE-BMI-ECUADOR-2025.jpg\",\"articleSection\":[\"Noticias\"],\"inLanguage\":\"es\"},{\"@type\":\"WebPage\",\"@id\":\"https:\\\/\\\/www.quebakan.com\\\/v15\\\/nuevo-liderazgo-hugo-alvarez-nombrado-presidente-ejecutivo-de-bmi-ecuador\\\/\",\"url\":\"https:\\\/\\\/www.quebakan.com\\\/v15\\\/nuevo-liderazgo-hugo-alvarez-nombrado-presidente-ejecutivo-de-bmi-ecuador\\\/\",\"name\":\"Nuevo liderazgo: Hugo \u00c1lvarez nombrado presidente ejecutivo de BMI Ecuador &#8211; QUEBAKAN.COM 2026: Noticias, Eventos, Conciertos y mucho m\u00e1s....\",\"isPartOf\":{\"@id\":\"https:\\\/\\\/www.quebakan.com\\\/v15\\\/#website\"},\"primaryImageOfPage\":{\"@id\":\"https:\\\/\\\/www.quebakan.com\\\/v15\\\/nuevo-liderazgo-hugo-alvarez-nombrado-presidente-ejecutivo-de-bmi-ecuador\\\/#primaryimage\"},\"image\":{\"@id\":\"https:\\\/\\\/www.quebakan.com\\\/v15\\\/nuevo-liderazgo-hugo-alvarez-nombrado-presidente-ejecutivo-de-bmi-ecuador\\\/#primaryimage\"},\"thumbnailUrl\":\"https:\\\/\\\/www.quebakan.com\\\/v15\\\/wp-content\\\/uploads\\\/2025\\\/08\\\/PRESIDENTE-DE-BMI-ECUADOR-2025.jpg\",\"datePublished\":\"2025-08-13T03:00:24+00:00\",\"breadcrumb\":{\"@id\":\"https:\\\/\\\/www.quebakan.com\\\/v15\\\/nuevo-liderazgo-hugo-alvarez-nombrado-presidente-ejecutivo-de-bmi-ecuador\\\/#breadcrumb\"},\"inLanguage\":\"es\",\"potentialAction\":[{\"@type\":\"ReadAction\",\"target\":[\"https:\\\/\\\/www.quebakan.com\\\/v15\\\/nuevo-liderazgo-hugo-alvarez-nombrado-presidente-ejecutivo-de-bmi-ecuador\\\/\"]}]},{\"@type\":\"ImageObject\",\"inLanguage\":\"es\",\"@id\":\"https:\\\/\\\/www.quebakan.com\\\/v15\\\/nuevo-liderazgo-hugo-alvarez-nombrado-presidente-ejecutivo-de-bmi-ecuador\\\/#primaryimage\",\"url\":\"https:\\\/\\\/www.quebakan.com\\\/v15\\\/wp-content\\\/uploads\\\/2025\\\/08\\\/PRESIDENTE-DE-BMI-ECUADOR-2025.jpg\",\"contentUrl\":\"https:\\\/\\\/www.quebakan.com\\\/v15\\\/wp-content\\\/uploads\\\/2025\\\/08\\\/PRESIDENTE-DE-BMI-ECUADOR-2025.jpg\",\"width\":700,\"height\":452},{\"@type\":\"BreadcrumbList\",\"@id\":\"https:\\\/\\\/www.quebakan.com\\\/v15\\\/nuevo-liderazgo-hugo-alvarez-nombrado-presidente-ejecutivo-de-bmi-ecuador\\\/#breadcrumb\",\"itemListElement\":[{\"@type\":\"ListItem\",\"position\":1,\"name\":\"Portada\",\"item\":\"https:\\\/\\\/www.quebakan.com\\\/v15\\\/\"},{\"@type\":\"ListItem\",\"position\":2,\"name\":\"Nuevo liderazgo: Hugo \u00c1lvarez nombrado presidente ejecutivo de BMI Ecuador\"}]},{\"@type\":\"WebSite\",\"@id\":\"https:\\\/\\\/www.quebakan.com\\\/v15\\\/#website\",\"url\":\"https:\\\/\\\/www.quebakan.com\\\/v15\\\/\",\"name\":\"QUEBAKAN\",\"description\":\"..\",\"publisher\":{\"@id\":\"https:\\\/\\\/www.quebakan.com\\\/v15\\\/#organization\"},\"potentialAction\":[{\"@type\":\"SearchAction\",\"target\":{\"@type\":\"EntryPoint\",\"urlTemplate\":\"https:\\\/\\\/www.quebakan.com\\\/v15\\\/?s={search_term_string}\"},\"query-input\":{\"@type\":\"PropertyValueSpecification\",\"valueRequired\":true,\"valueName\":\"search_term_string\"}}],\"inLanguage\":\"es\"},{\"@type\":\"Organization\",\"@id\":\"https:\\\/\\\/www.quebakan.com\\\/v15\\\/#organization\",\"name\":\"Quebakan.com\",\"url\":\"https:\\\/\\\/www.quebakan.com\\\/v15\\\/\",\"logo\":{\"@type\":\"ImageObject\",\"inLanguage\":\"es\",\"@id\":\"https:\\\/\\\/www.quebakan.com\\\/v15\\\/#\\\/schema\\\/logo\\\/image\\\/\",\"url\":\"https:\\\/\\\/www.quebakan.com\\\/v15\\\/wp-content\\\/uploads\\\/2023\\\/07\\\/logoquebakanenero2021.jpg\",\"contentUrl\":\"https:\\\/\\\/www.quebakan.com\\\/v15\\\/wp-content\\\/uploads\\\/2023\\\/07\\\/logoquebakanenero2021.jpg\",\"width\":1920,\"height\":1080,\"caption\":\"Quebakan.com\"},\"image\":{\"@id\":\"https:\\\/\\\/www.quebakan.com\\\/v15\\\/#\\\/schema\\\/logo\\\/image\\\/\"},\"sameAs\":[\"http:\\\/\\\/www.facebook.com\\\/quebakan\",\"https:\\\/\\\/x.com\\\/quebakanec\",\"http:\\\/\\\/www.instagram.com\\\/quebakan\",\"http:\\\/\\\/www.youtube.com\\\/quebakan1\"]},{\"@type\":\"Person\",\"@id\":\"https:\\\/\\\/www.quebakan.com\\\/v15\\\/#\\\/schema\\\/person\\\/d90fa9f9cfa81eb8ace9811e5b7b9118\",\"name\":\"Erick Villafuerte\",\"image\":{\"@type\":\"ImageObject\",\"inLanguage\":\"es\",\"@id\":\"https:\\\/\\\/www.quebakan.com\\\/v15\\\/wp-content\\\/uploads\\\/avatars\\\/4\\\/1731297654-bpfull.png\",\"url\":\"https:\\\/\\\/www.quebakan.com\\\/v15\\\/wp-content\\\/uploads\\\/avatars\\\/4\\\/1731297654-bpfull.png\",\"contentUrl\":\"https:\\\/\\\/www.quebakan.com\\\/v15\\\/wp-content\\\/uploads\\\/avatars\\\/4\\\/1731297654-bpfull.png\",\"caption\":\"Erick Villafuerte\"}}]}<\/script>\n<!-- \/ Yoast SEO plugin. -->","yoast_head_json":{"title":"Nuevo liderazgo: Hugo \u00c1lvarez nombrado presidente ejecutivo de BMI Ecuador &#8211; QUEBAKAN.COM 2026: Noticias, Eventos, Conciertos y mucho m\u00e1s....","robots":{"index":"index","follow":"follow","max-snippet":"max-snippet:-1","max-image-preview":"max-image-preview:large","max-video-preview":"max-video-preview:-1"},"canonical":"https:\/\/www.quebakan.com\/v15\/nuevo-liderazgo-hugo-alvarez-nombrado-presidente-ejecutivo-de-bmi-ecuador\/","og_locale":"es_ES","og_type":"article","og_title":"Nuevo liderazgo: Hugo \u00c1lvarez nombrado presidente ejecutivo de BMI Ecuador &#8211; QUEBAKAN.COM 2026: Noticias, Eventos, Conciertos y mucho m\u00e1s....","og_description":"BMI del Ecuador Compa\u00f1\u00eda de Seguros de Vida S.A. y BMI Igualas M\u00e9dicas del Ecuador S.A., anunciaron el nombramiento de Hugo \u00c1lvarez como su nuevo presidente ejecutivo, quien asumir\u00e1 el liderazgo de la operaci\u00f3n local con el compromiso de fortalecer su crecimiento, innovaci\u00f3n y posicionamiento en el mercado ecuatoriano. Su perfil combina un enfoque t\u00e9cnico [&hellip;]","og_url":"https:\/\/www.quebakan.com\/v15\/nuevo-liderazgo-hugo-alvarez-nombrado-presidente-ejecutivo-de-bmi-ecuador\/","og_site_name":"QUEBAKAN.COM 2026: Noticias, Eventos, Conciertos y mucho m\u00e1s....","article_publisher":"http:\/\/www.facebook.com\/quebakan","article_published_time":"2025-08-13T03:00:24+00:00","og_image":[{"width":700,"height":452,"url":"https:\/\/www.quebakan.com\/v15\/wp-content\/uploads\/2025\/08\/PRESIDENTE-DE-BMI-ECUADOR-2025.jpg","type":"image\/jpeg"}],"author":"Erick Villafuerte","twitter_card":"summary_large_image","twitter_creator":"@quebakanec","twitter_site":"@quebakanec","twitter_misc":{"Escrito por":"Erick Villafuerte","Tiempo de lectura":"2 minutos"},"schema":{"@context":"https:\/\/schema.org","@graph":[{"@type":"Article","@id":"https:\/\/www.quebakan.com\/v15\/nuevo-liderazgo-hugo-alvarez-nombrado-presidente-ejecutivo-de-bmi-ecuador\/#article","isPartOf":{"@id":"https:\/\/www.quebakan.com\/v15\/nuevo-liderazgo-hugo-alvarez-nombrado-presidente-ejecutivo-de-bmi-ecuador\/"},"author":{"name":"Erick Villafuerte","@id":"https:\/\/www.quebakan.com\/v15\/#\/schema\/person\/d90fa9f9cfa81eb8ace9811e5b7b9118"},"headline":"Nuevo liderazgo: Hugo \u00c1lvarez nombrado presidente ejecutivo de BMI Ecuador","datePublished":"2025-08-13T03:00:24+00:00","mainEntityOfPage":{"@id":"https:\/\/www.quebakan.com\/v15\/nuevo-liderazgo-hugo-alvarez-nombrado-presidente-ejecutivo-de-bmi-ecuador\/"},"wordCount":270,"publisher":{"@id":"https:\/\/www.quebakan.com\/v15\/#organization"},"image":{"@id":"https:\/\/www.quebakan.com\/v15\/nuevo-liderazgo-hugo-alvarez-nombrado-presidente-ejecutivo-de-bmi-ecuador\/#primaryimage"},"thumbnailUrl":"https:\/\/www.quebakan.com\/v15\/wp-content\/uploads\/2025\/08\/PRESIDENTE-DE-BMI-ECUADOR-2025.jpg","articleSection":["Noticias"],"inLanguage":"es"},{"@type":"WebPage","@id":"https:\/\/www.quebakan.com\/v15\/nuevo-liderazgo-hugo-alvarez-nombrado-presidente-ejecutivo-de-bmi-ecuador\/","url":"https:\/\/www.quebakan.com\/v15\/nuevo-liderazgo-hugo-alvarez-nombrado-presidente-ejecutivo-de-bmi-ecuador\/","name":"Nuevo liderazgo: Hugo \u00c1lvarez nombrado presidente ejecutivo de BMI Ecuador &#8211; QUEBAKAN.COM 2026: Noticias, Eventos, Conciertos y mucho m\u00e1s....","isPartOf":{"@id":"https:\/\/www.quebakan.com\/v15\/#website"},"primaryImageOfPage":{"@id":"https:\/\/www.quebakan.com\/v15\/nuevo-liderazgo-hugo-alvarez-nombrado-presidente-ejecutivo-de-bmi-ecuador\/#primaryimage"},"image":{"@id":"https:\/\/www.quebakan.com\/v15\/nuevo-liderazgo-hugo-alvarez-nombrado-presidente-ejecutivo-de-bmi-ecuador\/#primaryimage"},"thumbnailUrl":"https:\/\/www.quebakan.com\/v15\/wp-content\/uploads\/2025\/08\/PRESIDENTE-DE-BMI-ECUADOR-2025.jpg","datePublished":"2025-08-13T03:00:24+00:00","breadcrumb":{"@id":"https:\/\/www.quebakan.com\/v15\/nuevo-liderazgo-hugo-alvarez-nombrado-presidente-ejecutivo-de-bmi-ecuador\/#breadcrumb"},"inLanguage":"es","potentialAction":[{"@type":"ReadAction","target":["https:\/\/www.quebakan.com\/v15\/nuevo-liderazgo-hugo-alvarez-nombrado-presidente-ejecutivo-de-bmi-ecuador\/"]}]},{"@type":"ImageObject","inLanguage":"es","@id":"https:\/\/www.quebakan.com\/v15\/nuevo-liderazgo-hugo-alvarez-nombrado-presidente-ejecutivo-de-bmi-ecuador\/#primaryimage","url":"https:\/\/www.quebakan.com\/v15\/wp-content\/uploads\/2025\/08\/PRESIDENTE-DE-BMI-ECUADOR-2025.jpg","contentUrl":"https:\/\/www.quebakan.com\/v15\/wp-content\/uploads\/2025\/08\/PRESIDENTE-DE-BMI-ECUADOR-2025.jpg","width":700,"height":452},{"@type":"BreadcrumbList","@id":"https:\/\/www.quebakan.com\/v15\/nuevo-liderazgo-hugo-alvarez-nombrado-presidente-ejecutivo-de-bmi-ecuador\/#breadcrumb","itemListElement":[{"@type":"ListItem","position":1,"name":"Portada","item":"https:\/\/www.quebakan.com\/v15\/"},{"@type":"ListItem","position":2,"name":"Nuevo liderazgo: Hugo \u00c1lvarez nombrado presidente ejecutivo de BMI Ecuador"}]},{"@type":"WebSite","@id":"https:\/\/www.quebakan.com\/v15\/#website","url":"https:\/\/www.quebakan.com\/v15\/","name":"QUEBAKAN","description":"..","publisher":{"@id":"https:\/\/www.quebakan.com\/v15\/#organization"},"potentialAction":[{"@type":"SearchAction","target":{"@type":"EntryPoint","urlTemplate":"https:\/\/www.quebakan.com\/v15\/?s={search_term_string}"},"query-input":{"@type":"PropertyValueSpecification","valueRequired":true,"valueName":"search_term_string"}}],"inLanguage":"es"},{"@type":"Organization","@id":"https:\/\/www.quebakan.com\/v15\/#organization","name":"Quebakan.com","url":"https:\/\/www.quebakan.com\/v15\/","logo":{"@type":"ImageObject","inLanguage":"es","@id":"https:\/\/www.quebakan.com\/v15\/#\/schema\/logo\/image\/","url":"https:\/\/www.quebakan.com\/v15\/wp-content\/uploads\/2023\/07\/logoquebakanenero2021.jpg","contentUrl":"https:\/\/www.quebakan.com\/v15\/wp-content\/uploads\/2023\/07\/logoquebakanenero2021.jpg","width":1920,"height":1080,"caption":"Quebakan.com"},"image":{"@id":"https:\/\/www.quebakan.com\/v15\/#\/schema\/logo\/image\/"},"sameAs":["http:\/\/www.facebook.com\/quebakan","https:\/\/x.com\/quebakanec","http:\/\/www.instagram.com\/quebakan","http:\/\/www.youtube.com\/quebakan1"]},{"@type":"Person","@id":"https:\/\/www.quebakan.com\/v15\/#\/schema\/person\/d90fa9f9cfa81eb8ace9811e5b7b9118","name":"Erick Villafuerte","image":{"@type":"ImageObject","inLanguage":"es","@id":"https:\/\/www.quebakan.com\/v15\/wp-content\/uploads\/avatars\/4\/1731297654-bpfull.png","url":"https:\/\/www.quebakan.com\/v15\/wp-content\/uploads\/avatars\/4\/1731297654-bpfull.png","contentUrl":"https:\/\/www.quebakan.com\/v15\/wp-content\/uploads\/avatars\/4\/1731297654-bpfull.png","caption":"Erick Villafuerte"}}]}},"_links":{"self":[{"href":"https:\/\/www.quebakan.com\/v15\/wp-json\/wp\/v2\/posts\/134193","targetHints":{"allow":["GET"]}}],"collection":[{"href":"https:\/\/www.quebakan.com\/v15\/wp-json\/wp\/v2\/posts"}],"about":[{"href":"https:\/\/www.quebakan.com\/v15\/wp-json\/wp\/v2\/types\/post"}],"author":[{"embeddable":true,"href":"https:\/\/www.quebakan.com\/v15\/wp-json\/wp\/v2\/users\/4"}],"replies":[{"embeddable":true,"href":"https:\/\/www.quebakan.com\/v15\/wp-json\/wp\/v2\/comments?post=134193"}],"version-history":[{"count":1,"href":"https:\/\/www.quebakan.com\/v15\/wp-json\/wp\/v2\/posts\/134193\/revisions"}],"predecessor-version":[{"id":134195,"href":"https:\/\/www.quebakan.com\/v15\/wp-json\/wp\/v2\/posts\/134193\/revisions\/134195"}],"wp:featuredmedia":[{"embeddable":true,"href":"https:\/\/www.quebakan.com\/v15\/wp-json\/wp\/v2\/media\/134194"}],"wp:attachment":[{"href":"https:\/\/www.quebakan.com\/v15\/wp-json\/wp\/v2\/media?parent=134193"}],"wp:term":[{"taxonomy":"category","embeddable":true,"href":"https:\/\/www.quebakan.com\/v15\/wp-json\/wp\/v2\/categories?post=134193"},{"taxonomy":"post_tag","embeddable":true,"href":"https:\/\/www.quebakan.com\/v15\/wp-json\/wp\/v2\/tags?post=134193"}],"curies":[{"name":"wp","href":"https:\/\/api.w.org\/{rel}","templated":true}]}}