{"id":134196,"date":"2025-08-12T23:32:49","date_gmt":"2025-08-13T04:32:49","guid":{"rendered":"https:\/\/www.quebakan.com\/v15\/?p=134196"},"modified":"2025-08-12T23:32:49","modified_gmt":"2025-08-13T04:32:49","slug":"sintomas-del-tracto-urinario-inferior-un-problema-frecuente-que-impacta-la-salud-y-cuenta-con-nuevas-opciones-terapeuticas-en-ecuador","status":"publish","type":"post","link":"https:\/\/www.quebakan.com\/v15\/sintomas-del-tracto-urinario-inferior-un-problema-frecuente-que-impacta-la-salud-y-cuenta-con-nuevas-opciones-terapeuticas-en-ecuador\/","title":{"rendered":"S\u00edntomas del tracto urinario inferior: un problema frecuente que impacta la salud y cuenta con nuevas opciones terap\u00e9uticas en Ecuador"},"content":{"rendered":"<p><img fetchpriority=\"high\" decoding=\"async\" class=\"aligncenter size-full wp-image-134197\" src=\"https:\/\/www.quebakan.com\/v15\/wp-content\/uploads\/2025\/08\/Imagen-ilustrativa-STUI.jpg\" alt=\"\" width=\"700\" height=\"467\" \/><\/p>\n<ul>\n<li style=\"text-align: justify;\"><span style=\"color: #000000;\">Estudios internacionales reportan que entre el 16\u202f% y el 52\u202f% de la poblaci\u00f3n adulta presenta s\u00edntomas urinarios moderados a severos, m\u00e1s frecuentes en hombres y con aumento progresivo con la edad<a style=\"color: #000000;\" href=\"#_ftn1\" name=\"_ftnref1\">[1]<\/a>.<\/span><\/li>\n<li style=\"text-align: justify;\"><span style=\"color: #000000;\">En Ecuador, no existen estad\u00edsticas espec\u00edficas sobre los STUI, sin embargo, enfermedades asociadas como la hiperplasia prost\u00e1tica benigna representan el 8% de los diagn\u00f3sticos urol\u00f3gicos en hombres1.<\/span><\/li>\n<\/ul>\n<p style=\"text-align: justify;\"><span style=\"color: #000000;\"><strong>Ecuador, agosto de 2025.<\/strong> Los <strong>s\u00edntomas del tracto urinario inferior (STUI)<\/strong> \u2014conocidos tambi\u00e9n por sus siglas en ingl\u00e9s LUTS\u2014 afectan a una proporci\u00f3n significativa de la poblaci\u00f3n masculina a partir de los 45 a\u00f1os y tienden a aumentar con la edad. Aunque en muchos casos se normalizan o minimizan, estos s\u00edntomas pueden tener un <strong>fuerte impacto en la calidad de vida, el descanso, la salud sexual y la productividad de quienes los padecen<\/strong>, lo se\u00f1ala el ur\u00f3logo Gonzalo Ulloa.<\/span><\/p>\n<p style=\"text-align: justify;\"><span style=\"color: #000000;\">Los STUI pueden originarse en la vejiga, la pr\u00f3stata, la uretra o el piso p\u00e9lvico, y abarcan tanto s\u00edntomas de almacenamiento como de vaciado o postmiccionales (despu\u00e9s de orinar). En los hombres, muchas veces estos s\u00edntomas est\u00e1n relacionados con condiciones como la hiperplasia prost\u00e1tica benigna (HPB), pero no se limitan a esta, por lo que requieren una evaluaci\u00f3n integral y especializada1.<\/span><\/p>\n<p style=\"text-align: justify;\"><span style=\"color: #000000;\">\u201cEl impacto de los s\u00edntomas urinarios severos en la calidad de vida puede ser comparable al de enfermedades cardiovasculares. Por eso es fundamental que los hombres consulten oportunamente, en lugar de resignarse a convivir con molestias que tienen soluci\u00f3n\u201d, se\u00f1ala la dra. Carolina Villaroel, directora m\u00e9dica de Adium Ecuador.<\/span><\/p>\n<p style=\"text-align: justify;\"><span style=\"color: #000000;\"><strong>\u00bfCu\u00e1les son los s\u00edntomas m\u00e1s comunes?<\/strong><\/span><\/p>\n<p style=\"text-align: justify;\"><span style=\"color: #000000;\">Los STUI se agrupan en tres categor\u00edas principales<sup>1<\/sup>:<\/span><\/p>\n<ol style=\"text-align: justify;\">\n<li><span style=\"color: #000000;\"><strong> S\u00edntomas de almacenamiento:<\/strong><\/span><\/li>\n<\/ol>\n<ul style=\"text-align: justify;\">\n<li><span style=\"color: #000000;\">Urgencia urinaria<\/span><\/li>\n<li><span style=\"color: #000000;\">Aumento de la frecuencia miccional<\/span><\/li>\n<li><span style=\"color: #000000;\">Nocturia (necesidad de orinar varias veces durante la noche)<\/span><\/li>\n<li><span style=\"color: #000000;\">Incontinencia urinaria<\/span><\/li>\n<\/ul>\n<ol style=\"text-align: justify;\" start=\"2\">\n<li><span style=\"color: #000000;\"><strong> S\u00edntomas de vaciado:<\/strong><\/span><\/li>\n<\/ol>\n<ul style=\"text-align: justify;\">\n<li><span style=\"color: #000000;\">Flujo d\u00e9bil o entrecortado<\/span><\/li>\n<li><span style=\"color: #000000;\">Dificultad para iniciar la micci\u00f3n<\/span><\/li>\n<li><span style=\"color: #000000;\">Esfuerzo al orinar<\/span><\/li>\n<li><span style=\"color: #000000;\">Retenci\u00f3n urinaria<\/span><\/li>\n<li><span style=\"color: #000000;\">Goteo terminal<\/span><\/li>\n<\/ul>\n<ol style=\"text-align: justify;\" start=\"3\">\n<li><span style=\"color: #000000;\"><strong> S\u00edntomas postmiccionales:<\/strong><\/span><\/li>\n<\/ol>\n<ul style=\"text-align: justify;\">\n<li><span style=\"color: #000000;\">Sensaci\u00f3n de vaciado incompleto<\/span><\/li>\n<li><span style=\"color: #000000;\">P\u00e9rdida de orina tras terminar de orinar<\/span><\/li>\n<\/ul>\n<p style=\"text-align: justify;\"><span style=\"color: #000000;\">En un estudio realizado por la International Continence Society, se evidenci\u00f3 que los s\u00edntomas de vaciado eran m\u00e1s frecuentes en hombres, pero los de almacenamiento resultaban m\u00e1s molestos. El goteo terminal, por ejemplo, fue reportado por el 96\u202f% de los participantes masculinos. <sup>1<\/sup><\/span><\/p>\n<p style=\"text-align: justify;\"><span style=\"color: #000000;\"><strong>El silencio que agrava el problema<\/strong><\/span><\/p>\n<p style=\"text-align: justify;\"><span style=\"color: #000000;\">Pese a su frecuencia, muchos hombres postergan la consulta por desconocimiento, temor o por considerar estos s\u00edntomas como parte \u201cnormal\u201d del envejecimiento. Esta normalizaci\u00f3n puede derivar en complicaciones mayores, alteraciones emocionales, impacto en la vida sexual y un deterioro progresivo de la salud general.<\/span><\/p>\n<p style=\"text-align: justify;\"><span style=\"color: #000000;\">\u201cPacientes entre 45 y 55 a\u00f1os con s\u00edntomas mixtos de almacenamiento y vaciado tienden a no acudir al ur\u00f3logo. Es clave romper ese silencio para garantizar una detecci\u00f3n oportuna y un tratamiento eficaz\u201d, agrega el Dr. Efra\u00edn Maldonado, ur\u00f3logo mexicano.<\/span><\/p>\n<p style=\"text-align: justify;\"><span style=\"color: #000000;\"><strong>Las Causas<\/strong><\/span><\/p>\n<p style=\"text-align: justify;\"><span style=\"color: #000000;\">En hombres, los problemas de vaciado suelen estar relacionados con la obstrucci\u00f3n prost\u00e1tica, mientras que en mujeres pueden ser m\u00e1s variados, como la vejiga hiperactiva o prolapsos de \u00f3rganos.<a style=\"color: #000000;\" href=\"#_ftn2\" name=\"_ftnref2\">[2]<\/a><\/span><\/p>\n<p style=\"text-align: justify;\"><span style=\"color: #000000;\"><strong>Nuevas alternativas terap\u00e9uticas en Ecuador<\/strong><\/span><\/p>\n<p style=\"text-align: justify;\"><span style=\"color: #000000;\">Desde 2025, Ecuador cuenta con una nueva alternativa de tratamiento dise\u00f1ada para abordar integralmente los s\u00edntomas urinarios moderados a severos: una combinaci\u00f3n de <strong>tamsulosina (0,4 mg)<\/strong> y <strong>solifenacina (5 mg)<\/strong><a style=\"color: #000000;\" href=\"#_ftn3\" name=\"_ftnref3\">[3]<\/a>. Esta terapia busca aliviar tanto los s\u00edntomas obstructivos como los de almacenamiento, especialmente en pacientes con manifestaciones mixtas como urgencia urinaria y nicturia.<\/span><\/p>\n<p style=\"text-align: justify;\"><span style=\"color: #000000;\">Estudios cl\u00ednicos han demostrado que esta combinaci\u00f3n:<\/span><\/p>\n<ul style=\"text-align: justify;\">\n<li><span style=\"color: #000000;\">Mejora significativamente los puntajes del \u00cdndice Internacional de S\u00edntomas Prost\u00e1ticos (IPSS)<\/span><\/li>\n<li><span style=\"color: #000000;\">Reduce los episodios de urgencia urinaria<\/span><\/li>\n<li><span style=\"color: #000000;\">Mejora la calidad del sue\u00f1o<\/span><\/li>\n<li><span style=\"color: #000000;\">Contribuye al bienestar general y la calidad de vida del paciente<\/span><\/li>\n<\/ul>\n<p style=\"text-align: justify;\"><span style=\"color: #000000;\"><a style=\"color: #000000;\" href=\"#_ftnref1\" name=\"_ftn1\"><sup>[1]<\/sup><\/a> <u><sup>Sociedad Chilena de Urolog\u00eda y Confederaci\u00f3n Americana de Urolog\u00eda. Manual de Urolog\u00eda. S\u00edntomas del tracto urinario inferior en el hombre e hiperplasia prost\u00e1tica benigna. Recuperado en julio de 2025 de:\u00a0<\/sup><\/u><a style=\"color: #000000;\" href=\"https:\/\/manualurologia.cl\/capitulo-10-sintomas-del-tracto-urinario-inferior-en-el-hombre-e-hiperplasia-prostatica-benigna\/#elementor-toc__heading-anchor-3\"><sup>https:\/\/manualurologia.cl\/capitulo-10-sintomas-del-tracto-urinario-inferior-en-el-hombre-e-hiperplasia-prostatica-benigna\/#elementor-toc__heading-anchor-3<\/sup><\/a><\/span><\/p>\n<p style=\"text-align: justify;\"><span style=\"color: #000000;\"><a style=\"color: #000000;\" href=\"#_ftnref2\" name=\"_ftn2\"><sup>[2]<\/sup><\/a><sup> \u00a0<\/sup><a style=\"color: #000000;\" href=\"https:\/\/aeuexp.aeu.es\/areas-de-experiencia\/signos-y-sintomas\/sintomas-del-tracto-urinario-inferior\/#:~:text=En%20los%20varones%2C%20la%20causa,ur%C3%B3logo%20realizar%C3%A1%20pruebas%20para%20descartarlas\"><sup>https:\/\/aeuexp.aeu.es\/areas-de-experiencia\/signos-y-sintomas\/sintomas-del-tracto-urinario-inferior\/#:~:text=En%20los%20varones%2C%20la%20causa,ur%C3%B3logo%20realizar%C3%A1%20pruebas%20para%20descartarlas<\/sup><\/a><sup>.<\/sup><\/span><\/p>\n<p style=\"text-align: justify;\"><span style=\"color: #000000;\"><a style=\"color: #000000;\" href=\"#_ftnref3\" name=\"_ftn3\"><sup>[3]<\/sup><\/a><sup> \u00a0Drake, M. J., Chapple, C., Sokol, R., Oelke, M., Traudtner, K., Klaver, M., Drogendijk, T., Van Kerrebroeck, P., &amp; NEPTUNE Study Group (2015). Long-term safety and efficacy of single-tablet combinations of solifenacin and tamsulosin oral controlled absorption system in men with storage and voiding lower urinary tract symptoms: results from the NEPTUNE Study and NEPTUNE II open-label extension. European urology, 67(2), 262\u2013270.<\/sup><\/span><\/p>\n","protected":false},"excerpt":{"rendered":"<p>Estudios internacionales reportan que entre el 16\u202f% y el 52\u202f% de la poblaci\u00f3n adulta presenta s\u00edntomas urinarios moderados a severos, m\u00e1s frecuentes en hombres y con aumento progresivo con la edad[1]. En Ecuador, no existen estad\u00edsticas espec\u00edficas sobre los STUI, sin embargo, enfermedades asociadas como la hiperplasia prost\u00e1tica benigna representan el 8% de los diagn\u00f3sticos [&hellip;]<\/p>\n","protected":false},"author":4,"featured_media":134197,"comment_status":"closed","ping_status":"closed","sticky":false,"template":"","format":"standard","meta":{"_bbp_topic_count":0,"_bbp_reply_count":0,"_bbp_total_topic_count":0,"_bbp_total_reply_count":0,"_bbp_voice_count":0,"_bbp_anonymous_reply_count":0,"_bbp_topic_count_hidden":0,"_bbp_reply_count_hidden":0,"_bbp_forum_subforum_count":0,"buzzeditor_post_format":"","footnotes":""},"categories":[2],"tags":[],"class_list":["post-134196","post","type-post","status-publish","format-standard","has-post-thumbnail","hentry","category-noticias"],"yoast_head":"<!-- This site is optimized with the Yoast SEO plugin v27.5 - https:\/\/yoast.com\/product\/yoast-seo-wordpress\/ -->\n<title>S\u00edntomas del tracto urinario inferior: un problema frecuente que impacta la salud y cuenta con nuevas opciones terap\u00e9uticas en Ecuador &#8211; QUEBAKAN.COM 2026: Noticias, Eventos, Conciertos y mucho m\u00e1s....<\/title>\n<meta name=\"robots\" content=\"index, follow, max-snippet:-1, max-image-preview:large, max-video-preview:-1\" \/>\n<link rel=\"canonical\" href=\"https:\/\/www.quebakan.com\/v15\/sintomas-del-tracto-urinario-inferior-un-problema-frecuente-que-impacta-la-salud-y-cuenta-con-nuevas-opciones-terapeuticas-en-ecuador\/\" \/>\n<meta property=\"og:locale\" content=\"es_ES\" \/>\n<meta property=\"og:type\" content=\"article\" \/>\n<meta property=\"og:title\" content=\"S\u00edntomas del tracto urinario inferior: un problema frecuente que impacta la salud y cuenta con nuevas opciones terap\u00e9uticas en Ecuador &#8211; QUEBAKAN.COM 2026: Noticias, Eventos, Conciertos y mucho m\u00e1s....\" \/>\n<meta property=\"og:description\" content=\"Estudios internacionales reportan que entre el 16\u202f% y el 52\u202f% de la poblaci\u00f3n adulta presenta s\u00edntomas urinarios moderados a severos, m\u00e1s frecuentes en hombres y con aumento progresivo con la edad[1]. En Ecuador, no existen estad\u00edsticas espec\u00edficas sobre los STUI, sin embargo, enfermedades asociadas como la hiperplasia prost\u00e1tica benigna representan el 8% de los diagn\u00f3sticos [&hellip;]\" \/>\n<meta property=\"og:url\" content=\"https:\/\/www.quebakan.com\/v15\/sintomas-del-tracto-urinario-inferior-un-problema-frecuente-que-impacta-la-salud-y-cuenta-con-nuevas-opciones-terapeuticas-en-ecuador\/\" \/>\n<meta property=\"og:site_name\" content=\"QUEBAKAN.COM 2026: Noticias, Eventos, Conciertos y mucho m\u00e1s....\" \/>\n<meta property=\"article:publisher\" content=\"http:\/\/www.facebook.com\/quebakan\" \/>\n<meta property=\"article:published_time\" content=\"2025-08-13T04:32:49+00:00\" \/>\n<meta property=\"og:image\" content=\"https:\/\/www.quebakan.com\/v15\/wp-content\/uploads\/2025\/08\/Imagen-ilustrativa-STUI.jpg\" \/>\n\t<meta property=\"og:image:width\" content=\"700\" \/>\n\t<meta property=\"og:image:height\" content=\"467\" \/>\n\t<meta property=\"og:image:type\" content=\"image\/jpeg\" \/>\n<meta name=\"author\" content=\"Erick Villafuerte\" \/>\n<meta name=\"twitter:card\" content=\"summary_large_image\" \/>\n<meta name=\"twitter:creator\" content=\"@quebakanec\" \/>\n<meta name=\"twitter:site\" content=\"@quebakanec\" \/>\n<meta name=\"twitter:label1\" content=\"Escrito por\" \/>\n\t<meta name=\"twitter:data1\" content=\"Erick Villafuerte\" \/>\n\t<meta name=\"twitter:label2\" content=\"Tiempo de lectura\" \/>\n\t<meta name=\"twitter:data2\" content=\"4 minutos\" \/>\n<script type=\"application\/ld+json\" class=\"yoast-schema-graph\">{\"@context\":\"https:\\\/\\\/schema.org\",\"@graph\":[{\"@type\":\"Article\",\"@id\":\"https:\\\/\\\/www.quebakan.com\\\/v15\\\/sintomas-del-tracto-urinario-inferior-un-problema-frecuente-que-impacta-la-salud-y-cuenta-con-nuevas-opciones-terapeuticas-en-ecuador\\\/#article\",\"isPartOf\":{\"@id\":\"https:\\\/\\\/www.quebakan.com\\\/v15\\\/sintomas-del-tracto-urinario-inferior-un-problema-frecuente-que-impacta-la-salud-y-cuenta-con-nuevas-opciones-terapeuticas-en-ecuador\\\/\"},\"author\":{\"name\":\"Erick Villafuerte\",\"@id\":\"https:\\\/\\\/www.quebakan.com\\\/v15\\\/#\\\/schema\\\/person\\\/d90fa9f9cfa81eb8ace9811e5b7b9118\"},\"headline\":\"S\u00edntomas del tracto urinario inferior: un problema frecuente que impacta la salud y cuenta con nuevas opciones terap\u00e9uticas en Ecuador\",\"datePublished\":\"2025-08-13T04:32:49+00:00\",\"mainEntityOfPage\":{\"@id\":\"https:\\\/\\\/www.quebakan.com\\\/v15\\\/sintomas-del-tracto-urinario-inferior-un-problema-frecuente-que-impacta-la-salud-y-cuenta-con-nuevas-opciones-terapeuticas-en-ecuador\\\/\"},\"wordCount\":776,\"publisher\":{\"@id\":\"https:\\\/\\\/www.quebakan.com\\\/v15\\\/#organization\"},\"image\":{\"@id\":\"https:\\\/\\\/www.quebakan.com\\\/v15\\\/sintomas-del-tracto-urinario-inferior-un-problema-frecuente-que-impacta-la-salud-y-cuenta-con-nuevas-opciones-terapeuticas-en-ecuador\\\/#primaryimage\"},\"thumbnailUrl\":\"https:\\\/\\\/www.quebakan.com\\\/v15\\\/wp-content\\\/uploads\\\/2025\\\/08\\\/Imagen-ilustrativa-STUI.jpg\",\"articleSection\":[\"Noticias\"],\"inLanguage\":\"es\"},{\"@type\":\"WebPage\",\"@id\":\"https:\\\/\\\/www.quebakan.com\\\/v15\\\/sintomas-del-tracto-urinario-inferior-un-problema-frecuente-que-impacta-la-salud-y-cuenta-con-nuevas-opciones-terapeuticas-en-ecuador\\\/\",\"url\":\"https:\\\/\\\/www.quebakan.com\\\/v15\\\/sintomas-del-tracto-urinario-inferior-un-problema-frecuente-que-impacta-la-salud-y-cuenta-con-nuevas-opciones-terapeuticas-en-ecuador\\\/\",\"name\":\"S\u00edntomas del tracto urinario inferior: un problema frecuente que impacta la salud y cuenta con nuevas opciones terap\u00e9uticas en Ecuador &#8211; QUEBAKAN.COM 2026: Noticias, Eventos, Conciertos y mucho m\u00e1s....\",\"isPartOf\":{\"@id\":\"https:\\\/\\\/www.quebakan.com\\\/v15\\\/#website\"},\"primaryImageOfPage\":{\"@id\":\"https:\\\/\\\/www.quebakan.com\\\/v15\\\/sintomas-del-tracto-urinario-inferior-un-problema-frecuente-que-impacta-la-salud-y-cuenta-con-nuevas-opciones-terapeuticas-en-ecuador\\\/#primaryimage\"},\"image\":{\"@id\":\"https:\\\/\\\/www.quebakan.com\\\/v15\\\/sintomas-del-tracto-urinario-inferior-un-problema-frecuente-que-impacta-la-salud-y-cuenta-con-nuevas-opciones-terapeuticas-en-ecuador\\\/#primaryimage\"},\"thumbnailUrl\":\"https:\\\/\\\/www.quebakan.com\\\/v15\\\/wp-content\\\/uploads\\\/2025\\\/08\\\/Imagen-ilustrativa-STUI.jpg\",\"datePublished\":\"2025-08-13T04:32:49+00:00\",\"breadcrumb\":{\"@id\":\"https:\\\/\\\/www.quebakan.com\\\/v15\\\/sintomas-del-tracto-urinario-inferior-un-problema-frecuente-que-impacta-la-salud-y-cuenta-con-nuevas-opciones-terapeuticas-en-ecuador\\\/#breadcrumb\"},\"inLanguage\":\"es\",\"potentialAction\":[{\"@type\":\"ReadAction\",\"target\":[\"https:\\\/\\\/www.quebakan.com\\\/v15\\\/sintomas-del-tracto-urinario-inferior-un-problema-frecuente-que-impacta-la-salud-y-cuenta-con-nuevas-opciones-terapeuticas-en-ecuador\\\/\"]}]},{\"@type\":\"ImageObject\",\"inLanguage\":\"es\",\"@id\":\"https:\\\/\\\/www.quebakan.com\\\/v15\\\/sintomas-del-tracto-urinario-inferior-un-problema-frecuente-que-impacta-la-salud-y-cuenta-con-nuevas-opciones-terapeuticas-en-ecuador\\\/#primaryimage\",\"url\":\"https:\\\/\\\/www.quebakan.com\\\/v15\\\/wp-content\\\/uploads\\\/2025\\\/08\\\/Imagen-ilustrativa-STUI.jpg\",\"contentUrl\":\"https:\\\/\\\/www.quebakan.com\\\/v15\\\/wp-content\\\/uploads\\\/2025\\\/08\\\/Imagen-ilustrativa-STUI.jpg\",\"width\":700,\"height\":467},{\"@type\":\"BreadcrumbList\",\"@id\":\"https:\\\/\\\/www.quebakan.com\\\/v15\\\/sintomas-del-tracto-urinario-inferior-un-problema-frecuente-que-impacta-la-salud-y-cuenta-con-nuevas-opciones-terapeuticas-en-ecuador\\\/#breadcrumb\",\"itemListElement\":[{\"@type\":\"ListItem\",\"position\":1,\"name\":\"Portada\",\"item\":\"https:\\\/\\\/www.quebakan.com\\\/v15\\\/\"},{\"@type\":\"ListItem\",\"position\":2,\"name\":\"S\u00edntomas del tracto urinario inferior: un problema frecuente que impacta la salud y cuenta con nuevas opciones terap\u00e9uticas en Ecuador\"}]},{\"@type\":\"WebSite\",\"@id\":\"https:\\\/\\\/www.quebakan.com\\\/v15\\\/#website\",\"url\":\"https:\\\/\\\/www.quebakan.com\\\/v15\\\/\",\"name\":\"QUEBAKAN\",\"description\":\"..\",\"publisher\":{\"@id\":\"https:\\\/\\\/www.quebakan.com\\\/v15\\\/#organization\"},\"potentialAction\":[{\"@type\":\"SearchAction\",\"target\":{\"@type\":\"EntryPoint\",\"urlTemplate\":\"https:\\\/\\\/www.quebakan.com\\\/v15\\\/?s={search_term_string}\"},\"query-input\":{\"@type\":\"PropertyValueSpecification\",\"valueRequired\":true,\"valueName\":\"search_term_string\"}}],\"inLanguage\":\"es\"},{\"@type\":\"Organization\",\"@id\":\"https:\\\/\\\/www.quebakan.com\\\/v15\\\/#organization\",\"name\":\"Quebakan.com\",\"url\":\"https:\\\/\\\/www.quebakan.com\\\/v15\\\/\",\"logo\":{\"@type\":\"ImageObject\",\"inLanguage\":\"es\",\"@id\":\"https:\\\/\\\/www.quebakan.com\\\/v15\\\/#\\\/schema\\\/logo\\\/image\\\/\",\"url\":\"https:\\\/\\\/www.quebakan.com\\\/v15\\\/wp-content\\\/uploads\\\/2023\\\/07\\\/logoquebakanenero2021.jpg\",\"contentUrl\":\"https:\\\/\\\/www.quebakan.com\\\/v15\\\/wp-content\\\/uploads\\\/2023\\\/07\\\/logoquebakanenero2021.jpg\",\"width\":1920,\"height\":1080,\"caption\":\"Quebakan.com\"},\"image\":{\"@id\":\"https:\\\/\\\/www.quebakan.com\\\/v15\\\/#\\\/schema\\\/logo\\\/image\\\/\"},\"sameAs\":[\"http:\\\/\\\/www.facebook.com\\\/quebakan\",\"https:\\\/\\\/x.com\\\/quebakanec\",\"http:\\\/\\\/www.instagram.com\\\/quebakan\",\"http:\\\/\\\/www.youtube.com\\\/quebakan1\"]},{\"@type\":\"Person\",\"@id\":\"https:\\\/\\\/www.quebakan.com\\\/v15\\\/#\\\/schema\\\/person\\\/d90fa9f9cfa81eb8ace9811e5b7b9118\",\"name\":\"Erick Villafuerte\",\"image\":{\"@type\":\"ImageObject\",\"inLanguage\":\"es\",\"@id\":\"https:\\\/\\\/www.quebakan.com\\\/v15\\\/wp-content\\\/uploads\\\/avatars\\\/4\\\/1731297654-bpfull.png\",\"url\":\"https:\\\/\\\/www.quebakan.com\\\/v15\\\/wp-content\\\/uploads\\\/avatars\\\/4\\\/1731297654-bpfull.png\",\"contentUrl\":\"https:\\\/\\\/www.quebakan.com\\\/v15\\\/wp-content\\\/uploads\\\/avatars\\\/4\\\/1731297654-bpfull.png\",\"caption\":\"Erick Villafuerte\"}}]}<\/script>\n<!-- \/ Yoast SEO plugin. -->","yoast_head_json":{"title":"S\u00edntomas del tracto urinario inferior: un problema frecuente que impacta la salud y cuenta con nuevas opciones terap\u00e9uticas en Ecuador &#8211; QUEBAKAN.COM 2026: Noticias, Eventos, Conciertos y mucho m\u00e1s....","robots":{"index":"index","follow":"follow","max-snippet":"max-snippet:-1","max-image-preview":"max-image-preview:large","max-video-preview":"max-video-preview:-1"},"canonical":"https:\/\/www.quebakan.com\/v15\/sintomas-del-tracto-urinario-inferior-un-problema-frecuente-que-impacta-la-salud-y-cuenta-con-nuevas-opciones-terapeuticas-en-ecuador\/","og_locale":"es_ES","og_type":"article","og_title":"S\u00edntomas del tracto urinario inferior: un problema frecuente que impacta la salud y cuenta con nuevas opciones terap\u00e9uticas en Ecuador &#8211; QUEBAKAN.COM 2026: Noticias, Eventos, Conciertos y mucho m\u00e1s....","og_description":"Estudios internacionales reportan que entre el 16\u202f% y el 52\u202f% de la poblaci\u00f3n adulta presenta s\u00edntomas urinarios moderados a severos, m\u00e1s frecuentes en hombres y con aumento progresivo con la edad[1]. En Ecuador, no existen estad\u00edsticas espec\u00edficas sobre los STUI, sin embargo, enfermedades asociadas como la hiperplasia prost\u00e1tica benigna representan el 8% de los diagn\u00f3sticos [&hellip;]","og_url":"https:\/\/www.quebakan.com\/v15\/sintomas-del-tracto-urinario-inferior-un-problema-frecuente-que-impacta-la-salud-y-cuenta-con-nuevas-opciones-terapeuticas-en-ecuador\/","og_site_name":"QUEBAKAN.COM 2026: Noticias, Eventos, Conciertos y mucho m\u00e1s....","article_publisher":"http:\/\/www.facebook.com\/quebakan","article_published_time":"2025-08-13T04:32:49+00:00","og_image":[{"width":700,"height":467,"url":"https:\/\/www.quebakan.com\/v15\/wp-content\/uploads\/2025\/08\/Imagen-ilustrativa-STUI.jpg","type":"image\/jpeg"}],"author":"Erick Villafuerte","twitter_card":"summary_large_image","twitter_creator":"@quebakanec","twitter_site":"@quebakanec","twitter_misc":{"Escrito por":"Erick Villafuerte","Tiempo de lectura":"4 minutos"},"schema":{"@context":"https:\/\/schema.org","@graph":[{"@type":"Article","@id":"https:\/\/www.quebakan.com\/v15\/sintomas-del-tracto-urinario-inferior-un-problema-frecuente-que-impacta-la-salud-y-cuenta-con-nuevas-opciones-terapeuticas-en-ecuador\/#article","isPartOf":{"@id":"https:\/\/www.quebakan.com\/v15\/sintomas-del-tracto-urinario-inferior-un-problema-frecuente-que-impacta-la-salud-y-cuenta-con-nuevas-opciones-terapeuticas-en-ecuador\/"},"author":{"name":"Erick Villafuerte","@id":"https:\/\/www.quebakan.com\/v15\/#\/schema\/person\/d90fa9f9cfa81eb8ace9811e5b7b9118"},"headline":"S\u00edntomas del tracto urinario inferior: un problema frecuente que impacta la salud y cuenta con nuevas opciones terap\u00e9uticas en Ecuador","datePublished":"2025-08-13T04:32:49+00:00","mainEntityOfPage":{"@id":"https:\/\/www.quebakan.com\/v15\/sintomas-del-tracto-urinario-inferior-un-problema-frecuente-que-impacta-la-salud-y-cuenta-con-nuevas-opciones-terapeuticas-en-ecuador\/"},"wordCount":776,"publisher":{"@id":"https:\/\/www.quebakan.com\/v15\/#organization"},"image":{"@id":"https:\/\/www.quebakan.com\/v15\/sintomas-del-tracto-urinario-inferior-un-problema-frecuente-que-impacta-la-salud-y-cuenta-con-nuevas-opciones-terapeuticas-en-ecuador\/#primaryimage"},"thumbnailUrl":"https:\/\/www.quebakan.com\/v15\/wp-content\/uploads\/2025\/08\/Imagen-ilustrativa-STUI.jpg","articleSection":["Noticias"],"inLanguage":"es"},{"@type":"WebPage","@id":"https:\/\/www.quebakan.com\/v15\/sintomas-del-tracto-urinario-inferior-un-problema-frecuente-que-impacta-la-salud-y-cuenta-con-nuevas-opciones-terapeuticas-en-ecuador\/","url":"https:\/\/www.quebakan.com\/v15\/sintomas-del-tracto-urinario-inferior-un-problema-frecuente-que-impacta-la-salud-y-cuenta-con-nuevas-opciones-terapeuticas-en-ecuador\/","name":"S\u00edntomas del tracto urinario inferior: un problema frecuente que impacta la salud y cuenta con nuevas opciones terap\u00e9uticas en Ecuador &#8211; QUEBAKAN.COM 2026: Noticias, Eventos, Conciertos y mucho m\u00e1s....","isPartOf":{"@id":"https:\/\/www.quebakan.com\/v15\/#website"},"primaryImageOfPage":{"@id":"https:\/\/www.quebakan.com\/v15\/sintomas-del-tracto-urinario-inferior-un-problema-frecuente-que-impacta-la-salud-y-cuenta-con-nuevas-opciones-terapeuticas-en-ecuador\/#primaryimage"},"image":{"@id":"https:\/\/www.quebakan.com\/v15\/sintomas-del-tracto-urinario-inferior-un-problema-frecuente-que-impacta-la-salud-y-cuenta-con-nuevas-opciones-terapeuticas-en-ecuador\/#primaryimage"},"thumbnailUrl":"https:\/\/www.quebakan.com\/v15\/wp-content\/uploads\/2025\/08\/Imagen-ilustrativa-STUI.jpg","datePublished":"2025-08-13T04:32:49+00:00","breadcrumb":{"@id":"https:\/\/www.quebakan.com\/v15\/sintomas-del-tracto-urinario-inferior-un-problema-frecuente-que-impacta-la-salud-y-cuenta-con-nuevas-opciones-terapeuticas-en-ecuador\/#breadcrumb"},"inLanguage":"es","potentialAction":[{"@type":"ReadAction","target":["https:\/\/www.quebakan.com\/v15\/sintomas-del-tracto-urinario-inferior-un-problema-frecuente-que-impacta-la-salud-y-cuenta-con-nuevas-opciones-terapeuticas-en-ecuador\/"]}]},{"@type":"ImageObject","inLanguage":"es","@id":"https:\/\/www.quebakan.com\/v15\/sintomas-del-tracto-urinario-inferior-un-problema-frecuente-que-impacta-la-salud-y-cuenta-con-nuevas-opciones-terapeuticas-en-ecuador\/#primaryimage","url":"https:\/\/www.quebakan.com\/v15\/wp-content\/uploads\/2025\/08\/Imagen-ilustrativa-STUI.jpg","contentUrl":"https:\/\/www.quebakan.com\/v15\/wp-content\/uploads\/2025\/08\/Imagen-ilustrativa-STUI.jpg","width":700,"height":467},{"@type":"BreadcrumbList","@id":"https:\/\/www.quebakan.com\/v15\/sintomas-del-tracto-urinario-inferior-un-problema-frecuente-que-impacta-la-salud-y-cuenta-con-nuevas-opciones-terapeuticas-en-ecuador\/#breadcrumb","itemListElement":[{"@type":"ListItem","position":1,"name":"Portada","item":"https:\/\/www.quebakan.com\/v15\/"},{"@type":"ListItem","position":2,"name":"S\u00edntomas del tracto urinario inferior: un problema frecuente que impacta la salud y cuenta con nuevas opciones terap\u00e9uticas en Ecuador"}]},{"@type":"WebSite","@id":"https:\/\/www.quebakan.com\/v15\/#website","url":"https:\/\/www.quebakan.com\/v15\/","name":"QUEBAKAN","description":"..","publisher":{"@id":"https:\/\/www.quebakan.com\/v15\/#organization"},"potentialAction":[{"@type":"SearchAction","target":{"@type":"EntryPoint","urlTemplate":"https:\/\/www.quebakan.com\/v15\/?s={search_term_string}"},"query-input":{"@type":"PropertyValueSpecification","valueRequired":true,"valueName":"search_term_string"}}],"inLanguage":"es"},{"@type":"Organization","@id":"https:\/\/www.quebakan.com\/v15\/#organization","name":"Quebakan.com","url":"https:\/\/www.quebakan.com\/v15\/","logo":{"@type":"ImageObject","inLanguage":"es","@id":"https:\/\/www.quebakan.com\/v15\/#\/schema\/logo\/image\/","url":"https:\/\/www.quebakan.com\/v15\/wp-content\/uploads\/2023\/07\/logoquebakanenero2021.jpg","contentUrl":"https:\/\/www.quebakan.com\/v15\/wp-content\/uploads\/2023\/07\/logoquebakanenero2021.jpg","width":1920,"height":1080,"caption":"Quebakan.com"},"image":{"@id":"https:\/\/www.quebakan.com\/v15\/#\/schema\/logo\/image\/"},"sameAs":["http:\/\/www.facebook.com\/quebakan","https:\/\/x.com\/quebakanec","http:\/\/www.instagram.com\/quebakan","http:\/\/www.youtube.com\/quebakan1"]},{"@type":"Person","@id":"https:\/\/www.quebakan.com\/v15\/#\/schema\/person\/d90fa9f9cfa81eb8ace9811e5b7b9118","name":"Erick Villafuerte","image":{"@type":"ImageObject","inLanguage":"es","@id":"https:\/\/www.quebakan.com\/v15\/wp-content\/uploads\/avatars\/4\/1731297654-bpfull.png","url":"https:\/\/www.quebakan.com\/v15\/wp-content\/uploads\/avatars\/4\/1731297654-bpfull.png","contentUrl":"https:\/\/www.quebakan.com\/v15\/wp-content\/uploads\/avatars\/4\/1731297654-bpfull.png","caption":"Erick Villafuerte"}}]}},"_links":{"self":[{"href":"https:\/\/www.quebakan.com\/v15\/wp-json\/wp\/v2\/posts\/134196","targetHints":{"allow":["GET"]}}],"collection":[{"href":"https:\/\/www.quebakan.com\/v15\/wp-json\/wp\/v2\/posts"}],"about":[{"href":"https:\/\/www.quebakan.com\/v15\/wp-json\/wp\/v2\/types\/post"}],"author":[{"embeddable":true,"href":"https:\/\/www.quebakan.com\/v15\/wp-json\/wp\/v2\/users\/4"}],"replies":[{"embeddable":true,"href":"https:\/\/www.quebakan.com\/v15\/wp-json\/wp\/v2\/comments?post=134196"}],"version-history":[{"count":1,"href":"https:\/\/www.quebakan.com\/v15\/wp-json\/wp\/v2\/posts\/134196\/revisions"}],"predecessor-version":[{"id":134198,"href":"https:\/\/www.quebakan.com\/v15\/wp-json\/wp\/v2\/posts\/134196\/revisions\/134198"}],"wp:featuredmedia":[{"embeddable":true,"href":"https:\/\/www.quebakan.com\/v15\/wp-json\/wp\/v2\/media\/134197"}],"wp:attachment":[{"href":"https:\/\/www.quebakan.com\/v15\/wp-json\/wp\/v2\/media?parent=134196"}],"wp:term":[{"taxonomy":"category","embeddable":true,"href":"https:\/\/www.quebakan.com\/v15\/wp-json\/wp\/v2\/categories?post=134196"},{"taxonomy":"post_tag","embeddable":true,"href":"https:\/\/www.quebakan.com\/v15\/wp-json\/wp\/v2\/tags?post=134196"}],"curies":[{"name":"wp","href":"https:\/\/api.w.org\/{rel}","templated":true}]}}