{"id":134199,"date":"2025-08-13T00:52:02","date_gmt":"2025-08-13T05:52:02","guid":{"rendered":"https:\/\/www.quebakan.com\/v15\/?p=134199"},"modified":"2025-08-13T00:52:02","modified_gmt":"2025-08-13T05:52:02","slug":"se-realizo-con-exito-power-connect-experience-el-evento-de-enterprise-solutions","status":"publish","type":"post","link":"https:\/\/www.quebakan.com\/v15\/se-realizo-con-exito-power-connect-experience-el-evento-de-enterprise-solutions\/","title":{"rendered":"Se realiz\u00f3 con \u00e9xito \u201cPower Connect Experience\u201d, el evento de Enterprise Solutions"},"content":{"rendered":"<p align=\"center\"><img fetchpriority=\"high\" decoding=\"async\" class=\"aligncenter size-full wp-image-134200\" src=\"https:\/\/www.quebakan.com\/v15\/wp-content\/uploads\/2025\/08\/Guido-Mondaca-Eduardo-Pinillos-Adriana-Rami\u0301rez-Jhon-Richard-Marti\u0301n-Marianela-Suco-Walter-Barnes-director-de-b-otro-plan-y-Jorge-Go.jpg\" alt=\"\" width=\"700\" height=\"525\" \/><\/p>\n<p class=\"x_MsoNormal\" style=\"text-align: justify;\" align=\"center\"><span style=\"color: #000000;\"><i><span lang=\"ES\" data-olk-copy-source=\"MessageBody\">Nexxt Solutions<\/span><\/i><i><span lang=\"ES\">\u00a0Divisi\u00f3n Infraestructura,\u00a0junto a\u00a0Forza Power Technologies bajo\u00a0la\u00a0alianza Enterprise Solutions, convocaron\u00a0a clientes y socios estrat\u00e9gicos durante cinco jornadas.\u00a0El objetivo fue presentar su portafolio de soluciones integrales que combinan energ\u00eda y conectividad,\u00a0entre las que se\u00a0destacan la nueva tecnolog\u00eda de bater\u00edas de Forza con 10 a\u00f1os de vida \u00fatil, el generador residencial Titan Pro, la confirmaci\u00f3n de la estrat\u00e9gica incursi\u00f3n de Nexxt Infraestructura en el mercado de fibra \u00f3ptica en 2026 y los nuevos gabinetes para exteriores.<\/span><\/i><\/span><\/p>\n<p class=\"x_MsoNormal\" style=\"text-align: justify;\"><span lang=\"ES\" style=\"color: #000000;\">Guayaquil, \u00a012 de agosto de 2025. Nexxt Infraestructura, fabricante de soluciones de infraestructura de redes, anunci\u00f3 que se realiz\u00f3 con \u00e9xito\u00a0<b>Power Connect Experience<\/b>, el evento de la alianza denominada Enterprise Solutions.<\/span><\/p>\n<p class=\"x_MsoNormal\" style=\"text-align: justify;\"><span lang=\"ES\" style=\"color: #000000;\">El encuentro se realiz\u00f3 en el Hotel Sheraton Providencia de Santiago de Chile entre los d\u00edas 4 y 8 de agosto, all\u00ed participaron los distintos distribuidores de Argentina, Chile, Ecuador, Bolivia y Per\u00fa. En ese contexto se presentaron las nuevas soluciones basadas en la sinergia tecnol\u00f3gica de sus dos marcas aliadas: Forza y Nexxt Infraestructura.\u00a0<b>Power Connect Experience<\/b>\u00a0tuvo como principal objetivo presentar al mercado una propuesta de valor integral que une la potencia de Forza con la innovaci\u00f3n en conectividad de Nexxt.\u00a0Se destac\u00f3 la presencia de ejecutivos clave de las marcas:\u00a0<b>Eduardo Pinillos,<\/b>\u00a0Regional Sales Director, Latam &amp; Caribbean de Forza,\u00a0<b>Jhon Richard Mart\u00edn,<\/b>\u00a0Regional Sales Manager Latam de Nexxt Solutions,\u00a0<b>Jorge Gonz\u00e1lez<\/b>, PM Regional de Forza;\u00a0<b>Adriana Ram\u00edrez<\/b>, Regional Marketing Manager de Accvent, y\u00a0<b>Guido Mondaca,<\/b>\u00a0Product Manager para Chile de Forza y Nexxt Infraestructura.<\/span><\/p>\n<p class=\"x_MsoNormal\" style=\"text-align: justify;\"><span lang=\"ES\" style=\"color: #000000;\">\u201cEnterprise Solutions es un convenio entre Forza y Nexxt, que son marcas renombradas en el mercado. Creemos que justamente por el prestigio que tienen ambas, la soluci\u00f3n que ofrecemos es de ese mismo nivel\u201d, afirm\u00f3\u00a0<b>Eduardo Pinillos, Regional Sales Director, Latam &amp; Caribbean de Forza<\/b>.<\/span><\/p>\n<p class=\"x_MsoNormal\" style=\"text-align: justify;\"><span lang=\"ES\" style=\"color: #000000;\">\u201cEl nombre del evento encapsula la esencia de esta uni\u00f3n. \u2018Power Connect Expericence\u2019 es justamente lo que queremos transmitir al mercado: la uni\u00f3n de la potencia (Power) de Forza y la conectividad (Connect) de Nexxt. Traemos, m\u00e1s all\u00e1 de productos, soluciones al mercado\u201d, explic\u00f3\u00a0<b>Jhon Richard Mart\u00edn, Regional Sales Manager Latam de Nexxt Solutions<\/b>.<\/span><\/p>\n<p class=\"x_MsoNormal\" style=\"text-align: justify;\"><span lang=\"ES\" style=\"color: #000000;\">El evento se distingui\u00f3 por ofrecer reuniones personalizadas en lugar de un encuentro masivo, un enfoque dise\u00f1ado para fomentar un di\u00e1logo profundo y directo. \u201cEste formato nos ha permitido presentarles a los clientes nuestras soluciones, pero lo m\u00e1s importante los diferenciadores con respecto a otras soluciones existentes en el mercado, permiti\u00e9ndoles tener conocimiento de m\u00e1s argumentos para cerrar negocios con Forza, en algunos casos en nichos de mercado que no hab\u00edan notado que pueden participar, generando un potencial de crecimiento de sus negocios que no estaban abarcando\u201d, inform\u00f3\u00a0<b>Eduardo Pinillos<\/b>.<\/span><\/p>\n<p class=\"x_MsoNormal\" style=\"text-align: justify;\"><span lang=\"ES\" style=\"color: #000000;\">Este acercamiento estrat\u00e9gico tambi\u00e9n fue pensado como una fuente de retroalimentaci\u00f3n invaluable. \u201cLas reuniones personalizadas le permiten al cliente no solamente conocer nuestro portafolio, sino tambi\u00e9n hablarnos de sus necesidades. De aqu\u00ed ya empiezan a salir, inclusive, oportunidades de desarrollo de nuevos productos\u201d, dijo\u00a0<b>Pinillos<\/b>.<\/span><\/p>\n<p class=\"x_MsoNormal\" style=\"text-align: justify;\"><span style=\"color: #000000;\"><b><span lang=\"ES\">Innovaci\u00f3n en conectividad y energ\u00eda<\/span><\/b><\/span><\/p>\n<p class=\"x_MsoNormal\" style=\"text-align: justify;\"><span lang=\"ES\" style=\"color: #000000;\">\u201cEn Nexxt Infraestructura, tenemos un especial foco en soluciones de cableado de alto desempe\u00f1o. Entre las novedades se encuentra un cable de categor\u00eda 6A F\/UTP, dise\u00f1ado para satisfacer las demandas de proyectos grandes corporativos. Es un producto ideal para proyectos corporativos, hospitales, banca, industria, al que le tenemos mucha expectativa. Nexxt Infraestructura est\u00e1 respondiendo directamente a las necesidades del mercado chileno al desarrollar una versi\u00f3n LSZH de nuestros cables, no solo los de redes de datos sino tambi\u00e9n para los cables para alarma de detecci\u00f3n de incendios \u2013esperamos que estos productos est\u00e9n disponibles a inicios del cuarto trimestre de este a\u00f1o\u2013. Adicionalmente, tenemos una nueva herramienta de ponchado r\u00e1pido para optimizar el tiempo de instalaci\u00f3n en campo\u201d, adelant\u00f3\u00a0<b>Jhon Richard Martin\u00a0<\/b>y enfatiz\u00f3: \u201cContinuando con la expansi\u00f3n de la oferta de conectividad, el Regional Sales Manager Latam de Nexxt Solutions destac\u00f3 el crecimiento de la l\u00ednea de switches. \u201cA la ya conocida familia de switches de escritorio de 5, 8 y 9 puertos, tanto en versiones PoE como no PoE, ahora se suma una nueva l\u00ednea de switches rackeables de 24 puertos, tanto con PoE como sin PoE, cubriendo as\u00ed las necesidades de infraestructura de red desde la peque\u00f1a oficina hasta las instalaciones corporativas m\u00e1s robustas\u201d.<\/span><\/p>\n<p class=\"x_MsoNormal\" style=\"text-align: justify;\"><span lang=\"ES\" style=\"color: #000000;\">\u201cSin embargo, hoy la principal novedad y el producto estrella de esta propuesta de valor conjunta es el nuevo gabinete para exteriores. Es un producto al que le estamos apostando fuertemente en la regi\u00f3n dado que hemos encontrado diversas aplicaciones en diferentes verticales\u201d, asegur\u00f3\u00a0<b>Martin<\/b>, y detall\u00f3: \u201cEste gabinete, disponible en cuatro tama\u00f1os y dos profundidades, es el punto de encuentro donde la alianza Enterprise Solutions cobra vida. Es el espacio donde estamos fusionando las soluciones de Forza y de Nexxt Solutions. Es ideal para ambientes exteriores, seguridad ciudadana, miner\u00eda, videovigilancia y para las nuevas instalaciones de 5G\u201d,<\/span><\/p>\n<p class=\"x_MsoNormal\" style=\"text-align: justify;\"><span lang=\"ES\" style=\"color: #000000;\">\u201cQuiero dar una primicia, que es uno de los pasos estrat\u00e9gicos m\u00e1s importantes que daremos con la marca en el futuro cercano: El pr\u00f3ximo a\u00f1o vamos a incluir fibra dentro del portafolio de Nexxt. Esta decisi\u00f3n responde a la clara tendencia y migraci\u00f3n del mercado desde el cobre hacia la fibra. Vamos a empezar con fibra multimodo, OM3 y OM4, ofreciendo el canal completo. Para acompa\u00f1ar esta evoluci\u00f3n, incorporamos los m\u00f3dulos transceptores SFP. De hecho, los nuevos switches PoE de 24 puertos ya est\u00e1n preparados para este salto tecnol\u00f3gico al incluir cuatro conectores SFP, garantizando as\u00ed un ecosistema de conectividad integral y preparado para el futuro\u201d, anticip\u00f3\u00a0<b>Jhon Richard Mart\u00edn<\/b>.<\/span><\/p>\n<p class=\"x_MsoNormal\" style=\"text-align: justify;\"><span lang=\"ES\" style=\"color: #000000;\">Por el lado de Forza, se present\u00f3 una serie de innovaciones transversales a todo el portafolio, destacando el salto tecnol\u00f3gico en almacenamiento de energ\u00eda.\u00a0\u201cForza est\u00e1 lanzando nuevos generadores el\u00e9ctricos a bater\u00eda con una tecnolog\u00eda de mayor densidad que permite 3,000 ciclos de carga, traduci\u00e9ndose en casi diez a\u00f1os de vida \u00fatil. Esta durabilidad se extiende a otros productos, como las nuevas mini UPS DC, ahora con salida PoE, en las que podemos conectar cinco equipos a la vez, y el switch de PoE conectarlo en 12 o en 24 voltios, algo que los inyectores de PoE de voltaje fijo no hacen\u201d, explic\u00f3\u00a0<b>Eduardo Pinillos, Regional Sales Director para Latam &amp; Caribbean de Forza<\/b>, y asegur\u00f3: \u201cLa innovaci\u00f3n tambi\u00e9n llega a la distribuci\u00f3n y protecci\u00f3n de energ\u00eda. Forza ha reinventado las PDUs (unidades de distribuci\u00f3n de energ\u00eda) al integrarles un supresor de picos. Ahora, tenemos tambi\u00e9n una versi\u00f3n que incluye supresi\u00f3n, administraci\u00f3n, pantallas para ver consumo y SNMP integrado. Tenemos un producto que no se puede comparar con nada en el mercado\u201d.<\/span><\/p>\n<p class=\"x_MsoNormal\" style=\"text-align: justify;\"><span lang=\"ES\" style=\"color: #000000;\">Adicionalmente, Forza present\u00f3 un nuevo protector de voltaje de 6600 watts con conexi\u00f3n por bornera, capaz de proteger equipos de alto consumo como aires acondicionados de gran capacidad. \u201cEn el segmento de alta potencia, Forza ha consolidado su serie de UPS trif\u00e1sicas Zeus, posicion\u00e1ndose con fuerza en el mercado corporativo. Ya tenemos una familia robusta de 10, 15, 20, 30, 40 y vamos hasta 300 kW. La parte Enterprise de Forza ya est\u00e1 en otro nivel de concurso\u201d, afirm\u00f3\u00a0<b>Pinillos<\/b>\u00a0y como prueba del \u00e9xito de esta l\u00ednea, comparti\u00f3 un caso reciente: \u201cTenemos un banco en Centroam\u00e9rica que est\u00e1 respaldado 100% con nuestros equipos Forza. Ganamos la licitaci\u00f3n por la calidad del producto y tambi\u00e9n por su precio competitivo. Tras siete meses de instalaci\u00f3n de casi 40 equipos, no ha fallado ni uno\u201d.<\/span><\/p>\n<p class=\"x_MsoNormal\" style=\"text-align: justify;\"><span lang=\"ES\" style=\"color: #000000;\">Titan Pro llegar\u00e1 a Chile: \u201cEstamos en condiciones de anticipar otra primicia, la pr\u00f3xima llegada de nuestro Generador el\u00e9ctrico Titan Pro. Este equipo no solo ofrece mayor potencia y la capacidad de conectar bater\u00edas externas, sino que introduce una funcionalidad revolucionaria para el usuario residencial. Le va a facilitar la vida a la gente que quiere energizar su casa en un apag\u00f3n, porque tiene una funcionalidad que permite enchufarlo a la pared para energizar todo el circuito el\u00e9ctrico de ese tomacorriente. Adem\u00e1s, se destacan sus m\u00faltiples y eficientes modos de carga, que pueden llevar la bater\u00eda al 100% en solo 1.5 horas\u201d, revel\u00f3\u00a0<b>Eduardo Pinillos.<\/b><\/span><\/p>\n<p class=\"x_MsoNormal\" style=\"text-align: justify;\"><span lang=\"ES\" style=\"color: #000000;\">\u201cEl evento \u201cPower Connect Experience\u201d no solo sirvi\u00f3 como plataforma de lanzamiento para una nueva generaci\u00f3n de productos, sino que tambi\u00e9n consolid\u00f3 la visi\u00f3n de Enterprise Solutions. La jornada reafirm\u00f3 la fortaleza de una alianza estrat\u00e9gica que ofrece al mercado una propuesta de valor integral, robusta y preparada para los desaf\u00edos futuros, combinando la confiabilidad y durabilidad en soluciones de energ\u00eda con la innovaci\u00f3n en conectividad e infraestructura de redes\u201d, dijo para finalizar\u00a0<b>Pinillos.<\/b><\/span><\/p>\n<p><img decoding=\"async\" class=\"aligncenter size-full wp-image-134201\" src=\"https:\/\/www.quebakan.com\/v15\/wp-content\/uploads\/2025\/08\/Guido_Mondaca_y_Marianela_Suco_de_Forza_y_Nexxt_Infraestructura.jpg\" alt=\"\" width=\"700\" height=\"466\" \/><\/p>\n<p>&nbsp;<\/p>\n<p><img decoding=\"async\" class=\"aligncenter size-full wp-image-134202\" src=\"https:\/\/www.quebakan.com\/v15\/wp-content\/uploads\/2025\/08\/Jhon_Richard_Martin_-Regional_Sales_Manager_Nexxt_Infraestructura_3.jpg\" alt=\"\" width=\"700\" height=\"467\" \/><\/p>\n","protected":false},"excerpt":{"rendered":"<p>Nexxt Solutions\u00a0Divisi\u00f3n Infraestructura,\u00a0junto a\u00a0Forza Power Technologies bajo\u00a0la\u00a0alianza Enterprise Solutions, convocaron\u00a0a clientes y socios estrat\u00e9gicos durante cinco jornadas.\u00a0El objetivo fue presentar su portafolio de soluciones integrales que combinan energ\u00eda y conectividad,\u00a0entre las que se\u00a0destacan la nueva tecnolog\u00eda de bater\u00edas de Forza con 10 a\u00f1os de vida \u00fatil, el generador residencial Titan Pro, la confirmaci\u00f3n de la [&hellip;]<\/p>\n","protected":false},"author":4,"featured_media":134200,"comment_status":"closed","ping_status":"closed","sticky":false,"template":"","format":"standard","meta":{"_bbp_topic_count":0,"_bbp_reply_count":0,"_bbp_total_topic_count":0,"_bbp_total_reply_count":0,"_bbp_voice_count":0,"_bbp_anonymous_reply_count":0,"_bbp_topic_count_hidden":0,"_bbp_reply_count_hidden":0,"_bbp_forum_subforum_count":0,"buzzeditor_post_format":"","footnotes":""},"categories":[2],"tags":[],"class_list":["post-134199","post","type-post","status-publish","format-standard","has-post-thumbnail","hentry","category-noticias"],"yoast_head":"<!-- This site is optimized with the Yoast SEO plugin v27.5 - https:\/\/yoast.com\/product\/yoast-seo-wordpress\/ -->\n<title>Se realiz\u00f3 con \u00e9xito \u201cPower Connect Experience\u201d, el evento de Enterprise Solutions &#8211; QUEBAKAN.COM 2026: Noticias, Eventos, Conciertos y mucho m\u00e1s....<\/title>\n<meta name=\"robots\" content=\"index, follow, max-snippet:-1, max-image-preview:large, max-video-preview:-1\" \/>\n<link rel=\"canonical\" href=\"https:\/\/www.quebakan.com\/v15\/se-realizo-con-exito-power-connect-experience-el-evento-de-enterprise-solutions\/\" \/>\n<meta property=\"og:locale\" content=\"es_ES\" \/>\n<meta property=\"og:type\" content=\"article\" \/>\n<meta property=\"og:title\" content=\"Se realiz\u00f3 con \u00e9xito \u201cPower Connect Experience\u201d, el evento de Enterprise Solutions &#8211; QUEBAKAN.COM 2026: Noticias, Eventos, Conciertos y mucho m\u00e1s....\" \/>\n<meta property=\"og:description\" content=\"Nexxt Solutions\u00a0Divisi\u00f3n Infraestructura,\u00a0junto a\u00a0Forza Power Technologies bajo\u00a0la\u00a0alianza Enterprise Solutions, convocaron\u00a0a clientes y socios estrat\u00e9gicos durante cinco jornadas.\u00a0El objetivo fue presentar su portafolio de soluciones integrales que combinan energ\u00eda y conectividad,\u00a0entre las que se\u00a0destacan la nueva tecnolog\u00eda de bater\u00edas de Forza con 10 a\u00f1os de vida \u00fatil, el generador residencial Titan Pro, la confirmaci\u00f3n de la [&hellip;]\" \/>\n<meta property=\"og:url\" content=\"https:\/\/www.quebakan.com\/v15\/se-realizo-con-exito-power-connect-experience-el-evento-de-enterprise-solutions\/\" \/>\n<meta property=\"og:site_name\" content=\"QUEBAKAN.COM 2026: Noticias, Eventos, Conciertos y mucho m\u00e1s....\" \/>\n<meta property=\"article:publisher\" content=\"http:\/\/www.facebook.com\/quebakan\" \/>\n<meta property=\"article:published_time\" content=\"2025-08-13T05:52:02+00:00\" \/>\n<meta property=\"og:image\" content=\"https:\/\/www.quebakan.com\/v15\/wp-content\/uploads\/2025\/08\/Guido-Mondaca-Eduardo-Pinillos-Adriana-Rami\u0301rez-Jhon-Richard-Marti\u0301n-Marianela-Suco-Walter-Barnes-director-de-b-otro-plan-y-Jorge-Go.jpg\" \/>\n\t<meta property=\"og:image:width\" content=\"700\" \/>\n\t<meta property=\"og:image:height\" content=\"525\" \/>\n\t<meta property=\"og:image:type\" content=\"image\/jpeg\" \/>\n<meta name=\"author\" content=\"Erick Villafuerte\" \/>\n<meta name=\"twitter:card\" content=\"summary_large_image\" \/>\n<meta name=\"twitter:creator\" content=\"@quebakanec\" \/>\n<meta name=\"twitter:site\" content=\"@quebakanec\" \/>\n<meta name=\"twitter:label1\" content=\"Escrito por\" \/>\n\t<meta name=\"twitter:data1\" content=\"Erick Villafuerte\" \/>\n\t<meta name=\"twitter:label2\" content=\"Tiempo de lectura\" \/>\n\t<meta name=\"twitter:data2\" content=\"8 minutos\" \/>\n<script type=\"application\/ld+json\" class=\"yoast-schema-graph\">{\"@context\":\"https:\\\/\\\/schema.org\",\"@graph\":[{\"@type\":\"Article\",\"@id\":\"https:\\\/\\\/www.quebakan.com\\\/v15\\\/se-realizo-con-exito-power-connect-experience-el-evento-de-enterprise-solutions\\\/#article\",\"isPartOf\":{\"@id\":\"https:\\\/\\\/www.quebakan.com\\\/v15\\\/se-realizo-con-exito-power-connect-experience-el-evento-de-enterprise-solutions\\\/\"},\"author\":{\"name\":\"Erick Villafuerte\",\"@id\":\"https:\\\/\\\/www.quebakan.com\\\/v15\\\/#\\\/schema\\\/person\\\/d90fa9f9cfa81eb8ace9811e5b7b9118\"},\"headline\":\"Se realiz\u00f3 con \u00e9xito \u201cPower Connect Experience\u201d, el evento de Enterprise Solutions\",\"datePublished\":\"2025-08-13T05:52:02+00:00\",\"mainEntityOfPage\":{\"@id\":\"https:\\\/\\\/www.quebakan.com\\\/v15\\\/se-realizo-con-exito-power-connect-experience-el-evento-de-enterprise-solutions\\\/\"},\"wordCount\":1482,\"publisher\":{\"@id\":\"https:\\\/\\\/www.quebakan.com\\\/v15\\\/#organization\"},\"image\":{\"@id\":\"https:\\\/\\\/www.quebakan.com\\\/v15\\\/se-realizo-con-exito-power-connect-experience-el-evento-de-enterprise-solutions\\\/#primaryimage\"},\"thumbnailUrl\":\"https:\\\/\\\/www.quebakan.com\\\/v15\\\/wp-content\\\/uploads\\\/2025\\\/08\\\/Guido-Mondaca-Eduardo-Pinillos-Adriana-Rami\u0301rez-Jhon-Richard-Marti\u0301n-Marianela-Suco-Walter-Barnes-director-de-b-otro-plan-y-Jorge-Go.jpg\",\"articleSection\":[\"Noticias\"],\"inLanguage\":\"es\"},{\"@type\":\"WebPage\",\"@id\":\"https:\\\/\\\/www.quebakan.com\\\/v15\\\/se-realizo-con-exito-power-connect-experience-el-evento-de-enterprise-solutions\\\/\",\"url\":\"https:\\\/\\\/www.quebakan.com\\\/v15\\\/se-realizo-con-exito-power-connect-experience-el-evento-de-enterprise-solutions\\\/\",\"name\":\"Se realiz\u00f3 con \u00e9xito \u201cPower Connect Experience\u201d, el evento de Enterprise Solutions &#8211; QUEBAKAN.COM 2026: Noticias, Eventos, Conciertos y mucho m\u00e1s....\",\"isPartOf\":{\"@id\":\"https:\\\/\\\/www.quebakan.com\\\/v15\\\/#website\"},\"primaryImageOfPage\":{\"@id\":\"https:\\\/\\\/www.quebakan.com\\\/v15\\\/se-realizo-con-exito-power-connect-experience-el-evento-de-enterprise-solutions\\\/#primaryimage\"},\"image\":{\"@id\":\"https:\\\/\\\/www.quebakan.com\\\/v15\\\/se-realizo-con-exito-power-connect-experience-el-evento-de-enterprise-solutions\\\/#primaryimage\"},\"thumbnailUrl\":\"https:\\\/\\\/www.quebakan.com\\\/v15\\\/wp-content\\\/uploads\\\/2025\\\/08\\\/Guido-Mondaca-Eduardo-Pinillos-Adriana-Rami\u0301rez-Jhon-Richard-Marti\u0301n-Marianela-Suco-Walter-Barnes-director-de-b-otro-plan-y-Jorge-Go.jpg\",\"datePublished\":\"2025-08-13T05:52:02+00:00\",\"breadcrumb\":{\"@id\":\"https:\\\/\\\/www.quebakan.com\\\/v15\\\/se-realizo-con-exito-power-connect-experience-el-evento-de-enterprise-solutions\\\/#breadcrumb\"},\"inLanguage\":\"es\",\"potentialAction\":[{\"@type\":\"ReadAction\",\"target\":[\"https:\\\/\\\/www.quebakan.com\\\/v15\\\/se-realizo-con-exito-power-connect-experience-el-evento-de-enterprise-solutions\\\/\"]}]},{\"@type\":\"ImageObject\",\"inLanguage\":\"es\",\"@id\":\"https:\\\/\\\/www.quebakan.com\\\/v15\\\/se-realizo-con-exito-power-connect-experience-el-evento-de-enterprise-solutions\\\/#primaryimage\",\"url\":\"https:\\\/\\\/www.quebakan.com\\\/v15\\\/wp-content\\\/uploads\\\/2025\\\/08\\\/Guido-Mondaca-Eduardo-Pinillos-Adriana-Rami\u0301rez-Jhon-Richard-Marti\u0301n-Marianela-Suco-Walter-Barnes-director-de-b-otro-plan-y-Jorge-Go.jpg\",\"contentUrl\":\"https:\\\/\\\/www.quebakan.com\\\/v15\\\/wp-content\\\/uploads\\\/2025\\\/08\\\/Guido-Mondaca-Eduardo-Pinillos-Adriana-Rami\u0301rez-Jhon-Richard-Marti\u0301n-Marianela-Suco-Walter-Barnes-director-de-b-otro-plan-y-Jorge-Go.jpg\",\"width\":700,\"height\":525},{\"@type\":\"BreadcrumbList\",\"@id\":\"https:\\\/\\\/www.quebakan.com\\\/v15\\\/se-realizo-con-exito-power-connect-experience-el-evento-de-enterprise-solutions\\\/#breadcrumb\",\"itemListElement\":[{\"@type\":\"ListItem\",\"position\":1,\"name\":\"Portada\",\"item\":\"https:\\\/\\\/www.quebakan.com\\\/v15\\\/\"},{\"@type\":\"ListItem\",\"position\":2,\"name\":\"Se realiz\u00f3 con \u00e9xito \u201cPower Connect Experience\u201d, el evento de Enterprise Solutions\"}]},{\"@type\":\"WebSite\",\"@id\":\"https:\\\/\\\/www.quebakan.com\\\/v15\\\/#website\",\"url\":\"https:\\\/\\\/www.quebakan.com\\\/v15\\\/\",\"name\":\"QUEBAKAN\",\"description\":\"..\",\"publisher\":{\"@id\":\"https:\\\/\\\/www.quebakan.com\\\/v15\\\/#organization\"},\"potentialAction\":[{\"@type\":\"SearchAction\",\"target\":{\"@type\":\"EntryPoint\",\"urlTemplate\":\"https:\\\/\\\/www.quebakan.com\\\/v15\\\/?s={search_term_string}\"},\"query-input\":{\"@type\":\"PropertyValueSpecification\",\"valueRequired\":true,\"valueName\":\"search_term_string\"}}],\"inLanguage\":\"es\"},{\"@type\":\"Organization\",\"@id\":\"https:\\\/\\\/www.quebakan.com\\\/v15\\\/#organization\",\"name\":\"Quebakan.com\",\"url\":\"https:\\\/\\\/www.quebakan.com\\\/v15\\\/\",\"logo\":{\"@type\":\"ImageObject\",\"inLanguage\":\"es\",\"@id\":\"https:\\\/\\\/www.quebakan.com\\\/v15\\\/#\\\/schema\\\/logo\\\/image\\\/\",\"url\":\"https:\\\/\\\/www.quebakan.com\\\/v15\\\/wp-content\\\/uploads\\\/2023\\\/07\\\/logoquebakanenero2021.jpg\",\"contentUrl\":\"https:\\\/\\\/www.quebakan.com\\\/v15\\\/wp-content\\\/uploads\\\/2023\\\/07\\\/logoquebakanenero2021.jpg\",\"width\":1920,\"height\":1080,\"caption\":\"Quebakan.com\"},\"image\":{\"@id\":\"https:\\\/\\\/www.quebakan.com\\\/v15\\\/#\\\/schema\\\/logo\\\/image\\\/\"},\"sameAs\":[\"http:\\\/\\\/www.facebook.com\\\/quebakan\",\"https:\\\/\\\/x.com\\\/quebakanec\",\"http:\\\/\\\/www.instagram.com\\\/quebakan\",\"http:\\\/\\\/www.youtube.com\\\/quebakan1\"]},{\"@type\":\"Person\",\"@id\":\"https:\\\/\\\/www.quebakan.com\\\/v15\\\/#\\\/schema\\\/person\\\/d90fa9f9cfa81eb8ace9811e5b7b9118\",\"name\":\"Erick Villafuerte\",\"image\":{\"@type\":\"ImageObject\",\"inLanguage\":\"es\",\"@id\":\"https:\\\/\\\/www.quebakan.com\\\/v15\\\/wp-content\\\/uploads\\\/avatars\\\/4\\\/1731297654-bpfull.png\",\"url\":\"https:\\\/\\\/www.quebakan.com\\\/v15\\\/wp-content\\\/uploads\\\/avatars\\\/4\\\/1731297654-bpfull.png\",\"contentUrl\":\"https:\\\/\\\/www.quebakan.com\\\/v15\\\/wp-content\\\/uploads\\\/avatars\\\/4\\\/1731297654-bpfull.png\",\"caption\":\"Erick Villafuerte\"}}]}<\/script>\n<!-- \/ Yoast SEO plugin. -->","yoast_head_json":{"title":"Se realiz\u00f3 con \u00e9xito \u201cPower Connect Experience\u201d, el evento de Enterprise Solutions &#8211; QUEBAKAN.COM 2026: Noticias, Eventos, Conciertos y mucho m\u00e1s....","robots":{"index":"index","follow":"follow","max-snippet":"max-snippet:-1","max-image-preview":"max-image-preview:large","max-video-preview":"max-video-preview:-1"},"canonical":"https:\/\/www.quebakan.com\/v15\/se-realizo-con-exito-power-connect-experience-el-evento-de-enterprise-solutions\/","og_locale":"es_ES","og_type":"article","og_title":"Se realiz\u00f3 con \u00e9xito \u201cPower Connect Experience\u201d, el evento de Enterprise Solutions &#8211; QUEBAKAN.COM 2026: Noticias, Eventos, Conciertos y mucho m\u00e1s....","og_description":"Nexxt Solutions\u00a0Divisi\u00f3n Infraestructura,\u00a0junto a\u00a0Forza Power Technologies bajo\u00a0la\u00a0alianza Enterprise Solutions, convocaron\u00a0a clientes y socios estrat\u00e9gicos durante cinco jornadas.\u00a0El objetivo fue presentar su portafolio de soluciones integrales que combinan energ\u00eda y conectividad,\u00a0entre las que se\u00a0destacan la nueva tecnolog\u00eda de bater\u00edas de Forza con 10 a\u00f1os de vida \u00fatil, el generador residencial Titan Pro, la confirmaci\u00f3n de la [&hellip;]","og_url":"https:\/\/www.quebakan.com\/v15\/se-realizo-con-exito-power-connect-experience-el-evento-de-enterprise-solutions\/","og_site_name":"QUEBAKAN.COM 2026: Noticias, Eventos, Conciertos y mucho m\u00e1s....","article_publisher":"http:\/\/www.facebook.com\/quebakan","article_published_time":"2025-08-13T05:52:02+00:00","og_image":[{"width":700,"height":525,"url":"https:\/\/www.quebakan.com\/v15\/wp-content\/uploads\/2025\/08\/Guido-Mondaca-Eduardo-Pinillos-Adriana-Rami\u0301rez-Jhon-Richard-Marti\u0301n-Marianela-Suco-Walter-Barnes-director-de-b-otro-plan-y-Jorge-Go.jpg","type":"image\/jpeg"}],"author":"Erick Villafuerte","twitter_card":"summary_large_image","twitter_creator":"@quebakanec","twitter_site":"@quebakanec","twitter_misc":{"Escrito por":"Erick Villafuerte","Tiempo de lectura":"8 minutos"},"schema":{"@context":"https:\/\/schema.org","@graph":[{"@type":"Article","@id":"https:\/\/www.quebakan.com\/v15\/se-realizo-con-exito-power-connect-experience-el-evento-de-enterprise-solutions\/#article","isPartOf":{"@id":"https:\/\/www.quebakan.com\/v15\/se-realizo-con-exito-power-connect-experience-el-evento-de-enterprise-solutions\/"},"author":{"name":"Erick Villafuerte","@id":"https:\/\/www.quebakan.com\/v15\/#\/schema\/person\/d90fa9f9cfa81eb8ace9811e5b7b9118"},"headline":"Se realiz\u00f3 con \u00e9xito \u201cPower Connect Experience\u201d, el evento de Enterprise Solutions","datePublished":"2025-08-13T05:52:02+00:00","mainEntityOfPage":{"@id":"https:\/\/www.quebakan.com\/v15\/se-realizo-con-exito-power-connect-experience-el-evento-de-enterprise-solutions\/"},"wordCount":1482,"publisher":{"@id":"https:\/\/www.quebakan.com\/v15\/#organization"},"image":{"@id":"https:\/\/www.quebakan.com\/v15\/se-realizo-con-exito-power-connect-experience-el-evento-de-enterprise-solutions\/#primaryimage"},"thumbnailUrl":"https:\/\/www.quebakan.com\/v15\/wp-content\/uploads\/2025\/08\/Guido-Mondaca-Eduardo-Pinillos-Adriana-Rami\u0301rez-Jhon-Richard-Marti\u0301n-Marianela-Suco-Walter-Barnes-director-de-b-otro-plan-y-Jorge-Go.jpg","articleSection":["Noticias"],"inLanguage":"es"},{"@type":"WebPage","@id":"https:\/\/www.quebakan.com\/v15\/se-realizo-con-exito-power-connect-experience-el-evento-de-enterprise-solutions\/","url":"https:\/\/www.quebakan.com\/v15\/se-realizo-con-exito-power-connect-experience-el-evento-de-enterprise-solutions\/","name":"Se realiz\u00f3 con \u00e9xito \u201cPower Connect Experience\u201d, el evento de Enterprise Solutions &#8211; QUEBAKAN.COM 2026: Noticias, Eventos, Conciertos y mucho m\u00e1s....","isPartOf":{"@id":"https:\/\/www.quebakan.com\/v15\/#website"},"primaryImageOfPage":{"@id":"https:\/\/www.quebakan.com\/v15\/se-realizo-con-exito-power-connect-experience-el-evento-de-enterprise-solutions\/#primaryimage"},"image":{"@id":"https:\/\/www.quebakan.com\/v15\/se-realizo-con-exito-power-connect-experience-el-evento-de-enterprise-solutions\/#primaryimage"},"thumbnailUrl":"https:\/\/www.quebakan.com\/v15\/wp-content\/uploads\/2025\/08\/Guido-Mondaca-Eduardo-Pinillos-Adriana-Rami\u0301rez-Jhon-Richard-Marti\u0301n-Marianela-Suco-Walter-Barnes-director-de-b-otro-plan-y-Jorge-Go.jpg","datePublished":"2025-08-13T05:52:02+00:00","breadcrumb":{"@id":"https:\/\/www.quebakan.com\/v15\/se-realizo-con-exito-power-connect-experience-el-evento-de-enterprise-solutions\/#breadcrumb"},"inLanguage":"es","potentialAction":[{"@type":"ReadAction","target":["https:\/\/www.quebakan.com\/v15\/se-realizo-con-exito-power-connect-experience-el-evento-de-enterprise-solutions\/"]}]},{"@type":"ImageObject","inLanguage":"es","@id":"https:\/\/www.quebakan.com\/v15\/se-realizo-con-exito-power-connect-experience-el-evento-de-enterprise-solutions\/#primaryimage","url":"https:\/\/www.quebakan.com\/v15\/wp-content\/uploads\/2025\/08\/Guido-Mondaca-Eduardo-Pinillos-Adriana-Rami\u0301rez-Jhon-Richard-Marti\u0301n-Marianela-Suco-Walter-Barnes-director-de-b-otro-plan-y-Jorge-Go.jpg","contentUrl":"https:\/\/www.quebakan.com\/v15\/wp-content\/uploads\/2025\/08\/Guido-Mondaca-Eduardo-Pinillos-Adriana-Rami\u0301rez-Jhon-Richard-Marti\u0301n-Marianela-Suco-Walter-Barnes-director-de-b-otro-plan-y-Jorge-Go.jpg","width":700,"height":525},{"@type":"BreadcrumbList","@id":"https:\/\/www.quebakan.com\/v15\/se-realizo-con-exito-power-connect-experience-el-evento-de-enterprise-solutions\/#breadcrumb","itemListElement":[{"@type":"ListItem","position":1,"name":"Portada","item":"https:\/\/www.quebakan.com\/v15\/"},{"@type":"ListItem","position":2,"name":"Se realiz\u00f3 con \u00e9xito \u201cPower Connect Experience\u201d, el evento de Enterprise Solutions"}]},{"@type":"WebSite","@id":"https:\/\/www.quebakan.com\/v15\/#website","url":"https:\/\/www.quebakan.com\/v15\/","name":"QUEBAKAN","description":"..","publisher":{"@id":"https:\/\/www.quebakan.com\/v15\/#organization"},"potentialAction":[{"@type":"SearchAction","target":{"@type":"EntryPoint","urlTemplate":"https:\/\/www.quebakan.com\/v15\/?s={search_term_string}"},"query-input":{"@type":"PropertyValueSpecification","valueRequired":true,"valueName":"search_term_string"}}],"inLanguage":"es"},{"@type":"Organization","@id":"https:\/\/www.quebakan.com\/v15\/#organization","name":"Quebakan.com","url":"https:\/\/www.quebakan.com\/v15\/","logo":{"@type":"ImageObject","inLanguage":"es","@id":"https:\/\/www.quebakan.com\/v15\/#\/schema\/logo\/image\/","url":"https:\/\/www.quebakan.com\/v15\/wp-content\/uploads\/2023\/07\/logoquebakanenero2021.jpg","contentUrl":"https:\/\/www.quebakan.com\/v15\/wp-content\/uploads\/2023\/07\/logoquebakanenero2021.jpg","width":1920,"height":1080,"caption":"Quebakan.com"},"image":{"@id":"https:\/\/www.quebakan.com\/v15\/#\/schema\/logo\/image\/"},"sameAs":["http:\/\/www.facebook.com\/quebakan","https:\/\/x.com\/quebakanec","http:\/\/www.instagram.com\/quebakan","http:\/\/www.youtube.com\/quebakan1"]},{"@type":"Person","@id":"https:\/\/www.quebakan.com\/v15\/#\/schema\/person\/d90fa9f9cfa81eb8ace9811e5b7b9118","name":"Erick Villafuerte","image":{"@type":"ImageObject","inLanguage":"es","@id":"https:\/\/www.quebakan.com\/v15\/wp-content\/uploads\/avatars\/4\/1731297654-bpfull.png","url":"https:\/\/www.quebakan.com\/v15\/wp-content\/uploads\/avatars\/4\/1731297654-bpfull.png","contentUrl":"https:\/\/www.quebakan.com\/v15\/wp-content\/uploads\/avatars\/4\/1731297654-bpfull.png","caption":"Erick Villafuerte"}}]}},"_links":{"self":[{"href":"https:\/\/www.quebakan.com\/v15\/wp-json\/wp\/v2\/posts\/134199","targetHints":{"allow":["GET"]}}],"collection":[{"href":"https:\/\/www.quebakan.com\/v15\/wp-json\/wp\/v2\/posts"}],"about":[{"href":"https:\/\/www.quebakan.com\/v15\/wp-json\/wp\/v2\/types\/post"}],"author":[{"embeddable":true,"href":"https:\/\/www.quebakan.com\/v15\/wp-json\/wp\/v2\/users\/4"}],"replies":[{"embeddable":true,"href":"https:\/\/www.quebakan.com\/v15\/wp-json\/wp\/v2\/comments?post=134199"}],"version-history":[{"count":1,"href":"https:\/\/www.quebakan.com\/v15\/wp-json\/wp\/v2\/posts\/134199\/revisions"}],"predecessor-version":[{"id":134203,"href":"https:\/\/www.quebakan.com\/v15\/wp-json\/wp\/v2\/posts\/134199\/revisions\/134203"}],"wp:featuredmedia":[{"embeddable":true,"href":"https:\/\/www.quebakan.com\/v15\/wp-json\/wp\/v2\/media\/134200"}],"wp:attachment":[{"href":"https:\/\/www.quebakan.com\/v15\/wp-json\/wp\/v2\/media?parent=134199"}],"wp:term":[{"taxonomy":"category","embeddable":true,"href":"https:\/\/www.quebakan.com\/v15\/wp-json\/wp\/v2\/categories?post=134199"},{"taxonomy":"post_tag","embeddable":true,"href":"https:\/\/www.quebakan.com\/v15\/wp-json\/wp\/v2\/tags?post=134199"}],"curies":[{"name":"wp","href":"https:\/\/api.w.org\/{rel}","templated":true}]}}