{"id":135291,"date":"2025-09-17T11:20:14","date_gmt":"2025-09-17T16:20:14","guid":{"rendered":"https:\/\/www.quebakan.com\/v15\/?p=135291"},"modified":"2025-09-17T11:20:14","modified_gmt":"2025-09-17T16:20:14","slug":"sambito-reconocio-a-mas-de-80-empresas-que-gestionan-su-huella-de-carbono","status":"publish","type":"post","link":"https:\/\/www.quebakan.com\/v15\/sambito-reconocio-a-mas-de-80-empresas-que-gestionan-su-huella-de-carbono\/","title":{"rendered":"SAMBITO RECONOCI\u00d3 A M\u00c1S DE 80 EMPRESAS QUE GESTIONAN SU HUELLA DE CARBONO"},"content":{"rendered":"<p dir=\"ltr\"><img fetchpriority=\"high\" decoding=\"async\" class=\"aligncenter size-full wp-image-135292\" src=\"https:\/\/www.quebakan.com\/v15\/wp-content\/uploads\/2025\/09\/DSC_8865-1.jpg\" alt=\"\" width=\"700\" height=\"467\" \/><\/p>\n<p dir=\"ltr\" style=\"text-align: justify;\"><span style=\"color: #000000;\">En un evento clave para la sostenibilidad del pa\u00eds, denominado \u00abC\u00edrculo del Olivo, SAMBITO, consultora ambiental con 23 a\u00f1os de trayectoria\u00bb, otorg\u00f3 el reconocimiento de \u201cUn Olivo\u201d a 84 empresas por sus avances en la gesti\u00f3n de la huella de carbono. Junto a importantes autoridades, SAMBITO celebr\u00f3 los logros en descarbonizaci\u00f3n de estas empresas para fomentar una comunidad de colaboraci\u00f3n comprometida con el futuro ambiental de Ecuador.<\/span><\/p>\n<p dir=\"ltr\" style=\"text-align: justify;\"><span style=\"color: #000000;\">El evento cont\u00f3 con la distinguida presencia de la\u00a0Ministra de Ambiente, Agua y Transici\u00f3n Ecol\u00f3gica, Mar\u00eda Luisa Cruz,\u00a0quien\u00a0destac\u00f3 la importancia de la colaboraci\u00f3n p\u00fablico-privada para alcanzar los objetivos de sostenibilidad del pa\u00eds.<\/span><\/p>\n<p dir=\"ltr\" style=\"text-align: justify;\"><span style=\"color: #000000;\">\u00abC\u00edrculo del Olivo\u00bb es una comunidad de organizaciones que se apoyan mutuamente para medir, reducir y compensar sus impactos ambientales.\u00a0Con esta iniciativa, SAMBITO reafirma su visi\u00f3n de empoderar a las empresas, demostrando que la sostenibilidad es una estrategia de negocio inteligente y rentable. La consultora se enfoca en identificar oportunidades de optimizaci\u00f3n dentro de las organizaciones, ofreciendo herramientas de mejora continua, alineadas a sus propias metas.<\/span><\/p>\n<p dir=\"ltr\" style=\"text-align: justify;\"><span style=\"color: #000000;\">Jos\u00e9 Javier Guarderas, CEO de SAMBITO, resalt\u00f3 la misi\u00f3n de la empresa diciendo:<\/span><\/p>\n<p dir=\"ltr\" style=\"text-align: justify;\"><span style=\"color: #000000;\">\u201cTrabajamos con un prop\u00f3sito claro: que cada empresa cuente con capacidades reales para medir, reducir y compensar su impacto. Nuestro compromiso es acompa\u00f1ar con metodolog\u00eda, evidencia t\u00e9cnica y seguimiento continuo. El C\u00edrculo del Olivo es el espacio que ponemos al servicio de las empresas y del pa\u00eds para transformar la manera de hacer empresa en Ecuador. La carbono-neutralidad es posible. Es una responsabilidad. Y puede incrementar nuestra rentabilidad. Pero solo lo lograremos trabajando en comunidad\u201d<\/span><\/p>\n<p dir=\"ltr\" style=\"text-align: justify;\"><span style=\"color: #000000;\">Por su parte, el Alcalde de Samborond\u00f3n,\u00a0Juan Jos\u00e9 Y\u00fanez, tambi\u00e9n presente en la jornada, resalt\u00f3 el compromiso del municipio por apoyar las iniciativas del sector privado que contribuyen al desarrollo sostenible del cant\u00f3n.<\/span><\/p>\n<p dir=\"ltr\" style=\"text-align: justify;\"><span style=\"color: #000000;\">Seg\u00fan la ONU (UNFCCC), la acci\u00f3n clim\u00e1tica se potencia cuando todos los actores \u2014incluido el sector privado\u2014 se movilizan para fortalecer la colaboraci\u00f3n, la transparencia y la rendici\u00f3n de cuentas.<\/span><\/p>\n<p dir=\"ltr\"><img decoding=\"async\" class=\"aligncenter size-full wp-image-135293\" src=\"https:\/\/www.quebakan.com\/v15\/wp-content\/uploads\/2025\/09\/DSC_8643-1.jpg\" alt=\"\" width=\"700\" height=\"467\" \/><\/p>\n<p dir=\"ltr\">\n<p dir=\"ltr\"><img decoding=\"async\" class=\"aligncenter size-full wp-image-135294\" src=\"https:\/\/www.quebakan.com\/v15\/wp-content\/uploads\/2025\/09\/DSC00414-1.jpg\" alt=\"\" width=\"700\" height=\"467\" \/><\/p>\n","protected":false},"excerpt":{"rendered":"<p>En un evento clave para la sostenibilidad del pa\u00eds, denominado \u00abC\u00edrculo del Olivo, SAMBITO, consultora ambiental con 23 a\u00f1os de trayectoria\u00bb, otorg\u00f3 el reconocimiento de \u201cUn Olivo\u201d a 84 empresas por sus avances en la gesti\u00f3n de la huella de carbono. Junto a importantes autoridades, SAMBITO celebr\u00f3 los logros en descarbonizaci\u00f3n de estas empresas para [&hellip;]<\/p>\n","protected":false},"author":4,"featured_media":135292,"comment_status":"closed","ping_status":"closed","sticky":false,"template":"","format":"standard","meta":{"_bbp_topic_count":0,"_bbp_reply_count":0,"_bbp_total_topic_count":0,"_bbp_total_reply_count":0,"_bbp_voice_count":0,"_bbp_anonymous_reply_count":0,"_bbp_topic_count_hidden":0,"_bbp_reply_count_hidden":0,"_bbp_forum_subforum_count":0,"buzzeditor_post_format":"","footnotes":""},"categories":[2],"tags":[],"class_list":["post-135291","post","type-post","status-publish","format-standard","has-post-thumbnail","hentry","category-noticias"],"yoast_head":"<!-- This site is optimized with the Yoast SEO plugin v27.5 - https:\/\/yoast.com\/product\/yoast-seo-wordpress\/ -->\n<title>SAMBITO RECONOCI\u00d3 A M\u00c1S DE 80 EMPRESAS QUE GESTIONAN SU HUELLA DE CARBONO &#8211; QUEBAKAN.COM 2026: Noticias, Eventos, Conciertos y mucho m\u00e1s....<\/title>\n<meta name=\"robots\" content=\"index, follow, max-snippet:-1, max-image-preview:large, max-video-preview:-1\" \/>\n<link rel=\"canonical\" href=\"https:\/\/www.quebakan.com\/v15\/sambito-reconocio-a-mas-de-80-empresas-que-gestionan-su-huella-de-carbono\/\" \/>\n<meta property=\"og:locale\" content=\"es_ES\" \/>\n<meta property=\"og:type\" content=\"article\" \/>\n<meta property=\"og:title\" content=\"SAMBITO RECONOCI\u00d3 A M\u00c1S DE 80 EMPRESAS QUE GESTIONAN SU HUELLA DE CARBONO &#8211; QUEBAKAN.COM 2026: Noticias, Eventos, Conciertos y mucho m\u00e1s....\" \/>\n<meta property=\"og:description\" content=\"En un evento clave para la sostenibilidad del pa\u00eds, denominado \u00abC\u00edrculo del Olivo, SAMBITO, consultora ambiental con 23 a\u00f1os de trayectoria\u00bb, otorg\u00f3 el reconocimiento de \u201cUn Olivo\u201d a 84 empresas por sus avances en la gesti\u00f3n de la huella de carbono. Junto a importantes autoridades, SAMBITO celebr\u00f3 los logros en descarbonizaci\u00f3n de estas empresas para [&hellip;]\" \/>\n<meta property=\"og:url\" content=\"https:\/\/www.quebakan.com\/v15\/sambito-reconocio-a-mas-de-80-empresas-que-gestionan-su-huella-de-carbono\/\" \/>\n<meta property=\"og:site_name\" content=\"QUEBAKAN.COM 2026: Noticias, Eventos, Conciertos y mucho m\u00e1s....\" \/>\n<meta property=\"article:publisher\" content=\"http:\/\/www.facebook.com\/quebakan\" \/>\n<meta property=\"article:published_time\" content=\"2025-09-17T16:20:14+00:00\" \/>\n<meta property=\"og:image\" content=\"https:\/\/www.quebakan.com\/v15\/wp-content\/uploads\/2025\/09\/DSC_8865-1.jpg\" \/>\n\t<meta property=\"og:image:width\" content=\"700\" \/>\n\t<meta property=\"og:image:height\" content=\"467\" \/>\n\t<meta property=\"og:image:type\" content=\"image\/jpeg\" \/>\n<meta name=\"author\" content=\"Erick Villafuerte\" \/>\n<meta name=\"twitter:card\" content=\"summary_large_image\" \/>\n<meta name=\"twitter:creator\" content=\"@quebakanec\" \/>\n<meta name=\"twitter:site\" content=\"@quebakanec\" \/>\n<meta name=\"twitter:label1\" content=\"Escrito por\" \/>\n\t<meta name=\"twitter:data1\" content=\"Erick Villafuerte\" \/>\n\t<meta name=\"twitter:label2\" content=\"Tiempo de lectura\" \/>\n\t<meta name=\"twitter:data2\" content=\"3 minutos\" \/>\n<script type=\"application\/ld+json\" class=\"yoast-schema-graph\">{\"@context\":\"https:\\\/\\\/schema.org\",\"@graph\":[{\"@type\":\"Article\",\"@id\":\"https:\\\/\\\/www.quebakan.com\\\/v15\\\/sambito-reconocio-a-mas-de-80-empresas-que-gestionan-su-huella-de-carbono\\\/#article\",\"isPartOf\":{\"@id\":\"https:\\\/\\\/www.quebakan.com\\\/v15\\\/sambito-reconocio-a-mas-de-80-empresas-que-gestionan-su-huella-de-carbono\\\/\"},\"author\":{\"name\":\"Erick Villafuerte\",\"@id\":\"https:\\\/\\\/www.quebakan.com\\\/v15\\\/#\\\/schema\\\/person\\\/d90fa9f9cfa81eb8ace9811e5b7b9118\"},\"headline\":\"SAMBITO RECONOCI\u00d3 A M\u00c1S DE 80 EMPRESAS QUE GESTIONAN SU HUELLA DE CARBONO\",\"datePublished\":\"2025-09-17T16:20:14+00:00\",\"mainEntityOfPage\":{\"@id\":\"https:\\\/\\\/www.quebakan.com\\\/v15\\\/sambito-reconocio-a-mas-de-80-empresas-que-gestionan-su-huella-de-carbono\\\/\"},\"wordCount\":363,\"publisher\":{\"@id\":\"https:\\\/\\\/www.quebakan.com\\\/v15\\\/#organization\"},\"image\":{\"@id\":\"https:\\\/\\\/www.quebakan.com\\\/v15\\\/sambito-reconocio-a-mas-de-80-empresas-que-gestionan-su-huella-de-carbono\\\/#primaryimage\"},\"thumbnailUrl\":\"https:\\\/\\\/www.quebakan.com\\\/v15\\\/wp-content\\\/uploads\\\/2025\\\/09\\\/DSC_8865-1.jpg\",\"articleSection\":[\"Noticias\"],\"inLanguage\":\"es\"},{\"@type\":\"WebPage\",\"@id\":\"https:\\\/\\\/www.quebakan.com\\\/v15\\\/sambito-reconocio-a-mas-de-80-empresas-que-gestionan-su-huella-de-carbono\\\/\",\"url\":\"https:\\\/\\\/www.quebakan.com\\\/v15\\\/sambito-reconocio-a-mas-de-80-empresas-que-gestionan-su-huella-de-carbono\\\/\",\"name\":\"SAMBITO RECONOCI\u00d3 A M\u00c1S DE 80 EMPRESAS QUE GESTIONAN SU HUELLA DE CARBONO &#8211; QUEBAKAN.COM 2026: Noticias, Eventos, Conciertos y mucho m\u00e1s....\",\"isPartOf\":{\"@id\":\"https:\\\/\\\/www.quebakan.com\\\/v15\\\/#website\"},\"primaryImageOfPage\":{\"@id\":\"https:\\\/\\\/www.quebakan.com\\\/v15\\\/sambito-reconocio-a-mas-de-80-empresas-que-gestionan-su-huella-de-carbono\\\/#primaryimage\"},\"image\":{\"@id\":\"https:\\\/\\\/www.quebakan.com\\\/v15\\\/sambito-reconocio-a-mas-de-80-empresas-que-gestionan-su-huella-de-carbono\\\/#primaryimage\"},\"thumbnailUrl\":\"https:\\\/\\\/www.quebakan.com\\\/v15\\\/wp-content\\\/uploads\\\/2025\\\/09\\\/DSC_8865-1.jpg\",\"datePublished\":\"2025-09-17T16:20:14+00:00\",\"breadcrumb\":{\"@id\":\"https:\\\/\\\/www.quebakan.com\\\/v15\\\/sambito-reconocio-a-mas-de-80-empresas-que-gestionan-su-huella-de-carbono\\\/#breadcrumb\"},\"inLanguage\":\"es\",\"potentialAction\":[{\"@type\":\"ReadAction\",\"target\":[\"https:\\\/\\\/www.quebakan.com\\\/v15\\\/sambito-reconocio-a-mas-de-80-empresas-que-gestionan-su-huella-de-carbono\\\/\"]}]},{\"@type\":\"ImageObject\",\"inLanguage\":\"es\",\"@id\":\"https:\\\/\\\/www.quebakan.com\\\/v15\\\/sambito-reconocio-a-mas-de-80-empresas-que-gestionan-su-huella-de-carbono\\\/#primaryimage\",\"url\":\"https:\\\/\\\/www.quebakan.com\\\/v15\\\/wp-content\\\/uploads\\\/2025\\\/09\\\/DSC_8865-1.jpg\",\"contentUrl\":\"https:\\\/\\\/www.quebakan.com\\\/v15\\\/wp-content\\\/uploads\\\/2025\\\/09\\\/DSC_8865-1.jpg\",\"width\":700,\"height\":467},{\"@type\":\"BreadcrumbList\",\"@id\":\"https:\\\/\\\/www.quebakan.com\\\/v15\\\/sambito-reconocio-a-mas-de-80-empresas-que-gestionan-su-huella-de-carbono\\\/#breadcrumb\",\"itemListElement\":[{\"@type\":\"ListItem\",\"position\":1,\"name\":\"Portada\",\"item\":\"https:\\\/\\\/www.quebakan.com\\\/v15\\\/\"},{\"@type\":\"ListItem\",\"position\":2,\"name\":\"SAMBITO RECONOCI\u00d3 A M\u00c1S DE 80 EMPRESAS QUE GESTIONAN SU HUELLA DE CARBONO\"}]},{\"@type\":\"WebSite\",\"@id\":\"https:\\\/\\\/www.quebakan.com\\\/v15\\\/#website\",\"url\":\"https:\\\/\\\/www.quebakan.com\\\/v15\\\/\",\"name\":\"QUEBAKAN\",\"description\":\"..\",\"publisher\":{\"@id\":\"https:\\\/\\\/www.quebakan.com\\\/v15\\\/#organization\"},\"potentialAction\":[{\"@type\":\"SearchAction\",\"target\":{\"@type\":\"EntryPoint\",\"urlTemplate\":\"https:\\\/\\\/www.quebakan.com\\\/v15\\\/?s={search_term_string}\"},\"query-input\":{\"@type\":\"PropertyValueSpecification\",\"valueRequired\":true,\"valueName\":\"search_term_string\"}}],\"inLanguage\":\"es\"},{\"@type\":\"Organization\",\"@id\":\"https:\\\/\\\/www.quebakan.com\\\/v15\\\/#organization\",\"name\":\"Quebakan.com\",\"url\":\"https:\\\/\\\/www.quebakan.com\\\/v15\\\/\",\"logo\":{\"@type\":\"ImageObject\",\"inLanguage\":\"es\",\"@id\":\"https:\\\/\\\/www.quebakan.com\\\/v15\\\/#\\\/schema\\\/logo\\\/image\\\/\",\"url\":\"https:\\\/\\\/www.quebakan.com\\\/v15\\\/wp-content\\\/uploads\\\/2023\\\/07\\\/logoquebakanenero2021.jpg\",\"contentUrl\":\"https:\\\/\\\/www.quebakan.com\\\/v15\\\/wp-content\\\/uploads\\\/2023\\\/07\\\/logoquebakanenero2021.jpg\",\"width\":1920,\"height\":1080,\"caption\":\"Quebakan.com\"},\"image\":{\"@id\":\"https:\\\/\\\/www.quebakan.com\\\/v15\\\/#\\\/schema\\\/logo\\\/image\\\/\"},\"sameAs\":[\"http:\\\/\\\/www.facebook.com\\\/quebakan\",\"https:\\\/\\\/x.com\\\/quebakanec\",\"http:\\\/\\\/www.instagram.com\\\/quebakan\",\"http:\\\/\\\/www.youtube.com\\\/quebakan1\"]},{\"@type\":\"Person\",\"@id\":\"https:\\\/\\\/www.quebakan.com\\\/v15\\\/#\\\/schema\\\/person\\\/d90fa9f9cfa81eb8ace9811e5b7b9118\",\"name\":\"Erick Villafuerte\",\"image\":{\"@type\":\"ImageObject\",\"inLanguage\":\"es\",\"@id\":\"https:\\\/\\\/www.quebakan.com\\\/v15\\\/wp-content\\\/uploads\\\/avatars\\\/4\\\/1731297654-bpfull.png\",\"url\":\"https:\\\/\\\/www.quebakan.com\\\/v15\\\/wp-content\\\/uploads\\\/avatars\\\/4\\\/1731297654-bpfull.png\",\"contentUrl\":\"https:\\\/\\\/www.quebakan.com\\\/v15\\\/wp-content\\\/uploads\\\/avatars\\\/4\\\/1731297654-bpfull.png\",\"caption\":\"Erick Villafuerte\"}}]}<\/script>\n<!-- \/ Yoast SEO plugin. -->","yoast_head_json":{"title":"SAMBITO RECONOCI\u00d3 A M\u00c1S DE 80 EMPRESAS QUE GESTIONAN SU HUELLA DE CARBONO &#8211; QUEBAKAN.COM 2026: Noticias, Eventos, Conciertos y mucho m\u00e1s....","robots":{"index":"index","follow":"follow","max-snippet":"max-snippet:-1","max-image-preview":"max-image-preview:large","max-video-preview":"max-video-preview:-1"},"canonical":"https:\/\/www.quebakan.com\/v15\/sambito-reconocio-a-mas-de-80-empresas-que-gestionan-su-huella-de-carbono\/","og_locale":"es_ES","og_type":"article","og_title":"SAMBITO RECONOCI\u00d3 A M\u00c1S DE 80 EMPRESAS QUE GESTIONAN SU HUELLA DE CARBONO &#8211; QUEBAKAN.COM 2026: Noticias, Eventos, Conciertos y mucho m\u00e1s....","og_description":"En un evento clave para la sostenibilidad del pa\u00eds, denominado \u00abC\u00edrculo del Olivo, SAMBITO, consultora ambiental con 23 a\u00f1os de trayectoria\u00bb, otorg\u00f3 el reconocimiento de \u201cUn Olivo\u201d a 84 empresas por sus avances en la gesti\u00f3n de la huella de carbono. Junto a importantes autoridades, SAMBITO celebr\u00f3 los logros en descarbonizaci\u00f3n de estas empresas para [&hellip;]","og_url":"https:\/\/www.quebakan.com\/v15\/sambito-reconocio-a-mas-de-80-empresas-que-gestionan-su-huella-de-carbono\/","og_site_name":"QUEBAKAN.COM 2026: Noticias, Eventos, Conciertos y mucho m\u00e1s....","article_publisher":"http:\/\/www.facebook.com\/quebakan","article_published_time":"2025-09-17T16:20:14+00:00","og_image":[{"width":700,"height":467,"url":"https:\/\/www.quebakan.com\/v15\/wp-content\/uploads\/2025\/09\/DSC_8865-1.jpg","type":"image\/jpeg"}],"author":"Erick Villafuerte","twitter_card":"summary_large_image","twitter_creator":"@quebakanec","twitter_site":"@quebakanec","twitter_misc":{"Escrito por":"Erick Villafuerte","Tiempo de lectura":"3 minutos"},"schema":{"@context":"https:\/\/schema.org","@graph":[{"@type":"Article","@id":"https:\/\/www.quebakan.com\/v15\/sambito-reconocio-a-mas-de-80-empresas-que-gestionan-su-huella-de-carbono\/#article","isPartOf":{"@id":"https:\/\/www.quebakan.com\/v15\/sambito-reconocio-a-mas-de-80-empresas-que-gestionan-su-huella-de-carbono\/"},"author":{"name":"Erick Villafuerte","@id":"https:\/\/www.quebakan.com\/v15\/#\/schema\/person\/d90fa9f9cfa81eb8ace9811e5b7b9118"},"headline":"SAMBITO RECONOCI\u00d3 A M\u00c1S DE 80 EMPRESAS QUE GESTIONAN SU HUELLA DE CARBONO","datePublished":"2025-09-17T16:20:14+00:00","mainEntityOfPage":{"@id":"https:\/\/www.quebakan.com\/v15\/sambito-reconocio-a-mas-de-80-empresas-que-gestionan-su-huella-de-carbono\/"},"wordCount":363,"publisher":{"@id":"https:\/\/www.quebakan.com\/v15\/#organization"},"image":{"@id":"https:\/\/www.quebakan.com\/v15\/sambito-reconocio-a-mas-de-80-empresas-que-gestionan-su-huella-de-carbono\/#primaryimage"},"thumbnailUrl":"https:\/\/www.quebakan.com\/v15\/wp-content\/uploads\/2025\/09\/DSC_8865-1.jpg","articleSection":["Noticias"],"inLanguage":"es"},{"@type":"WebPage","@id":"https:\/\/www.quebakan.com\/v15\/sambito-reconocio-a-mas-de-80-empresas-que-gestionan-su-huella-de-carbono\/","url":"https:\/\/www.quebakan.com\/v15\/sambito-reconocio-a-mas-de-80-empresas-que-gestionan-su-huella-de-carbono\/","name":"SAMBITO RECONOCI\u00d3 A M\u00c1S DE 80 EMPRESAS QUE GESTIONAN SU HUELLA DE CARBONO &#8211; QUEBAKAN.COM 2026: Noticias, Eventos, Conciertos y mucho m\u00e1s....","isPartOf":{"@id":"https:\/\/www.quebakan.com\/v15\/#website"},"primaryImageOfPage":{"@id":"https:\/\/www.quebakan.com\/v15\/sambito-reconocio-a-mas-de-80-empresas-que-gestionan-su-huella-de-carbono\/#primaryimage"},"image":{"@id":"https:\/\/www.quebakan.com\/v15\/sambito-reconocio-a-mas-de-80-empresas-que-gestionan-su-huella-de-carbono\/#primaryimage"},"thumbnailUrl":"https:\/\/www.quebakan.com\/v15\/wp-content\/uploads\/2025\/09\/DSC_8865-1.jpg","datePublished":"2025-09-17T16:20:14+00:00","breadcrumb":{"@id":"https:\/\/www.quebakan.com\/v15\/sambito-reconocio-a-mas-de-80-empresas-que-gestionan-su-huella-de-carbono\/#breadcrumb"},"inLanguage":"es","potentialAction":[{"@type":"ReadAction","target":["https:\/\/www.quebakan.com\/v15\/sambito-reconocio-a-mas-de-80-empresas-que-gestionan-su-huella-de-carbono\/"]}]},{"@type":"ImageObject","inLanguage":"es","@id":"https:\/\/www.quebakan.com\/v15\/sambito-reconocio-a-mas-de-80-empresas-que-gestionan-su-huella-de-carbono\/#primaryimage","url":"https:\/\/www.quebakan.com\/v15\/wp-content\/uploads\/2025\/09\/DSC_8865-1.jpg","contentUrl":"https:\/\/www.quebakan.com\/v15\/wp-content\/uploads\/2025\/09\/DSC_8865-1.jpg","width":700,"height":467},{"@type":"BreadcrumbList","@id":"https:\/\/www.quebakan.com\/v15\/sambito-reconocio-a-mas-de-80-empresas-que-gestionan-su-huella-de-carbono\/#breadcrumb","itemListElement":[{"@type":"ListItem","position":1,"name":"Portada","item":"https:\/\/www.quebakan.com\/v15\/"},{"@type":"ListItem","position":2,"name":"SAMBITO RECONOCI\u00d3 A M\u00c1S DE 80 EMPRESAS QUE GESTIONAN SU HUELLA DE CARBONO"}]},{"@type":"WebSite","@id":"https:\/\/www.quebakan.com\/v15\/#website","url":"https:\/\/www.quebakan.com\/v15\/","name":"QUEBAKAN","description":"..","publisher":{"@id":"https:\/\/www.quebakan.com\/v15\/#organization"},"potentialAction":[{"@type":"SearchAction","target":{"@type":"EntryPoint","urlTemplate":"https:\/\/www.quebakan.com\/v15\/?s={search_term_string}"},"query-input":{"@type":"PropertyValueSpecification","valueRequired":true,"valueName":"search_term_string"}}],"inLanguage":"es"},{"@type":"Organization","@id":"https:\/\/www.quebakan.com\/v15\/#organization","name":"Quebakan.com","url":"https:\/\/www.quebakan.com\/v15\/","logo":{"@type":"ImageObject","inLanguage":"es","@id":"https:\/\/www.quebakan.com\/v15\/#\/schema\/logo\/image\/","url":"https:\/\/www.quebakan.com\/v15\/wp-content\/uploads\/2023\/07\/logoquebakanenero2021.jpg","contentUrl":"https:\/\/www.quebakan.com\/v15\/wp-content\/uploads\/2023\/07\/logoquebakanenero2021.jpg","width":1920,"height":1080,"caption":"Quebakan.com"},"image":{"@id":"https:\/\/www.quebakan.com\/v15\/#\/schema\/logo\/image\/"},"sameAs":["http:\/\/www.facebook.com\/quebakan","https:\/\/x.com\/quebakanec","http:\/\/www.instagram.com\/quebakan","http:\/\/www.youtube.com\/quebakan1"]},{"@type":"Person","@id":"https:\/\/www.quebakan.com\/v15\/#\/schema\/person\/d90fa9f9cfa81eb8ace9811e5b7b9118","name":"Erick Villafuerte","image":{"@type":"ImageObject","inLanguage":"es","@id":"https:\/\/www.quebakan.com\/v15\/wp-content\/uploads\/avatars\/4\/1731297654-bpfull.png","url":"https:\/\/www.quebakan.com\/v15\/wp-content\/uploads\/avatars\/4\/1731297654-bpfull.png","contentUrl":"https:\/\/www.quebakan.com\/v15\/wp-content\/uploads\/avatars\/4\/1731297654-bpfull.png","caption":"Erick Villafuerte"}}]}},"_links":{"self":[{"href":"https:\/\/www.quebakan.com\/v15\/wp-json\/wp\/v2\/posts\/135291","targetHints":{"allow":["GET"]}}],"collection":[{"href":"https:\/\/www.quebakan.com\/v15\/wp-json\/wp\/v2\/posts"}],"about":[{"href":"https:\/\/www.quebakan.com\/v15\/wp-json\/wp\/v2\/types\/post"}],"author":[{"embeddable":true,"href":"https:\/\/www.quebakan.com\/v15\/wp-json\/wp\/v2\/users\/4"}],"replies":[{"embeddable":true,"href":"https:\/\/www.quebakan.com\/v15\/wp-json\/wp\/v2\/comments?post=135291"}],"version-history":[{"count":1,"href":"https:\/\/www.quebakan.com\/v15\/wp-json\/wp\/v2\/posts\/135291\/revisions"}],"predecessor-version":[{"id":135295,"href":"https:\/\/www.quebakan.com\/v15\/wp-json\/wp\/v2\/posts\/135291\/revisions\/135295"}],"wp:featuredmedia":[{"embeddable":true,"href":"https:\/\/www.quebakan.com\/v15\/wp-json\/wp\/v2\/media\/135292"}],"wp:attachment":[{"href":"https:\/\/www.quebakan.com\/v15\/wp-json\/wp\/v2\/media?parent=135291"}],"wp:term":[{"taxonomy":"category","embeddable":true,"href":"https:\/\/www.quebakan.com\/v15\/wp-json\/wp\/v2\/categories?post=135291"},{"taxonomy":"post_tag","embeddable":true,"href":"https:\/\/www.quebakan.com\/v15\/wp-json\/wp\/v2\/tags?post=135291"}],"curies":[{"name":"wp","href":"https:\/\/api.w.org\/{rel}","templated":true}]}}