{"id":135296,"date":"2025-09-17T11:36:57","date_gmt":"2025-09-17T16:36:57","guid":{"rendered":"https:\/\/www.quebakan.com\/v15\/?p=135296"},"modified":"2025-09-17T11:36:57","modified_gmt":"2025-09-17T16:36:57","slug":"hm-nueva-coleccion-fall","status":"publish","type":"post","link":"https:\/\/www.quebakan.com\/v15\/hm-nueva-coleccion-fall\/","title":{"rendered":"H&#038;M NUEVA COLECCI\u00d3N FALL"},"content":{"rendered":"<p><img fetchpriority=\"high\" decoding=\"async\" class=\"aligncenter size-full wp-image-135297\" src=\"https:\/\/www.quebakan.com\/v15\/wp-content\/uploads\/2025\/09\/image001.jpg\" alt=\"\" width=\"700\" height=\"496\" srcset=\"https:\/\/www.quebakan.com\/v15\/wp-content\/uploads\/2025\/09\/image001.jpg 700w, https:\/\/www.quebakan.com\/v15\/wp-content\/uploads\/2025\/09\/image001-120x86.jpg 120w\" sizes=\"(max-width: 700px) 100vw, 700px\" \/><\/p>\n<p style=\"font-weight: 400; text-align: justify;\"><span style=\"color: #000000;\">H&amp;M presentar\u00e1 sus colecciones A\/W 2025 en la Semana de la Moda de Londres con una celebraci\u00f3n \u00fanica que rompe g\u00e9neros, estilo y expresi\u00f3n, con la participaci\u00f3n de\u00a0<strong>Alex Consani, Paloma Elsesser, Amelia Gray, Angelina Kendall y Sora Choi<\/strong>.<\/span><\/p>\n<p style=\"font-weight: 400; text-align: justify;\"><span style=\"color: #000000;\">Este septiembre, H&amp;M regresa a la Semana de la Moda de Londres con un showcase espectacular de sus colecciones m\u00e1s elevadas para la temporada Oto\u00f1o\/Invierno 2025.\u00a0<em>\u201cThe London Issue\u201d<\/em>\u00a0invitar\u00e1 a figuras de toda la comunidad de la moda a disfrutar de sesiones centradas en estilo, seguidas de un Fashion show h\u00edbrido que resalta la autoexpresi\u00f3n y la visi\u00f3n de dise\u00f1o de H&amp;M.<\/span><\/p>\n<p style=\"font-weight: 400; text-align: justify;\"><span style=\"color: #000000;\">Un equipo extraordinario de creativos visionarios se unir\u00e1 para curar este evento, incluyendo figuras que est\u00e1n definiendo la moda contempor\u00e1nea: desde la legendaria editora Katie Grand hasta el reconocido estilista Jacob K. Otras colaboraciones de distintas ramas culturales incluyen direcci\u00f3n de movimiento por Harry Alexander; dise\u00f1o de iluminaci\u00f3n y espacios por Matiere Noire; visuales del show por el estudio creativo Special Offer, y direcci\u00f3n musical a cargo de los productores electr\u00f3nicos David y Stephen Dewaele, de Soulwax &amp; 2manydjs.\u00a0<em>The London Issue<\/em>\u00a0ha sido liderado por la agencia creativa Kennedy. El talento para el show incluir\u00e1 a Alex Consani, Paloma Elsesser, Amelia Gray, Angelina Kendall and Sora Choi.<\/span><\/p>\n<p style=\"font-weight: 400; text-align: justify;\"><span style=\"color: #000000;\"><em>\u201cEn H&amp;M creemos en ofrecer un escenario para la creatividad en todas sus formas. Estamos emocionados de colaborar con tantos l\u00edderes de la industria y fuerzas creativas incre\u00edbles que est\u00e1n redefiniendo la autoexpresi\u00f3n y el estilo innovador\u201d,<\/em>\u00a0comenta Ann-Sofie Johansson, Head of Design &amp; Creative Advisor de H&amp;M.<\/span><\/p>\n<p style=\"font-weight: 400; text-align: justify;\"><span style=\"color: #000000;\">Siguiendo el esp\u00edritu de inclusi\u00f3n y colaboraci\u00f3n que siempre ha definido a H&amp;M,\u00a0<em>The London Issue<\/em>\u00a0\u2013como la mayor\u00eda de los eventos recientes de H&amp;M\u2013 estar\u00e1 abierto al p\u00fablico. Los boletos para el programa de charlas y talleres de moda, as\u00ed como para el show h\u00edbrido, estar\u00e1n disponibles a trav\u00e9s de enlaces en redes sociales.<\/span><\/p>\n<p style=\"font-weight: 400; text-align: justify;\"><span style=\"color: #000000;\">La colecci\u00f3n A\/W25 de H&amp;M se lanza en dos cap\u00edtulos. El primero se inspira en la revoluci\u00f3n cultural del Reino Unido a finales de los 90, cuando un grupo de creativos, artistas, m\u00fasicos e \u00edconos del estilo rompieron barreras y redefinieron la autoexpresi\u00f3n y la actitud. Modelos del momento como Mona Tougaard, Vittoria Ceretti, Alex Consani, Sora Choi y Angelina Kendall protagonizan la campa\u00f1a, con styling de Jacob K y fotografiadas en Londres por Anthony Seklaoui y Mitch Ryan.<\/span><\/p>\n<p style=\"font-weight: 400; text-align: justify;\"><span style=\"color: #000000;\"><em>\u201cLa colecci\u00f3n A\/W25 est\u00e1 llena de referencias: desde el Britpop hasta los \u00edconos de la moda de los 90. Es una celebraci\u00f3n de la cultura, el estilo, la m\u00fasica, el arte y el esp\u00edritu rebelde de Londres. Y dado que el estilo brit\u00e1nico domin\u00f3 nuestro moodboard, es perfecto que esta celebraci\u00f3n especial ocurra durante la Semana de la Moda de Londres\u201d,<\/em>\u00a0comenta Eliana Masgalos, dise\u00f1adora de H&amp;M Womenswear.<\/span><\/p>\n<p style=\"font-weight: 400; text-align: justify;\"><span style=\"color: #000000;\">Ambos cap\u00edtulos de la colecci\u00f3n A\/W25 se presentar\u00e1n en el evento de LFW junto con la l\u00ednea H&amp;M Studio y la l\u00ednea de menswear H&amp;M Atelier. Este evento marca un regreso poderoso de H&amp;M a la Semana de la Moda de Londres, mostrando con fuerza sus colecciones. Tambi\u00e9n contin\u00faa la serie especial de megaeventos que H&amp;M ha realizado alrededor del mundo en el \u00faltimo a\u00f1o, incluyendo un festival en Los \u00c1ngeles para celebrar la temporada S\/S y presentaciones \u00fanicas de m\u00fasicos ic\u00f3nicos en Nueva York y Londres.<\/span><\/p>\n<p style=\"font-weight: 400; text-align: justify;\"><span style=\"color: #000000;\">El primer cap\u00edtulo de la colecci\u00f3n A\/W25 estar\u00e1 disponible en l\u00ednea y en tiendas a partir del\u00a0<strong>12 de septiembre de 2025<\/strong>.\u00a0<em>The London Issue<\/em>\u00a0se llevar\u00e1 a cabo el\u00a0<strong>18 de septiembre en 180 The Strand<\/strong>.<\/span><\/p>\n<p style=\"font-weight: 400; text-align: justify;\"><span style=\"color: #000000;\"><strong>H&amp;M&amp;180: The London Issue<\/strong><\/span><\/p>\n<p style=\"font-weight: 400; text-align: justify;\"><span style=\"color: #000000;\">Direcci\u00f3n Creativa: Katie Grand<\/span><\/p>\n<p style=\"font-weight: 400; text-align: justify;\"><span style=\"color: #000000;\">Styling: Jacob Kjeldgaard<\/span><\/p>\n<p style=\"font-weight: 400; text-align: justify;\"><span style=\"color: #000000;\">Casting: Piergiorgio Del Moro<\/span><\/p>\n<p style=\"font-weight: 400; text-align: justify;\"><span style=\"color: #000000;\">Direcci\u00f3n de Movimiento: Harry Alexander<\/span><\/p>\n<p style=\"font-weight: 400; text-align: justify;\"><span style=\"color: #000000;\">Maquillaje: Lucy Bridge<\/span><\/p>\n<p style=\"font-weight: 400; text-align: justify;\"><span style=\"color: #000000;\">Peinado: Damien Boissinot<\/span><\/p>\n<p style=\"font-weight: 400; text-align: justify;\"><span style=\"color: #000000;\">Nail Artist: Ama Quashie<\/span><\/p>\n<p style=\"font-weight: 400; text-align: justify;\"><span style=\"color: #000000;\">M\u00fasica: 2ManyDJs<\/span><\/p>\n<p style=\"font-weight: 400; text-align: justify;\"><span style=\"color: #000000;\">Dise\u00f1o de Iluminaci\u00f3n: Matiere Noire<\/span><\/p>\n<p style=\"font-weight: 400; text-align: justify;\"><span style=\"color: #000000;\">Animaci\u00f3n: Special Offer<\/span><\/p>\n<p><img decoding=\"async\" class=\"aligncenter size-full wp-image-135298\" src=\"https:\/\/www.quebakan.com\/v15\/wp-content\/uploads\/2025\/09\/image002.jpg\" alt=\"\" width=\"700\" height=\"495\" srcset=\"https:\/\/www.quebakan.com\/v15\/wp-content\/uploads\/2025\/09\/image002.jpg 700w, https:\/\/www.quebakan.com\/v15\/wp-content\/uploads\/2025\/09\/image002-120x86.jpg 120w\" sizes=\"(max-width: 700px) 100vw, 700px\" \/><\/p>\n<p>&nbsp;<\/p>\n<p><img decoding=\"async\" class=\"aligncenter size-full wp-image-135299\" src=\"https:\/\/www.quebakan.com\/v15\/wp-content\/uploads\/2025\/09\/image003.jpg\" alt=\"\" width=\"700\" height=\"467\" \/><\/p>\n","protected":false},"excerpt":{"rendered":"<p>H&amp;M presentar\u00e1 sus colecciones A\/W 2025 en la Semana de la Moda de Londres con una celebraci\u00f3n \u00fanica que rompe g\u00e9neros, estilo y expresi\u00f3n, con la participaci\u00f3n de\u00a0Alex Consani, Paloma Elsesser, Amelia Gray, Angelina Kendall y Sora Choi. Este septiembre, H&amp;M regresa a la Semana de la Moda de Londres con un showcase espectacular de [&hellip;]<\/p>\n","protected":false},"author":4,"featured_media":135297,"comment_status":"closed","ping_status":"closed","sticky":false,"template":"","format":"standard","meta":{"_bbp_topic_count":0,"_bbp_reply_count":0,"_bbp_total_topic_count":0,"_bbp_total_reply_count":0,"_bbp_voice_count":0,"_bbp_anonymous_reply_count":0,"_bbp_topic_count_hidden":0,"_bbp_reply_count_hidden":0,"_bbp_forum_subforum_count":0,"buzzeditor_post_format":"","footnotes":""},"categories":[2],"tags":[],"class_list":["post-135296","post","type-post","status-publish","format-standard","has-post-thumbnail","hentry","category-noticias"],"yoast_head":"<!-- This site is optimized with the Yoast SEO plugin v27.5 - https:\/\/yoast.com\/product\/yoast-seo-wordpress\/ -->\n<title>H&amp;M NUEVA COLECCI\u00d3N FALL &#8211; QUEBAKAN.COM 2026: Noticias, Eventos, Conciertos y mucho m\u00e1s....<\/title>\n<meta name=\"robots\" content=\"index, follow, max-snippet:-1, max-image-preview:large, max-video-preview:-1\" \/>\n<link rel=\"canonical\" href=\"https:\/\/www.quebakan.com\/v15\/hm-nueva-coleccion-fall\/\" \/>\n<meta property=\"og:locale\" content=\"es_ES\" \/>\n<meta property=\"og:type\" content=\"article\" \/>\n<meta property=\"og:title\" content=\"H&amp;M NUEVA COLECCI\u00d3N FALL &#8211; QUEBAKAN.COM 2026: Noticias, Eventos, Conciertos y mucho m\u00e1s....\" \/>\n<meta property=\"og:description\" content=\"H&amp;M presentar\u00e1 sus colecciones A\/W 2025 en la Semana de la Moda de Londres con una celebraci\u00f3n \u00fanica que rompe g\u00e9neros, estilo y expresi\u00f3n, con la participaci\u00f3n de\u00a0Alex Consani, Paloma Elsesser, Amelia Gray, Angelina Kendall y Sora Choi. Este septiembre, H&amp;M regresa a la Semana de la Moda de Londres con un showcase espectacular de [&hellip;]\" \/>\n<meta property=\"og:url\" content=\"https:\/\/www.quebakan.com\/v15\/hm-nueva-coleccion-fall\/\" \/>\n<meta property=\"og:site_name\" content=\"QUEBAKAN.COM 2026: Noticias, Eventos, Conciertos y mucho m\u00e1s....\" \/>\n<meta property=\"article:publisher\" content=\"http:\/\/www.facebook.com\/quebakan\" \/>\n<meta property=\"article:published_time\" content=\"2025-09-17T16:36:57+00:00\" \/>\n<meta property=\"og:image\" content=\"https:\/\/www.quebakan.com\/v15\/wp-content\/uploads\/2025\/09\/image001.jpg\" \/>\n\t<meta property=\"og:image:width\" content=\"700\" \/>\n\t<meta property=\"og:image:height\" content=\"496\" \/>\n\t<meta property=\"og:image:type\" content=\"image\/jpeg\" \/>\n<meta name=\"author\" content=\"Erick Villafuerte\" \/>\n<meta name=\"twitter:card\" content=\"summary_large_image\" \/>\n<meta name=\"twitter:creator\" content=\"@quebakanec\" \/>\n<meta name=\"twitter:site\" content=\"@quebakanec\" \/>\n<meta name=\"twitter:label1\" content=\"Escrito por\" \/>\n\t<meta name=\"twitter:data1\" content=\"Erick Villafuerte\" \/>\n\t<meta name=\"twitter:label2\" content=\"Tiempo de lectura\" \/>\n\t<meta name=\"twitter:data2\" content=\"4 minutos\" \/>\n<script type=\"application\/ld+json\" class=\"yoast-schema-graph\">{\"@context\":\"https:\\\/\\\/schema.org\",\"@graph\":[{\"@type\":\"Article\",\"@id\":\"https:\\\/\\\/www.quebakan.com\\\/v15\\\/hm-nueva-coleccion-fall\\\/#article\",\"isPartOf\":{\"@id\":\"https:\\\/\\\/www.quebakan.com\\\/v15\\\/hm-nueva-coleccion-fall\\\/\"},\"author\":{\"name\":\"Erick Villafuerte\",\"@id\":\"https:\\\/\\\/www.quebakan.com\\\/v15\\\/#\\\/schema\\\/person\\\/d90fa9f9cfa81eb8ace9811e5b7b9118\"},\"headline\":\"H&#038;M NUEVA COLECCI\u00d3N FALL\",\"datePublished\":\"2025-09-17T16:36:57+00:00\",\"mainEntityOfPage\":{\"@id\":\"https:\\\/\\\/www.quebakan.com\\\/v15\\\/hm-nueva-coleccion-fall\\\/\"},\"wordCount\":720,\"publisher\":{\"@id\":\"https:\\\/\\\/www.quebakan.com\\\/v15\\\/#organization\"},\"image\":{\"@id\":\"https:\\\/\\\/www.quebakan.com\\\/v15\\\/hm-nueva-coleccion-fall\\\/#primaryimage\"},\"thumbnailUrl\":\"https:\\\/\\\/www.quebakan.com\\\/v15\\\/wp-content\\\/uploads\\\/2025\\\/09\\\/image001.jpg\",\"articleSection\":[\"Noticias\"],\"inLanguage\":\"es\"},{\"@type\":\"WebPage\",\"@id\":\"https:\\\/\\\/www.quebakan.com\\\/v15\\\/hm-nueva-coleccion-fall\\\/\",\"url\":\"https:\\\/\\\/www.quebakan.com\\\/v15\\\/hm-nueva-coleccion-fall\\\/\",\"name\":\"H&M NUEVA COLECCI\u00d3N FALL &#8211; QUEBAKAN.COM 2026: Noticias, Eventos, Conciertos y mucho m\u00e1s....\",\"isPartOf\":{\"@id\":\"https:\\\/\\\/www.quebakan.com\\\/v15\\\/#website\"},\"primaryImageOfPage\":{\"@id\":\"https:\\\/\\\/www.quebakan.com\\\/v15\\\/hm-nueva-coleccion-fall\\\/#primaryimage\"},\"image\":{\"@id\":\"https:\\\/\\\/www.quebakan.com\\\/v15\\\/hm-nueva-coleccion-fall\\\/#primaryimage\"},\"thumbnailUrl\":\"https:\\\/\\\/www.quebakan.com\\\/v15\\\/wp-content\\\/uploads\\\/2025\\\/09\\\/image001.jpg\",\"datePublished\":\"2025-09-17T16:36:57+00:00\",\"breadcrumb\":{\"@id\":\"https:\\\/\\\/www.quebakan.com\\\/v15\\\/hm-nueva-coleccion-fall\\\/#breadcrumb\"},\"inLanguage\":\"es\",\"potentialAction\":[{\"@type\":\"ReadAction\",\"target\":[\"https:\\\/\\\/www.quebakan.com\\\/v15\\\/hm-nueva-coleccion-fall\\\/\"]}]},{\"@type\":\"ImageObject\",\"inLanguage\":\"es\",\"@id\":\"https:\\\/\\\/www.quebakan.com\\\/v15\\\/hm-nueva-coleccion-fall\\\/#primaryimage\",\"url\":\"https:\\\/\\\/www.quebakan.com\\\/v15\\\/wp-content\\\/uploads\\\/2025\\\/09\\\/image001.jpg\",\"contentUrl\":\"https:\\\/\\\/www.quebakan.com\\\/v15\\\/wp-content\\\/uploads\\\/2025\\\/09\\\/image001.jpg\",\"width\":700,\"height\":496},{\"@type\":\"BreadcrumbList\",\"@id\":\"https:\\\/\\\/www.quebakan.com\\\/v15\\\/hm-nueva-coleccion-fall\\\/#breadcrumb\",\"itemListElement\":[{\"@type\":\"ListItem\",\"position\":1,\"name\":\"Portada\",\"item\":\"https:\\\/\\\/www.quebakan.com\\\/v15\\\/\"},{\"@type\":\"ListItem\",\"position\":2,\"name\":\"H&#038;M NUEVA COLECCI\u00d3N FALL\"}]},{\"@type\":\"WebSite\",\"@id\":\"https:\\\/\\\/www.quebakan.com\\\/v15\\\/#website\",\"url\":\"https:\\\/\\\/www.quebakan.com\\\/v15\\\/\",\"name\":\"QUEBAKAN\",\"description\":\"..\",\"publisher\":{\"@id\":\"https:\\\/\\\/www.quebakan.com\\\/v15\\\/#organization\"},\"potentialAction\":[{\"@type\":\"SearchAction\",\"target\":{\"@type\":\"EntryPoint\",\"urlTemplate\":\"https:\\\/\\\/www.quebakan.com\\\/v15\\\/?s={search_term_string}\"},\"query-input\":{\"@type\":\"PropertyValueSpecification\",\"valueRequired\":true,\"valueName\":\"search_term_string\"}}],\"inLanguage\":\"es\"},{\"@type\":\"Organization\",\"@id\":\"https:\\\/\\\/www.quebakan.com\\\/v15\\\/#organization\",\"name\":\"Quebakan.com\",\"url\":\"https:\\\/\\\/www.quebakan.com\\\/v15\\\/\",\"logo\":{\"@type\":\"ImageObject\",\"inLanguage\":\"es\",\"@id\":\"https:\\\/\\\/www.quebakan.com\\\/v15\\\/#\\\/schema\\\/logo\\\/image\\\/\",\"url\":\"https:\\\/\\\/www.quebakan.com\\\/v15\\\/wp-content\\\/uploads\\\/2023\\\/07\\\/logoquebakanenero2021.jpg\",\"contentUrl\":\"https:\\\/\\\/www.quebakan.com\\\/v15\\\/wp-content\\\/uploads\\\/2023\\\/07\\\/logoquebakanenero2021.jpg\",\"width\":1920,\"height\":1080,\"caption\":\"Quebakan.com\"},\"image\":{\"@id\":\"https:\\\/\\\/www.quebakan.com\\\/v15\\\/#\\\/schema\\\/logo\\\/image\\\/\"},\"sameAs\":[\"http:\\\/\\\/www.facebook.com\\\/quebakan\",\"https:\\\/\\\/x.com\\\/quebakanec\",\"http:\\\/\\\/www.instagram.com\\\/quebakan\",\"http:\\\/\\\/www.youtube.com\\\/quebakan1\"]},{\"@type\":\"Person\",\"@id\":\"https:\\\/\\\/www.quebakan.com\\\/v15\\\/#\\\/schema\\\/person\\\/d90fa9f9cfa81eb8ace9811e5b7b9118\",\"name\":\"Erick Villafuerte\",\"image\":{\"@type\":\"ImageObject\",\"inLanguage\":\"es\",\"@id\":\"https:\\\/\\\/www.quebakan.com\\\/v15\\\/wp-content\\\/uploads\\\/avatars\\\/4\\\/1731297654-bpfull.png\",\"url\":\"https:\\\/\\\/www.quebakan.com\\\/v15\\\/wp-content\\\/uploads\\\/avatars\\\/4\\\/1731297654-bpfull.png\",\"contentUrl\":\"https:\\\/\\\/www.quebakan.com\\\/v15\\\/wp-content\\\/uploads\\\/avatars\\\/4\\\/1731297654-bpfull.png\",\"caption\":\"Erick Villafuerte\"}}]}<\/script>\n<!-- \/ Yoast SEO plugin. -->","yoast_head_json":{"title":"H&M NUEVA COLECCI\u00d3N FALL &#8211; QUEBAKAN.COM 2026: Noticias, Eventos, Conciertos y mucho m\u00e1s....","robots":{"index":"index","follow":"follow","max-snippet":"max-snippet:-1","max-image-preview":"max-image-preview:large","max-video-preview":"max-video-preview:-1"},"canonical":"https:\/\/www.quebakan.com\/v15\/hm-nueva-coleccion-fall\/","og_locale":"es_ES","og_type":"article","og_title":"H&M NUEVA COLECCI\u00d3N FALL &#8211; QUEBAKAN.COM 2026: Noticias, Eventos, Conciertos y mucho m\u00e1s....","og_description":"H&amp;M presentar\u00e1 sus colecciones A\/W 2025 en la Semana de la Moda de Londres con una celebraci\u00f3n \u00fanica que rompe g\u00e9neros, estilo y expresi\u00f3n, con la participaci\u00f3n de\u00a0Alex Consani, Paloma Elsesser, Amelia Gray, Angelina Kendall y Sora Choi. Este septiembre, H&amp;M regresa a la Semana de la Moda de Londres con un showcase espectacular de [&hellip;]","og_url":"https:\/\/www.quebakan.com\/v15\/hm-nueva-coleccion-fall\/","og_site_name":"QUEBAKAN.COM 2026: Noticias, Eventos, Conciertos y mucho m\u00e1s....","article_publisher":"http:\/\/www.facebook.com\/quebakan","article_published_time":"2025-09-17T16:36:57+00:00","og_image":[{"width":700,"height":496,"url":"https:\/\/www.quebakan.com\/v15\/wp-content\/uploads\/2025\/09\/image001.jpg","type":"image\/jpeg"}],"author":"Erick Villafuerte","twitter_card":"summary_large_image","twitter_creator":"@quebakanec","twitter_site":"@quebakanec","twitter_misc":{"Escrito por":"Erick Villafuerte","Tiempo de lectura":"4 minutos"},"schema":{"@context":"https:\/\/schema.org","@graph":[{"@type":"Article","@id":"https:\/\/www.quebakan.com\/v15\/hm-nueva-coleccion-fall\/#article","isPartOf":{"@id":"https:\/\/www.quebakan.com\/v15\/hm-nueva-coleccion-fall\/"},"author":{"name":"Erick Villafuerte","@id":"https:\/\/www.quebakan.com\/v15\/#\/schema\/person\/d90fa9f9cfa81eb8ace9811e5b7b9118"},"headline":"H&#038;M NUEVA COLECCI\u00d3N FALL","datePublished":"2025-09-17T16:36:57+00:00","mainEntityOfPage":{"@id":"https:\/\/www.quebakan.com\/v15\/hm-nueva-coleccion-fall\/"},"wordCount":720,"publisher":{"@id":"https:\/\/www.quebakan.com\/v15\/#organization"},"image":{"@id":"https:\/\/www.quebakan.com\/v15\/hm-nueva-coleccion-fall\/#primaryimage"},"thumbnailUrl":"https:\/\/www.quebakan.com\/v15\/wp-content\/uploads\/2025\/09\/image001.jpg","articleSection":["Noticias"],"inLanguage":"es"},{"@type":"WebPage","@id":"https:\/\/www.quebakan.com\/v15\/hm-nueva-coleccion-fall\/","url":"https:\/\/www.quebakan.com\/v15\/hm-nueva-coleccion-fall\/","name":"H&M NUEVA COLECCI\u00d3N FALL &#8211; QUEBAKAN.COM 2026: Noticias, Eventos, Conciertos y mucho m\u00e1s....","isPartOf":{"@id":"https:\/\/www.quebakan.com\/v15\/#website"},"primaryImageOfPage":{"@id":"https:\/\/www.quebakan.com\/v15\/hm-nueva-coleccion-fall\/#primaryimage"},"image":{"@id":"https:\/\/www.quebakan.com\/v15\/hm-nueva-coleccion-fall\/#primaryimage"},"thumbnailUrl":"https:\/\/www.quebakan.com\/v15\/wp-content\/uploads\/2025\/09\/image001.jpg","datePublished":"2025-09-17T16:36:57+00:00","breadcrumb":{"@id":"https:\/\/www.quebakan.com\/v15\/hm-nueva-coleccion-fall\/#breadcrumb"},"inLanguage":"es","potentialAction":[{"@type":"ReadAction","target":["https:\/\/www.quebakan.com\/v15\/hm-nueva-coleccion-fall\/"]}]},{"@type":"ImageObject","inLanguage":"es","@id":"https:\/\/www.quebakan.com\/v15\/hm-nueva-coleccion-fall\/#primaryimage","url":"https:\/\/www.quebakan.com\/v15\/wp-content\/uploads\/2025\/09\/image001.jpg","contentUrl":"https:\/\/www.quebakan.com\/v15\/wp-content\/uploads\/2025\/09\/image001.jpg","width":700,"height":496},{"@type":"BreadcrumbList","@id":"https:\/\/www.quebakan.com\/v15\/hm-nueva-coleccion-fall\/#breadcrumb","itemListElement":[{"@type":"ListItem","position":1,"name":"Portada","item":"https:\/\/www.quebakan.com\/v15\/"},{"@type":"ListItem","position":2,"name":"H&#038;M NUEVA COLECCI\u00d3N FALL"}]},{"@type":"WebSite","@id":"https:\/\/www.quebakan.com\/v15\/#website","url":"https:\/\/www.quebakan.com\/v15\/","name":"QUEBAKAN","description":"..","publisher":{"@id":"https:\/\/www.quebakan.com\/v15\/#organization"},"potentialAction":[{"@type":"SearchAction","target":{"@type":"EntryPoint","urlTemplate":"https:\/\/www.quebakan.com\/v15\/?s={search_term_string}"},"query-input":{"@type":"PropertyValueSpecification","valueRequired":true,"valueName":"search_term_string"}}],"inLanguage":"es"},{"@type":"Organization","@id":"https:\/\/www.quebakan.com\/v15\/#organization","name":"Quebakan.com","url":"https:\/\/www.quebakan.com\/v15\/","logo":{"@type":"ImageObject","inLanguage":"es","@id":"https:\/\/www.quebakan.com\/v15\/#\/schema\/logo\/image\/","url":"https:\/\/www.quebakan.com\/v15\/wp-content\/uploads\/2023\/07\/logoquebakanenero2021.jpg","contentUrl":"https:\/\/www.quebakan.com\/v15\/wp-content\/uploads\/2023\/07\/logoquebakanenero2021.jpg","width":1920,"height":1080,"caption":"Quebakan.com"},"image":{"@id":"https:\/\/www.quebakan.com\/v15\/#\/schema\/logo\/image\/"},"sameAs":["http:\/\/www.facebook.com\/quebakan","https:\/\/x.com\/quebakanec","http:\/\/www.instagram.com\/quebakan","http:\/\/www.youtube.com\/quebakan1"]},{"@type":"Person","@id":"https:\/\/www.quebakan.com\/v15\/#\/schema\/person\/d90fa9f9cfa81eb8ace9811e5b7b9118","name":"Erick Villafuerte","image":{"@type":"ImageObject","inLanguage":"es","@id":"https:\/\/www.quebakan.com\/v15\/wp-content\/uploads\/avatars\/4\/1731297654-bpfull.png","url":"https:\/\/www.quebakan.com\/v15\/wp-content\/uploads\/avatars\/4\/1731297654-bpfull.png","contentUrl":"https:\/\/www.quebakan.com\/v15\/wp-content\/uploads\/avatars\/4\/1731297654-bpfull.png","caption":"Erick Villafuerte"}}]}},"_links":{"self":[{"href":"https:\/\/www.quebakan.com\/v15\/wp-json\/wp\/v2\/posts\/135296","targetHints":{"allow":["GET"]}}],"collection":[{"href":"https:\/\/www.quebakan.com\/v15\/wp-json\/wp\/v2\/posts"}],"about":[{"href":"https:\/\/www.quebakan.com\/v15\/wp-json\/wp\/v2\/types\/post"}],"author":[{"embeddable":true,"href":"https:\/\/www.quebakan.com\/v15\/wp-json\/wp\/v2\/users\/4"}],"replies":[{"embeddable":true,"href":"https:\/\/www.quebakan.com\/v15\/wp-json\/wp\/v2\/comments?post=135296"}],"version-history":[{"count":1,"href":"https:\/\/www.quebakan.com\/v15\/wp-json\/wp\/v2\/posts\/135296\/revisions"}],"predecessor-version":[{"id":135300,"href":"https:\/\/www.quebakan.com\/v15\/wp-json\/wp\/v2\/posts\/135296\/revisions\/135300"}],"wp:featuredmedia":[{"embeddable":true,"href":"https:\/\/www.quebakan.com\/v15\/wp-json\/wp\/v2\/media\/135297"}],"wp:attachment":[{"href":"https:\/\/www.quebakan.com\/v15\/wp-json\/wp\/v2\/media?parent=135296"}],"wp:term":[{"taxonomy":"category","embeddable":true,"href":"https:\/\/www.quebakan.com\/v15\/wp-json\/wp\/v2\/categories?post=135296"},{"taxonomy":"post_tag","embeddable":true,"href":"https:\/\/www.quebakan.com\/v15\/wp-json\/wp\/v2\/tags?post=135296"}],"curies":[{"name":"wp","href":"https:\/\/api.w.org\/{rel}","templated":true}]}}