{"id":135316,"date":"2025-09-17T22:43:32","date_gmt":"2025-09-18T03:43:32","guid":{"rendered":"https:\/\/www.quebakan.com\/v15\/?p=135316"},"modified":"2025-09-17T22:43:32","modified_gmt":"2025-09-18T03:43:32","slug":"laboratorios-blanes-lidera-la-salud-integral-con-innovacion-local","status":"publish","type":"post","link":"https:\/\/www.quebakan.com\/v15\/laboratorios-blanes-lidera-la-salud-integral-con-innovacion-local\/","title":{"rendered":"LABORATORIOS BLANES LIDERA LA SALUD INTEGRAL CON INNOVACI\u00d3N LOCAL"},"content":{"rendered":"<p><img fetchpriority=\"high\" decoding=\"async\" class=\"aligncenter size-full wp-image-135317\" src=\"https:\/\/www.quebakan.com\/v15\/wp-content\/uploads\/2025\/09\/Image.jpg\" alt=\"\" width=\"700\" height=\"511\" \/><\/p>\n<p style=\"text-align: justify;\"><span style=\"color: #000000;\"><strong>Quito, martes 16 de septiembre.-<\/strong> Albert Calvet, CEO de Laboratorios Blanes, se reuni\u00f3 en la Asamblea Nacional con la asamble\u00edsta provincial de Manab\u00ed Besibell Mendoza y con Diana Blacio, asamble\u00edsta nacional y vicepresidenta de la Comisi\u00f3n Especializada Permanente del Derecho a la Salud y Deporte, para conversar acerca de la consolidaci\u00f3n de una industria ecuatoriana de suplementos sostenible, segura y basada en evidencia.<\/span><\/p>\n<p style=\"text-align: justify;\"><span style=\"color: #000000;\">El di\u00e1logo se desarroll\u00f3 en un clima de apertura y colaboraci\u00f3n. Como eje principal, se debati\u00f3 acerca del rol del sector de los suplementos en la salud p\u00fablica y en el desarrollo econ\u00f3mico del pa\u00eds. Albert insisti\u00f3 en la necesidad de elevar el est\u00e1ndar del mercado con f\u00f3rmulas terap\u00e9uticas reales que entreguen beneficios medibles a la poblaci\u00f3n.<\/span><\/p>\n<p style=\"text-align: justify;\"><span style=\"color: #000000;\">En la mesa se compartieron ejemplos de l\u00edneas formuladas bajo est\u00e1ndares internacionales de calidad, orientadas a necesidades concretas como salud metab\u00f3lica, manejo del estr\u00e9s y fortalecimiento muscular.<\/span><\/p>\n<p style=\"text-align: justify;\"><span style=\"color: #000000;\">La empresa con ra\u00edces manabitas, busca fortalecer la industria nacional y posicionar productos que aporten de manera real al bienestar de los ecuatorianos y mejoren su calidad de vida.<\/span><\/p>\n","protected":false},"excerpt":{"rendered":"<p>Quito, martes 16 de septiembre.- Albert Calvet, CEO de Laboratorios Blanes, se reuni\u00f3 en la Asamblea Nacional con la asamble\u00edsta provincial de Manab\u00ed Besibell Mendoza y con Diana Blacio, asamble\u00edsta nacional y vicepresidenta de la Comisi\u00f3n Especializada Permanente del Derecho a la Salud y Deporte, para conversar acerca de la consolidaci\u00f3n de una industria ecuatoriana [&hellip;]<\/p>\n","protected":false},"author":4,"featured_media":135317,"comment_status":"closed","ping_status":"closed","sticky":false,"template":"","format":"standard","meta":{"_bbp_topic_count":0,"_bbp_reply_count":0,"_bbp_total_topic_count":0,"_bbp_total_reply_count":0,"_bbp_voice_count":0,"_bbp_anonymous_reply_count":0,"_bbp_topic_count_hidden":0,"_bbp_reply_count_hidden":0,"_bbp_forum_subforum_count":0,"buzzeditor_post_format":"","footnotes":""},"categories":[2],"tags":[],"class_list":["post-135316","post","type-post","status-publish","format-standard","has-post-thumbnail","hentry","category-noticias"],"yoast_head":"<!-- This site is optimized with the Yoast SEO plugin v27.5 - https:\/\/yoast.com\/product\/yoast-seo-wordpress\/ -->\n<title>LABORATORIOS BLANES LIDERA LA SALUD INTEGRAL CON INNOVACI\u00d3N LOCAL &#8211; QUEBAKAN.COM 2026: Noticias, Eventos, Conciertos y mucho m\u00e1s....<\/title>\n<meta name=\"robots\" content=\"index, follow, max-snippet:-1, max-image-preview:large, max-video-preview:-1\" \/>\n<link rel=\"canonical\" href=\"https:\/\/www.quebakan.com\/v15\/laboratorios-blanes-lidera-la-salud-integral-con-innovacion-local\/\" \/>\n<meta property=\"og:locale\" content=\"es_ES\" \/>\n<meta property=\"og:type\" content=\"article\" \/>\n<meta property=\"og:title\" content=\"LABORATORIOS BLANES LIDERA LA SALUD INTEGRAL CON INNOVACI\u00d3N LOCAL &#8211; QUEBAKAN.COM 2026: Noticias, Eventos, Conciertos y mucho m\u00e1s....\" \/>\n<meta property=\"og:description\" content=\"Quito, martes 16 de septiembre.- Albert Calvet, CEO de Laboratorios Blanes, se reuni\u00f3 en la Asamblea Nacional con la asamble\u00edsta provincial de Manab\u00ed Besibell Mendoza y con Diana Blacio, asamble\u00edsta nacional y vicepresidenta de la Comisi\u00f3n Especializada Permanente del Derecho a la Salud y Deporte, para conversar acerca de la consolidaci\u00f3n de una industria ecuatoriana [&hellip;]\" \/>\n<meta property=\"og:url\" content=\"https:\/\/www.quebakan.com\/v15\/laboratorios-blanes-lidera-la-salud-integral-con-innovacion-local\/\" \/>\n<meta property=\"og:site_name\" content=\"QUEBAKAN.COM 2026: Noticias, Eventos, Conciertos y mucho m\u00e1s....\" \/>\n<meta property=\"article:publisher\" content=\"http:\/\/www.facebook.com\/quebakan\" \/>\n<meta property=\"article:published_time\" content=\"2025-09-18T03:43:32+00:00\" \/>\n<meta property=\"og:image\" content=\"https:\/\/www.quebakan.com\/v15\/wp-content\/uploads\/2025\/09\/Image.jpg\" \/>\n\t<meta property=\"og:image:width\" content=\"700\" \/>\n\t<meta property=\"og:image:height\" content=\"511\" \/>\n\t<meta property=\"og:image:type\" content=\"image\/jpeg\" \/>\n<meta name=\"author\" content=\"Erick Villafuerte\" \/>\n<meta name=\"twitter:card\" content=\"summary_large_image\" \/>\n<meta name=\"twitter:creator\" content=\"@quebakanec\" \/>\n<meta name=\"twitter:site\" content=\"@quebakanec\" \/>\n<meta name=\"twitter:label1\" content=\"Escrito por\" \/>\n\t<meta name=\"twitter:data1\" content=\"Erick Villafuerte\" \/>\n\t<meta name=\"twitter:label2\" content=\"Tiempo de lectura\" \/>\n\t<meta name=\"twitter:data2\" content=\"2 minutos\" \/>\n<script type=\"application\/ld+json\" class=\"yoast-schema-graph\">{\"@context\":\"https:\\\/\\\/schema.org\",\"@graph\":[{\"@type\":\"Article\",\"@id\":\"https:\\\/\\\/www.quebakan.com\\\/v15\\\/laboratorios-blanes-lidera-la-salud-integral-con-innovacion-local\\\/#article\",\"isPartOf\":{\"@id\":\"https:\\\/\\\/www.quebakan.com\\\/v15\\\/laboratorios-blanes-lidera-la-salud-integral-con-innovacion-local\\\/\"},\"author\":{\"name\":\"Erick Villafuerte\",\"@id\":\"https:\\\/\\\/www.quebakan.com\\\/v15\\\/#\\\/schema\\\/person\\\/d90fa9f9cfa81eb8ace9811e5b7b9118\"},\"headline\":\"LABORATORIOS BLANES LIDERA LA SALUD INTEGRAL CON INNOVACI\u00d3N LOCAL\",\"datePublished\":\"2025-09-18T03:43:32+00:00\",\"mainEntityOfPage\":{\"@id\":\"https:\\\/\\\/www.quebakan.com\\\/v15\\\/laboratorios-blanes-lidera-la-salud-integral-con-innovacion-local\\\/\"},\"wordCount\":204,\"publisher\":{\"@id\":\"https:\\\/\\\/www.quebakan.com\\\/v15\\\/#organization\"},\"image\":{\"@id\":\"https:\\\/\\\/www.quebakan.com\\\/v15\\\/laboratorios-blanes-lidera-la-salud-integral-con-innovacion-local\\\/#primaryimage\"},\"thumbnailUrl\":\"https:\\\/\\\/www.quebakan.com\\\/v15\\\/wp-content\\\/uploads\\\/2025\\\/09\\\/Image.jpg\",\"articleSection\":[\"Noticias\"],\"inLanguage\":\"es\"},{\"@type\":\"WebPage\",\"@id\":\"https:\\\/\\\/www.quebakan.com\\\/v15\\\/laboratorios-blanes-lidera-la-salud-integral-con-innovacion-local\\\/\",\"url\":\"https:\\\/\\\/www.quebakan.com\\\/v15\\\/laboratorios-blanes-lidera-la-salud-integral-con-innovacion-local\\\/\",\"name\":\"LABORATORIOS BLANES LIDERA LA SALUD INTEGRAL CON INNOVACI\u00d3N LOCAL &#8211; QUEBAKAN.COM 2026: Noticias, Eventos, Conciertos y mucho m\u00e1s....\",\"isPartOf\":{\"@id\":\"https:\\\/\\\/www.quebakan.com\\\/v15\\\/#website\"},\"primaryImageOfPage\":{\"@id\":\"https:\\\/\\\/www.quebakan.com\\\/v15\\\/laboratorios-blanes-lidera-la-salud-integral-con-innovacion-local\\\/#primaryimage\"},\"image\":{\"@id\":\"https:\\\/\\\/www.quebakan.com\\\/v15\\\/laboratorios-blanes-lidera-la-salud-integral-con-innovacion-local\\\/#primaryimage\"},\"thumbnailUrl\":\"https:\\\/\\\/www.quebakan.com\\\/v15\\\/wp-content\\\/uploads\\\/2025\\\/09\\\/Image.jpg\",\"datePublished\":\"2025-09-18T03:43:32+00:00\",\"breadcrumb\":{\"@id\":\"https:\\\/\\\/www.quebakan.com\\\/v15\\\/laboratorios-blanes-lidera-la-salud-integral-con-innovacion-local\\\/#breadcrumb\"},\"inLanguage\":\"es\",\"potentialAction\":[{\"@type\":\"ReadAction\",\"target\":[\"https:\\\/\\\/www.quebakan.com\\\/v15\\\/laboratorios-blanes-lidera-la-salud-integral-con-innovacion-local\\\/\"]}]},{\"@type\":\"ImageObject\",\"inLanguage\":\"es\",\"@id\":\"https:\\\/\\\/www.quebakan.com\\\/v15\\\/laboratorios-blanes-lidera-la-salud-integral-con-innovacion-local\\\/#primaryimage\",\"url\":\"https:\\\/\\\/www.quebakan.com\\\/v15\\\/wp-content\\\/uploads\\\/2025\\\/09\\\/Image.jpg\",\"contentUrl\":\"https:\\\/\\\/www.quebakan.com\\\/v15\\\/wp-content\\\/uploads\\\/2025\\\/09\\\/Image.jpg\",\"width\":700,\"height\":511},{\"@type\":\"BreadcrumbList\",\"@id\":\"https:\\\/\\\/www.quebakan.com\\\/v15\\\/laboratorios-blanes-lidera-la-salud-integral-con-innovacion-local\\\/#breadcrumb\",\"itemListElement\":[{\"@type\":\"ListItem\",\"position\":1,\"name\":\"Portada\",\"item\":\"https:\\\/\\\/www.quebakan.com\\\/v15\\\/\"},{\"@type\":\"ListItem\",\"position\":2,\"name\":\"LABORATORIOS BLANES LIDERA LA SALUD INTEGRAL CON INNOVACI\u00d3N LOCAL\"}]},{\"@type\":\"WebSite\",\"@id\":\"https:\\\/\\\/www.quebakan.com\\\/v15\\\/#website\",\"url\":\"https:\\\/\\\/www.quebakan.com\\\/v15\\\/\",\"name\":\"QUEBAKAN\",\"description\":\"..\",\"publisher\":{\"@id\":\"https:\\\/\\\/www.quebakan.com\\\/v15\\\/#organization\"},\"potentialAction\":[{\"@type\":\"SearchAction\",\"target\":{\"@type\":\"EntryPoint\",\"urlTemplate\":\"https:\\\/\\\/www.quebakan.com\\\/v15\\\/?s={search_term_string}\"},\"query-input\":{\"@type\":\"PropertyValueSpecification\",\"valueRequired\":true,\"valueName\":\"search_term_string\"}}],\"inLanguage\":\"es\"},{\"@type\":\"Organization\",\"@id\":\"https:\\\/\\\/www.quebakan.com\\\/v15\\\/#organization\",\"name\":\"Quebakan.com\",\"url\":\"https:\\\/\\\/www.quebakan.com\\\/v15\\\/\",\"logo\":{\"@type\":\"ImageObject\",\"inLanguage\":\"es\",\"@id\":\"https:\\\/\\\/www.quebakan.com\\\/v15\\\/#\\\/schema\\\/logo\\\/image\\\/\",\"url\":\"https:\\\/\\\/www.quebakan.com\\\/v15\\\/wp-content\\\/uploads\\\/2023\\\/07\\\/logoquebakanenero2021.jpg\",\"contentUrl\":\"https:\\\/\\\/www.quebakan.com\\\/v15\\\/wp-content\\\/uploads\\\/2023\\\/07\\\/logoquebakanenero2021.jpg\",\"width\":1920,\"height\":1080,\"caption\":\"Quebakan.com\"},\"image\":{\"@id\":\"https:\\\/\\\/www.quebakan.com\\\/v15\\\/#\\\/schema\\\/logo\\\/image\\\/\"},\"sameAs\":[\"http:\\\/\\\/www.facebook.com\\\/quebakan\",\"https:\\\/\\\/x.com\\\/quebakanec\",\"http:\\\/\\\/www.instagram.com\\\/quebakan\",\"http:\\\/\\\/www.youtube.com\\\/quebakan1\"]},{\"@type\":\"Person\",\"@id\":\"https:\\\/\\\/www.quebakan.com\\\/v15\\\/#\\\/schema\\\/person\\\/d90fa9f9cfa81eb8ace9811e5b7b9118\",\"name\":\"Erick Villafuerte\",\"image\":{\"@type\":\"ImageObject\",\"inLanguage\":\"es\",\"@id\":\"https:\\\/\\\/www.quebakan.com\\\/v15\\\/wp-content\\\/uploads\\\/avatars\\\/4\\\/1731297654-bpfull.png\",\"url\":\"https:\\\/\\\/www.quebakan.com\\\/v15\\\/wp-content\\\/uploads\\\/avatars\\\/4\\\/1731297654-bpfull.png\",\"contentUrl\":\"https:\\\/\\\/www.quebakan.com\\\/v15\\\/wp-content\\\/uploads\\\/avatars\\\/4\\\/1731297654-bpfull.png\",\"caption\":\"Erick Villafuerte\"}}]}<\/script>\n<!-- \/ Yoast SEO plugin. -->","yoast_head_json":{"title":"LABORATORIOS BLANES LIDERA LA SALUD INTEGRAL CON INNOVACI\u00d3N LOCAL &#8211; QUEBAKAN.COM 2026: Noticias, Eventos, Conciertos y mucho m\u00e1s....","robots":{"index":"index","follow":"follow","max-snippet":"max-snippet:-1","max-image-preview":"max-image-preview:large","max-video-preview":"max-video-preview:-1"},"canonical":"https:\/\/www.quebakan.com\/v15\/laboratorios-blanes-lidera-la-salud-integral-con-innovacion-local\/","og_locale":"es_ES","og_type":"article","og_title":"LABORATORIOS BLANES LIDERA LA SALUD INTEGRAL CON INNOVACI\u00d3N LOCAL &#8211; QUEBAKAN.COM 2026: Noticias, Eventos, Conciertos y mucho m\u00e1s....","og_description":"Quito, martes 16 de septiembre.- Albert Calvet, CEO de Laboratorios Blanes, se reuni\u00f3 en la Asamblea Nacional con la asamble\u00edsta provincial de Manab\u00ed Besibell Mendoza y con Diana Blacio, asamble\u00edsta nacional y vicepresidenta de la Comisi\u00f3n Especializada Permanente del Derecho a la Salud y Deporte, para conversar acerca de la consolidaci\u00f3n de una industria ecuatoriana [&hellip;]","og_url":"https:\/\/www.quebakan.com\/v15\/laboratorios-blanes-lidera-la-salud-integral-con-innovacion-local\/","og_site_name":"QUEBAKAN.COM 2026: Noticias, Eventos, Conciertos y mucho m\u00e1s....","article_publisher":"http:\/\/www.facebook.com\/quebakan","article_published_time":"2025-09-18T03:43:32+00:00","og_image":[{"width":700,"height":511,"url":"https:\/\/www.quebakan.com\/v15\/wp-content\/uploads\/2025\/09\/Image.jpg","type":"image\/jpeg"}],"author":"Erick Villafuerte","twitter_card":"summary_large_image","twitter_creator":"@quebakanec","twitter_site":"@quebakanec","twitter_misc":{"Escrito por":"Erick Villafuerte","Tiempo de lectura":"2 minutos"},"schema":{"@context":"https:\/\/schema.org","@graph":[{"@type":"Article","@id":"https:\/\/www.quebakan.com\/v15\/laboratorios-blanes-lidera-la-salud-integral-con-innovacion-local\/#article","isPartOf":{"@id":"https:\/\/www.quebakan.com\/v15\/laboratorios-blanes-lidera-la-salud-integral-con-innovacion-local\/"},"author":{"name":"Erick Villafuerte","@id":"https:\/\/www.quebakan.com\/v15\/#\/schema\/person\/d90fa9f9cfa81eb8ace9811e5b7b9118"},"headline":"LABORATORIOS BLANES LIDERA LA SALUD INTEGRAL CON INNOVACI\u00d3N LOCAL","datePublished":"2025-09-18T03:43:32+00:00","mainEntityOfPage":{"@id":"https:\/\/www.quebakan.com\/v15\/laboratorios-blanes-lidera-la-salud-integral-con-innovacion-local\/"},"wordCount":204,"publisher":{"@id":"https:\/\/www.quebakan.com\/v15\/#organization"},"image":{"@id":"https:\/\/www.quebakan.com\/v15\/laboratorios-blanes-lidera-la-salud-integral-con-innovacion-local\/#primaryimage"},"thumbnailUrl":"https:\/\/www.quebakan.com\/v15\/wp-content\/uploads\/2025\/09\/Image.jpg","articleSection":["Noticias"],"inLanguage":"es"},{"@type":"WebPage","@id":"https:\/\/www.quebakan.com\/v15\/laboratorios-blanes-lidera-la-salud-integral-con-innovacion-local\/","url":"https:\/\/www.quebakan.com\/v15\/laboratorios-blanes-lidera-la-salud-integral-con-innovacion-local\/","name":"LABORATORIOS BLANES LIDERA LA SALUD INTEGRAL CON INNOVACI\u00d3N LOCAL &#8211; QUEBAKAN.COM 2026: Noticias, Eventos, Conciertos y mucho m\u00e1s....","isPartOf":{"@id":"https:\/\/www.quebakan.com\/v15\/#website"},"primaryImageOfPage":{"@id":"https:\/\/www.quebakan.com\/v15\/laboratorios-blanes-lidera-la-salud-integral-con-innovacion-local\/#primaryimage"},"image":{"@id":"https:\/\/www.quebakan.com\/v15\/laboratorios-blanes-lidera-la-salud-integral-con-innovacion-local\/#primaryimage"},"thumbnailUrl":"https:\/\/www.quebakan.com\/v15\/wp-content\/uploads\/2025\/09\/Image.jpg","datePublished":"2025-09-18T03:43:32+00:00","breadcrumb":{"@id":"https:\/\/www.quebakan.com\/v15\/laboratorios-blanes-lidera-la-salud-integral-con-innovacion-local\/#breadcrumb"},"inLanguage":"es","potentialAction":[{"@type":"ReadAction","target":["https:\/\/www.quebakan.com\/v15\/laboratorios-blanes-lidera-la-salud-integral-con-innovacion-local\/"]}]},{"@type":"ImageObject","inLanguage":"es","@id":"https:\/\/www.quebakan.com\/v15\/laboratorios-blanes-lidera-la-salud-integral-con-innovacion-local\/#primaryimage","url":"https:\/\/www.quebakan.com\/v15\/wp-content\/uploads\/2025\/09\/Image.jpg","contentUrl":"https:\/\/www.quebakan.com\/v15\/wp-content\/uploads\/2025\/09\/Image.jpg","width":700,"height":511},{"@type":"BreadcrumbList","@id":"https:\/\/www.quebakan.com\/v15\/laboratorios-blanes-lidera-la-salud-integral-con-innovacion-local\/#breadcrumb","itemListElement":[{"@type":"ListItem","position":1,"name":"Portada","item":"https:\/\/www.quebakan.com\/v15\/"},{"@type":"ListItem","position":2,"name":"LABORATORIOS BLANES LIDERA LA SALUD INTEGRAL CON INNOVACI\u00d3N LOCAL"}]},{"@type":"WebSite","@id":"https:\/\/www.quebakan.com\/v15\/#website","url":"https:\/\/www.quebakan.com\/v15\/","name":"QUEBAKAN","description":"..","publisher":{"@id":"https:\/\/www.quebakan.com\/v15\/#organization"},"potentialAction":[{"@type":"SearchAction","target":{"@type":"EntryPoint","urlTemplate":"https:\/\/www.quebakan.com\/v15\/?s={search_term_string}"},"query-input":{"@type":"PropertyValueSpecification","valueRequired":true,"valueName":"search_term_string"}}],"inLanguage":"es"},{"@type":"Organization","@id":"https:\/\/www.quebakan.com\/v15\/#organization","name":"Quebakan.com","url":"https:\/\/www.quebakan.com\/v15\/","logo":{"@type":"ImageObject","inLanguage":"es","@id":"https:\/\/www.quebakan.com\/v15\/#\/schema\/logo\/image\/","url":"https:\/\/www.quebakan.com\/v15\/wp-content\/uploads\/2023\/07\/logoquebakanenero2021.jpg","contentUrl":"https:\/\/www.quebakan.com\/v15\/wp-content\/uploads\/2023\/07\/logoquebakanenero2021.jpg","width":1920,"height":1080,"caption":"Quebakan.com"},"image":{"@id":"https:\/\/www.quebakan.com\/v15\/#\/schema\/logo\/image\/"},"sameAs":["http:\/\/www.facebook.com\/quebakan","https:\/\/x.com\/quebakanec","http:\/\/www.instagram.com\/quebakan","http:\/\/www.youtube.com\/quebakan1"]},{"@type":"Person","@id":"https:\/\/www.quebakan.com\/v15\/#\/schema\/person\/d90fa9f9cfa81eb8ace9811e5b7b9118","name":"Erick Villafuerte","image":{"@type":"ImageObject","inLanguage":"es","@id":"https:\/\/www.quebakan.com\/v15\/wp-content\/uploads\/avatars\/4\/1731297654-bpfull.png","url":"https:\/\/www.quebakan.com\/v15\/wp-content\/uploads\/avatars\/4\/1731297654-bpfull.png","contentUrl":"https:\/\/www.quebakan.com\/v15\/wp-content\/uploads\/avatars\/4\/1731297654-bpfull.png","caption":"Erick Villafuerte"}}]}},"_links":{"self":[{"href":"https:\/\/www.quebakan.com\/v15\/wp-json\/wp\/v2\/posts\/135316","targetHints":{"allow":["GET"]}}],"collection":[{"href":"https:\/\/www.quebakan.com\/v15\/wp-json\/wp\/v2\/posts"}],"about":[{"href":"https:\/\/www.quebakan.com\/v15\/wp-json\/wp\/v2\/types\/post"}],"author":[{"embeddable":true,"href":"https:\/\/www.quebakan.com\/v15\/wp-json\/wp\/v2\/users\/4"}],"replies":[{"embeddable":true,"href":"https:\/\/www.quebakan.com\/v15\/wp-json\/wp\/v2\/comments?post=135316"}],"version-history":[{"count":1,"href":"https:\/\/www.quebakan.com\/v15\/wp-json\/wp\/v2\/posts\/135316\/revisions"}],"predecessor-version":[{"id":135318,"href":"https:\/\/www.quebakan.com\/v15\/wp-json\/wp\/v2\/posts\/135316\/revisions\/135318"}],"wp:featuredmedia":[{"embeddable":true,"href":"https:\/\/www.quebakan.com\/v15\/wp-json\/wp\/v2\/media\/135317"}],"wp:attachment":[{"href":"https:\/\/www.quebakan.com\/v15\/wp-json\/wp\/v2\/media?parent=135316"}],"wp:term":[{"taxonomy":"category","embeddable":true,"href":"https:\/\/www.quebakan.com\/v15\/wp-json\/wp\/v2\/categories?post=135316"},{"taxonomy":"post_tag","embeddable":true,"href":"https:\/\/www.quebakan.com\/v15\/wp-json\/wp\/v2\/tags?post=135316"}],"curies":[{"name":"wp","href":"https:\/\/api.w.org\/{rel}","templated":true}]}}