{"id":135319,"date":"2025-09-17T23:09:10","date_gmt":"2025-09-18T04:09:10","guid":{"rendered":"https:\/\/www.quebakan.com\/v15\/?p=135319"},"modified":"2025-09-17T23:09:10","modified_gmt":"2025-09-18T04:09:10","slug":"dia-mundial-del-alzheimer-cuidar-la-memoria-y-prevenir-el-alzheimer-una-prioridad-de-salud-para-un-ecuador-que-envejece","status":"publish","type":"post","link":"https:\/\/www.quebakan.com\/v15\/dia-mundial-del-alzheimer-cuidar-la-memoria-y-prevenir-el-alzheimer-una-prioridad-de-salud-para-un-ecuador-que-envejece\/","title":{"rendered":"D\u00eda Mundial del Alzheimer: Cuidar la memoria y prevenir el Alzheimer: una prioridad de salud para un Ecuador que envejece"},"content":{"rendered":"<p><img fetchpriority=\"high\" decoding=\"async\" class=\"aligncenter size-full wp-image-135320\" src=\"https:\/\/www.quebakan.com\/v15\/wp-content\/uploads\/2025\/09\/Imagen-ilustrativa-Alzheimer01.jpg\" alt=\"\" width=\"700\" height=\"467\" \/><\/p>\n<p style=\"text-align: justify;\"><span style=\"color: #000000;\"><strong>Quito 16 de septiembre 2025;<\/strong> La enfermedad de Alzheimer es la forma m\u00e1s com\u00fan de demencia y afecta progresivamente la memoria, el pensamiento, el lenguaje, el juicio y, con el tiempo, la movilidad de quienes la padecen. Representa adem\u00e1s entre el <strong>60 y 70 % de los casos de demencia en Am\u00e9rica Latina y el Caribe<a style=\"color: #000000;\" href=\"#_ftn1\" name=\"_ftnref1\">[1]<\/a><\/strong>, seg\u00fan la <strong>Organizaci\u00f3n Panamericana de la Salud (OPS)<\/strong>, lo que la convierte en un desaf\u00edo creciente para los sistemas de salud de la regi\u00f3n.<\/span><\/p>\n<p style=\"text-align: justify;\"><span style=\"color: #000000;\">En Ecuador, se estima que alrededor de <strong>100.000 personas viven con demencia<a style=\"color: #000000;\" href=\"#_ftn2\" name=\"_ftnref2\">[2]<\/a><\/strong>, de las cuales aproximadamente el <strong>60 % corresponde a Alzheimer<\/strong>, de acuerdo con los datos publicados en la revista cient\u00edfica del <strong>Instituto Nacional de Salud P\u00fablica e Investigaci\u00f3n (INSPILIP)<a style=\"color: #000000;\" href=\"#_ftn3\" name=\"_ftnref3\">[3]<\/a><\/strong>, la distribuci\u00f3n por edad de casos de Alzheimer es la siguiente:<\/span><\/p>\n<ul style=\"text-align: justify;\">\n<li><span style=\"color: #000000;\">35 % entre 60 y 65 a\u00f1os<\/span><\/li>\n<li><span style=\"color: #000000;\">20 % entre 66 y 71 a\u00f1os<\/span><\/li>\n<li><span style=\"color: #000000;\">El resto en grupos de mayor edad<\/span><\/li>\n<\/ul>\n<p style=\"text-align: justify;\"><span style=\"color: #000000;\">Adem\u00e1s, el <strong>MSP<\/strong> report\u00f3 que solo en 2021 se atendi\u00f3 a <strong>2.632 personas con demencia por Alzheimer<\/strong> <a style=\"color: #000000;\" href=\"#_ftn4\" name=\"_ftnref4\">[4]<\/a>en el pa\u00eds. A trav\u00e9s del <strong>Hospital del Adulto Mayor en Quito<\/strong>, se aplican terapias de psico estimulaci\u00f3n para ralentizar la progresi\u00f3n de la enfermedad y se desarrolla una <strong>Escuela de Cuidadores<\/strong> que brinda apoyo a familiares en el manejo diario de los pacientes.<\/span><\/p>\n<p style=\"text-align: justify;\"><span style=\"color: #000000;\">El <strong>Ministerio de Inclusi\u00f3n Econ\u00f3mica y Social (MIES)<\/strong>, por su parte, ha advertido que las demencias deben ser consideradas una \u201cprioridad de salud p\u00fablica\u201d por su creciente impacto en la poblaci\u00f3n adulta mayor ecuatoriana.<\/span><\/p>\n<p style=\"text-align: justify;\"><span style=\"color: #000000;\"><strong>Evoluci\u00f3n de la enfermedad<\/strong><\/span><\/p>\n<p style=\"text-align: justify;\"><span style=\"color: #000000;\">Aunque cada persona vive la enfermedad de manera distinta, los especialistas describen cinco etapas en su evoluci\u00f3n<a style=\"color: #000000;\" href=\"#_ftn5\" name=\"_ftnref5\">[5]<\/a>:<\/span><\/p>\n<ol style=\"text-align: justify;\">\n<li><span style=\"color: #000000;\"><strong>Fase precl\u00ednica<\/strong>: se inicia a\u00f1os antes de los s\u00edntomas visibles y puede detectarse solo con biomarcadores.<\/span><\/li>\n<li><span style=\"color: #000000;\"><strong>Deterioro cognitivo leve<\/strong>: olvidos frecuentes y dificultades para planificar o decidir, pero con actividades cotidianas conservadas.<\/span><\/li>\n<li><span style=\"color: #000000;\"><strong>Demencia leve<\/strong>: los problemas de memoria y orientaci\u00f3n se hacen evidentes, surgen cambios de personalidad y dificultades de expresi\u00f3n.<\/span><\/li>\n<li><span style=\"color: #000000;\"><strong>Demencia moderada<\/strong>: aumenta la confusi\u00f3n, la dependencia y los episodios de agitaci\u00f3n.<\/span><\/li>\n<li><span style=\"color: #000000;\"><strong>Demencia grave<\/strong>: el paciente pierde la capacidad de comunicarse, moverse o realizar tareas b\u00e1sicas, requiriendo asistencia total.<\/span><\/li>\n<\/ol>\n<p style=\"text-align: justify;\"><span style=\"color: #000000;\">El ritmo de progresi\u00f3n var\u00eda: la mayor\u00eda de las personas vive entre 3 y 11 a\u00f1os despu\u00e9s del diagn\u00f3stico, aunque en casos menos frecuentes puede superar los 20 a\u00f1os.<\/span><\/p>\n<p style=\"text-align: justify;\"><span style=\"color: #000000;\"><strong>Prevenci\u00f3n y h\u00e1bitos saludables<\/strong><\/span><\/p>\n<p style=\"text-align: justify;\"><span style=\"color: #000000;\">El Alzheimer no tiene cura, pero la detecci\u00f3n temprana y la implementaci\u00f3n de h\u00e1bitos de vida saludables pueden ayudar a ralentizar su evoluci\u00f3n. La <strong>Organizaci\u00f3n Mundial de la Salud (OMS)<a style=\"color: #000000;\" href=\"#_ftn6\" name=\"_ftnref6\">[6]<\/a><\/strong> confirma que adoptar estilos de vida saludables reduce significativamente el riesgo de deterioro cognitivo y demencia.<\/span><\/p>\n<p style=\"text-align: justify;\"><span style=\"color: #000000;\">Entre las principales recomendaciones se encuentran:<\/span><\/p>\n<ul style=\"text-align: justify;\">\n<li><span style=\"color: #000000;\"><strong>Alimentaci\u00f3n<\/strong>: seguir la dieta mediterr\u00e1nea, rica en frutas, verduras, legumbres, granos enteros y pescados, con aceite de oliva como grasa principal.<\/span><\/li>\n<li><span style=\"color: #000000;\"><strong>Ejercicio f\u00edsico<\/strong>: realizar actividad aer\u00f3bica moderada al menos 150 minutos por semana (30 minutos, cinco d\u00edas).<\/span><\/li>\n<li><span style=\"color: #000000;\"><strong>Otros h\u00e1bitos<\/strong>: no fumar, controlar factores cardiovasculares, estimular la mente y mantener v\u00ednculos sociales.<\/span><\/li>\n<\/ul>\n<p style=\"text-align: justify;\"><span style=\"color: #000000;\">Estudios internacionales \u2014incluida la Cl\u00ednica Mayo\u2014 destacan que estas pr\u00e1cticas pueden reducir de forma significativa el riesgo de desarrollar Alzheimer<a style=\"color: #000000;\" href=\"#_ftn7\" name=\"_ftnref7\">[7]<\/a>.<\/span><\/p>\n<p style=\"text-align: justify;\"><span style=\"color: #000000;\">\u201cLa prevenci\u00f3n es nuestra mejor herramienta. Alimentarse bien, mantenerse activo f\u00edsicamente, controlar la presi\u00f3n arterial y estimular la mente con actividades cotidianas puede marcar la diferencia en la salud cerebral. Adem\u00e1s, reconocer los s\u00edntomas a tiempo y buscar atenci\u00f3n m\u00e9dica especializada permite implementar intervenciones que mejoran la calidad de vida tanto del paciente como de su familia\u201d, explica la <strong>Dra. Carolina Villarroel, directora m\u00e9dica de Adium Ecuador<\/strong>.<\/span><\/p>\n<p style=\"text-align: justify;\"><span style=\"color: #000000;\">M\u00e1s all\u00e1 de los pacientes, el Alzheimer afecta profundamente a su entorno familiar. En la mayor\u00eda de los casos son las mujeres mayores quienes asumen el rol de cuidadoras, o bien los hijos, lo que implica una carga emocional, f\u00edsica y econ\u00f3mica significativa.<\/span><\/p>\n<p style=\"text-align: justify;\"><span style=\"color: #000000;\">Ecuador es un pa\u00eds que envejece: el <strong>\u00faltimo censo del INEC<a style=\"color: #000000;\" href=\"#_ftn8\" name=\"_ftnref8\">[8]<\/a><\/strong> (2022) revel\u00f3 que el <strong>9 % de los ecuatorianos tiene 65 a\u00f1os o m\u00e1s<\/strong>, frente al 6,2 % en 2010. Este escenario refuerza la necesidad de que el Alzheimer sea abordado no solo como un tema cl\u00ednico, sino tambi\u00e9n como un asunto de <strong>pol\u00edticas p\u00fablicas, educaci\u00f3n, equidad y cuidado colectivo<\/strong>.<\/span><\/p>\n<p style=\"text-align: justify;\"><span style=\"color: #000000;\">En el marco del <strong>D\u00eda Mundial del Alzheimer, este 21 de septiembre<\/strong>, el llamado es a <strong>informarse, reconocer los s\u00edntomas, apoyar a los cuidadores y fomentar entornos que valoren el envejecimiento activo y saludable<\/strong>.<\/span><\/p>\n<p style=\"text-align: justify;\"><span style=\"color: #000000;\"><a style=\"color: #000000;\" href=\"#_ftnref1\" name=\"_ftn1\">[1]<\/a> <a style=\"color: #000000;\" href=\"https:\/\/www.paho.org\/es\/temas\/demencia\">https:\/\/www.paho.org\/es\/temas\/demencia<\/a><\/span><\/p>\n<p style=\"text-align: justify;\"><span style=\"color: #000000;\"><a style=\"color: #000000;\" href=\"#_ftnref2\" name=\"_ftn2\">[2]<\/a> <a style=\"color: #000000;\" href=\"https:\/\/www.fundaciontase.org\/single-post\/copia-de-copia-de-variedad-y-sociales-sept-final\">https:\/\/www.fundaciontase.org\/single-post\/copia-de-copia-de-variedad-y-sociales-sept-final<\/a><\/span><\/p>\n<p style=\"text-align: justify;\"><span style=\"color: #000000;\"><a style=\"color: #000000;\" href=\"#_ftnref3\" name=\"_ftn3\">[3]<\/a> <a style=\"color: #000000;\" href=\"https:\/\/www.inspilip.gob.ec\/public\/site\/datos\/a12\/V5%232\/Relaci%C3%B3n%20entre%20alteraciones%20cognitivas%20y%20depresi%C3%B3n%20en%20pacientes%20con%20alzh%C3%A9imer%20en%20Ecuador.html?utm_source=chatgpt.com\">inspilip.gob.ec\/public\/site\/datos\/a12\/V5%232\/Relaci\u00f3n entre alteraciones cognitivas y depresi\u00f3n en pacientes con alzh\u00e9imer en Ecuador.html?utm_source=chatgpt.com<\/a><\/span><\/p>\n<p style=\"text-align: justify;\"><span style=\"color: #000000;\"><a style=\"color: #000000;\" href=\"#_ftnref4\" name=\"_ftn4\">[4]<\/a> <a style=\"color: #000000;\" href=\"https:\/\/www.salud.gob.ec\/terapias-para-controlar-el-alzheimer-se-realizan-en-hospital-del-adulto-mayor\">https:\/\/www.salud.gob.ec\/terapias-para-controlar-el-alzheimer-se-realizan-en-hospital-del-adulto-mayor<\/a><\/span><\/p>\n<p style=\"text-align: justify;\"><span style=\"color: #000000;\"><a style=\"color: #000000;\" href=\"#_ftnref5\" name=\"_ftn5\">[5]<\/a> <a style=\"color: #000000;\" href=\"https:\/\/www.mayoclinic.org\/es\/diseases-conditions\/alzheimers-disease\/in-depth\/alzheimers-stages\/art-20048448\">https:\/\/www.mayoclinic.org\/es\/diseases-conditions\/alzheimers-disease\/in-depth\/alzheimers-stages\/art-20048448<\/a><\/span><\/p>\n<p style=\"text-align: justify;\"><span style=\"color: #000000;\"><a style=\"color: #000000;\" href=\"#_ftnref6\" name=\"_ftn6\">[6]<\/a> <a style=\"color: #000000;\" href=\"https:\/\/www.who.int\/news-room\/fact-sheets\/detail\/dementia?utm_source=chatgpt.com\">https:\/\/www.who.int\/news-room\/fact-sheets\/detail\/dementia<\/a><\/span><\/p>\n<p style=\"text-align: justify;\"><span style=\"color: #000000;\"><a style=\"color: #000000;\" href=\"#_ftnref7\" name=\"_ftn7\">[7]<\/a> <a style=\"color: #000000;\" href=\"https:\/\/www.mayoclinic.org\/es\/diseases-conditions\/alzheimers-disease\/expert-answers\/alzheimers-prevention\/faq-20058140\">https:\/\/www.mayoclinic.org\/es\/diseases-conditions\/alzheimers-disease\/expert-answers\/alzheimers-prevention\/faq-20058140<\/a><\/span><\/p>\n<p style=\"text-align: justify;\"><span style=\"color: #000000;\"><a style=\"color: #000000;\" href=\"#_ftnref8\" name=\"_ftn8\">[8]<\/a> <a style=\"color: #000000;\" href=\"https:\/\/www.censoecuador.gob.ec\/desafios-y-oportunidades-para-el-ecuador-ante-el-envejecimiento-poblacional-inec-destaca-datos-claves-en-el-dia-mundial-de-la-poblacion\/\">https:\/\/www.censoecuador.gob.ec\/desafios-y-oportunidades-para-el-ecuador-ante-el-envejecimiento-poblacional-inec-destaca-datos-claves-en-el-dia-mundial-de-la-poblacion\/<\/a><\/span><\/p>\n<p><img decoding=\"async\" class=\"aligncenter size-full wp-image-135321\" src=\"https:\/\/www.quebakan.com\/v15\/wp-content\/uploads\/2025\/09\/Imagen-ilustrativa-Alzheimer02.jpg\" alt=\"\" width=\"700\" height=\"467\" \/><\/p>\n","protected":false},"excerpt":{"rendered":"<p>Quito 16 de septiembre 2025; La enfermedad de Alzheimer es la forma m\u00e1s com\u00fan de demencia y afecta progresivamente la memoria, el pensamiento, el lenguaje, el juicio y, con el tiempo, la movilidad de quienes la padecen. Representa adem\u00e1s entre el 60 y 70 % de los casos de demencia en Am\u00e9rica Latina y el [&hellip;]<\/p>\n","protected":false},"author":4,"featured_media":135321,"comment_status":"closed","ping_status":"closed","sticky":false,"template":"","format":"standard","meta":{"_bbp_topic_count":0,"_bbp_reply_count":0,"_bbp_total_topic_count":0,"_bbp_total_reply_count":0,"_bbp_voice_count":0,"_bbp_anonymous_reply_count":0,"_bbp_topic_count_hidden":0,"_bbp_reply_count_hidden":0,"_bbp_forum_subforum_count":0,"buzzeditor_post_format":"","footnotes":""},"categories":[2],"tags":[],"class_list":["post-135319","post","type-post","status-publish","format-standard","has-post-thumbnail","hentry","category-noticias"],"yoast_head":"<!-- This site is optimized with the Yoast SEO plugin v27.5 - https:\/\/yoast.com\/product\/yoast-seo-wordpress\/ -->\n<title>D\u00eda Mundial del Alzheimer: Cuidar la memoria y prevenir el Alzheimer: una prioridad de salud para un Ecuador que envejece &#8211; QUEBAKAN.COM 2026: Noticias, Eventos, Conciertos y mucho m\u00e1s....<\/title>\n<meta name=\"robots\" content=\"index, follow, max-snippet:-1, max-image-preview:large, max-video-preview:-1\" \/>\n<link rel=\"canonical\" href=\"https:\/\/www.quebakan.com\/v15\/dia-mundial-del-alzheimer-cuidar-la-memoria-y-prevenir-el-alzheimer-una-prioridad-de-salud-para-un-ecuador-que-envejece\/\" \/>\n<meta property=\"og:locale\" content=\"es_ES\" \/>\n<meta property=\"og:type\" content=\"article\" \/>\n<meta property=\"og:title\" content=\"D\u00eda Mundial del Alzheimer: Cuidar la memoria y prevenir el Alzheimer: una prioridad de salud para un Ecuador que envejece &#8211; QUEBAKAN.COM 2026: Noticias, Eventos, Conciertos y mucho m\u00e1s....\" \/>\n<meta property=\"og:description\" content=\"Quito 16 de septiembre 2025; La enfermedad de Alzheimer es la forma m\u00e1s com\u00fan de demencia y afecta progresivamente la memoria, el pensamiento, el lenguaje, el juicio y, con el tiempo, la movilidad de quienes la padecen. Representa adem\u00e1s entre el 60 y 70 % de los casos de demencia en Am\u00e9rica Latina y el [&hellip;]\" \/>\n<meta property=\"og:url\" content=\"https:\/\/www.quebakan.com\/v15\/dia-mundial-del-alzheimer-cuidar-la-memoria-y-prevenir-el-alzheimer-una-prioridad-de-salud-para-un-ecuador-que-envejece\/\" \/>\n<meta property=\"og:site_name\" content=\"QUEBAKAN.COM 2026: Noticias, Eventos, Conciertos y mucho m\u00e1s....\" \/>\n<meta property=\"article:publisher\" content=\"http:\/\/www.facebook.com\/quebakan\" \/>\n<meta property=\"article:published_time\" content=\"2025-09-18T04:09:10+00:00\" \/>\n<meta property=\"og:image\" content=\"https:\/\/www.quebakan.com\/v15\/wp-content\/uploads\/2025\/09\/Imagen-ilustrativa-Alzheimer02.jpg\" \/>\n\t<meta property=\"og:image:width\" content=\"700\" \/>\n\t<meta property=\"og:image:height\" content=\"467\" \/>\n\t<meta property=\"og:image:type\" content=\"image\/jpeg\" \/>\n<meta name=\"author\" content=\"Erick Villafuerte\" \/>\n<meta name=\"twitter:card\" content=\"summary_large_image\" \/>\n<meta name=\"twitter:creator\" content=\"@quebakanec\" \/>\n<meta name=\"twitter:site\" content=\"@quebakanec\" \/>\n<meta name=\"twitter:label1\" content=\"Escrito por\" \/>\n\t<meta name=\"twitter:data1\" content=\"Erick Villafuerte\" \/>\n\t<meta name=\"twitter:label2\" content=\"Tiempo de lectura\" \/>\n\t<meta name=\"twitter:data2\" content=\"5 minutos\" \/>\n<script type=\"application\/ld+json\" class=\"yoast-schema-graph\">{\"@context\":\"https:\\\/\\\/schema.org\",\"@graph\":[{\"@type\":\"Article\",\"@id\":\"https:\\\/\\\/www.quebakan.com\\\/v15\\\/dia-mundial-del-alzheimer-cuidar-la-memoria-y-prevenir-el-alzheimer-una-prioridad-de-salud-para-un-ecuador-que-envejece\\\/#article\",\"isPartOf\":{\"@id\":\"https:\\\/\\\/www.quebakan.com\\\/v15\\\/dia-mundial-del-alzheimer-cuidar-la-memoria-y-prevenir-el-alzheimer-una-prioridad-de-salud-para-un-ecuador-que-envejece\\\/\"},\"author\":{\"name\":\"Erick Villafuerte\",\"@id\":\"https:\\\/\\\/www.quebakan.com\\\/v15\\\/#\\\/schema\\\/person\\\/d90fa9f9cfa81eb8ace9811e5b7b9118\"},\"headline\":\"D\u00eda Mundial del Alzheimer: Cuidar la memoria y prevenir el Alzheimer: una prioridad de salud para un Ecuador que envejece\",\"datePublished\":\"2025-09-18T04:09:10+00:00\",\"mainEntityOfPage\":{\"@id\":\"https:\\\/\\\/www.quebakan.com\\\/v15\\\/dia-mundial-del-alzheimer-cuidar-la-memoria-y-prevenir-el-alzheimer-una-prioridad-de-salud-para-un-ecuador-que-envejece\\\/\"},\"wordCount\":859,\"publisher\":{\"@id\":\"https:\\\/\\\/www.quebakan.com\\\/v15\\\/#organization\"},\"image\":{\"@id\":\"https:\\\/\\\/www.quebakan.com\\\/v15\\\/dia-mundial-del-alzheimer-cuidar-la-memoria-y-prevenir-el-alzheimer-una-prioridad-de-salud-para-un-ecuador-que-envejece\\\/#primaryimage\"},\"thumbnailUrl\":\"https:\\\/\\\/www.quebakan.com\\\/v15\\\/wp-content\\\/uploads\\\/2025\\\/09\\\/Imagen-ilustrativa-Alzheimer02.jpg\",\"articleSection\":[\"Noticias\"],\"inLanguage\":\"es\"},{\"@type\":\"WebPage\",\"@id\":\"https:\\\/\\\/www.quebakan.com\\\/v15\\\/dia-mundial-del-alzheimer-cuidar-la-memoria-y-prevenir-el-alzheimer-una-prioridad-de-salud-para-un-ecuador-que-envejece\\\/\",\"url\":\"https:\\\/\\\/www.quebakan.com\\\/v15\\\/dia-mundial-del-alzheimer-cuidar-la-memoria-y-prevenir-el-alzheimer-una-prioridad-de-salud-para-un-ecuador-que-envejece\\\/\",\"name\":\"D\u00eda Mundial del Alzheimer: Cuidar la memoria y prevenir el Alzheimer: una prioridad de salud para un Ecuador que envejece &#8211; QUEBAKAN.COM 2026: Noticias, Eventos, Conciertos y mucho m\u00e1s....\",\"isPartOf\":{\"@id\":\"https:\\\/\\\/www.quebakan.com\\\/v15\\\/#website\"},\"primaryImageOfPage\":{\"@id\":\"https:\\\/\\\/www.quebakan.com\\\/v15\\\/dia-mundial-del-alzheimer-cuidar-la-memoria-y-prevenir-el-alzheimer-una-prioridad-de-salud-para-un-ecuador-que-envejece\\\/#primaryimage\"},\"image\":{\"@id\":\"https:\\\/\\\/www.quebakan.com\\\/v15\\\/dia-mundial-del-alzheimer-cuidar-la-memoria-y-prevenir-el-alzheimer-una-prioridad-de-salud-para-un-ecuador-que-envejece\\\/#primaryimage\"},\"thumbnailUrl\":\"https:\\\/\\\/www.quebakan.com\\\/v15\\\/wp-content\\\/uploads\\\/2025\\\/09\\\/Imagen-ilustrativa-Alzheimer02.jpg\",\"datePublished\":\"2025-09-18T04:09:10+00:00\",\"breadcrumb\":{\"@id\":\"https:\\\/\\\/www.quebakan.com\\\/v15\\\/dia-mundial-del-alzheimer-cuidar-la-memoria-y-prevenir-el-alzheimer-una-prioridad-de-salud-para-un-ecuador-que-envejece\\\/#breadcrumb\"},\"inLanguage\":\"es\",\"potentialAction\":[{\"@type\":\"ReadAction\",\"target\":[\"https:\\\/\\\/www.quebakan.com\\\/v15\\\/dia-mundial-del-alzheimer-cuidar-la-memoria-y-prevenir-el-alzheimer-una-prioridad-de-salud-para-un-ecuador-que-envejece\\\/\"]}]},{\"@type\":\"ImageObject\",\"inLanguage\":\"es\",\"@id\":\"https:\\\/\\\/www.quebakan.com\\\/v15\\\/dia-mundial-del-alzheimer-cuidar-la-memoria-y-prevenir-el-alzheimer-una-prioridad-de-salud-para-un-ecuador-que-envejece\\\/#primaryimage\",\"url\":\"https:\\\/\\\/www.quebakan.com\\\/v15\\\/wp-content\\\/uploads\\\/2025\\\/09\\\/Imagen-ilustrativa-Alzheimer02.jpg\",\"contentUrl\":\"https:\\\/\\\/www.quebakan.com\\\/v15\\\/wp-content\\\/uploads\\\/2025\\\/09\\\/Imagen-ilustrativa-Alzheimer02.jpg\",\"width\":700,\"height\":467},{\"@type\":\"BreadcrumbList\",\"@id\":\"https:\\\/\\\/www.quebakan.com\\\/v15\\\/dia-mundial-del-alzheimer-cuidar-la-memoria-y-prevenir-el-alzheimer-una-prioridad-de-salud-para-un-ecuador-que-envejece\\\/#breadcrumb\",\"itemListElement\":[{\"@type\":\"ListItem\",\"position\":1,\"name\":\"Portada\",\"item\":\"https:\\\/\\\/www.quebakan.com\\\/v15\\\/\"},{\"@type\":\"ListItem\",\"position\":2,\"name\":\"D\u00eda Mundial del Alzheimer: Cuidar la memoria y prevenir el Alzheimer: una prioridad de salud para un Ecuador que envejece\"}]},{\"@type\":\"WebSite\",\"@id\":\"https:\\\/\\\/www.quebakan.com\\\/v15\\\/#website\",\"url\":\"https:\\\/\\\/www.quebakan.com\\\/v15\\\/\",\"name\":\"QUEBAKAN\",\"description\":\"..\",\"publisher\":{\"@id\":\"https:\\\/\\\/www.quebakan.com\\\/v15\\\/#organization\"},\"potentialAction\":[{\"@type\":\"SearchAction\",\"target\":{\"@type\":\"EntryPoint\",\"urlTemplate\":\"https:\\\/\\\/www.quebakan.com\\\/v15\\\/?s={search_term_string}\"},\"query-input\":{\"@type\":\"PropertyValueSpecification\",\"valueRequired\":true,\"valueName\":\"search_term_string\"}}],\"inLanguage\":\"es\"},{\"@type\":\"Organization\",\"@id\":\"https:\\\/\\\/www.quebakan.com\\\/v15\\\/#organization\",\"name\":\"Quebakan.com\",\"url\":\"https:\\\/\\\/www.quebakan.com\\\/v15\\\/\",\"logo\":{\"@type\":\"ImageObject\",\"inLanguage\":\"es\",\"@id\":\"https:\\\/\\\/www.quebakan.com\\\/v15\\\/#\\\/schema\\\/logo\\\/image\\\/\",\"url\":\"https:\\\/\\\/www.quebakan.com\\\/v15\\\/wp-content\\\/uploads\\\/2023\\\/07\\\/logoquebakanenero2021.jpg\",\"contentUrl\":\"https:\\\/\\\/www.quebakan.com\\\/v15\\\/wp-content\\\/uploads\\\/2023\\\/07\\\/logoquebakanenero2021.jpg\",\"width\":1920,\"height\":1080,\"caption\":\"Quebakan.com\"},\"image\":{\"@id\":\"https:\\\/\\\/www.quebakan.com\\\/v15\\\/#\\\/schema\\\/logo\\\/image\\\/\"},\"sameAs\":[\"http:\\\/\\\/www.facebook.com\\\/quebakan\",\"https:\\\/\\\/x.com\\\/quebakanec\",\"http:\\\/\\\/www.instagram.com\\\/quebakan\",\"http:\\\/\\\/www.youtube.com\\\/quebakan1\"]},{\"@type\":\"Person\",\"@id\":\"https:\\\/\\\/www.quebakan.com\\\/v15\\\/#\\\/schema\\\/person\\\/d90fa9f9cfa81eb8ace9811e5b7b9118\",\"name\":\"Erick Villafuerte\",\"image\":{\"@type\":\"ImageObject\",\"inLanguage\":\"es\",\"@id\":\"https:\\\/\\\/www.quebakan.com\\\/v15\\\/wp-content\\\/uploads\\\/avatars\\\/4\\\/1731297654-bpfull.png\",\"url\":\"https:\\\/\\\/www.quebakan.com\\\/v15\\\/wp-content\\\/uploads\\\/avatars\\\/4\\\/1731297654-bpfull.png\",\"contentUrl\":\"https:\\\/\\\/www.quebakan.com\\\/v15\\\/wp-content\\\/uploads\\\/avatars\\\/4\\\/1731297654-bpfull.png\",\"caption\":\"Erick Villafuerte\"}}]}<\/script>\n<!-- \/ Yoast SEO plugin. -->","yoast_head_json":{"title":"D\u00eda Mundial del Alzheimer: Cuidar la memoria y prevenir el Alzheimer: una prioridad de salud para un Ecuador que envejece &#8211; QUEBAKAN.COM 2026: Noticias, Eventos, Conciertos y mucho m\u00e1s....","robots":{"index":"index","follow":"follow","max-snippet":"max-snippet:-1","max-image-preview":"max-image-preview:large","max-video-preview":"max-video-preview:-1"},"canonical":"https:\/\/www.quebakan.com\/v15\/dia-mundial-del-alzheimer-cuidar-la-memoria-y-prevenir-el-alzheimer-una-prioridad-de-salud-para-un-ecuador-que-envejece\/","og_locale":"es_ES","og_type":"article","og_title":"D\u00eda Mundial del Alzheimer: Cuidar la memoria y prevenir el Alzheimer: una prioridad de salud para un Ecuador que envejece &#8211; QUEBAKAN.COM 2026: Noticias, Eventos, Conciertos y mucho m\u00e1s....","og_description":"Quito 16 de septiembre 2025; La enfermedad de Alzheimer es la forma m\u00e1s com\u00fan de demencia y afecta progresivamente la memoria, el pensamiento, el lenguaje, el juicio y, con el tiempo, la movilidad de quienes la padecen. Representa adem\u00e1s entre el 60 y 70 % de los casos de demencia en Am\u00e9rica Latina y el [&hellip;]","og_url":"https:\/\/www.quebakan.com\/v15\/dia-mundial-del-alzheimer-cuidar-la-memoria-y-prevenir-el-alzheimer-una-prioridad-de-salud-para-un-ecuador-que-envejece\/","og_site_name":"QUEBAKAN.COM 2026: Noticias, Eventos, Conciertos y mucho m\u00e1s....","article_publisher":"http:\/\/www.facebook.com\/quebakan","article_published_time":"2025-09-18T04:09:10+00:00","og_image":[{"width":700,"height":467,"url":"https:\/\/www.quebakan.com\/v15\/wp-content\/uploads\/2025\/09\/Imagen-ilustrativa-Alzheimer02.jpg","type":"image\/jpeg"}],"author":"Erick Villafuerte","twitter_card":"summary_large_image","twitter_creator":"@quebakanec","twitter_site":"@quebakanec","twitter_misc":{"Escrito por":"Erick Villafuerte","Tiempo de lectura":"5 minutos"},"schema":{"@context":"https:\/\/schema.org","@graph":[{"@type":"Article","@id":"https:\/\/www.quebakan.com\/v15\/dia-mundial-del-alzheimer-cuidar-la-memoria-y-prevenir-el-alzheimer-una-prioridad-de-salud-para-un-ecuador-que-envejece\/#article","isPartOf":{"@id":"https:\/\/www.quebakan.com\/v15\/dia-mundial-del-alzheimer-cuidar-la-memoria-y-prevenir-el-alzheimer-una-prioridad-de-salud-para-un-ecuador-que-envejece\/"},"author":{"name":"Erick Villafuerte","@id":"https:\/\/www.quebakan.com\/v15\/#\/schema\/person\/d90fa9f9cfa81eb8ace9811e5b7b9118"},"headline":"D\u00eda Mundial del Alzheimer: Cuidar la memoria y prevenir el Alzheimer: una prioridad de salud para un Ecuador que envejece","datePublished":"2025-09-18T04:09:10+00:00","mainEntityOfPage":{"@id":"https:\/\/www.quebakan.com\/v15\/dia-mundial-del-alzheimer-cuidar-la-memoria-y-prevenir-el-alzheimer-una-prioridad-de-salud-para-un-ecuador-que-envejece\/"},"wordCount":859,"publisher":{"@id":"https:\/\/www.quebakan.com\/v15\/#organization"},"image":{"@id":"https:\/\/www.quebakan.com\/v15\/dia-mundial-del-alzheimer-cuidar-la-memoria-y-prevenir-el-alzheimer-una-prioridad-de-salud-para-un-ecuador-que-envejece\/#primaryimage"},"thumbnailUrl":"https:\/\/www.quebakan.com\/v15\/wp-content\/uploads\/2025\/09\/Imagen-ilustrativa-Alzheimer02.jpg","articleSection":["Noticias"],"inLanguage":"es"},{"@type":"WebPage","@id":"https:\/\/www.quebakan.com\/v15\/dia-mundial-del-alzheimer-cuidar-la-memoria-y-prevenir-el-alzheimer-una-prioridad-de-salud-para-un-ecuador-que-envejece\/","url":"https:\/\/www.quebakan.com\/v15\/dia-mundial-del-alzheimer-cuidar-la-memoria-y-prevenir-el-alzheimer-una-prioridad-de-salud-para-un-ecuador-que-envejece\/","name":"D\u00eda Mundial del Alzheimer: Cuidar la memoria y prevenir el Alzheimer: una prioridad de salud para un Ecuador que envejece &#8211; QUEBAKAN.COM 2026: Noticias, Eventos, Conciertos y mucho m\u00e1s....","isPartOf":{"@id":"https:\/\/www.quebakan.com\/v15\/#website"},"primaryImageOfPage":{"@id":"https:\/\/www.quebakan.com\/v15\/dia-mundial-del-alzheimer-cuidar-la-memoria-y-prevenir-el-alzheimer-una-prioridad-de-salud-para-un-ecuador-que-envejece\/#primaryimage"},"image":{"@id":"https:\/\/www.quebakan.com\/v15\/dia-mundial-del-alzheimer-cuidar-la-memoria-y-prevenir-el-alzheimer-una-prioridad-de-salud-para-un-ecuador-que-envejece\/#primaryimage"},"thumbnailUrl":"https:\/\/www.quebakan.com\/v15\/wp-content\/uploads\/2025\/09\/Imagen-ilustrativa-Alzheimer02.jpg","datePublished":"2025-09-18T04:09:10+00:00","breadcrumb":{"@id":"https:\/\/www.quebakan.com\/v15\/dia-mundial-del-alzheimer-cuidar-la-memoria-y-prevenir-el-alzheimer-una-prioridad-de-salud-para-un-ecuador-que-envejece\/#breadcrumb"},"inLanguage":"es","potentialAction":[{"@type":"ReadAction","target":["https:\/\/www.quebakan.com\/v15\/dia-mundial-del-alzheimer-cuidar-la-memoria-y-prevenir-el-alzheimer-una-prioridad-de-salud-para-un-ecuador-que-envejece\/"]}]},{"@type":"ImageObject","inLanguage":"es","@id":"https:\/\/www.quebakan.com\/v15\/dia-mundial-del-alzheimer-cuidar-la-memoria-y-prevenir-el-alzheimer-una-prioridad-de-salud-para-un-ecuador-que-envejece\/#primaryimage","url":"https:\/\/www.quebakan.com\/v15\/wp-content\/uploads\/2025\/09\/Imagen-ilustrativa-Alzheimer02.jpg","contentUrl":"https:\/\/www.quebakan.com\/v15\/wp-content\/uploads\/2025\/09\/Imagen-ilustrativa-Alzheimer02.jpg","width":700,"height":467},{"@type":"BreadcrumbList","@id":"https:\/\/www.quebakan.com\/v15\/dia-mundial-del-alzheimer-cuidar-la-memoria-y-prevenir-el-alzheimer-una-prioridad-de-salud-para-un-ecuador-que-envejece\/#breadcrumb","itemListElement":[{"@type":"ListItem","position":1,"name":"Portada","item":"https:\/\/www.quebakan.com\/v15\/"},{"@type":"ListItem","position":2,"name":"D\u00eda Mundial del Alzheimer: Cuidar la memoria y prevenir el Alzheimer: una prioridad de salud para un Ecuador que envejece"}]},{"@type":"WebSite","@id":"https:\/\/www.quebakan.com\/v15\/#website","url":"https:\/\/www.quebakan.com\/v15\/","name":"QUEBAKAN","description":"..","publisher":{"@id":"https:\/\/www.quebakan.com\/v15\/#organization"},"potentialAction":[{"@type":"SearchAction","target":{"@type":"EntryPoint","urlTemplate":"https:\/\/www.quebakan.com\/v15\/?s={search_term_string}"},"query-input":{"@type":"PropertyValueSpecification","valueRequired":true,"valueName":"search_term_string"}}],"inLanguage":"es"},{"@type":"Organization","@id":"https:\/\/www.quebakan.com\/v15\/#organization","name":"Quebakan.com","url":"https:\/\/www.quebakan.com\/v15\/","logo":{"@type":"ImageObject","inLanguage":"es","@id":"https:\/\/www.quebakan.com\/v15\/#\/schema\/logo\/image\/","url":"https:\/\/www.quebakan.com\/v15\/wp-content\/uploads\/2023\/07\/logoquebakanenero2021.jpg","contentUrl":"https:\/\/www.quebakan.com\/v15\/wp-content\/uploads\/2023\/07\/logoquebakanenero2021.jpg","width":1920,"height":1080,"caption":"Quebakan.com"},"image":{"@id":"https:\/\/www.quebakan.com\/v15\/#\/schema\/logo\/image\/"},"sameAs":["http:\/\/www.facebook.com\/quebakan","https:\/\/x.com\/quebakanec","http:\/\/www.instagram.com\/quebakan","http:\/\/www.youtube.com\/quebakan1"]},{"@type":"Person","@id":"https:\/\/www.quebakan.com\/v15\/#\/schema\/person\/d90fa9f9cfa81eb8ace9811e5b7b9118","name":"Erick Villafuerte","image":{"@type":"ImageObject","inLanguage":"es","@id":"https:\/\/www.quebakan.com\/v15\/wp-content\/uploads\/avatars\/4\/1731297654-bpfull.png","url":"https:\/\/www.quebakan.com\/v15\/wp-content\/uploads\/avatars\/4\/1731297654-bpfull.png","contentUrl":"https:\/\/www.quebakan.com\/v15\/wp-content\/uploads\/avatars\/4\/1731297654-bpfull.png","caption":"Erick Villafuerte"}}]}},"_links":{"self":[{"href":"https:\/\/www.quebakan.com\/v15\/wp-json\/wp\/v2\/posts\/135319","targetHints":{"allow":["GET"]}}],"collection":[{"href":"https:\/\/www.quebakan.com\/v15\/wp-json\/wp\/v2\/posts"}],"about":[{"href":"https:\/\/www.quebakan.com\/v15\/wp-json\/wp\/v2\/types\/post"}],"author":[{"embeddable":true,"href":"https:\/\/www.quebakan.com\/v15\/wp-json\/wp\/v2\/users\/4"}],"replies":[{"embeddable":true,"href":"https:\/\/www.quebakan.com\/v15\/wp-json\/wp\/v2\/comments?post=135319"}],"version-history":[{"count":1,"href":"https:\/\/www.quebakan.com\/v15\/wp-json\/wp\/v2\/posts\/135319\/revisions"}],"predecessor-version":[{"id":135322,"href":"https:\/\/www.quebakan.com\/v15\/wp-json\/wp\/v2\/posts\/135319\/revisions\/135322"}],"wp:featuredmedia":[{"embeddable":true,"href":"https:\/\/www.quebakan.com\/v15\/wp-json\/wp\/v2\/media\/135321"}],"wp:attachment":[{"href":"https:\/\/www.quebakan.com\/v15\/wp-json\/wp\/v2\/media?parent=135319"}],"wp:term":[{"taxonomy":"category","embeddable":true,"href":"https:\/\/www.quebakan.com\/v15\/wp-json\/wp\/v2\/categories?post=135319"},{"taxonomy":"post_tag","embeddable":true,"href":"https:\/\/www.quebakan.com\/v15\/wp-json\/wp\/v2\/tags?post=135319"}],"curies":[{"name":"wp","href":"https:\/\/api.w.org\/{rel}","templated":true}]}}