{"id":135323,"date":"2025-09-18T00:01:20","date_gmt":"2025-09-18T05:01:20","guid":{"rendered":"https:\/\/www.quebakan.com\/v15\/?p=135323"},"modified":"2025-09-18T00:01:20","modified_gmt":"2025-09-18T05:01:20","slug":"novacero-reafirma-su-liderazgo-en-sostenibilidad-con-nuevos-reconocimientos-del-cees","status":"publish","type":"post","link":"https:\/\/www.quebakan.com\/v15\/novacero-reafirma-su-liderazgo-en-sostenibilidad-con-nuevos-reconocimientos-del-cees\/","title":{"rendered":"Novacero reafirma su liderazgo en sostenibilidad  con nuevos reconocimientos del CEES"},"content":{"rendered":"<p><img fetchpriority=\"high\" decoding=\"async\" class=\"aligncenter size-full wp-image-135325\" src=\"https:\/\/www.quebakan.com\/v15\/wp-content\/uploads\/2025\/09\/Novacero_ReconocimientoCEES1.jpg\" alt=\"\" width=\"700\" height=\"467\" \/><\/p>\n<p style=\"text-align: justify;\"><span style=\"color: #000000;\"><em>Durante su evento anual de socios, el Consejo Ecuatoriano de Edificaci\u00f3n Sustentable destac\u00f3 la labor de la empresa l\u00edder en fabricaci\u00f3n de acero verde en el pa\u00eds.<\/em><\/span><\/p>\n<p style=\"text-align: justify;\"><span style=\"color: #000000;\"><strong>Septiembre, 2025.-<\/strong> La labor de Novacero ha sido reconocida una vez m\u00e1s por el Consejo Ecuatoriano de Edificaci\u00f3n Sustentable (CEES), entidad que promueve las mejores pr\u00e1cticas de construcci\u00f3n sostenible en el pa\u00eds. Durante su evento anual de socios, realizado el 4 de septiembre en Guayaquil, el CEES otorg\u00f3 a la empresa varios reconocimientos que reflejan su compromiso con la sostenibilidad, la innovaci\u00f3n y el liderazgo en el sector. Se trata de los siguientes:<\/span><\/p>\n<ul style=\"text-align: justify;\">\n<li><span style=\"color: #000000;\">Reconocimiento por su contribuci\u00f3n al desarrollo sostenible en la construcci\u00f3n, mediante la elaboraci\u00f3n de las primeras cuatro Fichas de Aporte de Materiales LEED en Ecuador.<\/span><\/li>\n<li><span style=\"color: #000000;\">Reconocimiento por su destacado desempe\u00f1o en el Reto 360 en dos categor\u00edas: Agua y Bienestar, siendo la primera sider\u00fargica en participar.<\/span><\/li>\n<li><span style=\"color: #000000;\">Menci\u00f3n especial en innovaci\u00f3n, por sus estrategias ejemplares de liderazgo y compromiso con la sostenibilidad.<\/span><\/li>\n<\/ul>\n<p style=\"text-align: justify;\"><span style=\"color: #000000;\">Novacero, l\u00edder en la fabricaci\u00f3n de acero verde en Ecuador, fue la primera empresa del pa\u00eds en emitir Fichas de Aporte de Materiales LEED (Leadership in Energy and Environmental Design), en colaboraci\u00f3n con el CEES. En el 2024 marc\u00f3 este hito que inspir\u00f3 a otros actores a desarrollar este importante recurso, el cual entrega informaci\u00f3n t\u00e9cnica y ambiental sobre un producto, facilitando que proyectos inmobiliarios o de construcci\u00f3n accedan a certificaciones ambientales internacionales. Durante su evento, el CEES destac\u00f3 a las seis compa\u00f1\u00edas que actualmente han desarrollado estas fichas, con una menci\u00f3n especial a Novacero como pionera en el pa\u00eds.<\/span><\/p>\n<p style=\"text-align: justify;\"><span style=\"color: #000000;\">Adem\u00e1s, el CEES reconoci\u00f3 a Novacero por su participaci\u00f3n en el Reto 360, en las categor\u00edas Agua y Bienestar. Este desaf\u00edo busca visibilizar acciones en materia de construcci\u00f3n sostenible. En el caso de Novacero, se destacaron los sistemas de recirculaci\u00f3n de agua implementados en sus plantas y que permiten reutilizar el 99% del recurso h\u00eddrico en sus procesos industriales; as\u00ed como los programas orientados al desarrollo integral de sus colaboradores, el fortalecimiento de sus familias y el impulso a comunidades vecinas.<\/span><\/p>\n<p style=\"text-align: justify;\"><span style=\"color: #000000;\"><em>\u201cEstos reconocimientos reafirman nuestro compromiso con la sostenibilidad, una visi\u00f3n que est\u00e1 en el centro de todas nuestras decisiones. Nuestro modelo de <\/em><em>sostenibilidad se estructura en tres ejes integrales: generar bienestar y desarrollo, impulsar la econom\u00eda circular y cuidar el planeta. En Novacero entendemos que construir un futuro m\u00e1s sostenible no es solo una meta, sino una responsabilidad que asumimos cada d\u00eda\u201d<\/em>, afirm\u00f3 Ramiro Garz\u00f3n Gerente General de Novacero.<\/span><\/p>\n<p><img decoding=\"async\" class=\"aligncenter size-full wp-image-135326\" src=\"https:\/\/www.quebakan.com\/v15\/wp-content\/uploads\/2025\/09\/Novacero_ReconocimientoCEES2.jpg\" alt=\"\" width=\"560\" height=\"700\" \/><\/p>\n","protected":false},"excerpt":{"rendered":"<p>Durante su evento anual de socios, el Consejo Ecuatoriano de Edificaci\u00f3n Sustentable destac\u00f3 la labor de la empresa l\u00edder en fabricaci\u00f3n de acero verde en el pa\u00eds. Septiembre, 2025.- La labor de Novacero ha sido reconocida una vez m\u00e1s por el Consejo Ecuatoriano de Edificaci\u00f3n Sustentable (CEES), entidad que promueve las mejores pr\u00e1cticas de construcci\u00f3n [&hellip;]<\/p>\n","protected":false},"author":4,"featured_media":135326,"comment_status":"closed","ping_status":"closed","sticky":false,"template":"","format":"standard","meta":{"_bbp_topic_count":0,"_bbp_reply_count":0,"_bbp_total_topic_count":0,"_bbp_total_reply_count":0,"_bbp_voice_count":0,"_bbp_anonymous_reply_count":0,"_bbp_topic_count_hidden":0,"_bbp_reply_count_hidden":0,"_bbp_forum_subforum_count":0,"buzzeditor_post_format":"","footnotes":""},"categories":[2],"tags":[],"class_list":["post-135323","post","type-post","status-publish","format-standard","has-post-thumbnail","hentry","category-noticias"],"yoast_head":"<!-- This site is optimized with the Yoast SEO plugin v27.5 - https:\/\/yoast.com\/product\/yoast-seo-wordpress\/ -->\n<title>Novacero reafirma su liderazgo en sostenibilidad con nuevos reconocimientos del CEES &#8211; QUEBAKAN.COM 2026: Noticias, Eventos, Conciertos y mucho m\u00e1s....<\/title>\n<meta name=\"robots\" content=\"index, follow, max-snippet:-1, max-image-preview:large, max-video-preview:-1\" \/>\n<link rel=\"canonical\" href=\"https:\/\/www.quebakan.com\/v15\/novacero-reafirma-su-liderazgo-en-sostenibilidad-con-nuevos-reconocimientos-del-cees\/\" \/>\n<meta property=\"og:locale\" content=\"es_ES\" \/>\n<meta property=\"og:type\" content=\"article\" \/>\n<meta property=\"og:title\" content=\"Novacero reafirma su liderazgo en sostenibilidad con nuevos reconocimientos del CEES &#8211; QUEBAKAN.COM 2026: Noticias, Eventos, Conciertos y mucho m\u00e1s....\" \/>\n<meta property=\"og:description\" content=\"Durante su evento anual de socios, el Consejo Ecuatoriano de Edificaci\u00f3n Sustentable destac\u00f3 la labor de la empresa l\u00edder en fabricaci\u00f3n de acero verde en el pa\u00eds. Septiembre, 2025.- La labor de Novacero ha sido reconocida una vez m\u00e1s por el Consejo Ecuatoriano de Edificaci\u00f3n Sustentable (CEES), entidad que promueve las mejores pr\u00e1cticas de construcci\u00f3n [&hellip;]\" \/>\n<meta property=\"og:url\" content=\"https:\/\/www.quebakan.com\/v15\/novacero-reafirma-su-liderazgo-en-sostenibilidad-con-nuevos-reconocimientos-del-cees\/\" \/>\n<meta property=\"og:site_name\" content=\"QUEBAKAN.COM 2026: Noticias, Eventos, Conciertos y mucho m\u00e1s....\" \/>\n<meta property=\"article:publisher\" content=\"http:\/\/www.facebook.com\/quebakan\" \/>\n<meta property=\"article:published_time\" content=\"2025-09-18T05:01:20+00:00\" \/>\n<meta property=\"og:image\" content=\"https:\/\/www.quebakan.com\/v15\/wp-content\/uploads\/2025\/09\/Novacero_ReconocimientoCEES2.jpg\" \/>\n\t<meta property=\"og:image:width\" content=\"560\" \/>\n\t<meta property=\"og:image:height\" content=\"700\" \/>\n\t<meta property=\"og:image:type\" content=\"image\/jpeg\" \/>\n<meta name=\"author\" content=\"Erick Villafuerte\" \/>\n<meta name=\"twitter:card\" content=\"summary_large_image\" \/>\n<meta name=\"twitter:creator\" content=\"@quebakanec\" \/>\n<meta name=\"twitter:site\" content=\"@quebakanec\" \/>\n<meta name=\"twitter:label1\" content=\"Escrito por\" \/>\n\t<meta name=\"twitter:data1\" content=\"Erick Villafuerte\" \/>\n\t<meta name=\"twitter:label2\" content=\"Tiempo de lectura\" \/>\n\t<meta name=\"twitter:data2\" content=\"3 minutos\" \/>\n<script type=\"application\/ld+json\" class=\"yoast-schema-graph\">{\"@context\":\"https:\\\/\\\/schema.org\",\"@graph\":[{\"@type\":\"Article\",\"@id\":\"https:\\\/\\\/www.quebakan.com\\\/v15\\\/novacero-reafirma-su-liderazgo-en-sostenibilidad-con-nuevos-reconocimientos-del-cees\\\/#article\",\"isPartOf\":{\"@id\":\"https:\\\/\\\/www.quebakan.com\\\/v15\\\/novacero-reafirma-su-liderazgo-en-sostenibilidad-con-nuevos-reconocimientos-del-cees\\\/\"},\"author\":{\"name\":\"Erick Villafuerte\",\"@id\":\"https:\\\/\\\/www.quebakan.com\\\/v15\\\/#\\\/schema\\\/person\\\/d90fa9f9cfa81eb8ace9811e5b7b9118\"},\"headline\":\"Novacero reafirma su liderazgo en sostenibilidad con nuevos reconocimientos del CEES\",\"datePublished\":\"2025-09-18T05:01:20+00:00\",\"mainEntityOfPage\":{\"@id\":\"https:\\\/\\\/www.quebakan.com\\\/v15\\\/novacero-reafirma-su-liderazgo-en-sostenibilidad-con-nuevos-reconocimientos-del-cees\\\/\"},\"wordCount\":457,\"publisher\":{\"@id\":\"https:\\\/\\\/www.quebakan.com\\\/v15\\\/#organization\"},\"image\":{\"@id\":\"https:\\\/\\\/www.quebakan.com\\\/v15\\\/novacero-reafirma-su-liderazgo-en-sostenibilidad-con-nuevos-reconocimientos-del-cees\\\/#primaryimage\"},\"thumbnailUrl\":\"https:\\\/\\\/www.quebakan.com\\\/v15\\\/wp-content\\\/uploads\\\/2025\\\/09\\\/Novacero_ReconocimientoCEES2.jpg\",\"articleSection\":[\"Noticias\"],\"inLanguage\":\"es\"},{\"@type\":\"WebPage\",\"@id\":\"https:\\\/\\\/www.quebakan.com\\\/v15\\\/novacero-reafirma-su-liderazgo-en-sostenibilidad-con-nuevos-reconocimientos-del-cees\\\/\",\"url\":\"https:\\\/\\\/www.quebakan.com\\\/v15\\\/novacero-reafirma-su-liderazgo-en-sostenibilidad-con-nuevos-reconocimientos-del-cees\\\/\",\"name\":\"Novacero reafirma su liderazgo en sostenibilidad con nuevos reconocimientos del CEES &#8211; QUEBAKAN.COM 2026: Noticias, Eventos, Conciertos y mucho m\u00e1s....\",\"isPartOf\":{\"@id\":\"https:\\\/\\\/www.quebakan.com\\\/v15\\\/#website\"},\"primaryImageOfPage\":{\"@id\":\"https:\\\/\\\/www.quebakan.com\\\/v15\\\/novacero-reafirma-su-liderazgo-en-sostenibilidad-con-nuevos-reconocimientos-del-cees\\\/#primaryimage\"},\"image\":{\"@id\":\"https:\\\/\\\/www.quebakan.com\\\/v15\\\/novacero-reafirma-su-liderazgo-en-sostenibilidad-con-nuevos-reconocimientos-del-cees\\\/#primaryimage\"},\"thumbnailUrl\":\"https:\\\/\\\/www.quebakan.com\\\/v15\\\/wp-content\\\/uploads\\\/2025\\\/09\\\/Novacero_ReconocimientoCEES2.jpg\",\"datePublished\":\"2025-09-18T05:01:20+00:00\",\"breadcrumb\":{\"@id\":\"https:\\\/\\\/www.quebakan.com\\\/v15\\\/novacero-reafirma-su-liderazgo-en-sostenibilidad-con-nuevos-reconocimientos-del-cees\\\/#breadcrumb\"},\"inLanguage\":\"es\",\"potentialAction\":[{\"@type\":\"ReadAction\",\"target\":[\"https:\\\/\\\/www.quebakan.com\\\/v15\\\/novacero-reafirma-su-liderazgo-en-sostenibilidad-con-nuevos-reconocimientos-del-cees\\\/\"]}]},{\"@type\":\"ImageObject\",\"inLanguage\":\"es\",\"@id\":\"https:\\\/\\\/www.quebakan.com\\\/v15\\\/novacero-reafirma-su-liderazgo-en-sostenibilidad-con-nuevos-reconocimientos-del-cees\\\/#primaryimage\",\"url\":\"https:\\\/\\\/www.quebakan.com\\\/v15\\\/wp-content\\\/uploads\\\/2025\\\/09\\\/Novacero_ReconocimientoCEES2.jpg\",\"contentUrl\":\"https:\\\/\\\/www.quebakan.com\\\/v15\\\/wp-content\\\/uploads\\\/2025\\\/09\\\/Novacero_ReconocimientoCEES2.jpg\",\"width\":560,\"height\":700},{\"@type\":\"BreadcrumbList\",\"@id\":\"https:\\\/\\\/www.quebakan.com\\\/v15\\\/novacero-reafirma-su-liderazgo-en-sostenibilidad-con-nuevos-reconocimientos-del-cees\\\/#breadcrumb\",\"itemListElement\":[{\"@type\":\"ListItem\",\"position\":1,\"name\":\"Portada\",\"item\":\"https:\\\/\\\/www.quebakan.com\\\/v15\\\/\"},{\"@type\":\"ListItem\",\"position\":2,\"name\":\"Novacero reafirma su liderazgo en sostenibilidad con nuevos reconocimientos del CEES\"}]},{\"@type\":\"WebSite\",\"@id\":\"https:\\\/\\\/www.quebakan.com\\\/v15\\\/#website\",\"url\":\"https:\\\/\\\/www.quebakan.com\\\/v15\\\/\",\"name\":\"QUEBAKAN\",\"description\":\"..\",\"publisher\":{\"@id\":\"https:\\\/\\\/www.quebakan.com\\\/v15\\\/#organization\"},\"potentialAction\":[{\"@type\":\"SearchAction\",\"target\":{\"@type\":\"EntryPoint\",\"urlTemplate\":\"https:\\\/\\\/www.quebakan.com\\\/v15\\\/?s={search_term_string}\"},\"query-input\":{\"@type\":\"PropertyValueSpecification\",\"valueRequired\":true,\"valueName\":\"search_term_string\"}}],\"inLanguage\":\"es\"},{\"@type\":\"Organization\",\"@id\":\"https:\\\/\\\/www.quebakan.com\\\/v15\\\/#organization\",\"name\":\"Quebakan.com\",\"url\":\"https:\\\/\\\/www.quebakan.com\\\/v15\\\/\",\"logo\":{\"@type\":\"ImageObject\",\"inLanguage\":\"es\",\"@id\":\"https:\\\/\\\/www.quebakan.com\\\/v15\\\/#\\\/schema\\\/logo\\\/image\\\/\",\"url\":\"https:\\\/\\\/www.quebakan.com\\\/v15\\\/wp-content\\\/uploads\\\/2023\\\/07\\\/logoquebakanenero2021.jpg\",\"contentUrl\":\"https:\\\/\\\/www.quebakan.com\\\/v15\\\/wp-content\\\/uploads\\\/2023\\\/07\\\/logoquebakanenero2021.jpg\",\"width\":1920,\"height\":1080,\"caption\":\"Quebakan.com\"},\"image\":{\"@id\":\"https:\\\/\\\/www.quebakan.com\\\/v15\\\/#\\\/schema\\\/logo\\\/image\\\/\"},\"sameAs\":[\"http:\\\/\\\/www.facebook.com\\\/quebakan\",\"https:\\\/\\\/x.com\\\/quebakanec\",\"http:\\\/\\\/www.instagram.com\\\/quebakan\",\"http:\\\/\\\/www.youtube.com\\\/quebakan1\"]},{\"@type\":\"Person\",\"@id\":\"https:\\\/\\\/www.quebakan.com\\\/v15\\\/#\\\/schema\\\/person\\\/d90fa9f9cfa81eb8ace9811e5b7b9118\",\"name\":\"Erick Villafuerte\",\"image\":{\"@type\":\"ImageObject\",\"inLanguage\":\"es\",\"@id\":\"https:\\\/\\\/www.quebakan.com\\\/v15\\\/wp-content\\\/uploads\\\/avatars\\\/4\\\/1731297654-bpfull.png\",\"url\":\"https:\\\/\\\/www.quebakan.com\\\/v15\\\/wp-content\\\/uploads\\\/avatars\\\/4\\\/1731297654-bpfull.png\",\"contentUrl\":\"https:\\\/\\\/www.quebakan.com\\\/v15\\\/wp-content\\\/uploads\\\/avatars\\\/4\\\/1731297654-bpfull.png\",\"caption\":\"Erick Villafuerte\"}}]}<\/script>\n<!-- \/ Yoast SEO plugin. -->","yoast_head_json":{"title":"Novacero reafirma su liderazgo en sostenibilidad con nuevos reconocimientos del CEES &#8211; QUEBAKAN.COM 2026: Noticias, Eventos, Conciertos y mucho m\u00e1s....","robots":{"index":"index","follow":"follow","max-snippet":"max-snippet:-1","max-image-preview":"max-image-preview:large","max-video-preview":"max-video-preview:-1"},"canonical":"https:\/\/www.quebakan.com\/v15\/novacero-reafirma-su-liderazgo-en-sostenibilidad-con-nuevos-reconocimientos-del-cees\/","og_locale":"es_ES","og_type":"article","og_title":"Novacero reafirma su liderazgo en sostenibilidad con nuevos reconocimientos del CEES &#8211; QUEBAKAN.COM 2026: Noticias, Eventos, Conciertos y mucho m\u00e1s....","og_description":"Durante su evento anual de socios, el Consejo Ecuatoriano de Edificaci\u00f3n Sustentable destac\u00f3 la labor de la empresa l\u00edder en fabricaci\u00f3n de acero verde en el pa\u00eds. Septiembre, 2025.- La labor de Novacero ha sido reconocida una vez m\u00e1s por el Consejo Ecuatoriano de Edificaci\u00f3n Sustentable (CEES), entidad que promueve las mejores pr\u00e1cticas de construcci\u00f3n [&hellip;]","og_url":"https:\/\/www.quebakan.com\/v15\/novacero-reafirma-su-liderazgo-en-sostenibilidad-con-nuevos-reconocimientos-del-cees\/","og_site_name":"QUEBAKAN.COM 2026: Noticias, Eventos, Conciertos y mucho m\u00e1s....","article_publisher":"http:\/\/www.facebook.com\/quebakan","article_published_time":"2025-09-18T05:01:20+00:00","og_image":[{"width":560,"height":700,"url":"https:\/\/www.quebakan.com\/v15\/wp-content\/uploads\/2025\/09\/Novacero_ReconocimientoCEES2.jpg","type":"image\/jpeg"}],"author":"Erick Villafuerte","twitter_card":"summary_large_image","twitter_creator":"@quebakanec","twitter_site":"@quebakanec","twitter_misc":{"Escrito por":"Erick Villafuerte","Tiempo de lectura":"3 minutos"},"schema":{"@context":"https:\/\/schema.org","@graph":[{"@type":"Article","@id":"https:\/\/www.quebakan.com\/v15\/novacero-reafirma-su-liderazgo-en-sostenibilidad-con-nuevos-reconocimientos-del-cees\/#article","isPartOf":{"@id":"https:\/\/www.quebakan.com\/v15\/novacero-reafirma-su-liderazgo-en-sostenibilidad-con-nuevos-reconocimientos-del-cees\/"},"author":{"name":"Erick Villafuerte","@id":"https:\/\/www.quebakan.com\/v15\/#\/schema\/person\/d90fa9f9cfa81eb8ace9811e5b7b9118"},"headline":"Novacero reafirma su liderazgo en sostenibilidad con nuevos reconocimientos del CEES","datePublished":"2025-09-18T05:01:20+00:00","mainEntityOfPage":{"@id":"https:\/\/www.quebakan.com\/v15\/novacero-reafirma-su-liderazgo-en-sostenibilidad-con-nuevos-reconocimientos-del-cees\/"},"wordCount":457,"publisher":{"@id":"https:\/\/www.quebakan.com\/v15\/#organization"},"image":{"@id":"https:\/\/www.quebakan.com\/v15\/novacero-reafirma-su-liderazgo-en-sostenibilidad-con-nuevos-reconocimientos-del-cees\/#primaryimage"},"thumbnailUrl":"https:\/\/www.quebakan.com\/v15\/wp-content\/uploads\/2025\/09\/Novacero_ReconocimientoCEES2.jpg","articleSection":["Noticias"],"inLanguage":"es"},{"@type":"WebPage","@id":"https:\/\/www.quebakan.com\/v15\/novacero-reafirma-su-liderazgo-en-sostenibilidad-con-nuevos-reconocimientos-del-cees\/","url":"https:\/\/www.quebakan.com\/v15\/novacero-reafirma-su-liderazgo-en-sostenibilidad-con-nuevos-reconocimientos-del-cees\/","name":"Novacero reafirma su liderazgo en sostenibilidad con nuevos reconocimientos del CEES &#8211; QUEBAKAN.COM 2026: Noticias, Eventos, Conciertos y mucho m\u00e1s....","isPartOf":{"@id":"https:\/\/www.quebakan.com\/v15\/#website"},"primaryImageOfPage":{"@id":"https:\/\/www.quebakan.com\/v15\/novacero-reafirma-su-liderazgo-en-sostenibilidad-con-nuevos-reconocimientos-del-cees\/#primaryimage"},"image":{"@id":"https:\/\/www.quebakan.com\/v15\/novacero-reafirma-su-liderazgo-en-sostenibilidad-con-nuevos-reconocimientos-del-cees\/#primaryimage"},"thumbnailUrl":"https:\/\/www.quebakan.com\/v15\/wp-content\/uploads\/2025\/09\/Novacero_ReconocimientoCEES2.jpg","datePublished":"2025-09-18T05:01:20+00:00","breadcrumb":{"@id":"https:\/\/www.quebakan.com\/v15\/novacero-reafirma-su-liderazgo-en-sostenibilidad-con-nuevos-reconocimientos-del-cees\/#breadcrumb"},"inLanguage":"es","potentialAction":[{"@type":"ReadAction","target":["https:\/\/www.quebakan.com\/v15\/novacero-reafirma-su-liderazgo-en-sostenibilidad-con-nuevos-reconocimientos-del-cees\/"]}]},{"@type":"ImageObject","inLanguage":"es","@id":"https:\/\/www.quebakan.com\/v15\/novacero-reafirma-su-liderazgo-en-sostenibilidad-con-nuevos-reconocimientos-del-cees\/#primaryimage","url":"https:\/\/www.quebakan.com\/v15\/wp-content\/uploads\/2025\/09\/Novacero_ReconocimientoCEES2.jpg","contentUrl":"https:\/\/www.quebakan.com\/v15\/wp-content\/uploads\/2025\/09\/Novacero_ReconocimientoCEES2.jpg","width":560,"height":700},{"@type":"BreadcrumbList","@id":"https:\/\/www.quebakan.com\/v15\/novacero-reafirma-su-liderazgo-en-sostenibilidad-con-nuevos-reconocimientos-del-cees\/#breadcrumb","itemListElement":[{"@type":"ListItem","position":1,"name":"Portada","item":"https:\/\/www.quebakan.com\/v15\/"},{"@type":"ListItem","position":2,"name":"Novacero reafirma su liderazgo en sostenibilidad con nuevos reconocimientos del CEES"}]},{"@type":"WebSite","@id":"https:\/\/www.quebakan.com\/v15\/#website","url":"https:\/\/www.quebakan.com\/v15\/","name":"QUEBAKAN","description":"..","publisher":{"@id":"https:\/\/www.quebakan.com\/v15\/#organization"},"potentialAction":[{"@type":"SearchAction","target":{"@type":"EntryPoint","urlTemplate":"https:\/\/www.quebakan.com\/v15\/?s={search_term_string}"},"query-input":{"@type":"PropertyValueSpecification","valueRequired":true,"valueName":"search_term_string"}}],"inLanguage":"es"},{"@type":"Organization","@id":"https:\/\/www.quebakan.com\/v15\/#organization","name":"Quebakan.com","url":"https:\/\/www.quebakan.com\/v15\/","logo":{"@type":"ImageObject","inLanguage":"es","@id":"https:\/\/www.quebakan.com\/v15\/#\/schema\/logo\/image\/","url":"https:\/\/www.quebakan.com\/v15\/wp-content\/uploads\/2023\/07\/logoquebakanenero2021.jpg","contentUrl":"https:\/\/www.quebakan.com\/v15\/wp-content\/uploads\/2023\/07\/logoquebakanenero2021.jpg","width":1920,"height":1080,"caption":"Quebakan.com"},"image":{"@id":"https:\/\/www.quebakan.com\/v15\/#\/schema\/logo\/image\/"},"sameAs":["http:\/\/www.facebook.com\/quebakan","https:\/\/x.com\/quebakanec","http:\/\/www.instagram.com\/quebakan","http:\/\/www.youtube.com\/quebakan1"]},{"@type":"Person","@id":"https:\/\/www.quebakan.com\/v15\/#\/schema\/person\/d90fa9f9cfa81eb8ace9811e5b7b9118","name":"Erick Villafuerte","image":{"@type":"ImageObject","inLanguage":"es","@id":"https:\/\/www.quebakan.com\/v15\/wp-content\/uploads\/avatars\/4\/1731297654-bpfull.png","url":"https:\/\/www.quebakan.com\/v15\/wp-content\/uploads\/avatars\/4\/1731297654-bpfull.png","contentUrl":"https:\/\/www.quebakan.com\/v15\/wp-content\/uploads\/avatars\/4\/1731297654-bpfull.png","caption":"Erick Villafuerte"}}]}},"_links":{"self":[{"href":"https:\/\/www.quebakan.com\/v15\/wp-json\/wp\/v2\/posts\/135323","targetHints":{"allow":["GET"]}}],"collection":[{"href":"https:\/\/www.quebakan.com\/v15\/wp-json\/wp\/v2\/posts"}],"about":[{"href":"https:\/\/www.quebakan.com\/v15\/wp-json\/wp\/v2\/types\/post"}],"author":[{"embeddable":true,"href":"https:\/\/www.quebakan.com\/v15\/wp-json\/wp\/v2\/users\/4"}],"replies":[{"embeddable":true,"href":"https:\/\/www.quebakan.com\/v15\/wp-json\/wp\/v2\/comments?post=135323"}],"version-history":[{"count":1,"href":"https:\/\/www.quebakan.com\/v15\/wp-json\/wp\/v2\/posts\/135323\/revisions"}],"predecessor-version":[{"id":135327,"href":"https:\/\/www.quebakan.com\/v15\/wp-json\/wp\/v2\/posts\/135323\/revisions\/135327"}],"wp:featuredmedia":[{"embeddable":true,"href":"https:\/\/www.quebakan.com\/v15\/wp-json\/wp\/v2\/media\/135326"}],"wp:attachment":[{"href":"https:\/\/www.quebakan.com\/v15\/wp-json\/wp\/v2\/media?parent=135323"}],"wp:term":[{"taxonomy":"category","embeddable":true,"href":"https:\/\/www.quebakan.com\/v15\/wp-json\/wp\/v2\/categories?post=135323"},{"taxonomy":"post_tag","embeddable":true,"href":"https:\/\/www.quebakan.com\/v15\/wp-json\/wp\/v2\/tags?post=135323"}],"curies":[{"name":"wp","href":"https:\/\/api.w.org\/{rel}","templated":true}]}}