{"id":135337,"date":"2025-09-18T23:03:21","date_gmt":"2025-09-19T04:03:21","guid":{"rendered":"https:\/\/www.quebakan.com\/v15\/?p=135337"},"modified":"2025-09-18T23:03:21","modified_gmt":"2025-09-19T04:03:21","slug":"bad-bunny-transmitira-el-ultimo-de-sus-historicos-shows-en-puerto-rico-cuando-y-como-verlo-en-vivo-desde-ecuador","status":"publish","type":"post","link":"https:\/\/www.quebakan.com\/v15\/bad-bunny-transmitira-el-ultimo-de-sus-historicos-shows-en-puerto-rico-cuando-y-como-verlo-en-vivo-desde-ecuador\/","title":{"rendered":"Bad Bunny transmitir\u00e1 el \u00faltimo de sus hist\u00f3ricos shows en Puerto Rico: cu\u00e1ndo y c\u00f3mo verlo en vivo desde Ecuador"},"content":{"rendered":"<p><img fetchpriority=\"high\" decoding=\"async\" class=\"aligncenter size-full wp-image-135338\" src=\"https:\/\/www.quebakan.com\/v15\/wp-content\/uploads\/2025\/09\/BB-NMQIDA.jpg\" alt=\"\" width=\"700\" height=\"699\" srcset=\"https:\/\/www.quebakan.com\/v15\/wp-content\/uploads\/2025\/09\/BB-NMQIDA.jpg 700w, https:\/\/www.quebakan.com\/v15\/wp-content\/uploads\/2025\/09\/BB-NMQIDA-300x300.jpg 300w, https:\/\/www.quebakan.com\/v15\/wp-content\/uploads\/2025\/09\/BB-NMQIDA-75x75.jpg 75w\" sizes=\"(max-width: 700px) 100vw, 700px\" \/><\/p>\n<p style=\"text-align: justify;\"><span style=\"color: #000000;\"><em>El concierto que coronar\u00e1 sus 30 presentaciones r\u00e9cord en San Juan se emitir\u00e1 el pr\u00f3ximo s\u00e1bado, a las 21:30. Estar\u00e1 disponible para los clientes de DIRECTV y DGO.<\/em><\/span><\/p>\n<p style=\"text-align: justify;\"><span style=\"color: #000000;\"><strong>Buenos Aires, 18 de septiembre de 2025. \u2013 <\/strong>La mundialmente reconocida estrella de la m\u00fasica latina Bad Bunny cerrar\u00e1 sus hist\u00f3ricas presentaciones en Puerto Rico con la transmisi\u00f3n por streaming de un \u00faltimo concierto titulado \u201cNo Me Quiero Ir de Aqu\u00ed: Una M\u00e1s\u201d.<\/span><\/p>\n<p style=\"text-align: justify;\"><span style=\"color: #000000;\">El show, que corona sus 30 conciertos r\u00e9cord en el Coliseo Jos\u00e9 Miguel Agrelot de San Juan, se podr\u00e1 ver en vivo el pr\u00f3ximo s\u00e1bado, a las 19:30, por Prime Video, el servicio incluido en las suscripciones de los usuarios de DIRECTV y de la plataforma de streaming y TV en vivo DGO.<\/span><\/p>\n<p style=\"text-align: justify;\"><span style=\"color: #000000;\">El concierto coincide con el octavo aniversario del paso del Hurac\u00e1n Mar\u00eda, que devast\u00f3 la isla y marcar\u00e1 el inicio de la gira mundial del \u00faltimo \u00e1lbum de Bad Bunny, \u201cDeb\u00ed tirar m\u00e1s fotos\u201d, que arrancar\u00e1 en Rep\u00fablica Dominicana y que en febrero llegar\u00e1 a Buenos Aires.<\/span><\/p>\n<p style=\"text-align: justify;\"><span style=\"color: #000000;\">En la transmisi\u00f3n de \u201cNo Me Quiero Ir de Aqu\u00ed: Una M\u00e1s\u201d, Bad Bunny promete repasar los grandes \u00e9xitos y se espera la presencia de invitados especiales.<\/span><\/p>\n<p style=\"text-align: justify;\"><span style=\"color: #000000;\"><strong>Paso a paso: c\u00f3mo acceder a DGO<\/strong><strong>\u00a0<\/strong><\/span><\/p>\n<p style=\"text-align: justify;\"><span style=\"color: #000000;\">Los interesados en suscribirse a <a style=\"color: #000000;\" href=\"http:\/\/www.directvgo.com\/\">DGO<\/a> deber\u00e1n acceder a la web oficial <a style=\"color: #000000;\" href=\"http:\/\/www.directvgo.com\/\">http:\/\/www.directvgo.com\/<\/a> donde encontrar\u00e1n las distintas opciones de planes con detalles de costos y servicios, y que incluyen el acceso sin costo adicional a Prime Video.<\/span><\/p>\n<p style=\"text-align: justify;\"><span style=\"color: #000000;\">Una vez elegida la opci\u00f3n y cerrada la contrataci\u00f3n, el usuario podr\u00e1 descargar la app en su Smart TV, smartphone, tablet o acceder v\u00eda web para empezar a disfrutar de la grilla, que incluye las mejores series, pel\u00edculas, documentales, canales en vivo y transmisiones de eventos deportivos y espect\u00e1culos.\u00a0<\/span><\/p>\n","protected":false},"excerpt":{"rendered":"<p>El concierto que coronar\u00e1 sus 30 presentaciones r\u00e9cord en San Juan se emitir\u00e1 el pr\u00f3ximo s\u00e1bado, a las 21:30. Estar\u00e1 disponible para los clientes de DIRECTV y DGO. Buenos Aires, 18 de septiembre de 2025. \u2013 La mundialmente reconocida estrella de la m\u00fasica latina Bad Bunny cerrar\u00e1 sus hist\u00f3ricas presentaciones en Puerto Rico con la [&hellip;]<\/p>\n","protected":false},"author":4,"featured_media":135338,"comment_status":"closed","ping_status":"closed","sticky":false,"template":"","format":"standard","meta":{"_bbp_topic_count":0,"_bbp_reply_count":0,"_bbp_total_topic_count":0,"_bbp_total_reply_count":0,"_bbp_voice_count":0,"_bbp_anonymous_reply_count":0,"_bbp_topic_count_hidden":0,"_bbp_reply_count_hidden":0,"_bbp_forum_subforum_count":0,"buzzeditor_post_format":"","footnotes":""},"categories":[2],"tags":[],"class_list":["post-135337","post","type-post","status-publish","format-standard","has-post-thumbnail","hentry","category-noticias"],"yoast_head":"<!-- This site is optimized with the Yoast SEO plugin v27.5 - https:\/\/yoast.com\/product\/yoast-seo-wordpress\/ -->\n<title>Bad Bunny transmitir\u00e1 el \u00faltimo de sus hist\u00f3ricos shows en Puerto Rico: cu\u00e1ndo y c\u00f3mo verlo en vivo desde Ecuador &#8211; QUEBAKAN.COM 2026: Noticias, Eventos, Conciertos y mucho m\u00e1s....<\/title>\n<meta name=\"robots\" content=\"index, follow, max-snippet:-1, max-image-preview:large, max-video-preview:-1\" \/>\n<link rel=\"canonical\" href=\"https:\/\/www.quebakan.com\/v15\/bad-bunny-transmitira-el-ultimo-de-sus-historicos-shows-en-puerto-rico-cuando-y-como-verlo-en-vivo-desde-ecuador\/\" \/>\n<meta property=\"og:locale\" content=\"es_ES\" \/>\n<meta property=\"og:type\" content=\"article\" \/>\n<meta property=\"og:title\" content=\"Bad Bunny transmitir\u00e1 el \u00faltimo de sus hist\u00f3ricos shows en Puerto Rico: cu\u00e1ndo y c\u00f3mo verlo en vivo desde Ecuador &#8211; QUEBAKAN.COM 2026: Noticias, Eventos, Conciertos y mucho m\u00e1s....\" \/>\n<meta property=\"og:description\" content=\"El concierto que coronar\u00e1 sus 30 presentaciones r\u00e9cord en San Juan se emitir\u00e1 el pr\u00f3ximo s\u00e1bado, a las 21:30. Estar\u00e1 disponible para los clientes de DIRECTV y DGO. Buenos Aires, 18 de septiembre de 2025. \u2013 La mundialmente reconocida estrella de la m\u00fasica latina Bad Bunny cerrar\u00e1 sus hist\u00f3ricas presentaciones en Puerto Rico con la [&hellip;]\" \/>\n<meta property=\"og:url\" content=\"https:\/\/www.quebakan.com\/v15\/bad-bunny-transmitira-el-ultimo-de-sus-historicos-shows-en-puerto-rico-cuando-y-como-verlo-en-vivo-desde-ecuador\/\" \/>\n<meta property=\"og:site_name\" content=\"QUEBAKAN.COM 2026: Noticias, Eventos, Conciertos y mucho m\u00e1s....\" \/>\n<meta property=\"article:publisher\" content=\"http:\/\/www.facebook.com\/quebakan\" \/>\n<meta property=\"article:published_time\" content=\"2025-09-19T04:03:21+00:00\" \/>\n<meta property=\"og:image\" content=\"https:\/\/www.quebakan.com\/v15\/wp-content\/uploads\/2025\/09\/BB-NMQIDA.jpg\" \/>\n\t<meta property=\"og:image:width\" content=\"700\" \/>\n\t<meta property=\"og:image:height\" content=\"699\" \/>\n\t<meta property=\"og:image:type\" content=\"image\/jpeg\" \/>\n<meta name=\"author\" content=\"Erick Villafuerte\" \/>\n<meta name=\"twitter:card\" content=\"summary_large_image\" \/>\n<meta name=\"twitter:creator\" content=\"@quebakanec\" \/>\n<meta name=\"twitter:site\" content=\"@quebakanec\" \/>\n<meta name=\"twitter:label1\" content=\"Escrito por\" \/>\n\t<meta name=\"twitter:data1\" content=\"Erick Villafuerte\" \/>\n\t<meta name=\"twitter:label2\" content=\"Tiempo de lectura\" \/>\n\t<meta name=\"twitter:data2\" content=\"2 minutos\" \/>\n<script type=\"application\/ld+json\" class=\"yoast-schema-graph\">{\"@context\":\"https:\\\/\\\/schema.org\",\"@graph\":[{\"@type\":\"Article\",\"@id\":\"https:\\\/\\\/www.quebakan.com\\\/v15\\\/bad-bunny-transmitira-el-ultimo-de-sus-historicos-shows-en-puerto-rico-cuando-y-como-verlo-en-vivo-desde-ecuador\\\/#article\",\"isPartOf\":{\"@id\":\"https:\\\/\\\/www.quebakan.com\\\/v15\\\/bad-bunny-transmitira-el-ultimo-de-sus-historicos-shows-en-puerto-rico-cuando-y-como-verlo-en-vivo-desde-ecuador\\\/\"},\"author\":{\"name\":\"Erick Villafuerte\",\"@id\":\"https:\\\/\\\/www.quebakan.com\\\/v15\\\/#\\\/schema\\\/person\\\/d90fa9f9cfa81eb8ace9811e5b7b9118\"},\"headline\":\"Bad Bunny transmitir\u00e1 el \u00faltimo de sus hist\u00f3ricos shows en Puerto Rico: cu\u00e1ndo y c\u00f3mo verlo en vivo desde Ecuador\",\"datePublished\":\"2025-09-19T04:03:21+00:00\",\"mainEntityOfPage\":{\"@id\":\"https:\\\/\\\/www.quebakan.com\\\/v15\\\/bad-bunny-transmitira-el-ultimo-de-sus-historicos-shows-en-puerto-rico-cuando-y-como-verlo-en-vivo-desde-ecuador\\\/\"},\"wordCount\":334,\"publisher\":{\"@id\":\"https:\\\/\\\/www.quebakan.com\\\/v15\\\/#organization\"},\"image\":{\"@id\":\"https:\\\/\\\/www.quebakan.com\\\/v15\\\/bad-bunny-transmitira-el-ultimo-de-sus-historicos-shows-en-puerto-rico-cuando-y-como-verlo-en-vivo-desde-ecuador\\\/#primaryimage\"},\"thumbnailUrl\":\"https:\\\/\\\/www.quebakan.com\\\/v15\\\/wp-content\\\/uploads\\\/2025\\\/09\\\/BB-NMQIDA.jpg\",\"articleSection\":[\"Noticias\"],\"inLanguage\":\"es\"},{\"@type\":\"WebPage\",\"@id\":\"https:\\\/\\\/www.quebakan.com\\\/v15\\\/bad-bunny-transmitira-el-ultimo-de-sus-historicos-shows-en-puerto-rico-cuando-y-como-verlo-en-vivo-desde-ecuador\\\/\",\"url\":\"https:\\\/\\\/www.quebakan.com\\\/v15\\\/bad-bunny-transmitira-el-ultimo-de-sus-historicos-shows-en-puerto-rico-cuando-y-como-verlo-en-vivo-desde-ecuador\\\/\",\"name\":\"Bad Bunny transmitir\u00e1 el \u00faltimo de sus hist\u00f3ricos shows en Puerto Rico: cu\u00e1ndo y c\u00f3mo verlo en vivo desde Ecuador &#8211; QUEBAKAN.COM 2026: Noticias, Eventos, Conciertos y mucho m\u00e1s....\",\"isPartOf\":{\"@id\":\"https:\\\/\\\/www.quebakan.com\\\/v15\\\/#website\"},\"primaryImageOfPage\":{\"@id\":\"https:\\\/\\\/www.quebakan.com\\\/v15\\\/bad-bunny-transmitira-el-ultimo-de-sus-historicos-shows-en-puerto-rico-cuando-y-como-verlo-en-vivo-desde-ecuador\\\/#primaryimage\"},\"image\":{\"@id\":\"https:\\\/\\\/www.quebakan.com\\\/v15\\\/bad-bunny-transmitira-el-ultimo-de-sus-historicos-shows-en-puerto-rico-cuando-y-como-verlo-en-vivo-desde-ecuador\\\/#primaryimage\"},\"thumbnailUrl\":\"https:\\\/\\\/www.quebakan.com\\\/v15\\\/wp-content\\\/uploads\\\/2025\\\/09\\\/BB-NMQIDA.jpg\",\"datePublished\":\"2025-09-19T04:03:21+00:00\",\"breadcrumb\":{\"@id\":\"https:\\\/\\\/www.quebakan.com\\\/v15\\\/bad-bunny-transmitira-el-ultimo-de-sus-historicos-shows-en-puerto-rico-cuando-y-como-verlo-en-vivo-desde-ecuador\\\/#breadcrumb\"},\"inLanguage\":\"es\",\"potentialAction\":[{\"@type\":\"ReadAction\",\"target\":[\"https:\\\/\\\/www.quebakan.com\\\/v15\\\/bad-bunny-transmitira-el-ultimo-de-sus-historicos-shows-en-puerto-rico-cuando-y-como-verlo-en-vivo-desde-ecuador\\\/\"]}]},{\"@type\":\"ImageObject\",\"inLanguage\":\"es\",\"@id\":\"https:\\\/\\\/www.quebakan.com\\\/v15\\\/bad-bunny-transmitira-el-ultimo-de-sus-historicos-shows-en-puerto-rico-cuando-y-como-verlo-en-vivo-desde-ecuador\\\/#primaryimage\",\"url\":\"https:\\\/\\\/www.quebakan.com\\\/v15\\\/wp-content\\\/uploads\\\/2025\\\/09\\\/BB-NMQIDA.jpg\",\"contentUrl\":\"https:\\\/\\\/www.quebakan.com\\\/v15\\\/wp-content\\\/uploads\\\/2025\\\/09\\\/BB-NMQIDA.jpg\",\"width\":700,\"height\":699},{\"@type\":\"BreadcrumbList\",\"@id\":\"https:\\\/\\\/www.quebakan.com\\\/v15\\\/bad-bunny-transmitira-el-ultimo-de-sus-historicos-shows-en-puerto-rico-cuando-y-como-verlo-en-vivo-desde-ecuador\\\/#breadcrumb\",\"itemListElement\":[{\"@type\":\"ListItem\",\"position\":1,\"name\":\"Portada\",\"item\":\"https:\\\/\\\/www.quebakan.com\\\/v15\\\/\"},{\"@type\":\"ListItem\",\"position\":2,\"name\":\"Bad Bunny transmitir\u00e1 el \u00faltimo de sus hist\u00f3ricos shows en Puerto Rico: cu\u00e1ndo y c\u00f3mo verlo en vivo desde Ecuador\"}]},{\"@type\":\"WebSite\",\"@id\":\"https:\\\/\\\/www.quebakan.com\\\/v15\\\/#website\",\"url\":\"https:\\\/\\\/www.quebakan.com\\\/v15\\\/\",\"name\":\"QUEBAKAN\",\"description\":\"..\",\"publisher\":{\"@id\":\"https:\\\/\\\/www.quebakan.com\\\/v15\\\/#organization\"},\"potentialAction\":[{\"@type\":\"SearchAction\",\"target\":{\"@type\":\"EntryPoint\",\"urlTemplate\":\"https:\\\/\\\/www.quebakan.com\\\/v15\\\/?s={search_term_string}\"},\"query-input\":{\"@type\":\"PropertyValueSpecification\",\"valueRequired\":true,\"valueName\":\"search_term_string\"}}],\"inLanguage\":\"es\"},{\"@type\":\"Organization\",\"@id\":\"https:\\\/\\\/www.quebakan.com\\\/v15\\\/#organization\",\"name\":\"Quebakan.com\",\"url\":\"https:\\\/\\\/www.quebakan.com\\\/v15\\\/\",\"logo\":{\"@type\":\"ImageObject\",\"inLanguage\":\"es\",\"@id\":\"https:\\\/\\\/www.quebakan.com\\\/v15\\\/#\\\/schema\\\/logo\\\/image\\\/\",\"url\":\"https:\\\/\\\/www.quebakan.com\\\/v15\\\/wp-content\\\/uploads\\\/2023\\\/07\\\/logoquebakanenero2021.jpg\",\"contentUrl\":\"https:\\\/\\\/www.quebakan.com\\\/v15\\\/wp-content\\\/uploads\\\/2023\\\/07\\\/logoquebakanenero2021.jpg\",\"width\":1920,\"height\":1080,\"caption\":\"Quebakan.com\"},\"image\":{\"@id\":\"https:\\\/\\\/www.quebakan.com\\\/v15\\\/#\\\/schema\\\/logo\\\/image\\\/\"},\"sameAs\":[\"http:\\\/\\\/www.facebook.com\\\/quebakan\",\"https:\\\/\\\/x.com\\\/quebakanec\",\"http:\\\/\\\/www.instagram.com\\\/quebakan\",\"http:\\\/\\\/www.youtube.com\\\/quebakan1\"]},{\"@type\":\"Person\",\"@id\":\"https:\\\/\\\/www.quebakan.com\\\/v15\\\/#\\\/schema\\\/person\\\/d90fa9f9cfa81eb8ace9811e5b7b9118\",\"name\":\"Erick Villafuerte\",\"image\":{\"@type\":\"ImageObject\",\"inLanguage\":\"es\",\"@id\":\"https:\\\/\\\/www.quebakan.com\\\/v15\\\/wp-content\\\/uploads\\\/avatars\\\/4\\\/1731297654-bpfull.png\",\"url\":\"https:\\\/\\\/www.quebakan.com\\\/v15\\\/wp-content\\\/uploads\\\/avatars\\\/4\\\/1731297654-bpfull.png\",\"contentUrl\":\"https:\\\/\\\/www.quebakan.com\\\/v15\\\/wp-content\\\/uploads\\\/avatars\\\/4\\\/1731297654-bpfull.png\",\"caption\":\"Erick Villafuerte\"}}]}<\/script>\n<!-- \/ Yoast SEO plugin. -->","yoast_head_json":{"title":"Bad Bunny transmitir\u00e1 el \u00faltimo de sus hist\u00f3ricos shows en Puerto Rico: cu\u00e1ndo y c\u00f3mo verlo en vivo desde Ecuador &#8211; QUEBAKAN.COM 2026: Noticias, Eventos, Conciertos y mucho m\u00e1s....","robots":{"index":"index","follow":"follow","max-snippet":"max-snippet:-1","max-image-preview":"max-image-preview:large","max-video-preview":"max-video-preview:-1"},"canonical":"https:\/\/www.quebakan.com\/v15\/bad-bunny-transmitira-el-ultimo-de-sus-historicos-shows-en-puerto-rico-cuando-y-como-verlo-en-vivo-desde-ecuador\/","og_locale":"es_ES","og_type":"article","og_title":"Bad Bunny transmitir\u00e1 el \u00faltimo de sus hist\u00f3ricos shows en Puerto Rico: cu\u00e1ndo y c\u00f3mo verlo en vivo desde Ecuador &#8211; QUEBAKAN.COM 2026: Noticias, Eventos, Conciertos y mucho m\u00e1s....","og_description":"El concierto que coronar\u00e1 sus 30 presentaciones r\u00e9cord en San Juan se emitir\u00e1 el pr\u00f3ximo s\u00e1bado, a las 21:30. Estar\u00e1 disponible para los clientes de DIRECTV y DGO. Buenos Aires, 18 de septiembre de 2025. \u2013 La mundialmente reconocida estrella de la m\u00fasica latina Bad Bunny cerrar\u00e1 sus hist\u00f3ricas presentaciones en Puerto Rico con la [&hellip;]","og_url":"https:\/\/www.quebakan.com\/v15\/bad-bunny-transmitira-el-ultimo-de-sus-historicos-shows-en-puerto-rico-cuando-y-como-verlo-en-vivo-desde-ecuador\/","og_site_name":"QUEBAKAN.COM 2026: Noticias, Eventos, Conciertos y mucho m\u00e1s....","article_publisher":"http:\/\/www.facebook.com\/quebakan","article_published_time":"2025-09-19T04:03:21+00:00","og_image":[{"width":700,"height":699,"url":"https:\/\/www.quebakan.com\/v15\/wp-content\/uploads\/2025\/09\/BB-NMQIDA.jpg","type":"image\/jpeg"}],"author":"Erick Villafuerte","twitter_card":"summary_large_image","twitter_creator":"@quebakanec","twitter_site":"@quebakanec","twitter_misc":{"Escrito por":"Erick Villafuerte","Tiempo de lectura":"2 minutos"},"schema":{"@context":"https:\/\/schema.org","@graph":[{"@type":"Article","@id":"https:\/\/www.quebakan.com\/v15\/bad-bunny-transmitira-el-ultimo-de-sus-historicos-shows-en-puerto-rico-cuando-y-como-verlo-en-vivo-desde-ecuador\/#article","isPartOf":{"@id":"https:\/\/www.quebakan.com\/v15\/bad-bunny-transmitira-el-ultimo-de-sus-historicos-shows-en-puerto-rico-cuando-y-como-verlo-en-vivo-desde-ecuador\/"},"author":{"name":"Erick Villafuerte","@id":"https:\/\/www.quebakan.com\/v15\/#\/schema\/person\/d90fa9f9cfa81eb8ace9811e5b7b9118"},"headline":"Bad Bunny transmitir\u00e1 el \u00faltimo de sus hist\u00f3ricos shows en Puerto Rico: cu\u00e1ndo y c\u00f3mo verlo en vivo desde Ecuador","datePublished":"2025-09-19T04:03:21+00:00","mainEntityOfPage":{"@id":"https:\/\/www.quebakan.com\/v15\/bad-bunny-transmitira-el-ultimo-de-sus-historicos-shows-en-puerto-rico-cuando-y-como-verlo-en-vivo-desde-ecuador\/"},"wordCount":334,"publisher":{"@id":"https:\/\/www.quebakan.com\/v15\/#organization"},"image":{"@id":"https:\/\/www.quebakan.com\/v15\/bad-bunny-transmitira-el-ultimo-de-sus-historicos-shows-en-puerto-rico-cuando-y-como-verlo-en-vivo-desde-ecuador\/#primaryimage"},"thumbnailUrl":"https:\/\/www.quebakan.com\/v15\/wp-content\/uploads\/2025\/09\/BB-NMQIDA.jpg","articleSection":["Noticias"],"inLanguage":"es"},{"@type":"WebPage","@id":"https:\/\/www.quebakan.com\/v15\/bad-bunny-transmitira-el-ultimo-de-sus-historicos-shows-en-puerto-rico-cuando-y-como-verlo-en-vivo-desde-ecuador\/","url":"https:\/\/www.quebakan.com\/v15\/bad-bunny-transmitira-el-ultimo-de-sus-historicos-shows-en-puerto-rico-cuando-y-como-verlo-en-vivo-desde-ecuador\/","name":"Bad Bunny transmitir\u00e1 el \u00faltimo de sus hist\u00f3ricos shows en Puerto Rico: cu\u00e1ndo y c\u00f3mo verlo en vivo desde Ecuador &#8211; QUEBAKAN.COM 2026: Noticias, Eventos, Conciertos y mucho m\u00e1s....","isPartOf":{"@id":"https:\/\/www.quebakan.com\/v15\/#website"},"primaryImageOfPage":{"@id":"https:\/\/www.quebakan.com\/v15\/bad-bunny-transmitira-el-ultimo-de-sus-historicos-shows-en-puerto-rico-cuando-y-como-verlo-en-vivo-desde-ecuador\/#primaryimage"},"image":{"@id":"https:\/\/www.quebakan.com\/v15\/bad-bunny-transmitira-el-ultimo-de-sus-historicos-shows-en-puerto-rico-cuando-y-como-verlo-en-vivo-desde-ecuador\/#primaryimage"},"thumbnailUrl":"https:\/\/www.quebakan.com\/v15\/wp-content\/uploads\/2025\/09\/BB-NMQIDA.jpg","datePublished":"2025-09-19T04:03:21+00:00","breadcrumb":{"@id":"https:\/\/www.quebakan.com\/v15\/bad-bunny-transmitira-el-ultimo-de-sus-historicos-shows-en-puerto-rico-cuando-y-como-verlo-en-vivo-desde-ecuador\/#breadcrumb"},"inLanguage":"es","potentialAction":[{"@type":"ReadAction","target":["https:\/\/www.quebakan.com\/v15\/bad-bunny-transmitira-el-ultimo-de-sus-historicos-shows-en-puerto-rico-cuando-y-como-verlo-en-vivo-desde-ecuador\/"]}]},{"@type":"ImageObject","inLanguage":"es","@id":"https:\/\/www.quebakan.com\/v15\/bad-bunny-transmitira-el-ultimo-de-sus-historicos-shows-en-puerto-rico-cuando-y-como-verlo-en-vivo-desde-ecuador\/#primaryimage","url":"https:\/\/www.quebakan.com\/v15\/wp-content\/uploads\/2025\/09\/BB-NMQIDA.jpg","contentUrl":"https:\/\/www.quebakan.com\/v15\/wp-content\/uploads\/2025\/09\/BB-NMQIDA.jpg","width":700,"height":699},{"@type":"BreadcrumbList","@id":"https:\/\/www.quebakan.com\/v15\/bad-bunny-transmitira-el-ultimo-de-sus-historicos-shows-en-puerto-rico-cuando-y-como-verlo-en-vivo-desde-ecuador\/#breadcrumb","itemListElement":[{"@type":"ListItem","position":1,"name":"Portada","item":"https:\/\/www.quebakan.com\/v15\/"},{"@type":"ListItem","position":2,"name":"Bad Bunny transmitir\u00e1 el \u00faltimo de sus hist\u00f3ricos shows en Puerto Rico: cu\u00e1ndo y c\u00f3mo verlo en vivo desde Ecuador"}]},{"@type":"WebSite","@id":"https:\/\/www.quebakan.com\/v15\/#website","url":"https:\/\/www.quebakan.com\/v15\/","name":"QUEBAKAN","description":"..","publisher":{"@id":"https:\/\/www.quebakan.com\/v15\/#organization"},"potentialAction":[{"@type":"SearchAction","target":{"@type":"EntryPoint","urlTemplate":"https:\/\/www.quebakan.com\/v15\/?s={search_term_string}"},"query-input":{"@type":"PropertyValueSpecification","valueRequired":true,"valueName":"search_term_string"}}],"inLanguage":"es"},{"@type":"Organization","@id":"https:\/\/www.quebakan.com\/v15\/#organization","name":"Quebakan.com","url":"https:\/\/www.quebakan.com\/v15\/","logo":{"@type":"ImageObject","inLanguage":"es","@id":"https:\/\/www.quebakan.com\/v15\/#\/schema\/logo\/image\/","url":"https:\/\/www.quebakan.com\/v15\/wp-content\/uploads\/2023\/07\/logoquebakanenero2021.jpg","contentUrl":"https:\/\/www.quebakan.com\/v15\/wp-content\/uploads\/2023\/07\/logoquebakanenero2021.jpg","width":1920,"height":1080,"caption":"Quebakan.com"},"image":{"@id":"https:\/\/www.quebakan.com\/v15\/#\/schema\/logo\/image\/"},"sameAs":["http:\/\/www.facebook.com\/quebakan","https:\/\/x.com\/quebakanec","http:\/\/www.instagram.com\/quebakan","http:\/\/www.youtube.com\/quebakan1"]},{"@type":"Person","@id":"https:\/\/www.quebakan.com\/v15\/#\/schema\/person\/d90fa9f9cfa81eb8ace9811e5b7b9118","name":"Erick Villafuerte","image":{"@type":"ImageObject","inLanguage":"es","@id":"https:\/\/www.quebakan.com\/v15\/wp-content\/uploads\/avatars\/4\/1731297654-bpfull.png","url":"https:\/\/www.quebakan.com\/v15\/wp-content\/uploads\/avatars\/4\/1731297654-bpfull.png","contentUrl":"https:\/\/www.quebakan.com\/v15\/wp-content\/uploads\/avatars\/4\/1731297654-bpfull.png","caption":"Erick Villafuerte"}}]}},"_links":{"self":[{"href":"https:\/\/www.quebakan.com\/v15\/wp-json\/wp\/v2\/posts\/135337","targetHints":{"allow":["GET"]}}],"collection":[{"href":"https:\/\/www.quebakan.com\/v15\/wp-json\/wp\/v2\/posts"}],"about":[{"href":"https:\/\/www.quebakan.com\/v15\/wp-json\/wp\/v2\/types\/post"}],"author":[{"embeddable":true,"href":"https:\/\/www.quebakan.com\/v15\/wp-json\/wp\/v2\/users\/4"}],"replies":[{"embeddable":true,"href":"https:\/\/www.quebakan.com\/v15\/wp-json\/wp\/v2\/comments?post=135337"}],"version-history":[{"count":1,"href":"https:\/\/www.quebakan.com\/v15\/wp-json\/wp\/v2\/posts\/135337\/revisions"}],"predecessor-version":[{"id":135339,"href":"https:\/\/www.quebakan.com\/v15\/wp-json\/wp\/v2\/posts\/135337\/revisions\/135339"}],"wp:featuredmedia":[{"embeddable":true,"href":"https:\/\/www.quebakan.com\/v15\/wp-json\/wp\/v2\/media\/135338"}],"wp:attachment":[{"href":"https:\/\/www.quebakan.com\/v15\/wp-json\/wp\/v2\/media?parent=135337"}],"wp:term":[{"taxonomy":"category","embeddable":true,"href":"https:\/\/www.quebakan.com\/v15\/wp-json\/wp\/v2\/categories?post=135337"},{"taxonomy":"post_tag","embeddable":true,"href":"https:\/\/www.quebakan.com\/v15\/wp-json\/wp\/v2\/tags?post=135337"}],"curies":[{"name":"wp","href":"https:\/\/api.w.org\/{rel}","templated":true}]}}