{"id":135348,"date":"2025-09-18T23:48:49","date_gmt":"2025-09-19T04:48:49","guid":{"rendered":"https:\/\/www.quebakan.com\/v15\/?p=135348"},"modified":"2025-09-18T23:48:49","modified_gmt":"2025-09-19T04:48:49","slug":"arequipe-y-schullo-se-unen-para-crear-una-propuesta-de-sabor-unica","status":"publish","type":"post","link":"https:\/\/www.quebakan.com\/v15\/arequipe-y-schullo-se-unen-para-crear-una-propuesta-de-sabor-unica\/","title":{"rendered":"Arequipe y Schullo se unen para crear una propuesta de sabor \u00fanica"},"content":{"rendered":"<p><img fetchpriority=\"high\" decoding=\"async\" class=\"aligncenter size-full wp-image-135349\" src=\"https:\/\/www.quebakan.com\/v15\/wp-content\/uploads\/2025\/09\/Foto-oficial_Arequipe.jpg\" alt=\"\" width=\"700\" height=\"394\" \/><\/p>\n<p style=\"text-align: center;\"><span style=\"color: #000000;\"><strong>Pie de foto:<\/strong> Resultado de la alianza de dos marcas ecuatorianas nace el nuevo Arequipe con Crema de Man\u00ed <\/span><\/p>\n<p style=\"text-align: justify;\"><span style=\"color: #000000;\">Ecuador, septiembre de 2025.- Alpina Ecuador, con 30 a\u00f1os de historia en el pa\u00eds, presenta su \u00faltima innovaci\u00f3n: Arequipe con Crema de Man\u00ed, fruto de la alianza con Schullo, l\u00edder nacional en crema de man\u00ed. Esta fusi\u00f3n \u00fanica de sabores llega paratransformar los momentos indulgentes del mercado ecuatoriano, ofreciendo una experiencia que combina tradici\u00f3n, sabor y creatividad en cada bocado.<\/span><\/p>\n<p style=\"text-align: justify;\"><span style=\"color: #000000;\">Este producto une dos referentes de sabor, el dulce y cremoso arequipe de Alpina con el perfil tostado y ligeramente salado de la crema de man\u00ed de Schullo. El resultado es una textura suave, sabor equilibrado y lleno de versatilidad; ideal para quienes buscan una opci\u00f3n rica y pr\u00e1ctica para disfrutar en diferentes momentos del d\u00eda. Luis Armend\u00e1riz, Jefe de Marketing de Alpina Ecuador destaca \u201cEn Alpina buscamos sorprender a nuestros consumidores con propuestas innovadoras que unan sabor y nutrici\u00f3n. Identificamos la oportunidad de combinar lo dulce y lo salado en un solo producto que se disfruta solo, con frutas, galletas, pan, etc, ofreciendo una experiencia \u00fanica que combina placer y valor nutricional.\u201d<\/span><\/p>\n<p style=\"text-align: justify;\"><span style=\"color: #000000;\">Por su lado, Ramiro Simba\u00f1a representante de Schullo expresa \u201cLa alianza de dos marcas de fabricante de muy alta calidad como ALPINA y SCHULLO marca un hito creando un producto a la par indulgente y nutritivo para consumidores que atesoran lo mejor\u201d.<\/span><\/p>\n<p style=\"text-align: justify;\"><span style=\"color: #000000;\">Con esta nueva apuesta, Alpina reafirma su liderazgo dentro del sector de alimentos y su visi\u00f3n de seguir generando alianzas con actores clave del mercado nacional, para ofrecer productos que respondan a las tendencias actuales de consumo, sin dejar de lado el sabor, la tradici\u00f3n y el disfrute. <\/span><\/p>\n","protected":false},"excerpt":{"rendered":"<p>Pie de foto: Resultado de la alianza de dos marcas ecuatorianas nace el nuevo Arequipe con Crema de Man\u00ed Ecuador, septiembre de 2025.- Alpina Ecuador, con 30 a\u00f1os de historia en el pa\u00eds, presenta su \u00faltima innovaci\u00f3n: Arequipe con Crema de Man\u00ed, fruto de la alianza con Schullo, l\u00edder nacional en crema de man\u00ed. Esta [&hellip;]<\/p>\n","protected":false},"author":4,"featured_media":135349,"comment_status":"closed","ping_status":"closed","sticky":false,"template":"","format":"standard","meta":{"_bbp_topic_count":0,"_bbp_reply_count":0,"_bbp_total_topic_count":0,"_bbp_total_reply_count":0,"_bbp_voice_count":0,"_bbp_anonymous_reply_count":0,"_bbp_topic_count_hidden":0,"_bbp_reply_count_hidden":0,"_bbp_forum_subforum_count":0,"buzzeditor_post_format":"","footnotes":""},"categories":[2],"tags":[],"class_list":["post-135348","post","type-post","status-publish","format-standard","has-post-thumbnail","hentry","category-noticias"],"yoast_head":"<!-- This site is optimized with the Yoast SEO plugin v27.5 - https:\/\/yoast.com\/product\/yoast-seo-wordpress\/ -->\n<title>Arequipe y Schullo se unen para crear una propuesta de sabor \u00fanica &#8211; QUEBAKAN.COM 2026: Noticias, Eventos, Conciertos y mucho m\u00e1s....<\/title>\n<meta name=\"robots\" content=\"index, follow, max-snippet:-1, max-image-preview:large, max-video-preview:-1\" \/>\n<link rel=\"canonical\" href=\"https:\/\/www.quebakan.com\/v15\/arequipe-y-schullo-se-unen-para-crear-una-propuesta-de-sabor-unica\/\" \/>\n<meta property=\"og:locale\" content=\"es_ES\" \/>\n<meta property=\"og:type\" content=\"article\" \/>\n<meta property=\"og:title\" content=\"Arequipe y Schullo se unen para crear una propuesta de sabor \u00fanica &#8211; QUEBAKAN.COM 2026: Noticias, Eventos, Conciertos y mucho m\u00e1s....\" \/>\n<meta property=\"og:description\" content=\"Pie de foto: Resultado de la alianza de dos marcas ecuatorianas nace el nuevo Arequipe con Crema de Man\u00ed Ecuador, septiembre de 2025.- Alpina Ecuador, con 30 a\u00f1os de historia en el pa\u00eds, presenta su \u00faltima innovaci\u00f3n: Arequipe con Crema de Man\u00ed, fruto de la alianza con Schullo, l\u00edder nacional en crema de man\u00ed. Esta [&hellip;]\" \/>\n<meta property=\"og:url\" content=\"https:\/\/www.quebakan.com\/v15\/arequipe-y-schullo-se-unen-para-crear-una-propuesta-de-sabor-unica\/\" \/>\n<meta property=\"og:site_name\" content=\"QUEBAKAN.COM 2026: Noticias, Eventos, Conciertos y mucho m\u00e1s....\" \/>\n<meta property=\"article:publisher\" content=\"http:\/\/www.facebook.com\/quebakan\" \/>\n<meta property=\"article:published_time\" content=\"2025-09-19T04:48:49+00:00\" \/>\n<meta property=\"og:image\" content=\"https:\/\/www.quebakan.com\/v15\/wp-content\/uploads\/2025\/09\/Foto-oficial_Arequipe.jpg\" \/>\n\t<meta property=\"og:image:width\" content=\"700\" \/>\n\t<meta property=\"og:image:height\" content=\"394\" \/>\n\t<meta property=\"og:image:type\" content=\"image\/jpeg\" \/>\n<meta name=\"author\" content=\"Erick Villafuerte\" \/>\n<meta name=\"twitter:card\" content=\"summary_large_image\" \/>\n<meta name=\"twitter:creator\" content=\"@quebakanec\" \/>\n<meta name=\"twitter:site\" content=\"@quebakanec\" \/>\n<meta name=\"twitter:label1\" content=\"Escrito por\" \/>\n\t<meta name=\"twitter:data1\" content=\"Erick Villafuerte\" \/>\n\t<meta name=\"twitter:label2\" content=\"Tiempo de lectura\" \/>\n\t<meta name=\"twitter:data2\" content=\"2 minutos\" \/>\n<script type=\"application\/ld+json\" class=\"yoast-schema-graph\">{\"@context\":\"https:\\\/\\\/schema.org\",\"@graph\":[{\"@type\":\"Article\",\"@id\":\"https:\\\/\\\/www.quebakan.com\\\/v15\\\/arequipe-y-schullo-se-unen-para-crear-una-propuesta-de-sabor-unica\\\/#article\",\"isPartOf\":{\"@id\":\"https:\\\/\\\/www.quebakan.com\\\/v15\\\/arequipe-y-schullo-se-unen-para-crear-una-propuesta-de-sabor-unica\\\/\"},\"author\":{\"name\":\"Erick Villafuerte\",\"@id\":\"https:\\\/\\\/www.quebakan.com\\\/v15\\\/#\\\/schema\\\/person\\\/d90fa9f9cfa81eb8ace9811e5b7b9118\"},\"headline\":\"Arequipe y Schullo se unen para crear una propuesta de sabor \u00fanica\",\"datePublished\":\"2025-09-19T04:48:49+00:00\",\"mainEntityOfPage\":{\"@id\":\"https:\\\/\\\/www.quebakan.com\\\/v15\\\/arequipe-y-schullo-se-unen-para-crear-una-propuesta-de-sabor-unica\\\/\"},\"wordCount\":307,\"publisher\":{\"@id\":\"https:\\\/\\\/www.quebakan.com\\\/v15\\\/#organization\"},\"image\":{\"@id\":\"https:\\\/\\\/www.quebakan.com\\\/v15\\\/arequipe-y-schullo-se-unen-para-crear-una-propuesta-de-sabor-unica\\\/#primaryimage\"},\"thumbnailUrl\":\"https:\\\/\\\/www.quebakan.com\\\/v15\\\/wp-content\\\/uploads\\\/2025\\\/09\\\/Foto-oficial_Arequipe.jpg\",\"articleSection\":[\"Noticias\"],\"inLanguage\":\"es\"},{\"@type\":\"WebPage\",\"@id\":\"https:\\\/\\\/www.quebakan.com\\\/v15\\\/arequipe-y-schullo-se-unen-para-crear-una-propuesta-de-sabor-unica\\\/\",\"url\":\"https:\\\/\\\/www.quebakan.com\\\/v15\\\/arequipe-y-schullo-se-unen-para-crear-una-propuesta-de-sabor-unica\\\/\",\"name\":\"Arequipe y Schullo se unen para crear una propuesta de sabor \u00fanica &#8211; QUEBAKAN.COM 2026: Noticias, Eventos, Conciertos y mucho m\u00e1s....\",\"isPartOf\":{\"@id\":\"https:\\\/\\\/www.quebakan.com\\\/v15\\\/#website\"},\"primaryImageOfPage\":{\"@id\":\"https:\\\/\\\/www.quebakan.com\\\/v15\\\/arequipe-y-schullo-se-unen-para-crear-una-propuesta-de-sabor-unica\\\/#primaryimage\"},\"image\":{\"@id\":\"https:\\\/\\\/www.quebakan.com\\\/v15\\\/arequipe-y-schullo-se-unen-para-crear-una-propuesta-de-sabor-unica\\\/#primaryimage\"},\"thumbnailUrl\":\"https:\\\/\\\/www.quebakan.com\\\/v15\\\/wp-content\\\/uploads\\\/2025\\\/09\\\/Foto-oficial_Arequipe.jpg\",\"datePublished\":\"2025-09-19T04:48:49+00:00\",\"breadcrumb\":{\"@id\":\"https:\\\/\\\/www.quebakan.com\\\/v15\\\/arequipe-y-schullo-se-unen-para-crear-una-propuesta-de-sabor-unica\\\/#breadcrumb\"},\"inLanguage\":\"es\",\"potentialAction\":[{\"@type\":\"ReadAction\",\"target\":[\"https:\\\/\\\/www.quebakan.com\\\/v15\\\/arequipe-y-schullo-se-unen-para-crear-una-propuesta-de-sabor-unica\\\/\"]}]},{\"@type\":\"ImageObject\",\"inLanguage\":\"es\",\"@id\":\"https:\\\/\\\/www.quebakan.com\\\/v15\\\/arequipe-y-schullo-se-unen-para-crear-una-propuesta-de-sabor-unica\\\/#primaryimage\",\"url\":\"https:\\\/\\\/www.quebakan.com\\\/v15\\\/wp-content\\\/uploads\\\/2025\\\/09\\\/Foto-oficial_Arequipe.jpg\",\"contentUrl\":\"https:\\\/\\\/www.quebakan.com\\\/v15\\\/wp-content\\\/uploads\\\/2025\\\/09\\\/Foto-oficial_Arequipe.jpg\",\"width\":700,\"height\":394},{\"@type\":\"BreadcrumbList\",\"@id\":\"https:\\\/\\\/www.quebakan.com\\\/v15\\\/arequipe-y-schullo-se-unen-para-crear-una-propuesta-de-sabor-unica\\\/#breadcrumb\",\"itemListElement\":[{\"@type\":\"ListItem\",\"position\":1,\"name\":\"Portada\",\"item\":\"https:\\\/\\\/www.quebakan.com\\\/v15\\\/\"},{\"@type\":\"ListItem\",\"position\":2,\"name\":\"Arequipe y Schullo se unen para crear una propuesta de sabor \u00fanica\"}]},{\"@type\":\"WebSite\",\"@id\":\"https:\\\/\\\/www.quebakan.com\\\/v15\\\/#website\",\"url\":\"https:\\\/\\\/www.quebakan.com\\\/v15\\\/\",\"name\":\"QUEBAKAN\",\"description\":\"..\",\"publisher\":{\"@id\":\"https:\\\/\\\/www.quebakan.com\\\/v15\\\/#organization\"},\"potentialAction\":[{\"@type\":\"SearchAction\",\"target\":{\"@type\":\"EntryPoint\",\"urlTemplate\":\"https:\\\/\\\/www.quebakan.com\\\/v15\\\/?s={search_term_string}\"},\"query-input\":{\"@type\":\"PropertyValueSpecification\",\"valueRequired\":true,\"valueName\":\"search_term_string\"}}],\"inLanguage\":\"es\"},{\"@type\":\"Organization\",\"@id\":\"https:\\\/\\\/www.quebakan.com\\\/v15\\\/#organization\",\"name\":\"Quebakan.com\",\"url\":\"https:\\\/\\\/www.quebakan.com\\\/v15\\\/\",\"logo\":{\"@type\":\"ImageObject\",\"inLanguage\":\"es\",\"@id\":\"https:\\\/\\\/www.quebakan.com\\\/v15\\\/#\\\/schema\\\/logo\\\/image\\\/\",\"url\":\"https:\\\/\\\/www.quebakan.com\\\/v15\\\/wp-content\\\/uploads\\\/2023\\\/07\\\/logoquebakanenero2021.jpg\",\"contentUrl\":\"https:\\\/\\\/www.quebakan.com\\\/v15\\\/wp-content\\\/uploads\\\/2023\\\/07\\\/logoquebakanenero2021.jpg\",\"width\":1920,\"height\":1080,\"caption\":\"Quebakan.com\"},\"image\":{\"@id\":\"https:\\\/\\\/www.quebakan.com\\\/v15\\\/#\\\/schema\\\/logo\\\/image\\\/\"},\"sameAs\":[\"http:\\\/\\\/www.facebook.com\\\/quebakan\",\"https:\\\/\\\/x.com\\\/quebakanec\",\"http:\\\/\\\/www.instagram.com\\\/quebakan\",\"http:\\\/\\\/www.youtube.com\\\/quebakan1\"]},{\"@type\":\"Person\",\"@id\":\"https:\\\/\\\/www.quebakan.com\\\/v15\\\/#\\\/schema\\\/person\\\/d90fa9f9cfa81eb8ace9811e5b7b9118\",\"name\":\"Erick Villafuerte\",\"image\":{\"@type\":\"ImageObject\",\"inLanguage\":\"es\",\"@id\":\"https:\\\/\\\/www.quebakan.com\\\/v15\\\/wp-content\\\/uploads\\\/avatars\\\/4\\\/1731297654-bpfull.png\",\"url\":\"https:\\\/\\\/www.quebakan.com\\\/v15\\\/wp-content\\\/uploads\\\/avatars\\\/4\\\/1731297654-bpfull.png\",\"contentUrl\":\"https:\\\/\\\/www.quebakan.com\\\/v15\\\/wp-content\\\/uploads\\\/avatars\\\/4\\\/1731297654-bpfull.png\",\"caption\":\"Erick Villafuerte\"}}]}<\/script>\n<!-- \/ Yoast SEO plugin. -->","yoast_head_json":{"title":"Arequipe y Schullo se unen para crear una propuesta de sabor \u00fanica &#8211; QUEBAKAN.COM 2026: Noticias, Eventos, Conciertos y mucho m\u00e1s....","robots":{"index":"index","follow":"follow","max-snippet":"max-snippet:-1","max-image-preview":"max-image-preview:large","max-video-preview":"max-video-preview:-1"},"canonical":"https:\/\/www.quebakan.com\/v15\/arequipe-y-schullo-se-unen-para-crear-una-propuesta-de-sabor-unica\/","og_locale":"es_ES","og_type":"article","og_title":"Arequipe y Schullo se unen para crear una propuesta de sabor \u00fanica &#8211; QUEBAKAN.COM 2026: Noticias, Eventos, Conciertos y mucho m\u00e1s....","og_description":"Pie de foto: Resultado de la alianza de dos marcas ecuatorianas nace el nuevo Arequipe con Crema de Man\u00ed Ecuador, septiembre de 2025.- Alpina Ecuador, con 30 a\u00f1os de historia en el pa\u00eds, presenta su \u00faltima innovaci\u00f3n: Arequipe con Crema de Man\u00ed, fruto de la alianza con Schullo, l\u00edder nacional en crema de man\u00ed. Esta [&hellip;]","og_url":"https:\/\/www.quebakan.com\/v15\/arequipe-y-schullo-se-unen-para-crear-una-propuesta-de-sabor-unica\/","og_site_name":"QUEBAKAN.COM 2026: Noticias, Eventos, Conciertos y mucho m\u00e1s....","article_publisher":"http:\/\/www.facebook.com\/quebakan","article_published_time":"2025-09-19T04:48:49+00:00","og_image":[{"width":700,"height":394,"url":"https:\/\/www.quebakan.com\/v15\/wp-content\/uploads\/2025\/09\/Foto-oficial_Arequipe.jpg","type":"image\/jpeg"}],"author":"Erick Villafuerte","twitter_card":"summary_large_image","twitter_creator":"@quebakanec","twitter_site":"@quebakanec","twitter_misc":{"Escrito por":"Erick Villafuerte","Tiempo de lectura":"2 minutos"},"schema":{"@context":"https:\/\/schema.org","@graph":[{"@type":"Article","@id":"https:\/\/www.quebakan.com\/v15\/arequipe-y-schullo-se-unen-para-crear-una-propuesta-de-sabor-unica\/#article","isPartOf":{"@id":"https:\/\/www.quebakan.com\/v15\/arequipe-y-schullo-se-unen-para-crear-una-propuesta-de-sabor-unica\/"},"author":{"name":"Erick Villafuerte","@id":"https:\/\/www.quebakan.com\/v15\/#\/schema\/person\/d90fa9f9cfa81eb8ace9811e5b7b9118"},"headline":"Arequipe y Schullo se unen para crear una propuesta de sabor \u00fanica","datePublished":"2025-09-19T04:48:49+00:00","mainEntityOfPage":{"@id":"https:\/\/www.quebakan.com\/v15\/arequipe-y-schullo-se-unen-para-crear-una-propuesta-de-sabor-unica\/"},"wordCount":307,"publisher":{"@id":"https:\/\/www.quebakan.com\/v15\/#organization"},"image":{"@id":"https:\/\/www.quebakan.com\/v15\/arequipe-y-schullo-se-unen-para-crear-una-propuesta-de-sabor-unica\/#primaryimage"},"thumbnailUrl":"https:\/\/www.quebakan.com\/v15\/wp-content\/uploads\/2025\/09\/Foto-oficial_Arequipe.jpg","articleSection":["Noticias"],"inLanguage":"es"},{"@type":"WebPage","@id":"https:\/\/www.quebakan.com\/v15\/arequipe-y-schullo-se-unen-para-crear-una-propuesta-de-sabor-unica\/","url":"https:\/\/www.quebakan.com\/v15\/arequipe-y-schullo-se-unen-para-crear-una-propuesta-de-sabor-unica\/","name":"Arequipe y Schullo se unen para crear una propuesta de sabor \u00fanica &#8211; QUEBAKAN.COM 2026: Noticias, Eventos, Conciertos y mucho m\u00e1s....","isPartOf":{"@id":"https:\/\/www.quebakan.com\/v15\/#website"},"primaryImageOfPage":{"@id":"https:\/\/www.quebakan.com\/v15\/arequipe-y-schullo-se-unen-para-crear-una-propuesta-de-sabor-unica\/#primaryimage"},"image":{"@id":"https:\/\/www.quebakan.com\/v15\/arequipe-y-schullo-se-unen-para-crear-una-propuesta-de-sabor-unica\/#primaryimage"},"thumbnailUrl":"https:\/\/www.quebakan.com\/v15\/wp-content\/uploads\/2025\/09\/Foto-oficial_Arequipe.jpg","datePublished":"2025-09-19T04:48:49+00:00","breadcrumb":{"@id":"https:\/\/www.quebakan.com\/v15\/arequipe-y-schullo-se-unen-para-crear-una-propuesta-de-sabor-unica\/#breadcrumb"},"inLanguage":"es","potentialAction":[{"@type":"ReadAction","target":["https:\/\/www.quebakan.com\/v15\/arequipe-y-schullo-se-unen-para-crear-una-propuesta-de-sabor-unica\/"]}]},{"@type":"ImageObject","inLanguage":"es","@id":"https:\/\/www.quebakan.com\/v15\/arequipe-y-schullo-se-unen-para-crear-una-propuesta-de-sabor-unica\/#primaryimage","url":"https:\/\/www.quebakan.com\/v15\/wp-content\/uploads\/2025\/09\/Foto-oficial_Arequipe.jpg","contentUrl":"https:\/\/www.quebakan.com\/v15\/wp-content\/uploads\/2025\/09\/Foto-oficial_Arequipe.jpg","width":700,"height":394},{"@type":"BreadcrumbList","@id":"https:\/\/www.quebakan.com\/v15\/arequipe-y-schullo-se-unen-para-crear-una-propuesta-de-sabor-unica\/#breadcrumb","itemListElement":[{"@type":"ListItem","position":1,"name":"Portada","item":"https:\/\/www.quebakan.com\/v15\/"},{"@type":"ListItem","position":2,"name":"Arequipe y Schullo se unen para crear una propuesta de sabor \u00fanica"}]},{"@type":"WebSite","@id":"https:\/\/www.quebakan.com\/v15\/#website","url":"https:\/\/www.quebakan.com\/v15\/","name":"QUEBAKAN","description":"..","publisher":{"@id":"https:\/\/www.quebakan.com\/v15\/#organization"},"potentialAction":[{"@type":"SearchAction","target":{"@type":"EntryPoint","urlTemplate":"https:\/\/www.quebakan.com\/v15\/?s={search_term_string}"},"query-input":{"@type":"PropertyValueSpecification","valueRequired":true,"valueName":"search_term_string"}}],"inLanguage":"es"},{"@type":"Organization","@id":"https:\/\/www.quebakan.com\/v15\/#organization","name":"Quebakan.com","url":"https:\/\/www.quebakan.com\/v15\/","logo":{"@type":"ImageObject","inLanguage":"es","@id":"https:\/\/www.quebakan.com\/v15\/#\/schema\/logo\/image\/","url":"https:\/\/www.quebakan.com\/v15\/wp-content\/uploads\/2023\/07\/logoquebakanenero2021.jpg","contentUrl":"https:\/\/www.quebakan.com\/v15\/wp-content\/uploads\/2023\/07\/logoquebakanenero2021.jpg","width":1920,"height":1080,"caption":"Quebakan.com"},"image":{"@id":"https:\/\/www.quebakan.com\/v15\/#\/schema\/logo\/image\/"},"sameAs":["http:\/\/www.facebook.com\/quebakan","https:\/\/x.com\/quebakanec","http:\/\/www.instagram.com\/quebakan","http:\/\/www.youtube.com\/quebakan1"]},{"@type":"Person","@id":"https:\/\/www.quebakan.com\/v15\/#\/schema\/person\/d90fa9f9cfa81eb8ace9811e5b7b9118","name":"Erick Villafuerte","image":{"@type":"ImageObject","inLanguage":"es","@id":"https:\/\/www.quebakan.com\/v15\/wp-content\/uploads\/avatars\/4\/1731297654-bpfull.png","url":"https:\/\/www.quebakan.com\/v15\/wp-content\/uploads\/avatars\/4\/1731297654-bpfull.png","contentUrl":"https:\/\/www.quebakan.com\/v15\/wp-content\/uploads\/avatars\/4\/1731297654-bpfull.png","caption":"Erick Villafuerte"}}]}},"_links":{"self":[{"href":"https:\/\/www.quebakan.com\/v15\/wp-json\/wp\/v2\/posts\/135348","targetHints":{"allow":["GET"]}}],"collection":[{"href":"https:\/\/www.quebakan.com\/v15\/wp-json\/wp\/v2\/posts"}],"about":[{"href":"https:\/\/www.quebakan.com\/v15\/wp-json\/wp\/v2\/types\/post"}],"author":[{"embeddable":true,"href":"https:\/\/www.quebakan.com\/v15\/wp-json\/wp\/v2\/users\/4"}],"replies":[{"embeddable":true,"href":"https:\/\/www.quebakan.com\/v15\/wp-json\/wp\/v2\/comments?post=135348"}],"version-history":[{"count":1,"href":"https:\/\/www.quebakan.com\/v15\/wp-json\/wp\/v2\/posts\/135348\/revisions"}],"predecessor-version":[{"id":135350,"href":"https:\/\/www.quebakan.com\/v15\/wp-json\/wp\/v2\/posts\/135348\/revisions\/135350"}],"wp:featuredmedia":[{"embeddable":true,"href":"https:\/\/www.quebakan.com\/v15\/wp-json\/wp\/v2\/media\/135349"}],"wp:attachment":[{"href":"https:\/\/www.quebakan.com\/v15\/wp-json\/wp\/v2\/media?parent=135348"}],"wp:term":[{"taxonomy":"category","embeddable":true,"href":"https:\/\/www.quebakan.com\/v15\/wp-json\/wp\/v2\/categories?post=135348"},{"taxonomy":"post_tag","embeddable":true,"href":"https:\/\/www.quebakan.com\/v15\/wp-json\/wp\/v2\/tags?post=135348"}],"curies":[{"name":"wp","href":"https:\/\/api.w.org\/{rel}","templated":true}]}}