{"id":135351,"date":"2025-09-19T00:07:35","date_gmt":"2025-09-19T05:07:35","guid":{"rendered":"https:\/\/www.quebakan.com\/v15\/?p=135351"},"modified":"2025-09-19T00:07:35","modified_gmt":"2025-09-19T05:07:35","slug":"femsa-salud-95-anos-comprometidos-con-la-salud-el-bienestar-y-el-planeta","status":"publish","type":"post","link":"https:\/\/www.quebakan.com\/v15\/femsa-salud-95-anos-comprometidos-con-la-salud-el-bienestar-y-el-planeta\/","title":{"rendered":"FEMSA SALUD: 95 A\u00d1OS COMPROMETIDOS CON LA SALUD, EL BIENESTAR Y EL PLANETA"},"content":{"rendered":"<p><img fetchpriority=\"high\" decoding=\"async\" class=\"aligncenter size-full wp-image-135353\" src=\"https:\/\/www.quebakan.com\/v15\/wp-content\/uploads\/2025\/09\/Portada.jpg\" alt=\"\" width=\"700\" height=\"394\" \/><\/p>\n<p style=\"text-align: justify;\"><span style=\"color: #000000;\"><strong>Ecuador, septiembre de 2025.-<\/strong> FEMSA Salud, con 95 a\u00f1os de trayectoria en el retail farmac\u00e9utico ecuatoriano a trav\u00e9s de sus marcas Fybeca y SanaSana, present\u00f3 su d\u00e9cimo cuarta Memoria de Sostenibilidad certificada bajo los est\u00e1ndares del Global Reporting Initiative (GRI). El informe refleja los avances de 2024 y ratifica su compromiso con los Objetivos de Desarrollo Sostenible, la transparencia y la construcci\u00f3n de una cultura de bienestar.<\/span><\/p>\n<p style=\"text-align: justify;\"><span style=\"color: #000000;\">Con presencia en las 24 provincias y una plantilla de m\u00e1s de 4.300 colaboradores, la empresa se consolida como una de las mayores empleadoras del pa\u00eds y uno de los lugares m\u00e1s escogidos para trabajar. Mantiene un compromiso firme con la equidad de g\u00e9nero con un 70 % de mujeres en su personal que ocupan el 46 % de los cargos de liderazgo. A trav\u00e9s de programas de formaci\u00f3n, liderazgo e innovaci\u00f3n, impulsa de manera constante la capacitaci\u00f3n de su equipo. Iniciativas como FEMSA Salud GO brindan oportunidades para que j\u00f3venes talentos viajen a M\u00e9xico y fortalezcan sus conocimientos en instituciones de prestigio como el Tecnol\u00f3gico de Monterrey.<\/span><\/p>\n<p style=\"text-align: justify;\"><span style=\"color: #000000;\">En el eje comunitario, Salud en Acci\u00f3n (Cap\u00edtulo Infancia Saludable) ofreci\u00f3 5.680 ex\u00e1menes y 1.420 consultas m\u00e9dicas a ni\u00f1os y ni\u00f1as, entreg\u00f3 m\u00e1s de 7.000 productos gratuitos y sum\u00f3 a 25 organizaciones aliadas. Junto a la Fundaci\u00f3n Operaci\u00f3n Sonrisa se realizaron 137 cirug\u00edas y 5.800 consultas, mientras la campa\u00f1a Dona y Ayuda, que se encuentra permanentemente activa en sus puntos de venta, recaud\u00f3 m\u00e1s de $500.000, beneficiando a los ni\u00f1os y ni\u00f1as que padecen de fisura de labio y paladar hendido. Adem\u00e1s, la empresa apoy\u00f3 iniciativas de nutrici\u00f3n, discapacidad y donaci\u00f3n de sangre, beneficiando a m\u00e1s de 19.000 personas.<\/span><\/p>\n<p style=\"text-align: justify;\"><span style=\"color: #000000;\">En sostenibilidad y cuidado del medio ambiente, la compa\u00f1\u00eda alcanz\u00f3 entre el 60 % y el 80 % de consumo el\u00e9ctrico con energ\u00eda solar, gestion\u00f3 m\u00e1s del 90 % de los residuos de su Centro de Distribuci\u00f3n y puso en marcha su primer cami\u00f3n 100 % el\u00e9ctrico, reduciendo 67 % de emisiones por ruta. Con el programa de recolecci\u00f3n de medicina en desuso gestion\u00f3 m\u00e1s de 520 kilos de medicamentos caducados para su correcta disposici\u00f3n.<\/span><\/p>\n<p style=\"text-align: justify;\"><span style=\"color: #000000;\">Sus marcas tambi\u00e9n crecieron con prop\u00f3sito, Fybeca consolid\u00f3 su liderazgo con m\u00e1s de 318 locales, 37 nuevas aperturas y un incremento del 26 % en ventas online, adem\u00e1s del lanzamiento de Fybeca Beauty. Por su parte, SanaSana super\u00f3 las 600 farmacias entre propias y franquicias, generando nuevas oportunidades para quienes quieren emprender un negocio propio de la mano de una marca con 25 a\u00f1os de trayectoria en el mercado.<\/span><\/p>\n<p style=\"text-align: justify;\"><span style=\"color: #000000;\">En 2024, la compa\u00f1\u00eda recibi\u00f3 por tercer a\u00f1o consecutivo el Distintivo ESR\u00ae (Empresa Socialmente Responsable) y fue reconocida por TikTok como caso global de \u00e9xito en campa\u00f1as digitales, al lograr m\u00e1s de 16.000 transacciones con un 21 % m\u00e1s de retorno sobre la inversi\u00f3n.<\/span><\/p>\n<p style=\"text-align: justify;\"><span style=\"color: #000000;\">Con estos resultados, FEMSA Salud Ecuador consolida su papel como un actor clave en la construcci\u00f3n de un modelo de salud m\u00e1s inclusivo, innovador y sostenible para el pa\u00eds. Adem\u00e1s, reafirma su compromiso de continuar velando por la salud y el bienestar de los ecuatorianos durante este 2025, impactando positivamente a los Objetivos de Desarrollo Sostenible de las Nacionas Unidas.<\/span><\/p>\n<p style=\"text-align: justify;\"><span style=\"color: #000000;\"><strong>Conoce m\u00e1s sobre su Memoria de Sostenibilidad en el siguiente enlace: <\/strong><a style=\"color: #000000;\" href=\"https:\/\/www.corporaciongpf.com\/memoria-sostenibilidad\/memoria-de-sostenibilidad-2024\/\"><strong>https:\/\/www.corporaciongpf.com\/memoria-sostenibilidad\/memoria-de-sostenibilidad-2024\/<\/strong><\/a><\/span><\/p>\n<p><img decoding=\"async\" class=\"aligncenter size-full wp-image-135354\" src=\"https:\/\/www.quebakan.com\/v15\/wp-content\/uploads\/2025\/09\/Infografia-datos-clave.jpg\" alt=\"\" width=\"715\" height=\"788\" srcset=\"https:\/\/www.quebakan.com\/v15\/wp-content\/uploads\/2025\/09\/Infografia-datos-clave.jpg 715w, https:\/\/www.quebakan.com\/v15\/wp-content\/uploads\/2025\/09\/Infografia-datos-clave-413x455.jpg 413w\" sizes=\"(max-width: 715px) 100vw, 715px\" \/><\/p>\n","protected":false},"excerpt":{"rendered":"<p>Ecuador, septiembre de 2025.- FEMSA Salud, con 95 a\u00f1os de trayectoria en el retail farmac\u00e9utico ecuatoriano a trav\u00e9s de sus marcas Fybeca y SanaSana, present\u00f3 su d\u00e9cimo cuarta Memoria de Sostenibilidad certificada bajo los est\u00e1ndares del Global Reporting Initiative (GRI). El informe refleja los avances de 2024 y ratifica su compromiso con los Objetivos de [&hellip;]<\/p>\n","protected":false},"author":4,"featured_media":135353,"comment_status":"closed","ping_status":"closed","sticky":false,"template":"","format":"standard","meta":{"_bbp_topic_count":0,"_bbp_reply_count":0,"_bbp_total_topic_count":0,"_bbp_total_reply_count":0,"_bbp_voice_count":0,"_bbp_anonymous_reply_count":0,"_bbp_topic_count_hidden":0,"_bbp_reply_count_hidden":0,"_bbp_forum_subforum_count":0,"buzzeditor_post_format":"","footnotes":""},"categories":[2],"tags":[],"class_list":["post-135351","post","type-post","status-publish","format-standard","has-post-thumbnail","hentry","category-noticias"],"yoast_head":"<!-- This site is optimized with the Yoast SEO plugin v27.5 - https:\/\/yoast.com\/product\/yoast-seo-wordpress\/ -->\n<title>FEMSA SALUD: 95 A\u00d1OS COMPROMETIDOS CON LA SALUD, EL BIENESTAR Y EL PLANETA &#8211; QUEBAKAN.COM 2026: Noticias, Eventos, Conciertos y mucho m\u00e1s....<\/title>\n<meta name=\"robots\" content=\"index, follow, max-snippet:-1, max-image-preview:large, max-video-preview:-1\" \/>\n<link rel=\"canonical\" href=\"https:\/\/www.quebakan.com\/v15\/femsa-salud-95-anos-comprometidos-con-la-salud-el-bienestar-y-el-planeta\/\" \/>\n<meta property=\"og:locale\" content=\"es_ES\" \/>\n<meta property=\"og:type\" content=\"article\" \/>\n<meta property=\"og:title\" content=\"FEMSA SALUD: 95 A\u00d1OS COMPROMETIDOS CON LA SALUD, EL BIENESTAR Y EL PLANETA &#8211; QUEBAKAN.COM 2026: Noticias, Eventos, Conciertos y mucho m\u00e1s....\" \/>\n<meta property=\"og:description\" content=\"Ecuador, septiembre de 2025.- FEMSA Salud, con 95 a\u00f1os de trayectoria en el retail farmac\u00e9utico ecuatoriano a trav\u00e9s de sus marcas Fybeca y SanaSana, present\u00f3 su d\u00e9cimo cuarta Memoria de Sostenibilidad certificada bajo los est\u00e1ndares del Global Reporting Initiative (GRI). El informe refleja los avances de 2024 y ratifica su compromiso con los Objetivos de [&hellip;]\" \/>\n<meta property=\"og:url\" content=\"https:\/\/www.quebakan.com\/v15\/femsa-salud-95-anos-comprometidos-con-la-salud-el-bienestar-y-el-planeta\/\" \/>\n<meta property=\"og:site_name\" content=\"QUEBAKAN.COM 2026: Noticias, Eventos, Conciertos y mucho m\u00e1s....\" \/>\n<meta property=\"article:publisher\" content=\"http:\/\/www.facebook.com\/quebakan\" \/>\n<meta property=\"article:published_time\" content=\"2025-09-19T05:07:35+00:00\" \/>\n<meta property=\"og:image\" content=\"https:\/\/www.quebakan.com\/v15\/wp-content\/uploads\/2025\/09\/Portada.jpg\" \/>\n\t<meta property=\"og:image:width\" content=\"700\" \/>\n\t<meta property=\"og:image:height\" content=\"394\" \/>\n\t<meta property=\"og:image:type\" content=\"image\/jpeg\" \/>\n<meta name=\"author\" content=\"Erick Villafuerte\" \/>\n<meta name=\"twitter:card\" content=\"summary_large_image\" \/>\n<meta name=\"twitter:creator\" content=\"@quebakanec\" \/>\n<meta name=\"twitter:site\" content=\"@quebakanec\" \/>\n<meta name=\"twitter:label1\" content=\"Escrito por\" \/>\n\t<meta name=\"twitter:data1\" content=\"Erick Villafuerte\" \/>\n\t<meta name=\"twitter:label2\" content=\"Tiempo de lectura\" \/>\n\t<meta name=\"twitter:data2\" content=\"4 minutos\" \/>\n<script type=\"application\/ld+json\" class=\"yoast-schema-graph\">{\"@context\":\"https:\\\/\\\/schema.org\",\"@graph\":[{\"@type\":\"Article\",\"@id\":\"https:\\\/\\\/www.quebakan.com\\\/v15\\\/femsa-salud-95-anos-comprometidos-con-la-salud-el-bienestar-y-el-planeta\\\/#article\",\"isPartOf\":{\"@id\":\"https:\\\/\\\/www.quebakan.com\\\/v15\\\/femsa-salud-95-anos-comprometidos-con-la-salud-el-bienestar-y-el-planeta\\\/\"},\"author\":{\"name\":\"Erick Villafuerte\",\"@id\":\"https:\\\/\\\/www.quebakan.com\\\/v15\\\/#\\\/schema\\\/person\\\/d90fa9f9cfa81eb8ace9811e5b7b9118\"},\"headline\":\"FEMSA SALUD: 95 A\u00d1OS COMPROMETIDOS CON LA SALUD, EL BIENESTAR Y EL PLANETA\",\"datePublished\":\"2025-09-19T05:07:35+00:00\",\"mainEntityOfPage\":{\"@id\":\"https:\\\/\\\/www.quebakan.com\\\/v15\\\/femsa-salud-95-anos-comprometidos-con-la-salud-el-bienestar-y-el-planeta\\\/\"},\"wordCount\":575,\"publisher\":{\"@id\":\"https:\\\/\\\/www.quebakan.com\\\/v15\\\/#organization\"},\"image\":{\"@id\":\"https:\\\/\\\/www.quebakan.com\\\/v15\\\/femsa-salud-95-anos-comprometidos-con-la-salud-el-bienestar-y-el-planeta\\\/#primaryimage\"},\"thumbnailUrl\":\"https:\\\/\\\/www.quebakan.com\\\/v15\\\/wp-content\\\/uploads\\\/2025\\\/09\\\/Portada.jpg\",\"articleSection\":[\"Noticias\"],\"inLanguage\":\"es\"},{\"@type\":\"WebPage\",\"@id\":\"https:\\\/\\\/www.quebakan.com\\\/v15\\\/femsa-salud-95-anos-comprometidos-con-la-salud-el-bienestar-y-el-planeta\\\/\",\"url\":\"https:\\\/\\\/www.quebakan.com\\\/v15\\\/femsa-salud-95-anos-comprometidos-con-la-salud-el-bienestar-y-el-planeta\\\/\",\"name\":\"FEMSA SALUD: 95 A\u00d1OS COMPROMETIDOS CON LA SALUD, EL BIENESTAR Y EL PLANETA &#8211; QUEBAKAN.COM 2026: Noticias, Eventos, Conciertos y mucho m\u00e1s....\",\"isPartOf\":{\"@id\":\"https:\\\/\\\/www.quebakan.com\\\/v15\\\/#website\"},\"primaryImageOfPage\":{\"@id\":\"https:\\\/\\\/www.quebakan.com\\\/v15\\\/femsa-salud-95-anos-comprometidos-con-la-salud-el-bienestar-y-el-planeta\\\/#primaryimage\"},\"image\":{\"@id\":\"https:\\\/\\\/www.quebakan.com\\\/v15\\\/femsa-salud-95-anos-comprometidos-con-la-salud-el-bienestar-y-el-planeta\\\/#primaryimage\"},\"thumbnailUrl\":\"https:\\\/\\\/www.quebakan.com\\\/v15\\\/wp-content\\\/uploads\\\/2025\\\/09\\\/Portada.jpg\",\"datePublished\":\"2025-09-19T05:07:35+00:00\",\"breadcrumb\":{\"@id\":\"https:\\\/\\\/www.quebakan.com\\\/v15\\\/femsa-salud-95-anos-comprometidos-con-la-salud-el-bienestar-y-el-planeta\\\/#breadcrumb\"},\"inLanguage\":\"es\",\"potentialAction\":[{\"@type\":\"ReadAction\",\"target\":[\"https:\\\/\\\/www.quebakan.com\\\/v15\\\/femsa-salud-95-anos-comprometidos-con-la-salud-el-bienestar-y-el-planeta\\\/\"]}]},{\"@type\":\"ImageObject\",\"inLanguage\":\"es\",\"@id\":\"https:\\\/\\\/www.quebakan.com\\\/v15\\\/femsa-salud-95-anos-comprometidos-con-la-salud-el-bienestar-y-el-planeta\\\/#primaryimage\",\"url\":\"https:\\\/\\\/www.quebakan.com\\\/v15\\\/wp-content\\\/uploads\\\/2025\\\/09\\\/Portada.jpg\",\"contentUrl\":\"https:\\\/\\\/www.quebakan.com\\\/v15\\\/wp-content\\\/uploads\\\/2025\\\/09\\\/Portada.jpg\",\"width\":700,\"height\":394},{\"@type\":\"BreadcrumbList\",\"@id\":\"https:\\\/\\\/www.quebakan.com\\\/v15\\\/femsa-salud-95-anos-comprometidos-con-la-salud-el-bienestar-y-el-planeta\\\/#breadcrumb\",\"itemListElement\":[{\"@type\":\"ListItem\",\"position\":1,\"name\":\"Portada\",\"item\":\"https:\\\/\\\/www.quebakan.com\\\/v15\\\/\"},{\"@type\":\"ListItem\",\"position\":2,\"name\":\"FEMSA SALUD: 95 A\u00d1OS COMPROMETIDOS CON LA SALUD, EL BIENESTAR Y EL PLANETA\"}]},{\"@type\":\"WebSite\",\"@id\":\"https:\\\/\\\/www.quebakan.com\\\/v15\\\/#website\",\"url\":\"https:\\\/\\\/www.quebakan.com\\\/v15\\\/\",\"name\":\"QUEBAKAN\",\"description\":\"..\",\"publisher\":{\"@id\":\"https:\\\/\\\/www.quebakan.com\\\/v15\\\/#organization\"},\"potentialAction\":[{\"@type\":\"SearchAction\",\"target\":{\"@type\":\"EntryPoint\",\"urlTemplate\":\"https:\\\/\\\/www.quebakan.com\\\/v15\\\/?s={search_term_string}\"},\"query-input\":{\"@type\":\"PropertyValueSpecification\",\"valueRequired\":true,\"valueName\":\"search_term_string\"}}],\"inLanguage\":\"es\"},{\"@type\":\"Organization\",\"@id\":\"https:\\\/\\\/www.quebakan.com\\\/v15\\\/#organization\",\"name\":\"Quebakan.com\",\"url\":\"https:\\\/\\\/www.quebakan.com\\\/v15\\\/\",\"logo\":{\"@type\":\"ImageObject\",\"inLanguage\":\"es\",\"@id\":\"https:\\\/\\\/www.quebakan.com\\\/v15\\\/#\\\/schema\\\/logo\\\/image\\\/\",\"url\":\"https:\\\/\\\/www.quebakan.com\\\/v15\\\/wp-content\\\/uploads\\\/2023\\\/07\\\/logoquebakanenero2021.jpg\",\"contentUrl\":\"https:\\\/\\\/www.quebakan.com\\\/v15\\\/wp-content\\\/uploads\\\/2023\\\/07\\\/logoquebakanenero2021.jpg\",\"width\":1920,\"height\":1080,\"caption\":\"Quebakan.com\"},\"image\":{\"@id\":\"https:\\\/\\\/www.quebakan.com\\\/v15\\\/#\\\/schema\\\/logo\\\/image\\\/\"},\"sameAs\":[\"http:\\\/\\\/www.facebook.com\\\/quebakan\",\"https:\\\/\\\/x.com\\\/quebakanec\",\"http:\\\/\\\/www.instagram.com\\\/quebakan\",\"http:\\\/\\\/www.youtube.com\\\/quebakan1\"]},{\"@type\":\"Person\",\"@id\":\"https:\\\/\\\/www.quebakan.com\\\/v15\\\/#\\\/schema\\\/person\\\/d90fa9f9cfa81eb8ace9811e5b7b9118\",\"name\":\"Erick Villafuerte\",\"image\":{\"@type\":\"ImageObject\",\"inLanguage\":\"es\",\"@id\":\"https:\\\/\\\/www.quebakan.com\\\/v15\\\/wp-content\\\/uploads\\\/avatars\\\/4\\\/1731297654-bpfull.png\",\"url\":\"https:\\\/\\\/www.quebakan.com\\\/v15\\\/wp-content\\\/uploads\\\/avatars\\\/4\\\/1731297654-bpfull.png\",\"contentUrl\":\"https:\\\/\\\/www.quebakan.com\\\/v15\\\/wp-content\\\/uploads\\\/avatars\\\/4\\\/1731297654-bpfull.png\",\"caption\":\"Erick Villafuerte\"}}]}<\/script>\n<!-- \/ Yoast SEO plugin. -->","yoast_head_json":{"title":"FEMSA SALUD: 95 A\u00d1OS COMPROMETIDOS CON LA SALUD, EL BIENESTAR Y EL PLANETA &#8211; QUEBAKAN.COM 2026: Noticias, Eventos, Conciertos y mucho m\u00e1s....","robots":{"index":"index","follow":"follow","max-snippet":"max-snippet:-1","max-image-preview":"max-image-preview:large","max-video-preview":"max-video-preview:-1"},"canonical":"https:\/\/www.quebakan.com\/v15\/femsa-salud-95-anos-comprometidos-con-la-salud-el-bienestar-y-el-planeta\/","og_locale":"es_ES","og_type":"article","og_title":"FEMSA SALUD: 95 A\u00d1OS COMPROMETIDOS CON LA SALUD, EL BIENESTAR Y EL PLANETA &#8211; QUEBAKAN.COM 2026: Noticias, Eventos, Conciertos y mucho m\u00e1s....","og_description":"Ecuador, septiembre de 2025.- FEMSA Salud, con 95 a\u00f1os de trayectoria en el retail farmac\u00e9utico ecuatoriano a trav\u00e9s de sus marcas Fybeca y SanaSana, present\u00f3 su d\u00e9cimo cuarta Memoria de Sostenibilidad certificada bajo los est\u00e1ndares del Global Reporting Initiative (GRI). El informe refleja los avances de 2024 y ratifica su compromiso con los Objetivos de [&hellip;]","og_url":"https:\/\/www.quebakan.com\/v15\/femsa-salud-95-anos-comprometidos-con-la-salud-el-bienestar-y-el-planeta\/","og_site_name":"QUEBAKAN.COM 2026: Noticias, Eventos, Conciertos y mucho m\u00e1s....","article_publisher":"http:\/\/www.facebook.com\/quebakan","article_published_time":"2025-09-19T05:07:35+00:00","og_image":[{"width":700,"height":394,"url":"https:\/\/www.quebakan.com\/v15\/wp-content\/uploads\/2025\/09\/Portada.jpg","type":"image\/jpeg"}],"author":"Erick Villafuerte","twitter_card":"summary_large_image","twitter_creator":"@quebakanec","twitter_site":"@quebakanec","twitter_misc":{"Escrito por":"Erick Villafuerte","Tiempo de lectura":"4 minutos"},"schema":{"@context":"https:\/\/schema.org","@graph":[{"@type":"Article","@id":"https:\/\/www.quebakan.com\/v15\/femsa-salud-95-anos-comprometidos-con-la-salud-el-bienestar-y-el-planeta\/#article","isPartOf":{"@id":"https:\/\/www.quebakan.com\/v15\/femsa-salud-95-anos-comprometidos-con-la-salud-el-bienestar-y-el-planeta\/"},"author":{"name":"Erick Villafuerte","@id":"https:\/\/www.quebakan.com\/v15\/#\/schema\/person\/d90fa9f9cfa81eb8ace9811e5b7b9118"},"headline":"FEMSA SALUD: 95 A\u00d1OS COMPROMETIDOS CON LA SALUD, EL BIENESTAR Y EL PLANETA","datePublished":"2025-09-19T05:07:35+00:00","mainEntityOfPage":{"@id":"https:\/\/www.quebakan.com\/v15\/femsa-salud-95-anos-comprometidos-con-la-salud-el-bienestar-y-el-planeta\/"},"wordCount":575,"publisher":{"@id":"https:\/\/www.quebakan.com\/v15\/#organization"},"image":{"@id":"https:\/\/www.quebakan.com\/v15\/femsa-salud-95-anos-comprometidos-con-la-salud-el-bienestar-y-el-planeta\/#primaryimage"},"thumbnailUrl":"https:\/\/www.quebakan.com\/v15\/wp-content\/uploads\/2025\/09\/Portada.jpg","articleSection":["Noticias"],"inLanguage":"es"},{"@type":"WebPage","@id":"https:\/\/www.quebakan.com\/v15\/femsa-salud-95-anos-comprometidos-con-la-salud-el-bienestar-y-el-planeta\/","url":"https:\/\/www.quebakan.com\/v15\/femsa-salud-95-anos-comprometidos-con-la-salud-el-bienestar-y-el-planeta\/","name":"FEMSA SALUD: 95 A\u00d1OS COMPROMETIDOS CON LA SALUD, EL BIENESTAR Y EL PLANETA &#8211; QUEBAKAN.COM 2026: Noticias, Eventos, Conciertos y mucho m\u00e1s....","isPartOf":{"@id":"https:\/\/www.quebakan.com\/v15\/#website"},"primaryImageOfPage":{"@id":"https:\/\/www.quebakan.com\/v15\/femsa-salud-95-anos-comprometidos-con-la-salud-el-bienestar-y-el-planeta\/#primaryimage"},"image":{"@id":"https:\/\/www.quebakan.com\/v15\/femsa-salud-95-anos-comprometidos-con-la-salud-el-bienestar-y-el-planeta\/#primaryimage"},"thumbnailUrl":"https:\/\/www.quebakan.com\/v15\/wp-content\/uploads\/2025\/09\/Portada.jpg","datePublished":"2025-09-19T05:07:35+00:00","breadcrumb":{"@id":"https:\/\/www.quebakan.com\/v15\/femsa-salud-95-anos-comprometidos-con-la-salud-el-bienestar-y-el-planeta\/#breadcrumb"},"inLanguage":"es","potentialAction":[{"@type":"ReadAction","target":["https:\/\/www.quebakan.com\/v15\/femsa-salud-95-anos-comprometidos-con-la-salud-el-bienestar-y-el-planeta\/"]}]},{"@type":"ImageObject","inLanguage":"es","@id":"https:\/\/www.quebakan.com\/v15\/femsa-salud-95-anos-comprometidos-con-la-salud-el-bienestar-y-el-planeta\/#primaryimage","url":"https:\/\/www.quebakan.com\/v15\/wp-content\/uploads\/2025\/09\/Portada.jpg","contentUrl":"https:\/\/www.quebakan.com\/v15\/wp-content\/uploads\/2025\/09\/Portada.jpg","width":700,"height":394},{"@type":"BreadcrumbList","@id":"https:\/\/www.quebakan.com\/v15\/femsa-salud-95-anos-comprometidos-con-la-salud-el-bienestar-y-el-planeta\/#breadcrumb","itemListElement":[{"@type":"ListItem","position":1,"name":"Portada","item":"https:\/\/www.quebakan.com\/v15\/"},{"@type":"ListItem","position":2,"name":"FEMSA SALUD: 95 A\u00d1OS COMPROMETIDOS CON LA SALUD, EL BIENESTAR Y EL PLANETA"}]},{"@type":"WebSite","@id":"https:\/\/www.quebakan.com\/v15\/#website","url":"https:\/\/www.quebakan.com\/v15\/","name":"QUEBAKAN","description":"..","publisher":{"@id":"https:\/\/www.quebakan.com\/v15\/#organization"},"potentialAction":[{"@type":"SearchAction","target":{"@type":"EntryPoint","urlTemplate":"https:\/\/www.quebakan.com\/v15\/?s={search_term_string}"},"query-input":{"@type":"PropertyValueSpecification","valueRequired":true,"valueName":"search_term_string"}}],"inLanguage":"es"},{"@type":"Organization","@id":"https:\/\/www.quebakan.com\/v15\/#organization","name":"Quebakan.com","url":"https:\/\/www.quebakan.com\/v15\/","logo":{"@type":"ImageObject","inLanguage":"es","@id":"https:\/\/www.quebakan.com\/v15\/#\/schema\/logo\/image\/","url":"https:\/\/www.quebakan.com\/v15\/wp-content\/uploads\/2023\/07\/logoquebakanenero2021.jpg","contentUrl":"https:\/\/www.quebakan.com\/v15\/wp-content\/uploads\/2023\/07\/logoquebakanenero2021.jpg","width":1920,"height":1080,"caption":"Quebakan.com"},"image":{"@id":"https:\/\/www.quebakan.com\/v15\/#\/schema\/logo\/image\/"},"sameAs":["http:\/\/www.facebook.com\/quebakan","https:\/\/x.com\/quebakanec","http:\/\/www.instagram.com\/quebakan","http:\/\/www.youtube.com\/quebakan1"]},{"@type":"Person","@id":"https:\/\/www.quebakan.com\/v15\/#\/schema\/person\/d90fa9f9cfa81eb8ace9811e5b7b9118","name":"Erick Villafuerte","image":{"@type":"ImageObject","inLanguage":"es","@id":"https:\/\/www.quebakan.com\/v15\/wp-content\/uploads\/avatars\/4\/1731297654-bpfull.png","url":"https:\/\/www.quebakan.com\/v15\/wp-content\/uploads\/avatars\/4\/1731297654-bpfull.png","contentUrl":"https:\/\/www.quebakan.com\/v15\/wp-content\/uploads\/avatars\/4\/1731297654-bpfull.png","caption":"Erick Villafuerte"}}]}},"_links":{"self":[{"href":"https:\/\/www.quebakan.com\/v15\/wp-json\/wp\/v2\/posts\/135351","targetHints":{"allow":["GET"]}}],"collection":[{"href":"https:\/\/www.quebakan.com\/v15\/wp-json\/wp\/v2\/posts"}],"about":[{"href":"https:\/\/www.quebakan.com\/v15\/wp-json\/wp\/v2\/types\/post"}],"author":[{"embeddable":true,"href":"https:\/\/www.quebakan.com\/v15\/wp-json\/wp\/v2\/users\/4"}],"replies":[{"embeddable":true,"href":"https:\/\/www.quebakan.com\/v15\/wp-json\/wp\/v2\/comments?post=135351"}],"version-history":[{"count":1,"href":"https:\/\/www.quebakan.com\/v15\/wp-json\/wp\/v2\/posts\/135351\/revisions"}],"predecessor-version":[{"id":135355,"href":"https:\/\/www.quebakan.com\/v15\/wp-json\/wp\/v2\/posts\/135351\/revisions\/135355"}],"wp:featuredmedia":[{"embeddable":true,"href":"https:\/\/www.quebakan.com\/v15\/wp-json\/wp\/v2\/media\/135353"}],"wp:attachment":[{"href":"https:\/\/www.quebakan.com\/v15\/wp-json\/wp\/v2\/media?parent=135351"}],"wp:term":[{"taxonomy":"category","embeddable":true,"href":"https:\/\/www.quebakan.com\/v15\/wp-json\/wp\/v2\/categories?post=135351"},{"taxonomy":"post_tag","embeddable":true,"href":"https:\/\/www.quebakan.com\/v15\/wp-json\/wp\/v2\/tags?post=135351"}],"curies":[{"name":"wp","href":"https:\/\/api.w.org\/{rel}","templated":true}]}}