{"id":135356,"date":"2025-09-19T00:11:45","date_gmt":"2025-09-19T05:11:45","guid":{"rendered":"https:\/\/www.quebakan.com\/v15\/?p=135356"},"modified":"2025-09-19T00:11:45","modified_gmt":"2025-09-19T05:11:45","slug":"tres-decadas-de-belleza-iconica-la-historia-que-avon-escribio-junto-a-millones-de-mujeres","status":"publish","type":"post","link":"https:\/\/www.quebakan.com\/v15\/tres-decadas-de-belleza-iconica-la-historia-que-avon-escribio-junto-a-millones-de-mujeres\/","title":{"rendered":"Tres d\u00e9cadas de belleza ic\u00f3nica: la historia que Avon escribi\u00f3 junto a millones de mujeres"},"content":{"rendered":"<p><img fetchpriority=\"high\" decoding=\"async\" class=\"aligncenter size-full wp-image-135357\" src=\"https:\/\/www.quebakan.com\/v15\/wp-content\/uploads\/2025\/09\/Belleza-decadas-1.jpg\" alt=\"\" width=\"700\" height=\"467\" \/><\/p>\n<ul>\n<li style=\"text-align: justify;\"><span style=\"color: #000000;\"><em>De la rebeld\u00eda de los 90 al brillo de los 2000 y la autenticidad del siglo XXI, la evoluci\u00f3n de la belleza refleja la historia de las mujeres, y Avon ha estado presente en cada etapa. <\/em><\/span><\/li>\n<\/ul>\n<p style=\"text-align: justify;\"><span style=\"color: #000000;\"><strong>Quito, septiembre de 2025.- <\/strong>La belleza no es est\u00e1tica: cambia con el tiempo, refleja los momentos culturales y acompa\u00f1a la forma en que las mujeres viven, se expresan y se relacionan consigo mismas. Desde los a\u00f1os 90 hasta la actualidad, cada d\u00e9cada ha dejado una huella particular en la manera de entender el cuidado personal, el maquillaje y las fragancias. Lo que comenz\u00f3 como un ritual \u00edntimo se convirti\u00f3 en un lenguaje compartido, donde las tendencias marcan \u00e9poca y los productos se transforman en s\u00edmbolos que trascienden generaciones.<\/span><\/p>\n<p style=\"text-align: justify;\"><span style=\"color: #000000;\">La belleza es, en esencia, un espejo de las aspiraciones, los cambios sociales y las nuevas formas de autenticidad. No solo acompa\u00f1a la vida de las mujeres, sino que tambi\u00e9n las empodera, record\u00e1ndoles que cuidarse, expresarse y brillar es parte de su libertad. Es un viaje que combina colores, texturas, aromas y emociones, siempre en constante movimiento, siempre reinvent\u00e1ndose para estar a la altura de quienes la hacen posible.<\/span><\/p>\n<p style=\"text-align: justify;\"><span style=\"color: #000000;\">En este recorrido por tres d\u00e9cadas, Avon revive la evoluci\u00f3n de la belleza: de la autenticidad rebelde de los 90, al brillo aspiracional de los 2000 y hasta la autenticidad consciente de la actualidad. En cada etapa, surgieron \u00edconos que no solo marcaron estilo, sino que tambi\u00e9n acompa\u00f1aron la vida de millones de mujeres.<\/span><\/p>\n<p style=\"text-align: justify;\"><span style=\"color: #000000;\">Durante estos a\u00f1os, Avon ha estado presente de manera constante, con productos que trascendieron tendencias y se convirtieron en referentes, acompa\u00f1ando sue\u00f1os, logros y transformaciones. Tres d\u00e9cadas de historia compartida, que demuestran que lo esencial nunca pasa de moda, y que la belleza, m\u00e1s que un ideal, es una manera de vivir y de avanzar juntas hacia el futuro.<\/span><\/p>\n<p style=\"text-align: justify;\"><strong><span style=\"color: #000000;\">A\u00f1os 90: frescura, sencillez e ic\u00f3nicos que perduran<\/span><\/strong><\/p>\n<p style=\"text-align: justify;\"><span style=\"color: #000000;\">La belleza de los a\u00f1os 90 se caracteriz\u00f3 por la <strong>simplicidad y la naturalidad<\/strong>. El maquillaje buscaba un acabado mate y fresco: bases ligeras, sombras en tonos neutros y labios en colores marr\u00f3n o nude marcaron la est\u00e9tica de la d\u00e9cada. Las cejas delgadas y bien definidas se convirtieron en un sello de estilo, reflejando un ideal de discreci\u00f3n y elegancia cotidiana.<\/span><\/p>\n<p style=\"text-align: justify;\"><span style=\"color: #000000;\">Las fragancias comenzaron a consolidarse como un elemento esencial de la identidad personal. Ya no eran vistas s\u00f3lo como un complemento, sino como una forma de expresar car\u00e1cter y emociones. En Ecuador, <strong>Far Away Original<\/strong> se transform\u00f3 en una fragancia ic\u00f3nica, asociada a la libertad, la sofisticaci\u00f3n y la confianza femenina.<\/span><\/p>\n<p style=\"text-align: justify;\"><span style=\"color: #000000;\">En el cuidado de la piel, la prioridad era la <strong>hidrataci\u00f3n confiable y accesible<\/strong>. La l\u00ednea <strong>Avon Care de Coco<\/strong> se convirti\u00f3 en un producto infaltable en los hogares ecuatorianos, con su aroma c\u00e1lido y textura reconfortante que transmit\u00edan cercan\u00eda y uni\u00f3n familiar. Para muchas mujeres, represent\u00f3 el primer contacto con un ritual de cuidado personal que trascendi\u00f3 generaciones.<\/span><\/p>\n<p style=\"text-align: justify;\"><strong><span style=\"color: #000000;\">A\u00f1os 2000: brillo, color y aspiraci\u00f3n<\/span><\/strong><\/p>\n<p style=\"text-align: justify;\"><span style=\"color: #000000;\">El inicio del nuevo milenio trajo consigo una explosi\u00f3n de color y brillo en el maquillaje. Los labios luminosos con acabados de gloss se convirtieron en el accesorio m\u00e1s deseado, reflejando una est\u00e9tica juvenil, fresca y optimista. En Ecuador, Avon marc\u00f3 un hito con el <strong>Brillo Labial de Fresita<\/strong> de Color Trend, consolidado como uno de sus productos m\u00e1s ic\u00f3nicos. Pr\u00e1ctico, accesible y lleno de estilo, trascendi\u00f3 generaciones y se convirti\u00f3 en un referente que acerc\u00f3 a miles de j\u00f3venes a sus primeras experiencias en el mundo de la belleza.<\/span><\/p>\n<p style=\"text-align: justify;\"><span style=\"color: #000000;\">En el cuidado de la piel, la d\u00e9cada abri\u00f3 paso a un creciente inter\u00e9s por los ingredientes naturales y multifuncionales. En Ecuador, la crema facial de <strong>Rosa Mosqueta de Avon Care<\/strong> marc\u00f3 un antes y un despu\u00e9s al introducir una nueva manera de entender el cuidado del rostro: se adelant\u00f3 al auge de lo natural y ofreci\u00f3 beneficios visibles que conectaron de inmediato con las necesidades de las consumidoras.<\/span><\/p>\n<p style=\"text-align: justify;\"><span style=\"color: #000000;\">En esta \u00e9poca, la belleza comenz\u00f3 a vincularse con la aspiraci\u00f3n y la experimentaci\u00f3n. Colores m\u00e1s vibrantes, texturas innovadoras y rutinas de cuidado m\u00e1s completas se convirtieron en parte del d\u00eda a d\u00eda. Para las mujeres ecuatorianas, signific\u00f3 mucho m\u00e1s que una tendencia: fue una manera de expresar individualidad, proyectar sue\u00f1os y construir confianza a trav\u00e9s de peque\u00f1os detalles que las hac\u00edan sentirse \u00fanicas y seguras.<\/span><\/p>\n<p style=\"text-align: justify;\"><strong><span style=\"color: #000000;\">Actualidad: autenticidad consciente y belleza con libertad<\/span><\/strong><\/p>\n<p style=\"text-align: justify;\"><span style=\"color: #000000;\">Hoy, la belleza se vive de manera m\u00e1s libre, aut\u00e9ntica y consciente que nunca. Las mujeres deciden c\u00f3mo expresarse, qu\u00e9 resaltar y qu\u00e9 las hace sentir seguras, construyendo un estilo propio que refleja tanto su bienestar como sus valores. En este camino, <strong>obvio que los ic\u00f3nicos de Avon Far Away Original, Avon Care de Coco, la crema de Rosa Mosqueta de Avon Care y el brillo labial de fresita de Color Trend siguen presentes en miles de hogares<\/strong>, demostrando que lo esencial nunca pierde vigencia. Porque obvio que acompa\u00f1aron su historia, obvio que siguen marcando generaciones y obvio que Avon nunca dej\u00f3 de estar ah\u00ed, apoyando cada paso de su evoluci\u00f3n. Tres d\u00e9cadas despu\u00e9s, la marca contin\u00faa siendo sin\u00f3nimo de confianza, cercan\u00eda e inspiraci\u00f3n, record\u00e1ndonos que cuando se trata de belleza con prop\u00f3sito y libertad\u2026 obvio que s\u00ed, obvio que Avon.<\/span><\/p>\n<p style=\"text-align: justify;\"><span style=\"color: #000000;\"><strong>Hoy, Avon celebra esa historia compartida con millones de mujeres, acompa\u00f1ando sus sue\u00f1os, sus luchas y sus logros, y proyect\u00e1ndola hacia el futuro. Porque lo bueno nunca pasa de moda y lo ic\u00f3nico siempre vuelve renovado.<\/strong> Avon es mucho m\u00e1s que una marca de belleza: es una decisi\u00f3n inteligente que permanece en miles de hogares, que inspira confianza y que contin\u00faa impulsando el desarrollo econ\u00f3mico femenino. Con cada innovaci\u00f3n, reafirma su compromiso de ofrecer una belleza aspiracional a un valor irresistible, construyendo bienestar y progreso desde una comunidad poderosa y global. Una historia \u00fanica que demuestra que la belleza evoluciona, pero lo esencial permanece: el poder de transformar vidas. <strong>Porque cuando se trata de avanzar, crecer y brillar\u2026 obvio que s\u00ed, obvio que Avon.<\/strong><\/span><\/p>\n","protected":false},"excerpt":{"rendered":"<p>De la rebeld\u00eda de los 90 al brillo de los 2000 y la autenticidad del siglo XXI, la evoluci\u00f3n de la belleza refleja la historia de las mujeres, y Avon ha estado presente en cada etapa. Quito, septiembre de 2025.- La belleza no es est\u00e1tica: cambia con el tiempo, refleja los momentos culturales y acompa\u00f1a [&hellip;]<\/p>\n","protected":false},"author":4,"featured_media":135357,"comment_status":"closed","ping_status":"closed","sticky":false,"template":"","format":"standard","meta":{"_bbp_topic_count":0,"_bbp_reply_count":0,"_bbp_total_topic_count":0,"_bbp_total_reply_count":0,"_bbp_voice_count":0,"_bbp_anonymous_reply_count":0,"_bbp_topic_count_hidden":0,"_bbp_reply_count_hidden":0,"_bbp_forum_subforum_count":0,"buzzeditor_post_format":"","footnotes":""},"categories":[2],"tags":[],"class_list":["post-135356","post","type-post","status-publish","format-standard","has-post-thumbnail","hentry","category-noticias"],"yoast_head":"<!-- This site is optimized with the Yoast SEO plugin v27.5 - https:\/\/yoast.com\/product\/yoast-seo-wordpress\/ -->\n<title>Tres d\u00e9cadas de belleza ic\u00f3nica: la historia que Avon escribi\u00f3 junto a millones de mujeres &#8211; QUEBAKAN.COM 2026: Noticias, Eventos, Conciertos y mucho m\u00e1s....<\/title>\n<meta name=\"robots\" content=\"index, follow, max-snippet:-1, max-image-preview:large, max-video-preview:-1\" \/>\n<link rel=\"canonical\" href=\"https:\/\/www.quebakan.com\/v15\/tres-decadas-de-belleza-iconica-la-historia-que-avon-escribio-junto-a-millones-de-mujeres\/\" \/>\n<meta property=\"og:locale\" content=\"es_ES\" \/>\n<meta property=\"og:type\" content=\"article\" \/>\n<meta property=\"og:title\" content=\"Tres d\u00e9cadas de belleza ic\u00f3nica: la historia que Avon escribi\u00f3 junto a millones de mujeres &#8211; QUEBAKAN.COM 2026: Noticias, Eventos, Conciertos y mucho m\u00e1s....\" \/>\n<meta property=\"og:description\" content=\"De la rebeld\u00eda de los 90 al brillo de los 2000 y la autenticidad del siglo XXI, la evoluci\u00f3n de la belleza refleja la historia de las mujeres, y Avon ha estado presente en cada etapa. Quito, septiembre de 2025.- La belleza no es est\u00e1tica: cambia con el tiempo, refleja los momentos culturales y acompa\u00f1a [&hellip;]\" \/>\n<meta property=\"og:url\" content=\"https:\/\/www.quebakan.com\/v15\/tres-decadas-de-belleza-iconica-la-historia-que-avon-escribio-junto-a-millones-de-mujeres\/\" \/>\n<meta property=\"og:site_name\" content=\"QUEBAKAN.COM 2026: Noticias, Eventos, Conciertos y mucho m\u00e1s....\" \/>\n<meta property=\"article:publisher\" content=\"http:\/\/www.facebook.com\/quebakan\" \/>\n<meta property=\"article:published_time\" content=\"2025-09-19T05:11:45+00:00\" \/>\n<meta property=\"og:image\" content=\"https:\/\/www.quebakan.com\/v15\/wp-content\/uploads\/2025\/09\/Belleza-decadas-1.jpg\" \/>\n\t<meta property=\"og:image:width\" content=\"700\" \/>\n\t<meta property=\"og:image:height\" content=\"467\" \/>\n\t<meta property=\"og:image:type\" content=\"image\/jpeg\" \/>\n<meta name=\"author\" content=\"Erick Villafuerte\" \/>\n<meta name=\"twitter:card\" content=\"summary_large_image\" \/>\n<meta name=\"twitter:creator\" content=\"@quebakanec\" \/>\n<meta name=\"twitter:site\" content=\"@quebakanec\" \/>\n<meta name=\"twitter:label1\" content=\"Escrito por\" \/>\n\t<meta name=\"twitter:data1\" content=\"Erick Villafuerte\" \/>\n\t<meta name=\"twitter:label2\" content=\"Tiempo de lectura\" \/>\n\t<meta name=\"twitter:data2\" content=\"5 minutos\" \/>\n<script type=\"application\/ld+json\" class=\"yoast-schema-graph\">{\"@context\":\"https:\\\/\\\/schema.org\",\"@graph\":[{\"@type\":\"Article\",\"@id\":\"https:\\\/\\\/www.quebakan.com\\\/v15\\\/tres-decadas-de-belleza-iconica-la-historia-que-avon-escribio-junto-a-millones-de-mujeres\\\/#article\",\"isPartOf\":{\"@id\":\"https:\\\/\\\/www.quebakan.com\\\/v15\\\/tres-decadas-de-belleza-iconica-la-historia-que-avon-escribio-junto-a-millones-de-mujeres\\\/\"},\"author\":{\"name\":\"Erick Villafuerte\",\"@id\":\"https:\\\/\\\/www.quebakan.com\\\/v15\\\/#\\\/schema\\\/person\\\/d90fa9f9cfa81eb8ace9811e5b7b9118\"},\"headline\":\"Tres d\u00e9cadas de belleza ic\u00f3nica: la historia que Avon escribi\u00f3 junto a millones de mujeres\",\"datePublished\":\"2025-09-19T05:11:45+00:00\",\"mainEntityOfPage\":{\"@id\":\"https:\\\/\\\/www.quebakan.com\\\/v15\\\/tres-decadas-de-belleza-iconica-la-historia-que-avon-escribio-junto-a-millones-de-mujeres\\\/\"},\"wordCount\":1081,\"publisher\":{\"@id\":\"https:\\\/\\\/www.quebakan.com\\\/v15\\\/#organization\"},\"image\":{\"@id\":\"https:\\\/\\\/www.quebakan.com\\\/v15\\\/tres-decadas-de-belleza-iconica-la-historia-que-avon-escribio-junto-a-millones-de-mujeres\\\/#primaryimage\"},\"thumbnailUrl\":\"https:\\\/\\\/www.quebakan.com\\\/v15\\\/wp-content\\\/uploads\\\/2025\\\/09\\\/Belleza-decadas-1.jpg\",\"articleSection\":[\"Noticias\"],\"inLanguage\":\"es\"},{\"@type\":\"WebPage\",\"@id\":\"https:\\\/\\\/www.quebakan.com\\\/v15\\\/tres-decadas-de-belleza-iconica-la-historia-que-avon-escribio-junto-a-millones-de-mujeres\\\/\",\"url\":\"https:\\\/\\\/www.quebakan.com\\\/v15\\\/tres-decadas-de-belleza-iconica-la-historia-que-avon-escribio-junto-a-millones-de-mujeres\\\/\",\"name\":\"Tres d\u00e9cadas de belleza ic\u00f3nica: la historia que Avon escribi\u00f3 junto a millones de mujeres &#8211; QUEBAKAN.COM 2026: Noticias, Eventos, Conciertos y mucho m\u00e1s....\",\"isPartOf\":{\"@id\":\"https:\\\/\\\/www.quebakan.com\\\/v15\\\/#website\"},\"primaryImageOfPage\":{\"@id\":\"https:\\\/\\\/www.quebakan.com\\\/v15\\\/tres-decadas-de-belleza-iconica-la-historia-que-avon-escribio-junto-a-millones-de-mujeres\\\/#primaryimage\"},\"image\":{\"@id\":\"https:\\\/\\\/www.quebakan.com\\\/v15\\\/tres-decadas-de-belleza-iconica-la-historia-que-avon-escribio-junto-a-millones-de-mujeres\\\/#primaryimage\"},\"thumbnailUrl\":\"https:\\\/\\\/www.quebakan.com\\\/v15\\\/wp-content\\\/uploads\\\/2025\\\/09\\\/Belleza-decadas-1.jpg\",\"datePublished\":\"2025-09-19T05:11:45+00:00\",\"breadcrumb\":{\"@id\":\"https:\\\/\\\/www.quebakan.com\\\/v15\\\/tres-decadas-de-belleza-iconica-la-historia-que-avon-escribio-junto-a-millones-de-mujeres\\\/#breadcrumb\"},\"inLanguage\":\"es\",\"potentialAction\":[{\"@type\":\"ReadAction\",\"target\":[\"https:\\\/\\\/www.quebakan.com\\\/v15\\\/tres-decadas-de-belleza-iconica-la-historia-que-avon-escribio-junto-a-millones-de-mujeres\\\/\"]}]},{\"@type\":\"ImageObject\",\"inLanguage\":\"es\",\"@id\":\"https:\\\/\\\/www.quebakan.com\\\/v15\\\/tres-decadas-de-belleza-iconica-la-historia-que-avon-escribio-junto-a-millones-de-mujeres\\\/#primaryimage\",\"url\":\"https:\\\/\\\/www.quebakan.com\\\/v15\\\/wp-content\\\/uploads\\\/2025\\\/09\\\/Belleza-decadas-1.jpg\",\"contentUrl\":\"https:\\\/\\\/www.quebakan.com\\\/v15\\\/wp-content\\\/uploads\\\/2025\\\/09\\\/Belleza-decadas-1.jpg\",\"width\":700,\"height\":467},{\"@type\":\"BreadcrumbList\",\"@id\":\"https:\\\/\\\/www.quebakan.com\\\/v15\\\/tres-decadas-de-belleza-iconica-la-historia-que-avon-escribio-junto-a-millones-de-mujeres\\\/#breadcrumb\",\"itemListElement\":[{\"@type\":\"ListItem\",\"position\":1,\"name\":\"Portada\",\"item\":\"https:\\\/\\\/www.quebakan.com\\\/v15\\\/\"},{\"@type\":\"ListItem\",\"position\":2,\"name\":\"Tres d\u00e9cadas de belleza ic\u00f3nica: la historia que Avon escribi\u00f3 junto a millones de mujeres\"}]},{\"@type\":\"WebSite\",\"@id\":\"https:\\\/\\\/www.quebakan.com\\\/v15\\\/#website\",\"url\":\"https:\\\/\\\/www.quebakan.com\\\/v15\\\/\",\"name\":\"QUEBAKAN\",\"description\":\"..\",\"publisher\":{\"@id\":\"https:\\\/\\\/www.quebakan.com\\\/v15\\\/#organization\"},\"potentialAction\":[{\"@type\":\"SearchAction\",\"target\":{\"@type\":\"EntryPoint\",\"urlTemplate\":\"https:\\\/\\\/www.quebakan.com\\\/v15\\\/?s={search_term_string}\"},\"query-input\":{\"@type\":\"PropertyValueSpecification\",\"valueRequired\":true,\"valueName\":\"search_term_string\"}}],\"inLanguage\":\"es\"},{\"@type\":\"Organization\",\"@id\":\"https:\\\/\\\/www.quebakan.com\\\/v15\\\/#organization\",\"name\":\"Quebakan.com\",\"url\":\"https:\\\/\\\/www.quebakan.com\\\/v15\\\/\",\"logo\":{\"@type\":\"ImageObject\",\"inLanguage\":\"es\",\"@id\":\"https:\\\/\\\/www.quebakan.com\\\/v15\\\/#\\\/schema\\\/logo\\\/image\\\/\",\"url\":\"https:\\\/\\\/www.quebakan.com\\\/v15\\\/wp-content\\\/uploads\\\/2023\\\/07\\\/logoquebakanenero2021.jpg\",\"contentUrl\":\"https:\\\/\\\/www.quebakan.com\\\/v15\\\/wp-content\\\/uploads\\\/2023\\\/07\\\/logoquebakanenero2021.jpg\",\"width\":1920,\"height\":1080,\"caption\":\"Quebakan.com\"},\"image\":{\"@id\":\"https:\\\/\\\/www.quebakan.com\\\/v15\\\/#\\\/schema\\\/logo\\\/image\\\/\"},\"sameAs\":[\"http:\\\/\\\/www.facebook.com\\\/quebakan\",\"https:\\\/\\\/x.com\\\/quebakanec\",\"http:\\\/\\\/www.instagram.com\\\/quebakan\",\"http:\\\/\\\/www.youtube.com\\\/quebakan1\"]},{\"@type\":\"Person\",\"@id\":\"https:\\\/\\\/www.quebakan.com\\\/v15\\\/#\\\/schema\\\/person\\\/d90fa9f9cfa81eb8ace9811e5b7b9118\",\"name\":\"Erick Villafuerte\",\"image\":{\"@type\":\"ImageObject\",\"inLanguage\":\"es\",\"@id\":\"https:\\\/\\\/www.quebakan.com\\\/v15\\\/wp-content\\\/uploads\\\/avatars\\\/4\\\/1731297654-bpfull.png\",\"url\":\"https:\\\/\\\/www.quebakan.com\\\/v15\\\/wp-content\\\/uploads\\\/avatars\\\/4\\\/1731297654-bpfull.png\",\"contentUrl\":\"https:\\\/\\\/www.quebakan.com\\\/v15\\\/wp-content\\\/uploads\\\/avatars\\\/4\\\/1731297654-bpfull.png\",\"caption\":\"Erick Villafuerte\"}}]}<\/script>\n<!-- \/ Yoast SEO plugin. -->","yoast_head_json":{"title":"Tres d\u00e9cadas de belleza ic\u00f3nica: la historia que Avon escribi\u00f3 junto a millones de mujeres &#8211; QUEBAKAN.COM 2026: Noticias, Eventos, Conciertos y mucho m\u00e1s....","robots":{"index":"index","follow":"follow","max-snippet":"max-snippet:-1","max-image-preview":"max-image-preview:large","max-video-preview":"max-video-preview:-1"},"canonical":"https:\/\/www.quebakan.com\/v15\/tres-decadas-de-belleza-iconica-la-historia-que-avon-escribio-junto-a-millones-de-mujeres\/","og_locale":"es_ES","og_type":"article","og_title":"Tres d\u00e9cadas de belleza ic\u00f3nica: la historia que Avon escribi\u00f3 junto a millones de mujeres &#8211; QUEBAKAN.COM 2026: Noticias, Eventos, Conciertos y mucho m\u00e1s....","og_description":"De la rebeld\u00eda de los 90 al brillo de los 2000 y la autenticidad del siglo XXI, la evoluci\u00f3n de la belleza refleja la historia de las mujeres, y Avon ha estado presente en cada etapa. Quito, septiembre de 2025.- La belleza no es est\u00e1tica: cambia con el tiempo, refleja los momentos culturales y acompa\u00f1a [&hellip;]","og_url":"https:\/\/www.quebakan.com\/v15\/tres-decadas-de-belleza-iconica-la-historia-que-avon-escribio-junto-a-millones-de-mujeres\/","og_site_name":"QUEBAKAN.COM 2026: Noticias, Eventos, Conciertos y mucho m\u00e1s....","article_publisher":"http:\/\/www.facebook.com\/quebakan","article_published_time":"2025-09-19T05:11:45+00:00","og_image":[{"width":700,"height":467,"url":"https:\/\/www.quebakan.com\/v15\/wp-content\/uploads\/2025\/09\/Belleza-decadas-1.jpg","type":"image\/jpeg"}],"author":"Erick Villafuerte","twitter_card":"summary_large_image","twitter_creator":"@quebakanec","twitter_site":"@quebakanec","twitter_misc":{"Escrito por":"Erick Villafuerte","Tiempo de lectura":"5 minutos"},"schema":{"@context":"https:\/\/schema.org","@graph":[{"@type":"Article","@id":"https:\/\/www.quebakan.com\/v15\/tres-decadas-de-belleza-iconica-la-historia-que-avon-escribio-junto-a-millones-de-mujeres\/#article","isPartOf":{"@id":"https:\/\/www.quebakan.com\/v15\/tres-decadas-de-belleza-iconica-la-historia-que-avon-escribio-junto-a-millones-de-mujeres\/"},"author":{"name":"Erick Villafuerte","@id":"https:\/\/www.quebakan.com\/v15\/#\/schema\/person\/d90fa9f9cfa81eb8ace9811e5b7b9118"},"headline":"Tres d\u00e9cadas de belleza ic\u00f3nica: la historia que Avon escribi\u00f3 junto a millones de mujeres","datePublished":"2025-09-19T05:11:45+00:00","mainEntityOfPage":{"@id":"https:\/\/www.quebakan.com\/v15\/tres-decadas-de-belleza-iconica-la-historia-que-avon-escribio-junto-a-millones-de-mujeres\/"},"wordCount":1081,"publisher":{"@id":"https:\/\/www.quebakan.com\/v15\/#organization"},"image":{"@id":"https:\/\/www.quebakan.com\/v15\/tres-decadas-de-belleza-iconica-la-historia-que-avon-escribio-junto-a-millones-de-mujeres\/#primaryimage"},"thumbnailUrl":"https:\/\/www.quebakan.com\/v15\/wp-content\/uploads\/2025\/09\/Belleza-decadas-1.jpg","articleSection":["Noticias"],"inLanguage":"es"},{"@type":"WebPage","@id":"https:\/\/www.quebakan.com\/v15\/tres-decadas-de-belleza-iconica-la-historia-que-avon-escribio-junto-a-millones-de-mujeres\/","url":"https:\/\/www.quebakan.com\/v15\/tres-decadas-de-belleza-iconica-la-historia-que-avon-escribio-junto-a-millones-de-mujeres\/","name":"Tres d\u00e9cadas de belleza ic\u00f3nica: la historia que Avon escribi\u00f3 junto a millones de mujeres &#8211; QUEBAKAN.COM 2026: Noticias, Eventos, Conciertos y mucho m\u00e1s....","isPartOf":{"@id":"https:\/\/www.quebakan.com\/v15\/#website"},"primaryImageOfPage":{"@id":"https:\/\/www.quebakan.com\/v15\/tres-decadas-de-belleza-iconica-la-historia-que-avon-escribio-junto-a-millones-de-mujeres\/#primaryimage"},"image":{"@id":"https:\/\/www.quebakan.com\/v15\/tres-decadas-de-belleza-iconica-la-historia-que-avon-escribio-junto-a-millones-de-mujeres\/#primaryimage"},"thumbnailUrl":"https:\/\/www.quebakan.com\/v15\/wp-content\/uploads\/2025\/09\/Belleza-decadas-1.jpg","datePublished":"2025-09-19T05:11:45+00:00","breadcrumb":{"@id":"https:\/\/www.quebakan.com\/v15\/tres-decadas-de-belleza-iconica-la-historia-que-avon-escribio-junto-a-millones-de-mujeres\/#breadcrumb"},"inLanguage":"es","potentialAction":[{"@type":"ReadAction","target":["https:\/\/www.quebakan.com\/v15\/tres-decadas-de-belleza-iconica-la-historia-que-avon-escribio-junto-a-millones-de-mujeres\/"]}]},{"@type":"ImageObject","inLanguage":"es","@id":"https:\/\/www.quebakan.com\/v15\/tres-decadas-de-belleza-iconica-la-historia-que-avon-escribio-junto-a-millones-de-mujeres\/#primaryimage","url":"https:\/\/www.quebakan.com\/v15\/wp-content\/uploads\/2025\/09\/Belleza-decadas-1.jpg","contentUrl":"https:\/\/www.quebakan.com\/v15\/wp-content\/uploads\/2025\/09\/Belleza-decadas-1.jpg","width":700,"height":467},{"@type":"BreadcrumbList","@id":"https:\/\/www.quebakan.com\/v15\/tres-decadas-de-belleza-iconica-la-historia-que-avon-escribio-junto-a-millones-de-mujeres\/#breadcrumb","itemListElement":[{"@type":"ListItem","position":1,"name":"Portada","item":"https:\/\/www.quebakan.com\/v15\/"},{"@type":"ListItem","position":2,"name":"Tres d\u00e9cadas de belleza ic\u00f3nica: la historia que Avon escribi\u00f3 junto a millones de mujeres"}]},{"@type":"WebSite","@id":"https:\/\/www.quebakan.com\/v15\/#website","url":"https:\/\/www.quebakan.com\/v15\/","name":"QUEBAKAN","description":"..","publisher":{"@id":"https:\/\/www.quebakan.com\/v15\/#organization"},"potentialAction":[{"@type":"SearchAction","target":{"@type":"EntryPoint","urlTemplate":"https:\/\/www.quebakan.com\/v15\/?s={search_term_string}"},"query-input":{"@type":"PropertyValueSpecification","valueRequired":true,"valueName":"search_term_string"}}],"inLanguage":"es"},{"@type":"Organization","@id":"https:\/\/www.quebakan.com\/v15\/#organization","name":"Quebakan.com","url":"https:\/\/www.quebakan.com\/v15\/","logo":{"@type":"ImageObject","inLanguage":"es","@id":"https:\/\/www.quebakan.com\/v15\/#\/schema\/logo\/image\/","url":"https:\/\/www.quebakan.com\/v15\/wp-content\/uploads\/2023\/07\/logoquebakanenero2021.jpg","contentUrl":"https:\/\/www.quebakan.com\/v15\/wp-content\/uploads\/2023\/07\/logoquebakanenero2021.jpg","width":1920,"height":1080,"caption":"Quebakan.com"},"image":{"@id":"https:\/\/www.quebakan.com\/v15\/#\/schema\/logo\/image\/"},"sameAs":["http:\/\/www.facebook.com\/quebakan","https:\/\/x.com\/quebakanec","http:\/\/www.instagram.com\/quebakan","http:\/\/www.youtube.com\/quebakan1"]},{"@type":"Person","@id":"https:\/\/www.quebakan.com\/v15\/#\/schema\/person\/d90fa9f9cfa81eb8ace9811e5b7b9118","name":"Erick Villafuerte","image":{"@type":"ImageObject","inLanguage":"es","@id":"https:\/\/www.quebakan.com\/v15\/wp-content\/uploads\/avatars\/4\/1731297654-bpfull.png","url":"https:\/\/www.quebakan.com\/v15\/wp-content\/uploads\/avatars\/4\/1731297654-bpfull.png","contentUrl":"https:\/\/www.quebakan.com\/v15\/wp-content\/uploads\/avatars\/4\/1731297654-bpfull.png","caption":"Erick Villafuerte"}}]}},"_links":{"self":[{"href":"https:\/\/www.quebakan.com\/v15\/wp-json\/wp\/v2\/posts\/135356","targetHints":{"allow":["GET"]}}],"collection":[{"href":"https:\/\/www.quebakan.com\/v15\/wp-json\/wp\/v2\/posts"}],"about":[{"href":"https:\/\/www.quebakan.com\/v15\/wp-json\/wp\/v2\/types\/post"}],"author":[{"embeddable":true,"href":"https:\/\/www.quebakan.com\/v15\/wp-json\/wp\/v2\/users\/4"}],"replies":[{"embeddable":true,"href":"https:\/\/www.quebakan.com\/v15\/wp-json\/wp\/v2\/comments?post=135356"}],"version-history":[{"count":1,"href":"https:\/\/www.quebakan.com\/v15\/wp-json\/wp\/v2\/posts\/135356\/revisions"}],"predecessor-version":[{"id":135358,"href":"https:\/\/www.quebakan.com\/v15\/wp-json\/wp\/v2\/posts\/135356\/revisions\/135358"}],"wp:featuredmedia":[{"embeddable":true,"href":"https:\/\/www.quebakan.com\/v15\/wp-json\/wp\/v2\/media\/135357"}],"wp:attachment":[{"href":"https:\/\/www.quebakan.com\/v15\/wp-json\/wp\/v2\/media?parent=135356"}],"wp:term":[{"taxonomy":"category","embeddable":true,"href":"https:\/\/www.quebakan.com\/v15\/wp-json\/wp\/v2\/categories?post=135356"},{"taxonomy":"post_tag","embeddable":true,"href":"https:\/\/www.quebakan.com\/v15\/wp-json\/wp\/v2\/tags?post=135356"}],"curies":[{"name":"wp","href":"https:\/\/api.w.org\/{rel}","templated":true}]}}