{"id":135359,"date":"2025-09-19T00:39:20","date_gmt":"2025-09-19T05:39:20","guid":{"rendered":"https:\/\/www.quebakan.com\/v15\/?p=135359"},"modified":"2025-09-19T00:39:20","modified_gmt":"2025-09-19T05:39:20","slug":"la-camara-de-industrias-y-produccion-lanza-el-observatorio-de-comercio-ilicito-para-enfrentar-una-amenaza-estructural-con-evidencia-y-accion-colectiva","status":"publish","type":"post","link":"https:\/\/www.quebakan.com\/v15\/la-camara-de-industrias-y-produccion-lanza-el-observatorio-de-comercio-ilicito-para-enfrentar-una-amenaza-estructural-con-evidencia-y-accion-colectiva\/","title":{"rendered":"La C\u00e1mara de Industrias y Producci\u00f3n lanza el Observatorio de Comercio Il\u00edcito para enfrentar una amenaza estructural con evidencia y acci\u00f3n colectiva"},"content":{"rendered":"<p><img fetchpriority=\"high\" decoding=\"async\" class=\"aligncenter size-full wp-image-135360\" src=\"https:\/\/www.quebakan.com\/v15\/wp-content\/uploads\/2025\/09\/Evento-CIP-Ecuador.jpg\" alt=\"\" width=\"700\" height=\"466\" \/><\/p>\n<p style=\"text-align: justify;\"><span style=\"color: #000000;\"><strong>Quito, Ecuador<\/strong> \u2013 En el marco del evento \u201cDe la detecci\u00f3n a la acci\u00f3n\u201d, la C\u00e1mara de Industrias y Producci\u00f3n (CIP) present\u00f3 oficialmente el Observatorio de Comercio Il\u00edcito, una iniciativa pionera que busca generar evidencia, monitorear el fen\u00f3meno, proponer mejores pol\u00edticas p\u00fablicas y visibilizar el impacto del comercio ilegal en el pa\u00eds.<\/span><\/p>\n<p style=\"text-align: justify;\"><span style=\"color: #000000;\">El comercio il\u00edcito representa una amenaza estructural para el sector productivo ecuatoriano, afectando directamente la competitividad de 7 de cada 10 empresas. Adem\u00e1s, se ha convertido en una puerta abierta para el crimen organizado, con implicaciones profundas en la seguridad, la salud p\u00fablica y la recaudaci\u00f3n fiscal.<\/span><\/p>\n<p style=\"text-align: justify;\"><span style=\"color: #000000;\">\u201cCombatir el comercio ilegal exige compromiso colectivo. Esta no es una lucha de un solo sector, sino una causa nacional que requiere alianzas duraderas entre el Estado, la empresa privada, la academia y la ciudadan\u00eda\u201d, enfatiz\u00f3 Mar\u00eda Paz Jervis, Presidenta Ejecutiva de la CIP.<\/span><\/p>\n<p style=\"text-align: justify;\"><span style=\"color: #000000;\">Durante el evento, se destac\u00f3 la necesidad de fortalecer los canales de denuncia, modernizar los controles aduaneros, endurecer el marco normativo y sensibilizar al consumidor. En 2023, las p\u00e9rdidas fiscales por comercio il\u00edcito ascendieron a 500 millones de d\u00f3lares, mientras que en 2024 se registraron incautaciones por 118 millones, seg\u00fan datos de la CIP.<\/span><\/p>\n<p style=\"text-align: justify;\"><span style=\"color: #000000;\">Desde el sector p\u00fablico, el Servicio de Rentas Internas (SRI) ha liderado m\u00e1s de 10 mil actuaciones de control, recaudando 5 millones de d\u00f3lares en productos como celulares, cigarrillos, licores y productos dermatol\u00f3gicos. Adem\u00e1s, se han implementado herramientas tecnol\u00f3gicas como ORION y PALANTIR, que utilizan inteligencia artificial para reforzar la trazabilidad y el control fiscal.<\/span><\/p>\n<p style=\"text-align: justify;\"><span style=\"color: #000000;\">\u201cLa articulaci\u00f3n entre instituciones como la UAFE, SENAE, ARCSA y el Ministerio del Interior ha sido clave para detectar flujos financieros il\u00edcitos y coordinar operativos nacionales e internacionales\u201d, se\u00f1al\u00f3 Carlos Jaramillo, Director Nacional de Control Tributario del SRI.<\/span><\/p>\n<p style=\"text-align: justify;\"><span style=\"color: #000000;\">La academia tambi\u00e9n se suma a esta lucha. La Universidad San Francisco de Quito, ha desarrollado estudios sobre consumo de productos alternativos y evasi\u00f3n fiscal en el rubro de tabaco, estimando p\u00e9rdidas de aproximadamente 2.000 millones de d\u00f3lares a ra\u00edz de las reformas tributarias de 2024 y 2026 que incrementaron impuestos a los cigarrillos.<\/span><\/p>\n<p style=\"text-align: justify;\"><span style=\"color: #000000;\">\u201cLa participaci\u00f3n acad\u00e9mica garantiza independencia, rigurosidad y sistematizaci\u00f3n. Los hallazgos permiten dise\u00f1ar pol\u00edticas replicables en sectores como medicamentos y bebidas alcoh\u00f3licas\u201d, explic\u00f3 Franklin Velasco, Vicedecano del Colegio de Administraci\u00f3n de Empresas de la USFQ.<\/span><\/p>\n<p style=\"text-align: justify;\"><span style=\"color: #000000;\">Finalmente, Mar\u00eda Carolina Uribe, Gerente de Prevenci\u00f3n y Comercio Il\u00edcito para la Regi\u00f3n Andina de Philip Morris International, alert\u00f3 que 8 de cada 10 cigarrillos que se comercializan en Ecuador son de contrabando, lo que genera especial preocupaci\u00f3n en la medida que el comercio il\u00edcito de cigarrillos es la fuente de financiaci\u00f3n de los Grupos de Delincuencia Organizada que est\u00e1n impactando directamente en la seguridad de los ciudadanos.<\/span><\/p>\n<p style=\"text-align: justify;\"><span style=\"color: #000000;\">Hoy en d\u00eda, la lucha contra la inseguridad y la desarticulaci\u00f3n de los Grupos de Delincuencia Organizada, GDO\u00b4s es la prioridad del Gobierno Ecuatoriano. En ese sentido, la uni\u00f3n de actores como los gremios, la empresa privada y la academia es fundamental para sumar esfuerzos.<\/span><\/p>\n<p style=\"text-align: justify;\"><span style=\"color: #000000;\">El Observatorio de Comercio Il\u00edcito nace como una herramienta estrat\u00e9gica para enfrentar esta problem\u00e1tica con datos reales, propuestas concretas y un enfoque multisectorial. La CIP reafirma su compromiso de seguir impulsando acciones que fortalezcan la legalidad, la transparencia y la competitividad del mercado ecuatoriano.<\/span><\/p>\n","protected":false},"excerpt":{"rendered":"<p>Quito, Ecuador \u2013 En el marco del evento \u201cDe la detecci\u00f3n a la acci\u00f3n\u201d, la C\u00e1mara de Industrias y Producci\u00f3n (CIP) present\u00f3 oficialmente el Observatorio de Comercio Il\u00edcito, una iniciativa pionera que busca generar evidencia, monitorear el fen\u00f3meno, proponer mejores pol\u00edticas p\u00fablicas y visibilizar el impacto del comercio ilegal en el pa\u00eds. El comercio il\u00edcito [&hellip;]<\/p>\n","protected":false},"author":4,"featured_media":135360,"comment_status":"closed","ping_status":"closed","sticky":false,"template":"","format":"standard","meta":{"_bbp_topic_count":0,"_bbp_reply_count":0,"_bbp_total_topic_count":0,"_bbp_total_reply_count":0,"_bbp_voice_count":0,"_bbp_anonymous_reply_count":0,"_bbp_topic_count_hidden":0,"_bbp_reply_count_hidden":0,"_bbp_forum_subforum_count":0,"buzzeditor_post_format":"","footnotes":""},"categories":[2],"tags":[],"class_list":["post-135359","post","type-post","status-publish","format-standard","has-post-thumbnail","hentry","category-noticias"],"yoast_head":"<!-- This site is optimized with the Yoast SEO plugin v27.5 - https:\/\/yoast.com\/product\/yoast-seo-wordpress\/ -->\n<title>La C\u00e1mara de Industrias y Producci\u00f3n lanza el Observatorio de Comercio Il\u00edcito para enfrentar una amenaza estructural con evidencia y acci\u00f3n colectiva &#8211; QUEBAKAN.COM 2026: Noticias, Eventos, Conciertos y mucho m\u00e1s....<\/title>\n<meta name=\"robots\" content=\"index, follow, max-snippet:-1, max-image-preview:large, max-video-preview:-1\" \/>\n<link rel=\"canonical\" href=\"https:\/\/www.quebakan.com\/v15\/la-camara-de-industrias-y-produccion-lanza-el-observatorio-de-comercio-ilicito-para-enfrentar-una-amenaza-estructural-con-evidencia-y-accion-colectiva\/\" \/>\n<meta property=\"og:locale\" content=\"es_ES\" \/>\n<meta property=\"og:type\" content=\"article\" \/>\n<meta property=\"og:title\" content=\"La C\u00e1mara de Industrias y Producci\u00f3n lanza el Observatorio de Comercio Il\u00edcito para enfrentar una amenaza estructural con evidencia y acci\u00f3n colectiva &#8211; QUEBAKAN.COM 2026: Noticias, Eventos, Conciertos y mucho m\u00e1s....\" \/>\n<meta property=\"og:description\" content=\"Quito, Ecuador \u2013 En el marco del evento \u201cDe la detecci\u00f3n a la acci\u00f3n\u201d, la C\u00e1mara de Industrias y Producci\u00f3n (CIP) present\u00f3 oficialmente el Observatorio de Comercio Il\u00edcito, una iniciativa pionera que busca generar evidencia, monitorear el fen\u00f3meno, proponer mejores pol\u00edticas p\u00fablicas y visibilizar el impacto del comercio ilegal en el pa\u00eds. El comercio il\u00edcito [&hellip;]\" \/>\n<meta property=\"og:url\" content=\"https:\/\/www.quebakan.com\/v15\/la-camara-de-industrias-y-produccion-lanza-el-observatorio-de-comercio-ilicito-para-enfrentar-una-amenaza-estructural-con-evidencia-y-accion-colectiva\/\" \/>\n<meta property=\"og:site_name\" content=\"QUEBAKAN.COM 2026: Noticias, Eventos, Conciertos y mucho m\u00e1s....\" \/>\n<meta property=\"article:publisher\" content=\"http:\/\/www.facebook.com\/quebakan\" \/>\n<meta property=\"article:published_time\" content=\"2025-09-19T05:39:20+00:00\" \/>\n<meta property=\"og:image\" content=\"https:\/\/www.quebakan.com\/v15\/wp-content\/uploads\/2025\/09\/Evento-CIP-Ecuador.jpg\" \/>\n\t<meta property=\"og:image:width\" content=\"700\" \/>\n\t<meta property=\"og:image:height\" content=\"466\" \/>\n\t<meta property=\"og:image:type\" content=\"image\/jpeg\" \/>\n<meta name=\"author\" content=\"Erick Villafuerte\" \/>\n<meta name=\"twitter:card\" content=\"summary_large_image\" \/>\n<meta name=\"twitter:creator\" content=\"@quebakanec\" \/>\n<meta name=\"twitter:site\" content=\"@quebakanec\" \/>\n<meta name=\"twitter:label1\" content=\"Escrito por\" \/>\n\t<meta name=\"twitter:data1\" content=\"Erick Villafuerte\" \/>\n\t<meta name=\"twitter:label2\" content=\"Tiempo de lectura\" \/>\n\t<meta name=\"twitter:data2\" content=\"3 minutos\" \/>\n<script type=\"application\/ld+json\" class=\"yoast-schema-graph\">{\"@context\":\"https:\\\/\\\/schema.org\",\"@graph\":[{\"@type\":\"Article\",\"@id\":\"https:\\\/\\\/www.quebakan.com\\\/v15\\\/la-camara-de-industrias-y-produccion-lanza-el-observatorio-de-comercio-ilicito-para-enfrentar-una-amenaza-estructural-con-evidencia-y-accion-colectiva\\\/#article\",\"isPartOf\":{\"@id\":\"https:\\\/\\\/www.quebakan.com\\\/v15\\\/la-camara-de-industrias-y-produccion-lanza-el-observatorio-de-comercio-ilicito-para-enfrentar-una-amenaza-estructural-con-evidencia-y-accion-colectiva\\\/\"},\"author\":{\"name\":\"Erick Villafuerte\",\"@id\":\"https:\\\/\\\/www.quebakan.com\\\/v15\\\/#\\\/schema\\\/person\\\/d90fa9f9cfa81eb8ace9811e5b7b9118\"},\"headline\":\"La C\u00e1mara de Industrias y Producci\u00f3n lanza el Observatorio de Comercio Il\u00edcito para enfrentar una amenaza estructural con evidencia y acci\u00f3n colectiva\",\"datePublished\":\"2025-09-19T05:39:20+00:00\",\"mainEntityOfPage\":{\"@id\":\"https:\\\/\\\/www.quebakan.com\\\/v15\\\/la-camara-de-industrias-y-produccion-lanza-el-observatorio-de-comercio-ilicito-para-enfrentar-una-amenaza-estructural-con-evidencia-y-accion-colectiva\\\/\"},\"wordCount\":602,\"publisher\":{\"@id\":\"https:\\\/\\\/www.quebakan.com\\\/v15\\\/#organization\"},\"image\":{\"@id\":\"https:\\\/\\\/www.quebakan.com\\\/v15\\\/la-camara-de-industrias-y-produccion-lanza-el-observatorio-de-comercio-ilicito-para-enfrentar-una-amenaza-estructural-con-evidencia-y-accion-colectiva\\\/#primaryimage\"},\"thumbnailUrl\":\"https:\\\/\\\/www.quebakan.com\\\/v15\\\/wp-content\\\/uploads\\\/2025\\\/09\\\/Evento-CIP-Ecuador.jpg\",\"articleSection\":[\"Noticias\"],\"inLanguage\":\"es\"},{\"@type\":\"WebPage\",\"@id\":\"https:\\\/\\\/www.quebakan.com\\\/v15\\\/la-camara-de-industrias-y-produccion-lanza-el-observatorio-de-comercio-ilicito-para-enfrentar-una-amenaza-estructural-con-evidencia-y-accion-colectiva\\\/\",\"url\":\"https:\\\/\\\/www.quebakan.com\\\/v15\\\/la-camara-de-industrias-y-produccion-lanza-el-observatorio-de-comercio-ilicito-para-enfrentar-una-amenaza-estructural-con-evidencia-y-accion-colectiva\\\/\",\"name\":\"La C\u00e1mara de Industrias y Producci\u00f3n lanza el Observatorio de Comercio Il\u00edcito para enfrentar una amenaza estructural con evidencia y acci\u00f3n colectiva &#8211; QUEBAKAN.COM 2026: Noticias, Eventos, Conciertos y mucho m\u00e1s....\",\"isPartOf\":{\"@id\":\"https:\\\/\\\/www.quebakan.com\\\/v15\\\/#website\"},\"primaryImageOfPage\":{\"@id\":\"https:\\\/\\\/www.quebakan.com\\\/v15\\\/la-camara-de-industrias-y-produccion-lanza-el-observatorio-de-comercio-ilicito-para-enfrentar-una-amenaza-estructural-con-evidencia-y-accion-colectiva\\\/#primaryimage\"},\"image\":{\"@id\":\"https:\\\/\\\/www.quebakan.com\\\/v15\\\/la-camara-de-industrias-y-produccion-lanza-el-observatorio-de-comercio-ilicito-para-enfrentar-una-amenaza-estructural-con-evidencia-y-accion-colectiva\\\/#primaryimage\"},\"thumbnailUrl\":\"https:\\\/\\\/www.quebakan.com\\\/v15\\\/wp-content\\\/uploads\\\/2025\\\/09\\\/Evento-CIP-Ecuador.jpg\",\"datePublished\":\"2025-09-19T05:39:20+00:00\",\"breadcrumb\":{\"@id\":\"https:\\\/\\\/www.quebakan.com\\\/v15\\\/la-camara-de-industrias-y-produccion-lanza-el-observatorio-de-comercio-ilicito-para-enfrentar-una-amenaza-estructural-con-evidencia-y-accion-colectiva\\\/#breadcrumb\"},\"inLanguage\":\"es\",\"potentialAction\":[{\"@type\":\"ReadAction\",\"target\":[\"https:\\\/\\\/www.quebakan.com\\\/v15\\\/la-camara-de-industrias-y-produccion-lanza-el-observatorio-de-comercio-ilicito-para-enfrentar-una-amenaza-estructural-con-evidencia-y-accion-colectiva\\\/\"]}]},{\"@type\":\"ImageObject\",\"inLanguage\":\"es\",\"@id\":\"https:\\\/\\\/www.quebakan.com\\\/v15\\\/la-camara-de-industrias-y-produccion-lanza-el-observatorio-de-comercio-ilicito-para-enfrentar-una-amenaza-estructural-con-evidencia-y-accion-colectiva\\\/#primaryimage\",\"url\":\"https:\\\/\\\/www.quebakan.com\\\/v15\\\/wp-content\\\/uploads\\\/2025\\\/09\\\/Evento-CIP-Ecuador.jpg\",\"contentUrl\":\"https:\\\/\\\/www.quebakan.com\\\/v15\\\/wp-content\\\/uploads\\\/2025\\\/09\\\/Evento-CIP-Ecuador.jpg\",\"width\":700,\"height\":466},{\"@type\":\"BreadcrumbList\",\"@id\":\"https:\\\/\\\/www.quebakan.com\\\/v15\\\/la-camara-de-industrias-y-produccion-lanza-el-observatorio-de-comercio-ilicito-para-enfrentar-una-amenaza-estructural-con-evidencia-y-accion-colectiva\\\/#breadcrumb\",\"itemListElement\":[{\"@type\":\"ListItem\",\"position\":1,\"name\":\"Portada\",\"item\":\"https:\\\/\\\/www.quebakan.com\\\/v15\\\/\"},{\"@type\":\"ListItem\",\"position\":2,\"name\":\"La C\u00e1mara de Industrias y Producci\u00f3n lanza el Observatorio de Comercio Il\u00edcito para enfrentar una amenaza estructural con evidencia y acci\u00f3n colectiva\"}]},{\"@type\":\"WebSite\",\"@id\":\"https:\\\/\\\/www.quebakan.com\\\/v15\\\/#website\",\"url\":\"https:\\\/\\\/www.quebakan.com\\\/v15\\\/\",\"name\":\"QUEBAKAN\",\"description\":\"..\",\"publisher\":{\"@id\":\"https:\\\/\\\/www.quebakan.com\\\/v15\\\/#organization\"},\"potentialAction\":[{\"@type\":\"SearchAction\",\"target\":{\"@type\":\"EntryPoint\",\"urlTemplate\":\"https:\\\/\\\/www.quebakan.com\\\/v15\\\/?s={search_term_string}\"},\"query-input\":{\"@type\":\"PropertyValueSpecification\",\"valueRequired\":true,\"valueName\":\"search_term_string\"}}],\"inLanguage\":\"es\"},{\"@type\":\"Organization\",\"@id\":\"https:\\\/\\\/www.quebakan.com\\\/v15\\\/#organization\",\"name\":\"Quebakan.com\",\"url\":\"https:\\\/\\\/www.quebakan.com\\\/v15\\\/\",\"logo\":{\"@type\":\"ImageObject\",\"inLanguage\":\"es\",\"@id\":\"https:\\\/\\\/www.quebakan.com\\\/v15\\\/#\\\/schema\\\/logo\\\/image\\\/\",\"url\":\"https:\\\/\\\/www.quebakan.com\\\/v15\\\/wp-content\\\/uploads\\\/2023\\\/07\\\/logoquebakanenero2021.jpg\",\"contentUrl\":\"https:\\\/\\\/www.quebakan.com\\\/v15\\\/wp-content\\\/uploads\\\/2023\\\/07\\\/logoquebakanenero2021.jpg\",\"width\":1920,\"height\":1080,\"caption\":\"Quebakan.com\"},\"image\":{\"@id\":\"https:\\\/\\\/www.quebakan.com\\\/v15\\\/#\\\/schema\\\/logo\\\/image\\\/\"},\"sameAs\":[\"http:\\\/\\\/www.facebook.com\\\/quebakan\",\"https:\\\/\\\/x.com\\\/quebakanec\",\"http:\\\/\\\/www.instagram.com\\\/quebakan\",\"http:\\\/\\\/www.youtube.com\\\/quebakan1\"]},{\"@type\":\"Person\",\"@id\":\"https:\\\/\\\/www.quebakan.com\\\/v15\\\/#\\\/schema\\\/person\\\/d90fa9f9cfa81eb8ace9811e5b7b9118\",\"name\":\"Erick Villafuerte\",\"image\":{\"@type\":\"ImageObject\",\"inLanguage\":\"es\",\"@id\":\"https:\\\/\\\/www.quebakan.com\\\/v15\\\/wp-content\\\/uploads\\\/avatars\\\/4\\\/1731297654-bpfull.png\",\"url\":\"https:\\\/\\\/www.quebakan.com\\\/v15\\\/wp-content\\\/uploads\\\/avatars\\\/4\\\/1731297654-bpfull.png\",\"contentUrl\":\"https:\\\/\\\/www.quebakan.com\\\/v15\\\/wp-content\\\/uploads\\\/avatars\\\/4\\\/1731297654-bpfull.png\",\"caption\":\"Erick Villafuerte\"}}]}<\/script>\n<!-- \/ Yoast SEO plugin. -->","yoast_head_json":{"title":"La C\u00e1mara de Industrias y Producci\u00f3n lanza el Observatorio de Comercio Il\u00edcito para enfrentar una amenaza estructural con evidencia y acci\u00f3n colectiva &#8211; QUEBAKAN.COM 2026: Noticias, Eventos, Conciertos y mucho m\u00e1s....","robots":{"index":"index","follow":"follow","max-snippet":"max-snippet:-1","max-image-preview":"max-image-preview:large","max-video-preview":"max-video-preview:-1"},"canonical":"https:\/\/www.quebakan.com\/v15\/la-camara-de-industrias-y-produccion-lanza-el-observatorio-de-comercio-ilicito-para-enfrentar-una-amenaza-estructural-con-evidencia-y-accion-colectiva\/","og_locale":"es_ES","og_type":"article","og_title":"La C\u00e1mara de Industrias y Producci\u00f3n lanza el Observatorio de Comercio Il\u00edcito para enfrentar una amenaza estructural con evidencia y acci\u00f3n colectiva &#8211; QUEBAKAN.COM 2026: Noticias, Eventos, Conciertos y mucho m\u00e1s....","og_description":"Quito, Ecuador \u2013 En el marco del evento \u201cDe la detecci\u00f3n a la acci\u00f3n\u201d, la C\u00e1mara de Industrias y Producci\u00f3n (CIP) present\u00f3 oficialmente el Observatorio de Comercio Il\u00edcito, una iniciativa pionera que busca generar evidencia, monitorear el fen\u00f3meno, proponer mejores pol\u00edticas p\u00fablicas y visibilizar el impacto del comercio ilegal en el pa\u00eds. El comercio il\u00edcito [&hellip;]","og_url":"https:\/\/www.quebakan.com\/v15\/la-camara-de-industrias-y-produccion-lanza-el-observatorio-de-comercio-ilicito-para-enfrentar-una-amenaza-estructural-con-evidencia-y-accion-colectiva\/","og_site_name":"QUEBAKAN.COM 2026: Noticias, Eventos, Conciertos y mucho m\u00e1s....","article_publisher":"http:\/\/www.facebook.com\/quebakan","article_published_time":"2025-09-19T05:39:20+00:00","og_image":[{"width":700,"height":466,"url":"https:\/\/www.quebakan.com\/v15\/wp-content\/uploads\/2025\/09\/Evento-CIP-Ecuador.jpg","type":"image\/jpeg"}],"author":"Erick Villafuerte","twitter_card":"summary_large_image","twitter_creator":"@quebakanec","twitter_site":"@quebakanec","twitter_misc":{"Escrito por":"Erick Villafuerte","Tiempo de lectura":"3 minutos"},"schema":{"@context":"https:\/\/schema.org","@graph":[{"@type":"Article","@id":"https:\/\/www.quebakan.com\/v15\/la-camara-de-industrias-y-produccion-lanza-el-observatorio-de-comercio-ilicito-para-enfrentar-una-amenaza-estructural-con-evidencia-y-accion-colectiva\/#article","isPartOf":{"@id":"https:\/\/www.quebakan.com\/v15\/la-camara-de-industrias-y-produccion-lanza-el-observatorio-de-comercio-ilicito-para-enfrentar-una-amenaza-estructural-con-evidencia-y-accion-colectiva\/"},"author":{"name":"Erick Villafuerte","@id":"https:\/\/www.quebakan.com\/v15\/#\/schema\/person\/d90fa9f9cfa81eb8ace9811e5b7b9118"},"headline":"La C\u00e1mara de Industrias y Producci\u00f3n lanza el Observatorio de Comercio Il\u00edcito para enfrentar una amenaza estructural con evidencia y acci\u00f3n colectiva","datePublished":"2025-09-19T05:39:20+00:00","mainEntityOfPage":{"@id":"https:\/\/www.quebakan.com\/v15\/la-camara-de-industrias-y-produccion-lanza-el-observatorio-de-comercio-ilicito-para-enfrentar-una-amenaza-estructural-con-evidencia-y-accion-colectiva\/"},"wordCount":602,"publisher":{"@id":"https:\/\/www.quebakan.com\/v15\/#organization"},"image":{"@id":"https:\/\/www.quebakan.com\/v15\/la-camara-de-industrias-y-produccion-lanza-el-observatorio-de-comercio-ilicito-para-enfrentar-una-amenaza-estructural-con-evidencia-y-accion-colectiva\/#primaryimage"},"thumbnailUrl":"https:\/\/www.quebakan.com\/v15\/wp-content\/uploads\/2025\/09\/Evento-CIP-Ecuador.jpg","articleSection":["Noticias"],"inLanguage":"es"},{"@type":"WebPage","@id":"https:\/\/www.quebakan.com\/v15\/la-camara-de-industrias-y-produccion-lanza-el-observatorio-de-comercio-ilicito-para-enfrentar-una-amenaza-estructural-con-evidencia-y-accion-colectiva\/","url":"https:\/\/www.quebakan.com\/v15\/la-camara-de-industrias-y-produccion-lanza-el-observatorio-de-comercio-ilicito-para-enfrentar-una-amenaza-estructural-con-evidencia-y-accion-colectiva\/","name":"La C\u00e1mara de Industrias y Producci\u00f3n lanza el Observatorio de Comercio Il\u00edcito para enfrentar una amenaza estructural con evidencia y acci\u00f3n colectiva &#8211; QUEBAKAN.COM 2026: Noticias, Eventos, Conciertos y mucho m\u00e1s....","isPartOf":{"@id":"https:\/\/www.quebakan.com\/v15\/#website"},"primaryImageOfPage":{"@id":"https:\/\/www.quebakan.com\/v15\/la-camara-de-industrias-y-produccion-lanza-el-observatorio-de-comercio-ilicito-para-enfrentar-una-amenaza-estructural-con-evidencia-y-accion-colectiva\/#primaryimage"},"image":{"@id":"https:\/\/www.quebakan.com\/v15\/la-camara-de-industrias-y-produccion-lanza-el-observatorio-de-comercio-ilicito-para-enfrentar-una-amenaza-estructural-con-evidencia-y-accion-colectiva\/#primaryimage"},"thumbnailUrl":"https:\/\/www.quebakan.com\/v15\/wp-content\/uploads\/2025\/09\/Evento-CIP-Ecuador.jpg","datePublished":"2025-09-19T05:39:20+00:00","breadcrumb":{"@id":"https:\/\/www.quebakan.com\/v15\/la-camara-de-industrias-y-produccion-lanza-el-observatorio-de-comercio-ilicito-para-enfrentar-una-amenaza-estructural-con-evidencia-y-accion-colectiva\/#breadcrumb"},"inLanguage":"es","potentialAction":[{"@type":"ReadAction","target":["https:\/\/www.quebakan.com\/v15\/la-camara-de-industrias-y-produccion-lanza-el-observatorio-de-comercio-ilicito-para-enfrentar-una-amenaza-estructural-con-evidencia-y-accion-colectiva\/"]}]},{"@type":"ImageObject","inLanguage":"es","@id":"https:\/\/www.quebakan.com\/v15\/la-camara-de-industrias-y-produccion-lanza-el-observatorio-de-comercio-ilicito-para-enfrentar-una-amenaza-estructural-con-evidencia-y-accion-colectiva\/#primaryimage","url":"https:\/\/www.quebakan.com\/v15\/wp-content\/uploads\/2025\/09\/Evento-CIP-Ecuador.jpg","contentUrl":"https:\/\/www.quebakan.com\/v15\/wp-content\/uploads\/2025\/09\/Evento-CIP-Ecuador.jpg","width":700,"height":466},{"@type":"BreadcrumbList","@id":"https:\/\/www.quebakan.com\/v15\/la-camara-de-industrias-y-produccion-lanza-el-observatorio-de-comercio-ilicito-para-enfrentar-una-amenaza-estructural-con-evidencia-y-accion-colectiva\/#breadcrumb","itemListElement":[{"@type":"ListItem","position":1,"name":"Portada","item":"https:\/\/www.quebakan.com\/v15\/"},{"@type":"ListItem","position":2,"name":"La C\u00e1mara de Industrias y Producci\u00f3n lanza el Observatorio de Comercio Il\u00edcito para enfrentar una amenaza estructural con evidencia y acci\u00f3n colectiva"}]},{"@type":"WebSite","@id":"https:\/\/www.quebakan.com\/v15\/#website","url":"https:\/\/www.quebakan.com\/v15\/","name":"QUEBAKAN","description":"..","publisher":{"@id":"https:\/\/www.quebakan.com\/v15\/#organization"},"potentialAction":[{"@type":"SearchAction","target":{"@type":"EntryPoint","urlTemplate":"https:\/\/www.quebakan.com\/v15\/?s={search_term_string}"},"query-input":{"@type":"PropertyValueSpecification","valueRequired":true,"valueName":"search_term_string"}}],"inLanguage":"es"},{"@type":"Organization","@id":"https:\/\/www.quebakan.com\/v15\/#organization","name":"Quebakan.com","url":"https:\/\/www.quebakan.com\/v15\/","logo":{"@type":"ImageObject","inLanguage":"es","@id":"https:\/\/www.quebakan.com\/v15\/#\/schema\/logo\/image\/","url":"https:\/\/www.quebakan.com\/v15\/wp-content\/uploads\/2023\/07\/logoquebakanenero2021.jpg","contentUrl":"https:\/\/www.quebakan.com\/v15\/wp-content\/uploads\/2023\/07\/logoquebakanenero2021.jpg","width":1920,"height":1080,"caption":"Quebakan.com"},"image":{"@id":"https:\/\/www.quebakan.com\/v15\/#\/schema\/logo\/image\/"},"sameAs":["http:\/\/www.facebook.com\/quebakan","https:\/\/x.com\/quebakanec","http:\/\/www.instagram.com\/quebakan","http:\/\/www.youtube.com\/quebakan1"]},{"@type":"Person","@id":"https:\/\/www.quebakan.com\/v15\/#\/schema\/person\/d90fa9f9cfa81eb8ace9811e5b7b9118","name":"Erick Villafuerte","image":{"@type":"ImageObject","inLanguage":"es","@id":"https:\/\/www.quebakan.com\/v15\/wp-content\/uploads\/avatars\/4\/1731297654-bpfull.png","url":"https:\/\/www.quebakan.com\/v15\/wp-content\/uploads\/avatars\/4\/1731297654-bpfull.png","contentUrl":"https:\/\/www.quebakan.com\/v15\/wp-content\/uploads\/avatars\/4\/1731297654-bpfull.png","caption":"Erick Villafuerte"}}]}},"_links":{"self":[{"href":"https:\/\/www.quebakan.com\/v15\/wp-json\/wp\/v2\/posts\/135359","targetHints":{"allow":["GET"]}}],"collection":[{"href":"https:\/\/www.quebakan.com\/v15\/wp-json\/wp\/v2\/posts"}],"about":[{"href":"https:\/\/www.quebakan.com\/v15\/wp-json\/wp\/v2\/types\/post"}],"author":[{"embeddable":true,"href":"https:\/\/www.quebakan.com\/v15\/wp-json\/wp\/v2\/users\/4"}],"replies":[{"embeddable":true,"href":"https:\/\/www.quebakan.com\/v15\/wp-json\/wp\/v2\/comments?post=135359"}],"version-history":[{"count":1,"href":"https:\/\/www.quebakan.com\/v15\/wp-json\/wp\/v2\/posts\/135359\/revisions"}],"predecessor-version":[{"id":135361,"href":"https:\/\/www.quebakan.com\/v15\/wp-json\/wp\/v2\/posts\/135359\/revisions\/135361"}],"wp:featuredmedia":[{"embeddable":true,"href":"https:\/\/www.quebakan.com\/v15\/wp-json\/wp\/v2\/media\/135360"}],"wp:attachment":[{"href":"https:\/\/www.quebakan.com\/v15\/wp-json\/wp\/v2\/media?parent=135359"}],"wp:term":[{"taxonomy":"category","embeddable":true,"href":"https:\/\/www.quebakan.com\/v15\/wp-json\/wp\/v2\/categories?post=135359"},{"taxonomy":"post_tag","embeddable":true,"href":"https:\/\/www.quebakan.com\/v15\/wp-json\/wp\/v2\/tags?post=135359"}],"curies":[{"name":"wp","href":"https:\/\/api.w.org\/{rel}","templated":true}]}}