{"id":135362,"date":"2025-09-19T00:44:43","date_gmt":"2025-09-19T05:44:43","guid":{"rendered":"https:\/\/www.quebakan.com\/v15\/?p=135362"},"modified":"2025-09-19T00:44:43","modified_gmt":"2025-09-19T05:44:43","slug":"fuga-digital-esta-ecuador-preparado-para-retener-talento-en-la-era-del-trabajo-remoto","status":"publish","type":"post","link":"https:\/\/www.quebakan.com\/v15\/fuga-digital-esta-ecuador-preparado-para-retener-talento-en-la-era-del-trabajo-remoto\/","title":{"rendered":"Fuga digital \u00bfEst\u00e1 Ecuador preparado para retener talento en la era del trabajo remoto?"},"content":{"rendered":"<p style=\"text-align: justify;\"><img fetchpriority=\"high\" decoding=\"async\" class=\"aligncenter size-full wp-image-135363\" src=\"https:\/\/www.quebakan.com\/v15\/wp-content\/uploads\/2025\/09\/laptop-6062423_1280.jpg\" alt=\"\" width=\"700\" height=\"466\" \/><\/p>\n<ul style=\"text-align: justify;\">\n<li><span style=\"color: #000000;\"><em>El \u201cBig Quit digital\u201d ya afecta al 53 % de los trabajadores en plataformas de la regi\u00f3n.<\/em><\/span><\/li>\n<li><span style=\"color: #000000;\"><em>En 2023 la contrataci\u00f3n remota internacional creci\u00f3 55 % en Latinoam\u00e9rica, acelerando la fuga de talento digital.<\/em><\/span><\/li>\n<\/ul>\n<p style=\"text-align: justify;\"><span style=\"color: #000000;\"><strong>Ecuador, Septiembre de 2025 \u2014 <\/strong>Am\u00e9rica Latina atraviesa un fen\u00f3meno silencioso pero decisivo, conocido como el \u00abBig Quit Digital\u00bb, representando un riesgo para las econom\u00edas locales de pa\u00edses como Ecuador, Colombia, M\u00e9xico, Rep\u00fablica Dominicana y Per\u00fa. Seg\u00fan la plataforma Deel, la contrataci\u00f3n de profesionales latinoamericanos por empresas extranjeras creci\u00f3 un <strong>55% en 2023<\/strong>, mientras que la fuerza laboral remota en la regi\u00f3n pas\u00f3 del <strong>3% en 2019 al 30% en 2023<\/strong>, de acuerdo con datos de <em>CommittedStaff<\/em>. Los datos de reclutamiento y estudios del sector tecnol\u00f3gico en Ecuador se\u00f1alan que la brecha salarial es el factor determinante. Un profesional del sector digital puede ganar en el extranjero salarios que superan con creces los promedios locales, especialmente en roles especializados. Esta diferencia, sumada a la b\u00fasqueda de mejores oportunidades de desarrollo profesional.<\/span><\/p>\n<p style=\"text-align: justify;\"><span style=\"color: #000000;\">Este auge plantea un dilema, los profesionales en \u00e1reas de tecnolog\u00eda, innovaci\u00f3n y datos pueden trabajar globalmente desde sus territorios, pero en muchos casos se <strong>desconectan del desarrollo local<\/strong>, debilitando los ecosistemas de innovaci\u00f3n de sus pa\u00edses. \u201cCada profesional que se desvincula de su entorno representa una oportunidad perdida para transformar realidades locales. El reto no es frenar el trabajo global, sino transformarlo en impacto regional\u201d, advierte <strong>Ferran Calatayud Ventura, Executive Director\/CEO de BIU University Miami<\/strong> (Broward International University).<\/span><\/p>\n<p style=\"text-align: justify;\"><span style=\"color: #000000;\">La situaci\u00f3n no es menor. Seg\u00fan la OIT, m\u00e1s del <strong>53 % de los trabajadores en plataformas digitales en Am\u00e9rica Latina y el Caribe<\/strong> prestan servicios a clientes fuera de sus pa\u00edses, principalmente en Estados Unidos y Canad\u00e1. Esto significa que m\u00e1s de la mitad del talento digital de la regi\u00f3n est\u00e1 hoy generando valor para econom\u00edas externas. Frente a este panorama, distintos expertos plantean que la clave no est\u00e1 en frenar el trabajo global, sino en reorientarlo hacia el desarrollo local. La formaci\u00f3n internacional ya sea presencial u online no deber\u00eda convertirse en un pasaporte de salida, sino en una palanca de transformaci\u00f3n en origen. La idea es que los profesionales puedan formarse con est\u00e1ndares globales y, al mismo tiempo, aplicar ese conocimiento en proyectos que fortalezcan a sus comunidades. Como se\u00f1ala Ferran, \u201cel conocimiento internacional no debe ser un pasaporte de salida, sino una semilla de transformaci\u00f3n en origen\u201d.<\/span><\/p>\n<p style=\"text-align: justify;\"><span style=\"color: #000000;\">Este enfoque se traduce en cifras, un ejemplo de esto es que en instituciones como <strong>BIU <\/strong>\u00a0<strong>m\u00e1s del 60 % de los proyectos acad\u00e9micos tienen aplicaci\u00f3n pr\u00e1ctica en las comunidades de origen de los estudiantes<\/strong>, abordando sectores clave como sostenibilidad, turismo, educaci\u00f3n y salud; Algunos casos concretos son:<\/span><\/p>\n<ul style=\"text-align: justify;\">\n<li><span style=\"color: #000000;\">En<strong> Ecuador<\/strong>, Greysi Virla analiz\u00f3 la calidad de vida de pacientes con enfermedad renal cr\u00f3nica, mejorando protocolos cl\u00ednicos en salud privada.<\/span><\/li>\n<li><span style=\"color: #000000;\">En <strong>Per\u00fa<\/strong>, Carlos Odar dise\u00f1\u00f3 un plan de turismo sostenible en comunidades mineras premiado por su potencial de diversificaci\u00f3n econ\u00f3mica.<\/span><\/li>\n<li><span style=\"color: #000000;\">En <strong>Rep\u00fablica Dominicana<\/strong>, Luis Miguel Sosa aport\u00f3 un modelo replicable de sostenibilidad en pymes.<\/span><\/li>\n<li><span style=\"color: #000000;\">En<strong> Colombia<\/strong>, Viviana Polnaco investig\u00f3 el nivel de educaci\u00f3n financiera en colegios p\u00fablicos de Bogot\u00e1, generando insumos para programas escolares.<\/span><\/li>\n<\/ul>\n<p style=\"text-align: justify;\"><span style=\"color: #000000;\">\u201cEstos proyectos demuestran que la fuga no es inevitable, muchos profesionales logran trabajar globalmente sin perder la conexi\u00f3n con sus territorios, generando valor donde m\u00e1s se necesita\u201d, se\u00f1ala Ferran. Para ello, la clave est\u00e1 en impulsar metodolog\u00edas que conviertan cada investigaci\u00f3n acad\u00e9mica en un proyecto aplicable, vinculado a desaf\u00edos reales del entorno de los estudiantes. Este enfoque se complementa con mentor\u00edas personalizadas, alianzas internacionales que facilitan la transferencia de conocimiento y programas que permiten que las tesis trascienden la academia y se transformen en emprendimientos o iniciativas comunitarias. Adem\u00e1s, convenios y apoyos financieros en pa\u00edses como Ecuador o Rep\u00fablica Dominicana est\u00e1n ampliando las oportunidades de acceso a formaci\u00f3n online internacional sin necesidad de migrar.<\/span><\/p>\n<p style=\"text-align: justify;\"><span style=\"color: #000000;\">La <strong>fuga digital puede<\/strong> convertirse en una palanca de desarrollo si se orienta correctamente. \u201clos profesionales no tienen que elegir entre lo global y lo local. Pueden trabajar con empresas internacionales, pero a la vez dise\u00f1ar soluciones para sus territorios\u201d, concluye Ferran.<\/span><\/p>\n<p style=\"text-align: justify;\"><span style=\"color: #000000;\">En un momento donde la regi\u00f3n enfrenta <strong>d\u00e9ficits de talento en tecnolog\u00eda y alta dependencia de capital externo<\/strong>, la clave no est\u00e1 en detener el trabajo remoto internacional, sino en <strong>aprovecharlo para crear innovaci\u00f3n en origen<\/strong>. La formaci\u00f3n internacional online, bien dirigida, es la herramienta para lograrlo.<\/span><\/p>\n","protected":false},"excerpt":{"rendered":"<p>El \u201cBig Quit digital\u201d ya afecta al 53 % de los trabajadores en plataformas de la regi\u00f3n. En 2023 la contrataci\u00f3n remota internacional creci\u00f3 55 % en Latinoam\u00e9rica, acelerando la fuga de talento digital. Ecuador, Septiembre de 2025 \u2014 Am\u00e9rica Latina atraviesa un fen\u00f3meno silencioso pero decisivo, conocido como el \u00abBig Quit Digital\u00bb, representando un [&hellip;]<\/p>\n","protected":false},"author":4,"featured_media":135363,"comment_status":"closed","ping_status":"closed","sticky":false,"template":"","format":"standard","meta":{"_bbp_topic_count":0,"_bbp_reply_count":0,"_bbp_total_topic_count":0,"_bbp_total_reply_count":0,"_bbp_voice_count":0,"_bbp_anonymous_reply_count":0,"_bbp_topic_count_hidden":0,"_bbp_reply_count_hidden":0,"_bbp_forum_subforum_count":0,"buzzeditor_post_format":"","footnotes":""},"categories":[2],"tags":[],"class_list":["post-135362","post","type-post","status-publish","format-standard","has-post-thumbnail","hentry","category-noticias"],"yoast_head":"<!-- This site is optimized with the Yoast SEO plugin v27.5 - https:\/\/yoast.com\/product\/yoast-seo-wordpress\/ -->\n<title>Fuga digital \u00bfEst\u00e1 Ecuador preparado para retener talento en la era del trabajo remoto? &#8211; QUEBAKAN.COM 2026: Noticias, Eventos, Conciertos y mucho m\u00e1s....<\/title>\n<meta name=\"robots\" content=\"index, follow, max-snippet:-1, max-image-preview:large, max-video-preview:-1\" \/>\n<link rel=\"canonical\" href=\"https:\/\/www.quebakan.com\/v15\/fuga-digital-esta-ecuador-preparado-para-retener-talento-en-la-era-del-trabajo-remoto\/\" \/>\n<meta property=\"og:locale\" content=\"es_ES\" \/>\n<meta property=\"og:type\" content=\"article\" \/>\n<meta property=\"og:title\" content=\"Fuga digital \u00bfEst\u00e1 Ecuador preparado para retener talento en la era del trabajo remoto? &#8211; QUEBAKAN.COM 2026: Noticias, Eventos, Conciertos y mucho m\u00e1s....\" \/>\n<meta property=\"og:description\" content=\"El \u201cBig Quit digital\u201d ya afecta al 53 % de los trabajadores en plataformas de la regi\u00f3n. En 2023 la contrataci\u00f3n remota internacional creci\u00f3 55 % en Latinoam\u00e9rica, acelerando la fuga de talento digital. Ecuador, Septiembre de 2025 \u2014 Am\u00e9rica Latina atraviesa un fen\u00f3meno silencioso pero decisivo, conocido como el \u00abBig Quit Digital\u00bb, representando un [&hellip;]\" \/>\n<meta property=\"og:url\" content=\"https:\/\/www.quebakan.com\/v15\/fuga-digital-esta-ecuador-preparado-para-retener-talento-en-la-era-del-trabajo-remoto\/\" \/>\n<meta property=\"og:site_name\" content=\"QUEBAKAN.COM 2026: Noticias, Eventos, Conciertos y mucho m\u00e1s....\" \/>\n<meta property=\"article:publisher\" content=\"http:\/\/www.facebook.com\/quebakan\" \/>\n<meta property=\"article:published_time\" content=\"2025-09-19T05:44:43+00:00\" \/>\n<meta property=\"og:image\" content=\"https:\/\/www.quebakan.com\/v15\/wp-content\/uploads\/2025\/09\/laptop-6062423_1280.jpg\" \/>\n\t<meta property=\"og:image:width\" content=\"700\" \/>\n\t<meta property=\"og:image:height\" content=\"466\" \/>\n\t<meta property=\"og:image:type\" content=\"image\/jpeg\" \/>\n<meta name=\"author\" content=\"Erick Villafuerte\" \/>\n<meta name=\"twitter:card\" content=\"summary_large_image\" \/>\n<meta name=\"twitter:creator\" content=\"@quebakanec\" \/>\n<meta name=\"twitter:site\" content=\"@quebakanec\" \/>\n<meta name=\"twitter:label1\" content=\"Escrito por\" \/>\n\t<meta name=\"twitter:data1\" content=\"Erick Villafuerte\" \/>\n\t<meta name=\"twitter:label2\" content=\"Tiempo de lectura\" \/>\n\t<meta name=\"twitter:data2\" content=\"4 minutos\" \/>\n<script type=\"application\/ld+json\" class=\"yoast-schema-graph\">{\"@context\":\"https:\\\/\\\/schema.org\",\"@graph\":[{\"@type\":\"Article\",\"@id\":\"https:\\\/\\\/www.quebakan.com\\\/v15\\\/fuga-digital-esta-ecuador-preparado-para-retener-talento-en-la-era-del-trabajo-remoto\\\/#article\",\"isPartOf\":{\"@id\":\"https:\\\/\\\/www.quebakan.com\\\/v15\\\/fuga-digital-esta-ecuador-preparado-para-retener-talento-en-la-era-del-trabajo-remoto\\\/\"},\"author\":{\"name\":\"Erick Villafuerte\",\"@id\":\"https:\\\/\\\/www.quebakan.com\\\/v15\\\/#\\\/schema\\\/person\\\/d90fa9f9cfa81eb8ace9811e5b7b9118\"},\"headline\":\"Fuga digital \u00bfEst\u00e1 Ecuador preparado para retener talento en la era del trabajo remoto?\",\"datePublished\":\"2025-09-19T05:44:43+00:00\",\"mainEntityOfPage\":{\"@id\":\"https:\\\/\\\/www.quebakan.com\\\/v15\\\/fuga-digital-esta-ecuador-preparado-para-retener-talento-en-la-era-del-trabajo-remoto\\\/\"},\"wordCount\":783,\"publisher\":{\"@id\":\"https:\\\/\\\/www.quebakan.com\\\/v15\\\/#organization\"},\"image\":{\"@id\":\"https:\\\/\\\/www.quebakan.com\\\/v15\\\/fuga-digital-esta-ecuador-preparado-para-retener-talento-en-la-era-del-trabajo-remoto\\\/#primaryimage\"},\"thumbnailUrl\":\"https:\\\/\\\/www.quebakan.com\\\/v15\\\/wp-content\\\/uploads\\\/2025\\\/09\\\/laptop-6062423_1280.jpg\",\"articleSection\":[\"Noticias\"],\"inLanguage\":\"es\"},{\"@type\":\"WebPage\",\"@id\":\"https:\\\/\\\/www.quebakan.com\\\/v15\\\/fuga-digital-esta-ecuador-preparado-para-retener-talento-en-la-era-del-trabajo-remoto\\\/\",\"url\":\"https:\\\/\\\/www.quebakan.com\\\/v15\\\/fuga-digital-esta-ecuador-preparado-para-retener-talento-en-la-era-del-trabajo-remoto\\\/\",\"name\":\"Fuga digital \u00bfEst\u00e1 Ecuador preparado para retener talento en la era del trabajo remoto? &#8211; QUEBAKAN.COM 2026: Noticias, Eventos, Conciertos y mucho m\u00e1s....\",\"isPartOf\":{\"@id\":\"https:\\\/\\\/www.quebakan.com\\\/v15\\\/#website\"},\"primaryImageOfPage\":{\"@id\":\"https:\\\/\\\/www.quebakan.com\\\/v15\\\/fuga-digital-esta-ecuador-preparado-para-retener-talento-en-la-era-del-trabajo-remoto\\\/#primaryimage\"},\"image\":{\"@id\":\"https:\\\/\\\/www.quebakan.com\\\/v15\\\/fuga-digital-esta-ecuador-preparado-para-retener-talento-en-la-era-del-trabajo-remoto\\\/#primaryimage\"},\"thumbnailUrl\":\"https:\\\/\\\/www.quebakan.com\\\/v15\\\/wp-content\\\/uploads\\\/2025\\\/09\\\/laptop-6062423_1280.jpg\",\"datePublished\":\"2025-09-19T05:44:43+00:00\",\"breadcrumb\":{\"@id\":\"https:\\\/\\\/www.quebakan.com\\\/v15\\\/fuga-digital-esta-ecuador-preparado-para-retener-talento-en-la-era-del-trabajo-remoto\\\/#breadcrumb\"},\"inLanguage\":\"es\",\"potentialAction\":[{\"@type\":\"ReadAction\",\"target\":[\"https:\\\/\\\/www.quebakan.com\\\/v15\\\/fuga-digital-esta-ecuador-preparado-para-retener-talento-en-la-era-del-trabajo-remoto\\\/\"]}]},{\"@type\":\"ImageObject\",\"inLanguage\":\"es\",\"@id\":\"https:\\\/\\\/www.quebakan.com\\\/v15\\\/fuga-digital-esta-ecuador-preparado-para-retener-talento-en-la-era-del-trabajo-remoto\\\/#primaryimage\",\"url\":\"https:\\\/\\\/www.quebakan.com\\\/v15\\\/wp-content\\\/uploads\\\/2025\\\/09\\\/laptop-6062423_1280.jpg\",\"contentUrl\":\"https:\\\/\\\/www.quebakan.com\\\/v15\\\/wp-content\\\/uploads\\\/2025\\\/09\\\/laptop-6062423_1280.jpg\",\"width\":700,\"height\":466},{\"@type\":\"BreadcrumbList\",\"@id\":\"https:\\\/\\\/www.quebakan.com\\\/v15\\\/fuga-digital-esta-ecuador-preparado-para-retener-talento-en-la-era-del-trabajo-remoto\\\/#breadcrumb\",\"itemListElement\":[{\"@type\":\"ListItem\",\"position\":1,\"name\":\"Portada\",\"item\":\"https:\\\/\\\/www.quebakan.com\\\/v15\\\/\"},{\"@type\":\"ListItem\",\"position\":2,\"name\":\"Fuga digital \u00bfEst\u00e1 Ecuador preparado para retener talento en la era del trabajo remoto?\"}]},{\"@type\":\"WebSite\",\"@id\":\"https:\\\/\\\/www.quebakan.com\\\/v15\\\/#website\",\"url\":\"https:\\\/\\\/www.quebakan.com\\\/v15\\\/\",\"name\":\"QUEBAKAN\",\"description\":\"..\",\"publisher\":{\"@id\":\"https:\\\/\\\/www.quebakan.com\\\/v15\\\/#organization\"},\"potentialAction\":[{\"@type\":\"SearchAction\",\"target\":{\"@type\":\"EntryPoint\",\"urlTemplate\":\"https:\\\/\\\/www.quebakan.com\\\/v15\\\/?s={search_term_string}\"},\"query-input\":{\"@type\":\"PropertyValueSpecification\",\"valueRequired\":true,\"valueName\":\"search_term_string\"}}],\"inLanguage\":\"es\"},{\"@type\":\"Organization\",\"@id\":\"https:\\\/\\\/www.quebakan.com\\\/v15\\\/#organization\",\"name\":\"Quebakan.com\",\"url\":\"https:\\\/\\\/www.quebakan.com\\\/v15\\\/\",\"logo\":{\"@type\":\"ImageObject\",\"inLanguage\":\"es\",\"@id\":\"https:\\\/\\\/www.quebakan.com\\\/v15\\\/#\\\/schema\\\/logo\\\/image\\\/\",\"url\":\"https:\\\/\\\/www.quebakan.com\\\/v15\\\/wp-content\\\/uploads\\\/2023\\\/07\\\/logoquebakanenero2021.jpg\",\"contentUrl\":\"https:\\\/\\\/www.quebakan.com\\\/v15\\\/wp-content\\\/uploads\\\/2023\\\/07\\\/logoquebakanenero2021.jpg\",\"width\":1920,\"height\":1080,\"caption\":\"Quebakan.com\"},\"image\":{\"@id\":\"https:\\\/\\\/www.quebakan.com\\\/v15\\\/#\\\/schema\\\/logo\\\/image\\\/\"},\"sameAs\":[\"http:\\\/\\\/www.facebook.com\\\/quebakan\",\"https:\\\/\\\/x.com\\\/quebakanec\",\"http:\\\/\\\/www.instagram.com\\\/quebakan\",\"http:\\\/\\\/www.youtube.com\\\/quebakan1\"]},{\"@type\":\"Person\",\"@id\":\"https:\\\/\\\/www.quebakan.com\\\/v15\\\/#\\\/schema\\\/person\\\/d90fa9f9cfa81eb8ace9811e5b7b9118\",\"name\":\"Erick Villafuerte\",\"image\":{\"@type\":\"ImageObject\",\"inLanguage\":\"es\",\"@id\":\"https:\\\/\\\/www.quebakan.com\\\/v15\\\/wp-content\\\/uploads\\\/avatars\\\/4\\\/1731297654-bpfull.png\",\"url\":\"https:\\\/\\\/www.quebakan.com\\\/v15\\\/wp-content\\\/uploads\\\/avatars\\\/4\\\/1731297654-bpfull.png\",\"contentUrl\":\"https:\\\/\\\/www.quebakan.com\\\/v15\\\/wp-content\\\/uploads\\\/avatars\\\/4\\\/1731297654-bpfull.png\",\"caption\":\"Erick Villafuerte\"}}]}<\/script>\n<!-- \/ Yoast SEO plugin. -->","yoast_head_json":{"title":"Fuga digital \u00bfEst\u00e1 Ecuador preparado para retener talento en la era del trabajo remoto? &#8211; QUEBAKAN.COM 2026: Noticias, Eventos, Conciertos y mucho m\u00e1s....","robots":{"index":"index","follow":"follow","max-snippet":"max-snippet:-1","max-image-preview":"max-image-preview:large","max-video-preview":"max-video-preview:-1"},"canonical":"https:\/\/www.quebakan.com\/v15\/fuga-digital-esta-ecuador-preparado-para-retener-talento-en-la-era-del-trabajo-remoto\/","og_locale":"es_ES","og_type":"article","og_title":"Fuga digital \u00bfEst\u00e1 Ecuador preparado para retener talento en la era del trabajo remoto? &#8211; QUEBAKAN.COM 2026: Noticias, Eventos, Conciertos y mucho m\u00e1s....","og_description":"El \u201cBig Quit digital\u201d ya afecta al 53 % de los trabajadores en plataformas de la regi\u00f3n. En 2023 la contrataci\u00f3n remota internacional creci\u00f3 55 % en Latinoam\u00e9rica, acelerando la fuga de talento digital. Ecuador, Septiembre de 2025 \u2014 Am\u00e9rica Latina atraviesa un fen\u00f3meno silencioso pero decisivo, conocido como el \u00abBig Quit Digital\u00bb, representando un [&hellip;]","og_url":"https:\/\/www.quebakan.com\/v15\/fuga-digital-esta-ecuador-preparado-para-retener-talento-en-la-era-del-trabajo-remoto\/","og_site_name":"QUEBAKAN.COM 2026: Noticias, Eventos, Conciertos y mucho m\u00e1s....","article_publisher":"http:\/\/www.facebook.com\/quebakan","article_published_time":"2025-09-19T05:44:43+00:00","og_image":[{"width":700,"height":466,"url":"https:\/\/www.quebakan.com\/v15\/wp-content\/uploads\/2025\/09\/laptop-6062423_1280.jpg","type":"image\/jpeg"}],"author":"Erick Villafuerte","twitter_card":"summary_large_image","twitter_creator":"@quebakanec","twitter_site":"@quebakanec","twitter_misc":{"Escrito por":"Erick Villafuerte","Tiempo de lectura":"4 minutos"},"schema":{"@context":"https:\/\/schema.org","@graph":[{"@type":"Article","@id":"https:\/\/www.quebakan.com\/v15\/fuga-digital-esta-ecuador-preparado-para-retener-talento-en-la-era-del-trabajo-remoto\/#article","isPartOf":{"@id":"https:\/\/www.quebakan.com\/v15\/fuga-digital-esta-ecuador-preparado-para-retener-talento-en-la-era-del-trabajo-remoto\/"},"author":{"name":"Erick Villafuerte","@id":"https:\/\/www.quebakan.com\/v15\/#\/schema\/person\/d90fa9f9cfa81eb8ace9811e5b7b9118"},"headline":"Fuga digital \u00bfEst\u00e1 Ecuador preparado para retener talento en la era del trabajo remoto?","datePublished":"2025-09-19T05:44:43+00:00","mainEntityOfPage":{"@id":"https:\/\/www.quebakan.com\/v15\/fuga-digital-esta-ecuador-preparado-para-retener-talento-en-la-era-del-trabajo-remoto\/"},"wordCount":783,"publisher":{"@id":"https:\/\/www.quebakan.com\/v15\/#organization"},"image":{"@id":"https:\/\/www.quebakan.com\/v15\/fuga-digital-esta-ecuador-preparado-para-retener-talento-en-la-era-del-trabajo-remoto\/#primaryimage"},"thumbnailUrl":"https:\/\/www.quebakan.com\/v15\/wp-content\/uploads\/2025\/09\/laptop-6062423_1280.jpg","articleSection":["Noticias"],"inLanguage":"es"},{"@type":"WebPage","@id":"https:\/\/www.quebakan.com\/v15\/fuga-digital-esta-ecuador-preparado-para-retener-talento-en-la-era-del-trabajo-remoto\/","url":"https:\/\/www.quebakan.com\/v15\/fuga-digital-esta-ecuador-preparado-para-retener-talento-en-la-era-del-trabajo-remoto\/","name":"Fuga digital \u00bfEst\u00e1 Ecuador preparado para retener talento en la era del trabajo remoto? &#8211; QUEBAKAN.COM 2026: Noticias, Eventos, Conciertos y mucho m\u00e1s....","isPartOf":{"@id":"https:\/\/www.quebakan.com\/v15\/#website"},"primaryImageOfPage":{"@id":"https:\/\/www.quebakan.com\/v15\/fuga-digital-esta-ecuador-preparado-para-retener-talento-en-la-era-del-trabajo-remoto\/#primaryimage"},"image":{"@id":"https:\/\/www.quebakan.com\/v15\/fuga-digital-esta-ecuador-preparado-para-retener-talento-en-la-era-del-trabajo-remoto\/#primaryimage"},"thumbnailUrl":"https:\/\/www.quebakan.com\/v15\/wp-content\/uploads\/2025\/09\/laptop-6062423_1280.jpg","datePublished":"2025-09-19T05:44:43+00:00","breadcrumb":{"@id":"https:\/\/www.quebakan.com\/v15\/fuga-digital-esta-ecuador-preparado-para-retener-talento-en-la-era-del-trabajo-remoto\/#breadcrumb"},"inLanguage":"es","potentialAction":[{"@type":"ReadAction","target":["https:\/\/www.quebakan.com\/v15\/fuga-digital-esta-ecuador-preparado-para-retener-talento-en-la-era-del-trabajo-remoto\/"]}]},{"@type":"ImageObject","inLanguage":"es","@id":"https:\/\/www.quebakan.com\/v15\/fuga-digital-esta-ecuador-preparado-para-retener-talento-en-la-era-del-trabajo-remoto\/#primaryimage","url":"https:\/\/www.quebakan.com\/v15\/wp-content\/uploads\/2025\/09\/laptop-6062423_1280.jpg","contentUrl":"https:\/\/www.quebakan.com\/v15\/wp-content\/uploads\/2025\/09\/laptop-6062423_1280.jpg","width":700,"height":466},{"@type":"BreadcrumbList","@id":"https:\/\/www.quebakan.com\/v15\/fuga-digital-esta-ecuador-preparado-para-retener-talento-en-la-era-del-trabajo-remoto\/#breadcrumb","itemListElement":[{"@type":"ListItem","position":1,"name":"Portada","item":"https:\/\/www.quebakan.com\/v15\/"},{"@type":"ListItem","position":2,"name":"Fuga digital \u00bfEst\u00e1 Ecuador preparado para retener talento en la era del trabajo remoto?"}]},{"@type":"WebSite","@id":"https:\/\/www.quebakan.com\/v15\/#website","url":"https:\/\/www.quebakan.com\/v15\/","name":"QUEBAKAN","description":"..","publisher":{"@id":"https:\/\/www.quebakan.com\/v15\/#organization"},"potentialAction":[{"@type":"SearchAction","target":{"@type":"EntryPoint","urlTemplate":"https:\/\/www.quebakan.com\/v15\/?s={search_term_string}"},"query-input":{"@type":"PropertyValueSpecification","valueRequired":true,"valueName":"search_term_string"}}],"inLanguage":"es"},{"@type":"Organization","@id":"https:\/\/www.quebakan.com\/v15\/#organization","name":"Quebakan.com","url":"https:\/\/www.quebakan.com\/v15\/","logo":{"@type":"ImageObject","inLanguage":"es","@id":"https:\/\/www.quebakan.com\/v15\/#\/schema\/logo\/image\/","url":"https:\/\/www.quebakan.com\/v15\/wp-content\/uploads\/2023\/07\/logoquebakanenero2021.jpg","contentUrl":"https:\/\/www.quebakan.com\/v15\/wp-content\/uploads\/2023\/07\/logoquebakanenero2021.jpg","width":1920,"height":1080,"caption":"Quebakan.com"},"image":{"@id":"https:\/\/www.quebakan.com\/v15\/#\/schema\/logo\/image\/"},"sameAs":["http:\/\/www.facebook.com\/quebakan","https:\/\/x.com\/quebakanec","http:\/\/www.instagram.com\/quebakan","http:\/\/www.youtube.com\/quebakan1"]},{"@type":"Person","@id":"https:\/\/www.quebakan.com\/v15\/#\/schema\/person\/d90fa9f9cfa81eb8ace9811e5b7b9118","name":"Erick Villafuerte","image":{"@type":"ImageObject","inLanguage":"es","@id":"https:\/\/www.quebakan.com\/v15\/wp-content\/uploads\/avatars\/4\/1731297654-bpfull.png","url":"https:\/\/www.quebakan.com\/v15\/wp-content\/uploads\/avatars\/4\/1731297654-bpfull.png","contentUrl":"https:\/\/www.quebakan.com\/v15\/wp-content\/uploads\/avatars\/4\/1731297654-bpfull.png","caption":"Erick Villafuerte"}}]}},"_links":{"self":[{"href":"https:\/\/www.quebakan.com\/v15\/wp-json\/wp\/v2\/posts\/135362","targetHints":{"allow":["GET"]}}],"collection":[{"href":"https:\/\/www.quebakan.com\/v15\/wp-json\/wp\/v2\/posts"}],"about":[{"href":"https:\/\/www.quebakan.com\/v15\/wp-json\/wp\/v2\/types\/post"}],"author":[{"embeddable":true,"href":"https:\/\/www.quebakan.com\/v15\/wp-json\/wp\/v2\/users\/4"}],"replies":[{"embeddable":true,"href":"https:\/\/www.quebakan.com\/v15\/wp-json\/wp\/v2\/comments?post=135362"}],"version-history":[{"count":1,"href":"https:\/\/www.quebakan.com\/v15\/wp-json\/wp\/v2\/posts\/135362\/revisions"}],"predecessor-version":[{"id":135364,"href":"https:\/\/www.quebakan.com\/v15\/wp-json\/wp\/v2\/posts\/135362\/revisions\/135364"}],"wp:featuredmedia":[{"embeddable":true,"href":"https:\/\/www.quebakan.com\/v15\/wp-json\/wp\/v2\/media\/135363"}],"wp:attachment":[{"href":"https:\/\/www.quebakan.com\/v15\/wp-json\/wp\/v2\/media?parent=135362"}],"wp:term":[{"taxonomy":"category","embeddable":true,"href":"https:\/\/www.quebakan.com\/v15\/wp-json\/wp\/v2\/categories?post=135362"},{"taxonomy":"post_tag","embeddable":true,"href":"https:\/\/www.quebakan.com\/v15\/wp-json\/wp\/v2\/tags?post=135362"}],"curies":[{"name":"wp","href":"https:\/\/api.w.org\/{rel}","templated":true}]}}