{"id":135373,"date":"2025-09-19T01:45:47","date_gmt":"2025-09-19T06:45:47","guid":{"rendered":"https:\/\/www.quebakan.com\/v15\/?p=135373"},"modified":"2025-09-19T01:45:47","modified_gmt":"2025-09-19T06:45:47","slug":"de-los-tribunales-al-lienzo-un-abogado-que-pinta-la-fuerza-del-mar","status":"publish","type":"post","link":"https:\/\/www.quebakan.com\/v15\/de-los-tribunales-al-lienzo-un-abogado-que-pinta-la-fuerza-del-mar\/","title":{"rendered":"De los tribunales al lienzo: un abogado que pinta la fuerza del mar."},"content":{"rendered":"<p><img fetchpriority=\"high\" decoding=\"async\" class=\"aligncenter size-full wp-image-135374\" src=\"https:\/\/www.quebakan.com\/v15\/wp-content\/uploads\/2025\/09\/PINTOR-JUAN-ZAMBRANO_2.jpg\" alt=\"\" width=\"700\" height=\"466\" \/><\/p>\n<p style=\"text-align: justify;\"><span style=\"color: #000000;\"><strong>Jaime Zambrano <\/strong>Abogado guayaquile\u00f1o de profesi\u00f3n y artista por vocaci\u00f3n, ha encontrado en el mar una fuente de inspiraci\u00f3n que hoy lo posiciona como una de las voces emergentes m\u00e1s aut\u00e9nticas del arte marino contempor\u00e1neo en el pa\u00eds.<\/span><\/p>\n<p style=\"text-align: justify;\"><span style=\"color: #000000;\">Con el uso magistral del color y una t\u00e9cnica depurada, Zambrano logra capturar la esencia del mar y sus comunidades, convirti\u00e9ndose en un referente art\u00edstico de la costa.\u00a0 Pero su obra no se limita a ser un registro visual, cada pintura es una narrativa que transmite emociones y reflexiones, combinando el realismo con elementos simb\u00f3licos que relatan la vida cotidiana nacional e internacional, con un poco de humor y cr\u00edtica social.<\/span><\/p>\n<p style=\"text-align: justify;\"><span style=\"color: #000000;\">Desde su formaci\u00f3n como abogado, ha estado vinculado al desarrollo de los sectores productivos del litoral ecuatoriano, especialmente al sector pesquero artesanal, al que ha brindado visibilidad para destacar su importancia econ\u00f3mica y social. Adem\u00e1s, ha liderado y desarrollado iniciativas como cursos y talleres de arte para ni\u00f1os de comunidades costeras, fomentando la creatividad y la expresi\u00f3n art\u00edstica en sectores vulnerables.<\/span><\/p>\n<p style=\"text-align: justify;\"><span style=\"color: #000000;\">Entre pinceles, colores y compromiso social, Jaime Zambrano representa a una nueva generaci\u00f3n de artistas que transforman su entorno, buscando no solo consolidar su lugar en la escena art\u00edstica nacional e internacional, sino tambi\u00e9n en seguir contribuyendo al desarrollo social y cultural del pa\u00eds a trav\u00e9s de su compromiso con el arte y la comunidad.<\/span><\/p>\n<p style=\"text-align: justify;\"><span style=\"color: #000000;\">Para mayor detalles de las obras los invitamos a visitarlo en: <a style=\"color: #000000;\" href=\"https:\/\/www.jaimezambranoart.com\/\">https:\/\/www.jaimezambranoart.com\/<\/a><\/span><\/p>\n<p><img decoding=\"async\" class=\"aligncenter size-full wp-image-135375\" src=\"https:\/\/www.quebakan.com\/v15\/wp-content\/uploads\/2025\/09\/PINTOR-JUAN-ZAMBRANO_1.jpg\" alt=\"\" width=\"700\" height=\"466\" \/><\/p>\n<p>&nbsp;<\/p>\n<p><img decoding=\"async\" class=\"aligncenter size-full wp-image-135376\" src=\"https:\/\/www.quebakan.com\/v15\/wp-content\/uploads\/2025\/09\/PINTOR-JUAN-ZAMBRANO_3.jpg\" alt=\"\" width=\"466\" height=\"700\" \/><\/p>\n<p>&nbsp;<\/p>\n<p><img loading=\"lazy\" decoding=\"async\" class=\"aligncenter size-full wp-image-135377\" src=\"https:\/\/www.quebakan.com\/v15\/wp-content\/uploads\/2025\/09\/PINTOR-JUAN-ZAMBRANO_4.jpg\" alt=\"\" width=\"700\" height=\"466\" \/><\/p>\n","protected":false},"excerpt":{"rendered":"<p>Jaime Zambrano Abogado guayaquile\u00f1o de profesi\u00f3n y artista por vocaci\u00f3n, ha encontrado en el mar una fuente de inspiraci\u00f3n que hoy lo posiciona como una de las voces emergentes m\u00e1s aut\u00e9nticas del arte marino contempor\u00e1neo en el pa\u00eds. Con el uso magistral del color y una t\u00e9cnica depurada, Zambrano logra capturar la esencia del mar [&hellip;]<\/p>\n","protected":false},"author":4,"featured_media":135374,"comment_status":"closed","ping_status":"closed","sticky":false,"template":"","format":"standard","meta":{"_bbp_topic_count":0,"_bbp_reply_count":0,"_bbp_total_topic_count":0,"_bbp_total_reply_count":0,"_bbp_voice_count":0,"_bbp_anonymous_reply_count":0,"_bbp_topic_count_hidden":0,"_bbp_reply_count_hidden":0,"_bbp_forum_subforum_count":0,"buzzeditor_post_format":"","footnotes":""},"categories":[2],"tags":[],"class_list":["post-135373","post","type-post","status-publish","format-standard","has-post-thumbnail","hentry","category-noticias"],"yoast_head":"<!-- This site is optimized with the Yoast SEO plugin v27.5 - https:\/\/yoast.com\/product\/yoast-seo-wordpress\/ -->\n<title>De los tribunales al lienzo: un abogado que pinta la fuerza del mar. &#8211; QUEBAKAN.COM 2026: Noticias, Eventos, Conciertos y mucho m\u00e1s....<\/title>\n<meta name=\"robots\" content=\"index, follow, max-snippet:-1, max-image-preview:large, max-video-preview:-1\" \/>\n<link rel=\"canonical\" href=\"https:\/\/www.quebakan.com\/v15\/de-los-tribunales-al-lienzo-un-abogado-que-pinta-la-fuerza-del-mar\/\" \/>\n<meta property=\"og:locale\" content=\"es_ES\" \/>\n<meta property=\"og:type\" content=\"article\" \/>\n<meta property=\"og:title\" content=\"De los tribunales al lienzo: un abogado que pinta la fuerza del mar. &#8211; QUEBAKAN.COM 2026: Noticias, Eventos, Conciertos y mucho m\u00e1s....\" \/>\n<meta property=\"og:description\" content=\"Jaime Zambrano Abogado guayaquile\u00f1o de profesi\u00f3n y artista por vocaci\u00f3n, ha encontrado en el mar una fuente de inspiraci\u00f3n que hoy lo posiciona como una de las voces emergentes m\u00e1s aut\u00e9nticas del arte marino contempor\u00e1neo en el pa\u00eds. Con el uso magistral del color y una t\u00e9cnica depurada, Zambrano logra capturar la esencia del mar [&hellip;]\" \/>\n<meta property=\"og:url\" content=\"https:\/\/www.quebakan.com\/v15\/de-los-tribunales-al-lienzo-un-abogado-que-pinta-la-fuerza-del-mar\/\" \/>\n<meta property=\"og:site_name\" content=\"QUEBAKAN.COM 2026: Noticias, Eventos, Conciertos y mucho m\u00e1s....\" \/>\n<meta property=\"article:publisher\" content=\"http:\/\/www.facebook.com\/quebakan\" \/>\n<meta property=\"article:published_time\" content=\"2025-09-19T06:45:47+00:00\" \/>\n<meta property=\"og:image\" content=\"https:\/\/www.quebakan.com\/v15\/wp-content\/uploads\/2025\/09\/PINTOR-JUAN-ZAMBRANO_2.jpg\" \/>\n\t<meta property=\"og:image:width\" content=\"700\" \/>\n\t<meta property=\"og:image:height\" content=\"466\" \/>\n\t<meta property=\"og:image:type\" content=\"image\/jpeg\" \/>\n<meta name=\"author\" content=\"Erick Villafuerte\" \/>\n<meta name=\"twitter:card\" content=\"summary_large_image\" \/>\n<meta name=\"twitter:creator\" content=\"@quebakanec\" \/>\n<meta name=\"twitter:site\" content=\"@quebakanec\" \/>\n<meta name=\"twitter:label1\" content=\"Escrito por\" \/>\n\t<meta name=\"twitter:data1\" content=\"Erick Villafuerte\" \/>\n\t<meta name=\"twitter:label2\" content=\"Tiempo de lectura\" \/>\n\t<meta name=\"twitter:data2\" content=\"3 minutos\" \/>\n<script type=\"application\/ld+json\" class=\"yoast-schema-graph\">{\"@context\":\"https:\\\/\\\/schema.org\",\"@graph\":[{\"@type\":\"Article\",\"@id\":\"https:\\\/\\\/www.quebakan.com\\\/v15\\\/de-los-tribunales-al-lienzo-un-abogado-que-pinta-la-fuerza-del-mar\\\/#article\",\"isPartOf\":{\"@id\":\"https:\\\/\\\/www.quebakan.com\\\/v15\\\/de-los-tribunales-al-lienzo-un-abogado-que-pinta-la-fuerza-del-mar\\\/\"},\"author\":{\"name\":\"Erick Villafuerte\",\"@id\":\"https:\\\/\\\/www.quebakan.com\\\/v15\\\/#\\\/schema\\\/person\\\/d90fa9f9cfa81eb8ace9811e5b7b9118\"},\"headline\":\"De los tribunales al lienzo: un abogado que pinta la fuerza del mar.\",\"datePublished\":\"2025-09-19T06:45:47+00:00\",\"mainEntityOfPage\":{\"@id\":\"https:\\\/\\\/www.quebakan.com\\\/v15\\\/de-los-tribunales-al-lienzo-un-abogado-que-pinta-la-fuerza-del-mar\\\/\"},\"wordCount\":279,\"publisher\":{\"@id\":\"https:\\\/\\\/www.quebakan.com\\\/v15\\\/#organization\"},\"image\":{\"@id\":\"https:\\\/\\\/www.quebakan.com\\\/v15\\\/de-los-tribunales-al-lienzo-un-abogado-que-pinta-la-fuerza-del-mar\\\/#primaryimage\"},\"thumbnailUrl\":\"https:\\\/\\\/www.quebakan.com\\\/v15\\\/wp-content\\\/uploads\\\/2025\\\/09\\\/PINTOR-JUAN-ZAMBRANO_2.jpg\",\"articleSection\":[\"Noticias\"],\"inLanguage\":\"es\"},{\"@type\":\"WebPage\",\"@id\":\"https:\\\/\\\/www.quebakan.com\\\/v15\\\/de-los-tribunales-al-lienzo-un-abogado-que-pinta-la-fuerza-del-mar\\\/\",\"url\":\"https:\\\/\\\/www.quebakan.com\\\/v15\\\/de-los-tribunales-al-lienzo-un-abogado-que-pinta-la-fuerza-del-mar\\\/\",\"name\":\"De los tribunales al lienzo: un abogado que pinta la fuerza del mar. &#8211; QUEBAKAN.COM 2026: Noticias, Eventos, Conciertos y mucho m\u00e1s....\",\"isPartOf\":{\"@id\":\"https:\\\/\\\/www.quebakan.com\\\/v15\\\/#website\"},\"primaryImageOfPage\":{\"@id\":\"https:\\\/\\\/www.quebakan.com\\\/v15\\\/de-los-tribunales-al-lienzo-un-abogado-que-pinta-la-fuerza-del-mar\\\/#primaryimage\"},\"image\":{\"@id\":\"https:\\\/\\\/www.quebakan.com\\\/v15\\\/de-los-tribunales-al-lienzo-un-abogado-que-pinta-la-fuerza-del-mar\\\/#primaryimage\"},\"thumbnailUrl\":\"https:\\\/\\\/www.quebakan.com\\\/v15\\\/wp-content\\\/uploads\\\/2025\\\/09\\\/PINTOR-JUAN-ZAMBRANO_2.jpg\",\"datePublished\":\"2025-09-19T06:45:47+00:00\",\"breadcrumb\":{\"@id\":\"https:\\\/\\\/www.quebakan.com\\\/v15\\\/de-los-tribunales-al-lienzo-un-abogado-que-pinta-la-fuerza-del-mar\\\/#breadcrumb\"},\"inLanguage\":\"es\",\"potentialAction\":[{\"@type\":\"ReadAction\",\"target\":[\"https:\\\/\\\/www.quebakan.com\\\/v15\\\/de-los-tribunales-al-lienzo-un-abogado-que-pinta-la-fuerza-del-mar\\\/\"]}]},{\"@type\":\"ImageObject\",\"inLanguage\":\"es\",\"@id\":\"https:\\\/\\\/www.quebakan.com\\\/v15\\\/de-los-tribunales-al-lienzo-un-abogado-que-pinta-la-fuerza-del-mar\\\/#primaryimage\",\"url\":\"https:\\\/\\\/www.quebakan.com\\\/v15\\\/wp-content\\\/uploads\\\/2025\\\/09\\\/PINTOR-JUAN-ZAMBRANO_2.jpg\",\"contentUrl\":\"https:\\\/\\\/www.quebakan.com\\\/v15\\\/wp-content\\\/uploads\\\/2025\\\/09\\\/PINTOR-JUAN-ZAMBRANO_2.jpg\",\"width\":700,\"height\":466},{\"@type\":\"BreadcrumbList\",\"@id\":\"https:\\\/\\\/www.quebakan.com\\\/v15\\\/de-los-tribunales-al-lienzo-un-abogado-que-pinta-la-fuerza-del-mar\\\/#breadcrumb\",\"itemListElement\":[{\"@type\":\"ListItem\",\"position\":1,\"name\":\"Portada\",\"item\":\"https:\\\/\\\/www.quebakan.com\\\/v15\\\/\"},{\"@type\":\"ListItem\",\"position\":2,\"name\":\"De los tribunales al lienzo: un abogado que pinta la fuerza del mar.\"}]},{\"@type\":\"WebSite\",\"@id\":\"https:\\\/\\\/www.quebakan.com\\\/v15\\\/#website\",\"url\":\"https:\\\/\\\/www.quebakan.com\\\/v15\\\/\",\"name\":\"QUEBAKAN\",\"description\":\"..\",\"publisher\":{\"@id\":\"https:\\\/\\\/www.quebakan.com\\\/v15\\\/#organization\"},\"potentialAction\":[{\"@type\":\"SearchAction\",\"target\":{\"@type\":\"EntryPoint\",\"urlTemplate\":\"https:\\\/\\\/www.quebakan.com\\\/v15\\\/?s={search_term_string}\"},\"query-input\":{\"@type\":\"PropertyValueSpecification\",\"valueRequired\":true,\"valueName\":\"search_term_string\"}}],\"inLanguage\":\"es\"},{\"@type\":\"Organization\",\"@id\":\"https:\\\/\\\/www.quebakan.com\\\/v15\\\/#organization\",\"name\":\"Quebakan.com\",\"url\":\"https:\\\/\\\/www.quebakan.com\\\/v15\\\/\",\"logo\":{\"@type\":\"ImageObject\",\"inLanguage\":\"es\",\"@id\":\"https:\\\/\\\/www.quebakan.com\\\/v15\\\/#\\\/schema\\\/logo\\\/image\\\/\",\"url\":\"https:\\\/\\\/www.quebakan.com\\\/v15\\\/wp-content\\\/uploads\\\/2023\\\/07\\\/logoquebakanenero2021.jpg\",\"contentUrl\":\"https:\\\/\\\/www.quebakan.com\\\/v15\\\/wp-content\\\/uploads\\\/2023\\\/07\\\/logoquebakanenero2021.jpg\",\"width\":1920,\"height\":1080,\"caption\":\"Quebakan.com\"},\"image\":{\"@id\":\"https:\\\/\\\/www.quebakan.com\\\/v15\\\/#\\\/schema\\\/logo\\\/image\\\/\"},\"sameAs\":[\"http:\\\/\\\/www.facebook.com\\\/quebakan\",\"https:\\\/\\\/x.com\\\/quebakanec\",\"http:\\\/\\\/www.instagram.com\\\/quebakan\",\"http:\\\/\\\/www.youtube.com\\\/quebakan1\"]},{\"@type\":\"Person\",\"@id\":\"https:\\\/\\\/www.quebakan.com\\\/v15\\\/#\\\/schema\\\/person\\\/d90fa9f9cfa81eb8ace9811e5b7b9118\",\"name\":\"Erick Villafuerte\",\"image\":{\"@type\":\"ImageObject\",\"inLanguage\":\"es\",\"@id\":\"https:\\\/\\\/www.quebakan.com\\\/v15\\\/wp-content\\\/uploads\\\/avatars\\\/4\\\/1731297654-bpfull.png\",\"url\":\"https:\\\/\\\/www.quebakan.com\\\/v15\\\/wp-content\\\/uploads\\\/avatars\\\/4\\\/1731297654-bpfull.png\",\"contentUrl\":\"https:\\\/\\\/www.quebakan.com\\\/v15\\\/wp-content\\\/uploads\\\/avatars\\\/4\\\/1731297654-bpfull.png\",\"caption\":\"Erick Villafuerte\"}}]}<\/script>\n<!-- \/ Yoast SEO plugin. -->","yoast_head_json":{"title":"De los tribunales al lienzo: un abogado que pinta la fuerza del mar. &#8211; QUEBAKAN.COM 2026: Noticias, Eventos, Conciertos y mucho m\u00e1s....","robots":{"index":"index","follow":"follow","max-snippet":"max-snippet:-1","max-image-preview":"max-image-preview:large","max-video-preview":"max-video-preview:-1"},"canonical":"https:\/\/www.quebakan.com\/v15\/de-los-tribunales-al-lienzo-un-abogado-que-pinta-la-fuerza-del-mar\/","og_locale":"es_ES","og_type":"article","og_title":"De los tribunales al lienzo: un abogado que pinta la fuerza del mar. &#8211; QUEBAKAN.COM 2026: Noticias, Eventos, Conciertos y mucho m\u00e1s....","og_description":"Jaime Zambrano Abogado guayaquile\u00f1o de profesi\u00f3n y artista por vocaci\u00f3n, ha encontrado en el mar una fuente de inspiraci\u00f3n que hoy lo posiciona como una de las voces emergentes m\u00e1s aut\u00e9nticas del arte marino contempor\u00e1neo en el pa\u00eds. Con el uso magistral del color y una t\u00e9cnica depurada, Zambrano logra capturar la esencia del mar [&hellip;]","og_url":"https:\/\/www.quebakan.com\/v15\/de-los-tribunales-al-lienzo-un-abogado-que-pinta-la-fuerza-del-mar\/","og_site_name":"QUEBAKAN.COM 2026: Noticias, Eventos, Conciertos y mucho m\u00e1s....","article_publisher":"http:\/\/www.facebook.com\/quebakan","article_published_time":"2025-09-19T06:45:47+00:00","og_image":[{"width":700,"height":466,"url":"https:\/\/www.quebakan.com\/v15\/wp-content\/uploads\/2025\/09\/PINTOR-JUAN-ZAMBRANO_2.jpg","type":"image\/jpeg"}],"author":"Erick Villafuerte","twitter_card":"summary_large_image","twitter_creator":"@quebakanec","twitter_site":"@quebakanec","twitter_misc":{"Escrito por":"Erick Villafuerte","Tiempo de lectura":"3 minutos"},"schema":{"@context":"https:\/\/schema.org","@graph":[{"@type":"Article","@id":"https:\/\/www.quebakan.com\/v15\/de-los-tribunales-al-lienzo-un-abogado-que-pinta-la-fuerza-del-mar\/#article","isPartOf":{"@id":"https:\/\/www.quebakan.com\/v15\/de-los-tribunales-al-lienzo-un-abogado-que-pinta-la-fuerza-del-mar\/"},"author":{"name":"Erick Villafuerte","@id":"https:\/\/www.quebakan.com\/v15\/#\/schema\/person\/d90fa9f9cfa81eb8ace9811e5b7b9118"},"headline":"De los tribunales al lienzo: un abogado que pinta la fuerza del mar.","datePublished":"2025-09-19T06:45:47+00:00","mainEntityOfPage":{"@id":"https:\/\/www.quebakan.com\/v15\/de-los-tribunales-al-lienzo-un-abogado-que-pinta-la-fuerza-del-mar\/"},"wordCount":279,"publisher":{"@id":"https:\/\/www.quebakan.com\/v15\/#organization"},"image":{"@id":"https:\/\/www.quebakan.com\/v15\/de-los-tribunales-al-lienzo-un-abogado-que-pinta-la-fuerza-del-mar\/#primaryimage"},"thumbnailUrl":"https:\/\/www.quebakan.com\/v15\/wp-content\/uploads\/2025\/09\/PINTOR-JUAN-ZAMBRANO_2.jpg","articleSection":["Noticias"],"inLanguage":"es"},{"@type":"WebPage","@id":"https:\/\/www.quebakan.com\/v15\/de-los-tribunales-al-lienzo-un-abogado-que-pinta-la-fuerza-del-mar\/","url":"https:\/\/www.quebakan.com\/v15\/de-los-tribunales-al-lienzo-un-abogado-que-pinta-la-fuerza-del-mar\/","name":"De los tribunales al lienzo: un abogado que pinta la fuerza del mar. &#8211; QUEBAKAN.COM 2026: Noticias, Eventos, Conciertos y mucho m\u00e1s....","isPartOf":{"@id":"https:\/\/www.quebakan.com\/v15\/#website"},"primaryImageOfPage":{"@id":"https:\/\/www.quebakan.com\/v15\/de-los-tribunales-al-lienzo-un-abogado-que-pinta-la-fuerza-del-mar\/#primaryimage"},"image":{"@id":"https:\/\/www.quebakan.com\/v15\/de-los-tribunales-al-lienzo-un-abogado-que-pinta-la-fuerza-del-mar\/#primaryimage"},"thumbnailUrl":"https:\/\/www.quebakan.com\/v15\/wp-content\/uploads\/2025\/09\/PINTOR-JUAN-ZAMBRANO_2.jpg","datePublished":"2025-09-19T06:45:47+00:00","breadcrumb":{"@id":"https:\/\/www.quebakan.com\/v15\/de-los-tribunales-al-lienzo-un-abogado-que-pinta-la-fuerza-del-mar\/#breadcrumb"},"inLanguage":"es","potentialAction":[{"@type":"ReadAction","target":["https:\/\/www.quebakan.com\/v15\/de-los-tribunales-al-lienzo-un-abogado-que-pinta-la-fuerza-del-mar\/"]}]},{"@type":"ImageObject","inLanguage":"es","@id":"https:\/\/www.quebakan.com\/v15\/de-los-tribunales-al-lienzo-un-abogado-que-pinta-la-fuerza-del-mar\/#primaryimage","url":"https:\/\/www.quebakan.com\/v15\/wp-content\/uploads\/2025\/09\/PINTOR-JUAN-ZAMBRANO_2.jpg","contentUrl":"https:\/\/www.quebakan.com\/v15\/wp-content\/uploads\/2025\/09\/PINTOR-JUAN-ZAMBRANO_2.jpg","width":700,"height":466},{"@type":"BreadcrumbList","@id":"https:\/\/www.quebakan.com\/v15\/de-los-tribunales-al-lienzo-un-abogado-que-pinta-la-fuerza-del-mar\/#breadcrumb","itemListElement":[{"@type":"ListItem","position":1,"name":"Portada","item":"https:\/\/www.quebakan.com\/v15\/"},{"@type":"ListItem","position":2,"name":"De los tribunales al lienzo: un abogado que pinta la fuerza del mar."}]},{"@type":"WebSite","@id":"https:\/\/www.quebakan.com\/v15\/#website","url":"https:\/\/www.quebakan.com\/v15\/","name":"QUEBAKAN","description":"..","publisher":{"@id":"https:\/\/www.quebakan.com\/v15\/#organization"},"potentialAction":[{"@type":"SearchAction","target":{"@type":"EntryPoint","urlTemplate":"https:\/\/www.quebakan.com\/v15\/?s={search_term_string}"},"query-input":{"@type":"PropertyValueSpecification","valueRequired":true,"valueName":"search_term_string"}}],"inLanguage":"es"},{"@type":"Organization","@id":"https:\/\/www.quebakan.com\/v15\/#organization","name":"Quebakan.com","url":"https:\/\/www.quebakan.com\/v15\/","logo":{"@type":"ImageObject","inLanguage":"es","@id":"https:\/\/www.quebakan.com\/v15\/#\/schema\/logo\/image\/","url":"https:\/\/www.quebakan.com\/v15\/wp-content\/uploads\/2023\/07\/logoquebakanenero2021.jpg","contentUrl":"https:\/\/www.quebakan.com\/v15\/wp-content\/uploads\/2023\/07\/logoquebakanenero2021.jpg","width":1920,"height":1080,"caption":"Quebakan.com"},"image":{"@id":"https:\/\/www.quebakan.com\/v15\/#\/schema\/logo\/image\/"},"sameAs":["http:\/\/www.facebook.com\/quebakan","https:\/\/x.com\/quebakanec","http:\/\/www.instagram.com\/quebakan","http:\/\/www.youtube.com\/quebakan1"]},{"@type":"Person","@id":"https:\/\/www.quebakan.com\/v15\/#\/schema\/person\/d90fa9f9cfa81eb8ace9811e5b7b9118","name":"Erick Villafuerte","image":{"@type":"ImageObject","inLanguage":"es","@id":"https:\/\/www.quebakan.com\/v15\/wp-content\/uploads\/avatars\/4\/1731297654-bpfull.png","url":"https:\/\/www.quebakan.com\/v15\/wp-content\/uploads\/avatars\/4\/1731297654-bpfull.png","contentUrl":"https:\/\/www.quebakan.com\/v15\/wp-content\/uploads\/avatars\/4\/1731297654-bpfull.png","caption":"Erick Villafuerte"}}]}},"_links":{"self":[{"href":"https:\/\/www.quebakan.com\/v15\/wp-json\/wp\/v2\/posts\/135373","targetHints":{"allow":["GET"]}}],"collection":[{"href":"https:\/\/www.quebakan.com\/v15\/wp-json\/wp\/v2\/posts"}],"about":[{"href":"https:\/\/www.quebakan.com\/v15\/wp-json\/wp\/v2\/types\/post"}],"author":[{"embeddable":true,"href":"https:\/\/www.quebakan.com\/v15\/wp-json\/wp\/v2\/users\/4"}],"replies":[{"embeddable":true,"href":"https:\/\/www.quebakan.com\/v15\/wp-json\/wp\/v2\/comments?post=135373"}],"version-history":[{"count":1,"href":"https:\/\/www.quebakan.com\/v15\/wp-json\/wp\/v2\/posts\/135373\/revisions"}],"predecessor-version":[{"id":135378,"href":"https:\/\/www.quebakan.com\/v15\/wp-json\/wp\/v2\/posts\/135373\/revisions\/135378"}],"wp:featuredmedia":[{"embeddable":true,"href":"https:\/\/www.quebakan.com\/v15\/wp-json\/wp\/v2\/media\/135374"}],"wp:attachment":[{"href":"https:\/\/www.quebakan.com\/v15\/wp-json\/wp\/v2\/media?parent=135373"}],"wp:term":[{"taxonomy":"category","embeddable":true,"href":"https:\/\/www.quebakan.com\/v15\/wp-json\/wp\/v2\/categories?post=135373"},{"taxonomy":"post_tag","embeddable":true,"href":"https:\/\/www.quebakan.com\/v15\/wp-json\/wp\/v2\/tags?post=135373"}],"curies":[{"name":"wp","href":"https:\/\/api.w.org\/{rel}","templated":true}]}}