{"id":135379,"date":"2025-09-19T01:52:55","date_gmt":"2025-09-19T06:52:55","guid":{"rendered":"https:\/\/www.quebakan.com\/v15\/?p=135379"},"modified":"2025-09-19T01:52:55","modified_gmt":"2025-09-19T06:52:55","slug":"casa-ecuador-y-la-federacion-ecuatoriana-de-futbol-celebran-juntos-el-triunfo-de-la-tri-como-simbolo-de-unidad-y-cultura","status":"publish","type":"post","link":"https:\/\/www.quebakan.com\/v15\/casa-ecuador-y-la-federacion-ecuatoriana-de-futbol-celebran-juntos-el-triunfo-de-la-tri-como-simbolo-de-unidad-y-cultura\/","title":{"rendered":"CASA ECUADOR Y LA FEDERACI\u00d3N ECUATORIANA DE F\u00daTBOL CELEBRAN JUNTOS EL TRIUNFO DE \u201cLA TRI\u201d COMO S\u00cdMBOLO DE UNIDAD Y CULTURA"},"content":{"rendered":"<p><img fetchpriority=\"high\" decoding=\"async\" class=\"aligncenter size-full wp-image-135380\" src=\"https:\/\/www.quebakan.com\/v15\/wp-content\/uploads\/2025\/09\/Foto-1-5.jpg\" alt=\"\" width=\"700\" height=\"394\" \/><\/p>\n<p style=\"text-align: justify;\"><span style=\"color: #000000;\"><strong>De izq. a der.<\/strong> Luis Felipe Fern\u00e1ndez-Salvador y Campodonico, presidente de Fundaci\u00f3n Identidad Nacional; y Francisco Egas, presidente de la Federaci\u00f3n Ecuatoriana de F\u00fatbol<\/span><\/p>\n<ul style=\"text-align: justify;\">\n<li><span style=\"color: #000000;\"><em>La fachada del Monumental se transform\u00f3 con un mural floral de rosas, emblema de identidad y orgullo nacional.<\/em><\/span><\/li>\n<li><span style=\"color: #000000;\"><em>Autoridades, dirigentes, auspiciantes y aliados estrat\u00e9gicos disfrutaron de una experiencia gastron\u00f3mica exclusiva en suites y espacios VIP.<\/em><\/span><\/li>\n<li><span style=\"color: #000000;\"><em>Con el Galard\u00f3n Casa Ecuador, FIN y la FEF reforzaron una tradici\u00f3n que une deporte, cultura y memoria ancestral rumbo al Mundial 2026.<\/em><\/span><\/li>\n<\/ul>\n<p style=\"text-align: justify;\"><span style=\"color: #000000;\"><strong>Guayaquil, septiembre 2025.-<\/strong> La Fundaci\u00f3n Identidad Nacional (FIN), bajo el liderazgo de su presidente Luis Felipe Fern\u00e1ndez-Salvador y Campod\u00f3nico, junto a la Federaci\u00f3n Ecuatoriana de F\u00fatbol (FEF), transformaron el Estadio Banco Pichincha en una experiencia cultural sin precedentes durante el partido Ecuador\u2013Argentina, contienda que la gan\u00f3 La Tri con un marcador de 1-0 en la \u00faltima eliminatoria rumbo al Mundial FIFA 2026. La victoria fue un momento de patria, de memoria y de futuro.<\/span><\/p>\n<p style=\"text-align: justify;\"><span style=\"color: #000000;\">La intervenci\u00f3n art\u00edstica present\u00f3 un imponente mural de rosas en la fachada y accesos del estadio, transmitiendo un mensaje de unidad y pertenencia nacional. En el entretiempo, se proyect\u00f3 un video inspiracional producido por FIN con mensajes de orgullo ecuatoriano y conexi\u00f3n entre f\u00fatbol, naturaleza y cultura. Esta activaci\u00f3n marc\u00f3 el primer paso hacia la creaci\u00f3n de la primera Casa Ecuador del Mundial 2026.<\/span><\/p>\n<p style=\"text-align: justify;\"><strong><span style=\"color: #000000;\">Gastronom\u00eda: tradici\u00f3n con innovaci\u00f3n<\/span><\/strong><\/p>\n<p style=\"text-align: justify;\"><span style=\"color: #000000;\">En los ambientes m\u00e1s exclusivos del Monumental \u2014la suite presidencial, las ejecutivas y los salones para autoridades\u2014, los asistentes disfrutaron de una propuesta culinaria dise\u00f1ada por los chefs Carlos y Juan Sebasti\u00e1n Gallardo, equipo gastron\u00f3mico oficial de Casa Ecuador. El men\u00fa reinterpreta recetas tradicionales con t\u00e9cnicas innovadoras: cebiches con hierbas frescas, s\u00e1nduches de chancho en pan artesanal, bu\u00f1uelos de camar\u00f3n, lomo glaseado con maracuy\u00e1 y postres como cheesecake andino, mousse de cacao fino y tiramis\u00fa tropical.<\/span><\/p>\n<p style=\"text-align: justify;\"><span style=\"color: #000000;\">Entre los invitados <strong>a esta experiencia destacaron el Presidente de la Rep\u00fablica, Daniel Noboa, el presidente de la FEF,<\/strong> <strong>Francisco Egas,<\/strong> sus invitados especiales, auspiciantes de la Selecci\u00f3n, ex jugadores y dirigentes deportivos, quienes compartieron junto a otros aliados estrat\u00e9gicos en un ambiente de hospitalidad y orgullo nacional. El talento de los chefs reafirm\u00f3 su papel como embajadores de la cocina ecuatoriana en escenarios de alto nivel.<\/span><\/p>\n<p style=\"text-align: justify;\"><strong><span style=\"color: #000000;\">Identidad en cada detalle<\/span><\/strong><\/p>\n<p style=\"text-align: justify;\"><span style=\"color: #000000;\">Decenas de miles de rosas rojas, s\u00edmbolo de identidad y orgullo nacional, embellecieron el estadio Monumental gracias al aporte de Sunrite Farms, reconocida flor\u00edcola ecuatoriana con casi 4 d\u00e9cadas de trayectoria y +60 variedades de exportaci\u00f3n.<\/span><\/p>\n<p style=\"text-align: justify;\"><span style=\"color: #000000;\">En el acceso principal se instal\u00f3 un fondo floral que integr\u00f3 la imagen de la FEF con Casa Ecuador, mientras que los exteriores de las suites fueron decorados con arreglos naturales que proyectaron la riqueza y diversidad del pa\u00eds. Esta intervenci\u00f3n marc\u00f3 la primera activaci\u00f3n oficial de Casa Ecuador rumbo al Mundial 2026.<\/span><\/p>\n<p style=\"text-align: justify;\"><strong><span style=\"color: #000000;\">Galard\u00f3n Casa Ecuador<\/span><\/strong><\/p>\n<p style=\"text-align: justify;\"><span style=\"color: #000000;\">El Galard\u00f3n Casa Ecuador, inspirado en la vasija de Palanda, se ha consolidado como una tradici\u00f3n de reconocimiento cultural y deportivo desde la primera edici\u00f3n del proyecto en los Juegos Ol\u00edmpicos Par\u00eds 2024, donde fue entregado al medallista ol\u00edmpico Jefferson P\u00e9rez y a la Primera Dama Lavinia Valbonesi; en Madrid, a personalidades internacionales como el Duque de Sevilla, Marta S\u00e1nchez y Valeria Mazza, entre otros.<\/span><\/p>\n<p style=\"text-align: justify;\"><span style=\"color: #000000;\">En esta ocasi\u00f3n, el presidente de la Rep\u00fablica, Daniel Noboa, recibi\u00f3 el Reconocimiento Casa Ecuador, un s\u00edmbolo de identidad y esperanza que se alinea con su visi\u00f3n del Nuevo Ecuador y con los principios que impulsa la Fundaci\u00f3n Identidad Nacional.<\/span><\/p>\n<p style=\"text-align: justify;\"><strong><span style=\"color: #000000;\">Voces de liderazgo<\/span><\/strong><\/p>\n<p style=\"text-align: justify;\"><span style=\"color: #000000;\"><em>\u201cCon Casa Ecuador no solo acompa\u00f1amos a la Selecci\u00f3n: buscamos algo m\u00e1s grande que la victoria, conquistar el coraz\u00f3n del mundo. Nuestro pa\u00eds es el underdog que emociona; su f\u00fatbol refleja la fuerza y la cultura de su gente\u201d<\/em>, afirm\u00f3 Luis Felipe Fern\u00e1ndez-Salvador, creador de la iniciativa.<\/span><\/p>\n<p style=\"text-align: justify;\"><span style=\"color: #000000;\">Por su parte, el presidente de la FEF, Francisco Egas, mencion\u00f3 que \u201c<em>la Selecci\u00f3n es un reflejo del pa\u00eds y una inspiraci\u00f3n para miles de ni\u00f1os y j\u00f3venes. Por eso creemos que no se trata solo de resultados deportivos, sino tambi\u00e9n de mostrar valores y proyectar una imagen que nos represente dentro y fuera de la cancha. Iniciativas como Casa Ecuador suman a ese prop\u00f3sito, porque llevan nuestra identidad cultural al mismo escenario donde brilla el f\u00fatbol\u201d<\/em>. Su visi\u00f3n de modernizaci\u00f3n y proyecci\u00f3n internacional enlaza naturalmente con la propuesta de FIN y Casa Ecuador, concebida para mostrar al mundo el talento de la TRI y la riqueza cultural del pa\u00eds rumbo a la cita mundialista.<\/span><\/p>\n<p style=\"text-align: justify;\"><strong><span style=\"color: #000000;\">Hacia el Mundial FIFA 2026<\/span><\/strong><\/p>\n<p style=\"text-align: justify;\"><span style=\"color: #000000;\">FIN y la FEF reafirman as\u00ed su prop\u00f3sito de ser un puente entre tradici\u00f3n y modernidad, mostrando a Ecuador como una tierra diversa y vibrante. La experiencia vivida en Guayaquil marca el inicio de un camino hacia la primera Casa Ecuador del Mundial 2026, donde la pasi\u00f3n futbolera se fusionar\u00e1 con los cuatro mundos del pa\u00eds para proyectar a Ecuador como un referente internacional en deporte, cultura y sostenibilidad.<\/span><\/p>\n<p><img decoding=\"async\" class=\"aligncenter size-full wp-image-135381\" src=\"https:\/\/www.quebakan.com\/v15\/wp-content\/uploads\/2025\/09\/Foto-2-4.jpg\" alt=\"\" width=\"700\" height=\"394\" \/><\/p>\n<p>&nbsp;<\/p>\n<p><img decoding=\"async\" class=\"aligncenter size-full wp-image-135382\" src=\"https:\/\/www.quebakan.com\/v15\/wp-content\/uploads\/2025\/09\/Foto-4-3.jpg\" alt=\"\" width=\"700\" height=\"394\" \/><\/p>\n<p>&nbsp;<\/p>\n<p><img loading=\"lazy\" decoding=\"async\" class=\"aligncenter size-full wp-image-135383\" src=\"https:\/\/www.quebakan.com\/v15\/wp-content\/uploads\/2025\/09\/Foto-3-3.jpg\" alt=\"\" width=\"700\" height=\"394\" \/><\/p>\n","protected":false},"excerpt":{"rendered":"<p>De izq. a der. Luis Felipe Fern\u00e1ndez-Salvador y Campodonico, presidente de Fundaci\u00f3n Identidad Nacional; y Francisco Egas, presidente de la Federaci\u00f3n Ecuatoriana de F\u00fatbol La fachada del Monumental se transform\u00f3 con un mural floral de rosas, emblema de identidad y orgullo nacional. Autoridades, dirigentes, auspiciantes y aliados estrat\u00e9gicos disfrutaron de una experiencia gastron\u00f3mica exclusiva en [&hellip;]<\/p>\n","protected":false},"author":4,"featured_media":135380,"comment_status":"closed","ping_status":"closed","sticky":false,"template":"","format":"standard","meta":{"_bbp_topic_count":0,"_bbp_reply_count":0,"_bbp_total_topic_count":0,"_bbp_total_reply_count":0,"_bbp_voice_count":0,"_bbp_anonymous_reply_count":0,"_bbp_topic_count_hidden":0,"_bbp_reply_count_hidden":0,"_bbp_forum_subforum_count":0,"buzzeditor_post_format":"","footnotes":""},"categories":[2],"tags":[],"class_list":["post-135379","post","type-post","status-publish","format-standard","has-post-thumbnail","hentry","category-noticias"],"yoast_head":"<!-- This site is optimized with the Yoast SEO plugin v27.5 - https:\/\/yoast.com\/product\/yoast-seo-wordpress\/ -->\n<title>CASA ECUADOR Y LA FEDERACI\u00d3N ECUATORIANA DE F\u00daTBOL CELEBRAN JUNTOS EL TRIUNFO DE \u201cLA TRI\u201d COMO S\u00cdMBOLO DE UNIDAD Y CULTURA &#8211; QUEBAKAN.COM 2026: Noticias, Eventos, Conciertos y mucho m\u00e1s....<\/title>\n<meta name=\"robots\" content=\"index, follow, max-snippet:-1, max-image-preview:large, max-video-preview:-1\" \/>\n<link rel=\"canonical\" href=\"https:\/\/www.quebakan.com\/v15\/casa-ecuador-y-la-federacion-ecuatoriana-de-futbol-celebran-juntos-el-triunfo-de-la-tri-como-simbolo-de-unidad-y-cultura\/\" \/>\n<meta property=\"og:locale\" content=\"es_ES\" \/>\n<meta property=\"og:type\" content=\"article\" \/>\n<meta property=\"og:title\" content=\"CASA ECUADOR Y LA FEDERACI\u00d3N ECUATORIANA DE F\u00daTBOL CELEBRAN JUNTOS EL TRIUNFO DE \u201cLA TRI\u201d COMO S\u00cdMBOLO DE UNIDAD Y CULTURA &#8211; QUEBAKAN.COM 2026: Noticias, Eventos, Conciertos y mucho m\u00e1s....\" \/>\n<meta property=\"og:description\" content=\"De izq. a der. Luis Felipe Fern\u00e1ndez-Salvador y Campodonico, presidente de Fundaci\u00f3n Identidad Nacional; y Francisco Egas, presidente de la Federaci\u00f3n Ecuatoriana de F\u00fatbol La fachada del Monumental se transform\u00f3 con un mural floral de rosas, emblema de identidad y orgullo nacional. Autoridades, dirigentes, auspiciantes y aliados estrat\u00e9gicos disfrutaron de una experiencia gastron\u00f3mica exclusiva en [&hellip;]\" \/>\n<meta property=\"og:url\" content=\"https:\/\/www.quebakan.com\/v15\/casa-ecuador-y-la-federacion-ecuatoriana-de-futbol-celebran-juntos-el-triunfo-de-la-tri-como-simbolo-de-unidad-y-cultura\/\" \/>\n<meta property=\"og:site_name\" content=\"QUEBAKAN.COM 2026: Noticias, Eventos, Conciertos y mucho m\u00e1s....\" \/>\n<meta property=\"article:publisher\" content=\"http:\/\/www.facebook.com\/quebakan\" \/>\n<meta property=\"article:published_time\" content=\"2025-09-19T06:52:55+00:00\" \/>\n<meta property=\"og:image\" content=\"https:\/\/www.quebakan.com\/v15\/wp-content\/uploads\/2025\/09\/Foto-1-5.jpg\" \/>\n\t<meta property=\"og:image:width\" content=\"700\" \/>\n\t<meta property=\"og:image:height\" content=\"394\" \/>\n\t<meta property=\"og:image:type\" content=\"image\/jpeg\" \/>\n<meta name=\"author\" content=\"Erick Villafuerte\" \/>\n<meta name=\"twitter:card\" content=\"summary_large_image\" \/>\n<meta name=\"twitter:creator\" content=\"@quebakanec\" \/>\n<meta name=\"twitter:site\" content=\"@quebakanec\" \/>\n<meta name=\"twitter:label1\" content=\"Escrito por\" \/>\n\t<meta name=\"twitter:data1\" content=\"Erick Villafuerte\" \/>\n\t<meta name=\"twitter:label2\" content=\"Tiempo de lectura\" \/>\n\t<meta name=\"twitter:data2\" content=\"5 minutos\" \/>\n<script type=\"application\/ld+json\" class=\"yoast-schema-graph\">{\"@context\":\"https:\\\/\\\/schema.org\",\"@graph\":[{\"@type\":\"Article\",\"@id\":\"https:\\\/\\\/www.quebakan.com\\\/v15\\\/casa-ecuador-y-la-federacion-ecuatoriana-de-futbol-celebran-juntos-el-triunfo-de-la-tri-como-simbolo-de-unidad-y-cultura\\\/#article\",\"isPartOf\":{\"@id\":\"https:\\\/\\\/www.quebakan.com\\\/v15\\\/casa-ecuador-y-la-federacion-ecuatoriana-de-futbol-celebran-juntos-el-triunfo-de-la-tri-como-simbolo-de-unidad-y-cultura\\\/\"},\"author\":{\"name\":\"Erick Villafuerte\",\"@id\":\"https:\\\/\\\/www.quebakan.com\\\/v15\\\/#\\\/schema\\\/person\\\/d90fa9f9cfa81eb8ace9811e5b7b9118\"},\"headline\":\"CASA ECUADOR Y LA FEDERACI\u00d3N ECUATORIANA DE F\u00daTBOL CELEBRAN JUNTOS EL TRIUNFO DE \u201cLA TRI\u201d COMO S\u00cdMBOLO DE UNIDAD Y CULTURA\",\"datePublished\":\"2025-09-19T06:52:55+00:00\",\"mainEntityOfPage\":{\"@id\":\"https:\\\/\\\/www.quebakan.com\\\/v15\\\/casa-ecuador-y-la-federacion-ecuatoriana-de-futbol-celebran-juntos-el-triunfo-de-la-tri-como-simbolo-de-unidad-y-cultura\\\/\"},\"wordCount\":902,\"publisher\":{\"@id\":\"https:\\\/\\\/www.quebakan.com\\\/v15\\\/#organization\"},\"image\":{\"@id\":\"https:\\\/\\\/www.quebakan.com\\\/v15\\\/casa-ecuador-y-la-federacion-ecuatoriana-de-futbol-celebran-juntos-el-triunfo-de-la-tri-como-simbolo-de-unidad-y-cultura\\\/#primaryimage\"},\"thumbnailUrl\":\"https:\\\/\\\/www.quebakan.com\\\/v15\\\/wp-content\\\/uploads\\\/2025\\\/09\\\/Foto-1-5.jpg\",\"articleSection\":[\"Noticias\"],\"inLanguage\":\"es\"},{\"@type\":\"WebPage\",\"@id\":\"https:\\\/\\\/www.quebakan.com\\\/v15\\\/casa-ecuador-y-la-federacion-ecuatoriana-de-futbol-celebran-juntos-el-triunfo-de-la-tri-como-simbolo-de-unidad-y-cultura\\\/\",\"url\":\"https:\\\/\\\/www.quebakan.com\\\/v15\\\/casa-ecuador-y-la-federacion-ecuatoriana-de-futbol-celebran-juntos-el-triunfo-de-la-tri-como-simbolo-de-unidad-y-cultura\\\/\",\"name\":\"CASA ECUADOR Y LA FEDERACI\u00d3N ECUATORIANA DE F\u00daTBOL CELEBRAN JUNTOS EL TRIUNFO DE \u201cLA TRI\u201d COMO S\u00cdMBOLO DE UNIDAD Y CULTURA &#8211; QUEBAKAN.COM 2026: Noticias, Eventos, Conciertos y mucho m\u00e1s....\",\"isPartOf\":{\"@id\":\"https:\\\/\\\/www.quebakan.com\\\/v15\\\/#website\"},\"primaryImageOfPage\":{\"@id\":\"https:\\\/\\\/www.quebakan.com\\\/v15\\\/casa-ecuador-y-la-federacion-ecuatoriana-de-futbol-celebran-juntos-el-triunfo-de-la-tri-como-simbolo-de-unidad-y-cultura\\\/#primaryimage\"},\"image\":{\"@id\":\"https:\\\/\\\/www.quebakan.com\\\/v15\\\/casa-ecuador-y-la-federacion-ecuatoriana-de-futbol-celebran-juntos-el-triunfo-de-la-tri-como-simbolo-de-unidad-y-cultura\\\/#primaryimage\"},\"thumbnailUrl\":\"https:\\\/\\\/www.quebakan.com\\\/v15\\\/wp-content\\\/uploads\\\/2025\\\/09\\\/Foto-1-5.jpg\",\"datePublished\":\"2025-09-19T06:52:55+00:00\",\"breadcrumb\":{\"@id\":\"https:\\\/\\\/www.quebakan.com\\\/v15\\\/casa-ecuador-y-la-federacion-ecuatoriana-de-futbol-celebran-juntos-el-triunfo-de-la-tri-como-simbolo-de-unidad-y-cultura\\\/#breadcrumb\"},\"inLanguage\":\"es\",\"potentialAction\":[{\"@type\":\"ReadAction\",\"target\":[\"https:\\\/\\\/www.quebakan.com\\\/v15\\\/casa-ecuador-y-la-federacion-ecuatoriana-de-futbol-celebran-juntos-el-triunfo-de-la-tri-como-simbolo-de-unidad-y-cultura\\\/\"]}]},{\"@type\":\"ImageObject\",\"inLanguage\":\"es\",\"@id\":\"https:\\\/\\\/www.quebakan.com\\\/v15\\\/casa-ecuador-y-la-federacion-ecuatoriana-de-futbol-celebran-juntos-el-triunfo-de-la-tri-como-simbolo-de-unidad-y-cultura\\\/#primaryimage\",\"url\":\"https:\\\/\\\/www.quebakan.com\\\/v15\\\/wp-content\\\/uploads\\\/2025\\\/09\\\/Foto-1-5.jpg\",\"contentUrl\":\"https:\\\/\\\/www.quebakan.com\\\/v15\\\/wp-content\\\/uploads\\\/2025\\\/09\\\/Foto-1-5.jpg\",\"width\":700,\"height\":394},{\"@type\":\"BreadcrumbList\",\"@id\":\"https:\\\/\\\/www.quebakan.com\\\/v15\\\/casa-ecuador-y-la-federacion-ecuatoriana-de-futbol-celebran-juntos-el-triunfo-de-la-tri-como-simbolo-de-unidad-y-cultura\\\/#breadcrumb\",\"itemListElement\":[{\"@type\":\"ListItem\",\"position\":1,\"name\":\"Portada\",\"item\":\"https:\\\/\\\/www.quebakan.com\\\/v15\\\/\"},{\"@type\":\"ListItem\",\"position\":2,\"name\":\"CASA ECUADOR Y LA FEDERACI\u00d3N ECUATORIANA DE F\u00daTBOL CELEBRAN JUNTOS EL TRIUNFO DE \u201cLA TRI\u201d COMO S\u00cdMBOLO DE UNIDAD Y CULTURA\"}]},{\"@type\":\"WebSite\",\"@id\":\"https:\\\/\\\/www.quebakan.com\\\/v15\\\/#website\",\"url\":\"https:\\\/\\\/www.quebakan.com\\\/v15\\\/\",\"name\":\"QUEBAKAN\",\"description\":\"..\",\"publisher\":{\"@id\":\"https:\\\/\\\/www.quebakan.com\\\/v15\\\/#organization\"},\"potentialAction\":[{\"@type\":\"SearchAction\",\"target\":{\"@type\":\"EntryPoint\",\"urlTemplate\":\"https:\\\/\\\/www.quebakan.com\\\/v15\\\/?s={search_term_string}\"},\"query-input\":{\"@type\":\"PropertyValueSpecification\",\"valueRequired\":true,\"valueName\":\"search_term_string\"}}],\"inLanguage\":\"es\"},{\"@type\":\"Organization\",\"@id\":\"https:\\\/\\\/www.quebakan.com\\\/v15\\\/#organization\",\"name\":\"Quebakan.com\",\"url\":\"https:\\\/\\\/www.quebakan.com\\\/v15\\\/\",\"logo\":{\"@type\":\"ImageObject\",\"inLanguage\":\"es\",\"@id\":\"https:\\\/\\\/www.quebakan.com\\\/v15\\\/#\\\/schema\\\/logo\\\/image\\\/\",\"url\":\"https:\\\/\\\/www.quebakan.com\\\/v15\\\/wp-content\\\/uploads\\\/2023\\\/07\\\/logoquebakanenero2021.jpg\",\"contentUrl\":\"https:\\\/\\\/www.quebakan.com\\\/v15\\\/wp-content\\\/uploads\\\/2023\\\/07\\\/logoquebakanenero2021.jpg\",\"width\":1920,\"height\":1080,\"caption\":\"Quebakan.com\"},\"image\":{\"@id\":\"https:\\\/\\\/www.quebakan.com\\\/v15\\\/#\\\/schema\\\/logo\\\/image\\\/\"},\"sameAs\":[\"http:\\\/\\\/www.facebook.com\\\/quebakan\",\"https:\\\/\\\/x.com\\\/quebakanec\",\"http:\\\/\\\/www.instagram.com\\\/quebakan\",\"http:\\\/\\\/www.youtube.com\\\/quebakan1\"]},{\"@type\":\"Person\",\"@id\":\"https:\\\/\\\/www.quebakan.com\\\/v15\\\/#\\\/schema\\\/person\\\/d90fa9f9cfa81eb8ace9811e5b7b9118\",\"name\":\"Erick Villafuerte\",\"image\":{\"@type\":\"ImageObject\",\"inLanguage\":\"es\",\"@id\":\"https:\\\/\\\/www.quebakan.com\\\/v15\\\/wp-content\\\/uploads\\\/avatars\\\/4\\\/1731297654-bpfull.png\",\"url\":\"https:\\\/\\\/www.quebakan.com\\\/v15\\\/wp-content\\\/uploads\\\/avatars\\\/4\\\/1731297654-bpfull.png\",\"contentUrl\":\"https:\\\/\\\/www.quebakan.com\\\/v15\\\/wp-content\\\/uploads\\\/avatars\\\/4\\\/1731297654-bpfull.png\",\"caption\":\"Erick Villafuerte\"}}]}<\/script>\n<!-- \/ Yoast SEO plugin. -->","yoast_head_json":{"title":"CASA ECUADOR Y LA FEDERACI\u00d3N ECUATORIANA DE F\u00daTBOL CELEBRAN JUNTOS EL TRIUNFO DE \u201cLA TRI\u201d COMO S\u00cdMBOLO DE UNIDAD Y CULTURA &#8211; QUEBAKAN.COM 2026: Noticias, Eventos, Conciertos y mucho m\u00e1s....","robots":{"index":"index","follow":"follow","max-snippet":"max-snippet:-1","max-image-preview":"max-image-preview:large","max-video-preview":"max-video-preview:-1"},"canonical":"https:\/\/www.quebakan.com\/v15\/casa-ecuador-y-la-federacion-ecuatoriana-de-futbol-celebran-juntos-el-triunfo-de-la-tri-como-simbolo-de-unidad-y-cultura\/","og_locale":"es_ES","og_type":"article","og_title":"CASA ECUADOR Y LA FEDERACI\u00d3N ECUATORIANA DE F\u00daTBOL CELEBRAN JUNTOS EL TRIUNFO DE \u201cLA TRI\u201d COMO S\u00cdMBOLO DE UNIDAD Y CULTURA &#8211; QUEBAKAN.COM 2026: Noticias, Eventos, Conciertos y mucho m\u00e1s....","og_description":"De izq. a der. Luis Felipe Fern\u00e1ndez-Salvador y Campodonico, presidente de Fundaci\u00f3n Identidad Nacional; y Francisco Egas, presidente de la Federaci\u00f3n Ecuatoriana de F\u00fatbol La fachada del Monumental se transform\u00f3 con un mural floral de rosas, emblema de identidad y orgullo nacional. Autoridades, dirigentes, auspiciantes y aliados estrat\u00e9gicos disfrutaron de una experiencia gastron\u00f3mica exclusiva en [&hellip;]","og_url":"https:\/\/www.quebakan.com\/v15\/casa-ecuador-y-la-federacion-ecuatoriana-de-futbol-celebran-juntos-el-triunfo-de-la-tri-como-simbolo-de-unidad-y-cultura\/","og_site_name":"QUEBAKAN.COM 2026: Noticias, Eventos, Conciertos y mucho m\u00e1s....","article_publisher":"http:\/\/www.facebook.com\/quebakan","article_published_time":"2025-09-19T06:52:55+00:00","og_image":[{"width":700,"height":394,"url":"https:\/\/www.quebakan.com\/v15\/wp-content\/uploads\/2025\/09\/Foto-1-5.jpg","type":"image\/jpeg"}],"author":"Erick Villafuerte","twitter_card":"summary_large_image","twitter_creator":"@quebakanec","twitter_site":"@quebakanec","twitter_misc":{"Escrito por":"Erick Villafuerte","Tiempo de lectura":"5 minutos"},"schema":{"@context":"https:\/\/schema.org","@graph":[{"@type":"Article","@id":"https:\/\/www.quebakan.com\/v15\/casa-ecuador-y-la-federacion-ecuatoriana-de-futbol-celebran-juntos-el-triunfo-de-la-tri-como-simbolo-de-unidad-y-cultura\/#article","isPartOf":{"@id":"https:\/\/www.quebakan.com\/v15\/casa-ecuador-y-la-federacion-ecuatoriana-de-futbol-celebran-juntos-el-triunfo-de-la-tri-como-simbolo-de-unidad-y-cultura\/"},"author":{"name":"Erick Villafuerte","@id":"https:\/\/www.quebakan.com\/v15\/#\/schema\/person\/d90fa9f9cfa81eb8ace9811e5b7b9118"},"headline":"CASA ECUADOR Y LA FEDERACI\u00d3N ECUATORIANA DE F\u00daTBOL CELEBRAN JUNTOS EL TRIUNFO DE \u201cLA TRI\u201d COMO S\u00cdMBOLO DE UNIDAD Y CULTURA","datePublished":"2025-09-19T06:52:55+00:00","mainEntityOfPage":{"@id":"https:\/\/www.quebakan.com\/v15\/casa-ecuador-y-la-federacion-ecuatoriana-de-futbol-celebran-juntos-el-triunfo-de-la-tri-como-simbolo-de-unidad-y-cultura\/"},"wordCount":902,"publisher":{"@id":"https:\/\/www.quebakan.com\/v15\/#organization"},"image":{"@id":"https:\/\/www.quebakan.com\/v15\/casa-ecuador-y-la-federacion-ecuatoriana-de-futbol-celebran-juntos-el-triunfo-de-la-tri-como-simbolo-de-unidad-y-cultura\/#primaryimage"},"thumbnailUrl":"https:\/\/www.quebakan.com\/v15\/wp-content\/uploads\/2025\/09\/Foto-1-5.jpg","articleSection":["Noticias"],"inLanguage":"es"},{"@type":"WebPage","@id":"https:\/\/www.quebakan.com\/v15\/casa-ecuador-y-la-federacion-ecuatoriana-de-futbol-celebran-juntos-el-triunfo-de-la-tri-como-simbolo-de-unidad-y-cultura\/","url":"https:\/\/www.quebakan.com\/v15\/casa-ecuador-y-la-federacion-ecuatoriana-de-futbol-celebran-juntos-el-triunfo-de-la-tri-como-simbolo-de-unidad-y-cultura\/","name":"CASA ECUADOR Y LA FEDERACI\u00d3N ECUATORIANA DE F\u00daTBOL CELEBRAN JUNTOS EL TRIUNFO DE \u201cLA TRI\u201d COMO S\u00cdMBOLO DE UNIDAD Y CULTURA &#8211; QUEBAKAN.COM 2026: Noticias, Eventos, Conciertos y mucho m\u00e1s....","isPartOf":{"@id":"https:\/\/www.quebakan.com\/v15\/#website"},"primaryImageOfPage":{"@id":"https:\/\/www.quebakan.com\/v15\/casa-ecuador-y-la-federacion-ecuatoriana-de-futbol-celebran-juntos-el-triunfo-de-la-tri-como-simbolo-de-unidad-y-cultura\/#primaryimage"},"image":{"@id":"https:\/\/www.quebakan.com\/v15\/casa-ecuador-y-la-federacion-ecuatoriana-de-futbol-celebran-juntos-el-triunfo-de-la-tri-como-simbolo-de-unidad-y-cultura\/#primaryimage"},"thumbnailUrl":"https:\/\/www.quebakan.com\/v15\/wp-content\/uploads\/2025\/09\/Foto-1-5.jpg","datePublished":"2025-09-19T06:52:55+00:00","breadcrumb":{"@id":"https:\/\/www.quebakan.com\/v15\/casa-ecuador-y-la-federacion-ecuatoriana-de-futbol-celebran-juntos-el-triunfo-de-la-tri-como-simbolo-de-unidad-y-cultura\/#breadcrumb"},"inLanguage":"es","potentialAction":[{"@type":"ReadAction","target":["https:\/\/www.quebakan.com\/v15\/casa-ecuador-y-la-federacion-ecuatoriana-de-futbol-celebran-juntos-el-triunfo-de-la-tri-como-simbolo-de-unidad-y-cultura\/"]}]},{"@type":"ImageObject","inLanguage":"es","@id":"https:\/\/www.quebakan.com\/v15\/casa-ecuador-y-la-federacion-ecuatoriana-de-futbol-celebran-juntos-el-triunfo-de-la-tri-como-simbolo-de-unidad-y-cultura\/#primaryimage","url":"https:\/\/www.quebakan.com\/v15\/wp-content\/uploads\/2025\/09\/Foto-1-5.jpg","contentUrl":"https:\/\/www.quebakan.com\/v15\/wp-content\/uploads\/2025\/09\/Foto-1-5.jpg","width":700,"height":394},{"@type":"BreadcrumbList","@id":"https:\/\/www.quebakan.com\/v15\/casa-ecuador-y-la-federacion-ecuatoriana-de-futbol-celebran-juntos-el-triunfo-de-la-tri-como-simbolo-de-unidad-y-cultura\/#breadcrumb","itemListElement":[{"@type":"ListItem","position":1,"name":"Portada","item":"https:\/\/www.quebakan.com\/v15\/"},{"@type":"ListItem","position":2,"name":"CASA ECUADOR Y LA FEDERACI\u00d3N ECUATORIANA DE F\u00daTBOL CELEBRAN JUNTOS EL TRIUNFO DE \u201cLA TRI\u201d COMO S\u00cdMBOLO DE UNIDAD Y CULTURA"}]},{"@type":"WebSite","@id":"https:\/\/www.quebakan.com\/v15\/#website","url":"https:\/\/www.quebakan.com\/v15\/","name":"QUEBAKAN","description":"..","publisher":{"@id":"https:\/\/www.quebakan.com\/v15\/#organization"},"potentialAction":[{"@type":"SearchAction","target":{"@type":"EntryPoint","urlTemplate":"https:\/\/www.quebakan.com\/v15\/?s={search_term_string}"},"query-input":{"@type":"PropertyValueSpecification","valueRequired":true,"valueName":"search_term_string"}}],"inLanguage":"es"},{"@type":"Organization","@id":"https:\/\/www.quebakan.com\/v15\/#organization","name":"Quebakan.com","url":"https:\/\/www.quebakan.com\/v15\/","logo":{"@type":"ImageObject","inLanguage":"es","@id":"https:\/\/www.quebakan.com\/v15\/#\/schema\/logo\/image\/","url":"https:\/\/www.quebakan.com\/v15\/wp-content\/uploads\/2023\/07\/logoquebakanenero2021.jpg","contentUrl":"https:\/\/www.quebakan.com\/v15\/wp-content\/uploads\/2023\/07\/logoquebakanenero2021.jpg","width":1920,"height":1080,"caption":"Quebakan.com"},"image":{"@id":"https:\/\/www.quebakan.com\/v15\/#\/schema\/logo\/image\/"},"sameAs":["http:\/\/www.facebook.com\/quebakan","https:\/\/x.com\/quebakanec","http:\/\/www.instagram.com\/quebakan","http:\/\/www.youtube.com\/quebakan1"]},{"@type":"Person","@id":"https:\/\/www.quebakan.com\/v15\/#\/schema\/person\/d90fa9f9cfa81eb8ace9811e5b7b9118","name":"Erick Villafuerte","image":{"@type":"ImageObject","inLanguage":"es","@id":"https:\/\/www.quebakan.com\/v15\/wp-content\/uploads\/avatars\/4\/1731297654-bpfull.png","url":"https:\/\/www.quebakan.com\/v15\/wp-content\/uploads\/avatars\/4\/1731297654-bpfull.png","contentUrl":"https:\/\/www.quebakan.com\/v15\/wp-content\/uploads\/avatars\/4\/1731297654-bpfull.png","caption":"Erick Villafuerte"}}]}},"_links":{"self":[{"href":"https:\/\/www.quebakan.com\/v15\/wp-json\/wp\/v2\/posts\/135379","targetHints":{"allow":["GET"]}}],"collection":[{"href":"https:\/\/www.quebakan.com\/v15\/wp-json\/wp\/v2\/posts"}],"about":[{"href":"https:\/\/www.quebakan.com\/v15\/wp-json\/wp\/v2\/types\/post"}],"author":[{"embeddable":true,"href":"https:\/\/www.quebakan.com\/v15\/wp-json\/wp\/v2\/users\/4"}],"replies":[{"embeddable":true,"href":"https:\/\/www.quebakan.com\/v15\/wp-json\/wp\/v2\/comments?post=135379"}],"version-history":[{"count":1,"href":"https:\/\/www.quebakan.com\/v15\/wp-json\/wp\/v2\/posts\/135379\/revisions"}],"predecessor-version":[{"id":135384,"href":"https:\/\/www.quebakan.com\/v15\/wp-json\/wp\/v2\/posts\/135379\/revisions\/135384"}],"wp:featuredmedia":[{"embeddable":true,"href":"https:\/\/www.quebakan.com\/v15\/wp-json\/wp\/v2\/media\/135380"}],"wp:attachment":[{"href":"https:\/\/www.quebakan.com\/v15\/wp-json\/wp\/v2\/media?parent=135379"}],"wp:term":[{"taxonomy":"category","embeddable":true,"href":"https:\/\/www.quebakan.com\/v15\/wp-json\/wp\/v2\/categories?post=135379"},{"taxonomy":"post_tag","embeddable":true,"href":"https:\/\/www.quebakan.com\/v15\/wp-json\/wp\/v2\/tags?post=135379"}],"curies":[{"name":"wp","href":"https:\/\/api.w.org\/{rel}","templated":true}]}}