{"id":136315,"date":"2025-10-15T22:21:38","date_gmt":"2025-10-16T03:21:38","guid":{"rendered":"https:\/\/www.quebakan.com\/v15\/?p=136315"},"modified":"2025-10-15T22:21:38","modified_gmt":"2025-10-16T03:21:38","slug":"educacion-online-cierra-la-brecha-entre-la-formacion-academica-y-la-empleabilidad-real","status":"publish","type":"post","link":"https:\/\/www.quebakan.com\/v15\/educacion-online-cierra-la-brecha-entre-la-formacion-academica-y-la-empleabilidad-real\/","title":{"rendered":"Educaci\u00f3n online, cierra la brecha entre la formaci\u00f3n acad\u00e9mica y la empleabilidad real"},"content":{"rendered":"<p><img fetchpriority=\"high\" decoding=\"async\" class=\"aligncenter size-full wp-image-136316\" src=\"https:\/\/www.quebakan.com\/v15\/wp-content\/uploads\/2025\/10\/educacio\u0301n-online.jpg\" alt=\"\" width=\"700\" height=\"466\" \/><\/p>\n<ul>\n<li style=\"text-align: justify;\"><span style=\"color: #000000;\"><em>Tasa de empleo adecuado del 52 % en carreras tecnol\u00f3gicas y administrativas, la formaci\u00f3n digital se convierte en un motor clave para el crecimiento laboral en Ecuador.<\/em><\/span><\/li>\n<li style=\"text-align: justify;\"><span style=\"color: #000000;\"><em>Se estima una proyecci\u00f3n de 124.000 estudiantes inscritos en educaci\u00f3n virtual para 2025.<\/em><\/span><\/li>\n<\/ul>\n<p style=\"text-align: justify;\"><span style=\"color: #000000;\"><strong>Ecuador, Octubre de 2025 \u2014<\/strong> La educaci\u00f3n online se ha consolidado como una de las herramientas m\u00e1s eficaces para conectar la formaci\u00f3n acad\u00e9mica con las exigencias reales del mercado laboral. Frente al modelo tradicional, que muchas veces prioriza la teor\u00eda por encima de la pr\u00e1ctica, las universidades digitales han encontrado la manera de ofrecer programas que combinan certificaciones internacionales, proyectos aplicados y habilidades digitales de alto valor, garantizando una empleabilidad inmediata y competitiva.<\/span><\/p>\n<p style=\"text-align: justify;\"><span style=\"color: #000000;\">En Ecuador, esta tendencia es cada vez m\u00e1s clara. Seg\u00fan datos del INEC (Instituto Nacional de Estad\u00edstica y Censos), el 77.2% de la poblaci\u00f3n de 5 a\u00f1os y m\u00e1s utiliz\u00f3 Internet en el \u00faltimo a\u00f1o, y el 66.0% de los hogares tiene acceso a Internet a nivel nacional. Este giro responde a la reducci\u00f3n del analfabetismo digital, que cay\u00f3 al 5.4% en julio de 2024. Adem\u00e1s, la empleabilidad marca la diferencia, datos del Observatorio de Empleo muestran que, en carreras relacionadas con la Administraci\u00f3n y Tecnolog\u00eda (\u00e1rea principal de la formaci\u00f3n online), la tasa de empleo adecuado supera el 52% de los profesionales. As\u00ed la Secretar\u00eda de Educaci\u00f3n Superior, Ciencia, Tecnolog\u00eda e Innovaci\u00f3n (Senescyt) mediante su Informe Indicadores de Educaci\u00f3n Superior (2022), quien estima que para el 2025 habr\u00e1 124 000 alumnos inscritos en este sistema de educaci\u00f3n y el mismo informe se\u00f1ala un aumento del 8 % en el n\u00famero de estudiantes que optaron por la modalidad virtual entre los a\u00f1os 2017 y 2024.<\/span><\/p>\n<p style=\"text-align: justify;\"><span style=\"color: #000000;\"><strong>Ferran Calatayud Ventura, Executive Director\/CEO de BIU University<\/strong>, lo resume de forma clara: \u201cHoy la creatividad y la capacidad de aprender r\u00e1pido son m\u00e1s importantes que nunca; la educaci\u00f3n online ofrece ese espacio para reinventarse constantemente y mantenerse vigente\u201d.<\/span><\/p>\n<p style=\"text-align: justify;\"><span style=\"color: #000000;\">No obstante, el reto no es menor. Seg\u00fan el <strong>INEC<\/strong>, persiste una marcada <strong>brecha digital por \u00e1rea<\/strong>, mientras el <strong>88.4%<\/strong> de la poblaci\u00f3n en el \u00e1rea urbana usa internet, en el \u00e1rea rural la cifra desciende a <strong>53.8%<\/strong>. El gobierno responde a esta necesidad de talento con iniciativas estrat\u00e9gicas, el <strong>Ministerio de Telecomunicaciones (MINTEL)<\/strong> lanz\u00f3 <strong>10.000 becas de Inteligencia Artificial<\/strong> para formar talento digital, un compromiso que evidencia la falta de profesionales especializados y la estrategia para cubrir la demanda<\/span><\/p>\n<p style=\"text-align: justify;\"><span style=\"color: #000000;\">En paralelo, seg\u00fan datos regionales, el <strong>Nivel de Madurez Digital Experto<\/strong> solo lo alcanza el <strong>4.7% de las grandes empresas<\/strong> ecuatorianas, lo que obliga a las compa\u00f1\u00edas a buscar profesionales especializados para acelerar su transformaci\u00f3n. Para Ferran la clave est\u00e1 en que la educaci\u00f3n online conecta de forma directa al estudiante con las demandas emergentes \u201cEl conocimiento sin aplicaci\u00f3n pr\u00e1ctica se queda a medias. El reto est\u00e1 en que el estudiante salga con competencias que pueda usar desde el primer d\u00eda en su trabajo\u201d.<\/span><\/p>\n<p style=\"text-align: justify;\"><span style=\"color: #000000;\">\u00c1reas como inteligencia artificial, big data o negocios digitales requieren profesionales con formaci\u00f3n s\u00f3lida y \u00e1gil. Universidades como BIU han dise\u00f1ado programas enfocados en estas tendencias globales, lo que no solo acorta la brecha entre la universidad y la empresa, sino que abre la puerta a oportunidades internacionales. Como concluye Ferran \u201cEl gran valor de la educaci\u00f3n online es que democratiza el acceso al conocimiento y lo conecta con la realidad; ya no hay barreras de tiempo o espacio para aprender lo que el mercado necesita\u201d.<\/span><\/p>\n<p style=\"text-align: justify;\"><span style=\"color: #000000;\">La educaci\u00f3n online es, en definitiva, una respuesta al cambio vertiginoso de la econom\u00eda global. Y como se\u00f1alan los expertos de BIU, aprender online no es una alternativa, sino una estrategia imprescindible para quienes buscan competir y destacar en el nuevo mundo laboral.<\/span><\/p>\n","protected":false},"excerpt":{"rendered":"<p>Tasa de empleo adecuado del 52 % en carreras tecnol\u00f3gicas y administrativas, la formaci\u00f3n digital se convierte en un motor clave para el crecimiento laboral en Ecuador. Se estima una proyecci\u00f3n de 124.000 estudiantes inscritos en educaci\u00f3n virtual para 2025. Ecuador, Octubre de 2025 \u2014 La educaci\u00f3n online se ha consolidado como una de las [&hellip;]<\/p>\n","protected":false},"author":4,"featured_media":136316,"comment_status":"closed","ping_status":"closed","sticky":false,"template":"","format":"standard","meta":{"_bbp_topic_count":0,"_bbp_reply_count":0,"_bbp_total_topic_count":0,"_bbp_total_reply_count":0,"_bbp_voice_count":0,"_bbp_anonymous_reply_count":0,"_bbp_topic_count_hidden":0,"_bbp_reply_count_hidden":0,"_bbp_forum_subforum_count":0,"buzzeditor_post_format":"","footnotes":""},"categories":[2],"tags":[],"class_list":["post-136315","post","type-post","status-publish","format-standard","has-post-thumbnail","hentry","category-noticias"],"yoast_head":"<!-- This site is optimized with the Yoast SEO plugin v27.5 - https:\/\/yoast.com\/product\/yoast-seo-wordpress\/ -->\n<title>Educaci\u00f3n online, cierra la brecha entre la formaci\u00f3n acad\u00e9mica y la empleabilidad real &#8211; QUEBAKAN.COM 2026: Noticias, Eventos, Conciertos y mucho m\u00e1s....<\/title>\n<meta name=\"robots\" content=\"index, follow, max-snippet:-1, max-image-preview:large, max-video-preview:-1\" \/>\n<link rel=\"canonical\" href=\"https:\/\/www.quebakan.com\/v15\/educacion-online-cierra-la-brecha-entre-la-formacion-academica-y-la-empleabilidad-real\/\" \/>\n<meta property=\"og:locale\" content=\"es_ES\" \/>\n<meta property=\"og:type\" content=\"article\" \/>\n<meta property=\"og:title\" content=\"Educaci\u00f3n online, cierra la brecha entre la formaci\u00f3n acad\u00e9mica y la empleabilidad real &#8211; QUEBAKAN.COM 2026: Noticias, Eventos, Conciertos y mucho m\u00e1s....\" \/>\n<meta property=\"og:description\" content=\"Tasa de empleo adecuado del 52 % en carreras tecnol\u00f3gicas y administrativas, la formaci\u00f3n digital se convierte en un motor clave para el crecimiento laboral en Ecuador. Se estima una proyecci\u00f3n de 124.000 estudiantes inscritos en educaci\u00f3n virtual para 2025. Ecuador, Octubre de 2025 \u2014 La educaci\u00f3n online se ha consolidado como una de las [&hellip;]\" \/>\n<meta property=\"og:url\" content=\"https:\/\/www.quebakan.com\/v15\/educacion-online-cierra-la-brecha-entre-la-formacion-academica-y-la-empleabilidad-real\/\" \/>\n<meta property=\"og:site_name\" content=\"QUEBAKAN.COM 2026: Noticias, Eventos, Conciertos y mucho m\u00e1s....\" \/>\n<meta property=\"article:publisher\" content=\"http:\/\/www.facebook.com\/quebakan\" \/>\n<meta property=\"article:published_time\" content=\"2025-10-16T03:21:38+00:00\" \/>\n<meta property=\"og:image\" content=\"https:\/\/www.quebakan.com\/v15\/wp-content\/uploads\/2025\/10\/educacio\u0301n-online.jpg\" \/>\n\t<meta property=\"og:image:width\" content=\"700\" \/>\n\t<meta property=\"og:image:height\" content=\"466\" \/>\n\t<meta property=\"og:image:type\" content=\"image\/jpeg\" \/>\n<meta name=\"author\" content=\"Erick Villafuerte\" \/>\n<meta name=\"twitter:card\" content=\"summary_large_image\" \/>\n<meta name=\"twitter:creator\" content=\"@quebakanec\" \/>\n<meta name=\"twitter:site\" content=\"@quebakanec\" \/>\n<meta name=\"twitter:label1\" content=\"Escrito por\" \/>\n\t<meta name=\"twitter:data1\" content=\"Erick Villafuerte\" \/>\n\t<meta name=\"twitter:label2\" content=\"Tiempo de lectura\" \/>\n\t<meta name=\"twitter:data2\" content=\"4 minutos\" \/>\n<script type=\"application\/ld+json\" class=\"yoast-schema-graph\">{\"@context\":\"https:\\\/\\\/schema.org\",\"@graph\":[{\"@type\":\"Article\",\"@id\":\"https:\\\/\\\/www.quebakan.com\\\/v15\\\/educacion-online-cierra-la-brecha-entre-la-formacion-academica-y-la-empleabilidad-real\\\/#article\",\"isPartOf\":{\"@id\":\"https:\\\/\\\/www.quebakan.com\\\/v15\\\/educacion-online-cierra-la-brecha-entre-la-formacion-academica-y-la-empleabilidad-real\\\/\"},\"author\":{\"name\":\"Erick Villafuerte\",\"@id\":\"https:\\\/\\\/www.quebakan.com\\\/v15\\\/#\\\/schema\\\/person\\\/d90fa9f9cfa81eb8ace9811e5b7b9118\"},\"headline\":\"Educaci\u00f3n online, cierra la brecha entre la formaci\u00f3n acad\u00e9mica y la empleabilidad real\",\"datePublished\":\"2025-10-16T03:21:38+00:00\",\"mainEntityOfPage\":{\"@id\":\"https:\\\/\\\/www.quebakan.com\\\/v15\\\/educacion-online-cierra-la-brecha-entre-la-formacion-academica-y-la-empleabilidad-real\\\/\"},\"wordCount\":654,\"publisher\":{\"@id\":\"https:\\\/\\\/www.quebakan.com\\\/v15\\\/#organization\"},\"image\":{\"@id\":\"https:\\\/\\\/www.quebakan.com\\\/v15\\\/educacion-online-cierra-la-brecha-entre-la-formacion-academica-y-la-empleabilidad-real\\\/#primaryimage\"},\"thumbnailUrl\":\"https:\\\/\\\/www.quebakan.com\\\/v15\\\/wp-content\\\/uploads\\\/2025\\\/10\\\/educacio\u0301n-online.jpg\",\"articleSection\":[\"Noticias\"],\"inLanguage\":\"es\"},{\"@type\":\"WebPage\",\"@id\":\"https:\\\/\\\/www.quebakan.com\\\/v15\\\/educacion-online-cierra-la-brecha-entre-la-formacion-academica-y-la-empleabilidad-real\\\/\",\"url\":\"https:\\\/\\\/www.quebakan.com\\\/v15\\\/educacion-online-cierra-la-brecha-entre-la-formacion-academica-y-la-empleabilidad-real\\\/\",\"name\":\"Educaci\u00f3n online, cierra la brecha entre la formaci\u00f3n acad\u00e9mica y la empleabilidad real &#8211; QUEBAKAN.COM 2026: Noticias, Eventos, Conciertos y mucho m\u00e1s....\",\"isPartOf\":{\"@id\":\"https:\\\/\\\/www.quebakan.com\\\/v15\\\/#website\"},\"primaryImageOfPage\":{\"@id\":\"https:\\\/\\\/www.quebakan.com\\\/v15\\\/educacion-online-cierra-la-brecha-entre-la-formacion-academica-y-la-empleabilidad-real\\\/#primaryimage\"},\"image\":{\"@id\":\"https:\\\/\\\/www.quebakan.com\\\/v15\\\/educacion-online-cierra-la-brecha-entre-la-formacion-academica-y-la-empleabilidad-real\\\/#primaryimage\"},\"thumbnailUrl\":\"https:\\\/\\\/www.quebakan.com\\\/v15\\\/wp-content\\\/uploads\\\/2025\\\/10\\\/educacio\u0301n-online.jpg\",\"datePublished\":\"2025-10-16T03:21:38+00:00\",\"breadcrumb\":{\"@id\":\"https:\\\/\\\/www.quebakan.com\\\/v15\\\/educacion-online-cierra-la-brecha-entre-la-formacion-academica-y-la-empleabilidad-real\\\/#breadcrumb\"},\"inLanguage\":\"es\",\"potentialAction\":[{\"@type\":\"ReadAction\",\"target\":[\"https:\\\/\\\/www.quebakan.com\\\/v15\\\/educacion-online-cierra-la-brecha-entre-la-formacion-academica-y-la-empleabilidad-real\\\/\"]}]},{\"@type\":\"ImageObject\",\"inLanguage\":\"es\",\"@id\":\"https:\\\/\\\/www.quebakan.com\\\/v15\\\/educacion-online-cierra-la-brecha-entre-la-formacion-academica-y-la-empleabilidad-real\\\/#primaryimage\",\"url\":\"https:\\\/\\\/www.quebakan.com\\\/v15\\\/wp-content\\\/uploads\\\/2025\\\/10\\\/educacio\u0301n-online.jpg\",\"contentUrl\":\"https:\\\/\\\/www.quebakan.com\\\/v15\\\/wp-content\\\/uploads\\\/2025\\\/10\\\/educacio\u0301n-online.jpg\",\"width\":700,\"height\":466},{\"@type\":\"BreadcrumbList\",\"@id\":\"https:\\\/\\\/www.quebakan.com\\\/v15\\\/educacion-online-cierra-la-brecha-entre-la-formacion-academica-y-la-empleabilidad-real\\\/#breadcrumb\",\"itemListElement\":[{\"@type\":\"ListItem\",\"position\":1,\"name\":\"Portada\",\"item\":\"https:\\\/\\\/www.quebakan.com\\\/v15\\\/\"},{\"@type\":\"ListItem\",\"position\":2,\"name\":\"Educaci\u00f3n online, cierra la brecha entre la formaci\u00f3n acad\u00e9mica y la empleabilidad real\"}]},{\"@type\":\"WebSite\",\"@id\":\"https:\\\/\\\/www.quebakan.com\\\/v15\\\/#website\",\"url\":\"https:\\\/\\\/www.quebakan.com\\\/v15\\\/\",\"name\":\"QUEBAKAN\",\"description\":\"..\",\"publisher\":{\"@id\":\"https:\\\/\\\/www.quebakan.com\\\/v15\\\/#organization\"},\"potentialAction\":[{\"@type\":\"SearchAction\",\"target\":{\"@type\":\"EntryPoint\",\"urlTemplate\":\"https:\\\/\\\/www.quebakan.com\\\/v15\\\/?s={search_term_string}\"},\"query-input\":{\"@type\":\"PropertyValueSpecification\",\"valueRequired\":true,\"valueName\":\"search_term_string\"}}],\"inLanguage\":\"es\"},{\"@type\":\"Organization\",\"@id\":\"https:\\\/\\\/www.quebakan.com\\\/v15\\\/#organization\",\"name\":\"Quebakan.com\",\"url\":\"https:\\\/\\\/www.quebakan.com\\\/v15\\\/\",\"logo\":{\"@type\":\"ImageObject\",\"inLanguage\":\"es\",\"@id\":\"https:\\\/\\\/www.quebakan.com\\\/v15\\\/#\\\/schema\\\/logo\\\/image\\\/\",\"url\":\"https:\\\/\\\/www.quebakan.com\\\/v15\\\/wp-content\\\/uploads\\\/2023\\\/07\\\/logoquebakanenero2021.jpg\",\"contentUrl\":\"https:\\\/\\\/www.quebakan.com\\\/v15\\\/wp-content\\\/uploads\\\/2023\\\/07\\\/logoquebakanenero2021.jpg\",\"width\":1920,\"height\":1080,\"caption\":\"Quebakan.com\"},\"image\":{\"@id\":\"https:\\\/\\\/www.quebakan.com\\\/v15\\\/#\\\/schema\\\/logo\\\/image\\\/\"},\"sameAs\":[\"http:\\\/\\\/www.facebook.com\\\/quebakan\",\"https:\\\/\\\/x.com\\\/quebakanec\",\"http:\\\/\\\/www.instagram.com\\\/quebakan\",\"http:\\\/\\\/www.youtube.com\\\/quebakan1\"]},{\"@type\":\"Person\",\"@id\":\"https:\\\/\\\/www.quebakan.com\\\/v15\\\/#\\\/schema\\\/person\\\/d90fa9f9cfa81eb8ace9811e5b7b9118\",\"name\":\"Erick Villafuerte\",\"image\":{\"@type\":\"ImageObject\",\"inLanguage\":\"es\",\"@id\":\"https:\\\/\\\/www.quebakan.com\\\/v15\\\/wp-content\\\/uploads\\\/avatars\\\/4\\\/1731297654-bpfull.png\",\"url\":\"https:\\\/\\\/www.quebakan.com\\\/v15\\\/wp-content\\\/uploads\\\/avatars\\\/4\\\/1731297654-bpfull.png\",\"contentUrl\":\"https:\\\/\\\/www.quebakan.com\\\/v15\\\/wp-content\\\/uploads\\\/avatars\\\/4\\\/1731297654-bpfull.png\",\"caption\":\"Erick Villafuerte\"}}]}<\/script>\n<!-- \/ Yoast SEO plugin. -->","yoast_head_json":{"title":"Educaci\u00f3n online, cierra la brecha entre la formaci\u00f3n acad\u00e9mica y la empleabilidad real &#8211; QUEBAKAN.COM 2026: Noticias, Eventos, Conciertos y mucho m\u00e1s....","robots":{"index":"index","follow":"follow","max-snippet":"max-snippet:-1","max-image-preview":"max-image-preview:large","max-video-preview":"max-video-preview:-1"},"canonical":"https:\/\/www.quebakan.com\/v15\/educacion-online-cierra-la-brecha-entre-la-formacion-academica-y-la-empleabilidad-real\/","og_locale":"es_ES","og_type":"article","og_title":"Educaci\u00f3n online, cierra la brecha entre la formaci\u00f3n acad\u00e9mica y la empleabilidad real &#8211; QUEBAKAN.COM 2026: Noticias, Eventos, Conciertos y mucho m\u00e1s....","og_description":"Tasa de empleo adecuado del 52 % en carreras tecnol\u00f3gicas y administrativas, la formaci\u00f3n digital se convierte en un motor clave para el crecimiento laboral en Ecuador. Se estima una proyecci\u00f3n de 124.000 estudiantes inscritos en educaci\u00f3n virtual para 2025. Ecuador, Octubre de 2025 \u2014 La educaci\u00f3n online se ha consolidado como una de las [&hellip;]","og_url":"https:\/\/www.quebakan.com\/v15\/educacion-online-cierra-la-brecha-entre-la-formacion-academica-y-la-empleabilidad-real\/","og_site_name":"QUEBAKAN.COM 2026: Noticias, Eventos, Conciertos y mucho m\u00e1s....","article_publisher":"http:\/\/www.facebook.com\/quebakan","article_published_time":"2025-10-16T03:21:38+00:00","og_image":[{"width":700,"height":466,"url":"https:\/\/www.quebakan.com\/v15\/wp-content\/uploads\/2025\/10\/educacio\u0301n-online.jpg","type":"image\/jpeg"}],"author":"Erick Villafuerte","twitter_card":"summary_large_image","twitter_creator":"@quebakanec","twitter_site":"@quebakanec","twitter_misc":{"Escrito por":"Erick Villafuerte","Tiempo de lectura":"4 minutos"},"schema":{"@context":"https:\/\/schema.org","@graph":[{"@type":"Article","@id":"https:\/\/www.quebakan.com\/v15\/educacion-online-cierra-la-brecha-entre-la-formacion-academica-y-la-empleabilidad-real\/#article","isPartOf":{"@id":"https:\/\/www.quebakan.com\/v15\/educacion-online-cierra-la-brecha-entre-la-formacion-academica-y-la-empleabilidad-real\/"},"author":{"name":"Erick Villafuerte","@id":"https:\/\/www.quebakan.com\/v15\/#\/schema\/person\/d90fa9f9cfa81eb8ace9811e5b7b9118"},"headline":"Educaci\u00f3n online, cierra la brecha entre la formaci\u00f3n acad\u00e9mica y la empleabilidad real","datePublished":"2025-10-16T03:21:38+00:00","mainEntityOfPage":{"@id":"https:\/\/www.quebakan.com\/v15\/educacion-online-cierra-la-brecha-entre-la-formacion-academica-y-la-empleabilidad-real\/"},"wordCount":654,"publisher":{"@id":"https:\/\/www.quebakan.com\/v15\/#organization"},"image":{"@id":"https:\/\/www.quebakan.com\/v15\/educacion-online-cierra-la-brecha-entre-la-formacion-academica-y-la-empleabilidad-real\/#primaryimage"},"thumbnailUrl":"https:\/\/www.quebakan.com\/v15\/wp-content\/uploads\/2025\/10\/educacio\u0301n-online.jpg","articleSection":["Noticias"],"inLanguage":"es"},{"@type":"WebPage","@id":"https:\/\/www.quebakan.com\/v15\/educacion-online-cierra-la-brecha-entre-la-formacion-academica-y-la-empleabilidad-real\/","url":"https:\/\/www.quebakan.com\/v15\/educacion-online-cierra-la-brecha-entre-la-formacion-academica-y-la-empleabilidad-real\/","name":"Educaci\u00f3n online, cierra la brecha entre la formaci\u00f3n acad\u00e9mica y la empleabilidad real &#8211; QUEBAKAN.COM 2026: Noticias, Eventos, Conciertos y mucho m\u00e1s....","isPartOf":{"@id":"https:\/\/www.quebakan.com\/v15\/#website"},"primaryImageOfPage":{"@id":"https:\/\/www.quebakan.com\/v15\/educacion-online-cierra-la-brecha-entre-la-formacion-academica-y-la-empleabilidad-real\/#primaryimage"},"image":{"@id":"https:\/\/www.quebakan.com\/v15\/educacion-online-cierra-la-brecha-entre-la-formacion-academica-y-la-empleabilidad-real\/#primaryimage"},"thumbnailUrl":"https:\/\/www.quebakan.com\/v15\/wp-content\/uploads\/2025\/10\/educacio\u0301n-online.jpg","datePublished":"2025-10-16T03:21:38+00:00","breadcrumb":{"@id":"https:\/\/www.quebakan.com\/v15\/educacion-online-cierra-la-brecha-entre-la-formacion-academica-y-la-empleabilidad-real\/#breadcrumb"},"inLanguage":"es","potentialAction":[{"@type":"ReadAction","target":["https:\/\/www.quebakan.com\/v15\/educacion-online-cierra-la-brecha-entre-la-formacion-academica-y-la-empleabilidad-real\/"]}]},{"@type":"ImageObject","inLanguage":"es","@id":"https:\/\/www.quebakan.com\/v15\/educacion-online-cierra-la-brecha-entre-la-formacion-academica-y-la-empleabilidad-real\/#primaryimage","url":"https:\/\/www.quebakan.com\/v15\/wp-content\/uploads\/2025\/10\/educacio\u0301n-online.jpg","contentUrl":"https:\/\/www.quebakan.com\/v15\/wp-content\/uploads\/2025\/10\/educacio\u0301n-online.jpg","width":700,"height":466},{"@type":"BreadcrumbList","@id":"https:\/\/www.quebakan.com\/v15\/educacion-online-cierra-la-brecha-entre-la-formacion-academica-y-la-empleabilidad-real\/#breadcrumb","itemListElement":[{"@type":"ListItem","position":1,"name":"Portada","item":"https:\/\/www.quebakan.com\/v15\/"},{"@type":"ListItem","position":2,"name":"Educaci\u00f3n online, cierra la brecha entre la formaci\u00f3n acad\u00e9mica y la empleabilidad real"}]},{"@type":"WebSite","@id":"https:\/\/www.quebakan.com\/v15\/#website","url":"https:\/\/www.quebakan.com\/v15\/","name":"QUEBAKAN","description":"..","publisher":{"@id":"https:\/\/www.quebakan.com\/v15\/#organization"},"potentialAction":[{"@type":"SearchAction","target":{"@type":"EntryPoint","urlTemplate":"https:\/\/www.quebakan.com\/v15\/?s={search_term_string}"},"query-input":{"@type":"PropertyValueSpecification","valueRequired":true,"valueName":"search_term_string"}}],"inLanguage":"es"},{"@type":"Organization","@id":"https:\/\/www.quebakan.com\/v15\/#organization","name":"Quebakan.com","url":"https:\/\/www.quebakan.com\/v15\/","logo":{"@type":"ImageObject","inLanguage":"es","@id":"https:\/\/www.quebakan.com\/v15\/#\/schema\/logo\/image\/","url":"https:\/\/www.quebakan.com\/v15\/wp-content\/uploads\/2023\/07\/logoquebakanenero2021.jpg","contentUrl":"https:\/\/www.quebakan.com\/v15\/wp-content\/uploads\/2023\/07\/logoquebakanenero2021.jpg","width":1920,"height":1080,"caption":"Quebakan.com"},"image":{"@id":"https:\/\/www.quebakan.com\/v15\/#\/schema\/logo\/image\/"},"sameAs":["http:\/\/www.facebook.com\/quebakan","https:\/\/x.com\/quebakanec","http:\/\/www.instagram.com\/quebakan","http:\/\/www.youtube.com\/quebakan1"]},{"@type":"Person","@id":"https:\/\/www.quebakan.com\/v15\/#\/schema\/person\/d90fa9f9cfa81eb8ace9811e5b7b9118","name":"Erick Villafuerte","image":{"@type":"ImageObject","inLanguage":"es","@id":"https:\/\/www.quebakan.com\/v15\/wp-content\/uploads\/avatars\/4\/1731297654-bpfull.png","url":"https:\/\/www.quebakan.com\/v15\/wp-content\/uploads\/avatars\/4\/1731297654-bpfull.png","contentUrl":"https:\/\/www.quebakan.com\/v15\/wp-content\/uploads\/avatars\/4\/1731297654-bpfull.png","caption":"Erick Villafuerte"}}]}},"_links":{"self":[{"href":"https:\/\/www.quebakan.com\/v15\/wp-json\/wp\/v2\/posts\/136315","targetHints":{"allow":["GET"]}}],"collection":[{"href":"https:\/\/www.quebakan.com\/v15\/wp-json\/wp\/v2\/posts"}],"about":[{"href":"https:\/\/www.quebakan.com\/v15\/wp-json\/wp\/v2\/types\/post"}],"author":[{"embeddable":true,"href":"https:\/\/www.quebakan.com\/v15\/wp-json\/wp\/v2\/users\/4"}],"replies":[{"embeddable":true,"href":"https:\/\/www.quebakan.com\/v15\/wp-json\/wp\/v2\/comments?post=136315"}],"version-history":[{"count":1,"href":"https:\/\/www.quebakan.com\/v15\/wp-json\/wp\/v2\/posts\/136315\/revisions"}],"predecessor-version":[{"id":136317,"href":"https:\/\/www.quebakan.com\/v15\/wp-json\/wp\/v2\/posts\/136315\/revisions\/136317"}],"wp:featuredmedia":[{"embeddable":true,"href":"https:\/\/www.quebakan.com\/v15\/wp-json\/wp\/v2\/media\/136316"}],"wp:attachment":[{"href":"https:\/\/www.quebakan.com\/v15\/wp-json\/wp\/v2\/media?parent=136315"}],"wp:term":[{"taxonomy":"category","embeddable":true,"href":"https:\/\/www.quebakan.com\/v15\/wp-json\/wp\/v2\/categories?post=136315"},{"taxonomy":"post_tag","embeddable":true,"href":"https:\/\/www.quebakan.com\/v15\/wp-json\/wp\/v2\/tags?post=136315"}],"curies":[{"name":"wp","href":"https:\/\/api.w.org\/{rel}","templated":true}]}}