{"id":136318,"date":"2025-10-15T22:48:26","date_gmt":"2025-10-16T03:48:26","guid":{"rendered":"https:\/\/www.quebakan.com\/v15\/?p=136318"},"modified":"2025-10-15T22:48:26","modified_gmt":"2025-10-16T03:48:26","slug":"naiza-lleva-la-bandera-del-ecuador-a-lo-mas-alto-en-madrid-la-artista","status":"publish","type":"post","link":"https:\/\/www.quebakan.com\/v15\/naiza-lleva-la-bandera-del-ecuador-a-lo-mas-alto-en-madrid-la-artista\/","title":{"rendered":"Na\u00edza lleva la bandera del Ecuador a lo m\u00e1s alto en Madrid La artista"},"content":{"rendered":"<p><img fetchpriority=\"high\" decoding=\"async\" class=\"aligncenter size-full wp-image-136319\" src=\"https:\/\/www.quebakan.com\/v15\/wp-content\/uploads\/2025\/10\/unnamed-1.jpg\" alt=\"\" width=\"528\" height=\"700\" \/><\/p>\n<p style=\"text-align: justify;\"><span style=\"color: #000000;\">La artista ecuatoriana brill\u00f3 en la Hispanidad 2025 y en LOS40 Hispanidad Pop, consolid\u00e1ndose como una de las voces femeninas m\u00e1s destacadas del nuevo pop latino.<\/span><\/p>\n<p style=\"text-align: justify;\"><span style=\"color: #000000;\">La artista ecuatoriana Naiza vivi\u00f3 un momento hist\u00f3rico en su carrera al representar al Ecuador en el coraz\u00f3n de Madrid durante las celebraciones de la Hispanidad 2025, ofreciendo un show propio en la emblem\u00e1tica Puerta del Sol y participando en el prestigioso evento LOS40 Hispanidad Pop, organizado por LOS40 Espa\u00f1a. Con su energ\u00eda, carisma y una voz que combina fuerza y dulzura, Naiza conquist\u00f3 al p\u00fablico madrile\u00f1o con una presentaci\u00f3n vibrante, fresca y llena de identidad latinoamericana, que la consolid\u00f3 como una de las artistas m\u00e1s prometedoras de la nueva generaci\u00f3n musical ecuatoriana.<\/span><\/p>\n<p style=\"text-align: justify;\"><strong><span style=\"color: #000000;\">Un orgullo ecuatoriano en el escenario de la Hispanidad<\/span><\/strong><br \/>\n<span style=\"color: #000000;\">Naiza fue invitada especial de la Hispanidad 2025, donde se present\u00f3 en solitario el 12 de octubre en la Puerta del Sol, uno de los escenarios m\u00e1s simb\u00f3licos de Espa\u00f1a. Su espect\u00e1culo inici\u00f3 a las 18h00 y se extendi\u00f3 durante 40 minutos, ofreciendo un repertorio de temas que reflejan su estilo pop con fusiones tropicales y su sello art\u00edstico caracter\u00edstico. \u201cCantar en la Hispanidad aqu\u00ed en Madrid fue una experiencia que nunca voy a olvidar. Qu\u00e9 orgullo representar a Ecuador en estos escenarios\u201d, expres\u00f3 la artista, emocionada tras recibir una ovaci\u00f3n del p\u00fablico.<\/span><\/p>\n<p style=\"text-align: justify;\"><span style=\"color: #000000;\">Previo a su presentaci\u00f3n, Naiza fue homenajeada por la Embajada del Ecuador en Espa\u00f1a, que le otorg\u00f3 un reconocimiento oficial por su trayectoria y por llevar con orgullo la bandera del pa\u00eds en escenarios internacionales. \u201cRecibir este reconocimiento fuera de mi pa\u00eds es un gran honor. Llevar la bandera del Ecuador en mi m\u00fasica y representar a Guayaquil siempre ser\u00e1 uno de mis mayores orgullos\u201d, comparti\u00f3 en sus redes sociales.<\/span><\/p>\n<p style=\"text-align: justify;\"><strong><span style=\"color: #000000;\">Na\u00edza deslumbra tambi\u00e9n en LOS40 Hispanidad Pop<\/span><\/strong><br \/>\n<span style=\"color: #000000;\">Despu\u00e9s de su show oficial en la programaci\u00f3n de la Hispanidad, Naiza volvi\u00f3 a brillar en el mismo escenario, esta vez como invitada de honor <\/span><span style=\"color: #000000;\">NAIZA <\/span><span style=\"color: #000000;\">del evento LOS40 Hispanidad Pop, conducido por Tony Aguilar, una de las figuras m\u00e1s influyentes de la radio musical en Espa\u00f1a.<\/span><\/p>\n<p style=\"text-align: justify;\"><span style=\"color: #000000;\">El espect\u00e1culo, que marc\u00f3 el cierre de las celebraciones, fue descrito por LOS40 como una jornada que reafirm\u00f3 el poder de la m\u00fasica como lenguaje com\u00fan entre culturas. En su cobertura oficial, el medio destac\u00f3:<\/span><\/p>\n<p style=\"text-align: justify;\"><span style=\"color: #000000;\">\u201cLa Puerta del Sol se convirti\u00f3 el pasado 12 de octubre en el epicentro del pop en espa\u00f1ol con LOS40 Hispanidad Pop. Naiza, artista ecuatoriana, puso el acento latinoamericano con una propuesta que fusiona pop y ritmos tropicales. La diversidad de estilos y or\u00edgenes fue uno de los puntos fuertes del evento, en consonancia con el lema de esta edici\u00f3n: En Madrid caben todos los acentos.\u201d Durante esta participaci\u00f3n, Naiza interpret\u00f3 tres de sus canciones m\u00e1s reconocidas, representando nuevamente al Ecuador ante miles de espectadores y compartiendo cartel con artistas que encarnan la nueva ola del pop iberoamericano.<\/span><\/p>\n<p style=\"text-align: justify;\"><strong><span style=\"color: #000000;\">Una carrera que trasciende fronteras<\/span><\/strong><br \/>\n<span style=\"color: #000000;\">La participaci\u00f3n de Naiza en la Hispanidad 2025 y LOS40 Hispanidad Pop marca un nuevo hito en su carrera internacional. Este a\u00f1o, la artista ha fortalecido su presencia global con el lanzamiento de su sencillo \u201cNTP x M\u00ed\u201d, adem\u00e1s de una gira medi\u00e1tica por Estados Unidos que incluy\u00f3 apariciones en Despierta Am\u00e9rica, Televisa Espect\u00e1culos y Telemundo. Con una propuesta moderna que combina pop latino, fusi\u00f3n urbana y esencia ecuatoriana, Na\u00edza se consolida como una embajadora musical del pa\u00eds, representando a una nueva generaci\u00f3n de mujeres que sue\u00f1an, crean y conquistan escenarios internacionales.<\/span><\/p>\n","protected":false},"excerpt":{"rendered":"<p>La artista ecuatoriana brill\u00f3 en la Hispanidad 2025 y en LOS40 Hispanidad Pop, consolid\u00e1ndose como una de las voces femeninas m\u00e1s destacadas del nuevo pop latino. La artista ecuatoriana Naiza vivi\u00f3 un momento hist\u00f3rico en su carrera al representar al Ecuador en el coraz\u00f3n de Madrid durante las celebraciones de la Hispanidad 2025, ofreciendo un [&hellip;]<\/p>\n","protected":false},"author":4,"featured_media":136319,"comment_status":"closed","ping_status":"closed","sticky":false,"template":"","format":"standard","meta":{"_bbp_topic_count":0,"_bbp_reply_count":0,"_bbp_total_topic_count":0,"_bbp_total_reply_count":0,"_bbp_voice_count":0,"_bbp_anonymous_reply_count":0,"_bbp_topic_count_hidden":0,"_bbp_reply_count_hidden":0,"_bbp_forum_subforum_count":0,"buzzeditor_post_format":"","footnotes":""},"categories":[2],"tags":[],"class_list":["post-136318","post","type-post","status-publish","format-standard","has-post-thumbnail","hentry","category-noticias"],"yoast_head":"<!-- This site is optimized with the Yoast SEO plugin v27.5 - https:\/\/yoast.com\/product\/yoast-seo-wordpress\/ -->\n<title>Na\u00edza lleva la bandera del Ecuador a lo m\u00e1s alto en Madrid La artista &#8211; QUEBAKAN.COM 2026: Noticias, Eventos, Conciertos y mucho m\u00e1s....<\/title>\n<meta name=\"robots\" content=\"index, follow, max-snippet:-1, max-image-preview:large, max-video-preview:-1\" \/>\n<link rel=\"canonical\" href=\"https:\/\/www.quebakan.com\/v15\/naiza-lleva-la-bandera-del-ecuador-a-lo-mas-alto-en-madrid-la-artista\/\" \/>\n<meta property=\"og:locale\" content=\"es_ES\" \/>\n<meta property=\"og:type\" content=\"article\" \/>\n<meta property=\"og:title\" content=\"Na\u00edza lleva la bandera del Ecuador a lo m\u00e1s alto en Madrid La artista &#8211; QUEBAKAN.COM 2026: Noticias, Eventos, Conciertos y mucho m\u00e1s....\" \/>\n<meta property=\"og:description\" content=\"La artista ecuatoriana brill\u00f3 en la Hispanidad 2025 y en LOS40 Hispanidad Pop, consolid\u00e1ndose como una de las voces femeninas m\u00e1s destacadas del nuevo pop latino. La artista ecuatoriana Naiza vivi\u00f3 un momento hist\u00f3rico en su carrera al representar al Ecuador en el coraz\u00f3n de Madrid durante las celebraciones de la Hispanidad 2025, ofreciendo un [&hellip;]\" \/>\n<meta property=\"og:url\" content=\"https:\/\/www.quebakan.com\/v15\/naiza-lleva-la-bandera-del-ecuador-a-lo-mas-alto-en-madrid-la-artista\/\" \/>\n<meta property=\"og:site_name\" content=\"QUEBAKAN.COM 2026: Noticias, Eventos, Conciertos y mucho m\u00e1s....\" \/>\n<meta property=\"article:publisher\" content=\"http:\/\/www.facebook.com\/quebakan\" \/>\n<meta property=\"article:published_time\" content=\"2025-10-16T03:48:26+00:00\" \/>\n<meta property=\"og:image\" content=\"https:\/\/www.quebakan.com\/v15\/wp-content\/uploads\/2025\/10\/unnamed-1.jpg\" \/>\n\t<meta property=\"og:image:width\" content=\"528\" \/>\n\t<meta property=\"og:image:height\" content=\"700\" \/>\n\t<meta property=\"og:image:type\" content=\"image\/jpeg\" \/>\n<meta name=\"author\" content=\"Erick Villafuerte\" \/>\n<meta name=\"twitter:card\" content=\"summary_large_image\" \/>\n<meta name=\"twitter:creator\" content=\"@quebakanec\" \/>\n<meta name=\"twitter:site\" content=\"@quebakanec\" \/>\n<meta name=\"twitter:label1\" content=\"Escrito por\" \/>\n\t<meta name=\"twitter:data1\" content=\"Erick Villafuerte\" \/>\n\t<meta name=\"twitter:label2\" content=\"Tiempo de lectura\" \/>\n\t<meta name=\"twitter:data2\" content=\"3 minutos\" \/>\n<script type=\"application\/ld+json\" class=\"yoast-schema-graph\">{\"@context\":\"https:\\\/\\\/schema.org\",\"@graph\":[{\"@type\":\"Article\",\"@id\":\"https:\\\/\\\/www.quebakan.com\\\/v15\\\/naiza-lleva-la-bandera-del-ecuador-a-lo-mas-alto-en-madrid-la-artista\\\/#article\",\"isPartOf\":{\"@id\":\"https:\\\/\\\/www.quebakan.com\\\/v15\\\/naiza-lleva-la-bandera-del-ecuador-a-lo-mas-alto-en-madrid-la-artista\\\/\"},\"author\":{\"name\":\"Erick Villafuerte\",\"@id\":\"https:\\\/\\\/www.quebakan.com\\\/v15\\\/#\\\/schema\\\/person\\\/d90fa9f9cfa81eb8ace9811e5b7b9118\"},\"headline\":\"Na\u00edza lleva la bandera del Ecuador a lo m\u00e1s alto en Madrid La artista\",\"datePublished\":\"2025-10-16T03:48:26+00:00\",\"mainEntityOfPage\":{\"@id\":\"https:\\\/\\\/www.quebakan.com\\\/v15\\\/naiza-lleva-la-bandera-del-ecuador-a-lo-mas-alto-en-madrid-la-artista\\\/\"},\"wordCount\":634,\"publisher\":{\"@id\":\"https:\\\/\\\/www.quebakan.com\\\/v15\\\/#organization\"},\"image\":{\"@id\":\"https:\\\/\\\/www.quebakan.com\\\/v15\\\/naiza-lleva-la-bandera-del-ecuador-a-lo-mas-alto-en-madrid-la-artista\\\/#primaryimage\"},\"thumbnailUrl\":\"https:\\\/\\\/www.quebakan.com\\\/v15\\\/wp-content\\\/uploads\\\/2025\\\/10\\\/unnamed-1.jpg\",\"articleSection\":[\"Noticias\"],\"inLanguage\":\"es\"},{\"@type\":\"WebPage\",\"@id\":\"https:\\\/\\\/www.quebakan.com\\\/v15\\\/naiza-lleva-la-bandera-del-ecuador-a-lo-mas-alto-en-madrid-la-artista\\\/\",\"url\":\"https:\\\/\\\/www.quebakan.com\\\/v15\\\/naiza-lleva-la-bandera-del-ecuador-a-lo-mas-alto-en-madrid-la-artista\\\/\",\"name\":\"Na\u00edza lleva la bandera del Ecuador a lo m\u00e1s alto en Madrid La artista &#8211; QUEBAKAN.COM 2026: Noticias, Eventos, Conciertos y mucho m\u00e1s....\",\"isPartOf\":{\"@id\":\"https:\\\/\\\/www.quebakan.com\\\/v15\\\/#website\"},\"primaryImageOfPage\":{\"@id\":\"https:\\\/\\\/www.quebakan.com\\\/v15\\\/naiza-lleva-la-bandera-del-ecuador-a-lo-mas-alto-en-madrid-la-artista\\\/#primaryimage\"},\"image\":{\"@id\":\"https:\\\/\\\/www.quebakan.com\\\/v15\\\/naiza-lleva-la-bandera-del-ecuador-a-lo-mas-alto-en-madrid-la-artista\\\/#primaryimage\"},\"thumbnailUrl\":\"https:\\\/\\\/www.quebakan.com\\\/v15\\\/wp-content\\\/uploads\\\/2025\\\/10\\\/unnamed-1.jpg\",\"datePublished\":\"2025-10-16T03:48:26+00:00\",\"breadcrumb\":{\"@id\":\"https:\\\/\\\/www.quebakan.com\\\/v15\\\/naiza-lleva-la-bandera-del-ecuador-a-lo-mas-alto-en-madrid-la-artista\\\/#breadcrumb\"},\"inLanguage\":\"es\",\"potentialAction\":[{\"@type\":\"ReadAction\",\"target\":[\"https:\\\/\\\/www.quebakan.com\\\/v15\\\/naiza-lleva-la-bandera-del-ecuador-a-lo-mas-alto-en-madrid-la-artista\\\/\"]}]},{\"@type\":\"ImageObject\",\"inLanguage\":\"es\",\"@id\":\"https:\\\/\\\/www.quebakan.com\\\/v15\\\/naiza-lleva-la-bandera-del-ecuador-a-lo-mas-alto-en-madrid-la-artista\\\/#primaryimage\",\"url\":\"https:\\\/\\\/www.quebakan.com\\\/v15\\\/wp-content\\\/uploads\\\/2025\\\/10\\\/unnamed-1.jpg\",\"contentUrl\":\"https:\\\/\\\/www.quebakan.com\\\/v15\\\/wp-content\\\/uploads\\\/2025\\\/10\\\/unnamed-1.jpg\",\"width\":528,\"height\":700},{\"@type\":\"BreadcrumbList\",\"@id\":\"https:\\\/\\\/www.quebakan.com\\\/v15\\\/naiza-lleva-la-bandera-del-ecuador-a-lo-mas-alto-en-madrid-la-artista\\\/#breadcrumb\",\"itemListElement\":[{\"@type\":\"ListItem\",\"position\":1,\"name\":\"Portada\",\"item\":\"https:\\\/\\\/www.quebakan.com\\\/v15\\\/\"},{\"@type\":\"ListItem\",\"position\":2,\"name\":\"Na\u00edza lleva la bandera del Ecuador a lo m\u00e1s alto en Madrid La artista\"}]},{\"@type\":\"WebSite\",\"@id\":\"https:\\\/\\\/www.quebakan.com\\\/v15\\\/#website\",\"url\":\"https:\\\/\\\/www.quebakan.com\\\/v15\\\/\",\"name\":\"QUEBAKAN\",\"description\":\"..\",\"publisher\":{\"@id\":\"https:\\\/\\\/www.quebakan.com\\\/v15\\\/#organization\"},\"potentialAction\":[{\"@type\":\"SearchAction\",\"target\":{\"@type\":\"EntryPoint\",\"urlTemplate\":\"https:\\\/\\\/www.quebakan.com\\\/v15\\\/?s={search_term_string}\"},\"query-input\":{\"@type\":\"PropertyValueSpecification\",\"valueRequired\":true,\"valueName\":\"search_term_string\"}}],\"inLanguage\":\"es\"},{\"@type\":\"Organization\",\"@id\":\"https:\\\/\\\/www.quebakan.com\\\/v15\\\/#organization\",\"name\":\"Quebakan.com\",\"url\":\"https:\\\/\\\/www.quebakan.com\\\/v15\\\/\",\"logo\":{\"@type\":\"ImageObject\",\"inLanguage\":\"es\",\"@id\":\"https:\\\/\\\/www.quebakan.com\\\/v15\\\/#\\\/schema\\\/logo\\\/image\\\/\",\"url\":\"https:\\\/\\\/www.quebakan.com\\\/v15\\\/wp-content\\\/uploads\\\/2023\\\/07\\\/logoquebakanenero2021.jpg\",\"contentUrl\":\"https:\\\/\\\/www.quebakan.com\\\/v15\\\/wp-content\\\/uploads\\\/2023\\\/07\\\/logoquebakanenero2021.jpg\",\"width\":1920,\"height\":1080,\"caption\":\"Quebakan.com\"},\"image\":{\"@id\":\"https:\\\/\\\/www.quebakan.com\\\/v15\\\/#\\\/schema\\\/logo\\\/image\\\/\"},\"sameAs\":[\"http:\\\/\\\/www.facebook.com\\\/quebakan\",\"https:\\\/\\\/x.com\\\/quebakanec\",\"http:\\\/\\\/www.instagram.com\\\/quebakan\",\"http:\\\/\\\/www.youtube.com\\\/quebakan1\"]},{\"@type\":\"Person\",\"@id\":\"https:\\\/\\\/www.quebakan.com\\\/v15\\\/#\\\/schema\\\/person\\\/d90fa9f9cfa81eb8ace9811e5b7b9118\",\"name\":\"Erick Villafuerte\",\"image\":{\"@type\":\"ImageObject\",\"inLanguage\":\"es\",\"@id\":\"https:\\\/\\\/www.quebakan.com\\\/v15\\\/wp-content\\\/uploads\\\/avatars\\\/4\\\/1731297654-bpfull.png\",\"url\":\"https:\\\/\\\/www.quebakan.com\\\/v15\\\/wp-content\\\/uploads\\\/avatars\\\/4\\\/1731297654-bpfull.png\",\"contentUrl\":\"https:\\\/\\\/www.quebakan.com\\\/v15\\\/wp-content\\\/uploads\\\/avatars\\\/4\\\/1731297654-bpfull.png\",\"caption\":\"Erick Villafuerte\"}}]}<\/script>\n<!-- \/ Yoast SEO plugin. -->","yoast_head_json":{"title":"Na\u00edza lleva la bandera del Ecuador a lo m\u00e1s alto en Madrid La artista &#8211; QUEBAKAN.COM 2026: Noticias, Eventos, Conciertos y mucho m\u00e1s....","robots":{"index":"index","follow":"follow","max-snippet":"max-snippet:-1","max-image-preview":"max-image-preview:large","max-video-preview":"max-video-preview:-1"},"canonical":"https:\/\/www.quebakan.com\/v15\/naiza-lleva-la-bandera-del-ecuador-a-lo-mas-alto-en-madrid-la-artista\/","og_locale":"es_ES","og_type":"article","og_title":"Na\u00edza lleva la bandera del Ecuador a lo m\u00e1s alto en Madrid La artista &#8211; QUEBAKAN.COM 2026: Noticias, Eventos, Conciertos y mucho m\u00e1s....","og_description":"La artista ecuatoriana brill\u00f3 en la Hispanidad 2025 y en LOS40 Hispanidad Pop, consolid\u00e1ndose como una de las voces femeninas m\u00e1s destacadas del nuevo pop latino. La artista ecuatoriana Naiza vivi\u00f3 un momento hist\u00f3rico en su carrera al representar al Ecuador en el coraz\u00f3n de Madrid durante las celebraciones de la Hispanidad 2025, ofreciendo un [&hellip;]","og_url":"https:\/\/www.quebakan.com\/v15\/naiza-lleva-la-bandera-del-ecuador-a-lo-mas-alto-en-madrid-la-artista\/","og_site_name":"QUEBAKAN.COM 2026: Noticias, Eventos, Conciertos y mucho m\u00e1s....","article_publisher":"http:\/\/www.facebook.com\/quebakan","article_published_time":"2025-10-16T03:48:26+00:00","og_image":[{"width":528,"height":700,"url":"https:\/\/www.quebakan.com\/v15\/wp-content\/uploads\/2025\/10\/unnamed-1.jpg","type":"image\/jpeg"}],"author":"Erick Villafuerte","twitter_card":"summary_large_image","twitter_creator":"@quebakanec","twitter_site":"@quebakanec","twitter_misc":{"Escrito por":"Erick Villafuerte","Tiempo de lectura":"3 minutos"},"schema":{"@context":"https:\/\/schema.org","@graph":[{"@type":"Article","@id":"https:\/\/www.quebakan.com\/v15\/naiza-lleva-la-bandera-del-ecuador-a-lo-mas-alto-en-madrid-la-artista\/#article","isPartOf":{"@id":"https:\/\/www.quebakan.com\/v15\/naiza-lleva-la-bandera-del-ecuador-a-lo-mas-alto-en-madrid-la-artista\/"},"author":{"name":"Erick Villafuerte","@id":"https:\/\/www.quebakan.com\/v15\/#\/schema\/person\/d90fa9f9cfa81eb8ace9811e5b7b9118"},"headline":"Na\u00edza lleva la bandera del Ecuador a lo m\u00e1s alto en Madrid La artista","datePublished":"2025-10-16T03:48:26+00:00","mainEntityOfPage":{"@id":"https:\/\/www.quebakan.com\/v15\/naiza-lleva-la-bandera-del-ecuador-a-lo-mas-alto-en-madrid-la-artista\/"},"wordCount":634,"publisher":{"@id":"https:\/\/www.quebakan.com\/v15\/#organization"},"image":{"@id":"https:\/\/www.quebakan.com\/v15\/naiza-lleva-la-bandera-del-ecuador-a-lo-mas-alto-en-madrid-la-artista\/#primaryimage"},"thumbnailUrl":"https:\/\/www.quebakan.com\/v15\/wp-content\/uploads\/2025\/10\/unnamed-1.jpg","articleSection":["Noticias"],"inLanguage":"es"},{"@type":"WebPage","@id":"https:\/\/www.quebakan.com\/v15\/naiza-lleva-la-bandera-del-ecuador-a-lo-mas-alto-en-madrid-la-artista\/","url":"https:\/\/www.quebakan.com\/v15\/naiza-lleva-la-bandera-del-ecuador-a-lo-mas-alto-en-madrid-la-artista\/","name":"Na\u00edza lleva la bandera del Ecuador a lo m\u00e1s alto en Madrid La artista &#8211; QUEBAKAN.COM 2026: Noticias, Eventos, Conciertos y mucho m\u00e1s....","isPartOf":{"@id":"https:\/\/www.quebakan.com\/v15\/#website"},"primaryImageOfPage":{"@id":"https:\/\/www.quebakan.com\/v15\/naiza-lleva-la-bandera-del-ecuador-a-lo-mas-alto-en-madrid-la-artista\/#primaryimage"},"image":{"@id":"https:\/\/www.quebakan.com\/v15\/naiza-lleva-la-bandera-del-ecuador-a-lo-mas-alto-en-madrid-la-artista\/#primaryimage"},"thumbnailUrl":"https:\/\/www.quebakan.com\/v15\/wp-content\/uploads\/2025\/10\/unnamed-1.jpg","datePublished":"2025-10-16T03:48:26+00:00","breadcrumb":{"@id":"https:\/\/www.quebakan.com\/v15\/naiza-lleva-la-bandera-del-ecuador-a-lo-mas-alto-en-madrid-la-artista\/#breadcrumb"},"inLanguage":"es","potentialAction":[{"@type":"ReadAction","target":["https:\/\/www.quebakan.com\/v15\/naiza-lleva-la-bandera-del-ecuador-a-lo-mas-alto-en-madrid-la-artista\/"]}]},{"@type":"ImageObject","inLanguage":"es","@id":"https:\/\/www.quebakan.com\/v15\/naiza-lleva-la-bandera-del-ecuador-a-lo-mas-alto-en-madrid-la-artista\/#primaryimage","url":"https:\/\/www.quebakan.com\/v15\/wp-content\/uploads\/2025\/10\/unnamed-1.jpg","contentUrl":"https:\/\/www.quebakan.com\/v15\/wp-content\/uploads\/2025\/10\/unnamed-1.jpg","width":528,"height":700},{"@type":"BreadcrumbList","@id":"https:\/\/www.quebakan.com\/v15\/naiza-lleva-la-bandera-del-ecuador-a-lo-mas-alto-en-madrid-la-artista\/#breadcrumb","itemListElement":[{"@type":"ListItem","position":1,"name":"Portada","item":"https:\/\/www.quebakan.com\/v15\/"},{"@type":"ListItem","position":2,"name":"Na\u00edza lleva la bandera del Ecuador a lo m\u00e1s alto en Madrid La artista"}]},{"@type":"WebSite","@id":"https:\/\/www.quebakan.com\/v15\/#website","url":"https:\/\/www.quebakan.com\/v15\/","name":"QUEBAKAN","description":"..","publisher":{"@id":"https:\/\/www.quebakan.com\/v15\/#organization"},"potentialAction":[{"@type":"SearchAction","target":{"@type":"EntryPoint","urlTemplate":"https:\/\/www.quebakan.com\/v15\/?s={search_term_string}"},"query-input":{"@type":"PropertyValueSpecification","valueRequired":true,"valueName":"search_term_string"}}],"inLanguage":"es"},{"@type":"Organization","@id":"https:\/\/www.quebakan.com\/v15\/#organization","name":"Quebakan.com","url":"https:\/\/www.quebakan.com\/v15\/","logo":{"@type":"ImageObject","inLanguage":"es","@id":"https:\/\/www.quebakan.com\/v15\/#\/schema\/logo\/image\/","url":"https:\/\/www.quebakan.com\/v15\/wp-content\/uploads\/2023\/07\/logoquebakanenero2021.jpg","contentUrl":"https:\/\/www.quebakan.com\/v15\/wp-content\/uploads\/2023\/07\/logoquebakanenero2021.jpg","width":1920,"height":1080,"caption":"Quebakan.com"},"image":{"@id":"https:\/\/www.quebakan.com\/v15\/#\/schema\/logo\/image\/"},"sameAs":["http:\/\/www.facebook.com\/quebakan","https:\/\/x.com\/quebakanec","http:\/\/www.instagram.com\/quebakan","http:\/\/www.youtube.com\/quebakan1"]},{"@type":"Person","@id":"https:\/\/www.quebakan.com\/v15\/#\/schema\/person\/d90fa9f9cfa81eb8ace9811e5b7b9118","name":"Erick Villafuerte","image":{"@type":"ImageObject","inLanguage":"es","@id":"https:\/\/www.quebakan.com\/v15\/wp-content\/uploads\/avatars\/4\/1731297654-bpfull.png","url":"https:\/\/www.quebakan.com\/v15\/wp-content\/uploads\/avatars\/4\/1731297654-bpfull.png","contentUrl":"https:\/\/www.quebakan.com\/v15\/wp-content\/uploads\/avatars\/4\/1731297654-bpfull.png","caption":"Erick Villafuerte"}}]}},"_links":{"self":[{"href":"https:\/\/www.quebakan.com\/v15\/wp-json\/wp\/v2\/posts\/136318","targetHints":{"allow":["GET"]}}],"collection":[{"href":"https:\/\/www.quebakan.com\/v15\/wp-json\/wp\/v2\/posts"}],"about":[{"href":"https:\/\/www.quebakan.com\/v15\/wp-json\/wp\/v2\/types\/post"}],"author":[{"embeddable":true,"href":"https:\/\/www.quebakan.com\/v15\/wp-json\/wp\/v2\/users\/4"}],"replies":[{"embeddable":true,"href":"https:\/\/www.quebakan.com\/v15\/wp-json\/wp\/v2\/comments?post=136318"}],"version-history":[{"count":1,"href":"https:\/\/www.quebakan.com\/v15\/wp-json\/wp\/v2\/posts\/136318\/revisions"}],"predecessor-version":[{"id":136320,"href":"https:\/\/www.quebakan.com\/v15\/wp-json\/wp\/v2\/posts\/136318\/revisions\/136320"}],"wp:featuredmedia":[{"embeddable":true,"href":"https:\/\/www.quebakan.com\/v15\/wp-json\/wp\/v2\/media\/136319"}],"wp:attachment":[{"href":"https:\/\/www.quebakan.com\/v15\/wp-json\/wp\/v2\/media?parent=136318"}],"wp:term":[{"taxonomy":"category","embeddable":true,"href":"https:\/\/www.quebakan.com\/v15\/wp-json\/wp\/v2\/categories?post=136318"},{"taxonomy":"post_tag","embeddable":true,"href":"https:\/\/www.quebakan.com\/v15\/wp-json\/wp\/v2\/tags?post=136318"}],"curies":[{"name":"wp","href":"https:\/\/api.w.org\/{rel}","templated":true}]}}