{"id":136321,"date":"2025-10-15T22:53:17","date_gmt":"2025-10-16T03:53:17","guid":{"rendered":"https:\/\/www.quebakan.com\/v15\/?p=136321"},"modified":"2025-10-15T22:53:17","modified_gmt":"2025-10-16T03:53:17","slug":"de-neumaticos-a-esculturas-22-artistas-ecuatorianos-dan-vida-a-la-sexta-edicion-de-arte-circular-2025","status":"publish","type":"post","link":"https:\/\/www.quebakan.com\/v15\/de-neumaticos-a-esculturas-22-artistas-ecuatorianos-dan-vida-a-la-sexta-edicion-de-arte-circular-2025\/","title":{"rendered":"De neum\u00e1ticos a esculturas: 22 artistas ecuatorianos dan vida  a la sexta edici\u00f3n de Arte Circular 2025"},"content":{"rendered":"<p><img fetchpriority=\"high\" decoding=\"async\" class=\"aligncenter size-full wp-image-136322\" src=\"https:\/\/www.quebakan.com\/v15\/wp-content\/uploads\/2025\/10\/2025-ARTE-CIRCULAR-12-1.jpg\" alt=\"\" width=\"467\" height=\"700\" \/><\/p>\n<p style=\"text-align: justify;\"><span style=\"color: #000000;\">La exposici\u00f3n Arte Circular regresa a Guayaquil en su sexta edici\u00f3n, del 24 al <\/span><span style=\"color: #000000;\">25 de octubre en la Plaza de la Administraci\u00f3n, con entrada gratuita para todo <\/span><span style=\"color: #000000;\">el p\u00fablico. Este a\u00f1o, 22 artistas ecuatorianos dan vida a cuadros y mini <\/span><span style=\"color: #000000;\">esculturas elaborados a partir de 100 neum\u00e1ticos fuera de uso, convirtiendo un <\/span><span style=\"color: #000000;\">material que tarda siglos en degradarse en expresiones culturales cargadas de <\/span><span style=\"color: #000000;\">creatividad y conciencia ambiental.<\/span><\/p>\n<p style=\"text-align: justify;\"><span style=\"color: #000000;\">La propuesta no solo es un recorrido art\u00edstico, sino tambi\u00e9n un recordatorio de c\u00f3mo <\/span><span style=\"color: #000000;\">el talento local puede reimaginar los materiales que antes se desechaban. Pinceles, <\/span><span style=\"color: #000000;\">cinceles y caucho reutilizado se convierten en herramientas de cambio, invitando <\/span><span style=\"color: #000000;\">a reflexionar sobre sostenibilidad a trav\u00e9s del arte. Desde 2019, SEGINUS impulsa <\/span><span style=\"color: #000000;\">esta iniciativa con el objetivo de promover la econom\u00eda circular y abrir espacios <\/span><span style=\"color: #000000;\">para que artistas de distintas generaciones experimenten con materiales en desuso, <\/span><span style=\"color: #000000;\">al tiempo que se genera una oportunidad real de visibilidad y nuevos ingresos <\/span><span style=\"color: #000000;\">econ\u00f3micos para los creadores. Cada edici\u00f3n ha consolidado a Arte Circular <\/span><span style=\"color: #000000;\">como un punto de encuentro entre arte contempor\u00e1neo, conciencia ambiental e <\/span><span style=\"color: #000000;\">inclusi\u00f3n social; adem\u00e1s los artistas <\/span><br \/>\n<span style=\"color: #000000;\">\u201cArte Circular es un ejemplo tangible de c\u00f3mo la creatividad ecuatoriana <\/span><span style=\"color: #000000;\">puede resignificar la relaci\u00f3n con nuestro entorno. Los artistas son el coraz\u00f3n <\/span><span style=\"color: #000000;\">de esta propuesta: con su talento, logran que un neum\u00e1tico deje de ser <\/span><span style=\"color: #000000;\">residuo y se convierta en s\u00edmbolo de transformaci\u00f3n\u201d, se\u00f1ala Jacinto <\/span><span style=\"color: #000000;\">Monserrate &#8211; Gerente General de SEGINUS.<\/span><\/p>\n<p style=\"text-align: justify;\"><strong><span style=\"color: #000000;\">Los artistas que dan forma a la sexta edici\u00f3n <\/span><\/strong><br \/>\n<span style=\"color: #000000;\">La exposici\u00f3n re\u00fane a 22 creadores ecuatorianos, entre pintores y escultores, que <\/span><span style=\"color: #000000;\">aceptaron el desaf\u00edo de trabajar con caucho reciclado. <\/span><\/p>\n<p style=\"text-align: justify;\"><span style=\"color: #000000;\">\u25cf Categor\u00eda Cuadro: Amanda Idrovo, Andrea Arellano, Ang\u00e9lica Yagual, <\/span><span style=\"color: #000000;\">Camila Hern\u00e1ndez, Cristina Quinde, Kevyn Duque \u2013 Jean Piere Rodr\u00edguez, <\/span><span style=\"color: #000000;\">Dan Barzola y Tatiana Montenegro. <\/span><br \/>\n<span style=\"color: #000000;\">\u25cf Categor\u00eda Mini Escultura: Bladimir Tulc\u00e1n \u2013 Carol Cortes, Boris Cabrera, <\/span><span style=\"color: #000000;\">Edgar Le\u00f3n, Edison Carrera, Gisella Matamoros, Lizette Cajahuishca, Mario <\/span><span style=\"color: #000000;\">Mera, Mauricio Yanacallo, Melissa Clavijo, Nicole Villa, Rudy Cordero y <\/span><span style=\"color: #000000;\">Samuel de la Torre.<\/span><\/p>\n<p style=\"text-align: justify;\"><span style=\"color: #000000;\">Adem\u00e1s, se exhibir\u00e1n obras realizadas por integrantes de la Fundaci\u00f3n <\/span><span style=\"color: #000000;\">Caminando Juntos, j\u00f3venes con neurodivergencias que participaron en talleres <\/span><span style=\"color: #000000;\">inclusivos previos, reafirmando que la sostenibilidad y la creatividad tambi\u00e9n pueden <\/span><span style=\"color: #000000;\">ser caminos de inclusi\u00f3n.<\/span><\/p>\n<p style=\"text-align: justify;\"><span style=\"color: #000000;\">Tras su paso por Guayaquil, la exposici\u00f3n continuar\u00e1 su recorrido itinerante por <\/span><span style=\"color: #000000;\">el pa\u00eds, present\u00e1ndose en Cuenca en noviembre y Quito en diciembre, llevando <\/span><span style=\"color: #000000;\">su mensaje de sostenibilidad e innovaci\u00f3n art\u00edstica a m\u00e1s p\u00fablicos.<\/span><\/p>\n<p style=\"text-align: justify;\"><span style=\"color: #000000;\">El p\u00fablico tambi\u00e9n elige e<\/span><span style=\"color: #000000;\">ntre el 13 y el 23 de octubre, se abrir\u00e1n las votaciones en la p\u00e1gina web de <\/span><span style=\"color: #000000;\">SEGINUS para que la ciudadan\u00eda elija sus obras favoritas. Esta participaci\u00f3n activa <\/span><span style=\"color: #000000;\">refuerza el esp\u00edritu comunitario de la muestra y brinda un espacio para reconocer el <\/span><span style=\"color: #000000;\">talento local. <\/span><\/p>\n<p style=\"text-align: justify;\"><strong><span style=\"color: #000000;\">Arte Circular 2025 <\/span><\/strong><\/p>\n<p><span style=\"color: #000000;\">Plaza de la Administraci\u00f3n, Guayaquil <\/span><\/p>\n<p><span style=\"color: #000000;\">24 y 25 de octubre 10h00 &#8211; 17h00 \u2013 Entrada libre <\/span><\/p>\n<p><span style=\"color: #000000;\">M\u00e1s informaci\u00f3n y votaciones: www.seginus.com.ec<\/span><\/p>\n<p><img decoding=\"async\" class=\"aligncenter size-full wp-image-136323\" src=\"https:\/\/www.quebakan.com\/v15\/wp-content\/uploads\/2025\/10\/2025-ARTE-CIRCULAR-6-1.jpg\" alt=\"\" width=\"700\" height=\"467\" \/><\/p>\n","protected":false},"excerpt":{"rendered":"<p>La exposici\u00f3n Arte Circular regresa a Guayaquil en su sexta edici\u00f3n, del 24 al 25 de octubre en la Plaza de la Administraci\u00f3n, con entrada gratuita para todo el p\u00fablico. Este a\u00f1o, 22 artistas ecuatorianos dan vida a cuadros y mini esculturas elaborados a partir de 100 neum\u00e1ticos fuera de uso, convirtiendo un material que [&hellip;]<\/p>\n","protected":false},"author":4,"featured_media":136322,"comment_status":"closed","ping_status":"closed","sticky":false,"template":"","format":"standard","meta":{"_bbp_topic_count":0,"_bbp_reply_count":0,"_bbp_total_topic_count":0,"_bbp_total_reply_count":0,"_bbp_voice_count":0,"_bbp_anonymous_reply_count":0,"_bbp_topic_count_hidden":0,"_bbp_reply_count_hidden":0,"_bbp_forum_subforum_count":0,"buzzeditor_post_format":"","footnotes":""},"categories":[2],"tags":[],"class_list":["post-136321","post","type-post","status-publish","format-standard","has-post-thumbnail","hentry","category-noticias"],"yoast_head":"<!-- This site is optimized with the Yoast SEO plugin v27.5 - https:\/\/yoast.com\/product\/yoast-seo-wordpress\/ -->\n<title>De neum\u00e1ticos a esculturas: 22 artistas ecuatorianos dan vida a la sexta edici\u00f3n de Arte Circular 2025 &#8211; QUEBAKAN.COM 2026: Noticias, Eventos, Conciertos y mucho m\u00e1s....<\/title>\n<meta name=\"robots\" content=\"index, follow, max-snippet:-1, max-image-preview:large, max-video-preview:-1\" \/>\n<link rel=\"canonical\" href=\"https:\/\/www.quebakan.com\/v15\/de-neumaticos-a-esculturas-22-artistas-ecuatorianos-dan-vida-a-la-sexta-edicion-de-arte-circular-2025\/\" \/>\n<meta property=\"og:locale\" content=\"es_ES\" \/>\n<meta property=\"og:type\" content=\"article\" \/>\n<meta property=\"og:title\" content=\"De neum\u00e1ticos a esculturas: 22 artistas ecuatorianos dan vida a la sexta edici\u00f3n de Arte Circular 2025 &#8211; QUEBAKAN.COM 2026: Noticias, Eventos, Conciertos y mucho m\u00e1s....\" \/>\n<meta property=\"og:description\" content=\"La exposici\u00f3n Arte Circular regresa a Guayaquil en su sexta edici\u00f3n, del 24 al 25 de octubre en la Plaza de la Administraci\u00f3n, con entrada gratuita para todo el p\u00fablico. Este a\u00f1o, 22 artistas ecuatorianos dan vida a cuadros y mini esculturas elaborados a partir de 100 neum\u00e1ticos fuera de uso, convirtiendo un material que [&hellip;]\" \/>\n<meta property=\"og:url\" content=\"https:\/\/www.quebakan.com\/v15\/de-neumaticos-a-esculturas-22-artistas-ecuatorianos-dan-vida-a-la-sexta-edicion-de-arte-circular-2025\/\" \/>\n<meta property=\"og:site_name\" content=\"QUEBAKAN.COM 2026: Noticias, Eventos, Conciertos y mucho m\u00e1s....\" \/>\n<meta property=\"article:publisher\" content=\"http:\/\/www.facebook.com\/quebakan\" \/>\n<meta property=\"article:published_time\" content=\"2025-10-16T03:53:17+00:00\" \/>\n<meta property=\"og:image\" content=\"https:\/\/www.quebakan.com\/v15\/wp-content\/uploads\/2025\/10\/2025-ARTE-CIRCULAR-12-1.jpg\" \/>\n\t<meta property=\"og:image:width\" content=\"467\" \/>\n\t<meta property=\"og:image:height\" content=\"700\" \/>\n\t<meta property=\"og:image:type\" content=\"image\/jpeg\" \/>\n<meta name=\"author\" content=\"Erick Villafuerte\" \/>\n<meta name=\"twitter:card\" content=\"summary_large_image\" \/>\n<meta name=\"twitter:creator\" content=\"@quebakanec\" \/>\n<meta name=\"twitter:site\" content=\"@quebakanec\" \/>\n<meta name=\"twitter:label1\" content=\"Escrito por\" \/>\n\t<meta name=\"twitter:data1\" content=\"Erick Villafuerte\" \/>\n\t<meta name=\"twitter:label2\" content=\"Tiempo de lectura\" \/>\n\t<meta name=\"twitter:data2\" content=\"3 minutos\" \/>\n<script type=\"application\/ld+json\" class=\"yoast-schema-graph\">{\"@context\":\"https:\\\/\\\/schema.org\",\"@graph\":[{\"@type\":\"Article\",\"@id\":\"https:\\\/\\\/www.quebakan.com\\\/v15\\\/de-neumaticos-a-esculturas-22-artistas-ecuatorianos-dan-vida-a-la-sexta-edicion-de-arte-circular-2025\\\/#article\",\"isPartOf\":{\"@id\":\"https:\\\/\\\/www.quebakan.com\\\/v15\\\/de-neumaticos-a-esculturas-22-artistas-ecuatorianos-dan-vida-a-la-sexta-edicion-de-arte-circular-2025\\\/\"},\"author\":{\"name\":\"Erick Villafuerte\",\"@id\":\"https:\\\/\\\/www.quebakan.com\\\/v15\\\/#\\\/schema\\\/person\\\/d90fa9f9cfa81eb8ace9811e5b7b9118\"},\"headline\":\"De neum\u00e1ticos a esculturas: 22 artistas ecuatorianos dan vida a la sexta edici\u00f3n de Arte Circular 2025\",\"datePublished\":\"2025-10-16T03:53:17+00:00\",\"mainEntityOfPage\":{\"@id\":\"https:\\\/\\\/www.quebakan.com\\\/v15\\\/de-neumaticos-a-esculturas-22-artistas-ecuatorianos-dan-vida-a-la-sexta-edicion-de-arte-circular-2025\\\/\"},\"wordCount\":523,\"publisher\":{\"@id\":\"https:\\\/\\\/www.quebakan.com\\\/v15\\\/#organization\"},\"image\":{\"@id\":\"https:\\\/\\\/www.quebakan.com\\\/v15\\\/de-neumaticos-a-esculturas-22-artistas-ecuatorianos-dan-vida-a-la-sexta-edicion-de-arte-circular-2025\\\/#primaryimage\"},\"thumbnailUrl\":\"https:\\\/\\\/www.quebakan.com\\\/v15\\\/wp-content\\\/uploads\\\/2025\\\/10\\\/2025-ARTE-CIRCULAR-12-1.jpg\",\"articleSection\":[\"Noticias\"],\"inLanguage\":\"es\"},{\"@type\":\"WebPage\",\"@id\":\"https:\\\/\\\/www.quebakan.com\\\/v15\\\/de-neumaticos-a-esculturas-22-artistas-ecuatorianos-dan-vida-a-la-sexta-edicion-de-arte-circular-2025\\\/\",\"url\":\"https:\\\/\\\/www.quebakan.com\\\/v15\\\/de-neumaticos-a-esculturas-22-artistas-ecuatorianos-dan-vida-a-la-sexta-edicion-de-arte-circular-2025\\\/\",\"name\":\"De neum\u00e1ticos a esculturas: 22 artistas ecuatorianos dan vida a la sexta edici\u00f3n de Arte Circular 2025 &#8211; QUEBAKAN.COM 2026: Noticias, Eventos, Conciertos y mucho m\u00e1s....\",\"isPartOf\":{\"@id\":\"https:\\\/\\\/www.quebakan.com\\\/v15\\\/#website\"},\"primaryImageOfPage\":{\"@id\":\"https:\\\/\\\/www.quebakan.com\\\/v15\\\/de-neumaticos-a-esculturas-22-artistas-ecuatorianos-dan-vida-a-la-sexta-edicion-de-arte-circular-2025\\\/#primaryimage\"},\"image\":{\"@id\":\"https:\\\/\\\/www.quebakan.com\\\/v15\\\/de-neumaticos-a-esculturas-22-artistas-ecuatorianos-dan-vida-a-la-sexta-edicion-de-arte-circular-2025\\\/#primaryimage\"},\"thumbnailUrl\":\"https:\\\/\\\/www.quebakan.com\\\/v15\\\/wp-content\\\/uploads\\\/2025\\\/10\\\/2025-ARTE-CIRCULAR-12-1.jpg\",\"datePublished\":\"2025-10-16T03:53:17+00:00\",\"breadcrumb\":{\"@id\":\"https:\\\/\\\/www.quebakan.com\\\/v15\\\/de-neumaticos-a-esculturas-22-artistas-ecuatorianos-dan-vida-a-la-sexta-edicion-de-arte-circular-2025\\\/#breadcrumb\"},\"inLanguage\":\"es\",\"potentialAction\":[{\"@type\":\"ReadAction\",\"target\":[\"https:\\\/\\\/www.quebakan.com\\\/v15\\\/de-neumaticos-a-esculturas-22-artistas-ecuatorianos-dan-vida-a-la-sexta-edicion-de-arte-circular-2025\\\/\"]}]},{\"@type\":\"ImageObject\",\"inLanguage\":\"es\",\"@id\":\"https:\\\/\\\/www.quebakan.com\\\/v15\\\/de-neumaticos-a-esculturas-22-artistas-ecuatorianos-dan-vida-a-la-sexta-edicion-de-arte-circular-2025\\\/#primaryimage\",\"url\":\"https:\\\/\\\/www.quebakan.com\\\/v15\\\/wp-content\\\/uploads\\\/2025\\\/10\\\/2025-ARTE-CIRCULAR-12-1.jpg\",\"contentUrl\":\"https:\\\/\\\/www.quebakan.com\\\/v15\\\/wp-content\\\/uploads\\\/2025\\\/10\\\/2025-ARTE-CIRCULAR-12-1.jpg\",\"width\":467,\"height\":700},{\"@type\":\"BreadcrumbList\",\"@id\":\"https:\\\/\\\/www.quebakan.com\\\/v15\\\/de-neumaticos-a-esculturas-22-artistas-ecuatorianos-dan-vida-a-la-sexta-edicion-de-arte-circular-2025\\\/#breadcrumb\",\"itemListElement\":[{\"@type\":\"ListItem\",\"position\":1,\"name\":\"Portada\",\"item\":\"https:\\\/\\\/www.quebakan.com\\\/v15\\\/\"},{\"@type\":\"ListItem\",\"position\":2,\"name\":\"De neum\u00e1ticos a esculturas: 22 artistas ecuatorianos dan vida a la sexta edici\u00f3n de Arte Circular 2025\"}]},{\"@type\":\"WebSite\",\"@id\":\"https:\\\/\\\/www.quebakan.com\\\/v15\\\/#website\",\"url\":\"https:\\\/\\\/www.quebakan.com\\\/v15\\\/\",\"name\":\"QUEBAKAN\",\"description\":\"..\",\"publisher\":{\"@id\":\"https:\\\/\\\/www.quebakan.com\\\/v15\\\/#organization\"},\"potentialAction\":[{\"@type\":\"SearchAction\",\"target\":{\"@type\":\"EntryPoint\",\"urlTemplate\":\"https:\\\/\\\/www.quebakan.com\\\/v15\\\/?s={search_term_string}\"},\"query-input\":{\"@type\":\"PropertyValueSpecification\",\"valueRequired\":true,\"valueName\":\"search_term_string\"}}],\"inLanguage\":\"es\"},{\"@type\":\"Organization\",\"@id\":\"https:\\\/\\\/www.quebakan.com\\\/v15\\\/#organization\",\"name\":\"Quebakan.com\",\"url\":\"https:\\\/\\\/www.quebakan.com\\\/v15\\\/\",\"logo\":{\"@type\":\"ImageObject\",\"inLanguage\":\"es\",\"@id\":\"https:\\\/\\\/www.quebakan.com\\\/v15\\\/#\\\/schema\\\/logo\\\/image\\\/\",\"url\":\"https:\\\/\\\/www.quebakan.com\\\/v15\\\/wp-content\\\/uploads\\\/2023\\\/07\\\/logoquebakanenero2021.jpg\",\"contentUrl\":\"https:\\\/\\\/www.quebakan.com\\\/v15\\\/wp-content\\\/uploads\\\/2023\\\/07\\\/logoquebakanenero2021.jpg\",\"width\":1920,\"height\":1080,\"caption\":\"Quebakan.com\"},\"image\":{\"@id\":\"https:\\\/\\\/www.quebakan.com\\\/v15\\\/#\\\/schema\\\/logo\\\/image\\\/\"},\"sameAs\":[\"http:\\\/\\\/www.facebook.com\\\/quebakan\",\"https:\\\/\\\/x.com\\\/quebakanec\",\"http:\\\/\\\/www.instagram.com\\\/quebakan\",\"http:\\\/\\\/www.youtube.com\\\/quebakan1\"]},{\"@type\":\"Person\",\"@id\":\"https:\\\/\\\/www.quebakan.com\\\/v15\\\/#\\\/schema\\\/person\\\/d90fa9f9cfa81eb8ace9811e5b7b9118\",\"name\":\"Erick Villafuerte\",\"image\":{\"@type\":\"ImageObject\",\"inLanguage\":\"es\",\"@id\":\"https:\\\/\\\/www.quebakan.com\\\/v15\\\/wp-content\\\/uploads\\\/avatars\\\/4\\\/1731297654-bpfull.png\",\"url\":\"https:\\\/\\\/www.quebakan.com\\\/v15\\\/wp-content\\\/uploads\\\/avatars\\\/4\\\/1731297654-bpfull.png\",\"contentUrl\":\"https:\\\/\\\/www.quebakan.com\\\/v15\\\/wp-content\\\/uploads\\\/avatars\\\/4\\\/1731297654-bpfull.png\",\"caption\":\"Erick Villafuerte\"}}]}<\/script>\n<!-- \/ Yoast SEO plugin. -->","yoast_head_json":{"title":"De neum\u00e1ticos a esculturas: 22 artistas ecuatorianos dan vida a la sexta edici\u00f3n de Arte Circular 2025 &#8211; QUEBAKAN.COM 2026: Noticias, Eventos, Conciertos y mucho m\u00e1s....","robots":{"index":"index","follow":"follow","max-snippet":"max-snippet:-1","max-image-preview":"max-image-preview:large","max-video-preview":"max-video-preview:-1"},"canonical":"https:\/\/www.quebakan.com\/v15\/de-neumaticos-a-esculturas-22-artistas-ecuatorianos-dan-vida-a-la-sexta-edicion-de-arte-circular-2025\/","og_locale":"es_ES","og_type":"article","og_title":"De neum\u00e1ticos a esculturas: 22 artistas ecuatorianos dan vida a la sexta edici\u00f3n de Arte Circular 2025 &#8211; QUEBAKAN.COM 2026: Noticias, Eventos, Conciertos y mucho m\u00e1s....","og_description":"La exposici\u00f3n Arte Circular regresa a Guayaquil en su sexta edici\u00f3n, del 24 al 25 de octubre en la Plaza de la Administraci\u00f3n, con entrada gratuita para todo el p\u00fablico. Este a\u00f1o, 22 artistas ecuatorianos dan vida a cuadros y mini esculturas elaborados a partir de 100 neum\u00e1ticos fuera de uso, convirtiendo un material que [&hellip;]","og_url":"https:\/\/www.quebakan.com\/v15\/de-neumaticos-a-esculturas-22-artistas-ecuatorianos-dan-vida-a-la-sexta-edicion-de-arte-circular-2025\/","og_site_name":"QUEBAKAN.COM 2026: Noticias, Eventos, Conciertos y mucho m\u00e1s....","article_publisher":"http:\/\/www.facebook.com\/quebakan","article_published_time":"2025-10-16T03:53:17+00:00","og_image":[{"width":467,"height":700,"url":"https:\/\/www.quebakan.com\/v15\/wp-content\/uploads\/2025\/10\/2025-ARTE-CIRCULAR-12-1.jpg","type":"image\/jpeg"}],"author":"Erick Villafuerte","twitter_card":"summary_large_image","twitter_creator":"@quebakanec","twitter_site":"@quebakanec","twitter_misc":{"Escrito por":"Erick Villafuerte","Tiempo de lectura":"3 minutos"},"schema":{"@context":"https:\/\/schema.org","@graph":[{"@type":"Article","@id":"https:\/\/www.quebakan.com\/v15\/de-neumaticos-a-esculturas-22-artistas-ecuatorianos-dan-vida-a-la-sexta-edicion-de-arte-circular-2025\/#article","isPartOf":{"@id":"https:\/\/www.quebakan.com\/v15\/de-neumaticos-a-esculturas-22-artistas-ecuatorianos-dan-vida-a-la-sexta-edicion-de-arte-circular-2025\/"},"author":{"name":"Erick Villafuerte","@id":"https:\/\/www.quebakan.com\/v15\/#\/schema\/person\/d90fa9f9cfa81eb8ace9811e5b7b9118"},"headline":"De neum\u00e1ticos a esculturas: 22 artistas ecuatorianos dan vida a la sexta edici\u00f3n de Arte Circular 2025","datePublished":"2025-10-16T03:53:17+00:00","mainEntityOfPage":{"@id":"https:\/\/www.quebakan.com\/v15\/de-neumaticos-a-esculturas-22-artistas-ecuatorianos-dan-vida-a-la-sexta-edicion-de-arte-circular-2025\/"},"wordCount":523,"publisher":{"@id":"https:\/\/www.quebakan.com\/v15\/#organization"},"image":{"@id":"https:\/\/www.quebakan.com\/v15\/de-neumaticos-a-esculturas-22-artistas-ecuatorianos-dan-vida-a-la-sexta-edicion-de-arte-circular-2025\/#primaryimage"},"thumbnailUrl":"https:\/\/www.quebakan.com\/v15\/wp-content\/uploads\/2025\/10\/2025-ARTE-CIRCULAR-12-1.jpg","articleSection":["Noticias"],"inLanguage":"es"},{"@type":"WebPage","@id":"https:\/\/www.quebakan.com\/v15\/de-neumaticos-a-esculturas-22-artistas-ecuatorianos-dan-vida-a-la-sexta-edicion-de-arte-circular-2025\/","url":"https:\/\/www.quebakan.com\/v15\/de-neumaticos-a-esculturas-22-artistas-ecuatorianos-dan-vida-a-la-sexta-edicion-de-arte-circular-2025\/","name":"De neum\u00e1ticos a esculturas: 22 artistas ecuatorianos dan vida a la sexta edici\u00f3n de Arte Circular 2025 &#8211; QUEBAKAN.COM 2026: Noticias, Eventos, Conciertos y mucho m\u00e1s....","isPartOf":{"@id":"https:\/\/www.quebakan.com\/v15\/#website"},"primaryImageOfPage":{"@id":"https:\/\/www.quebakan.com\/v15\/de-neumaticos-a-esculturas-22-artistas-ecuatorianos-dan-vida-a-la-sexta-edicion-de-arte-circular-2025\/#primaryimage"},"image":{"@id":"https:\/\/www.quebakan.com\/v15\/de-neumaticos-a-esculturas-22-artistas-ecuatorianos-dan-vida-a-la-sexta-edicion-de-arte-circular-2025\/#primaryimage"},"thumbnailUrl":"https:\/\/www.quebakan.com\/v15\/wp-content\/uploads\/2025\/10\/2025-ARTE-CIRCULAR-12-1.jpg","datePublished":"2025-10-16T03:53:17+00:00","breadcrumb":{"@id":"https:\/\/www.quebakan.com\/v15\/de-neumaticos-a-esculturas-22-artistas-ecuatorianos-dan-vida-a-la-sexta-edicion-de-arte-circular-2025\/#breadcrumb"},"inLanguage":"es","potentialAction":[{"@type":"ReadAction","target":["https:\/\/www.quebakan.com\/v15\/de-neumaticos-a-esculturas-22-artistas-ecuatorianos-dan-vida-a-la-sexta-edicion-de-arte-circular-2025\/"]}]},{"@type":"ImageObject","inLanguage":"es","@id":"https:\/\/www.quebakan.com\/v15\/de-neumaticos-a-esculturas-22-artistas-ecuatorianos-dan-vida-a-la-sexta-edicion-de-arte-circular-2025\/#primaryimage","url":"https:\/\/www.quebakan.com\/v15\/wp-content\/uploads\/2025\/10\/2025-ARTE-CIRCULAR-12-1.jpg","contentUrl":"https:\/\/www.quebakan.com\/v15\/wp-content\/uploads\/2025\/10\/2025-ARTE-CIRCULAR-12-1.jpg","width":467,"height":700},{"@type":"BreadcrumbList","@id":"https:\/\/www.quebakan.com\/v15\/de-neumaticos-a-esculturas-22-artistas-ecuatorianos-dan-vida-a-la-sexta-edicion-de-arte-circular-2025\/#breadcrumb","itemListElement":[{"@type":"ListItem","position":1,"name":"Portada","item":"https:\/\/www.quebakan.com\/v15\/"},{"@type":"ListItem","position":2,"name":"De neum\u00e1ticos a esculturas: 22 artistas ecuatorianos dan vida a la sexta edici\u00f3n de Arte Circular 2025"}]},{"@type":"WebSite","@id":"https:\/\/www.quebakan.com\/v15\/#website","url":"https:\/\/www.quebakan.com\/v15\/","name":"QUEBAKAN","description":"..","publisher":{"@id":"https:\/\/www.quebakan.com\/v15\/#organization"},"potentialAction":[{"@type":"SearchAction","target":{"@type":"EntryPoint","urlTemplate":"https:\/\/www.quebakan.com\/v15\/?s={search_term_string}"},"query-input":{"@type":"PropertyValueSpecification","valueRequired":true,"valueName":"search_term_string"}}],"inLanguage":"es"},{"@type":"Organization","@id":"https:\/\/www.quebakan.com\/v15\/#organization","name":"Quebakan.com","url":"https:\/\/www.quebakan.com\/v15\/","logo":{"@type":"ImageObject","inLanguage":"es","@id":"https:\/\/www.quebakan.com\/v15\/#\/schema\/logo\/image\/","url":"https:\/\/www.quebakan.com\/v15\/wp-content\/uploads\/2023\/07\/logoquebakanenero2021.jpg","contentUrl":"https:\/\/www.quebakan.com\/v15\/wp-content\/uploads\/2023\/07\/logoquebakanenero2021.jpg","width":1920,"height":1080,"caption":"Quebakan.com"},"image":{"@id":"https:\/\/www.quebakan.com\/v15\/#\/schema\/logo\/image\/"},"sameAs":["http:\/\/www.facebook.com\/quebakan","https:\/\/x.com\/quebakanec","http:\/\/www.instagram.com\/quebakan","http:\/\/www.youtube.com\/quebakan1"]},{"@type":"Person","@id":"https:\/\/www.quebakan.com\/v15\/#\/schema\/person\/d90fa9f9cfa81eb8ace9811e5b7b9118","name":"Erick Villafuerte","image":{"@type":"ImageObject","inLanguage":"es","@id":"https:\/\/www.quebakan.com\/v15\/wp-content\/uploads\/avatars\/4\/1731297654-bpfull.png","url":"https:\/\/www.quebakan.com\/v15\/wp-content\/uploads\/avatars\/4\/1731297654-bpfull.png","contentUrl":"https:\/\/www.quebakan.com\/v15\/wp-content\/uploads\/avatars\/4\/1731297654-bpfull.png","caption":"Erick Villafuerte"}}]}},"_links":{"self":[{"href":"https:\/\/www.quebakan.com\/v15\/wp-json\/wp\/v2\/posts\/136321","targetHints":{"allow":["GET"]}}],"collection":[{"href":"https:\/\/www.quebakan.com\/v15\/wp-json\/wp\/v2\/posts"}],"about":[{"href":"https:\/\/www.quebakan.com\/v15\/wp-json\/wp\/v2\/types\/post"}],"author":[{"embeddable":true,"href":"https:\/\/www.quebakan.com\/v15\/wp-json\/wp\/v2\/users\/4"}],"replies":[{"embeddable":true,"href":"https:\/\/www.quebakan.com\/v15\/wp-json\/wp\/v2\/comments?post=136321"}],"version-history":[{"count":1,"href":"https:\/\/www.quebakan.com\/v15\/wp-json\/wp\/v2\/posts\/136321\/revisions"}],"predecessor-version":[{"id":136324,"href":"https:\/\/www.quebakan.com\/v15\/wp-json\/wp\/v2\/posts\/136321\/revisions\/136324"}],"wp:featuredmedia":[{"embeddable":true,"href":"https:\/\/www.quebakan.com\/v15\/wp-json\/wp\/v2\/media\/136322"}],"wp:attachment":[{"href":"https:\/\/www.quebakan.com\/v15\/wp-json\/wp\/v2\/media?parent=136321"}],"wp:term":[{"taxonomy":"category","embeddable":true,"href":"https:\/\/www.quebakan.com\/v15\/wp-json\/wp\/v2\/categories?post=136321"},{"taxonomy":"post_tag","embeddable":true,"href":"https:\/\/www.quebakan.com\/v15\/wp-json\/wp\/v2\/tags?post=136321"}],"curies":[{"name":"wp","href":"https:\/\/api.w.org\/{rel}","templated":true}]}}