{"id":136325,"date":"2025-10-15T23:03:12","date_gmt":"2025-10-16T04:03:12","guid":{"rendered":"https:\/\/www.quebakan.com\/v15\/?p=136325"},"modified":"2025-10-15T23:03:12","modified_gmt":"2025-10-16T04:03:12","slug":"guayaquil-vivira-la-emocion-del-down-hill-en-las-escalinatas-del-cerro-santa-ana","status":"publish","type":"post","link":"https:\/\/www.quebakan.com\/v15\/guayaquil-vivira-la-emocion-del-down-hill-en-las-escalinatas-del-cerro-santa-ana\/","title":{"rendered":"Guayaquil vivir\u00e1 la emoci\u00f3n del Down Hill  en las escalinatas del Cerro Santa Ana"},"content":{"rendered":"<p style=\"text-align: justify;\"><span style=\"color: #000000;\">Guayaquil se prepara para recibir una jornada cargada de adrenalina y destreza sobre dos ruedas. Este <strong>s\u00e1bado 18 de octubre<\/strong>, desde las <strong>17h00<\/strong>, las emblem\u00e1ticas escalinatas del <strong>Cerro Santa Ana<\/strong> se transformar\u00e1n en el escenario de una de las competencias m\u00e1s esperadas por los amantes del deporte extremo: el <strong>Down Hill del Cerro<\/strong>.<\/span><\/p>\n<p style=\"text-align: justify;\"><span style=\"color: #000000;\">Este evento reunir\u00e1 a <strong>m\u00e1s de 60 ciclistas profesionales nacionales e internacionales<\/strong>, quienes pondr\u00e1n a prueba su t\u00e9cnica y valent\u00eda descendiendo por un <strong>circuito de aproximadamente 500 metros<\/strong>, que inicia en el <strong>Faro del Cerro Santa Ana<\/strong> y finaliza en la <strong>calle Numa Pompilio Llona<\/strong>. Durante el recorrido, los deportistas deber\u00e1n enfrentar curvas cerradas, pendientes pronunciadas y obst\u00e1culos naturales que desafiar\u00e1n su control y equilibrio.<\/span><\/p>\n<p style=\"text-align: justify;\"><span style=\"color: #000000;\">El <strong>Down Hill<\/strong>, una de las modalidades m\u00e1s espectaculares del ciclismo de monta\u00f1a, combina velocidad, precisi\u00f3n y resistencia. Los competidores, distribuidos en las categor\u00edas <strong>\u00c9lite, M\u00e1ster, Mujeres, Ebike y Junior<\/strong>, deber\u00e1n completar el recorrido de un minuto siendo evaluados por su tiempo, fluidez y habilidad para sortear los obst\u00e1culos del trayecto.<\/span><\/p>\n<p style=\"text-align: justify;\"><span style=\"color: #000000;\">\u201cEl <strong>Down Hill del Cerro<\/strong> busca no solo fomentar esta apasionante disciplina, sino tambi\u00e9n <strong>impulsar el turismo y la reactivaci\u00f3n econ\u00f3mica<\/strong> de los emprendedores del Cerro Santa Ana\u201d, destac\u00f3 <strong>Fabricio S\u00e1nchez D\u00edaz<\/strong>, organizador del evento. \u201cAgradecemos al <strong>Municipio de Guayaquil<\/strong> y a su alcalde por el apoyo y la confianza para hacer posible esta competencia que convierte al cerro en un punto de encuentro entre deporte, cultura y ciudad\u201d, a\u00f1adi\u00f3.<\/span><\/p>\n<p style=\"text-align: justify;\"><span style=\"color: #000000;\">Con esta iniciativa, Guayaquil vuelve a consolidarse como sede de grandes eventos deportivos urbanos, donde la adrenalina y el talento se mezclan con el paisaje patrimonial del <strong>Cerro Santa Ana<\/strong>, uno de los sitios m\u00e1s emblem\u00e1ticos de la Perla del Pac\u00edfico.<\/span><\/p>\n<p><img fetchpriority=\"high\" decoding=\"async\" class=\"aligncenter size-full wp-image-136326\" src=\"https:\/\/www.quebakan.com\/v15\/wp-content\/uploads\/2025\/10\/Foto-1-3.jpg\" alt=\"\" width=\"700\" height=\"394\" \/><\/p>\n<p style=\"text-align: center;\"><span style=\"color: #000000;\">Carlos Mor\u00e1n (director de Deportes Municipio de Guayaquil), Fabricio S\u00e1nchez (organizador Down Hill del Cerro), Elihu V\u00e9lez (director de Pista), y Felipe Vargas (Corredor).<\/span><\/p>\n<p><img decoding=\"async\" class=\"aligncenter size-full wp-image-136327\" src=\"https:\/\/www.quebakan.com\/v15\/wp-content\/uploads\/2025\/10\/Foto-2-2.jpg\" alt=\"\" width=\"700\" height=\"510\" srcset=\"https:\/\/www.quebakan.com\/v15\/wp-content\/uploads\/2025\/10\/Foto-2-2.jpg 700w, https:\/\/www.quebakan.com\/v15\/wp-content\/uploads\/2025\/10\/Foto-2-2-120x86.jpg 120w\" sizes=\"(max-width: 700px) 100vw, 700px\" \/><\/p>\n<p>&nbsp;<\/p>\n<p><img decoding=\"async\" class=\"aligncenter size-full wp-image-136328\" src=\"https:\/\/www.quebakan.com\/v15\/wp-content\/uploads\/2025\/10\/Foto-3-2.jpg\" alt=\"\" width=\"700\" height=\"394\" \/><\/p>\n<p style=\"text-align: center;\"><span style=\"color: #000000;\">Felipe Vargas en demostraci\u00f3n de descenso.<\/span><\/p>\n","protected":false},"excerpt":{"rendered":"<p>Guayaquil se prepara para recibir una jornada cargada de adrenalina y destreza sobre dos ruedas. Este s\u00e1bado 18 de octubre, desde las 17h00, las emblem\u00e1ticas escalinatas del Cerro Santa Ana se transformar\u00e1n en el escenario de una de las competencias m\u00e1s esperadas por los amantes del deporte extremo: el Down Hill del Cerro. Este evento [&hellip;]<\/p>\n","protected":false},"author":4,"featured_media":136326,"comment_status":"closed","ping_status":"closed","sticky":false,"template":"","format":"standard","meta":{"_bbp_topic_count":0,"_bbp_reply_count":0,"_bbp_total_topic_count":0,"_bbp_total_reply_count":0,"_bbp_voice_count":0,"_bbp_anonymous_reply_count":0,"_bbp_topic_count_hidden":0,"_bbp_reply_count_hidden":0,"_bbp_forum_subforum_count":0,"buzzeditor_post_format":"","footnotes":""},"categories":[2],"tags":[],"class_list":["post-136325","post","type-post","status-publish","format-standard","has-post-thumbnail","hentry","category-noticias"],"yoast_head":"<!-- This site is optimized with the Yoast SEO plugin v27.5 - https:\/\/yoast.com\/product\/yoast-seo-wordpress\/ -->\n<title>Guayaquil vivir\u00e1 la emoci\u00f3n del Down Hill en las escalinatas del Cerro Santa Ana &#8211; QUEBAKAN.COM 2026: Noticias, Eventos, Conciertos y mucho m\u00e1s....<\/title>\n<meta name=\"robots\" content=\"index, follow, max-snippet:-1, max-image-preview:large, max-video-preview:-1\" \/>\n<link rel=\"canonical\" href=\"https:\/\/www.quebakan.com\/v15\/guayaquil-vivira-la-emocion-del-down-hill-en-las-escalinatas-del-cerro-santa-ana\/\" \/>\n<meta property=\"og:locale\" content=\"es_ES\" \/>\n<meta property=\"og:type\" content=\"article\" \/>\n<meta property=\"og:title\" content=\"Guayaquil vivir\u00e1 la emoci\u00f3n del Down Hill en las escalinatas del Cerro Santa Ana &#8211; QUEBAKAN.COM 2026: Noticias, Eventos, Conciertos y mucho m\u00e1s....\" \/>\n<meta property=\"og:description\" content=\"Guayaquil se prepara para recibir una jornada cargada de adrenalina y destreza sobre dos ruedas. Este s\u00e1bado 18 de octubre, desde las 17h00, las emblem\u00e1ticas escalinatas del Cerro Santa Ana se transformar\u00e1n en el escenario de una de las competencias m\u00e1s esperadas por los amantes del deporte extremo: el Down Hill del Cerro. Este evento [&hellip;]\" \/>\n<meta property=\"og:url\" content=\"https:\/\/www.quebakan.com\/v15\/guayaquil-vivira-la-emocion-del-down-hill-en-las-escalinatas-del-cerro-santa-ana\/\" \/>\n<meta property=\"og:site_name\" content=\"QUEBAKAN.COM 2026: Noticias, Eventos, Conciertos y mucho m\u00e1s....\" \/>\n<meta property=\"article:publisher\" content=\"http:\/\/www.facebook.com\/quebakan\" \/>\n<meta property=\"article:published_time\" content=\"2025-10-16T04:03:12+00:00\" \/>\n<meta property=\"og:image\" content=\"https:\/\/www.quebakan.com\/v15\/wp-content\/uploads\/2025\/10\/Foto-1-3.jpg\" \/>\n\t<meta property=\"og:image:width\" content=\"700\" \/>\n\t<meta property=\"og:image:height\" content=\"394\" \/>\n\t<meta property=\"og:image:type\" content=\"image\/jpeg\" \/>\n<meta name=\"author\" content=\"Erick Villafuerte\" \/>\n<meta name=\"twitter:card\" content=\"summary_large_image\" \/>\n<meta name=\"twitter:creator\" content=\"@quebakanec\" \/>\n<meta name=\"twitter:site\" content=\"@quebakanec\" \/>\n<meta name=\"twitter:label1\" content=\"Escrito por\" \/>\n\t<meta name=\"twitter:data1\" content=\"Erick Villafuerte\" \/>\n\t<meta name=\"twitter:label2\" content=\"Tiempo de lectura\" \/>\n\t<meta name=\"twitter:data2\" content=\"3 minutos\" \/>\n<script type=\"application\/ld+json\" class=\"yoast-schema-graph\">{\"@context\":\"https:\\\/\\\/schema.org\",\"@graph\":[{\"@type\":\"Article\",\"@id\":\"https:\\\/\\\/www.quebakan.com\\\/v15\\\/guayaquil-vivira-la-emocion-del-down-hill-en-las-escalinatas-del-cerro-santa-ana\\\/#article\",\"isPartOf\":{\"@id\":\"https:\\\/\\\/www.quebakan.com\\\/v15\\\/guayaquil-vivira-la-emocion-del-down-hill-en-las-escalinatas-del-cerro-santa-ana\\\/\"},\"author\":{\"name\":\"Erick Villafuerte\",\"@id\":\"https:\\\/\\\/www.quebakan.com\\\/v15\\\/#\\\/schema\\\/person\\\/d90fa9f9cfa81eb8ace9811e5b7b9118\"},\"headline\":\"Guayaquil vivir\u00e1 la emoci\u00f3n del Down Hill en las escalinatas del Cerro Santa Ana\",\"datePublished\":\"2025-10-16T04:03:12+00:00\",\"mainEntityOfPage\":{\"@id\":\"https:\\\/\\\/www.quebakan.com\\\/v15\\\/guayaquil-vivira-la-emocion-del-down-hill-en-las-escalinatas-del-cerro-santa-ana\\\/\"},\"wordCount\":354,\"publisher\":{\"@id\":\"https:\\\/\\\/www.quebakan.com\\\/v15\\\/#organization\"},\"image\":{\"@id\":\"https:\\\/\\\/www.quebakan.com\\\/v15\\\/guayaquil-vivira-la-emocion-del-down-hill-en-las-escalinatas-del-cerro-santa-ana\\\/#primaryimage\"},\"thumbnailUrl\":\"https:\\\/\\\/www.quebakan.com\\\/v15\\\/wp-content\\\/uploads\\\/2025\\\/10\\\/Foto-1-3.jpg\",\"articleSection\":[\"Noticias\"],\"inLanguage\":\"es\"},{\"@type\":\"WebPage\",\"@id\":\"https:\\\/\\\/www.quebakan.com\\\/v15\\\/guayaquil-vivira-la-emocion-del-down-hill-en-las-escalinatas-del-cerro-santa-ana\\\/\",\"url\":\"https:\\\/\\\/www.quebakan.com\\\/v15\\\/guayaquil-vivira-la-emocion-del-down-hill-en-las-escalinatas-del-cerro-santa-ana\\\/\",\"name\":\"Guayaquil vivir\u00e1 la emoci\u00f3n del Down Hill en las escalinatas del Cerro Santa Ana &#8211; QUEBAKAN.COM 2026: Noticias, Eventos, Conciertos y mucho m\u00e1s....\",\"isPartOf\":{\"@id\":\"https:\\\/\\\/www.quebakan.com\\\/v15\\\/#website\"},\"primaryImageOfPage\":{\"@id\":\"https:\\\/\\\/www.quebakan.com\\\/v15\\\/guayaquil-vivira-la-emocion-del-down-hill-en-las-escalinatas-del-cerro-santa-ana\\\/#primaryimage\"},\"image\":{\"@id\":\"https:\\\/\\\/www.quebakan.com\\\/v15\\\/guayaquil-vivira-la-emocion-del-down-hill-en-las-escalinatas-del-cerro-santa-ana\\\/#primaryimage\"},\"thumbnailUrl\":\"https:\\\/\\\/www.quebakan.com\\\/v15\\\/wp-content\\\/uploads\\\/2025\\\/10\\\/Foto-1-3.jpg\",\"datePublished\":\"2025-10-16T04:03:12+00:00\",\"breadcrumb\":{\"@id\":\"https:\\\/\\\/www.quebakan.com\\\/v15\\\/guayaquil-vivira-la-emocion-del-down-hill-en-las-escalinatas-del-cerro-santa-ana\\\/#breadcrumb\"},\"inLanguage\":\"es\",\"potentialAction\":[{\"@type\":\"ReadAction\",\"target\":[\"https:\\\/\\\/www.quebakan.com\\\/v15\\\/guayaquil-vivira-la-emocion-del-down-hill-en-las-escalinatas-del-cerro-santa-ana\\\/\"]}]},{\"@type\":\"ImageObject\",\"inLanguage\":\"es\",\"@id\":\"https:\\\/\\\/www.quebakan.com\\\/v15\\\/guayaquil-vivira-la-emocion-del-down-hill-en-las-escalinatas-del-cerro-santa-ana\\\/#primaryimage\",\"url\":\"https:\\\/\\\/www.quebakan.com\\\/v15\\\/wp-content\\\/uploads\\\/2025\\\/10\\\/Foto-1-3.jpg\",\"contentUrl\":\"https:\\\/\\\/www.quebakan.com\\\/v15\\\/wp-content\\\/uploads\\\/2025\\\/10\\\/Foto-1-3.jpg\",\"width\":700,\"height\":394},{\"@type\":\"BreadcrumbList\",\"@id\":\"https:\\\/\\\/www.quebakan.com\\\/v15\\\/guayaquil-vivira-la-emocion-del-down-hill-en-las-escalinatas-del-cerro-santa-ana\\\/#breadcrumb\",\"itemListElement\":[{\"@type\":\"ListItem\",\"position\":1,\"name\":\"Portada\",\"item\":\"https:\\\/\\\/www.quebakan.com\\\/v15\\\/\"},{\"@type\":\"ListItem\",\"position\":2,\"name\":\"Guayaquil vivir\u00e1 la emoci\u00f3n del Down Hill en las escalinatas del Cerro Santa Ana\"}]},{\"@type\":\"WebSite\",\"@id\":\"https:\\\/\\\/www.quebakan.com\\\/v15\\\/#website\",\"url\":\"https:\\\/\\\/www.quebakan.com\\\/v15\\\/\",\"name\":\"QUEBAKAN\",\"description\":\"..\",\"publisher\":{\"@id\":\"https:\\\/\\\/www.quebakan.com\\\/v15\\\/#organization\"},\"potentialAction\":[{\"@type\":\"SearchAction\",\"target\":{\"@type\":\"EntryPoint\",\"urlTemplate\":\"https:\\\/\\\/www.quebakan.com\\\/v15\\\/?s={search_term_string}\"},\"query-input\":{\"@type\":\"PropertyValueSpecification\",\"valueRequired\":true,\"valueName\":\"search_term_string\"}}],\"inLanguage\":\"es\"},{\"@type\":\"Organization\",\"@id\":\"https:\\\/\\\/www.quebakan.com\\\/v15\\\/#organization\",\"name\":\"Quebakan.com\",\"url\":\"https:\\\/\\\/www.quebakan.com\\\/v15\\\/\",\"logo\":{\"@type\":\"ImageObject\",\"inLanguage\":\"es\",\"@id\":\"https:\\\/\\\/www.quebakan.com\\\/v15\\\/#\\\/schema\\\/logo\\\/image\\\/\",\"url\":\"https:\\\/\\\/www.quebakan.com\\\/v15\\\/wp-content\\\/uploads\\\/2023\\\/07\\\/logoquebakanenero2021.jpg\",\"contentUrl\":\"https:\\\/\\\/www.quebakan.com\\\/v15\\\/wp-content\\\/uploads\\\/2023\\\/07\\\/logoquebakanenero2021.jpg\",\"width\":1920,\"height\":1080,\"caption\":\"Quebakan.com\"},\"image\":{\"@id\":\"https:\\\/\\\/www.quebakan.com\\\/v15\\\/#\\\/schema\\\/logo\\\/image\\\/\"},\"sameAs\":[\"http:\\\/\\\/www.facebook.com\\\/quebakan\",\"https:\\\/\\\/x.com\\\/quebakanec\",\"http:\\\/\\\/www.instagram.com\\\/quebakan\",\"http:\\\/\\\/www.youtube.com\\\/quebakan1\"]},{\"@type\":\"Person\",\"@id\":\"https:\\\/\\\/www.quebakan.com\\\/v15\\\/#\\\/schema\\\/person\\\/d90fa9f9cfa81eb8ace9811e5b7b9118\",\"name\":\"Erick Villafuerte\",\"image\":{\"@type\":\"ImageObject\",\"inLanguage\":\"es\",\"@id\":\"https:\\\/\\\/www.quebakan.com\\\/v15\\\/wp-content\\\/uploads\\\/avatars\\\/4\\\/1731297654-bpfull.png\",\"url\":\"https:\\\/\\\/www.quebakan.com\\\/v15\\\/wp-content\\\/uploads\\\/avatars\\\/4\\\/1731297654-bpfull.png\",\"contentUrl\":\"https:\\\/\\\/www.quebakan.com\\\/v15\\\/wp-content\\\/uploads\\\/avatars\\\/4\\\/1731297654-bpfull.png\",\"caption\":\"Erick Villafuerte\"}}]}<\/script>\n<!-- \/ Yoast SEO plugin. -->","yoast_head_json":{"title":"Guayaquil vivir\u00e1 la emoci\u00f3n del Down Hill en las escalinatas del Cerro Santa Ana &#8211; QUEBAKAN.COM 2026: Noticias, Eventos, Conciertos y mucho m\u00e1s....","robots":{"index":"index","follow":"follow","max-snippet":"max-snippet:-1","max-image-preview":"max-image-preview:large","max-video-preview":"max-video-preview:-1"},"canonical":"https:\/\/www.quebakan.com\/v15\/guayaquil-vivira-la-emocion-del-down-hill-en-las-escalinatas-del-cerro-santa-ana\/","og_locale":"es_ES","og_type":"article","og_title":"Guayaquil vivir\u00e1 la emoci\u00f3n del Down Hill en las escalinatas del Cerro Santa Ana &#8211; QUEBAKAN.COM 2026: Noticias, Eventos, Conciertos y mucho m\u00e1s....","og_description":"Guayaquil se prepara para recibir una jornada cargada de adrenalina y destreza sobre dos ruedas. Este s\u00e1bado 18 de octubre, desde las 17h00, las emblem\u00e1ticas escalinatas del Cerro Santa Ana se transformar\u00e1n en el escenario de una de las competencias m\u00e1s esperadas por los amantes del deporte extremo: el Down Hill del Cerro. Este evento [&hellip;]","og_url":"https:\/\/www.quebakan.com\/v15\/guayaquil-vivira-la-emocion-del-down-hill-en-las-escalinatas-del-cerro-santa-ana\/","og_site_name":"QUEBAKAN.COM 2026: Noticias, Eventos, Conciertos y mucho m\u00e1s....","article_publisher":"http:\/\/www.facebook.com\/quebakan","article_published_time":"2025-10-16T04:03:12+00:00","og_image":[{"width":700,"height":394,"url":"https:\/\/www.quebakan.com\/v15\/wp-content\/uploads\/2025\/10\/Foto-1-3.jpg","type":"image\/jpeg"}],"author":"Erick Villafuerte","twitter_card":"summary_large_image","twitter_creator":"@quebakanec","twitter_site":"@quebakanec","twitter_misc":{"Escrito por":"Erick Villafuerte","Tiempo de lectura":"3 minutos"},"schema":{"@context":"https:\/\/schema.org","@graph":[{"@type":"Article","@id":"https:\/\/www.quebakan.com\/v15\/guayaquil-vivira-la-emocion-del-down-hill-en-las-escalinatas-del-cerro-santa-ana\/#article","isPartOf":{"@id":"https:\/\/www.quebakan.com\/v15\/guayaquil-vivira-la-emocion-del-down-hill-en-las-escalinatas-del-cerro-santa-ana\/"},"author":{"name":"Erick Villafuerte","@id":"https:\/\/www.quebakan.com\/v15\/#\/schema\/person\/d90fa9f9cfa81eb8ace9811e5b7b9118"},"headline":"Guayaquil vivir\u00e1 la emoci\u00f3n del Down Hill en las escalinatas del Cerro Santa Ana","datePublished":"2025-10-16T04:03:12+00:00","mainEntityOfPage":{"@id":"https:\/\/www.quebakan.com\/v15\/guayaquil-vivira-la-emocion-del-down-hill-en-las-escalinatas-del-cerro-santa-ana\/"},"wordCount":354,"publisher":{"@id":"https:\/\/www.quebakan.com\/v15\/#organization"},"image":{"@id":"https:\/\/www.quebakan.com\/v15\/guayaquil-vivira-la-emocion-del-down-hill-en-las-escalinatas-del-cerro-santa-ana\/#primaryimage"},"thumbnailUrl":"https:\/\/www.quebakan.com\/v15\/wp-content\/uploads\/2025\/10\/Foto-1-3.jpg","articleSection":["Noticias"],"inLanguage":"es"},{"@type":"WebPage","@id":"https:\/\/www.quebakan.com\/v15\/guayaquil-vivira-la-emocion-del-down-hill-en-las-escalinatas-del-cerro-santa-ana\/","url":"https:\/\/www.quebakan.com\/v15\/guayaquil-vivira-la-emocion-del-down-hill-en-las-escalinatas-del-cerro-santa-ana\/","name":"Guayaquil vivir\u00e1 la emoci\u00f3n del Down Hill en las escalinatas del Cerro Santa Ana &#8211; QUEBAKAN.COM 2026: Noticias, Eventos, Conciertos y mucho m\u00e1s....","isPartOf":{"@id":"https:\/\/www.quebakan.com\/v15\/#website"},"primaryImageOfPage":{"@id":"https:\/\/www.quebakan.com\/v15\/guayaquil-vivira-la-emocion-del-down-hill-en-las-escalinatas-del-cerro-santa-ana\/#primaryimage"},"image":{"@id":"https:\/\/www.quebakan.com\/v15\/guayaquil-vivira-la-emocion-del-down-hill-en-las-escalinatas-del-cerro-santa-ana\/#primaryimage"},"thumbnailUrl":"https:\/\/www.quebakan.com\/v15\/wp-content\/uploads\/2025\/10\/Foto-1-3.jpg","datePublished":"2025-10-16T04:03:12+00:00","breadcrumb":{"@id":"https:\/\/www.quebakan.com\/v15\/guayaquil-vivira-la-emocion-del-down-hill-en-las-escalinatas-del-cerro-santa-ana\/#breadcrumb"},"inLanguage":"es","potentialAction":[{"@type":"ReadAction","target":["https:\/\/www.quebakan.com\/v15\/guayaquil-vivira-la-emocion-del-down-hill-en-las-escalinatas-del-cerro-santa-ana\/"]}]},{"@type":"ImageObject","inLanguage":"es","@id":"https:\/\/www.quebakan.com\/v15\/guayaquil-vivira-la-emocion-del-down-hill-en-las-escalinatas-del-cerro-santa-ana\/#primaryimage","url":"https:\/\/www.quebakan.com\/v15\/wp-content\/uploads\/2025\/10\/Foto-1-3.jpg","contentUrl":"https:\/\/www.quebakan.com\/v15\/wp-content\/uploads\/2025\/10\/Foto-1-3.jpg","width":700,"height":394},{"@type":"BreadcrumbList","@id":"https:\/\/www.quebakan.com\/v15\/guayaquil-vivira-la-emocion-del-down-hill-en-las-escalinatas-del-cerro-santa-ana\/#breadcrumb","itemListElement":[{"@type":"ListItem","position":1,"name":"Portada","item":"https:\/\/www.quebakan.com\/v15\/"},{"@type":"ListItem","position":2,"name":"Guayaquil vivir\u00e1 la emoci\u00f3n del Down Hill en las escalinatas del Cerro Santa Ana"}]},{"@type":"WebSite","@id":"https:\/\/www.quebakan.com\/v15\/#website","url":"https:\/\/www.quebakan.com\/v15\/","name":"QUEBAKAN","description":"..","publisher":{"@id":"https:\/\/www.quebakan.com\/v15\/#organization"},"potentialAction":[{"@type":"SearchAction","target":{"@type":"EntryPoint","urlTemplate":"https:\/\/www.quebakan.com\/v15\/?s={search_term_string}"},"query-input":{"@type":"PropertyValueSpecification","valueRequired":true,"valueName":"search_term_string"}}],"inLanguage":"es"},{"@type":"Organization","@id":"https:\/\/www.quebakan.com\/v15\/#organization","name":"Quebakan.com","url":"https:\/\/www.quebakan.com\/v15\/","logo":{"@type":"ImageObject","inLanguage":"es","@id":"https:\/\/www.quebakan.com\/v15\/#\/schema\/logo\/image\/","url":"https:\/\/www.quebakan.com\/v15\/wp-content\/uploads\/2023\/07\/logoquebakanenero2021.jpg","contentUrl":"https:\/\/www.quebakan.com\/v15\/wp-content\/uploads\/2023\/07\/logoquebakanenero2021.jpg","width":1920,"height":1080,"caption":"Quebakan.com"},"image":{"@id":"https:\/\/www.quebakan.com\/v15\/#\/schema\/logo\/image\/"},"sameAs":["http:\/\/www.facebook.com\/quebakan","https:\/\/x.com\/quebakanec","http:\/\/www.instagram.com\/quebakan","http:\/\/www.youtube.com\/quebakan1"]},{"@type":"Person","@id":"https:\/\/www.quebakan.com\/v15\/#\/schema\/person\/d90fa9f9cfa81eb8ace9811e5b7b9118","name":"Erick Villafuerte","image":{"@type":"ImageObject","inLanguage":"es","@id":"https:\/\/www.quebakan.com\/v15\/wp-content\/uploads\/avatars\/4\/1731297654-bpfull.png","url":"https:\/\/www.quebakan.com\/v15\/wp-content\/uploads\/avatars\/4\/1731297654-bpfull.png","contentUrl":"https:\/\/www.quebakan.com\/v15\/wp-content\/uploads\/avatars\/4\/1731297654-bpfull.png","caption":"Erick Villafuerte"}}]}},"_links":{"self":[{"href":"https:\/\/www.quebakan.com\/v15\/wp-json\/wp\/v2\/posts\/136325","targetHints":{"allow":["GET"]}}],"collection":[{"href":"https:\/\/www.quebakan.com\/v15\/wp-json\/wp\/v2\/posts"}],"about":[{"href":"https:\/\/www.quebakan.com\/v15\/wp-json\/wp\/v2\/types\/post"}],"author":[{"embeddable":true,"href":"https:\/\/www.quebakan.com\/v15\/wp-json\/wp\/v2\/users\/4"}],"replies":[{"embeddable":true,"href":"https:\/\/www.quebakan.com\/v15\/wp-json\/wp\/v2\/comments?post=136325"}],"version-history":[{"count":1,"href":"https:\/\/www.quebakan.com\/v15\/wp-json\/wp\/v2\/posts\/136325\/revisions"}],"predecessor-version":[{"id":136329,"href":"https:\/\/www.quebakan.com\/v15\/wp-json\/wp\/v2\/posts\/136325\/revisions\/136329"}],"wp:featuredmedia":[{"embeddable":true,"href":"https:\/\/www.quebakan.com\/v15\/wp-json\/wp\/v2\/media\/136326"}],"wp:attachment":[{"href":"https:\/\/www.quebakan.com\/v15\/wp-json\/wp\/v2\/media?parent=136325"}],"wp:term":[{"taxonomy":"category","embeddable":true,"href":"https:\/\/www.quebakan.com\/v15\/wp-json\/wp\/v2\/categories?post=136325"},{"taxonomy":"post_tag","embeddable":true,"href":"https:\/\/www.quebakan.com\/v15\/wp-json\/wp\/v2\/tags?post=136325"}],"curies":[{"name":"wp","href":"https:\/\/api.w.org\/{rel}","templated":true}]}}