{"id":136345,"date":"2025-10-15T23:34:27","date_gmt":"2025-10-16T04:34:27","guid":{"rendered":"https:\/\/www.quebakan.com\/v15\/?p=136345"},"modified":"2025-10-15T23:34:27","modified_gmt":"2025-10-16T04:34:27","slug":"uribe-schwarzkopf-aporta-con-su-vision-sobre-el-futuro-urbano-en-la-cumbre-de-arquitectura-de-cuenca","status":"publish","type":"post","link":"https:\/\/www.quebakan.com\/v15\/uribe-schwarzkopf-aporta-con-su-vision-sobre-el-futuro-urbano-en-la-cumbre-de-arquitectura-de-cuenca\/","title":{"rendered":"Uribe Schwarzkopf aporta con su visi\u00f3n sobre el futuro urbano en la Cumbre de Arquitectura de Cuenca"},"content":{"rendered":"<p><img fetchpriority=\"high\" decoding=\"async\" class=\"aligncenter size-full wp-image-136346\" src=\"https:\/\/www.quebakan.com\/v15\/wp-content\/uploads\/2025\/10\/retrato-Joseph-sentado.jpg\" alt=\"\" width=\"700\" height=\"465\" \/><\/p>\n<ul>\n<li style=\"text-align: justify;\"><span style=\"color: #000000;\">Del 14 al 17 de octubre en el Hotel Oro Verde, l\u00edderes nacionales e internacionales analizar\u00e1n el futuro de las ciudades.<\/span><\/li>\n<\/ul>\n<p style=\"text-align: justify;\"><span style=\"color: #000000;\"><strong>Cuenca, octubre de 2025.\u2013<\/strong> La capital azuaya ser\u00e1 sede, del 14 al 17 de octubre, de la Cumbre Internacional de Arquitectura, Patrimonio y Desarrollo Urbano e Inmobiliario, un encuentro de alto nivel que reunir\u00e1 a arquitectos, gremios profesionales, universidades, autoridades locales y representantes del sector p\u00fablico y privado. El prop\u00f3sito del evento es generar un espacio de reflexi\u00f3n sobre los retos y oportunidades de las ciudades del siglo XXI.<\/span><\/p>\n<p style=\"text-align: justify;\"><span style=\"color: #000000;\">El encuentro, que se desarrollar\u00e1 en el Hotel Oro Verde de Cuenca, busca consolidarse como un foro de di\u00e1logo y propuestas estrat\u00e9gicas que articulen el crecimiento urbano con la innovaci\u00f3n arquitect\u00f3nica, la sostenibilidad y la preservaci\u00f3n de la identidad cultural. En un contexto global marcado por desaf\u00edos sociales, ambientales y econ\u00f3micos, la Cumbre aspira a contribuir en la construcci\u00f3n de urbes m\u00e1s inclusivas, resilientes y sostenibles.<\/span><\/p>\n<p style=\"text-align: justify;\"><span style=\"color: #000000;\">Entre los ponentes destacados se encuentran Tommy y Joseph Schwarzkopf, referentes del urbanismo y la arquitectura sostenible en Quito. En su intervenci\u00f3n, Joseph Schwarzkopf abordar\u00e1 temas relacionados con la transformaci\u00f3n del skyline de Quito y Guayaquil, impulsada por la integraci\u00f3n de arquitectura de clase mundial con la identidad local.<\/span><\/p>\n<p style=\"text-align: justify;\"><span style=\"color: #000000;\">El vocero tambi\u00e9n reflexionar\u00e1 sobre el dise\u00f1o como un catalizador de cambios positivos, destacando la importancia de las alianzas con arquitectos nacionales e internacionales y el desarrollo de nuevos conceptos inmobiliarios que promuevan la innovaci\u00f3n y el bienestar urbano.<\/span><\/p>\n<p style=\"text-align: justify;\"><span style=\"color: #000000;\">Asimismo, presentar\u00e1 la visi\u00f3n de la \u201cCiudad de 15 minutos\u201d, un modelo que Uribe Schwarzkopf incorpora en sus proyectos a trav\u00e9s de desarrollos verticales de uso mixto, que integran vivienda, servicios, comercio, amenidades y equipamientos urbanos. Ejemplo de ello son las conexiones con el Parque La Carolina y el Metro en Quito, as\u00ed como con el r\u00edo y el Malec\u00f3n en Guayaquil.<\/span><\/p>\n<p style=\"text-align: justify;\"><span style=\"color: #000000;\">Finalmente, abordar\u00e1 el compromiso de la empresa con la sostenibilidad y la equidad de g\u00e9nero, mediante la aplicaci\u00f3n de est\u00e1ndares y certificaciones de arquitectura sostenible y la inclusi\u00f3n de m\u00e1s mujeres en la construcci\u00f3n, contribuyendo a derribar estereotipos en una industria hist\u00f3ricamente masculina.<\/span><\/p>\n<p style=\"text-align: justify;\"><span style=\"color: #000000;\">Adem\u00e1s de las conferencias magistrales, la Cumbre incluir\u00e1 mesas de di\u00e1logo, talleres acad\u00e9micos y presentaciones de casos de \u00e9xito internacionales, con el fin de fortalecer el intercambio de conocimientos y la colaboraci\u00f3n entre los distintos actores involucrados en la transformaci\u00f3n urbana.<\/span><\/p>\n<p style=\"text-align: justify;\"><span style=\"color: #000000;\">La Cumbre Internacional de Arquitectura, Patrimonio y Desarrollo Urbano e Inmobiliario se consolida as\u00ed como una cita ineludible para quienes buscan comprender y aportar al desarrollo de ciudades que equilibren el progreso con la preservaci\u00f3n de su esencia cultural.<\/span><\/p>\n","protected":false},"excerpt":{"rendered":"<p>Del 14 al 17 de octubre en el Hotel Oro Verde, l\u00edderes nacionales e internacionales analizar\u00e1n el futuro de las ciudades. Cuenca, octubre de 2025.\u2013 La capital azuaya ser\u00e1 sede, del 14 al 17 de octubre, de la Cumbre Internacional de Arquitectura, Patrimonio y Desarrollo Urbano e Inmobiliario, un encuentro de alto nivel que reunir\u00e1 [&hellip;]<\/p>\n","protected":false},"author":4,"featured_media":136346,"comment_status":"closed","ping_status":"closed","sticky":false,"template":"","format":"standard","meta":{"_bbp_topic_count":0,"_bbp_reply_count":0,"_bbp_total_topic_count":0,"_bbp_total_reply_count":0,"_bbp_voice_count":0,"_bbp_anonymous_reply_count":0,"_bbp_topic_count_hidden":0,"_bbp_reply_count_hidden":0,"_bbp_forum_subforum_count":0,"buzzeditor_post_format":"","footnotes":""},"categories":[2],"tags":[],"class_list":["post-136345","post","type-post","status-publish","format-standard","has-post-thumbnail","hentry","category-noticias"],"yoast_head":"<!-- This site is optimized with the Yoast SEO plugin v27.5 - https:\/\/yoast.com\/product\/yoast-seo-wordpress\/ -->\n<title>Uribe Schwarzkopf aporta con su visi\u00f3n sobre el futuro urbano en la Cumbre de Arquitectura de Cuenca &#8211; QUEBAKAN.COM 2026: Noticias, Eventos, Conciertos y mucho m\u00e1s....<\/title>\n<meta name=\"robots\" content=\"index, follow, max-snippet:-1, max-image-preview:large, max-video-preview:-1\" \/>\n<link rel=\"canonical\" href=\"https:\/\/www.quebakan.com\/v15\/uribe-schwarzkopf-aporta-con-su-vision-sobre-el-futuro-urbano-en-la-cumbre-de-arquitectura-de-cuenca\/\" \/>\n<meta property=\"og:locale\" content=\"es_ES\" \/>\n<meta property=\"og:type\" content=\"article\" \/>\n<meta property=\"og:title\" content=\"Uribe Schwarzkopf aporta con su visi\u00f3n sobre el futuro urbano en la Cumbre de Arquitectura de Cuenca &#8211; QUEBAKAN.COM 2026: Noticias, Eventos, Conciertos y mucho m\u00e1s....\" \/>\n<meta property=\"og:description\" content=\"Del 14 al 17 de octubre en el Hotel Oro Verde, l\u00edderes nacionales e internacionales analizar\u00e1n el futuro de las ciudades. Cuenca, octubre de 2025.\u2013 La capital azuaya ser\u00e1 sede, del 14 al 17 de octubre, de la Cumbre Internacional de Arquitectura, Patrimonio y Desarrollo Urbano e Inmobiliario, un encuentro de alto nivel que reunir\u00e1 [&hellip;]\" \/>\n<meta property=\"og:url\" content=\"https:\/\/www.quebakan.com\/v15\/uribe-schwarzkopf-aporta-con-su-vision-sobre-el-futuro-urbano-en-la-cumbre-de-arquitectura-de-cuenca\/\" \/>\n<meta property=\"og:site_name\" content=\"QUEBAKAN.COM 2026: Noticias, Eventos, Conciertos y mucho m\u00e1s....\" \/>\n<meta property=\"article:publisher\" content=\"http:\/\/www.facebook.com\/quebakan\" \/>\n<meta property=\"article:published_time\" content=\"2025-10-16T04:34:27+00:00\" \/>\n<meta property=\"og:image\" content=\"https:\/\/www.quebakan.com\/v15\/wp-content\/uploads\/2025\/10\/retrato-Joseph-sentado.jpg\" \/>\n\t<meta property=\"og:image:width\" content=\"700\" \/>\n\t<meta property=\"og:image:height\" content=\"465\" \/>\n\t<meta property=\"og:image:type\" content=\"image\/jpeg\" \/>\n<meta name=\"author\" content=\"Erick Villafuerte\" \/>\n<meta name=\"twitter:card\" content=\"summary_large_image\" \/>\n<meta name=\"twitter:creator\" content=\"@quebakanec\" \/>\n<meta name=\"twitter:site\" content=\"@quebakanec\" \/>\n<meta name=\"twitter:label1\" content=\"Escrito por\" \/>\n\t<meta name=\"twitter:data1\" content=\"Erick Villafuerte\" \/>\n\t<meta name=\"twitter:label2\" content=\"Tiempo de lectura\" \/>\n\t<meta name=\"twitter:data2\" content=\"3 minutos\" \/>\n<script type=\"application\/ld+json\" class=\"yoast-schema-graph\">{\"@context\":\"https:\\\/\\\/schema.org\",\"@graph\":[{\"@type\":\"Article\",\"@id\":\"https:\\\/\\\/www.quebakan.com\\\/v15\\\/uribe-schwarzkopf-aporta-con-su-vision-sobre-el-futuro-urbano-en-la-cumbre-de-arquitectura-de-cuenca\\\/#article\",\"isPartOf\":{\"@id\":\"https:\\\/\\\/www.quebakan.com\\\/v15\\\/uribe-schwarzkopf-aporta-con-su-vision-sobre-el-futuro-urbano-en-la-cumbre-de-arquitectura-de-cuenca\\\/\"},\"author\":{\"name\":\"Erick Villafuerte\",\"@id\":\"https:\\\/\\\/www.quebakan.com\\\/v15\\\/#\\\/schema\\\/person\\\/d90fa9f9cfa81eb8ace9811e5b7b9118\"},\"headline\":\"Uribe Schwarzkopf aporta con su visi\u00f3n sobre el futuro urbano en la Cumbre de Arquitectura de Cuenca\",\"datePublished\":\"2025-10-16T04:34:27+00:00\",\"mainEntityOfPage\":{\"@id\":\"https:\\\/\\\/www.quebakan.com\\\/v15\\\/uribe-schwarzkopf-aporta-con-su-vision-sobre-el-futuro-urbano-en-la-cumbre-de-arquitectura-de-cuenca\\\/\"},\"wordCount\":478,\"publisher\":{\"@id\":\"https:\\\/\\\/www.quebakan.com\\\/v15\\\/#organization\"},\"image\":{\"@id\":\"https:\\\/\\\/www.quebakan.com\\\/v15\\\/uribe-schwarzkopf-aporta-con-su-vision-sobre-el-futuro-urbano-en-la-cumbre-de-arquitectura-de-cuenca\\\/#primaryimage\"},\"thumbnailUrl\":\"https:\\\/\\\/www.quebakan.com\\\/v15\\\/wp-content\\\/uploads\\\/2025\\\/10\\\/retrato-Joseph-sentado.jpg\",\"articleSection\":[\"Noticias\"],\"inLanguage\":\"es\"},{\"@type\":\"WebPage\",\"@id\":\"https:\\\/\\\/www.quebakan.com\\\/v15\\\/uribe-schwarzkopf-aporta-con-su-vision-sobre-el-futuro-urbano-en-la-cumbre-de-arquitectura-de-cuenca\\\/\",\"url\":\"https:\\\/\\\/www.quebakan.com\\\/v15\\\/uribe-schwarzkopf-aporta-con-su-vision-sobre-el-futuro-urbano-en-la-cumbre-de-arquitectura-de-cuenca\\\/\",\"name\":\"Uribe Schwarzkopf aporta con su visi\u00f3n sobre el futuro urbano en la Cumbre de Arquitectura de Cuenca &#8211; QUEBAKAN.COM 2026: Noticias, Eventos, Conciertos y mucho m\u00e1s....\",\"isPartOf\":{\"@id\":\"https:\\\/\\\/www.quebakan.com\\\/v15\\\/#website\"},\"primaryImageOfPage\":{\"@id\":\"https:\\\/\\\/www.quebakan.com\\\/v15\\\/uribe-schwarzkopf-aporta-con-su-vision-sobre-el-futuro-urbano-en-la-cumbre-de-arquitectura-de-cuenca\\\/#primaryimage\"},\"image\":{\"@id\":\"https:\\\/\\\/www.quebakan.com\\\/v15\\\/uribe-schwarzkopf-aporta-con-su-vision-sobre-el-futuro-urbano-en-la-cumbre-de-arquitectura-de-cuenca\\\/#primaryimage\"},\"thumbnailUrl\":\"https:\\\/\\\/www.quebakan.com\\\/v15\\\/wp-content\\\/uploads\\\/2025\\\/10\\\/retrato-Joseph-sentado.jpg\",\"datePublished\":\"2025-10-16T04:34:27+00:00\",\"breadcrumb\":{\"@id\":\"https:\\\/\\\/www.quebakan.com\\\/v15\\\/uribe-schwarzkopf-aporta-con-su-vision-sobre-el-futuro-urbano-en-la-cumbre-de-arquitectura-de-cuenca\\\/#breadcrumb\"},\"inLanguage\":\"es\",\"potentialAction\":[{\"@type\":\"ReadAction\",\"target\":[\"https:\\\/\\\/www.quebakan.com\\\/v15\\\/uribe-schwarzkopf-aporta-con-su-vision-sobre-el-futuro-urbano-en-la-cumbre-de-arquitectura-de-cuenca\\\/\"]}]},{\"@type\":\"ImageObject\",\"inLanguage\":\"es\",\"@id\":\"https:\\\/\\\/www.quebakan.com\\\/v15\\\/uribe-schwarzkopf-aporta-con-su-vision-sobre-el-futuro-urbano-en-la-cumbre-de-arquitectura-de-cuenca\\\/#primaryimage\",\"url\":\"https:\\\/\\\/www.quebakan.com\\\/v15\\\/wp-content\\\/uploads\\\/2025\\\/10\\\/retrato-Joseph-sentado.jpg\",\"contentUrl\":\"https:\\\/\\\/www.quebakan.com\\\/v15\\\/wp-content\\\/uploads\\\/2025\\\/10\\\/retrato-Joseph-sentado.jpg\",\"width\":700,\"height\":465},{\"@type\":\"BreadcrumbList\",\"@id\":\"https:\\\/\\\/www.quebakan.com\\\/v15\\\/uribe-schwarzkopf-aporta-con-su-vision-sobre-el-futuro-urbano-en-la-cumbre-de-arquitectura-de-cuenca\\\/#breadcrumb\",\"itemListElement\":[{\"@type\":\"ListItem\",\"position\":1,\"name\":\"Portada\",\"item\":\"https:\\\/\\\/www.quebakan.com\\\/v15\\\/\"},{\"@type\":\"ListItem\",\"position\":2,\"name\":\"Uribe Schwarzkopf aporta con su visi\u00f3n sobre el futuro urbano en la Cumbre de Arquitectura de Cuenca\"}]},{\"@type\":\"WebSite\",\"@id\":\"https:\\\/\\\/www.quebakan.com\\\/v15\\\/#website\",\"url\":\"https:\\\/\\\/www.quebakan.com\\\/v15\\\/\",\"name\":\"QUEBAKAN\",\"description\":\"..\",\"publisher\":{\"@id\":\"https:\\\/\\\/www.quebakan.com\\\/v15\\\/#organization\"},\"potentialAction\":[{\"@type\":\"SearchAction\",\"target\":{\"@type\":\"EntryPoint\",\"urlTemplate\":\"https:\\\/\\\/www.quebakan.com\\\/v15\\\/?s={search_term_string}\"},\"query-input\":{\"@type\":\"PropertyValueSpecification\",\"valueRequired\":true,\"valueName\":\"search_term_string\"}}],\"inLanguage\":\"es\"},{\"@type\":\"Organization\",\"@id\":\"https:\\\/\\\/www.quebakan.com\\\/v15\\\/#organization\",\"name\":\"Quebakan.com\",\"url\":\"https:\\\/\\\/www.quebakan.com\\\/v15\\\/\",\"logo\":{\"@type\":\"ImageObject\",\"inLanguage\":\"es\",\"@id\":\"https:\\\/\\\/www.quebakan.com\\\/v15\\\/#\\\/schema\\\/logo\\\/image\\\/\",\"url\":\"https:\\\/\\\/www.quebakan.com\\\/v15\\\/wp-content\\\/uploads\\\/2023\\\/07\\\/logoquebakanenero2021.jpg\",\"contentUrl\":\"https:\\\/\\\/www.quebakan.com\\\/v15\\\/wp-content\\\/uploads\\\/2023\\\/07\\\/logoquebakanenero2021.jpg\",\"width\":1920,\"height\":1080,\"caption\":\"Quebakan.com\"},\"image\":{\"@id\":\"https:\\\/\\\/www.quebakan.com\\\/v15\\\/#\\\/schema\\\/logo\\\/image\\\/\"},\"sameAs\":[\"http:\\\/\\\/www.facebook.com\\\/quebakan\",\"https:\\\/\\\/x.com\\\/quebakanec\",\"http:\\\/\\\/www.instagram.com\\\/quebakan\",\"http:\\\/\\\/www.youtube.com\\\/quebakan1\"]},{\"@type\":\"Person\",\"@id\":\"https:\\\/\\\/www.quebakan.com\\\/v15\\\/#\\\/schema\\\/person\\\/d90fa9f9cfa81eb8ace9811e5b7b9118\",\"name\":\"Erick Villafuerte\",\"image\":{\"@type\":\"ImageObject\",\"inLanguage\":\"es\",\"@id\":\"https:\\\/\\\/www.quebakan.com\\\/v15\\\/wp-content\\\/uploads\\\/avatars\\\/4\\\/1731297654-bpfull.png\",\"url\":\"https:\\\/\\\/www.quebakan.com\\\/v15\\\/wp-content\\\/uploads\\\/avatars\\\/4\\\/1731297654-bpfull.png\",\"contentUrl\":\"https:\\\/\\\/www.quebakan.com\\\/v15\\\/wp-content\\\/uploads\\\/avatars\\\/4\\\/1731297654-bpfull.png\",\"caption\":\"Erick Villafuerte\"}}]}<\/script>\n<!-- \/ Yoast SEO plugin. -->","yoast_head_json":{"title":"Uribe Schwarzkopf aporta con su visi\u00f3n sobre el futuro urbano en la Cumbre de Arquitectura de Cuenca &#8211; QUEBAKAN.COM 2026: Noticias, Eventos, Conciertos y mucho m\u00e1s....","robots":{"index":"index","follow":"follow","max-snippet":"max-snippet:-1","max-image-preview":"max-image-preview:large","max-video-preview":"max-video-preview:-1"},"canonical":"https:\/\/www.quebakan.com\/v15\/uribe-schwarzkopf-aporta-con-su-vision-sobre-el-futuro-urbano-en-la-cumbre-de-arquitectura-de-cuenca\/","og_locale":"es_ES","og_type":"article","og_title":"Uribe Schwarzkopf aporta con su visi\u00f3n sobre el futuro urbano en la Cumbre de Arquitectura de Cuenca &#8211; QUEBAKAN.COM 2026: Noticias, Eventos, Conciertos y mucho m\u00e1s....","og_description":"Del 14 al 17 de octubre en el Hotel Oro Verde, l\u00edderes nacionales e internacionales analizar\u00e1n el futuro de las ciudades. Cuenca, octubre de 2025.\u2013 La capital azuaya ser\u00e1 sede, del 14 al 17 de octubre, de la Cumbre Internacional de Arquitectura, Patrimonio y Desarrollo Urbano e Inmobiliario, un encuentro de alto nivel que reunir\u00e1 [&hellip;]","og_url":"https:\/\/www.quebakan.com\/v15\/uribe-schwarzkopf-aporta-con-su-vision-sobre-el-futuro-urbano-en-la-cumbre-de-arquitectura-de-cuenca\/","og_site_name":"QUEBAKAN.COM 2026: Noticias, Eventos, Conciertos y mucho m\u00e1s....","article_publisher":"http:\/\/www.facebook.com\/quebakan","article_published_time":"2025-10-16T04:34:27+00:00","og_image":[{"width":700,"height":465,"url":"https:\/\/www.quebakan.com\/v15\/wp-content\/uploads\/2025\/10\/retrato-Joseph-sentado.jpg","type":"image\/jpeg"}],"author":"Erick Villafuerte","twitter_card":"summary_large_image","twitter_creator":"@quebakanec","twitter_site":"@quebakanec","twitter_misc":{"Escrito por":"Erick Villafuerte","Tiempo de lectura":"3 minutos"},"schema":{"@context":"https:\/\/schema.org","@graph":[{"@type":"Article","@id":"https:\/\/www.quebakan.com\/v15\/uribe-schwarzkopf-aporta-con-su-vision-sobre-el-futuro-urbano-en-la-cumbre-de-arquitectura-de-cuenca\/#article","isPartOf":{"@id":"https:\/\/www.quebakan.com\/v15\/uribe-schwarzkopf-aporta-con-su-vision-sobre-el-futuro-urbano-en-la-cumbre-de-arquitectura-de-cuenca\/"},"author":{"name":"Erick Villafuerte","@id":"https:\/\/www.quebakan.com\/v15\/#\/schema\/person\/d90fa9f9cfa81eb8ace9811e5b7b9118"},"headline":"Uribe Schwarzkopf aporta con su visi\u00f3n sobre el futuro urbano en la Cumbre de Arquitectura de Cuenca","datePublished":"2025-10-16T04:34:27+00:00","mainEntityOfPage":{"@id":"https:\/\/www.quebakan.com\/v15\/uribe-schwarzkopf-aporta-con-su-vision-sobre-el-futuro-urbano-en-la-cumbre-de-arquitectura-de-cuenca\/"},"wordCount":478,"publisher":{"@id":"https:\/\/www.quebakan.com\/v15\/#organization"},"image":{"@id":"https:\/\/www.quebakan.com\/v15\/uribe-schwarzkopf-aporta-con-su-vision-sobre-el-futuro-urbano-en-la-cumbre-de-arquitectura-de-cuenca\/#primaryimage"},"thumbnailUrl":"https:\/\/www.quebakan.com\/v15\/wp-content\/uploads\/2025\/10\/retrato-Joseph-sentado.jpg","articleSection":["Noticias"],"inLanguage":"es"},{"@type":"WebPage","@id":"https:\/\/www.quebakan.com\/v15\/uribe-schwarzkopf-aporta-con-su-vision-sobre-el-futuro-urbano-en-la-cumbre-de-arquitectura-de-cuenca\/","url":"https:\/\/www.quebakan.com\/v15\/uribe-schwarzkopf-aporta-con-su-vision-sobre-el-futuro-urbano-en-la-cumbre-de-arquitectura-de-cuenca\/","name":"Uribe Schwarzkopf aporta con su visi\u00f3n sobre el futuro urbano en la Cumbre de Arquitectura de Cuenca &#8211; QUEBAKAN.COM 2026: Noticias, Eventos, Conciertos y mucho m\u00e1s....","isPartOf":{"@id":"https:\/\/www.quebakan.com\/v15\/#website"},"primaryImageOfPage":{"@id":"https:\/\/www.quebakan.com\/v15\/uribe-schwarzkopf-aporta-con-su-vision-sobre-el-futuro-urbano-en-la-cumbre-de-arquitectura-de-cuenca\/#primaryimage"},"image":{"@id":"https:\/\/www.quebakan.com\/v15\/uribe-schwarzkopf-aporta-con-su-vision-sobre-el-futuro-urbano-en-la-cumbre-de-arquitectura-de-cuenca\/#primaryimage"},"thumbnailUrl":"https:\/\/www.quebakan.com\/v15\/wp-content\/uploads\/2025\/10\/retrato-Joseph-sentado.jpg","datePublished":"2025-10-16T04:34:27+00:00","breadcrumb":{"@id":"https:\/\/www.quebakan.com\/v15\/uribe-schwarzkopf-aporta-con-su-vision-sobre-el-futuro-urbano-en-la-cumbre-de-arquitectura-de-cuenca\/#breadcrumb"},"inLanguage":"es","potentialAction":[{"@type":"ReadAction","target":["https:\/\/www.quebakan.com\/v15\/uribe-schwarzkopf-aporta-con-su-vision-sobre-el-futuro-urbano-en-la-cumbre-de-arquitectura-de-cuenca\/"]}]},{"@type":"ImageObject","inLanguage":"es","@id":"https:\/\/www.quebakan.com\/v15\/uribe-schwarzkopf-aporta-con-su-vision-sobre-el-futuro-urbano-en-la-cumbre-de-arquitectura-de-cuenca\/#primaryimage","url":"https:\/\/www.quebakan.com\/v15\/wp-content\/uploads\/2025\/10\/retrato-Joseph-sentado.jpg","contentUrl":"https:\/\/www.quebakan.com\/v15\/wp-content\/uploads\/2025\/10\/retrato-Joseph-sentado.jpg","width":700,"height":465},{"@type":"BreadcrumbList","@id":"https:\/\/www.quebakan.com\/v15\/uribe-schwarzkopf-aporta-con-su-vision-sobre-el-futuro-urbano-en-la-cumbre-de-arquitectura-de-cuenca\/#breadcrumb","itemListElement":[{"@type":"ListItem","position":1,"name":"Portada","item":"https:\/\/www.quebakan.com\/v15\/"},{"@type":"ListItem","position":2,"name":"Uribe Schwarzkopf aporta con su visi\u00f3n sobre el futuro urbano en la Cumbre de Arquitectura de Cuenca"}]},{"@type":"WebSite","@id":"https:\/\/www.quebakan.com\/v15\/#website","url":"https:\/\/www.quebakan.com\/v15\/","name":"QUEBAKAN","description":"..","publisher":{"@id":"https:\/\/www.quebakan.com\/v15\/#organization"},"potentialAction":[{"@type":"SearchAction","target":{"@type":"EntryPoint","urlTemplate":"https:\/\/www.quebakan.com\/v15\/?s={search_term_string}"},"query-input":{"@type":"PropertyValueSpecification","valueRequired":true,"valueName":"search_term_string"}}],"inLanguage":"es"},{"@type":"Organization","@id":"https:\/\/www.quebakan.com\/v15\/#organization","name":"Quebakan.com","url":"https:\/\/www.quebakan.com\/v15\/","logo":{"@type":"ImageObject","inLanguage":"es","@id":"https:\/\/www.quebakan.com\/v15\/#\/schema\/logo\/image\/","url":"https:\/\/www.quebakan.com\/v15\/wp-content\/uploads\/2023\/07\/logoquebakanenero2021.jpg","contentUrl":"https:\/\/www.quebakan.com\/v15\/wp-content\/uploads\/2023\/07\/logoquebakanenero2021.jpg","width":1920,"height":1080,"caption":"Quebakan.com"},"image":{"@id":"https:\/\/www.quebakan.com\/v15\/#\/schema\/logo\/image\/"},"sameAs":["http:\/\/www.facebook.com\/quebakan","https:\/\/x.com\/quebakanec","http:\/\/www.instagram.com\/quebakan","http:\/\/www.youtube.com\/quebakan1"]},{"@type":"Person","@id":"https:\/\/www.quebakan.com\/v15\/#\/schema\/person\/d90fa9f9cfa81eb8ace9811e5b7b9118","name":"Erick Villafuerte","image":{"@type":"ImageObject","inLanguage":"es","@id":"https:\/\/www.quebakan.com\/v15\/wp-content\/uploads\/avatars\/4\/1731297654-bpfull.png","url":"https:\/\/www.quebakan.com\/v15\/wp-content\/uploads\/avatars\/4\/1731297654-bpfull.png","contentUrl":"https:\/\/www.quebakan.com\/v15\/wp-content\/uploads\/avatars\/4\/1731297654-bpfull.png","caption":"Erick Villafuerte"}}]}},"_links":{"self":[{"href":"https:\/\/www.quebakan.com\/v15\/wp-json\/wp\/v2\/posts\/136345","targetHints":{"allow":["GET"]}}],"collection":[{"href":"https:\/\/www.quebakan.com\/v15\/wp-json\/wp\/v2\/posts"}],"about":[{"href":"https:\/\/www.quebakan.com\/v15\/wp-json\/wp\/v2\/types\/post"}],"author":[{"embeddable":true,"href":"https:\/\/www.quebakan.com\/v15\/wp-json\/wp\/v2\/users\/4"}],"replies":[{"embeddable":true,"href":"https:\/\/www.quebakan.com\/v15\/wp-json\/wp\/v2\/comments?post=136345"}],"version-history":[{"count":1,"href":"https:\/\/www.quebakan.com\/v15\/wp-json\/wp\/v2\/posts\/136345\/revisions"}],"predecessor-version":[{"id":136347,"href":"https:\/\/www.quebakan.com\/v15\/wp-json\/wp\/v2\/posts\/136345\/revisions\/136347"}],"wp:featuredmedia":[{"embeddable":true,"href":"https:\/\/www.quebakan.com\/v15\/wp-json\/wp\/v2\/media\/136346"}],"wp:attachment":[{"href":"https:\/\/www.quebakan.com\/v15\/wp-json\/wp\/v2\/media?parent=136345"}],"wp:term":[{"taxonomy":"category","embeddable":true,"href":"https:\/\/www.quebakan.com\/v15\/wp-json\/wp\/v2\/categories?post=136345"},{"taxonomy":"post_tag","embeddable":true,"href":"https:\/\/www.quebakan.com\/v15\/wp-json\/wp\/v2\/tags?post=136345"}],"curies":[{"name":"wp","href":"https:\/\/api.w.org\/{rel}","templated":true}]}}