{"id":136429,"date":"2025-10-17T16:18:02","date_gmt":"2025-10-17T21:18:02","guid":{"rendered":"https:\/\/www.quebakan.com\/v15\/?p=136429"},"modified":"2025-10-17T16:18:02","modified_gmt":"2025-10-17T21:18:02","slug":"nestle-ecuador-celebra-70-anos-de-historias-compartidas-e-impulsa-una-inversion-de-usd-63-millones-para-innovacion-y-productividad","status":"publish","type":"post","link":"https:\/\/www.quebakan.com\/v15\/nestle-ecuador-celebra-70-anos-de-historias-compartidas-e-impulsa-una-inversion-de-usd-63-millones-para-innovacion-y-productividad\/","title":{"rendered":"Nestl\u00e9 Ecuador celebra 70 a\u00f1os de \u201cHistorias Compartidas\u201d e impulsa una inversi\u00f3n de USD 63 millones para innovaci\u00f3n y productividad"},"content":{"rendered":"<p><img fetchpriority=\"high\" decoding=\"async\" class=\"aligncenter size-full wp-image-136430\" src=\"https:\/\/www.quebakan.com\/v15\/wp-content\/uploads\/2025\/10\/Evento-70-anos.jpg\" alt=\"\" width=\"700\" height=\"467\" \/><\/p>\n<p style=\"text-align: justify;\"><span style=\"color: #000000;\"><strong>Pie de foto. De izquierda a derecha:<\/strong> Eduardo Figueiredo, Vicepresidente de Finanzas y Control de Nestl\u00e9 Ecuador, Ec. Andr\u00e9s Robalino, Viceministro de Producci\u00f3n e Industrias; Josu\u00e9 De La Maza, Presidente Ejecutivo de Nestl\u00e9 Ecuador; Viviana Valdivieso, Vicepresidenta de Marketing y Comunicaciones de Nestl\u00e9 Ecuador; Pedro Ospina, Vicepresidente Legal, Corporativo &amp; Sostenibilidad de Nestl\u00e9 Ecuador.<\/span><\/p>\n<p style=\"text-align: justify;\"><span style=\"color: #000000;\"><strong>Quito, 8 de octubre de 2025.<\/strong> \u2013 Nestl\u00e9 Ecuador, reconocida como la <strong>empresa n\u00famero uno en alimentos y bebidas<\/strong> en reputaci\u00f3n corporativa, seg\u00fan MERCO Ecuador, celebra siete d\u00e9cadas de historias compartidas con los ecuatorianos. En este marco, anuncia una <strong>inversi\u00f3n hist\u00f3rica de USD 63 millones en los pr\u00f3ximos tres a\u00f1os <\/strong>para modernizar sus plantas, impulsar la innovaci\u00f3n y elevar la productividad. Este compromiso reafirma la confianza de la compa\u00f1\u00eda en el Ecuador y en su gente, con quienes ha construido un camino de progreso, sostenibilidad y bienestar.<\/span><\/p>\n<p style=\"text-align: justify;\"><span style=\"color: #000000;\">Desde su llegada en 1955, Nestl\u00e9 Ecuador ha construido <em>historias compartidas<\/em> con agricultores, proveedores, colaboradores y familias ecuatorianas, consolid\u00e1ndose como un referente de calidad, confianza e innovaci\u00f3n en la industria alimentaria. Hoy, con m\u00e1s del <strong>95% de su producci\u00f3n local<\/strong>, un equipo de m\u00e1s de <strong>1.800 colaboradores<\/strong> y una <strong>penetraci\u00f3n del 99% en los hogares ecuatorianos seg\u00fan Kantar Worldpanel<\/strong>, la compa\u00f1\u00eda se proyecta hacia el futuro con una visi\u00f3n sostenible y de largo plazo.<\/span><\/p>\n<p style=\"text-align: justify;\"><span style=\"color: #000000;\"><em>\u201cCumplir 70 a\u00f1os en Ecuador es motivo de orgullo, pero, sobre todo, un compromiso con el futuro. Nuestra confianza en el pa\u00eds se refleja en esta inversi\u00f3n destinada a modernizar nuestras operaciones, impulsar el talento local y promover una producci\u00f3n responsable con el ambiente\u201d,<\/em> se\u00f1al\u00f3 Josu\u00e9 De La Maza, presidente ejecutivo de Nestl\u00e9 Ecuador.<\/span><\/p>\n<p style=\"text-align: justify;\"><span style=\"color: #000000;\"><strong>Un portafolio que conecta con las familias<\/strong><\/span><\/p>\n<p style=\"text-align: justify;\"><span style=\"color: #000000;\">Nestl\u00e9 Ecuador ofrece un portafolio amplio que acompa\u00f1a a las familias ecuatorianas en todas las etapas de su vida, con categor\u00edas como culinarios, caf\u00e9s, nutrici\u00f3n infantil, cereales, chocolates, galletas, y alimentos para mascotas. Marcas emblem\u00e1ticas como Maggi\u00ae, Nescaf\u00e9\u00ae, Galletas Amor\u00ae, Tango\u00ae, Nature\u2019s Heart\u00ae y Purina\u00ae forman parte del d\u00eda a d\u00eda de millones de hogares, reflejando la calidad, innovaci\u00f3n y confianza que caracterizan a la compa\u00f1\u00eda.<\/span><\/p>\n<p style=\"text-align: justify;\"><span style=\"color: #000000;\"><strong>Creaci\u00f3n de valor compartido, un legado de 70 a\u00f1os<\/strong><\/span><\/p>\n<p style=\"text-align: justify;\"><span style=\"color: #000000;\">Desde el inicio de la operaci\u00f3n de Nestl\u00e9 Ecuador se han impulsado iniciativas que combinan innovaci\u00f3n, sostenibilidad y desarrollo social.<\/span><\/p>\n<p style=\"text-align: justify;\"><span style=\"color: #000000;\">Hoy somos reconocidos por nuestro liderazgo en creaci\u00f3n de valor compartido, ubic\u00e1ndonos como la empresa de alimentos n\u00famero 1 en Merco ESG por segundo a\u00f1o consecutivo, y top 3 en el ranking general, reforzando as\u00ed nuestra reputaci\u00f3n y el impacto de nuestras iniciativas a nivel local:<\/span><\/p>\n<ul style=\"text-align: justify;\">\n<li><span style=\"color: #000000;\"><strong>Plan Cacao<\/strong>: m\u00e1s de <strong>500 agricultores <\/strong>beneficiados <strong>en 11 provincias<\/strong>, fomentando la agricultura regenerativa y pr\u00e1cticas sostenibles.<\/span><\/li>\n<li><span style=\"color: #000000;\"><strong>Iniciativa por los J\u00f3venes<\/strong>: nuestro compromiso con el futuro tambi\u00e9n incluye a los j\u00f3venes, desde el 2015 m\u00e1s de <strong>000 j\u00f3venes <\/strong>han sido impactados a trav\u00e9s de programas de empleabilidad<strong>, <\/strong>emprendimiento y agroemprendimiento.<\/span><\/li>\n<li><span style=\"color: #000000;\"><strong>Nescuelita de Nestl\u00e9<\/strong>: Primer espacio educativo gratuito para promover h\u00e1bitos saludables y nutrici\u00f3n, llegando a m\u00e1s de <strong>400 ni\u00f1os<\/strong> en el primer a\u00f1o de operaci\u00f3n.<\/span><\/li>\n<\/ul>\n<p style=\"text-align: justify;\"><span style=\"color: #000000;\"><strong>Iniciativa RE<\/strong>: <strong>Recuperaci\u00f3n<\/strong> de <strong>m\u00e1s de 10 mil toneladas de pl\u00e1stico<\/strong>, con el apoyo de aliados estrat\u00e9gicos: Gira y Renarec. En el caso de Renarec se ha impactado a m\u00e1s de 750 recicladores de base, donde el 70% son mujeres jefas de hogar.<\/span><\/p>\n<p style=\"text-align: justify;\">\n<p style=\"text-align: justify;\"><span style=\"color: #000000;\">Nestl\u00e9 Ecuador celebra este aniversario reafirmando su compromiso con el pa\u00eds. Cada producto, cada inversi\u00f3n y cada alianza forman parte de un mismo prop\u00f3sito: seguir construyendo un Ecuador m\u00e1s innovador, inclusivo y sostenible, donde la confianza y el talento impulsen nuevas <em>historias compartidas<\/em>.<\/span><\/p>\n","protected":false},"excerpt":{"rendered":"<p>Pie de foto. De izquierda a derecha: Eduardo Figueiredo, Vicepresidente de Finanzas y Control de Nestl\u00e9 Ecuador, Ec. Andr\u00e9s Robalino, Viceministro de Producci\u00f3n e Industrias; Josu\u00e9 De La Maza, Presidente Ejecutivo de Nestl\u00e9 Ecuador; Viviana Valdivieso, Vicepresidenta de Marketing y Comunicaciones de Nestl\u00e9 Ecuador; Pedro Ospina, Vicepresidente Legal, Corporativo &amp; Sostenibilidad de Nestl\u00e9 Ecuador. Quito, [&hellip;]<\/p>\n","protected":false},"author":4,"featured_media":136430,"comment_status":"closed","ping_status":"closed","sticky":false,"template":"","format":"standard","meta":{"_bbp_topic_count":0,"_bbp_reply_count":0,"_bbp_total_topic_count":0,"_bbp_total_reply_count":0,"_bbp_voice_count":0,"_bbp_anonymous_reply_count":0,"_bbp_topic_count_hidden":0,"_bbp_reply_count_hidden":0,"_bbp_forum_subforum_count":0,"buzzeditor_post_format":"","footnotes":""},"categories":[2],"tags":[],"class_list":["post-136429","post","type-post","status-publish","format-standard","has-post-thumbnail","hentry","category-noticias"],"yoast_head":"<!-- This site is optimized with the Yoast SEO plugin v27.5 - https:\/\/yoast.com\/product\/yoast-seo-wordpress\/ -->\n<title>Nestl\u00e9 Ecuador celebra 70 a\u00f1os de \u201cHistorias Compartidas\u201d e impulsa una inversi\u00f3n de USD 63 millones para innovaci\u00f3n y productividad &#8211; QUEBAKAN.COM 2026: Noticias, Eventos, Conciertos y mucho m\u00e1s....<\/title>\n<meta name=\"robots\" content=\"index, follow, max-snippet:-1, max-image-preview:large, max-video-preview:-1\" \/>\n<link rel=\"canonical\" href=\"https:\/\/www.quebakan.com\/v15\/nestle-ecuador-celebra-70-anos-de-historias-compartidas-e-impulsa-una-inversion-de-usd-63-millones-para-innovacion-y-productividad\/\" \/>\n<meta property=\"og:locale\" content=\"es_ES\" \/>\n<meta property=\"og:type\" content=\"article\" \/>\n<meta property=\"og:title\" content=\"Nestl\u00e9 Ecuador celebra 70 a\u00f1os de \u201cHistorias Compartidas\u201d e impulsa una inversi\u00f3n de USD 63 millones para innovaci\u00f3n y productividad &#8211; QUEBAKAN.COM 2026: Noticias, Eventos, Conciertos y mucho m\u00e1s....\" \/>\n<meta property=\"og:description\" content=\"Pie de foto. De izquierda a derecha: Eduardo Figueiredo, Vicepresidente de Finanzas y Control de Nestl\u00e9 Ecuador, Ec. Andr\u00e9s Robalino, Viceministro de Producci\u00f3n e Industrias; Josu\u00e9 De La Maza, Presidente Ejecutivo de Nestl\u00e9 Ecuador; Viviana Valdivieso, Vicepresidenta de Marketing y Comunicaciones de Nestl\u00e9 Ecuador; Pedro Ospina, Vicepresidente Legal, Corporativo &amp; Sostenibilidad de Nestl\u00e9 Ecuador. Quito, [&hellip;]\" \/>\n<meta property=\"og:url\" content=\"https:\/\/www.quebakan.com\/v15\/nestle-ecuador-celebra-70-anos-de-historias-compartidas-e-impulsa-una-inversion-de-usd-63-millones-para-innovacion-y-productividad\/\" \/>\n<meta property=\"og:site_name\" content=\"QUEBAKAN.COM 2026: Noticias, Eventos, Conciertos y mucho m\u00e1s....\" \/>\n<meta property=\"article:publisher\" content=\"http:\/\/www.facebook.com\/quebakan\" \/>\n<meta property=\"article:published_time\" content=\"2025-10-17T21:18:02+00:00\" \/>\n<meta property=\"og:image\" content=\"https:\/\/www.quebakan.com\/v15\/wp-content\/uploads\/2025\/10\/Evento-70-anos.jpg\" \/>\n\t<meta property=\"og:image:width\" content=\"700\" \/>\n\t<meta property=\"og:image:height\" content=\"467\" \/>\n\t<meta property=\"og:image:type\" content=\"image\/jpeg\" \/>\n<meta name=\"author\" content=\"Erick Villafuerte\" \/>\n<meta name=\"twitter:card\" content=\"summary_large_image\" \/>\n<meta name=\"twitter:creator\" content=\"@quebakanec\" \/>\n<meta name=\"twitter:site\" content=\"@quebakanec\" \/>\n<meta name=\"twitter:label1\" content=\"Escrito por\" \/>\n\t<meta name=\"twitter:data1\" content=\"Erick Villafuerte\" \/>\n\t<meta name=\"twitter:label2\" content=\"Tiempo de lectura\" \/>\n\t<meta name=\"twitter:data2\" content=\"3 minutos\" \/>\n<script type=\"application\/ld+json\" class=\"yoast-schema-graph\">{\"@context\":\"https:\\\/\\\/schema.org\",\"@graph\":[{\"@type\":\"Article\",\"@id\":\"https:\\\/\\\/www.quebakan.com\\\/v15\\\/nestle-ecuador-celebra-70-anos-de-historias-compartidas-e-impulsa-una-inversion-de-usd-63-millones-para-innovacion-y-productividad\\\/#article\",\"isPartOf\":{\"@id\":\"https:\\\/\\\/www.quebakan.com\\\/v15\\\/nestle-ecuador-celebra-70-anos-de-historias-compartidas-e-impulsa-una-inversion-de-usd-63-millones-para-innovacion-y-productividad\\\/\"},\"author\":{\"name\":\"Erick Villafuerte\",\"@id\":\"https:\\\/\\\/www.quebakan.com\\\/v15\\\/#\\\/schema\\\/person\\\/d90fa9f9cfa81eb8ace9811e5b7b9118\"},\"headline\":\"Nestl\u00e9 Ecuador celebra 70 a\u00f1os de \u201cHistorias Compartidas\u201d e impulsa una inversi\u00f3n de USD 63 millones para innovaci\u00f3n y productividad\",\"datePublished\":\"2025-10-17T21:18:02+00:00\",\"mainEntityOfPage\":{\"@id\":\"https:\\\/\\\/www.quebakan.com\\\/v15\\\/nestle-ecuador-celebra-70-anos-de-historias-compartidas-e-impulsa-una-inversion-de-usd-63-millones-para-innovacion-y-productividad\\\/\"},\"wordCount\":647,\"publisher\":{\"@id\":\"https:\\\/\\\/www.quebakan.com\\\/v15\\\/#organization\"},\"image\":{\"@id\":\"https:\\\/\\\/www.quebakan.com\\\/v15\\\/nestle-ecuador-celebra-70-anos-de-historias-compartidas-e-impulsa-una-inversion-de-usd-63-millones-para-innovacion-y-productividad\\\/#primaryimage\"},\"thumbnailUrl\":\"https:\\\/\\\/www.quebakan.com\\\/v15\\\/wp-content\\\/uploads\\\/2025\\\/10\\\/Evento-70-anos.jpg\",\"articleSection\":[\"Noticias\"],\"inLanguage\":\"es\"},{\"@type\":\"WebPage\",\"@id\":\"https:\\\/\\\/www.quebakan.com\\\/v15\\\/nestle-ecuador-celebra-70-anos-de-historias-compartidas-e-impulsa-una-inversion-de-usd-63-millones-para-innovacion-y-productividad\\\/\",\"url\":\"https:\\\/\\\/www.quebakan.com\\\/v15\\\/nestle-ecuador-celebra-70-anos-de-historias-compartidas-e-impulsa-una-inversion-de-usd-63-millones-para-innovacion-y-productividad\\\/\",\"name\":\"Nestl\u00e9 Ecuador celebra 70 a\u00f1os de \u201cHistorias Compartidas\u201d e impulsa una inversi\u00f3n de USD 63 millones para innovaci\u00f3n y productividad &#8211; QUEBAKAN.COM 2026: Noticias, Eventos, Conciertos y mucho m\u00e1s....\",\"isPartOf\":{\"@id\":\"https:\\\/\\\/www.quebakan.com\\\/v15\\\/#website\"},\"primaryImageOfPage\":{\"@id\":\"https:\\\/\\\/www.quebakan.com\\\/v15\\\/nestle-ecuador-celebra-70-anos-de-historias-compartidas-e-impulsa-una-inversion-de-usd-63-millones-para-innovacion-y-productividad\\\/#primaryimage\"},\"image\":{\"@id\":\"https:\\\/\\\/www.quebakan.com\\\/v15\\\/nestle-ecuador-celebra-70-anos-de-historias-compartidas-e-impulsa-una-inversion-de-usd-63-millones-para-innovacion-y-productividad\\\/#primaryimage\"},\"thumbnailUrl\":\"https:\\\/\\\/www.quebakan.com\\\/v15\\\/wp-content\\\/uploads\\\/2025\\\/10\\\/Evento-70-anos.jpg\",\"datePublished\":\"2025-10-17T21:18:02+00:00\",\"breadcrumb\":{\"@id\":\"https:\\\/\\\/www.quebakan.com\\\/v15\\\/nestle-ecuador-celebra-70-anos-de-historias-compartidas-e-impulsa-una-inversion-de-usd-63-millones-para-innovacion-y-productividad\\\/#breadcrumb\"},\"inLanguage\":\"es\",\"potentialAction\":[{\"@type\":\"ReadAction\",\"target\":[\"https:\\\/\\\/www.quebakan.com\\\/v15\\\/nestle-ecuador-celebra-70-anos-de-historias-compartidas-e-impulsa-una-inversion-de-usd-63-millones-para-innovacion-y-productividad\\\/\"]}]},{\"@type\":\"ImageObject\",\"inLanguage\":\"es\",\"@id\":\"https:\\\/\\\/www.quebakan.com\\\/v15\\\/nestle-ecuador-celebra-70-anos-de-historias-compartidas-e-impulsa-una-inversion-de-usd-63-millones-para-innovacion-y-productividad\\\/#primaryimage\",\"url\":\"https:\\\/\\\/www.quebakan.com\\\/v15\\\/wp-content\\\/uploads\\\/2025\\\/10\\\/Evento-70-anos.jpg\",\"contentUrl\":\"https:\\\/\\\/www.quebakan.com\\\/v15\\\/wp-content\\\/uploads\\\/2025\\\/10\\\/Evento-70-anos.jpg\",\"width\":700,\"height\":467},{\"@type\":\"BreadcrumbList\",\"@id\":\"https:\\\/\\\/www.quebakan.com\\\/v15\\\/nestle-ecuador-celebra-70-anos-de-historias-compartidas-e-impulsa-una-inversion-de-usd-63-millones-para-innovacion-y-productividad\\\/#breadcrumb\",\"itemListElement\":[{\"@type\":\"ListItem\",\"position\":1,\"name\":\"Portada\",\"item\":\"https:\\\/\\\/www.quebakan.com\\\/v15\\\/\"},{\"@type\":\"ListItem\",\"position\":2,\"name\":\"Nestl\u00e9 Ecuador celebra 70 a\u00f1os de \u201cHistorias Compartidas\u201d e impulsa una inversi\u00f3n de USD 63 millones para innovaci\u00f3n y productividad\"}]},{\"@type\":\"WebSite\",\"@id\":\"https:\\\/\\\/www.quebakan.com\\\/v15\\\/#website\",\"url\":\"https:\\\/\\\/www.quebakan.com\\\/v15\\\/\",\"name\":\"QUEBAKAN\",\"description\":\"..\",\"publisher\":{\"@id\":\"https:\\\/\\\/www.quebakan.com\\\/v15\\\/#organization\"},\"potentialAction\":[{\"@type\":\"SearchAction\",\"target\":{\"@type\":\"EntryPoint\",\"urlTemplate\":\"https:\\\/\\\/www.quebakan.com\\\/v15\\\/?s={search_term_string}\"},\"query-input\":{\"@type\":\"PropertyValueSpecification\",\"valueRequired\":true,\"valueName\":\"search_term_string\"}}],\"inLanguage\":\"es\"},{\"@type\":\"Organization\",\"@id\":\"https:\\\/\\\/www.quebakan.com\\\/v15\\\/#organization\",\"name\":\"Quebakan.com\",\"url\":\"https:\\\/\\\/www.quebakan.com\\\/v15\\\/\",\"logo\":{\"@type\":\"ImageObject\",\"inLanguage\":\"es\",\"@id\":\"https:\\\/\\\/www.quebakan.com\\\/v15\\\/#\\\/schema\\\/logo\\\/image\\\/\",\"url\":\"https:\\\/\\\/www.quebakan.com\\\/v15\\\/wp-content\\\/uploads\\\/2023\\\/07\\\/logoquebakanenero2021.jpg\",\"contentUrl\":\"https:\\\/\\\/www.quebakan.com\\\/v15\\\/wp-content\\\/uploads\\\/2023\\\/07\\\/logoquebakanenero2021.jpg\",\"width\":1920,\"height\":1080,\"caption\":\"Quebakan.com\"},\"image\":{\"@id\":\"https:\\\/\\\/www.quebakan.com\\\/v15\\\/#\\\/schema\\\/logo\\\/image\\\/\"},\"sameAs\":[\"http:\\\/\\\/www.facebook.com\\\/quebakan\",\"https:\\\/\\\/x.com\\\/quebakanec\",\"http:\\\/\\\/www.instagram.com\\\/quebakan\",\"http:\\\/\\\/www.youtube.com\\\/quebakan1\"]},{\"@type\":\"Person\",\"@id\":\"https:\\\/\\\/www.quebakan.com\\\/v15\\\/#\\\/schema\\\/person\\\/d90fa9f9cfa81eb8ace9811e5b7b9118\",\"name\":\"Erick Villafuerte\",\"image\":{\"@type\":\"ImageObject\",\"inLanguage\":\"es\",\"@id\":\"https:\\\/\\\/www.quebakan.com\\\/v15\\\/wp-content\\\/uploads\\\/avatars\\\/4\\\/1731297654-bpfull.png\",\"url\":\"https:\\\/\\\/www.quebakan.com\\\/v15\\\/wp-content\\\/uploads\\\/avatars\\\/4\\\/1731297654-bpfull.png\",\"contentUrl\":\"https:\\\/\\\/www.quebakan.com\\\/v15\\\/wp-content\\\/uploads\\\/avatars\\\/4\\\/1731297654-bpfull.png\",\"caption\":\"Erick Villafuerte\"}}]}<\/script>\n<!-- \/ Yoast SEO plugin. -->","yoast_head_json":{"title":"Nestl\u00e9 Ecuador celebra 70 a\u00f1os de \u201cHistorias Compartidas\u201d e impulsa una inversi\u00f3n de USD 63 millones para innovaci\u00f3n y productividad &#8211; QUEBAKAN.COM 2026: Noticias, Eventos, Conciertos y mucho m\u00e1s....","robots":{"index":"index","follow":"follow","max-snippet":"max-snippet:-1","max-image-preview":"max-image-preview:large","max-video-preview":"max-video-preview:-1"},"canonical":"https:\/\/www.quebakan.com\/v15\/nestle-ecuador-celebra-70-anos-de-historias-compartidas-e-impulsa-una-inversion-de-usd-63-millones-para-innovacion-y-productividad\/","og_locale":"es_ES","og_type":"article","og_title":"Nestl\u00e9 Ecuador celebra 70 a\u00f1os de \u201cHistorias Compartidas\u201d e impulsa una inversi\u00f3n de USD 63 millones para innovaci\u00f3n y productividad &#8211; QUEBAKAN.COM 2026: Noticias, Eventos, Conciertos y mucho m\u00e1s....","og_description":"Pie de foto. De izquierda a derecha: Eduardo Figueiredo, Vicepresidente de Finanzas y Control de Nestl\u00e9 Ecuador, Ec. Andr\u00e9s Robalino, Viceministro de Producci\u00f3n e Industrias; Josu\u00e9 De La Maza, Presidente Ejecutivo de Nestl\u00e9 Ecuador; Viviana Valdivieso, Vicepresidenta de Marketing y Comunicaciones de Nestl\u00e9 Ecuador; Pedro Ospina, Vicepresidente Legal, Corporativo &amp; Sostenibilidad de Nestl\u00e9 Ecuador. Quito, [&hellip;]","og_url":"https:\/\/www.quebakan.com\/v15\/nestle-ecuador-celebra-70-anos-de-historias-compartidas-e-impulsa-una-inversion-de-usd-63-millones-para-innovacion-y-productividad\/","og_site_name":"QUEBAKAN.COM 2026: Noticias, Eventos, Conciertos y mucho m\u00e1s....","article_publisher":"http:\/\/www.facebook.com\/quebakan","article_published_time":"2025-10-17T21:18:02+00:00","og_image":[{"width":700,"height":467,"url":"https:\/\/www.quebakan.com\/v15\/wp-content\/uploads\/2025\/10\/Evento-70-anos.jpg","type":"image\/jpeg"}],"author":"Erick Villafuerte","twitter_card":"summary_large_image","twitter_creator":"@quebakanec","twitter_site":"@quebakanec","twitter_misc":{"Escrito por":"Erick Villafuerte","Tiempo de lectura":"3 minutos"},"schema":{"@context":"https:\/\/schema.org","@graph":[{"@type":"Article","@id":"https:\/\/www.quebakan.com\/v15\/nestle-ecuador-celebra-70-anos-de-historias-compartidas-e-impulsa-una-inversion-de-usd-63-millones-para-innovacion-y-productividad\/#article","isPartOf":{"@id":"https:\/\/www.quebakan.com\/v15\/nestle-ecuador-celebra-70-anos-de-historias-compartidas-e-impulsa-una-inversion-de-usd-63-millones-para-innovacion-y-productividad\/"},"author":{"name":"Erick Villafuerte","@id":"https:\/\/www.quebakan.com\/v15\/#\/schema\/person\/d90fa9f9cfa81eb8ace9811e5b7b9118"},"headline":"Nestl\u00e9 Ecuador celebra 70 a\u00f1os de \u201cHistorias Compartidas\u201d e impulsa una inversi\u00f3n de USD 63 millones para innovaci\u00f3n y productividad","datePublished":"2025-10-17T21:18:02+00:00","mainEntityOfPage":{"@id":"https:\/\/www.quebakan.com\/v15\/nestle-ecuador-celebra-70-anos-de-historias-compartidas-e-impulsa-una-inversion-de-usd-63-millones-para-innovacion-y-productividad\/"},"wordCount":647,"publisher":{"@id":"https:\/\/www.quebakan.com\/v15\/#organization"},"image":{"@id":"https:\/\/www.quebakan.com\/v15\/nestle-ecuador-celebra-70-anos-de-historias-compartidas-e-impulsa-una-inversion-de-usd-63-millones-para-innovacion-y-productividad\/#primaryimage"},"thumbnailUrl":"https:\/\/www.quebakan.com\/v15\/wp-content\/uploads\/2025\/10\/Evento-70-anos.jpg","articleSection":["Noticias"],"inLanguage":"es"},{"@type":"WebPage","@id":"https:\/\/www.quebakan.com\/v15\/nestle-ecuador-celebra-70-anos-de-historias-compartidas-e-impulsa-una-inversion-de-usd-63-millones-para-innovacion-y-productividad\/","url":"https:\/\/www.quebakan.com\/v15\/nestle-ecuador-celebra-70-anos-de-historias-compartidas-e-impulsa-una-inversion-de-usd-63-millones-para-innovacion-y-productividad\/","name":"Nestl\u00e9 Ecuador celebra 70 a\u00f1os de \u201cHistorias Compartidas\u201d e impulsa una inversi\u00f3n de USD 63 millones para innovaci\u00f3n y productividad &#8211; QUEBAKAN.COM 2026: Noticias, Eventos, Conciertos y mucho m\u00e1s....","isPartOf":{"@id":"https:\/\/www.quebakan.com\/v15\/#website"},"primaryImageOfPage":{"@id":"https:\/\/www.quebakan.com\/v15\/nestle-ecuador-celebra-70-anos-de-historias-compartidas-e-impulsa-una-inversion-de-usd-63-millones-para-innovacion-y-productividad\/#primaryimage"},"image":{"@id":"https:\/\/www.quebakan.com\/v15\/nestle-ecuador-celebra-70-anos-de-historias-compartidas-e-impulsa-una-inversion-de-usd-63-millones-para-innovacion-y-productividad\/#primaryimage"},"thumbnailUrl":"https:\/\/www.quebakan.com\/v15\/wp-content\/uploads\/2025\/10\/Evento-70-anos.jpg","datePublished":"2025-10-17T21:18:02+00:00","breadcrumb":{"@id":"https:\/\/www.quebakan.com\/v15\/nestle-ecuador-celebra-70-anos-de-historias-compartidas-e-impulsa-una-inversion-de-usd-63-millones-para-innovacion-y-productividad\/#breadcrumb"},"inLanguage":"es","potentialAction":[{"@type":"ReadAction","target":["https:\/\/www.quebakan.com\/v15\/nestle-ecuador-celebra-70-anos-de-historias-compartidas-e-impulsa-una-inversion-de-usd-63-millones-para-innovacion-y-productividad\/"]}]},{"@type":"ImageObject","inLanguage":"es","@id":"https:\/\/www.quebakan.com\/v15\/nestle-ecuador-celebra-70-anos-de-historias-compartidas-e-impulsa-una-inversion-de-usd-63-millones-para-innovacion-y-productividad\/#primaryimage","url":"https:\/\/www.quebakan.com\/v15\/wp-content\/uploads\/2025\/10\/Evento-70-anos.jpg","contentUrl":"https:\/\/www.quebakan.com\/v15\/wp-content\/uploads\/2025\/10\/Evento-70-anos.jpg","width":700,"height":467},{"@type":"BreadcrumbList","@id":"https:\/\/www.quebakan.com\/v15\/nestle-ecuador-celebra-70-anos-de-historias-compartidas-e-impulsa-una-inversion-de-usd-63-millones-para-innovacion-y-productividad\/#breadcrumb","itemListElement":[{"@type":"ListItem","position":1,"name":"Portada","item":"https:\/\/www.quebakan.com\/v15\/"},{"@type":"ListItem","position":2,"name":"Nestl\u00e9 Ecuador celebra 70 a\u00f1os de \u201cHistorias Compartidas\u201d e impulsa una inversi\u00f3n de USD 63 millones para innovaci\u00f3n y productividad"}]},{"@type":"WebSite","@id":"https:\/\/www.quebakan.com\/v15\/#website","url":"https:\/\/www.quebakan.com\/v15\/","name":"QUEBAKAN","description":"..","publisher":{"@id":"https:\/\/www.quebakan.com\/v15\/#organization"},"potentialAction":[{"@type":"SearchAction","target":{"@type":"EntryPoint","urlTemplate":"https:\/\/www.quebakan.com\/v15\/?s={search_term_string}"},"query-input":{"@type":"PropertyValueSpecification","valueRequired":true,"valueName":"search_term_string"}}],"inLanguage":"es"},{"@type":"Organization","@id":"https:\/\/www.quebakan.com\/v15\/#organization","name":"Quebakan.com","url":"https:\/\/www.quebakan.com\/v15\/","logo":{"@type":"ImageObject","inLanguage":"es","@id":"https:\/\/www.quebakan.com\/v15\/#\/schema\/logo\/image\/","url":"https:\/\/www.quebakan.com\/v15\/wp-content\/uploads\/2023\/07\/logoquebakanenero2021.jpg","contentUrl":"https:\/\/www.quebakan.com\/v15\/wp-content\/uploads\/2023\/07\/logoquebakanenero2021.jpg","width":1920,"height":1080,"caption":"Quebakan.com"},"image":{"@id":"https:\/\/www.quebakan.com\/v15\/#\/schema\/logo\/image\/"},"sameAs":["http:\/\/www.facebook.com\/quebakan","https:\/\/x.com\/quebakanec","http:\/\/www.instagram.com\/quebakan","http:\/\/www.youtube.com\/quebakan1"]},{"@type":"Person","@id":"https:\/\/www.quebakan.com\/v15\/#\/schema\/person\/d90fa9f9cfa81eb8ace9811e5b7b9118","name":"Erick Villafuerte","image":{"@type":"ImageObject","inLanguage":"es","@id":"https:\/\/www.quebakan.com\/v15\/wp-content\/uploads\/avatars\/4\/1731297654-bpfull.png","url":"https:\/\/www.quebakan.com\/v15\/wp-content\/uploads\/avatars\/4\/1731297654-bpfull.png","contentUrl":"https:\/\/www.quebakan.com\/v15\/wp-content\/uploads\/avatars\/4\/1731297654-bpfull.png","caption":"Erick Villafuerte"}}]}},"_links":{"self":[{"href":"https:\/\/www.quebakan.com\/v15\/wp-json\/wp\/v2\/posts\/136429","targetHints":{"allow":["GET"]}}],"collection":[{"href":"https:\/\/www.quebakan.com\/v15\/wp-json\/wp\/v2\/posts"}],"about":[{"href":"https:\/\/www.quebakan.com\/v15\/wp-json\/wp\/v2\/types\/post"}],"author":[{"embeddable":true,"href":"https:\/\/www.quebakan.com\/v15\/wp-json\/wp\/v2\/users\/4"}],"replies":[{"embeddable":true,"href":"https:\/\/www.quebakan.com\/v15\/wp-json\/wp\/v2\/comments?post=136429"}],"version-history":[{"count":1,"href":"https:\/\/www.quebakan.com\/v15\/wp-json\/wp\/v2\/posts\/136429\/revisions"}],"predecessor-version":[{"id":136431,"href":"https:\/\/www.quebakan.com\/v15\/wp-json\/wp\/v2\/posts\/136429\/revisions\/136431"}],"wp:featuredmedia":[{"embeddable":true,"href":"https:\/\/www.quebakan.com\/v15\/wp-json\/wp\/v2\/media\/136430"}],"wp:attachment":[{"href":"https:\/\/www.quebakan.com\/v15\/wp-json\/wp\/v2\/media?parent=136429"}],"wp:term":[{"taxonomy":"category","embeddable":true,"href":"https:\/\/www.quebakan.com\/v15\/wp-json\/wp\/v2\/categories?post=136429"},{"taxonomy":"post_tag","embeddable":true,"href":"https:\/\/www.quebakan.com\/v15\/wp-json\/wp\/v2\/tags?post=136429"}],"curies":[{"name":"wp","href":"https:\/\/api.w.org\/{rel}","templated":true}]}}