{"id":136447,"date":"2025-10-17T18:37:11","date_gmt":"2025-10-17T23:37:11","guid":{"rendered":"https:\/\/www.quebakan.com\/v15\/?p=136447"},"modified":"2025-10-17T18:37:11","modified_gmt":"2025-10-17T23:37:11","slug":"expertos-plantearon-propuestas-para-incluir-el-derecho-a-una-segunda-oportunidad-financiera-en-la-nueva-constitucion","status":"publish","type":"post","link":"https:\/\/www.quebakan.com\/v15\/expertos-plantearon-propuestas-para-incluir-el-derecho-a-una-segunda-oportunidad-financiera-en-la-nueva-constitucion\/","title":{"rendered":"Expertos plantearon propuestas para incluir el derecho a una segunda oportunidad financiera en la nueva Constituci\u00f3n"},"content":{"rendered":"<p style=\"text-align: justify;\"><span style=\"color: #000000;\"><strong>Quito, octubre 2025.-<\/strong> Con la participaci\u00f3n de expertos nacionales e internacionales, se desarroll\u00f3 en Quito el encuentro acad\u00e9mico <strong>\u201cSobreendeudamiento en Ecuador: reformas urgentes para una segunda oportunidad\u201d<\/strong>, organizado por <strong>Defensa Deudores Ecuador<\/strong>, primer estudio jur\u00eddico especializado en brindar soluciones legales a personas y empresas con problemas de endeudamiento.<\/span><\/p>\n<p style=\"text-align: justify;\"><span style=\"color: #000000;\">El evento reuni\u00f3 a <strong>autoridades, acad\u00e9micos, juristas y l\u00edderes de opini\u00f3n<\/strong>, quienes debatieron la <strong>crisis de sobreendeudamiento que afecta a miles de familias y empresas<\/strong> en el pa\u00eds, as\u00ed como las <strong>propuestas que podr\u00edan integrarse en el debate constitucional<\/strong> en torno al <strong>derecho de los deudores a una segunda oportunidad<\/strong>.<\/span><\/p>\n<p style=\"text-align: justify;\"><span style=\"color: #000000;\">Durante el encuentro, los expositores coincidieron en la <strong>necesidad de establecer un marco legal que permita aliviar la carga de deudas<\/strong>, impulsar la recuperaci\u00f3n econ\u00f3mica de las familias y garantizar un tratamiento justo frente a las obligaciones financieras.<\/span><\/p>\n<p style=\"text-align: justify;\"><span style=\"color: #000000;\">El abogado chileno <strong>Ricardo Ib\u00e1\u00f1ez<\/strong>, fundador de Defensa Deudores Chile, comparti\u00f3 la experiencia de la <strong>Ley de Reemprendimiento<\/strong>, que en su pa\u00eds ha permitido que miles de personas y empresas se reintegren al sistema econ\u00f3mico tras enfrentar deudas impagables. \u201cCreemos que la legislaci\u00f3n ecuatoriana y la chilena pueden compatibilizarse, sobre todo en lo que se refiere a la reinserci\u00f3n y una segunda oportunidad para los deudores. La Ley 20.720, llamada Ley de Insolvencia y Reemprendimiento en Chile, permite una segunda oportunidad para personas que pasan por alguna situaci\u00f3n de insolvencia involuntaria. Dada la realidad econ\u00f3mica, pol\u00edtica y social del Ecuador es necesario promover una legislaci\u00f3n de esta naturaleza que pueda beneficiar a millones de ecuatorianos que est\u00e1n pasando por problemas econ\u00f3micos\u201d, asegur\u00f3 el abogado Iba\u00f1ez.<\/span><\/p>\n<p style=\"text-align: justify;\"><span style=\"color: #000000;\">Por su parte, la abogada <strong>Cindy Aguiar<\/strong>, directora del <strong>Centro Integral de Asistencia Legal (CIAL)<\/strong> de la <strong>Universidad de las Am\u00e9ricas (UDLA)<\/strong>, destac\u00f3 la <strong>necesidad de una legislaci\u00f3n que priorice la protecci\u00f3n del deudor<\/strong>, con mecanismos de reestructuraci\u00f3n y educaci\u00f3n financiera. \u201cEl endeudamiento genera conflicto dentro de la familia, el trabajo y en todos los \u00e1mbitos en los que se desarrolla el ser humano. Si es que las personas no tienen estabilidad econ\u00f3mica, empiezan a realizar otro tipo de actividades que les pueda inducir incluso a cometer alg\u00fan tipo de delito. Desde nuestra experiencia hemos visto que muchas personas recurren a la usura con el fin de desahogarse de las presiones e incluso terminan falleciendo por haber recurrido, en su desesperaci\u00f3n, a mecanismos ilegales\u201d, indic\u00f3 la abogada Aguiar.<\/span><\/p>\n<p style=\"text-align: justify;\"><span style=\"color: #000000;\">Finalmente, el abogado <strong>C\u00e9sar Coronel Garc\u00e9s<\/strong>, gerente general de <strong>Defensa Deudores Ecuador<\/strong>, present\u00f3 las <strong>propuestas legales<\/strong> que podr\u00edan incorporarse al debate constitucional, subrayando la urgencia de <strong>reconocer el derecho del deudor a una segunda oportunidad<\/strong>. Destac\u00f3 que existen <strong>derechos constitucionales vigentes que deben mantenerse<\/strong>, como la <strong>prohibici\u00f3n de prisi\u00f3n por deudas<\/strong> y la <strong>prohibici\u00f3n del anatocismo y la usura<\/strong>. Sin embargo, se\u00f1al\u00f3 que hay otros que deben <strong>aclararse o ampliarse<\/strong>, como la protecci\u00f3n del <strong>sueldo de las personas trabajadoras<\/strong>, ya que en la pr\u00e1ctica las entidades p\u00fablicas pueden <strong>retenerlo mediante procesos coactivos<\/strong>. Tambi\u00e9n propuso <strong>agilizar el habeas data correctivo<\/strong> para hacerlo m\u00e1s eficiente. Entre las nuevas garant\u00edas que deber\u00edan incluirse en la Constituci\u00f3n, <\/span><span style=\"color: #000000;\">mencion\u00f3 la <strong>regulaci\u00f3n de la potestad coactiva para evitar abusos<\/strong>, la <strong>tutela efectiva de los consumidores financieros<\/strong>, la <strong>protecci\u00f3n reforzada de la vivienda familiar<\/strong>, el <strong>derecho a la segunda oportunidad para los deudores de buena fe<\/strong> y la <strong>educaci\u00f3n financiera como derecho ciudadano<\/strong>. \u201cEstas propuestas permitir\u00e1n que los deudores tengan m\u00e1s y mejores derechos, accedan a procesos de renegociaci\u00f3n y puedan volver a empezar, al tiempo que se protege lo m\u00e1s esencial: la vivienda, el salario y las pensiones alimenticias\u201d, enfatiz\u00f3 el abogado Coronel.<\/span><\/p>\n<p style=\"text-align: justify;\"><span style=\"color: #000000;\"><strong>Una crisis que afecta a millones de ecuatorianos<\/strong><\/span><\/p>\n<p style=\"text-align: justify;\"><span style=\"color: #000000;\">Seg\u00fan datos del <strong>Consejo de la Judicatura<\/strong>, entre enero de 2023 y agosto de 2025 se registraron <strong>616.996 procesos de cobro de pagar\u00e9<\/strong>, lo que representa m\u00e1s del 60% de todos los juicios por deudas en el pa\u00eds. A ello se suman <strong>135.549 concursos de acreedores<\/strong>, <strong>79.474 procesos de cobro de dinero<\/strong>, <strong>65.361 cobros de letra de cambio<\/strong> y <strong>57.286 juicios por facturas o documentos comerciales<\/strong>. Adem\u00e1s, de acuerdo con <strong>ASOBANCA<\/strong>, <strong>3 de cada 10 ecuatorianos con cr\u00e9ditos mantienen una calificaci\u00f3n mala o p\u00e9sima en el bur\u00f3 de cr\u00e9dito<\/strong>.<\/span><\/p>\n<p style=\"text-align: justify;\"><span style=\"color: #000000;\">Estas cifras reflejan la magnitud del sobreendeudamiento y la urgencia de generar espacios de di\u00e1logo como este, desarrollado en el marco del <strong>tercer aniversario de Defensa Deudores Ecuador<\/strong> y la <strong>apertura de su oficina en Quito<\/strong>, reafirmando el compromiso del estudio jur\u00eddico con la defensa de los derechos de los ecuatorianos sobreendeudados.<\/span><\/p>\n<p style=\"text-align: justify;\"><span style=\"color: #000000;\">En sus <strong>tres a\u00f1os de operaci\u00f3n<\/strong>, <strong>Defensa Deudores Ecuador<\/strong> ha brindado asesor\u00eda legal a <strong>m\u00e1s de 135.000 personas<\/strong>, impulsando soluciones jur\u00eddicas responsables frente al endeudamiento excesivo.<\/span><\/p>\n<p style=\"text-align: justify;\"><span style=\"color: #000000;\">\u201cEste encuentro busca sentar las bases para la discusi\u00f3n constitucional sobre el derecho de los deudores a una segunda oportunidad\u201d, se\u00f1al\u00f3 el abogado C\u00e9sar Coronel. \u201cNo se trata de eximir <\/span><span style=\"color: #000000;\">responsabilidades, sino de permitir que las familias y los emprendedores puedan volver a empezar\u201d.<\/span><\/p>\n<div><img fetchpriority=\"high\" decoding=\"async\" class=\"aligncenter size-full wp-image-136448\" src=\"https:\/\/www.quebakan.com\/v15\/wp-content\/uploads\/2025\/10\/Foto-1-institucional.jpg\" alt=\"\" width=\"700\" height=\"479\" \/><\/div>\n<div><\/div>\n<div style=\"text-align: justify;\"><span style=\"color: #000000;\"><strong>De izquierda a derecha:<\/strong> Ab. Ricardo Iba\u00f1ez, fundador de Defensa Deudores Chile; Ab. Cindy Aguiar, directora del Centro Integral de Asistencia Legal (CIAL) de la Universidad de las Am\u00e9ricas (UDLA); Ab. C\u00e9sar Coronel Garc\u00e9s, gerente general de Defensa Deudores Ecuador.<\/span><\/div>\n<div><\/div>\n<div><img decoding=\"async\" class=\"aligncenter size-full wp-image-136449\" src=\"https:\/\/www.quebakan.com\/v15\/wp-content\/uploads\/2025\/10\/Foto-2-evento.jpg\" alt=\"\" width=\"700\" height=\"467\" \/><\/div>\n<div><\/div>\n<div style=\"text-align: center;\"><span style=\"color: #000000;\">Evento acad\u00e9mico \u00abSobreendeudamiento en Ecuador: reformas urgentes para una segunda oportunidad\u201d, organizado por Defensa Deudores Ecuador.<\/span><\/div>\n<div><\/div>\n<div><img decoding=\"async\" class=\"aligncenter size-full wp-image-136450\" src=\"https:\/\/www.quebakan.com\/v15\/wp-content\/uploads\/2025\/10\/Foto-3-evento.jpg\" alt=\"\" width=\"700\" height=\"467\" \/><\/div>\n","protected":false},"excerpt":{"rendered":"<p>Quito, octubre 2025.- Con la participaci\u00f3n de expertos nacionales e internacionales, se desarroll\u00f3 en Quito el encuentro acad\u00e9mico \u201cSobreendeudamiento en Ecuador: reformas urgentes para una segunda oportunidad\u201d, organizado por Defensa Deudores Ecuador, primer estudio jur\u00eddico especializado en brindar soluciones legales a personas y empresas con problemas de endeudamiento. El evento reuni\u00f3 a autoridades, acad\u00e9micos, juristas [&hellip;]<\/p>\n","protected":false},"author":4,"featured_media":136448,"comment_status":"closed","ping_status":"closed","sticky":false,"template":"","format":"standard","meta":{"_bbp_topic_count":0,"_bbp_reply_count":0,"_bbp_total_topic_count":0,"_bbp_total_reply_count":0,"_bbp_voice_count":0,"_bbp_anonymous_reply_count":0,"_bbp_topic_count_hidden":0,"_bbp_reply_count_hidden":0,"_bbp_forum_subforum_count":0,"buzzeditor_post_format":"","footnotes":""},"categories":[2],"tags":[],"class_list":["post-136447","post","type-post","status-publish","format-standard","has-post-thumbnail","hentry","category-noticias"],"yoast_head":"<!-- This site is optimized with the Yoast SEO plugin v27.5 - https:\/\/yoast.com\/product\/yoast-seo-wordpress\/ -->\n<title>Expertos plantearon propuestas para incluir el derecho a una segunda oportunidad financiera en la nueva Constituci\u00f3n &#8211; QUEBAKAN.COM 2026: Noticias, Eventos, Conciertos y mucho m\u00e1s....<\/title>\n<meta name=\"robots\" content=\"index, follow, max-snippet:-1, max-image-preview:large, max-video-preview:-1\" \/>\n<link rel=\"canonical\" href=\"https:\/\/www.quebakan.com\/v15\/expertos-plantearon-propuestas-para-incluir-el-derecho-a-una-segunda-oportunidad-financiera-en-la-nueva-constitucion\/\" \/>\n<meta property=\"og:locale\" content=\"es_ES\" \/>\n<meta property=\"og:type\" content=\"article\" \/>\n<meta property=\"og:title\" content=\"Expertos plantearon propuestas para incluir el derecho a una segunda oportunidad financiera en la nueva Constituci\u00f3n &#8211; QUEBAKAN.COM 2026: Noticias, Eventos, Conciertos y mucho m\u00e1s....\" \/>\n<meta property=\"og:description\" content=\"Quito, octubre 2025.- Con la participaci\u00f3n de expertos nacionales e internacionales, se desarroll\u00f3 en Quito el encuentro acad\u00e9mico \u201cSobreendeudamiento en Ecuador: reformas urgentes para una segunda oportunidad\u201d, organizado por Defensa Deudores Ecuador, primer estudio jur\u00eddico especializado en brindar soluciones legales a personas y empresas con problemas de endeudamiento. El evento reuni\u00f3 a autoridades, acad\u00e9micos, juristas [&hellip;]\" \/>\n<meta property=\"og:url\" content=\"https:\/\/www.quebakan.com\/v15\/expertos-plantearon-propuestas-para-incluir-el-derecho-a-una-segunda-oportunidad-financiera-en-la-nueva-constitucion\/\" \/>\n<meta property=\"og:site_name\" content=\"QUEBAKAN.COM 2026: Noticias, Eventos, Conciertos y mucho m\u00e1s....\" \/>\n<meta property=\"article:publisher\" content=\"http:\/\/www.facebook.com\/quebakan\" \/>\n<meta property=\"article:published_time\" content=\"2025-10-17T23:37:11+00:00\" \/>\n<meta property=\"og:image\" content=\"https:\/\/www.quebakan.com\/v15\/wp-content\/uploads\/2025\/10\/Foto-1-institucional.jpg\" \/>\n\t<meta property=\"og:image:width\" content=\"700\" \/>\n\t<meta property=\"og:image:height\" content=\"479\" \/>\n\t<meta property=\"og:image:type\" content=\"image\/jpeg\" \/>\n<meta name=\"author\" content=\"Erick Villafuerte\" \/>\n<meta name=\"twitter:card\" content=\"summary_large_image\" \/>\n<meta name=\"twitter:creator\" content=\"@quebakanec\" \/>\n<meta name=\"twitter:site\" content=\"@quebakanec\" \/>\n<meta name=\"twitter:label1\" content=\"Escrito por\" \/>\n\t<meta name=\"twitter:data1\" content=\"Erick Villafuerte\" \/>\n\t<meta name=\"twitter:label2\" content=\"Tiempo de lectura\" \/>\n\t<meta name=\"twitter:data2\" content=\"5 minutos\" \/>\n<script type=\"application\/ld+json\" class=\"yoast-schema-graph\">{\"@context\":\"https:\\\/\\\/schema.org\",\"@graph\":[{\"@type\":\"Article\",\"@id\":\"https:\\\/\\\/www.quebakan.com\\\/v15\\\/expertos-plantearon-propuestas-para-incluir-el-derecho-a-una-segunda-oportunidad-financiera-en-la-nueva-constitucion\\\/#article\",\"isPartOf\":{\"@id\":\"https:\\\/\\\/www.quebakan.com\\\/v15\\\/expertos-plantearon-propuestas-para-incluir-el-derecho-a-una-segunda-oportunidad-financiera-en-la-nueva-constitucion\\\/\"},\"author\":{\"name\":\"Erick Villafuerte\",\"@id\":\"https:\\\/\\\/www.quebakan.com\\\/v15\\\/#\\\/schema\\\/person\\\/d90fa9f9cfa81eb8ace9811e5b7b9118\"},\"headline\":\"Expertos plantearon propuestas para incluir el derecho a una segunda oportunidad financiera en la nueva Constituci\u00f3n\",\"datePublished\":\"2025-10-17T23:37:11+00:00\",\"mainEntityOfPage\":{\"@id\":\"https:\\\/\\\/www.quebakan.com\\\/v15\\\/expertos-plantearon-propuestas-para-incluir-el-derecho-a-una-segunda-oportunidad-financiera-en-la-nueva-constitucion\\\/\"},\"wordCount\":941,\"publisher\":{\"@id\":\"https:\\\/\\\/www.quebakan.com\\\/v15\\\/#organization\"},\"image\":{\"@id\":\"https:\\\/\\\/www.quebakan.com\\\/v15\\\/expertos-plantearon-propuestas-para-incluir-el-derecho-a-una-segunda-oportunidad-financiera-en-la-nueva-constitucion\\\/#primaryimage\"},\"thumbnailUrl\":\"https:\\\/\\\/www.quebakan.com\\\/v15\\\/wp-content\\\/uploads\\\/2025\\\/10\\\/Foto-1-institucional.jpg\",\"articleSection\":[\"Noticias\"],\"inLanguage\":\"es\"},{\"@type\":\"WebPage\",\"@id\":\"https:\\\/\\\/www.quebakan.com\\\/v15\\\/expertos-plantearon-propuestas-para-incluir-el-derecho-a-una-segunda-oportunidad-financiera-en-la-nueva-constitucion\\\/\",\"url\":\"https:\\\/\\\/www.quebakan.com\\\/v15\\\/expertos-plantearon-propuestas-para-incluir-el-derecho-a-una-segunda-oportunidad-financiera-en-la-nueva-constitucion\\\/\",\"name\":\"Expertos plantearon propuestas para incluir el derecho a una segunda oportunidad financiera en la nueva Constituci\u00f3n &#8211; QUEBAKAN.COM 2026: Noticias, Eventos, Conciertos y mucho m\u00e1s....\",\"isPartOf\":{\"@id\":\"https:\\\/\\\/www.quebakan.com\\\/v15\\\/#website\"},\"primaryImageOfPage\":{\"@id\":\"https:\\\/\\\/www.quebakan.com\\\/v15\\\/expertos-plantearon-propuestas-para-incluir-el-derecho-a-una-segunda-oportunidad-financiera-en-la-nueva-constitucion\\\/#primaryimage\"},\"image\":{\"@id\":\"https:\\\/\\\/www.quebakan.com\\\/v15\\\/expertos-plantearon-propuestas-para-incluir-el-derecho-a-una-segunda-oportunidad-financiera-en-la-nueva-constitucion\\\/#primaryimage\"},\"thumbnailUrl\":\"https:\\\/\\\/www.quebakan.com\\\/v15\\\/wp-content\\\/uploads\\\/2025\\\/10\\\/Foto-1-institucional.jpg\",\"datePublished\":\"2025-10-17T23:37:11+00:00\",\"breadcrumb\":{\"@id\":\"https:\\\/\\\/www.quebakan.com\\\/v15\\\/expertos-plantearon-propuestas-para-incluir-el-derecho-a-una-segunda-oportunidad-financiera-en-la-nueva-constitucion\\\/#breadcrumb\"},\"inLanguage\":\"es\",\"potentialAction\":[{\"@type\":\"ReadAction\",\"target\":[\"https:\\\/\\\/www.quebakan.com\\\/v15\\\/expertos-plantearon-propuestas-para-incluir-el-derecho-a-una-segunda-oportunidad-financiera-en-la-nueva-constitucion\\\/\"]}]},{\"@type\":\"ImageObject\",\"inLanguage\":\"es\",\"@id\":\"https:\\\/\\\/www.quebakan.com\\\/v15\\\/expertos-plantearon-propuestas-para-incluir-el-derecho-a-una-segunda-oportunidad-financiera-en-la-nueva-constitucion\\\/#primaryimage\",\"url\":\"https:\\\/\\\/www.quebakan.com\\\/v15\\\/wp-content\\\/uploads\\\/2025\\\/10\\\/Foto-1-institucional.jpg\",\"contentUrl\":\"https:\\\/\\\/www.quebakan.com\\\/v15\\\/wp-content\\\/uploads\\\/2025\\\/10\\\/Foto-1-institucional.jpg\",\"width\":700,\"height\":479},{\"@type\":\"BreadcrumbList\",\"@id\":\"https:\\\/\\\/www.quebakan.com\\\/v15\\\/expertos-plantearon-propuestas-para-incluir-el-derecho-a-una-segunda-oportunidad-financiera-en-la-nueva-constitucion\\\/#breadcrumb\",\"itemListElement\":[{\"@type\":\"ListItem\",\"position\":1,\"name\":\"Portada\",\"item\":\"https:\\\/\\\/www.quebakan.com\\\/v15\\\/\"},{\"@type\":\"ListItem\",\"position\":2,\"name\":\"Expertos plantearon propuestas para incluir el derecho a una segunda oportunidad financiera en la nueva Constituci\u00f3n\"}]},{\"@type\":\"WebSite\",\"@id\":\"https:\\\/\\\/www.quebakan.com\\\/v15\\\/#website\",\"url\":\"https:\\\/\\\/www.quebakan.com\\\/v15\\\/\",\"name\":\"QUEBAKAN\",\"description\":\"..\",\"publisher\":{\"@id\":\"https:\\\/\\\/www.quebakan.com\\\/v15\\\/#organization\"},\"potentialAction\":[{\"@type\":\"SearchAction\",\"target\":{\"@type\":\"EntryPoint\",\"urlTemplate\":\"https:\\\/\\\/www.quebakan.com\\\/v15\\\/?s={search_term_string}\"},\"query-input\":{\"@type\":\"PropertyValueSpecification\",\"valueRequired\":true,\"valueName\":\"search_term_string\"}}],\"inLanguage\":\"es\"},{\"@type\":\"Organization\",\"@id\":\"https:\\\/\\\/www.quebakan.com\\\/v15\\\/#organization\",\"name\":\"Quebakan.com\",\"url\":\"https:\\\/\\\/www.quebakan.com\\\/v15\\\/\",\"logo\":{\"@type\":\"ImageObject\",\"inLanguage\":\"es\",\"@id\":\"https:\\\/\\\/www.quebakan.com\\\/v15\\\/#\\\/schema\\\/logo\\\/image\\\/\",\"url\":\"https:\\\/\\\/www.quebakan.com\\\/v15\\\/wp-content\\\/uploads\\\/2023\\\/07\\\/logoquebakanenero2021.jpg\",\"contentUrl\":\"https:\\\/\\\/www.quebakan.com\\\/v15\\\/wp-content\\\/uploads\\\/2023\\\/07\\\/logoquebakanenero2021.jpg\",\"width\":1920,\"height\":1080,\"caption\":\"Quebakan.com\"},\"image\":{\"@id\":\"https:\\\/\\\/www.quebakan.com\\\/v15\\\/#\\\/schema\\\/logo\\\/image\\\/\"},\"sameAs\":[\"http:\\\/\\\/www.facebook.com\\\/quebakan\",\"https:\\\/\\\/x.com\\\/quebakanec\",\"http:\\\/\\\/www.instagram.com\\\/quebakan\",\"http:\\\/\\\/www.youtube.com\\\/quebakan1\"]},{\"@type\":\"Person\",\"@id\":\"https:\\\/\\\/www.quebakan.com\\\/v15\\\/#\\\/schema\\\/person\\\/d90fa9f9cfa81eb8ace9811e5b7b9118\",\"name\":\"Erick Villafuerte\",\"image\":{\"@type\":\"ImageObject\",\"inLanguage\":\"es\",\"@id\":\"https:\\\/\\\/www.quebakan.com\\\/v15\\\/wp-content\\\/uploads\\\/avatars\\\/4\\\/1731297654-bpfull.png\",\"url\":\"https:\\\/\\\/www.quebakan.com\\\/v15\\\/wp-content\\\/uploads\\\/avatars\\\/4\\\/1731297654-bpfull.png\",\"contentUrl\":\"https:\\\/\\\/www.quebakan.com\\\/v15\\\/wp-content\\\/uploads\\\/avatars\\\/4\\\/1731297654-bpfull.png\",\"caption\":\"Erick Villafuerte\"}}]}<\/script>\n<!-- \/ Yoast SEO plugin. -->","yoast_head_json":{"title":"Expertos plantearon propuestas para incluir el derecho a una segunda oportunidad financiera en la nueva Constituci\u00f3n &#8211; QUEBAKAN.COM 2026: Noticias, Eventos, Conciertos y mucho m\u00e1s....","robots":{"index":"index","follow":"follow","max-snippet":"max-snippet:-1","max-image-preview":"max-image-preview:large","max-video-preview":"max-video-preview:-1"},"canonical":"https:\/\/www.quebakan.com\/v15\/expertos-plantearon-propuestas-para-incluir-el-derecho-a-una-segunda-oportunidad-financiera-en-la-nueva-constitucion\/","og_locale":"es_ES","og_type":"article","og_title":"Expertos plantearon propuestas para incluir el derecho a una segunda oportunidad financiera en la nueva Constituci\u00f3n &#8211; QUEBAKAN.COM 2026: Noticias, Eventos, Conciertos y mucho m\u00e1s....","og_description":"Quito, octubre 2025.- Con la participaci\u00f3n de expertos nacionales e internacionales, se desarroll\u00f3 en Quito el encuentro acad\u00e9mico \u201cSobreendeudamiento en Ecuador: reformas urgentes para una segunda oportunidad\u201d, organizado por Defensa Deudores Ecuador, primer estudio jur\u00eddico especializado en brindar soluciones legales a personas y empresas con problemas de endeudamiento. El evento reuni\u00f3 a autoridades, acad\u00e9micos, juristas [&hellip;]","og_url":"https:\/\/www.quebakan.com\/v15\/expertos-plantearon-propuestas-para-incluir-el-derecho-a-una-segunda-oportunidad-financiera-en-la-nueva-constitucion\/","og_site_name":"QUEBAKAN.COM 2026: Noticias, Eventos, Conciertos y mucho m\u00e1s....","article_publisher":"http:\/\/www.facebook.com\/quebakan","article_published_time":"2025-10-17T23:37:11+00:00","og_image":[{"width":700,"height":479,"url":"https:\/\/www.quebakan.com\/v15\/wp-content\/uploads\/2025\/10\/Foto-1-institucional.jpg","type":"image\/jpeg"}],"author":"Erick Villafuerte","twitter_card":"summary_large_image","twitter_creator":"@quebakanec","twitter_site":"@quebakanec","twitter_misc":{"Escrito por":"Erick Villafuerte","Tiempo de lectura":"5 minutos"},"schema":{"@context":"https:\/\/schema.org","@graph":[{"@type":"Article","@id":"https:\/\/www.quebakan.com\/v15\/expertos-plantearon-propuestas-para-incluir-el-derecho-a-una-segunda-oportunidad-financiera-en-la-nueva-constitucion\/#article","isPartOf":{"@id":"https:\/\/www.quebakan.com\/v15\/expertos-plantearon-propuestas-para-incluir-el-derecho-a-una-segunda-oportunidad-financiera-en-la-nueva-constitucion\/"},"author":{"name":"Erick Villafuerte","@id":"https:\/\/www.quebakan.com\/v15\/#\/schema\/person\/d90fa9f9cfa81eb8ace9811e5b7b9118"},"headline":"Expertos plantearon propuestas para incluir el derecho a una segunda oportunidad financiera en la nueva Constituci\u00f3n","datePublished":"2025-10-17T23:37:11+00:00","mainEntityOfPage":{"@id":"https:\/\/www.quebakan.com\/v15\/expertos-plantearon-propuestas-para-incluir-el-derecho-a-una-segunda-oportunidad-financiera-en-la-nueva-constitucion\/"},"wordCount":941,"publisher":{"@id":"https:\/\/www.quebakan.com\/v15\/#organization"},"image":{"@id":"https:\/\/www.quebakan.com\/v15\/expertos-plantearon-propuestas-para-incluir-el-derecho-a-una-segunda-oportunidad-financiera-en-la-nueva-constitucion\/#primaryimage"},"thumbnailUrl":"https:\/\/www.quebakan.com\/v15\/wp-content\/uploads\/2025\/10\/Foto-1-institucional.jpg","articleSection":["Noticias"],"inLanguage":"es"},{"@type":"WebPage","@id":"https:\/\/www.quebakan.com\/v15\/expertos-plantearon-propuestas-para-incluir-el-derecho-a-una-segunda-oportunidad-financiera-en-la-nueva-constitucion\/","url":"https:\/\/www.quebakan.com\/v15\/expertos-plantearon-propuestas-para-incluir-el-derecho-a-una-segunda-oportunidad-financiera-en-la-nueva-constitucion\/","name":"Expertos plantearon propuestas para incluir el derecho a una segunda oportunidad financiera en la nueva Constituci\u00f3n &#8211; QUEBAKAN.COM 2026: Noticias, Eventos, Conciertos y mucho m\u00e1s....","isPartOf":{"@id":"https:\/\/www.quebakan.com\/v15\/#website"},"primaryImageOfPage":{"@id":"https:\/\/www.quebakan.com\/v15\/expertos-plantearon-propuestas-para-incluir-el-derecho-a-una-segunda-oportunidad-financiera-en-la-nueva-constitucion\/#primaryimage"},"image":{"@id":"https:\/\/www.quebakan.com\/v15\/expertos-plantearon-propuestas-para-incluir-el-derecho-a-una-segunda-oportunidad-financiera-en-la-nueva-constitucion\/#primaryimage"},"thumbnailUrl":"https:\/\/www.quebakan.com\/v15\/wp-content\/uploads\/2025\/10\/Foto-1-institucional.jpg","datePublished":"2025-10-17T23:37:11+00:00","breadcrumb":{"@id":"https:\/\/www.quebakan.com\/v15\/expertos-plantearon-propuestas-para-incluir-el-derecho-a-una-segunda-oportunidad-financiera-en-la-nueva-constitucion\/#breadcrumb"},"inLanguage":"es","potentialAction":[{"@type":"ReadAction","target":["https:\/\/www.quebakan.com\/v15\/expertos-plantearon-propuestas-para-incluir-el-derecho-a-una-segunda-oportunidad-financiera-en-la-nueva-constitucion\/"]}]},{"@type":"ImageObject","inLanguage":"es","@id":"https:\/\/www.quebakan.com\/v15\/expertos-plantearon-propuestas-para-incluir-el-derecho-a-una-segunda-oportunidad-financiera-en-la-nueva-constitucion\/#primaryimage","url":"https:\/\/www.quebakan.com\/v15\/wp-content\/uploads\/2025\/10\/Foto-1-institucional.jpg","contentUrl":"https:\/\/www.quebakan.com\/v15\/wp-content\/uploads\/2025\/10\/Foto-1-institucional.jpg","width":700,"height":479},{"@type":"BreadcrumbList","@id":"https:\/\/www.quebakan.com\/v15\/expertos-plantearon-propuestas-para-incluir-el-derecho-a-una-segunda-oportunidad-financiera-en-la-nueva-constitucion\/#breadcrumb","itemListElement":[{"@type":"ListItem","position":1,"name":"Portada","item":"https:\/\/www.quebakan.com\/v15\/"},{"@type":"ListItem","position":2,"name":"Expertos plantearon propuestas para incluir el derecho a una segunda oportunidad financiera en la nueva Constituci\u00f3n"}]},{"@type":"WebSite","@id":"https:\/\/www.quebakan.com\/v15\/#website","url":"https:\/\/www.quebakan.com\/v15\/","name":"QUEBAKAN","description":"..","publisher":{"@id":"https:\/\/www.quebakan.com\/v15\/#organization"},"potentialAction":[{"@type":"SearchAction","target":{"@type":"EntryPoint","urlTemplate":"https:\/\/www.quebakan.com\/v15\/?s={search_term_string}"},"query-input":{"@type":"PropertyValueSpecification","valueRequired":true,"valueName":"search_term_string"}}],"inLanguage":"es"},{"@type":"Organization","@id":"https:\/\/www.quebakan.com\/v15\/#organization","name":"Quebakan.com","url":"https:\/\/www.quebakan.com\/v15\/","logo":{"@type":"ImageObject","inLanguage":"es","@id":"https:\/\/www.quebakan.com\/v15\/#\/schema\/logo\/image\/","url":"https:\/\/www.quebakan.com\/v15\/wp-content\/uploads\/2023\/07\/logoquebakanenero2021.jpg","contentUrl":"https:\/\/www.quebakan.com\/v15\/wp-content\/uploads\/2023\/07\/logoquebakanenero2021.jpg","width":1920,"height":1080,"caption":"Quebakan.com"},"image":{"@id":"https:\/\/www.quebakan.com\/v15\/#\/schema\/logo\/image\/"},"sameAs":["http:\/\/www.facebook.com\/quebakan","https:\/\/x.com\/quebakanec","http:\/\/www.instagram.com\/quebakan","http:\/\/www.youtube.com\/quebakan1"]},{"@type":"Person","@id":"https:\/\/www.quebakan.com\/v15\/#\/schema\/person\/d90fa9f9cfa81eb8ace9811e5b7b9118","name":"Erick Villafuerte","image":{"@type":"ImageObject","inLanguage":"es","@id":"https:\/\/www.quebakan.com\/v15\/wp-content\/uploads\/avatars\/4\/1731297654-bpfull.png","url":"https:\/\/www.quebakan.com\/v15\/wp-content\/uploads\/avatars\/4\/1731297654-bpfull.png","contentUrl":"https:\/\/www.quebakan.com\/v15\/wp-content\/uploads\/avatars\/4\/1731297654-bpfull.png","caption":"Erick Villafuerte"}}]}},"_links":{"self":[{"href":"https:\/\/www.quebakan.com\/v15\/wp-json\/wp\/v2\/posts\/136447","targetHints":{"allow":["GET"]}}],"collection":[{"href":"https:\/\/www.quebakan.com\/v15\/wp-json\/wp\/v2\/posts"}],"about":[{"href":"https:\/\/www.quebakan.com\/v15\/wp-json\/wp\/v2\/types\/post"}],"author":[{"embeddable":true,"href":"https:\/\/www.quebakan.com\/v15\/wp-json\/wp\/v2\/users\/4"}],"replies":[{"embeddable":true,"href":"https:\/\/www.quebakan.com\/v15\/wp-json\/wp\/v2\/comments?post=136447"}],"version-history":[{"count":1,"href":"https:\/\/www.quebakan.com\/v15\/wp-json\/wp\/v2\/posts\/136447\/revisions"}],"predecessor-version":[{"id":136451,"href":"https:\/\/www.quebakan.com\/v15\/wp-json\/wp\/v2\/posts\/136447\/revisions\/136451"}],"wp:featuredmedia":[{"embeddable":true,"href":"https:\/\/www.quebakan.com\/v15\/wp-json\/wp\/v2\/media\/136448"}],"wp:attachment":[{"href":"https:\/\/www.quebakan.com\/v15\/wp-json\/wp\/v2\/media?parent=136447"}],"wp:term":[{"taxonomy":"category","embeddable":true,"href":"https:\/\/www.quebakan.com\/v15\/wp-json\/wp\/v2\/categories?post=136447"},{"taxonomy":"post_tag","embeddable":true,"href":"https:\/\/www.quebakan.com\/v15\/wp-json\/wp\/v2\/tags?post=136447"}],"curies":[{"name":"wp","href":"https:\/\/api.w.org\/{rel}","templated":true}]}}