{"id":136452,"date":"2025-10-17T19:15:03","date_gmt":"2025-10-18T00:15:03","guid":{"rendered":"https:\/\/www.quebakan.com\/v15\/?p=136452"},"modified":"2025-10-17T19:15:03","modified_gmt":"2025-10-18T00:15:03","slug":"mi-nueva-yo-una-jornada-que-devuelve-fuerza-y-belleza-a-mujeres-en-proceso-oncologico","status":"publish","type":"post","link":"https:\/\/www.quebakan.com\/v15\/mi-nueva-yo-una-jornada-que-devuelve-fuerza-y-belleza-a-mujeres-en-proceso-oncologico\/","title":{"rendered":"Mi Nueva Yo\u201d: una jornada que devuelve fuerza y belleza a mujeres en proceso oncol\u00f3gico"},"content":{"rendered":"<p><img fetchpriority=\"high\" decoding=\"async\" class=\"aligncenter size-full wp-image-136453\" src=\"https:\/\/www.quebakan.com\/v15\/wp-content\/uploads\/2025\/10\/98d81bb4-7e2a-4b31-8eae-03686e3747de.jpg\" alt=\"\" width=\"525\" height=\"700\" \/><\/p>\n<p style=\"text-align: justify;\"><span style=\"color: #000000;\"><strong>Guayaquil, octubre de 2025.<\/strong> En el marco del D\u00eda Mundial de la Lucha contra el C\u00e1ncer de Mama, que se conmemora cada 19 de octubre, se desarrollar\u00e1 el evento \u201cMi Nueva Yo: M\u00e1s Fuerte, M\u00e1s Hermosa\u201d, una jornada gratuita de transformaci\u00f3n emocional, est\u00e9tica y espiritual que reunir\u00e1 a m\u00e1s de 50 mujeres que enfrentan o han superado un proceso oncol\u00f3gico.<\/span><\/p>\n<p style=\"text-align: justify;\"><span style=\"color: #000000;\">La actividad se realizar\u00e1 en el Parque Hist\u00f3rico de Guayaquil, organizada por Kristel \u00c1lvarez Studio &amp; Academy, con el respaldo del Gremio de Micropigmentadores del Ecuador y en alianza con la Sociedad de Lucha contra el C\u00e1ncer (SOLCA) y m\u00e1s de 15 marcas y organizaciones ecuatorianas comprometidas con esta causa.<\/span><\/p>\n<p style=\"text-align: justify;\"><span style=\"color: #000000;\"><em>\u201cCuando una mujer pierde sus cejas y su cabello, su enfermedad se vuelve visible. Con esta campa\u00f1a queremos devolverles esa mirada que ilumina su fuerza interior\u201d, afirma Kristel \u00c1lvarez, fundadora del evento y micropigmentadora profesional.<\/em><\/span><\/p>\n<p style=\"text-align: justify;\"><span style=\"color: #000000;\">Durante la jornada, las participantes recibir\u00e1n reconstrucci\u00f3n gratuita de cejas con micropigmentaci\u00f3n param\u00e9dica, turbantes, maquillaje, talleres creativos y acompa\u00f1amiento psicol\u00f3gico y espiritual. Esta iniciativa busca no solo resaltar la belleza exterior, sino tambi\u00e9n sanar desde adentro, reconectando con la autoestima, la fe y la esperanza.<\/span><\/p>\n<p style=\"text-align: justify;\"><span style=\"color: #000000;\"><strong>Una red solidaria con prop\u00f3sito<\/strong><\/span><\/p>\n<p style=\"text-align: justify;\"><span style=\"color: #000000;\">\u201cMi Nueva Yo\u201d re\u00fane a un grupo de empresas, instituciones y profesionales que se suman a esta iniciativa con acciones concretas de apoyo:<\/span><\/p>\n<ul style=\"text-align: justify;\">\n<li><span style=\"color: #000000;\">De Prati, con su programa \u201cMujeres Confeccionistas\u201d \u2014que impulsa el emprendimiento y la independencia econ\u00f3mica de cientos de mujeres en el pa\u00eds\u2014, se une a esta causa con la donaci\u00f3n de turbantes confeccionados por sus artesanas, que simbolizan protecci\u00f3n, estilo y fuerza femenina.<\/span><\/li>\n<li><span style=\"color: #000000;\">Ceragem Am\u00e9rica ofrecer\u00e1 sesiones de calor medicinal, acupresi\u00f3n y quiropr\u00e1ctica automatizada, contribuyendo al bienestar f\u00edsico y la relajaci\u00f3n de las participantes.<\/span><\/li>\n<li><span style=\"color: #000000;\">Polipapel y Sagittarius impartir\u00e1n talleres de portarretratos y bisuter\u00eda.<\/span><\/li>\n<li><span style=\"color: #000000;\">Yesenia Vargas liderar\u00e1 el taller de elaboraci\u00f3n de pelucas.<\/span><\/li>\n<li><span style=\"color: #000000;\">Gloria Saltos ofrecer\u00e1 un espacio de belleza y recuperaci\u00f3n de cejas y pesta\u00f1as.<\/span><\/li>\n<li><span style=\"color: #000000;\">Cl\u00ednica de la Calle acompa\u00f1ar\u00e1 con un circuito de apoyo psicol\u00f3gico.<\/span><\/li>\n<li><span style=\"color: #000000;\">Fundaci\u00f3n Jes\u00fas Divino Chambero brindar\u00e1 acompa\u00f1amiento espiritual.<\/span><\/li>\n<li><span style=\"color: #000000;\">Adem\u00e1s, marcas como Distrimall Beauty, A.V. Print, Suri Flowers, Hotel del Parque, y el propio Parque Hist\u00f3rico de Guayaquil aportar\u00e1n insumos, material gr\u00e1fico, flores, alimentaci\u00f3n y espacios para el desarrollo del evento.<\/span><\/li>\n<\/ul>\n<p style=\"text-align: justify;\"><span style=\"color: #000000;\"><strong>Una realidad que inspira acci\u00f3n<\/strong><\/span><\/p>\n<p style=\"text-align: justify;\"><span style=\"color: #000000;\">Seg\u00fan datos del Observatorio GLOBOCAN 2022, en Ecuador se registraron 30.888 nuevos casos de c\u00e1ncer y 16.158 muertes por esta enfermedad en ese a\u00f1o. La incidencia alcanza 152,7 casos por cada 100.000 habitantes, reflejando la importancia de fortalecer espacios de apoyo emocional y humano como este.<\/span><\/p>\n<p style=\"text-align: justify;\"><span style=\"color: #000000;\">\u201cMi Nueva Yo es una oportunidad para mirar la enfermedad desde otro lugar: con esperanza, con amor y con fe\u201d, concluye \u00c1lvarez.<\/span><\/p>\n<p><img decoding=\"async\" class=\"aligncenter size-full wp-image-136454\" src=\"https:\/\/www.quebakan.com\/v15\/wp-content\/uploads\/2025\/10\/6dfed7ab-78de-4865-8abe-436526705ecd.jpg\" alt=\"\" width=\"525\" height=\"700\" \/><\/p>\n<p>&nbsp;<\/p>\n<p><img decoding=\"async\" class=\"aligncenter size-full wp-image-136455\" src=\"https:\/\/www.quebakan.com\/v15\/wp-content\/uploads\/2025\/10\/f1c4e133-256d-45cb-9150-097ba53c844e.jpg\" alt=\"\" width=\"525\" height=\"700\" \/><\/p>\n<p>&nbsp;<\/p>\n<p><img loading=\"lazy\" decoding=\"async\" class=\"aligncenter size-full wp-image-136456\" src=\"https:\/\/www.quebakan.com\/v15\/wp-content\/uploads\/2025\/10\/e07d50db-078b-4c5b-a954-4775082af84d.jpg\" alt=\"\" width=\"525\" height=\"700\" \/><\/p>\n<p>&nbsp;<\/p>\n<p><img loading=\"lazy\" decoding=\"async\" class=\"aligncenter size-full wp-image-136457\" src=\"https:\/\/www.quebakan.com\/v15\/wp-content\/uploads\/2025\/10\/a24e93f1-02fe-4006-be2b-9ff2a4cd1528.jpg\" alt=\"\" width=\"525\" height=\"700\" \/><\/p>\n<p>&nbsp;<\/p>\n<p><img loading=\"lazy\" decoding=\"async\" class=\"aligncenter size-full wp-image-136458\" src=\"https:\/\/www.quebakan.com\/v15\/wp-content\/uploads\/2025\/10\/0243ef7b-815d-481c-811f-3f966ceb0ff7.jpg\" alt=\"\" width=\"525\" height=\"700\" \/><\/p>\n","protected":false},"excerpt":{"rendered":"<p>Guayaquil, octubre de 2025. En el marco del D\u00eda Mundial de la Lucha contra el C\u00e1ncer de Mama, que se conmemora cada 19 de octubre, se desarrollar\u00e1 el evento \u201cMi Nueva Yo: M\u00e1s Fuerte, M\u00e1s Hermosa\u201d, una jornada gratuita de transformaci\u00f3n emocional, est\u00e9tica y espiritual que reunir\u00e1 a m\u00e1s de 50 mujeres que enfrentan o [&hellip;]<\/p>\n","protected":false},"author":4,"featured_media":136453,"comment_status":"closed","ping_status":"closed","sticky":false,"template":"","format":"standard","meta":{"_bbp_topic_count":0,"_bbp_reply_count":0,"_bbp_total_topic_count":0,"_bbp_total_reply_count":0,"_bbp_voice_count":0,"_bbp_anonymous_reply_count":0,"_bbp_topic_count_hidden":0,"_bbp_reply_count_hidden":0,"_bbp_forum_subforum_count":0,"buzzeditor_post_format":"","footnotes":""},"categories":[2],"tags":[],"class_list":["post-136452","post","type-post","status-publish","format-standard","has-post-thumbnail","hentry","category-noticias"],"yoast_head":"<!-- This site is optimized with the Yoast SEO plugin v27.5 - https:\/\/yoast.com\/product\/yoast-seo-wordpress\/ -->\n<title>Mi Nueva Yo\u201d: una jornada que devuelve fuerza y belleza a mujeres en proceso oncol\u00f3gico &#8211; QUEBAKAN.COM 2026: Noticias, Eventos, Conciertos y mucho m\u00e1s....<\/title>\n<meta name=\"robots\" content=\"index, follow, max-snippet:-1, max-image-preview:large, max-video-preview:-1\" \/>\n<link rel=\"canonical\" href=\"https:\/\/www.quebakan.com\/v15\/mi-nueva-yo-una-jornada-que-devuelve-fuerza-y-belleza-a-mujeres-en-proceso-oncologico\/\" \/>\n<meta property=\"og:locale\" content=\"es_ES\" \/>\n<meta property=\"og:type\" content=\"article\" \/>\n<meta property=\"og:title\" content=\"Mi Nueva Yo\u201d: una jornada que devuelve fuerza y belleza a mujeres en proceso oncol\u00f3gico &#8211; QUEBAKAN.COM 2026: Noticias, Eventos, Conciertos y mucho m\u00e1s....\" \/>\n<meta property=\"og:description\" content=\"Guayaquil, octubre de 2025. En el marco del D\u00eda Mundial de la Lucha contra el C\u00e1ncer de Mama, que se conmemora cada 19 de octubre, se desarrollar\u00e1 el evento \u201cMi Nueva Yo: M\u00e1s Fuerte, M\u00e1s Hermosa\u201d, una jornada gratuita de transformaci\u00f3n emocional, est\u00e9tica y espiritual que reunir\u00e1 a m\u00e1s de 50 mujeres que enfrentan o [&hellip;]\" \/>\n<meta property=\"og:url\" content=\"https:\/\/www.quebakan.com\/v15\/mi-nueva-yo-una-jornada-que-devuelve-fuerza-y-belleza-a-mujeres-en-proceso-oncologico\/\" \/>\n<meta property=\"og:site_name\" content=\"QUEBAKAN.COM 2026: Noticias, Eventos, Conciertos y mucho m\u00e1s....\" \/>\n<meta property=\"article:publisher\" content=\"http:\/\/www.facebook.com\/quebakan\" \/>\n<meta property=\"article:published_time\" content=\"2025-10-18T00:15:03+00:00\" \/>\n<meta property=\"og:image\" content=\"https:\/\/www.quebakan.com\/v15\/wp-content\/uploads\/2025\/10\/98d81bb4-7e2a-4b31-8eae-03686e3747de.jpg\" \/>\n\t<meta property=\"og:image:width\" content=\"525\" \/>\n\t<meta property=\"og:image:height\" content=\"700\" \/>\n\t<meta property=\"og:image:type\" content=\"image\/jpeg\" \/>\n<meta name=\"author\" content=\"Erick Villafuerte\" \/>\n<meta name=\"twitter:card\" content=\"summary_large_image\" \/>\n<meta name=\"twitter:creator\" content=\"@quebakanec\" \/>\n<meta name=\"twitter:site\" content=\"@quebakanec\" \/>\n<meta name=\"twitter:label1\" content=\"Escrito por\" \/>\n\t<meta name=\"twitter:data1\" content=\"Erick Villafuerte\" \/>\n\t<meta name=\"twitter:label2\" content=\"Tiempo de lectura\" \/>\n\t<meta name=\"twitter:data2\" content=\"4 minutos\" \/>\n<script type=\"application\/ld+json\" class=\"yoast-schema-graph\">{\"@context\":\"https:\\\/\\\/schema.org\",\"@graph\":[{\"@type\":\"Article\",\"@id\":\"https:\\\/\\\/www.quebakan.com\\\/v15\\\/mi-nueva-yo-una-jornada-que-devuelve-fuerza-y-belleza-a-mujeres-en-proceso-oncologico\\\/#article\",\"isPartOf\":{\"@id\":\"https:\\\/\\\/www.quebakan.com\\\/v15\\\/mi-nueva-yo-una-jornada-que-devuelve-fuerza-y-belleza-a-mujeres-en-proceso-oncologico\\\/\"},\"author\":{\"name\":\"Erick Villafuerte\",\"@id\":\"https:\\\/\\\/www.quebakan.com\\\/v15\\\/#\\\/schema\\\/person\\\/d90fa9f9cfa81eb8ace9811e5b7b9118\"},\"headline\":\"Mi Nueva Yo\u201d: una jornada que devuelve fuerza y belleza a mujeres en proceso oncol\u00f3gico\",\"datePublished\":\"2025-10-18T00:15:03+00:00\",\"mainEntityOfPage\":{\"@id\":\"https:\\\/\\\/www.quebakan.com\\\/v15\\\/mi-nueva-yo-una-jornada-que-devuelve-fuerza-y-belleza-a-mujeres-en-proceso-oncologico\\\/\"},\"wordCount\":498,\"publisher\":{\"@id\":\"https:\\\/\\\/www.quebakan.com\\\/v15\\\/#organization\"},\"image\":{\"@id\":\"https:\\\/\\\/www.quebakan.com\\\/v15\\\/mi-nueva-yo-una-jornada-que-devuelve-fuerza-y-belleza-a-mujeres-en-proceso-oncologico\\\/#primaryimage\"},\"thumbnailUrl\":\"https:\\\/\\\/www.quebakan.com\\\/v15\\\/wp-content\\\/uploads\\\/2025\\\/10\\\/98d81bb4-7e2a-4b31-8eae-03686e3747de.jpg\",\"articleSection\":[\"Noticias\"],\"inLanguage\":\"es\"},{\"@type\":\"WebPage\",\"@id\":\"https:\\\/\\\/www.quebakan.com\\\/v15\\\/mi-nueva-yo-una-jornada-que-devuelve-fuerza-y-belleza-a-mujeres-en-proceso-oncologico\\\/\",\"url\":\"https:\\\/\\\/www.quebakan.com\\\/v15\\\/mi-nueva-yo-una-jornada-que-devuelve-fuerza-y-belleza-a-mujeres-en-proceso-oncologico\\\/\",\"name\":\"Mi Nueva Yo\u201d: una jornada que devuelve fuerza y belleza a mujeres en proceso oncol\u00f3gico &#8211; QUEBAKAN.COM 2026: Noticias, Eventos, Conciertos y mucho m\u00e1s....\",\"isPartOf\":{\"@id\":\"https:\\\/\\\/www.quebakan.com\\\/v15\\\/#website\"},\"primaryImageOfPage\":{\"@id\":\"https:\\\/\\\/www.quebakan.com\\\/v15\\\/mi-nueva-yo-una-jornada-que-devuelve-fuerza-y-belleza-a-mujeres-en-proceso-oncologico\\\/#primaryimage\"},\"image\":{\"@id\":\"https:\\\/\\\/www.quebakan.com\\\/v15\\\/mi-nueva-yo-una-jornada-que-devuelve-fuerza-y-belleza-a-mujeres-en-proceso-oncologico\\\/#primaryimage\"},\"thumbnailUrl\":\"https:\\\/\\\/www.quebakan.com\\\/v15\\\/wp-content\\\/uploads\\\/2025\\\/10\\\/98d81bb4-7e2a-4b31-8eae-03686e3747de.jpg\",\"datePublished\":\"2025-10-18T00:15:03+00:00\",\"breadcrumb\":{\"@id\":\"https:\\\/\\\/www.quebakan.com\\\/v15\\\/mi-nueva-yo-una-jornada-que-devuelve-fuerza-y-belleza-a-mujeres-en-proceso-oncologico\\\/#breadcrumb\"},\"inLanguage\":\"es\",\"potentialAction\":[{\"@type\":\"ReadAction\",\"target\":[\"https:\\\/\\\/www.quebakan.com\\\/v15\\\/mi-nueva-yo-una-jornada-que-devuelve-fuerza-y-belleza-a-mujeres-en-proceso-oncologico\\\/\"]}]},{\"@type\":\"ImageObject\",\"inLanguage\":\"es\",\"@id\":\"https:\\\/\\\/www.quebakan.com\\\/v15\\\/mi-nueva-yo-una-jornada-que-devuelve-fuerza-y-belleza-a-mujeres-en-proceso-oncologico\\\/#primaryimage\",\"url\":\"https:\\\/\\\/www.quebakan.com\\\/v15\\\/wp-content\\\/uploads\\\/2025\\\/10\\\/98d81bb4-7e2a-4b31-8eae-03686e3747de.jpg\",\"contentUrl\":\"https:\\\/\\\/www.quebakan.com\\\/v15\\\/wp-content\\\/uploads\\\/2025\\\/10\\\/98d81bb4-7e2a-4b31-8eae-03686e3747de.jpg\",\"width\":525,\"height\":700},{\"@type\":\"BreadcrumbList\",\"@id\":\"https:\\\/\\\/www.quebakan.com\\\/v15\\\/mi-nueva-yo-una-jornada-que-devuelve-fuerza-y-belleza-a-mujeres-en-proceso-oncologico\\\/#breadcrumb\",\"itemListElement\":[{\"@type\":\"ListItem\",\"position\":1,\"name\":\"Portada\",\"item\":\"https:\\\/\\\/www.quebakan.com\\\/v15\\\/\"},{\"@type\":\"ListItem\",\"position\":2,\"name\":\"Mi Nueva Yo\u201d: una jornada que devuelve fuerza y belleza a mujeres en proceso oncol\u00f3gico\"}]},{\"@type\":\"WebSite\",\"@id\":\"https:\\\/\\\/www.quebakan.com\\\/v15\\\/#website\",\"url\":\"https:\\\/\\\/www.quebakan.com\\\/v15\\\/\",\"name\":\"QUEBAKAN\",\"description\":\"..\",\"publisher\":{\"@id\":\"https:\\\/\\\/www.quebakan.com\\\/v15\\\/#organization\"},\"potentialAction\":[{\"@type\":\"SearchAction\",\"target\":{\"@type\":\"EntryPoint\",\"urlTemplate\":\"https:\\\/\\\/www.quebakan.com\\\/v15\\\/?s={search_term_string}\"},\"query-input\":{\"@type\":\"PropertyValueSpecification\",\"valueRequired\":true,\"valueName\":\"search_term_string\"}}],\"inLanguage\":\"es\"},{\"@type\":\"Organization\",\"@id\":\"https:\\\/\\\/www.quebakan.com\\\/v15\\\/#organization\",\"name\":\"Quebakan.com\",\"url\":\"https:\\\/\\\/www.quebakan.com\\\/v15\\\/\",\"logo\":{\"@type\":\"ImageObject\",\"inLanguage\":\"es\",\"@id\":\"https:\\\/\\\/www.quebakan.com\\\/v15\\\/#\\\/schema\\\/logo\\\/image\\\/\",\"url\":\"https:\\\/\\\/www.quebakan.com\\\/v15\\\/wp-content\\\/uploads\\\/2023\\\/07\\\/logoquebakanenero2021.jpg\",\"contentUrl\":\"https:\\\/\\\/www.quebakan.com\\\/v15\\\/wp-content\\\/uploads\\\/2023\\\/07\\\/logoquebakanenero2021.jpg\",\"width\":1920,\"height\":1080,\"caption\":\"Quebakan.com\"},\"image\":{\"@id\":\"https:\\\/\\\/www.quebakan.com\\\/v15\\\/#\\\/schema\\\/logo\\\/image\\\/\"},\"sameAs\":[\"http:\\\/\\\/www.facebook.com\\\/quebakan\",\"https:\\\/\\\/x.com\\\/quebakanec\",\"http:\\\/\\\/www.instagram.com\\\/quebakan\",\"http:\\\/\\\/www.youtube.com\\\/quebakan1\"]},{\"@type\":\"Person\",\"@id\":\"https:\\\/\\\/www.quebakan.com\\\/v15\\\/#\\\/schema\\\/person\\\/d90fa9f9cfa81eb8ace9811e5b7b9118\",\"name\":\"Erick Villafuerte\",\"image\":{\"@type\":\"ImageObject\",\"inLanguage\":\"es\",\"@id\":\"https:\\\/\\\/www.quebakan.com\\\/v15\\\/wp-content\\\/uploads\\\/avatars\\\/4\\\/1731297654-bpfull.png\",\"url\":\"https:\\\/\\\/www.quebakan.com\\\/v15\\\/wp-content\\\/uploads\\\/avatars\\\/4\\\/1731297654-bpfull.png\",\"contentUrl\":\"https:\\\/\\\/www.quebakan.com\\\/v15\\\/wp-content\\\/uploads\\\/avatars\\\/4\\\/1731297654-bpfull.png\",\"caption\":\"Erick Villafuerte\"}}]}<\/script>\n<!-- \/ Yoast SEO plugin. -->","yoast_head_json":{"title":"Mi Nueva Yo\u201d: una jornada que devuelve fuerza y belleza a mujeres en proceso oncol\u00f3gico &#8211; QUEBAKAN.COM 2026: Noticias, Eventos, Conciertos y mucho m\u00e1s....","robots":{"index":"index","follow":"follow","max-snippet":"max-snippet:-1","max-image-preview":"max-image-preview:large","max-video-preview":"max-video-preview:-1"},"canonical":"https:\/\/www.quebakan.com\/v15\/mi-nueva-yo-una-jornada-que-devuelve-fuerza-y-belleza-a-mujeres-en-proceso-oncologico\/","og_locale":"es_ES","og_type":"article","og_title":"Mi Nueva Yo\u201d: una jornada que devuelve fuerza y belleza a mujeres en proceso oncol\u00f3gico &#8211; QUEBAKAN.COM 2026: Noticias, Eventos, Conciertos y mucho m\u00e1s....","og_description":"Guayaquil, octubre de 2025. En el marco del D\u00eda Mundial de la Lucha contra el C\u00e1ncer de Mama, que se conmemora cada 19 de octubre, se desarrollar\u00e1 el evento \u201cMi Nueva Yo: M\u00e1s Fuerte, M\u00e1s Hermosa\u201d, una jornada gratuita de transformaci\u00f3n emocional, est\u00e9tica y espiritual que reunir\u00e1 a m\u00e1s de 50 mujeres que enfrentan o [&hellip;]","og_url":"https:\/\/www.quebakan.com\/v15\/mi-nueva-yo-una-jornada-que-devuelve-fuerza-y-belleza-a-mujeres-en-proceso-oncologico\/","og_site_name":"QUEBAKAN.COM 2026: Noticias, Eventos, Conciertos y mucho m\u00e1s....","article_publisher":"http:\/\/www.facebook.com\/quebakan","article_published_time":"2025-10-18T00:15:03+00:00","og_image":[{"width":525,"height":700,"url":"https:\/\/www.quebakan.com\/v15\/wp-content\/uploads\/2025\/10\/98d81bb4-7e2a-4b31-8eae-03686e3747de.jpg","type":"image\/jpeg"}],"author":"Erick Villafuerte","twitter_card":"summary_large_image","twitter_creator":"@quebakanec","twitter_site":"@quebakanec","twitter_misc":{"Escrito por":"Erick Villafuerte","Tiempo de lectura":"4 minutos"},"schema":{"@context":"https:\/\/schema.org","@graph":[{"@type":"Article","@id":"https:\/\/www.quebakan.com\/v15\/mi-nueva-yo-una-jornada-que-devuelve-fuerza-y-belleza-a-mujeres-en-proceso-oncologico\/#article","isPartOf":{"@id":"https:\/\/www.quebakan.com\/v15\/mi-nueva-yo-una-jornada-que-devuelve-fuerza-y-belleza-a-mujeres-en-proceso-oncologico\/"},"author":{"name":"Erick Villafuerte","@id":"https:\/\/www.quebakan.com\/v15\/#\/schema\/person\/d90fa9f9cfa81eb8ace9811e5b7b9118"},"headline":"Mi Nueva Yo\u201d: una jornada que devuelve fuerza y belleza a mujeres en proceso oncol\u00f3gico","datePublished":"2025-10-18T00:15:03+00:00","mainEntityOfPage":{"@id":"https:\/\/www.quebakan.com\/v15\/mi-nueva-yo-una-jornada-que-devuelve-fuerza-y-belleza-a-mujeres-en-proceso-oncologico\/"},"wordCount":498,"publisher":{"@id":"https:\/\/www.quebakan.com\/v15\/#organization"},"image":{"@id":"https:\/\/www.quebakan.com\/v15\/mi-nueva-yo-una-jornada-que-devuelve-fuerza-y-belleza-a-mujeres-en-proceso-oncologico\/#primaryimage"},"thumbnailUrl":"https:\/\/www.quebakan.com\/v15\/wp-content\/uploads\/2025\/10\/98d81bb4-7e2a-4b31-8eae-03686e3747de.jpg","articleSection":["Noticias"],"inLanguage":"es"},{"@type":"WebPage","@id":"https:\/\/www.quebakan.com\/v15\/mi-nueva-yo-una-jornada-que-devuelve-fuerza-y-belleza-a-mujeres-en-proceso-oncologico\/","url":"https:\/\/www.quebakan.com\/v15\/mi-nueva-yo-una-jornada-que-devuelve-fuerza-y-belleza-a-mujeres-en-proceso-oncologico\/","name":"Mi Nueva Yo\u201d: una jornada que devuelve fuerza y belleza a mujeres en proceso oncol\u00f3gico &#8211; QUEBAKAN.COM 2026: Noticias, Eventos, Conciertos y mucho m\u00e1s....","isPartOf":{"@id":"https:\/\/www.quebakan.com\/v15\/#website"},"primaryImageOfPage":{"@id":"https:\/\/www.quebakan.com\/v15\/mi-nueva-yo-una-jornada-que-devuelve-fuerza-y-belleza-a-mujeres-en-proceso-oncologico\/#primaryimage"},"image":{"@id":"https:\/\/www.quebakan.com\/v15\/mi-nueva-yo-una-jornada-que-devuelve-fuerza-y-belleza-a-mujeres-en-proceso-oncologico\/#primaryimage"},"thumbnailUrl":"https:\/\/www.quebakan.com\/v15\/wp-content\/uploads\/2025\/10\/98d81bb4-7e2a-4b31-8eae-03686e3747de.jpg","datePublished":"2025-10-18T00:15:03+00:00","breadcrumb":{"@id":"https:\/\/www.quebakan.com\/v15\/mi-nueva-yo-una-jornada-que-devuelve-fuerza-y-belleza-a-mujeres-en-proceso-oncologico\/#breadcrumb"},"inLanguage":"es","potentialAction":[{"@type":"ReadAction","target":["https:\/\/www.quebakan.com\/v15\/mi-nueva-yo-una-jornada-que-devuelve-fuerza-y-belleza-a-mujeres-en-proceso-oncologico\/"]}]},{"@type":"ImageObject","inLanguage":"es","@id":"https:\/\/www.quebakan.com\/v15\/mi-nueva-yo-una-jornada-que-devuelve-fuerza-y-belleza-a-mujeres-en-proceso-oncologico\/#primaryimage","url":"https:\/\/www.quebakan.com\/v15\/wp-content\/uploads\/2025\/10\/98d81bb4-7e2a-4b31-8eae-03686e3747de.jpg","contentUrl":"https:\/\/www.quebakan.com\/v15\/wp-content\/uploads\/2025\/10\/98d81bb4-7e2a-4b31-8eae-03686e3747de.jpg","width":525,"height":700},{"@type":"BreadcrumbList","@id":"https:\/\/www.quebakan.com\/v15\/mi-nueva-yo-una-jornada-que-devuelve-fuerza-y-belleza-a-mujeres-en-proceso-oncologico\/#breadcrumb","itemListElement":[{"@type":"ListItem","position":1,"name":"Portada","item":"https:\/\/www.quebakan.com\/v15\/"},{"@type":"ListItem","position":2,"name":"Mi Nueva Yo\u201d: una jornada que devuelve fuerza y belleza a mujeres en proceso oncol\u00f3gico"}]},{"@type":"WebSite","@id":"https:\/\/www.quebakan.com\/v15\/#website","url":"https:\/\/www.quebakan.com\/v15\/","name":"QUEBAKAN","description":"..","publisher":{"@id":"https:\/\/www.quebakan.com\/v15\/#organization"},"potentialAction":[{"@type":"SearchAction","target":{"@type":"EntryPoint","urlTemplate":"https:\/\/www.quebakan.com\/v15\/?s={search_term_string}"},"query-input":{"@type":"PropertyValueSpecification","valueRequired":true,"valueName":"search_term_string"}}],"inLanguage":"es"},{"@type":"Organization","@id":"https:\/\/www.quebakan.com\/v15\/#organization","name":"Quebakan.com","url":"https:\/\/www.quebakan.com\/v15\/","logo":{"@type":"ImageObject","inLanguage":"es","@id":"https:\/\/www.quebakan.com\/v15\/#\/schema\/logo\/image\/","url":"https:\/\/www.quebakan.com\/v15\/wp-content\/uploads\/2023\/07\/logoquebakanenero2021.jpg","contentUrl":"https:\/\/www.quebakan.com\/v15\/wp-content\/uploads\/2023\/07\/logoquebakanenero2021.jpg","width":1920,"height":1080,"caption":"Quebakan.com"},"image":{"@id":"https:\/\/www.quebakan.com\/v15\/#\/schema\/logo\/image\/"},"sameAs":["http:\/\/www.facebook.com\/quebakan","https:\/\/x.com\/quebakanec","http:\/\/www.instagram.com\/quebakan","http:\/\/www.youtube.com\/quebakan1"]},{"@type":"Person","@id":"https:\/\/www.quebakan.com\/v15\/#\/schema\/person\/d90fa9f9cfa81eb8ace9811e5b7b9118","name":"Erick Villafuerte","image":{"@type":"ImageObject","inLanguage":"es","@id":"https:\/\/www.quebakan.com\/v15\/wp-content\/uploads\/avatars\/4\/1731297654-bpfull.png","url":"https:\/\/www.quebakan.com\/v15\/wp-content\/uploads\/avatars\/4\/1731297654-bpfull.png","contentUrl":"https:\/\/www.quebakan.com\/v15\/wp-content\/uploads\/avatars\/4\/1731297654-bpfull.png","caption":"Erick Villafuerte"}}]}},"_links":{"self":[{"href":"https:\/\/www.quebakan.com\/v15\/wp-json\/wp\/v2\/posts\/136452","targetHints":{"allow":["GET"]}}],"collection":[{"href":"https:\/\/www.quebakan.com\/v15\/wp-json\/wp\/v2\/posts"}],"about":[{"href":"https:\/\/www.quebakan.com\/v15\/wp-json\/wp\/v2\/types\/post"}],"author":[{"embeddable":true,"href":"https:\/\/www.quebakan.com\/v15\/wp-json\/wp\/v2\/users\/4"}],"replies":[{"embeddable":true,"href":"https:\/\/www.quebakan.com\/v15\/wp-json\/wp\/v2\/comments?post=136452"}],"version-history":[{"count":1,"href":"https:\/\/www.quebakan.com\/v15\/wp-json\/wp\/v2\/posts\/136452\/revisions"}],"predecessor-version":[{"id":136459,"href":"https:\/\/www.quebakan.com\/v15\/wp-json\/wp\/v2\/posts\/136452\/revisions\/136459"}],"wp:featuredmedia":[{"embeddable":true,"href":"https:\/\/www.quebakan.com\/v15\/wp-json\/wp\/v2\/media\/136453"}],"wp:attachment":[{"href":"https:\/\/www.quebakan.com\/v15\/wp-json\/wp\/v2\/media?parent=136452"}],"wp:term":[{"taxonomy":"category","embeddable":true,"href":"https:\/\/www.quebakan.com\/v15\/wp-json\/wp\/v2\/categories?post=136452"},{"taxonomy":"post_tag","embeddable":true,"href":"https:\/\/www.quebakan.com\/v15\/wp-json\/wp\/v2\/tags?post=136452"}],"curies":[{"name":"wp","href":"https:\/\/api.w.org\/{rel}","templated":true}]}}