{"id":136460,"date":"2025-10-17T19:59:28","date_gmt":"2025-10-18T00:59:28","guid":{"rendered":"https:\/\/www.quebakan.com\/v15\/?p=136460"},"modified":"2025-10-17T19:59:28","modified_gmt":"2025-10-18T00:59:28","slug":"la-promotora-inmobiliaria-proano-proano-recibe-el-premio-constructora-top-en-la-expoconstruccion-2025","status":"publish","type":"post","link":"https:\/\/www.quebakan.com\/v15\/la-promotora-inmobiliaria-proano-proano-recibe-el-premio-constructora-top-en-la-expoconstruccion-2025\/","title":{"rendered":"La Promotora Inmobiliaria Proa\u00f1o | Proa\u00f1o recibe el premio \u201cConstructora Top\u201d en la ExpoConstrucci\u00f3n 2025"},"content":{"rendered":"<p><img fetchpriority=\"high\" decoding=\"async\" class=\"aligncenter size-full wp-image-136461\" src=\"https:\/\/www.quebakan.com\/v15\/wp-content\/uploads\/2025\/10\/IMG_8019-2.jpg\" alt=\"\" width=\"525\" height=\"700\" \/><\/p>\n<p style=\"text-align: center;\"><span style=\"color: #000000;\"><strong><em>En la foto: <\/em><\/strong><em>Bel\u00e9n Proa\u00f1o y Joan Proa\u00f1o<\/em><\/span><\/p>\n<p style=\"text-align: justify;\"><span style=\"color: #000000;\"><strong>Quito, octubre de 2025.\u2013<\/strong> En el marco de la ExpoConstrucci\u00f3n 2025, se celebr\u00f3 una nueva edici\u00f3n de la tradicional ceremonia de reconocimientos a las constructoras m\u00e1s destacadas de la capital. El evento, realizado el pasado 15 de octubre en el Centro de Convenciones Metropolitano de Quito, tuvo como objetivo resaltar la gesti\u00f3n empresarial, la innovaci\u00f3n y el impacto urbano de las principales firmas del sector inmobiliario.<\/span><\/p>\n<p style=\"text-align: justify;\"><span style=\"color: #000000;\">Desde hace m\u00e1s de tres d\u00e9cadas, Grupo Ekos ha consolidado su liderazgo en la generaci\u00f3n de conocimiento y en la creaci\u00f3n de espacios de encuentro que impulsan el desarrollo empresarial del pa\u00eds. A trav\u00e9s de estudios, investigaciones y rankings especializados, la firma promueve las mejores pr\u00e1cticas de gesti\u00f3n y fomenta la competitividad de las empresas ecuatorianas.<\/span><\/p>\n<p style=\"text-align: justify;\"><span style=\"color: #000000;\">En esta edici\u00f3n, la Promotora Inmobiliaria Proa\u00f1o | Proa\u00f1o fue distinguida con el premio \u201cConstructora Top\u201d en la categor\u00eda de Casas en la zona Cumbay\u00e1\u2013Tumbaco, tras alcanzar 16.040 m\u00b2 construidos, seg\u00fan los datos del estudio MarketWatch. Este reconocimiento la posiciona entre las compa\u00f1\u00edas m\u00e1s s\u00f3lidas, innovadoras y activas del sector inmobiliario de Quito.<\/span><\/p>\n<p style=\"text-align: justify;\"><span style=\"color: #000000;\">Durante el evento, Joan Proa\u00f1o, CEO de Proa\u00f1o | Proa\u00f1o, destac\u00f3 la importancia de este reconocimiento como un reflejo del compromiso de la empresa con la calidad y la sostenibilidad en cada uno de sus proyectos.<\/span><\/p>\n<p style=\"text-align: justify;\"><span style=\"color: #000000;\"><em>\u201cEste premio es el resultado del trabajo de un equipo apasionado que cree en construir m\u00e1s que viviendas; espacios que mejoran la calidad de vida de las familias y aportan al desarrollo urbano responsable de Quito. Nos motiva a seguir innovando y a mantenernos firmes en nuestra visi\u00f3n de crecimiento sostenible\u201d,<\/em> se\u00f1al\u00f3 Proa\u00f1o.<\/span><\/p>\n<p style=\"text-align: justify;\"><span style=\"color: #000000;\">La ceremonia se desarroll\u00f3 en el marco de un desayuno ejecutivo que reuni\u00f3 a representantes de las principales constructoras, desarrolladores inmobiliarios, gremios profesionales, medios de comunicaci\u00f3n y autoridades del sector p\u00fablico y privado vinculadas al \u00e1mbito urbano y empresarial.<\/span><\/p>\n<p style=\"text-align: justify;\"><span style=\"color: #000000;\">Con esta distinci\u00f3n, Proa\u00f1o | Proa\u00f1o reafirma su compromiso con la excelencia y la innovaci\u00f3n, consolid\u00e1ndose como un referente del desarrollo inmobiliario en la capital.<\/span><\/p>\n","protected":false},"excerpt":{"rendered":"<p>En la foto: Bel\u00e9n Proa\u00f1o y Joan Proa\u00f1o Quito, octubre de 2025.\u2013 En el marco de la ExpoConstrucci\u00f3n 2025, se celebr\u00f3 una nueva edici\u00f3n de la tradicional ceremonia de reconocimientos a las constructoras m\u00e1s destacadas de la capital. El evento, realizado el pasado 15 de octubre en el Centro de Convenciones Metropolitano de Quito, tuvo [&hellip;]<\/p>\n","protected":false},"author":4,"featured_media":136461,"comment_status":"closed","ping_status":"closed","sticky":false,"template":"","format":"standard","meta":{"_bbp_topic_count":0,"_bbp_reply_count":0,"_bbp_total_topic_count":0,"_bbp_total_reply_count":0,"_bbp_voice_count":0,"_bbp_anonymous_reply_count":0,"_bbp_topic_count_hidden":0,"_bbp_reply_count_hidden":0,"_bbp_forum_subforum_count":0,"buzzeditor_post_format":"","footnotes":""},"categories":[2],"tags":[],"class_list":["post-136460","post","type-post","status-publish","format-standard","has-post-thumbnail","hentry","category-noticias"],"yoast_head":"<!-- This site is optimized with the Yoast SEO plugin v27.5 - https:\/\/yoast.com\/product\/yoast-seo-wordpress\/ -->\n<title>La Promotora Inmobiliaria Proa\u00f1o | Proa\u00f1o recibe el premio \u201cConstructora Top\u201d en la ExpoConstrucci\u00f3n 2025 &#8211; QUEBAKAN.COM 2026: Noticias, Eventos, Conciertos y mucho m\u00e1s....<\/title>\n<meta name=\"robots\" content=\"index, follow, max-snippet:-1, max-image-preview:large, max-video-preview:-1\" \/>\n<link rel=\"canonical\" href=\"https:\/\/www.quebakan.com\/v15\/la-promotora-inmobiliaria-proano-proano-recibe-el-premio-constructora-top-en-la-expoconstruccion-2025\/\" \/>\n<meta property=\"og:locale\" content=\"es_ES\" \/>\n<meta property=\"og:type\" content=\"article\" \/>\n<meta property=\"og:title\" content=\"La Promotora Inmobiliaria Proa\u00f1o | Proa\u00f1o recibe el premio \u201cConstructora Top\u201d en la ExpoConstrucci\u00f3n 2025 &#8211; QUEBAKAN.COM 2026: Noticias, Eventos, Conciertos y mucho m\u00e1s....\" \/>\n<meta property=\"og:description\" content=\"En la foto: Bel\u00e9n Proa\u00f1o y Joan Proa\u00f1o Quito, octubre de 2025.\u2013 En el marco de la ExpoConstrucci\u00f3n 2025, se celebr\u00f3 una nueva edici\u00f3n de la tradicional ceremonia de reconocimientos a las constructoras m\u00e1s destacadas de la capital. El evento, realizado el pasado 15 de octubre en el Centro de Convenciones Metropolitano de Quito, tuvo [&hellip;]\" \/>\n<meta property=\"og:url\" content=\"https:\/\/www.quebakan.com\/v15\/la-promotora-inmobiliaria-proano-proano-recibe-el-premio-constructora-top-en-la-expoconstruccion-2025\/\" \/>\n<meta property=\"og:site_name\" content=\"QUEBAKAN.COM 2026: Noticias, Eventos, Conciertos y mucho m\u00e1s....\" \/>\n<meta property=\"article:publisher\" content=\"http:\/\/www.facebook.com\/quebakan\" \/>\n<meta property=\"article:published_time\" content=\"2025-10-18T00:59:28+00:00\" \/>\n<meta property=\"og:image\" content=\"https:\/\/www.quebakan.com\/v15\/wp-content\/uploads\/2025\/10\/IMG_8019-2.jpg\" \/>\n\t<meta property=\"og:image:width\" content=\"525\" \/>\n\t<meta property=\"og:image:height\" content=\"700\" \/>\n\t<meta property=\"og:image:type\" content=\"image\/jpeg\" \/>\n<meta name=\"author\" content=\"Erick Villafuerte\" \/>\n<meta name=\"twitter:card\" content=\"summary_large_image\" \/>\n<meta name=\"twitter:creator\" content=\"@quebakanec\" \/>\n<meta name=\"twitter:site\" content=\"@quebakanec\" \/>\n<meta name=\"twitter:label1\" content=\"Escrito por\" \/>\n\t<meta name=\"twitter:data1\" content=\"Erick Villafuerte\" \/>\n\t<meta name=\"twitter:label2\" content=\"Tiempo de lectura\" \/>\n\t<meta name=\"twitter:data2\" content=\"2 minutos\" \/>\n<script type=\"application\/ld+json\" class=\"yoast-schema-graph\">{\"@context\":\"https:\\\/\\\/schema.org\",\"@graph\":[{\"@type\":\"Article\",\"@id\":\"https:\\\/\\\/www.quebakan.com\\\/v15\\\/la-promotora-inmobiliaria-proano-proano-recibe-el-premio-constructora-top-en-la-expoconstruccion-2025\\\/#article\",\"isPartOf\":{\"@id\":\"https:\\\/\\\/www.quebakan.com\\\/v15\\\/la-promotora-inmobiliaria-proano-proano-recibe-el-premio-constructora-top-en-la-expoconstruccion-2025\\\/\"},\"author\":{\"name\":\"Erick Villafuerte\",\"@id\":\"https:\\\/\\\/www.quebakan.com\\\/v15\\\/#\\\/schema\\\/person\\\/d90fa9f9cfa81eb8ace9811e5b7b9118\"},\"headline\":\"La Promotora Inmobiliaria Proa\u00f1o | Proa\u00f1o recibe el premio \u201cConstructora Top\u201d en la ExpoConstrucci\u00f3n 2025\",\"datePublished\":\"2025-10-18T00:59:28+00:00\",\"mainEntityOfPage\":{\"@id\":\"https:\\\/\\\/www.quebakan.com\\\/v15\\\/la-promotora-inmobiliaria-proano-proano-recibe-el-premio-constructora-top-en-la-expoconstruccion-2025\\\/\"},\"wordCount\":384,\"publisher\":{\"@id\":\"https:\\\/\\\/www.quebakan.com\\\/v15\\\/#organization\"},\"image\":{\"@id\":\"https:\\\/\\\/www.quebakan.com\\\/v15\\\/la-promotora-inmobiliaria-proano-proano-recibe-el-premio-constructora-top-en-la-expoconstruccion-2025\\\/#primaryimage\"},\"thumbnailUrl\":\"https:\\\/\\\/www.quebakan.com\\\/v15\\\/wp-content\\\/uploads\\\/2025\\\/10\\\/IMG_8019-2.jpg\",\"articleSection\":[\"Noticias\"],\"inLanguage\":\"es\"},{\"@type\":\"WebPage\",\"@id\":\"https:\\\/\\\/www.quebakan.com\\\/v15\\\/la-promotora-inmobiliaria-proano-proano-recibe-el-premio-constructora-top-en-la-expoconstruccion-2025\\\/\",\"url\":\"https:\\\/\\\/www.quebakan.com\\\/v15\\\/la-promotora-inmobiliaria-proano-proano-recibe-el-premio-constructora-top-en-la-expoconstruccion-2025\\\/\",\"name\":\"La Promotora Inmobiliaria Proa\u00f1o | Proa\u00f1o recibe el premio \u201cConstructora Top\u201d en la ExpoConstrucci\u00f3n 2025 &#8211; QUEBAKAN.COM 2026: Noticias, Eventos, Conciertos y mucho m\u00e1s....\",\"isPartOf\":{\"@id\":\"https:\\\/\\\/www.quebakan.com\\\/v15\\\/#website\"},\"primaryImageOfPage\":{\"@id\":\"https:\\\/\\\/www.quebakan.com\\\/v15\\\/la-promotora-inmobiliaria-proano-proano-recibe-el-premio-constructora-top-en-la-expoconstruccion-2025\\\/#primaryimage\"},\"image\":{\"@id\":\"https:\\\/\\\/www.quebakan.com\\\/v15\\\/la-promotora-inmobiliaria-proano-proano-recibe-el-premio-constructora-top-en-la-expoconstruccion-2025\\\/#primaryimage\"},\"thumbnailUrl\":\"https:\\\/\\\/www.quebakan.com\\\/v15\\\/wp-content\\\/uploads\\\/2025\\\/10\\\/IMG_8019-2.jpg\",\"datePublished\":\"2025-10-18T00:59:28+00:00\",\"breadcrumb\":{\"@id\":\"https:\\\/\\\/www.quebakan.com\\\/v15\\\/la-promotora-inmobiliaria-proano-proano-recibe-el-premio-constructora-top-en-la-expoconstruccion-2025\\\/#breadcrumb\"},\"inLanguage\":\"es\",\"potentialAction\":[{\"@type\":\"ReadAction\",\"target\":[\"https:\\\/\\\/www.quebakan.com\\\/v15\\\/la-promotora-inmobiliaria-proano-proano-recibe-el-premio-constructora-top-en-la-expoconstruccion-2025\\\/\"]}]},{\"@type\":\"ImageObject\",\"inLanguage\":\"es\",\"@id\":\"https:\\\/\\\/www.quebakan.com\\\/v15\\\/la-promotora-inmobiliaria-proano-proano-recibe-el-premio-constructora-top-en-la-expoconstruccion-2025\\\/#primaryimage\",\"url\":\"https:\\\/\\\/www.quebakan.com\\\/v15\\\/wp-content\\\/uploads\\\/2025\\\/10\\\/IMG_8019-2.jpg\",\"contentUrl\":\"https:\\\/\\\/www.quebakan.com\\\/v15\\\/wp-content\\\/uploads\\\/2025\\\/10\\\/IMG_8019-2.jpg\",\"width\":525,\"height\":700},{\"@type\":\"BreadcrumbList\",\"@id\":\"https:\\\/\\\/www.quebakan.com\\\/v15\\\/la-promotora-inmobiliaria-proano-proano-recibe-el-premio-constructora-top-en-la-expoconstruccion-2025\\\/#breadcrumb\",\"itemListElement\":[{\"@type\":\"ListItem\",\"position\":1,\"name\":\"Portada\",\"item\":\"https:\\\/\\\/www.quebakan.com\\\/v15\\\/\"},{\"@type\":\"ListItem\",\"position\":2,\"name\":\"La Promotora Inmobiliaria Proa\u00f1o | Proa\u00f1o recibe el premio \u201cConstructora Top\u201d en la ExpoConstrucci\u00f3n 2025\"}]},{\"@type\":\"WebSite\",\"@id\":\"https:\\\/\\\/www.quebakan.com\\\/v15\\\/#website\",\"url\":\"https:\\\/\\\/www.quebakan.com\\\/v15\\\/\",\"name\":\"QUEBAKAN\",\"description\":\"..\",\"publisher\":{\"@id\":\"https:\\\/\\\/www.quebakan.com\\\/v15\\\/#organization\"},\"potentialAction\":[{\"@type\":\"SearchAction\",\"target\":{\"@type\":\"EntryPoint\",\"urlTemplate\":\"https:\\\/\\\/www.quebakan.com\\\/v15\\\/?s={search_term_string}\"},\"query-input\":{\"@type\":\"PropertyValueSpecification\",\"valueRequired\":true,\"valueName\":\"search_term_string\"}}],\"inLanguage\":\"es\"},{\"@type\":\"Organization\",\"@id\":\"https:\\\/\\\/www.quebakan.com\\\/v15\\\/#organization\",\"name\":\"Quebakan.com\",\"url\":\"https:\\\/\\\/www.quebakan.com\\\/v15\\\/\",\"logo\":{\"@type\":\"ImageObject\",\"inLanguage\":\"es\",\"@id\":\"https:\\\/\\\/www.quebakan.com\\\/v15\\\/#\\\/schema\\\/logo\\\/image\\\/\",\"url\":\"https:\\\/\\\/www.quebakan.com\\\/v15\\\/wp-content\\\/uploads\\\/2023\\\/07\\\/logoquebakanenero2021.jpg\",\"contentUrl\":\"https:\\\/\\\/www.quebakan.com\\\/v15\\\/wp-content\\\/uploads\\\/2023\\\/07\\\/logoquebakanenero2021.jpg\",\"width\":1920,\"height\":1080,\"caption\":\"Quebakan.com\"},\"image\":{\"@id\":\"https:\\\/\\\/www.quebakan.com\\\/v15\\\/#\\\/schema\\\/logo\\\/image\\\/\"},\"sameAs\":[\"http:\\\/\\\/www.facebook.com\\\/quebakan\",\"https:\\\/\\\/x.com\\\/quebakanec\",\"http:\\\/\\\/www.instagram.com\\\/quebakan\",\"http:\\\/\\\/www.youtube.com\\\/quebakan1\"]},{\"@type\":\"Person\",\"@id\":\"https:\\\/\\\/www.quebakan.com\\\/v15\\\/#\\\/schema\\\/person\\\/d90fa9f9cfa81eb8ace9811e5b7b9118\",\"name\":\"Erick Villafuerte\",\"image\":{\"@type\":\"ImageObject\",\"inLanguage\":\"es\",\"@id\":\"https:\\\/\\\/www.quebakan.com\\\/v15\\\/wp-content\\\/uploads\\\/avatars\\\/4\\\/1731297654-bpfull.png\",\"url\":\"https:\\\/\\\/www.quebakan.com\\\/v15\\\/wp-content\\\/uploads\\\/avatars\\\/4\\\/1731297654-bpfull.png\",\"contentUrl\":\"https:\\\/\\\/www.quebakan.com\\\/v15\\\/wp-content\\\/uploads\\\/avatars\\\/4\\\/1731297654-bpfull.png\",\"caption\":\"Erick Villafuerte\"}}]}<\/script>\n<!-- \/ Yoast SEO plugin. -->","yoast_head_json":{"title":"La Promotora Inmobiliaria Proa\u00f1o | Proa\u00f1o recibe el premio \u201cConstructora Top\u201d en la ExpoConstrucci\u00f3n 2025 &#8211; QUEBAKAN.COM 2026: Noticias, Eventos, Conciertos y mucho m\u00e1s....","robots":{"index":"index","follow":"follow","max-snippet":"max-snippet:-1","max-image-preview":"max-image-preview:large","max-video-preview":"max-video-preview:-1"},"canonical":"https:\/\/www.quebakan.com\/v15\/la-promotora-inmobiliaria-proano-proano-recibe-el-premio-constructora-top-en-la-expoconstruccion-2025\/","og_locale":"es_ES","og_type":"article","og_title":"La Promotora Inmobiliaria Proa\u00f1o | Proa\u00f1o recibe el premio \u201cConstructora Top\u201d en la ExpoConstrucci\u00f3n 2025 &#8211; QUEBAKAN.COM 2026: Noticias, Eventos, Conciertos y mucho m\u00e1s....","og_description":"En la foto: Bel\u00e9n Proa\u00f1o y Joan Proa\u00f1o Quito, octubre de 2025.\u2013 En el marco de la ExpoConstrucci\u00f3n 2025, se celebr\u00f3 una nueva edici\u00f3n de la tradicional ceremonia de reconocimientos a las constructoras m\u00e1s destacadas de la capital. El evento, realizado el pasado 15 de octubre en el Centro de Convenciones Metropolitano de Quito, tuvo [&hellip;]","og_url":"https:\/\/www.quebakan.com\/v15\/la-promotora-inmobiliaria-proano-proano-recibe-el-premio-constructora-top-en-la-expoconstruccion-2025\/","og_site_name":"QUEBAKAN.COM 2026: Noticias, Eventos, Conciertos y mucho m\u00e1s....","article_publisher":"http:\/\/www.facebook.com\/quebakan","article_published_time":"2025-10-18T00:59:28+00:00","og_image":[{"width":525,"height":700,"url":"https:\/\/www.quebakan.com\/v15\/wp-content\/uploads\/2025\/10\/IMG_8019-2.jpg","type":"image\/jpeg"}],"author":"Erick Villafuerte","twitter_card":"summary_large_image","twitter_creator":"@quebakanec","twitter_site":"@quebakanec","twitter_misc":{"Escrito por":"Erick Villafuerte","Tiempo de lectura":"2 minutos"},"schema":{"@context":"https:\/\/schema.org","@graph":[{"@type":"Article","@id":"https:\/\/www.quebakan.com\/v15\/la-promotora-inmobiliaria-proano-proano-recibe-el-premio-constructora-top-en-la-expoconstruccion-2025\/#article","isPartOf":{"@id":"https:\/\/www.quebakan.com\/v15\/la-promotora-inmobiliaria-proano-proano-recibe-el-premio-constructora-top-en-la-expoconstruccion-2025\/"},"author":{"name":"Erick Villafuerte","@id":"https:\/\/www.quebakan.com\/v15\/#\/schema\/person\/d90fa9f9cfa81eb8ace9811e5b7b9118"},"headline":"La Promotora Inmobiliaria Proa\u00f1o | Proa\u00f1o recibe el premio \u201cConstructora Top\u201d en la ExpoConstrucci\u00f3n 2025","datePublished":"2025-10-18T00:59:28+00:00","mainEntityOfPage":{"@id":"https:\/\/www.quebakan.com\/v15\/la-promotora-inmobiliaria-proano-proano-recibe-el-premio-constructora-top-en-la-expoconstruccion-2025\/"},"wordCount":384,"publisher":{"@id":"https:\/\/www.quebakan.com\/v15\/#organization"},"image":{"@id":"https:\/\/www.quebakan.com\/v15\/la-promotora-inmobiliaria-proano-proano-recibe-el-premio-constructora-top-en-la-expoconstruccion-2025\/#primaryimage"},"thumbnailUrl":"https:\/\/www.quebakan.com\/v15\/wp-content\/uploads\/2025\/10\/IMG_8019-2.jpg","articleSection":["Noticias"],"inLanguage":"es"},{"@type":"WebPage","@id":"https:\/\/www.quebakan.com\/v15\/la-promotora-inmobiliaria-proano-proano-recibe-el-premio-constructora-top-en-la-expoconstruccion-2025\/","url":"https:\/\/www.quebakan.com\/v15\/la-promotora-inmobiliaria-proano-proano-recibe-el-premio-constructora-top-en-la-expoconstruccion-2025\/","name":"La Promotora Inmobiliaria Proa\u00f1o | Proa\u00f1o recibe el premio \u201cConstructora Top\u201d en la ExpoConstrucci\u00f3n 2025 &#8211; QUEBAKAN.COM 2026: Noticias, Eventos, Conciertos y mucho m\u00e1s....","isPartOf":{"@id":"https:\/\/www.quebakan.com\/v15\/#website"},"primaryImageOfPage":{"@id":"https:\/\/www.quebakan.com\/v15\/la-promotora-inmobiliaria-proano-proano-recibe-el-premio-constructora-top-en-la-expoconstruccion-2025\/#primaryimage"},"image":{"@id":"https:\/\/www.quebakan.com\/v15\/la-promotora-inmobiliaria-proano-proano-recibe-el-premio-constructora-top-en-la-expoconstruccion-2025\/#primaryimage"},"thumbnailUrl":"https:\/\/www.quebakan.com\/v15\/wp-content\/uploads\/2025\/10\/IMG_8019-2.jpg","datePublished":"2025-10-18T00:59:28+00:00","breadcrumb":{"@id":"https:\/\/www.quebakan.com\/v15\/la-promotora-inmobiliaria-proano-proano-recibe-el-premio-constructora-top-en-la-expoconstruccion-2025\/#breadcrumb"},"inLanguage":"es","potentialAction":[{"@type":"ReadAction","target":["https:\/\/www.quebakan.com\/v15\/la-promotora-inmobiliaria-proano-proano-recibe-el-premio-constructora-top-en-la-expoconstruccion-2025\/"]}]},{"@type":"ImageObject","inLanguage":"es","@id":"https:\/\/www.quebakan.com\/v15\/la-promotora-inmobiliaria-proano-proano-recibe-el-premio-constructora-top-en-la-expoconstruccion-2025\/#primaryimage","url":"https:\/\/www.quebakan.com\/v15\/wp-content\/uploads\/2025\/10\/IMG_8019-2.jpg","contentUrl":"https:\/\/www.quebakan.com\/v15\/wp-content\/uploads\/2025\/10\/IMG_8019-2.jpg","width":525,"height":700},{"@type":"BreadcrumbList","@id":"https:\/\/www.quebakan.com\/v15\/la-promotora-inmobiliaria-proano-proano-recibe-el-premio-constructora-top-en-la-expoconstruccion-2025\/#breadcrumb","itemListElement":[{"@type":"ListItem","position":1,"name":"Portada","item":"https:\/\/www.quebakan.com\/v15\/"},{"@type":"ListItem","position":2,"name":"La Promotora Inmobiliaria Proa\u00f1o | Proa\u00f1o recibe el premio \u201cConstructora Top\u201d en la ExpoConstrucci\u00f3n 2025"}]},{"@type":"WebSite","@id":"https:\/\/www.quebakan.com\/v15\/#website","url":"https:\/\/www.quebakan.com\/v15\/","name":"QUEBAKAN","description":"..","publisher":{"@id":"https:\/\/www.quebakan.com\/v15\/#organization"},"potentialAction":[{"@type":"SearchAction","target":{"@type":"EntryPoint","urlTemplate":"https:\/\/www.quebakan.com\/v15\/?s={search_term_string}"},"query-input":{"@type":"PropertyValueSpecification","valueRequired":true,"valueName":"search_term_string"}}],"inLanguage":"es"},{"@type":"Organization","@id":"https:\/\/www.quebakan.com\/v15\/#organization","name":"Quebakan.com","url":"https:\/\/www.quebakan.com\/v15\/","logo":{"@type":"ImageObject","inLanguage":"es","@id":"https:\/\/www.quebakan.com\/v15\/#\/schema\/logo\/image\/","url":"https:\/\/www.quebakan.com\/v15\/wp-content\/uploads\/2023\/07\/logoquebakanenero2021.jpg","contentUrl":"https:\/\/www.quebakan.com\/v15\/wp-content\/uploads\/2023\/07\/logoquebakanenero2021.jpg","width":1920,"height":1080,"caption":"Quebakan.com"},"image":{"@id":"https:\/\/www.quebakan.com\/v15\/#\/schema\/logo\/image\/"},"sameAs":["http:\/\/www.facebook.com\/quebakan","https:\/\/x.com\/quebakanec","http:\/\/www.instagram.com\/quebakan","http:\/\/www.youtube.com\/quebakan1"]},{"@type":"Person","@id":"https:\/\/www.quebakan.com\/v15\/#\/schema\/person\/d90fa9f9cfa81eb8ace9811e5b7b9118","name":"Erick Villafuerte","image":{"@type":"ImageObject","inLanguage":"es","@id":"https:\/\/www.quebakan.com\/v15\/wp-content\/uploads\/avatars\/4\/1731297654-bpfull.png","url":"https:\/\/www.quebakan.com\/v15\/wp-content\/uploads\/avatars\/4\/1731297654-bpfull.png","contentUrl":"https:\/\/www.quebakan.com\/v15\/wp-content\/uploads\/avatars\/4\/1731297654-bpfull.png","caption":"Erick Villafuerte"}}]}},"_links":{"self":[{"href":"https:\/\/www.quebakan.com\/v15\/wp-json\/wp\/v2\/posts\/136460","targetHints":{"allow":["GET"]}}],"collection":[{"href":"https:\/\/www.quebakan.com\/v15\/wp-json\/wp\/v2\/posts"}],"about":[{"href":"https:\/\/www.quebakan.com\/v15\/wp-json\/wp\/v2\/types\/post"}],"author":[{"embeddable":true,"href":"https:\/\/www.quebakan.com\/v15\/wp-json\/wp\/v2\/users\/4"}],"replies":[{"embeddable":true,"href":"https:\/\/www.quebakan.com\/v15\/wp-json\/wp\/v2\/comments?post=136460"}],"version-history":[{"count":1,"href":"https:\/\/www.quebakan.com\/v15\/wp-json\/wp\/v2\/posts\/136460\/revisions"}],"predecessor-version":[{"id":136462,"href":"https:\/\/www.quebakan.com\/v15\/wp-json\/wp\/v2\/posts\/136460\/revisions\/136462"}],"wp:featuredmedia":[{"embeddable":true,"href":"https:\/\/www.quebakan.com\/v15\/wp-json\/wp\/v2\/media\/136461"}],"wp:attachment":[{"href":"https:\/\/www.quebakan.com\/v15\/wp-json\/wp\/v2\/media?parent=136460"}],"wp:term":[{"taxonomy":"category","embeddable":true,"href":"https:\/\/www.quebakan.com\/v15\/wp-json\/wp\/v2\/categories?post=136460"},{"taxonomy":"post_tag","embeddable":true,"href":"https:\/\/www.quebakan.com\/v15\/wp-json\/wp\/v2\/tags?post=136460"}],"curies":[{"name":"wp","href":"https:\/\/api.w.org\/{rel}","templated":true}]}}